{"id":9951,"date":"2016-04-19T14:09:57","date_gmt":"2016-04-19T13:09:57","guid":{"rendered":"https:\/\/www.quartier-waldacker.de\/?p=9951"},"modified":"2018-01-28T17:04:55","modified_gmt":"2018-01-28T16:04:55","slug":"selbst-miro-skeptiker-waren-vollauf-begeistert","status":"publish","type":"post","link":"https:\/\/www.quartier-waldacker.de\/?p=9951","title":{"rendered":"Selbst Miro-Skeptiker waren vollauf begeistert"},"content":{"rendered":"<p><strong><span style=\"font-size: 12pt; font-family: arial,helvetica,sans-serif;\">Ein Beitrag von Barbara Jungheinrich-H\u00f6hler<\/span><\/strong><\/p>\n<p><span style=\"font-size: 14pt; font-family: arial,helvetica,sans-serif;\">Die sachkundige und engagierte F\u00fchrung von Jutta Kraft durch die fulminante Ausstellung \u201eSturmfrauen\u201c in der Schirn \u00fcberzeugte uns Museumsfreunde der Quartiersgruppe Waldacker so sehr, dass wir spontan eine weitere F\u00fchrung durch die Miro-Ausstellung absprachen.<\/span><\/p>\n<figure id=\"attachment_9964\" aria-describedby=\"caption-attachment-9964\" style=\"width: 240px\" class=\"wp-caption alignleft\"><a href=\"https:\/\/i0.wp.com\/www.quartier-waldacker.de\/wp-content\/uploads\/2016\/04\/P1080176web.jpg?ssl=1\"><img data-recalc-dims=\"1\" loading=\"lazy\" decoding=\"async\" data-attachment-id=\"9964\" data-permalink=\"https:\/\/www.quartier-waldacker.de\/?attachment_id=9964#main\" data-orig-file=\"https:\/\/i0.wp.com\/www.quartier-waldacker.de\/wp-content\/uploads\/2016\/04\/P1080176web.jpg?fit=1280%2C721&amp;ssl=1\" data-orig-size=\"1280,721\" data-comments-opened=\"1\" data-image-meta=\"{&quot;aperture&quot;:&quot;0&quot;,&quot;credit&quot;:&quot;&quot;,&quot;camera&quot;:&quot;&quot;,&quot;caption&quot;:&quot;&quot;,&quot;created_timestamp&quot;:&quot;0&quot;,&quot;copyright&quot;:&quot;&quot;,&quot;focal_length&quot;:&quot;0&quot;,&quot;iso&quot;:&quot;0&quot;,&quot;shutter_speed&quot;:&quot;0&quot;,&quot;title&quot;:&quot;&quot;,&quot;orientation&quot;:&quot;0&quot;}\" data-image-title=\"P1080176web\" data-image-description=\"\" data-image-caption=\"\" data-large-file=\"https:\/\/i0.wp.com\/www.quartier-waldacker.de\/wp-content\/uploads\/2016\/04\/P1080176web.jpg?fit=1024%2C577&amp;ssl=1\" class=\"wp-image-9964\" src=\"https:\/\/i0.wp.com\/www.quartier-waldacker.de\/wp-content\/uploads\/2016\/04\/P1080176web.jpg?resize=250%2C141&#038;ssl=1\" alt=\"P1080176web\" width=\"250\" height=\"141\" srcset=\"https:\/\/i0.wp.com\/www.quartier-waldacker.de\/wp-content\/uploads\/2016\/04\/P1080176web.jpg?resize=300%2C169&amp;ssl=1 300w, https:\/\/i0.wp.com\/www.quartier-waldacker.de\/wp-content\/uploads\/2016\/04\/P1080176web.jpg?resize=768%2C433&amp;ssl=1 768w, https:\/\/i0.wp.com\/www.quartier-waldacker.de\/wp-content\/uploads\/2016\/04\/P1080176web.jpg?resize=1024%2C577&amp;ssl=1 1024w, https:\/\/i0.wp.com\/www.quartier-waldacker.de\/wp-content\/uploads\/2016\/04\/P1080176web.jpg?resize=128%2C72&amp;ssl=1 128w, https:\/\/i0.wp.com\/www.quartier-waldacker.de\/wp-content\/uploads\/2016\/04\/P1080176web.jpg?w=1280&amp;ssl=1 1280w\" sizes=\"auto, (max-width: 250px) 100vw, 250px\" \/><\/a><figcaption id=\"caption-attachment-9964\" class=\"wp-caption-text\">S-Bahn, Mitte Dietzenbach<\/figcaption><\/figure>\n<p><span style=\"font-size: 14pt; font-family: arial,helvetica,sans-serif;\">Am 30. M\u00e4rz ging es los. 7 Teilnehmer fuhren mit Tagesgruppenkarten per S-Bahn von Dietzenbach Mitte los. Wegen der Tunnelsperrung in Frankfurt war sorgf\u00e4ltige Recherche n\u00f6tig. Unvorhergesehen hielt aber der Museumsuferbus nicht am Museumsufer. Wir wussten uns zu helfen. Beherzt baten wir den Fahrer einer Stra\u00dfenbahn auf unseren Rollatorfahrer zu warten, so dass wir alle vergn\u00fcgt bei Miro in der Schirn anlangten. Wir erhielten alle einen Empf\u00e4nger am Ohr, damit jeder sich frei bewegen konnte und doch die Worte der F\u00fchrerin bestens verstand. Selbst Miro-Skeptiker kamen voll auf ihre Kosten. Alle lernten viel Neues und Spannendes kennen. Die Zeit verflog im Nu. Jutta Kraft \u00fcberzeugte wieder alle. Man einigte sich auf einen Ausklang in der nahen Gastst\u00e4tte Metropol. Die Fahrt zur Ausstellung \u201eManiera\u201c am 20. April 2016 im St\u00e4del wurde geplant bevor wir den Heimweg antraten.<br \/>\n <\/span><\/p>\n<p>&nbsp;<\/p>\n<div class=\"tiled-gallery type-rectangular tiled-gallery-unresized\" data-original-width=\"1200\" data-carousel-extra='{&quot;blog_id&quot;:1,&quot;permalink&quot;:&quot;https:\\\/\\\/www.quartier-waldacker.de\\\/?p=9951&quot;,&quot;likes_blog_id&quot;:42826531}' itemscope itemtype=\"http:\/\/schema.org\/ImageGallery\" > <div class=\"gallery-row\" style=\"width: 1200px; height: 194px;\" data-original-width=\"1200\" data-original-height=\"194\" > <div class=\"gallery-group images-1\" style=\"width: 342px; height: 194px;\" data-original-width=\"342\" data-original-height=\"194\" > <div class=\"tiled-gallery-item tiled-gallery-item-large\" itemprop=\"associatedMedia\" itemscope itemtype=\"http:\/\/schema.org\/ImageObject\"> <a href=\"https:\/\/www.quartier-waldacker.de\/?attachment_id=9959#main\" border=\"0\" itemprop=\"url\"> <meta itemprop=\"width\" content=\"338\"> <meta itemprop=\"height\" content=\"190\"> <img decoding=\"async\" class=\"\" data-attachment-id=\"9959\" data-orig-file=\"https:\/\/www.quartier-waldacker.de\/wp-content\/uploads\/2016\/04\/P1080200web.jpg\" data-orig-size=\"1280,721\" data-comments-opened=\"1\" data-image-meta=\"{&quot;aperture&quot;:&quot;0&quot;,&quot;credit&quot;:&quot;&quot;,&quot;camera&quot;:&quot;&quot;,&quot;caption&quot;:&quot;&quot;,&quot;created_timestamp&quot;:&quot;0&quot;,&quot;copyright&quot;:&quot;&quot;,&quot;focal_length&quot;:&quot;0&quot;,&quot;iso&quot;:&quot;0&quot;,&quot;shutter_speed&quot;:&quot;0&quot;,&quot;title&quot;:&quot;&quot;,&quot;orientation&quot;:&quot;0&quot;}\" data-image-title=\"P1080200web\" data-image-description=\"\" data-medium-file=\"https:\/\/i0.wp.com\/www.quartier-waldacker.de\/wp-content\/uploads\/2016\/04\/P1080200web.jpg?fit=300%2C169&#038;ssl=1\" data-large-file=\"https:\/\/i0.wp.com\/www.quartier-waldacker.de\/wp-content\/uploads\/2016\/04\/P1080200web.jpg?fit=1024%2C577&#038;ssl=1\" src=\"https:\/\/i0.wp.com\/www.quartier-waldacker.de\/wp-content\/uploads\/2016\/04\/P1080200web.jpg?w=338&#038;h=190&#038;ssl=1\" srcset=\"https:\/\/i0.wp.com\/www.quartier-waldacker.de\/wp-content\/uploads\/2016\/04\/P1080200web.jpg?w=1280&amp;ssl=1 1280w, https:\/\/i0.wp.com\/www.quartier-waldacker.de\/wp-content\/uploads\/2016\/04\/P1080200web.jpg?resize=300%2C169&amp;ssl=1 300w, https:\/\/i0.wp.com\/www.quartier-waldacker.de\/wp-content\/uploads\/2016\/04\/P1080200web.jpg?resize=768%2C433&amp;ssl=1 768w, https:\/\/i0.wp.com\/www.quartier-waldacker.de\/wp-content\/uploads\/2016\/04\/P1080200web.jpg?resize=1024%2C577&amp;ssl=1 1024w, https:\/\/i0.wp.com\/www.quartier-waldacker.de\/wp-content\/uploads\/2016\/04\/P1080200web.jpg?resize=128%2C72&amp;ssl=1 128w\" width=\"338\" height=\"190\" loading=\"lazy\" data-original-width=\"338\" data-original-height=\"190\" itemprop=\"http:\/\/schema.org\/image\" title=\"P1080200web\" alt=\"Schirn-Joan Miro Ausstellung\" style=\"width: 338px; height: 190px;\" \/> <\/a> <div class=\"tiled-gallery-caption\" itemprop=\"caption description\"> Schirn-Joan Miro Ausstellung <\/div> <\/div> <\/div> <!-- close group --> <div class=\"gallery-group images-1\" style=\"width: 258px; height: 194px;\" data-original-width=\"258\" data-original-height=\"194\" > <div class=\"tiled-gallery-item tiled-gallery-item-large\" itemprop=\"associatedMedia\" itemscope itemtype=\"http:\/\/schema.org\/ImageObject\"> <a href=\"https:\/\/www.quartier-waldacker.de\/?attachment_id=9955#main\" border=\"0\" itemprop=\"url\"> <meta itemprop=\"width\" content=\"254\"> <meta itemprop=\"height\" content=\"190\"> <img decoding=\"async\" class=\"\" data-attachment-id=\"9955\" data-orig-file=\"https:\/\/www.quartier-waldacker.de\/wp-content\/uploads\/2016\/04\/Ba03Web.jpg\" data-orig-size=\"1280,960\" data-comments-opened=\"1\" data-image-meta=\"{&quot;aperture&quot;:&quot;0&quot;,&quot;credit&quot;:&quot;&quot;,&quot;camera&quot;:&quot;&quot;,&quot;caption&quot;:&quot;&quot;,&quot;created_timestamp&quot;:&quot;0&quot;,&quot;copyright&quot;:&quot;&quot;,&quot;focal_length&quot;:&quot;0&quot;,&quot;iso&quot;:&quot;0&quot;,&quot;shutter_speed&quot;:&quot;0&quot;,&quot;title&quot;:&quot;&quot;,&quot;orientation&quot;:&quot;0&quot;}\" data-image-title=\"Ba03Web\" data-image-description=\"\" data-medium-file=\"https:\/\/i0.wp.com\/www.quartier-waldacker.de\/wp-content\/uploads\/2016\/04\/Ba03Web.jpg?fit=300%2C225&#038;ssl=1\" data-large-file=\"https:\/\/i0.wp.com\/www.quartier-waldacker.de\/wp-content\/uploads\/2016\/04\/Ba03Web.jpg?fit=1024%2C768&#038;ssl=1\" src=\"https:\/\/i0.wp.com\/www.quartier-waldacker.de\/wp-content\/uploads\/2016\/04\/Ba03Web.jpg?w=254&#038;h=190&#038;ssl=1\" srcset=\"https:\/\/i0.wp.com\/www.quartier-waldacker.de\/wp-content\/uploads\/2016\/04\/Ba03Web.jpg?w=1280&amp;ssl=1 1280w, https:\/\/i0.wp.com\/www.quartier-waldacker.de\/wp-content\/uploads\/2016\/04\/Ba03Web.jpg?resize=300%2C225&amp;ssl=1 300w, https:\/\/i0.wp.com\/www.quartier-waldacker.de\/wp-content\/uploads\/2016\/04\/Ba03Web.jpg?resize=768%2C576&amp;ssl=1 768w, https:\/\/i0.wp.com\/www.quartier-waldacker.de\/wp-content\/uploads\/2016\/04\/Ba03Web.jpg?resize=1024%2C768&amp;ssl=1 1024w\" width=\"254\" height=\"190\" loading=\"lazy\" data-original-width=\"254\" data-original-height=\"190\" itemprop=\"http:\/\/schema.org\/image\" title=\"Ba03Web\" alt=\"Schirn-Joan Miro Ausstellung\" style=\"width: 254px; height: 190px;\" \/> <\/a> <div class=\"tiled-gallery-caption\" itemprop=\"caption description\"> Schirn-Joan Miro Ausstellung <\/div> <\/div> <\/div> <!-- close group --> <div class=\"gallery-group images-1\" style=\"width: 342px; height: 194px;\" data-original-width=\"342\" data-original-height=\"194\" > <div class=\"tiled-gallery-item tiled-gallery-item-large\" itemprop=\"associatedMedia\" itemscope itemtype=\"http:\/\/schema.org\/ImageObject\"> <a href=\"https:\/\/www.quartier-waldacker.de\/?attachment_id=9956#main\" border=\"0\" itemprop=\"url\"> <meta itemprop=\"width\" content=\"338\"> <meta itemprop=\"height\" content=\"190\"> <img decoding=\"async\" class=\"\" data-attachment-id=\"9956\" data-orig-file=\"https:\/\/www.quartier-waldacker.de\/wp-content\/uploads\/2016\/04\/P1080188web-1.jpg\" data-orig-size=\"1280,721\" data-comments-opened=\"1\" data-image-meta=\"{&quot;aperture&quot;:&quot;0&quot;,&quot;credit&quot;:&quot;&quot;,&quot;camera&quot;:&quot;&quot;,&quot;caption&quot;:&quot;&quot;,&quot;created_timestamp&quot;:&quot;0&quot;,&quot;copyright&quot;:&quot;&quot;,&quot;focal_length&quot;:&quot;0&quot;,&quot;iso&quot;:&quot;0&quot;,&quot;shutter_speed&quot;:&quot;0&quot;,&quot;title&quot;:&quot;&quot;,&quot;orientation&quot;:&quot;0&quot;}\" data-image-title=\"P1080188web\" data-image-description=\"\" data-medium-file=\"https:\/\/i0.wp.com\/www.quartier-waldacker.de\/wp-content\/uploads\/2016\/04\/P1080188web-1.jpg?fit=300%2C169&#038;ssl=1\" data-large-file=\"https:\/\/i0.wp.com\/www.quartier-waldacker.de\/wp-content\/uploads\/2016\/04\/P1080188web-1.jpg?fit=1024%2C577&#038;ssl=1\" src=\"https:\/\/i0.wp.com\/www.quartier-waldacker.de\/wp-content\/uploads\/2016\/04\/P1080188web-1.jpg?w=338&#038;h=190&#038;ssl=1\" srcset=\"https:\/\/i0.wp.com\/www.quartier-waldacker.de\/wp-content\/uploads\/2016\/04\/P1080188web-1.jpg?w=1280&amp;ssl=1 1280w, https:\/\/i0.wp.com\/www.quartier-waldacker.de\/wp-content\/uploads\/2016\/04\/P1080188web-1.jpg?resize=300%2C169&amp;ssl=1 300w, https:\/\/i0.wp.com\/www.quartier-waldacker.de\/wp-content\/uploads\/2016\/04\/P1080188web-1.jpg?resize=768%2C433&amp;ssl=1 768w, https:\/\/i0.wp.com\/www.quartier-waldacker.de\/wp-content\/uploads\/2016\/04\/P1080188web-1.jpg?resize=1024%2C577&amp;ssl=1 1024w, https:\/\/i0.wp.com\/www.quartier-waldacker.de\/wp-content\/uploads\/2016\/04\/P1080188web-1.jpg?resize=128%2C72&amp;ssl=1 128w\" width=\"338\" height=\"190\" loading=\"lazy\" data-original-width=\"338\" data-original-height=\"190\" itemprop=\"http:\/\/schema.org\/image\" title=\"P1080188web\" alt=\"Schirn-Joan Miro Ausstellung\" style=\"width: 338px; height: 190px;\" \/> <\/a> <div class=\"tiled-gallery-caption\" itemprop=\"caption description\"> Schirn-Joan Miro Ausstellung <\/div> <\/div> <\/div> <!-- close group --> <div class=\"gallery-group images-1\" style=\"width: 258px; height: 194px;\" data-original-width=\"258\" data-original-height=\"194\" > <div class=\"tiled-gallery-item tiled-gallery-item-large\" itemprop=\"associatedMedia\" itemscope itemtype=\"http:\/\/schema.org\/ImageObject\"> <a href=\"https:\/\/www.quartier-waldacker.de\/?attachment_id=9962#main\" border=\"0\" itemprop=\"url\"> <meta itemprop=\"width\" content=\"254\"> <meta itemprop=\"height\" content=\"190\"> <img decoding=\"async\" class=\"\" data-attachment-id=\"9962\" data-orig-file=\"https:\/\/www.quartier-waldacker.de\/wp-content\/uploads\/2016\/04\/BA05web.jpg\" data-orig-size=\"1280,960\" data-comments-opened=\"1\" data-image-meta=\"{&quot;aperture&quot;:&quot;0&quot;,&quot;credit&quot;:&quot;&quot;,&quot;camera&quot;:&quot;&quot;,&quot;caption&quot;:&quot;&quot;,&quot;created_timestamp&quot;:&quot;0&quot;,&quot;copyright&quot;:&quot;&quot;,&quot;focal_length&quot;:&quot;0&quot;,&quot;iso&quot;:&quot;0&quot;,&quot;shutter_speed&quot;:&quot;0&quot;,&quot;title&quot;:&quot;&quot;,&quot;orientation&quot;:&quot;0&quot;}\" data-image-title=\"BA05web\" data-image-description=\"\" data-medium-file=\"https:\/\/i0.wp.com\/www.quartier-waldacker.de\/wp-content\/uploads\/2016\/04\/BA05web.jpg?fit=300%2C225&#038;ssl=1\" data-large-file=\"https:\/\/i0.wp.com\/www.quartier-waldacker.de\/wp-content\/uploads\/2016\/04\/BA05web.jpg?fit=1024%2C768&#038;ssl=1\" src=\"https:\/\/i0.wp.com\/www.quartier-waldacker.de\/wp-content\/uploads\/2016\/04\/BA05web.jpg?w=254&#038;h=190&#038;ssl=1\" srcset=\"https:\/\/i0.wp.com\/www.quartier-waldacker.de\/wp-content\/uploads\/2016\/04\/BA05web.jpg?w=1280&amp;ssl=1 1280w, https:\/\/i0.wp.com\/www.quartier-waldacker.de\/wp-content\/uploads\/2016\/04\/BA05web.jpg?resize=300%2C225&amp;ssl=1 300w, https:\/\/i0.wp.com\/www.quartier-waldacker.de\/wp-content\/uploads\/2016\/04\/BA05web.jpg?resize=768%2C576&amp;ssl=1 768w, https:\/\/i0.wp.com\/www.quartier-waldacker.de\/wp-content\/uploads\/2016\/04\/BA05web.jpg?resize=1024%2C768&amp;ssl=1 1024w\" width=\"254\" height=\"190\" loading=\"lazy\" data-original-width=\"254\" data-original-height=\"190\" itemprop=\"http:\/\/schema.org\/image\" title=\"BA05web\" alt=\"Metropol\" style=\"width: 254px; height: 190px;\" \/> <\/a> <div class=\"tiled-gallery-caption\" itemprop=\"caption description\"> Metropol <\/div> <\/div> <\/div> <!-- close group --> <\/div> <!-- close row --> <\/div>\n<p>&nbsp;<\/p>\n<p>&nbsp;<\/p>\n<p style=\"text-align: center;\">[ratings]\n<p>&nbsp;<\/p>\n<p>&nbsp;<\/p>\n<p>&nbsp;<\/p>\n<p>&nbsp;<\/p>\n<p>&nbsp;<\/p>\n<p>&nbsp;<\/p>\n<p>&nbsp;<\/p>\n<p>&nbsp;<\/p>\n<p>&nbsp;<\/p>\n<p>&nbsp;<\/p>\n<p>&nbsp;<\/p>\n<p>&nbsp;<\/p>\n","protected":false},"excerpt":{"rendered":"<p>Ein Beitrag von Barbara Jungheinrich-H\u00f6hler Die sachkundige und engagierte F\u00fchrung von Jutta Kraft durch die fulminante Ausstellung \u201eSturmfrauen\u201c in der Schirn \u00fcberzeugte uns Museumsfreunde der Quartiersgruppe Waldacker so sehr, dass wir spontan eine weitere F\u00fchrung durch die Miro-Ausstellung absprachen. Am 30. M\u00e4rz ging es los. 7 Teilnehmer fuhren mit Tagesgruppenkarten per S-Bahn von Dietzenbach Mitte &#8230; <a title=\"Selbst Miro-Skeptiker waren vollauf begeistert\" class=\"read-more\" href=\"https:\/\/www.quartier-waldacker.de\/?p=9951\" aria-label=\"Mehr Informationen \u00fcber Selbst Miro-Skeptiker waren vollauf begeistert\">Weiterlesen<\/a><\/p>\n","protected":false},"author":1,"featured_media":13543,"comment_status":"open","ping_status":"open","sticky":false,"template":"","format":"standard","meta":{"generate_page_header":"","_jetpack_memberships_contains_paid_content":false,"footnotes":""},"categories":[161],"tags":[205,211],"class_list":["post-9951","post","type-post","status-publish","format-standard","has-post-thumbnail","hentry","category-kultur","tag-ausstellungen","tag-kunst"],"jetpack_featured_media_url":"https:\/\/i0.wp.com\/www.quartier-waldacker.de\/wp-content\/uploads\/2017\/06\/Museum9.jpg?fit=1380%2C290&ssl=1","jetpack-related-posts":[{"id":12640,"url":"https:\/\/www.quartier-waldacker.de\/?p=12640","url_meta":{"origin":9951,"position":0},"title":"Ren\u00e9 Margritte &#8211; Der Verrat der Bilder","author":"admin","date":"23. M\u00e4rz 2017","format":false,"excerpt":"\u00a0 Die Gruppe der Museumsfreunde wird am 06.04.2017 die Ausstellung von Werken von\u00a0Ren\u00e9 Margritte in der Kunsthalle Schirn besuchen. \u00a0 Wie immer wird uns die Kunsthistorikerin Jutta Kraft kenntnisreich durch die Ausstellung f\u00fchren. Die F\u00fchrung beginn um 14:30 Uhr. Die Anfahrt erfolgt in Absprache per S- Bahn ab Dietzenbach. \u00a0\u2026","rel":"","context":"In &quot;Kultur\/Kunst&quot;","block_context":{"text":"Kultur\/Kunst","link":"https:\/\/www.quartier-waldacker.de\/?cat=161"},"img":{"alt_text":"","src":"","width":0,"height":0},"classes":[]},{"id":9971,"url":"https:\/\/www.quartier-waldacker.de\/?p=9971","url_meta":{"origin":9951,"position":1},"title":"&#8220;Maniera&#8221; &#8211; was ist das?","author":"admin","date":"25. April 2016","format":false,"excerpt":"\u00a0 Ein Bericht von Ursula Roebke und Barbara Jungheinrich-H\u00f6hler Am 20. April startete unsere Gruppe der Museumsfreunde in die 600.000\u20ac teure Ausstellung \"Maniera\" im St\u00e4del.Die Zeit nach der Renaissance in Italien, nach Michelangelo, Raffael und Leonardo da Vinci sollte erkundet werden. Wir starteten wieder per S- Bahn ab Dietzenbach Mitte.\u2026","rel":"","context":"In &quot;Kultur\/Kunst&quot;","block_context":{"text":"Kultur\/Kunst","link":"https:\/\/www.quartier-waldacker.de\/?cat=161"},"img":{"alt_text":"","src":"https:\/\/i0.wp.com\/www.quartier-waldacker.de\/wp-content\/uploads\/2017\/06\/Museum9.jpg?fit=1200%2C252&ssl=1&resize=350%2C200","width":350,"height":200,"srcset":"https:\/\/i0.wp.com\/www.quartier-waldacker.de\/wp-content\/uploads\/2017\/06\/Museum9.jpg?fit=1200%2C252&ssl=1&resize=350%2C200 1x, https:\/\/i0.wp.com\/www.quartier-waldacker.de\/wp-content\/uploads\/2017\/06\/Museum9.jpg?fit=1200%2C252&ssl=1&resize=525%2C300 1.5x, https:\/\/i0.wp.com\/www.quartier-waldacker.de\/wp-content\/uploads\/2017\/06\/Museum9.jpg?fit=1200%2C252&ssl=1&resize=700%2C400 2x, https:\/\/i0.wp.com\/www.quartier-waldacker.de\/wp-content\/uploads\/2017\/06\/Museum9.jpg?fit=1200%2C252&ssl=1&resize=1050%2C600 3x"},"classes":[]},{"id":22395,"url":"https:\/\/www.quartier-waldacker.de\/?p=22395","url_meta":{"origin":9951,"position":2},"title":"Besuch im Romantikmuseum","author":"admin","date":"6. April 2023","format":false,"excerpt":"Das deutsche Romantik-Museum pr\u00e4sentiert einzigartige Originale mit innovativen Ausstellungsformen, die die Zeit der Romantik als Schl\u00fcsselepoche erfahrbar machen. Es ist weltweit das erste Museum, das sich der Epoche der Romantik als Ganzes widmet. Unsere Quartieraktivistin Margret Schierenbeck organisiert f\u00fcr den 09.Mai 2023 einen Besuch des Museum\u00a0 in Frankfurt. Eine vorherige\u2026","rel":"","context":"In &quot;Freizeit\/Sport\/Kultur&quot;","block_context":{"text":"Freizeit\/Sport\/Kultur","link":"https:\/\/www.quartier-waldacker.de\/?cat=168"},"img":{"alt_text":"","src":"https:\/\/i0.wp.com\/www.quartier-waldacker.de\/wp-content\/uploads\/2017\/06\/Museum9.jpg?fit=1200%2C252&ssl=1&resize=350%2C200","width":350,"height":200,"srcset":"https:\/\/i0.wp.com\/www.quartier-waldacker.de\/wp-content\/uploads\/2017\/06\/Museum9.jpg?fit=1200%2C252&ssl=1&resize=350%2C200 1x, https:\/\/i0.wp.com\/www.quartier-waldacker.de\/wp-content\/uploads\/2017\/06\/Museum9.jpg?fit=1200%2C252&ssl=1&resize=525%2C300 1.5x, https:\/\/i0.wp.com\/www.quartier-waldacker.de\/wp-content\/uploads\/2017\/06\/Museum9.jpg?fit=1200%2C252&ssl=1&resize=700%2C400 2x, https:\/\/i0.wp.com\/www.quartier-waldacker.de\/wp-content\/uploads\/2017\/06\/Museum9.jpg?fit=1200%2C252&ssl=1&resize=1050%2C600 3x"},"classes":[]},{"id":5586,"url":"https:\/\/www.quartier-waldacker.de\/?p=5586","url_meta":{"origin":9951,"position":3},"title":"Krieh die Kr\u00e4nk Offenbach &#8211; Seniorenfahrt zu den Krankenh\u00e4user","author":"admin","date":"15. Mai 2014","format":false,"excerpt":"Informationsfahrt zu den Krankenh\u00e4usern nach Offenbach - Ein Bericht von Theodor Frie\u00df Mitte April fuhr die Seniorengruppe der ev. Kirchengemeinde Waldacker, organisiert von Theo Frie\u00df, zust\u00e4ndig in der Quartiersgruppe f\u00fcr den \u00f6ffentlichen Nahverkehr mit Unterst\u00fctzung von Frau Heide Bellwinkel-Hahn von Seniorenbeirat und aktives Mitglied der Quartiersgruppe, eine Fahrt mit \u00f6ffentlichen\u2026","rel":"","context":"In &quot;Seniorenfahrten&quot;","block_context":{"text":"Seniorenfahrten","link":"https:\/\/www.quartier-waldacker.de\/?cat=190"},"img":{"alt_text":"","src":"https:\/\/i0.wp.com\/www.quartier-waldacker.de\/wp-content\/uploads\/2014\/05\/IMG_8508.jpg?fit=1200%2C900&ssl=1&resize=350%2C200","width":350,"height":200,"srcset":"https:\/\/i0.wp.com\/www.quartier-waldacker.de\/wp-content\/uploads\/2014\/05\/IMG_8508.jpg?fit=1200%2C900&ssl=1&resize=350%2C200 1x, https:\/\/i0.wp.com\/www.quartier-waldacker.de\/wp-content\/uploads\/2014\/05\/IMG_8508.jpg?fit=1200%2C900&ssl=1&resize=525%2C300 1.5x, https:\/\/i0.wp.com\/www.quartier-waldacker.de\/wp-content\/uploads\/2014\/05\/IMG_8508.jpg?fit=1200%2C900&ssl=1&resize=700%2C400 2x, https:\/\/i0.wp.com\/www.quartier-waldacker.de\/wp-content\/uploads\/2014\/05\/IMG_8508.jpg?fit=1200%2C900&ssl=1&resize=1050%2C600 3x"},"classes":[]},{"id":12744,"url":"https:\/\/www.quartier-waldacker.de\/?p=12744","url_meta":{"origin":9951,"position":4},"title":"Radtour &#8211; Dreieichenhain zur Burgruine (26 Km)","author":"admin","date":"29. M\u00e4rz 2017","format":false,"excerpt":"[siteorigin_widget class=\"SiteOrigin_Widget_Image_Widget\"][\/siteorigin_widget] Bericht von Reinhold Harnoth Eine Radtour \u00fcber Dietzenbach, durch die liebevoll restaurierten Altstadtgassen, am\u00a0Aussichtsturm vorbei \u00fcber Gut Neuhof\/Golfplatz nach Dreieichenhain.\u00a0\u201eAuf der Hub\u201c in G\u00f6tzenhain bietet sich ein toller Ausblick auf die Skyline von Frankfurt. In Dreieichenhain angekommen, besteht die M\u00f6glichkeit die Besichtigung der\u00a0Burg Hayn und der Besuch der\u00a0historischen\u2026","rel":"","context":"In &quot;Radtouren&quot;","block_context":{"text":"Radtouren","link":"https:\/\/www.quartier-waldacker.de\/?cat=126"},"img":{"alt_text":"","src":"https:\/\/i0.wp.com\/www.quartier-waldacker.de\/wp-content\/uploads\/2017\/04\/RadHead_2_780.jpg?fit=1200%2C281&ssl=1&resize=350%2C200","width":350,"height":200,"srcset":"https:\/\/i0.wp.com\/www.quartier-waldacker.de\/wp-content\/uploads\/2017\/04\/RadHead_2_780.jpg?fit=1200%2C281&ssl=1&resize=350%2C200 1x, https:\/\/i0.wp.com\/www.quartier-waldacker.de\/wp-content\/uploads\/2017\/04\/RadHead_2_780.jpg?fit=1200%2C281&ssl=1&resize=525%2C300 1.5x, https:\/\/i0.wp.com\/www.quartier-waldacker.de\/wp-content\/uploads\/2017\/04\/RadHead_2_780.jpg?fit=1200%2C281&ssl=1&resize=700%2C400 2x, https:\/\/i0.wp.com\/www.quartier-waldacker.de\/wp-content\/uploads\/2017\/04\/RadHead_2_780.jpg?fit=1200%2C281&ssl=1&resize=1050%2C600 3x"},"classes":[]},{"id":12756,"url":"https:\/\/www.quartier-waldacker.de\/?p=12756","url_meta":{"origin":9951,"position":5},"title":"Radtour &#8211; Offenbach am Main entlang bis M\u00fchlheim am Schultheisweiher und Rodaum\u00fcndung (28 km)","author":"admin","date":"11. April 2017","format":false,"excerpt":"\u00a0 Dokumentiert von Reinhold HarnothAnfahrt mit der S-Bahn von Dietzenbach-Bahnhof nach Offenbach-Marktplatz (Achtung: 2x mit Rolltreppe, es gibt auch einen Aufzug, aber sehr eng). \u00dcber die Schlossstra\u00dfe zum Main runter fahren, am Main rechts halten, am \u201eWaggon am Kulturgleis\u201c, Bembelboot (Gastst\u00e4tte), Bootshaus B\u00fcrgel, Windhund Rennstrecke und am Campingplatz OF-B\u00fcrgel vorbei\u2026","rel":"","context":"In &quot;Radtouren&quot;","block_context":{"text":"Radtouren","link":"https:\/\/www.quartier-waldacker.de\/?cat=126"},"img":{"alt_text":"","src":"https:\/\/i0.wp.com\/www.quartier-waldacker.de\/wp-content\/uploads\/2017\/04\/Header_Rupenheim.jpg?fit=1200%2C261&ssl=1&resize=350%2C200","width":350,"height":200,"srcset":"https:\/\/i0.wp.com\/www.quartier-waldacker.de\/wp-content\/uploads\/2017\/04\/Header_Rupenheim.jpg?fit=1200%2C261&ssl=1&resize=350%2C200 1x, https:\/\/i0.wp.com\/www.quartier-waldacker.de\/wp-content\/uploads\/2017\/04\/Header_Rupenheim.jpg?fit=1200%2C261&ssl=1&resize=525%2C300 1.5x, https:\/\/i0.wp.com\/www.quartier-waldacker.de\/wp-content\/uploads\/2017\/04\/Header_Rupenheim.jpg?fit=1200%2C261&ssl=1&resize=700%2C400 2x, https:\/\/i0.wp.com\/www.quartier-waldacker.de\/wp-content\/uploads\/2017\/04\/Header_Rupenheim.jpg?fit=1200%2C261&ssl=1&resize=1050%2C600 3x"},"classes":[]}],"jetpack_sharing_enabled":true,"rttpg_featured_image_url":{"full":["https:\/\/i0.wp.com\/www.quartier-waldacker.de\/wp-content\/uploads\/2017\/06\/Museum9.jpg?fit=1380%2C290&ssl=1",1380,290,false],"landscape":["https:\/\/www.quartier-waldacker.de\/wp-content\/uploads\/2017\/06\/Museum9.jpg",1380,290,false],"portraits":["https:\/\/www.quartier-waldacker.de\/wp-content\/uploads\/2017\/06\/Museum9.jpg",1380,290,false],"thumbnail":["https:\/\/i0.wp.com\/www.quartier-waldacker.de\/wp-content\/uploads\/2017\/06\/Museum9.jpg?resize=150%2C150&ssl=1",150,150,true],"medium":["https:\/\/i0.wp.com\/www.quartier-waldacker.de\/wp-content\/uploads\/2017\/06\/Museum9.jpg?fit=300%2C63&ssl=1",300,63,true],"large":["https:\/\/i0.wp.com\/www.quartier-waldacker.de\/wp-content\/uploads\/2017\/06\/Museum9.jpg?fit=1024%2C215&ssl=1",1024,215,true],"1536x1536":["https:\/\/i0.wp.com\/www.quartier-waldacker.de\/wp-content\/uploads\/2017\/06\/Museum9.jpg?fit=1380%2C290&ssl=1",1380,290,true],"2048x2048":["https:\/\/i0.wp.com\/www.quartier-waldacker.de\/wp-content\/uploads\/2017\/06\/Museum9.jpg?fit=1380%2C290&ssl=1",1380,290,true]},"rttpg_author":{"display_name":"admin","author_link":"https:\/\/www.quartier-waldacker.de\/?author=1"},"rttpg_comment":1,"rttpg_category":"<a href=\"https:\/\/www.quartier-waldacker.de\/?cat=161\" rel=\"category\">Kultur\/Kunst<\/a>","rttpg_excerpt":"Ein Beitrag von Barbara Jungheinrich-H\u00f6hler Die sachkundige und engagierte F\u00fchrung von Jutta Kraft durch die fulminante Ausstellung \u201eSturmfrauen\u201c in der Schirn \u00fcberzeugte uns Museumsfreunde der Quartiersgruppe Waldacker so sehr, dass wir spontan eine weitere F\u00fchrung durch die Miro-Ausstellung absprachen. Am 30. M\u00e4rz ging es los. 7 Teilnehmer fuhren mit Tagesgruppenkarten per S-Bahn von Dietzenbach Mitte&hellip;","_links":{"self":[{"href":"https:\/\/www.quartier-waldacker.de\/index.php?rest_route=\/wp\/v2\/posts\/9951","targetHints":{"allow":["GET"]}}],"collection":[{"href":"https:\/\/www.quartier-waldacker.de\/index.php?rest_route=\/wp\/v2\/posts"}],"about":[{"href":"https:\/\/www.quartier-waldacker.de\/index.php?rest_route=\/wp\/v2\/types\/post"}],"author":[{"embeddable":true,"href":"https:\/\/www.quartier-waldacker.de\/index.php?rest_route=\/wp\/v2\/users\/1"}],"replies":[{"embeddable":true,"href":"https:\/\/www.quartier-waldacker.de\/index.php?rest_route=%2Fwp%2Fv2%2Fcomments&post=9951"}],"version-history":[{"count":0,"href":"https:\/\/www.quartier-waldacker.de\/index.php?rest_route=\/wp\/v2\/posts\/9951\/revisions"}],"wp:featuredmedia":[{"embeddable":true,"href":"https:\/\/www.quartier-waldacker.de\/index.php?rest_route=\/wp\/v2\/media\/13543"}],"wp:attachment":[{"href":"https:\/\/www.quartier-waldacker.de\/index.php?rest_route=%2Fwp%2Fv2%2Fmedia&parent=9951"}],"wp:term":[{"taxonomy":"category","embeddable":true,"href":"https:\/\/www.quartier-waldacker.de\/index.php?rest_route=%2Fwp%2Fv2%2Fcategories&post=9951"},{"taxonomy":"post_tag","embeddable":true,"href":"https:\/\/www.quartier-waldacker.de\/index.php?rest_route=%2Fwp%2Fv2%2Ftags&post=9951"}],"curies":[{"name":"wp","href":"https:\/\/api.w.org\/{rel}","templated":true}]}}