{"id":7829,"date":"2015-06-12T16:56:11","date_gmt":"2015-06-12T15:56:11","guid":{"rendered":"https:\/\/www.quartier-waldacker.de\/?p=7829"},"modified":"2017-02-02T18:29:49","modified_gmt":"2017-02-02T17:29:49","slug":"informationsabend-energiegenossenschaft-rodgau-roedermark-eg-energo","status":"publish","type":"post","link":"https:\/\/www.quartier-waldacker.de\/?p=7829","title":{"rendered":"Informationsabend &#8211; Energiegenossenschaft Rodgau-R\u00f6dermark eG\u201c (EnerGo)"},"content":{"rendered":"<p><span style=\"font-family: arial,helvetica,sans-serif; font-size: 14pt;\"><a href=\"https:\/\/i0.wp.com\/www.quartier-waldacker.de\/wp-content\/uploads\/2015\/06\/Energie-1.jpg?ssl=1\"><img data-recalc-dims=\"1\" loading=\"lazy\" decoding=\"async\" data-attachment-id=\"7832\" data-permalink=\"https:\/\/www.quartier-waldacker.de\/?attachment_id=7832#main\" data-orig-file=\"https:\/\/i0.wp.com\/www.quartier-waldacker.de\/wp-content\/uploads\/2015\/06\/Energie-1.jpg?fit=755%2C346&amp;ssl=1\" data-orig-size=\"755,346\" data-comments-opened=\"1\" data-image-meta=\"{&quot;aperture&quot;:&quot;0&quot;,&quot;credit&quot;:&quot;&quot;,&quot;camera&quot;:&quot;&quot;,&quot;caption&quot;:&quot;&quot;,&quot;created_timestamp&quot;:&quot;0&quot;,&quot;copyright&quot;:&quot;&quot;,&quot;focal_length&quot;:&quot;0&quot;,&quot;iso&quot;:&quot;0&quot;,&quot;shutter_speed&quot;:&quot;0&quot;,&quot;title&quot;:&quot;&quot;,&quot;orientation&quot;:&quot;1&quot;}\" data-image-title=\"Energie-1\" data-image-description=\"\" data-image-caption=\"\" data-large-file=\"https:\/\/i0.wp.com\/www.quartier-waldacker.de\/wp-content\/uploads\/2015\/06\/Energie-1.jpg?fit=755%2C346&amp;ssl=1\" class=\" size-medium wp-image-7832 alignleft\" src=\"https:\/\/i0.wp.com\/www.quartier-waldacker.de\/wp-content\/uploads\/2015\/06\/Energie-1.jpg?resize=300%2C137&#038;ssl=1\" alt=\"Energie-1\" width=\"300\" height=\"137\" srcset=\"https:\/\/i0.wp.com\/www.quartier-waldacker.de\/wp-content\/uploads\/2015\/06\/Energie-1.jpg?resize=300%2C137&amp;ssl=1 300w, https:\/\/i0.wp.com\/www.quartier-waldacker.de\/wp-content\/uploads\/2015\/06\/Energie-1.jpg?w=755&amp;ssl=1 755w\" sizes=\"auto, (max-width: 300px) 100vw, 300px\" \/><\/a>Veranstaltungsreihe der Quartiersgruppe Waldacker \u2013 Vorstellungen der \u201eB\u00fcrger Energiegenossenschaft Rodgau-R\u00f6dermark eG\u201c (EnerGo) mit ihren Zielen, ihrer Entwicklung und ihrem Leistungsangebot, den realisierten Projekten und einem Blick in die Zukunft. <\/span><br \/>\n<span style=\"font-family: arial,helvetica,sans-serif; font-size: 14pt;\"><strong>Am Dienstag, dem 16. Juni 2015, um 18:30 Uhr<\/strong> l\u00e4dt die Quartiersgruppe Waldacker zur Informationsveranstaltung \u201eVorstellungen der <strong>\u201eB\u00fcrger-Energiegenossenschaft Rodgau-R\u00f6dermark eG\u201c (EnerGo)\u201c<\/strong> mit dem Referenten <strong>Karlheinz Weber<\/strong>, einem der Aufsichtsr\u00e4te der EneGo, in den <strong>B\u00fcrgertreff Waldacker, Goethestra\u00dfe 39<\/strong> ein. <\/span><br \/>\n<span style=\"font-family: arial,helvetica,sans-serif; font-size: 14pt;\">Karlheinz Weber die EnerGo und ihre Ziele vorstellen und dabei auch die Hintergr\u00fcnde ihrer Entwicklung beleuchten. Er wird aufzeigen, dass die EnerGo eine \u201eWin-Win\u201c-Situation f\u00fcr alle direkt und indirekt Beteiligten darstellen kann und welchen Nutzen die EnerGo den B\u00fcrgern im weitesten Sinne bringen kann und wie B\u00fcrger direkt daran partizipieren k\u00f6nnen. Dabei wird auch auf die bereits realisierten Projekte eingegangen und dargelegt was alles ablaufen muss um die Projekte zum Erfolg zu f\u00fchren. <\/span><br \/>\n<span style=\"font-family: arial,helvetica,sans-serif; font-size: 14pt;\">In einem Blick in die Zukunft am Ende werden auch die \u201eCSF\u00b4s\u201c, die kritischen Erfolgsfaktoren betrachtet werden.<\/span><\/p>\n<p>&nbsp;<\/p>\n<p style=\"text-align: center;\"><span style=\"font-family: arial,helvetica,sans-serif; font-size: 14pt;\">Die Veranstaltung ist kostenfrei.<\/span><br \/>\n<span style=\"font-family: arial,helvetica,sans-serif; font-size: 14pt;\">Interessierte B\u00fcrgerinnen und B\u00fcrger sind herzlich willkommen. <\/span><\/p>\n<p>&nbsp;<\/p>\n<p style=\"text-align: center;\"><span style=\"font-family: arial,helvetica,sans-serif; font-size: 14pt;\">Der Vortrag findet im Rahmen der Veranstaltungsreihe statt, die die Quartiersgruppe Waldacker jeden dritten oder vierten Dienstag im Monat im B\u00fcrgertreff Waldacker durchf\u00fchrt. <\/span><\/p>\n<p style=\"text-align: center;\"><span style=\"font-family: arial,helvetica,sans-serif; font-size: 14pt;\">Weitere Ausk\u00fcnfte gibt: Marisa Haring [icon name=&#8221;phone-square&#8221; class=&#8221;&#8221;] <strong>0163 7025448 <\/strong><\/span><\/p>\n","protected":false},"excerpt":{"rendered":"<p>Veranstaltungsreihe der Quartiersgruppe Waldacker \u2013 Vorstellungen der \u201eB\u00fcrger Energiegenossenschaft Rodgau-R\u00f6dermark eG\u201c (EnerGo) mit ihren Zielen, ihrer Entwicklung und ihrem Leistungsangebot, den realisierten Projekten und einem Blick in die Zukunft. Am Dienstag, dem 16. Juni 2015, um 18:30 Uhr l\u00e4dt die Quartiersgruppe Waldacker zur Informationsveranstaltung \u201eVorstellungen der \u201eB\u00fcrger-Energiegenossenschaft Rodgau-R\u00f6dermark eG\u201c (EnerGo)\u201c mit dem Referenten Karlheinz Weber, &#8230; <a title=\"Informationsabend &#8211; Energiegenossenschaft Rodgau-R\u00f6dermark eG\u201c (EnerGo)\" class=\"read-more\" href=\"https:\/\/www.quartier-waldacker.de\/?p=7829\" aria-label=\"Mehr Informationen \u00fcber Informationsabend &#8211; Energiegenossenschaft Rodgau-R\u00f6dermark eG\u201c (EnerGo)\">Weiterlesen<\/a><\/p>\n","protected":false},"author":1,"featured_media":0,"comment_status":"open","ping_status":"open","sticky":false,"template":"","format":"standard","meta":{"generate_page_header":"","_jetpack_memberships_contains_paid_content":false,"footnotes":""},"categories":[193],"tags":[],"class_list":["post-7829","post","type-post","status-publish","format-standard","hentry","category-vortraege"],"jetpack_featured_media_url":"","jetpack-related-posts":[{"id":27142,"url":"https:\/\/www.quartier-waldacker.de\/?p=27142","url_meta":{"origin":7829,"position":0},"title":"\u201eKulinarische Reise durch und um R\u00f6dermark\u201c feiert ihre 200. Jubil\u00e4umsschmaus","author":"admin","date":"22. August 2025","format":false,"excerpt":"Beitrag und Bilder aus der Offenbach Post von Christine Ziesecke Waldacker \u201eQuartier Waldacker \u2013 gemeinsam aktiv, ein Team, ein Ziel!\u201c So steht es auf der Homepage der Quartiersgruppe Waldacker, einer \u201eGruppe von engagierten B\u00fcrgern aus Waldacker, die versucht, das Leben in Waldacker annehmlicher zu gestalten.\u201c Mitmachen kann jeder, solange es\u2026","rel":"","context":"In &quot;B\u00fcrgerschaftliches Engagement&quot;","block_context":{"text":"B\u00fcrgerschaftliches Engagement","link":"https:\/\/www.quartier-waldacker.de\/?cat=184"},"img":{"alt_text":"","src":"https:\/\/i0.wp.com\/www.quartier-waldacker.de\/wp-content\/uploads\/2025\/08\/Header-200-Essen-5-GabelV1n.jpg?fit=960%2C300&ssl=1&resize=350%2C200","width":350,"height":200,"srcset":"https:\/\/i0.wp.com\/www.quartier-waldacker.de\/wp-content\/uploads\/2025\/08\/Header-200-Essen-5-GabelV1n.jpg?fit=960%2C300&ssl=1&resize=350%2C200 1x, https:\/\/i0.wp.com\/www.quartier-waldacker.de\/wp-content\/uploads\/2025\/08\/Header-200-Essen-5-GabelV1n.jpg?fit=960%2C300&ssl=1&resize=525%2C300 1.5x, https:\/\/i0.wp.com\/www.quartier-waldacker.de\/wp-content\/uploads\/2025\/08\/Header-200-Essen-5-GabelV1n.jpg?fit=960%2C300&ssl=1&resize=700%2C400 2x"},"classes":[]},{"id":27001,"url":"https:\/\/www.quartier-waldacker.de\/?p=27001","url_meta":{"origin":7829,"position":1},"title":"Stadtradeln 2025","author":"admin","date":"5. Juli 2025","format":false,"excerpt":"STADTRADELN gibt es seit dem Jahr 2008. Es wurde als bundesweiter Wettbewerb vom Klima-B\u00fcndnis ins Leben gerufen, dem gr\u00f6\u00dften kommunalen Netzwerk zum Klimaschutz in Europa. Ziel der Aktion ist es, Menschen dazu zu motivieren, im Alltag m\u00f6glichst viele Wege mit dem Fahrrad zur\u00fcckzulegen \u2013 f\u00fcr den Klimaschutz, die eigene Gesundheit\u2026","rel":"","context":"In &quot;AG-Radfahren&quot;","block_context":{"text":"AG-Radfahren","link":"https:\/\/www.quartier-waldacker.de\/?cat=202"},"img":{"alt_text":"","src":"https:\/\/i0.wp.com\/www.quartier-waldacker.de\/wp-content\/uploads\/2025\/07\/Header_Citybykel-2025.jpg?fit=1200%2C281&ssl=1&resize=350%2C200","width":350,"height":200,"srcset":"https:\/\/i0.wp.com\/www.quartier-waldacker.de\/wp-content\/uploads\/2025\/07\/Header_Citybykel-2025.jpg?fit=1200%2C281&ssl=1&resize=350%2C200 1x, https:\/\/i0.wp.com\/www.quartier-waldacker.de\/wp-content\/uploads\/2025\/07\/Header_Citybykel-2025.jpg?fit=1200%2C281&ssl=1&resize=525%2C300 1.5x, https:\/\/i0.wp.com\/www.quartier-waldacker.de\/wp-content\/uploads\/2025\/07\/Header_Citybykel-2025.jpg?fit=1200%2C281&ssl=1&resize=700%2C400 2x, https:\/\/i0.wp.com\/www.quartier-waldacker.de\/wp-content\/uploads\/2025\/07\/Header_Citybykel-2025.jpg?fit=1200%2C281&ssl=1&resize=1050%2C600 3x"},"classes":[]},{"id":7807,"url":"https:\/\/www.quartier-waldacker.de\/?p=7807","url_meta":{"origin":7829,"position":2},"title":"Waldacker feiert in und um den B\u00fcrgertreff","author":"Johannes","date":"1. Juni 2015","format":false,"excerpt":"Die Quartiersgruppe Waldacker organisiert und feiert, unter der Schirmherrschaft von B\u00fcrgermeister Roland Kern, mit ans\u00e4ssigen Vereinen, Initiativen und Gemeinschaften aus Waldacker ein B\u00fcrgerfest in und um den B\u00fcrgertreff. Das Fest findet am\u00a0 Samstag den13.06.2015 von 12 bis 18 Uhr statt. Nach dem gro\u00dfartigen Erfolg des Stra\u00dfenfestes im Oktober 2012 soll\u2026","rel":"","context":"In &quot;Feste&quot;","block_context":{"text":"Feste","link":"https:\/\/www.quartier-waldacker.de\/?cat=16"},"img":{"alt_text":"Plakat_Web_Vers_final","src":"https:\/\/i0.wp.com\/www.quartier-waldacker.de\/wp-content\/uploads\/2015\/05\/Plakat_Web_Vers_final-212x300.jpg?resize=350%2C200&ssl=1","width":350,"height":200},"classes":[]},{"id":16159,"url":"https:\/\/www.quartier-waldacker.de\/?p=16159","url_meta":{"origin":7829,"position":3},"title":"Radtour &#8211; Rund um Rodgau (34 Km)","author":"admin","date":"24. November 2017","format":false,"excerpt":"Bericht und Bilder von Reinhold HarnothTreffpunkt um 13.00 Uhr am B\u00fcrgertreff in Waldacker. Von hier zum weiteren Treffpunkt am Kl\u00e4rwerk in Ober-Roden an den Rentnerb\u00e4nken. Die Strecke von hier f\u00fchrte uns nach Rollwald. An der Bahnlinie entlang gelangten wir nach Nieder-Roden. Nach einem Abstecher zu den hohen H\u00e4user (auch die\u2026","rel":"","context":"In &quot;Radtouren&quot;","block_context":{"text":"Radtouren","link":"https:\/\/www.quartier-waldacker.de\/?cat=126"},"img":{"alt_text":"","src":"https:\/\/i0.wp.com\/www.quartier-waldacker.de\/wp-content\/uploads\/2017\/11\/Header_38.jpg?fit=1200%2C261&ssl=1&resize=350%2C200","width":350,"height":200,"srcset":"https:\/\/i0.wp.com\/www.quartier-waldacker.de\/wp-content\/uploads\/2017\/11\/Header_38.jpg?fit=1200%2C261&ssl=1&resize=350%2C200 1x, https:\/\/i0.wp.com\/www.quartier-waldacker.de\/wp-content\/uploads\/2017\/11\/Header_38.jpg?fit=1200%2C261&ssl=1&resize=525%2C300 1.5x, https:\/\/i0.wp.com\/www.quartier-waldacker.de\/wp-content\/uploads\/2017\/11\/Header_38.jpg?fit=1200%2C261&ssl=1&resize=700%2C400 2x, https:\/\/i0.wp.com\/www.quartier-waldacker.de\/wp-content\/uploads\/2017\/11\/Header_38.jpg?fit=1200%2C261&ssl=1&resize=1050%2C600 3x"},"classes":[]},{"id":9774,"url":"https:\/\/www.quartier-waldacker.de\/?p=9774","url_meta":{"origin":7829,"position":4},"title":"Radweg im \u201eNiemandsland\u201c","author":"admin","date":"23. M\u00e4rz 2016","format":false,"excerpt":"Ein Beitrag von Theo Frie\u00df \u00dcber die Radwege des Stadtteils R\u00f6dermark-Waldacker wird seit der Sanierung der B459 diskutiert. Eine allseits befriedigende L\u00f6sung ist bis heute nicht gefunden. Besonders am Ortseingang - \u00a0aus Dietzenbach kommend \u2013 gibt es gro\u00dfe Unklarheiten. Urspr\u00fcnglich war ab dem Radwegende die Benutzung des B\u00fcrgersteiges auch f\u00fcr\u2026","rel":"","context":"In &quot;B\u00fcrgerschaftliches Engagement&quot;","block_context":{"text":"B\u00fcrgerschaftliches Engagement","link":"https:\/\/www.quartier-waldacker.de\/?cat=184"},"img":{"alt_text":"","src":"","width":0,"height":0},"classes":[]},{"id":24083,"url":"https:\/\/www.quartier-waldacker.de\/?p=24083","url_meta":{"origin":7829,"position":5},"title":"Aktivit\u00e4ten der Quartiersgruppe Waldacker in einer Zeitleiste aufgelistet.","author":"Johannes","date":"25. April 2024","format":false,"excerpt":"Nov. 2011 Zukunftswerkstadt Alle Waldackerer, die das 60. Lebensjahr vollendet haben, wurden von Herrn W. Geiken -Weigh von der Stadt R\u00f6dermark in die Zukunftswerkstadt eingeladen. Januar 2012 Gr\u00fcndung der \"Quariersgruppe Waldacker\" Aus der Zukunftswerkstadt entstand Quartiers-Waldacker Februar 2012 Seniorenfahrt zum Film des Monat Einmal im Monat f\u00e4hrt Herr B\u00e4rmann mit\u2026","rel":"","context":"With 1 comment","block_context":{"text":"With 1 comment","link":"https:\/\/www.quartier-waldacker.de\/?p=24083#comments"},"img":{"alt_text":"","src":"https:\/\/i0.wp.com\/www.quartier-waldacker.de\/wp-content\/uploads\/2024\/04\/Quartier_Historie.jpg?fit=1200%2C281&ssl=1&resize=350%2C200","width":350,"height":200,"srcset":"https:\/\/i0.wp.com\/www.quartier-waldacker.de\/wp-content\/uploads\/2024\/04\/Quartier_Historie.jpg?fit=1200%2C281&ssl=1&resize=350%2C200 1x, https:\/\/i0.wp.com\/www.quartier-waldacker.de\/wp-content\/uploads\/2024\/04\/Quartier_Historie.jpg?fit=1200%2C281&ssl=1&resize=525%2C300 1.5x, https:\/\/i0.wp.com\/www.quartier-waldacker.de\/wp-content\/uploads\/2024\/04\/Quartier_Historie.jpg?fit=1200%2C281&ssl=1&resize=700%2C400 2x, https:\/\/i0.wp.com\/www.quartier-waldacker.de\/wp-content\/uploads\/2024\/04\/Quartier_Historie.jpg?fit=1200%2C281&ssl=1&resize=1050%2C600 3x"},"classes":[]}],"jetpack_sharing_enabled":true,"rttpg_featured_image_url":null,"rttpg_author":{"display_name":"admin","author_link":"https:\/\/www.quartier-waldacker.de\/?author=1"},"rttpg_comment":0,"rttpg_category":"<a href=\"https:\/\/www.quartier-waldacker.de\/?cat=193\" rel=\"category\">Vortr\u00e4ge<\/a>","rttpg_excerpt":"Veranstaltungsreihe der Quartiersgruppe Waldacker \u2013 Vorstellungen der \u201eB\u00fcrger Energiegenossenschaft Rodgau-R\u00f6dermark eG\u201c (EnerGo) mit ihren Zielen, ihrer Entwicklung und ihrem Leistungsangebot, den realisierten Projekten und einem Blick in die Zukunft. Am Dienstag, dem 16. Juni 2015, um 18:30 Uhr l\u00e4dt die Quartiersgruppe Waldacker zur Informationsveranstaltung \u201eVorstellungen der \u201eB\u00fcrger-Energiegenossenschaft Rodgau-R\u00f6dermark eG\u201c (EnerGo)\u201c mit dem Referenten Karlheinz Weber,&hellip;","_links":{"self":[{"href":"https:\/\/www.quartier-waldacker.de\/index.php?rest_route=\/wp\/v2\/posts\/7829","targetHints":{"allow":["GET"]}}],"collection":[{"href":"https:\/\/www.quartier-waldacker.de\/index.php?rest_route=\/wp\/v2\/posts"}],"about":[{"href":"https:\/\/www.quartier-waldacker.de\/index.php?rest_route=\/wp\/v2\/types\/post"}],"author":[{"embeddable":true,"href":"https:\/\/www.quartier-waldacker.de\/index.php?rest_route=\/wp\/v2\/users\/1"}],"replies":[{"embeddable":true,"href":"https:\/\/www.quartier-waldacker.de\/index.php?rest_route=%2Fwp%2Fv2%2Fcomments&post=7829"}],"version-history":[{"count":0,"href":"https:\/\/www.quartier-waldacker.de\/index.php?rest_route=\/wp\/v2\/posts\/7829\/revisions"}],"wp:attachment":[{"href":"https:\/\/www.quartier-waldacker.de\/index.php?rest_route=%2Fwp%2Fv2%2Fmedia&parent=7829"}],"wp:term":[{"taxonomy":"category","embeddable":true,"href":"https:\/\/www.quartier-waldacker.de\/index.php?rest_route=%2Fwp%2Fv2%2Fcategories&post=7829"},{"taxonomy":"post_tag","embeddable":true,"href":"https:\/\/www.quartier-waldacker.de\/index.php?rest_route=%2Fwp%2Fv2%2Ftags&post=7829"}],"curies":[{"name":"wp","href":"https:\/\/api.w.org\/{rel}","templated":true}]}}