{"id":7807,"date":"2015-06-01T15:13:28","date_gmt":"2015-06-01T14:13:28","guid":{"rendered":"https:\/\/www.quartier-waldacker.de\/?p=7807"},"modified":"2015-06-02T14:20:43","modified_gmt":"2015-06-02T13:20:43","slug":"waldacker-feiert-in-und-um-den-buergertreff","status":"publish","type":"post","link":"https:\/\/www.quartier-waldacker.de\/?p=7807","title":{"rendered":"Waldacker feiert in und um den B\u00fcrgertreff"},"content":{"rendered":"<p><span style=\"font-family: arial,helvetica,sans-serif; font-size: 14pt;\"><a href=\"https:\/\/i0.wp.com\/www.quartier-waldacker.de\/wp-content\/uploads\/2015\/05\/Plakat_Web_Vers_final.jpg?ssl=1\"><img data-recalc-dims=\"1\" loading=\"lazy\" decoding=\"async\" data-attachment-id=\"7799\" data-permalink=\"https:\/\/www.quartier-waldacker.de\/?attachment_id=7799\" data-orig-file=\"https:\/\/i0.wp.com\/www.quartier-waldacker.de\/wp-content\/uploads\/2015\/05\/Plakat_Web_Vers_final.jpg?fit=552%2C780&amp;ssl=1\" data-orig-size=\"552,780\" data-comments-opened=\"1\" data-image-meta=\"{&quot;aperture&quot;:&quot;0&quot;,&quot;credit&quot;:&quot;&quot;,&quot;camera&quot;:&quot;&quot;,&quot;caption&quot;:&quot;&quot;,&quot;created_timestamp&quot;:&quot;0&quot;,&quot;copyright&quot;:&quot;&quot;,&quot;focal_length&quot;:&quot;0&quot;,&quot;iso&quot;:&quot;0&quot;,&quot;shutter_speed&quot;:&quot;0&quot;,&quot;title&quot;:&quot;&quot;,&quot;orientation&quot;:&quot;0&quot;}\" data-image-title=\"Plakat_Web_Vers_final\" data-image-description=\"\" data-image-caption=\"\" data-large-file=\"https:\/\/i0.wp.com\/www.quartier-waldacker.de\/wp-content\/uploads\/2015\/05\/Plakat_Web_Vers_final.jpg?fit=552%2C780&amp;ssl=1\" class=\" size-medium wp-image-7799 alignleft\" src=\"https:\/\/i0.wp.com\/www.quartier-waldacker.de\/wp-content\/uploads\/2015\/05\/Plakat_Web_Vers_final.jpg?resize=212%2C300&#038;ssl=1\" alt=\"Plakat_Web_Vers_final\" width=\"212\" height=\"300\" srcset=\"https:\/\/i0.wp.com\/www.quartier-waldacker.de\/wp-content\/uploads\/2015\/05\/Plakat_Web_Vers_final.jpg?resize=212%2C300&amp;ssl=1 212w, https:\/\/i0.wp.com\/www.quartier-waldacker.de\/wp-content\/uploads\/2015\/05\/Plakat_Web_Vers_final.jpg?w=552&amp;ssl=1 552w\" sizes=\"auto, (max-width: 212px) 100vw, 212px\" \/><\/a>Die Quartiersgruppe Waldacker organisiert und feiert, unter der Schirmherrschaft von B\u00fcrgermeister Roland Kern, mit ans\u00e4ssigen Vereinen, Initiativen und Gemeinschaften aus Waldacker ein B\u00fcrgerfest in und um den B\u00fcrgertreff. Da<\/span><span style=\"font-family: arial,helvetica,sans-serif; font-size: 14pt;\">s Fest findet am\u00a0 <strong>Samstag den13.06.2015 von 12 bis 18 Uh<\/strong>r statt.<\/span><br \/>\n<span style=\"font-family: arial,helvetica,sans-serif; font-size: 14pt;\">Nach dem gro\u00dfartigen Erfolg des Stra\u00dfenfestes im Oktober 2012 soll am 13.06.2015 ein weiteres Fest alle B\u00fcrgerinnen und B\u00fcrger herzlich dazu einladen, gemeinsam ein paar sch\u00f6ne Stunden zu verbringen und miteinander ins Gespr\u00e4ch zu kommen.<\/span><br \/>\n<span style=\"font-family: arial,helvetica,sans-serif; font-size: 14pt;\">F\u00fcr das leibliche Wohl sorgt der Club der Hundefreunde e.V<\/span><span style=\"font-family: arial,helvetica,sans-serif; font-size: 14pt;\">. und der Angelsportverein R\u00f6dermark e.V., internationale K\u00f6stlichkeiten bietet der Verein \u201eAlle f\u00fcr Alle\u201c e.V. an. Kaffee und selbstgebackene Kuchen bietet der Seniorenkreis der ev. Kirche, die Quartiersgruppe Waldacker, die Demenzgruppe Leuchtturm und die Siedlergemeinschaft Waldacker an. Alle Mitgestalter informieren an St\u00e4nden, der Kindergarten Amselweg ist mit einer H\u00fcpfburg und weiteren Aktionen f\u00fcr Kinder dabei, die Mutter-Vater-Kind-Gruppe bietet Waffeln und ein Bobby-Car Parcours f\u00fcr die Kleinsten, die Abteilung Jugend der Stadt R\u00f6dermark stellt eine Kletterwand f\u00fcr Jugendliche bereit. Der Fotoclub R\u00f6dermark erstellt vor Ort Portraits und die Lebenshilfe Dieburg l\u00e4dt zu einer kleinen Bilderausstellung ein. F\u00fcr die musikalische Unterhaltung sorgt der Jazzclub R\u00f6dermark. Weitere musikalische Darbietungen sind geplant. Die Quartiersgruppe Waldacker wird mit Plakaten, Aush\u00e4ngen sowie pers\u00f6nlichen Gespr\u00e4chen \u00fcber ihre Arbeit und Aktivit\u00e4ten informieren und einen Ausblick auf geplante, zuk\u00fcnftige Projekte geben.<\/span><br \/>\n<span style=\"font-family: arial,helvetica,sans-serif; font-size: 14pt;\">Unter anderen soll ein \u201eWunschbaum\u201c dazu dienen, dass sich die B\u00fcrgerinnen und B\u00fcrger mit Ideen, W\u00fcnschen und Vorschl\u00e4gen m\u00f6glicherweise in die Arbeit der Quartiersgruppe einbringen.<\/span><\/p>\n<p><span style=\"font-family: arial,helvetica,sans-serif; font-size: 14pt;\">An diesem Fest wirken aktiv mit: Der Angersportverein ASV 1971, Club der Hundefreunde Waldacker, B\u00fcrger f\u00fcr Sicherheit, Siedlergemeinschaft Waldacker, Abteilung Jugend der Stadt R\u00f6dermark, Kindergarten Waldacker, Seniorenkreis der ev. Kirche, Verein AfA e.V., Fotoclub R\u00f6dermark, Mutter-Vater-Kind-Gruppe, Demenzgruppe Leuchtturm, Lebenshilfe Dieburg, Seniorenhilfe R\u00f6dermark e.V. Jazzclub R\u00f6dermark und last but not least der Initiator, die Quartiersgruppe Waldacker.<\/span><\/p>\n<p>&nbsp;<\/p>\n<p style=\"text-align: center;\">[ratings]\n","protected":false},"excerpt":{"rendered":"<p>Die Quartiersgruppe Waldacker organisiert und feiert, unter der Schirmherrschaft von B\u00fcrgermeister Roland Kern, mit ans\u00e4ssigen Vereinen, Initiativen und Gemeinschaften aus Waldacker ein B\u00fcrgerfest in und um den B\u00fcrgertreff. Das Fest findet am\u00a0 Samstag den13.06.2015 von 12 bis 18 Uhr statt. Nach dem gro\u00dfartigen Erfolg des Stra\u00dfenfestes im Oktober 2012 soll am 13.06.2015 ein weiteres Fest &#8230; <a title=\"Waldacker feiert in und um den B\u00fcrgertreff\" class=\"read-more\" href=\"https:\/\/www.quartier-waldacker.de\/?p=7807\" aria-label=\"Mehr Informationen \u00fcber Waldacker feiert in und um den B\u00fcrgertreff\">Weiterlesen<\/a><\/p>\n","protected":false},"author":5,"featured_media":0,"comment_status":"open","ping_status":"open","sticky":false,"template":"","format":"standard","meta":{"generate_page_header":"","_jetpack_memberships_contains_paid_content":false,"footnotes":""},"categories":[16],"tags":[],"class_list":["post-7807","post","type-post","status-publish","format-standard","hentry","category-feste"],"jetpack_featured_media_url":"","jetpack-related-posts":[{"id":7846,"url":"https:\/\/www.quartier-waldacker.de\/?p=7846","url_meta":{"origin":7807,"position":0},"title":"Waldacker hat gefeiert \u2013 Ein Streifzug durch die Festmeile.","author":"Johannes","date":"23. Juni 2015","format":false,"excerpt":"Vier Stunden Aufbauarbeiten, rund um Waldacker dicke Regenwolken jedoch in Waldacker selbst bestes Wetter zum Feiern. Bei angenehmen Temperaturen und herzliche einleitende Worte von B\u00fcrgermeister Roland Kern, Erster Stadtrat J\u00f6rg Rotter und Quartierssprecherin Marisa Haring startete die Quartiersgruppe Waldacker ihr zweites Stadtteilfest. Von der Amselstra\u00dfe bis Lindenweg wurde ein buntes\u2026","rel":"","context":"In &quot;Feste&quot;","block_context":{"text":"Feste","link":"https:\/\/www.quartier-waldacker.de\/?cat=16"},"img":{"alt_text":"Foto: Christine Ziesecke","src":"https:\/\/i0.wp.com\/www.quartier-waldacker.de\/wp-content\/uploads\/2015\/06\/WA_32-200x300.jpg?resize=350%2C200&ssl=1","width":350,"height":200},"classes":[]},{"id":25237,"url":"https:\/\/www.quartier-waldacker.de\/?p=25237","url_meta":{"origin":7807,"position":1},"title":"35 Jahre B\u00fcrgertreff Waldacker","author":"Johannes","date":"14. September 2024","format":false,"excerpt":"Der B\u00fcrgertreff Waldacker ist ein stadtteil\u00fcbergreifender Treffpunkt f\u00fcr Jung und Alt und erfreut die Waldackerer. Am 14. August 1989 fand die offizielle \u00dcbergabe des B\u00fcrgertreffs in Waldacker durch den Architekten Hans Lang statt. Die Quartiersmanagerin Andrea Sobanski, hat zusammen mit ihrem Team das etwas versp\u00e4tete Jubil\u00e4um f\u00fcr den 7. September\u2026","rel":"","context":"In &quot;AG-B\u00fcrgertreff&quot;","block_context":{"text":"AG-B\u00fcrgertreff","link":"https:\/\/www.quartier-waldacker.de\/?cat=192"},"img":{"alt_text":"","src":"https:\/\/i0.wp.com\/www.quartier-waldacker.de\/wp-content\/uploads\/2024\/09\/35-Jahre-Buergertreff.jpg?fit=1200%2C281&ssl=1&resize=350%2C200","width":350,"height":200,"srcset":"https:\/\/i0.wp.com\/www.quartier-waldacker.de\/wp-content\/uploads\/2024\/09\/35-Jahre-Buergertreff.jpg?fit=1200%2C281&ssl=1&resize=350%2C200 1x, https:\/\/i0.wp.com\/www.quartier-waldacker.de\/wp-content\/uploads\/2024\/09\/35-Jahre-Buergertreff.jpg?fit=1200%2C281&ssl=1&resize=525%2C300 1.5x, https:\/\/i0.wp.com\/www.quartier-waldacker.de\/wp-content\/uploads\/2024\/09\/35-Jahre-Buergertreff.jpg?fit=1200%2C281&ssl=1&resize=700%2C400 2x, https:\/\/i0.wp.com\/www.quartier-waldacker.de\/wp-content\/uploads\/2024\/09\/35-Jahre-Buergertreff.jpg?fit=1200%2C281&ssl=1&resize=1050%2C600 3x"},"classes":[]},{"id":27142,"url":"https:\/\/www.quartier-waldacker.de\/?p=27142","url_meta":{"origin":7807,"position":2},"title":"\u201eKulinarische Reise durch und um R\u00f6dermark\u201c feiert ihre 200. Jubil\u00e4umsschmaus","author":"admin","date":"22. August 2025","format":false,"excerpt":"Beitrag und Bilder aus der Offenbach Post von Christine Ziesecke Waldacker \u201eQuartier Waldacker \u2013 gemeinsam aktiv, ein Team, ein Ziel!\u201c So steht es auf der Homepage der Quartiersgruppe Waldacker, einer \u201eGruppe von engagierten B\u00fcrgern aus Waldacker, die versucht, das Leben in Waldacker annehmlicher zu gestalten.\u201c Mitmachen kann jeder, solange es\u2026","rel":"","context":"In &quot;B\u00fcrgerschaftliches Engagement&quot;","block_context":{"text":"B\u00fcrgerschaftliches Engagement","link":"https:\/\/www.quartier-waldacker.de\/?cat=184"},"img":{"alt_text":"","src":"https:\/\/i0.wp.com\/www.quartier-waldacker.de\/wp-content\/uploads\/2025\/08\/Header-200-Essen-5-GabelV1n.jpg?fit=960%2C300&ssl=1&resize=350%2C200","width":350,"height":200,"srcset":"https:\/\/i0.wp.com\/www.quartier-waldacker.de\/wp-content\/uploads\/2025\/08\/Header-200-Essen-5-GabelV1n.jpg?fit=960%2C300&ssl=1&resize=350%2C200 1x, https:\/\/i0.wp.com\/www.quartier-waldacker.de\/wp-content\/uploads\/2025\/08\/Header-200-Essen-5-GabelV1n.jpg?fit=960%2C300&ssl=1&resize=525%2C300 1.5x, https:\/\/i0.wp.com\/www.quartier-waldacker.de\/wp-content\/uploads\/2025\/08\/Header-200-Essen-5-GabelV1n.jpg?fit=960%2C300&ssl=1&resize=700%2C400 2x"},"classes":[]},{"id":26573,"url":"https:\/\/www.quartier-waldacker.de\/?p=26573","url_meta":{"origin":7807,"position":3},"title":"Siedlergemeinschaft und die Quartiersgruppe treffen sich!","author":"admin","date":"16. M\u00e4rz 2025","format":false,"excerpt":"Ein Beitrag von Silvia Rebell Am Mittwoch, den 12. M\u00e4rz, fand ein sch\u00f6nes und inspirierendes Zusammentreffen der\u00a0Quartiersgruppe Waldacker und\u00a0der\u00a0Siedlergemeinschaft R\u00f6dermark-Waldacker\u00a0statt. In geselliger Runde kamen nicht nur die\u00a0aktiven Seniorinnen und Senioren zusammen, die sich bereits mit gro\u00dfem Engagement in der Quartiersarbeit einbringen. Sie gestalten regelm\u00e4\u00dfig Programme und Veranstaltungen, die auf ihre\u2026","rel":"","context":"In \"2025\"","block_context":{"text":"2025","link":"https:\/\/www.quartier-waldacker.de\/?tag=2025"},"img":{"alt_text":"","src":"https:\/\/i0.wp.com\/www.quartier-waldacker.de\/wp-content\/uploads\/2025\/03\/Headers_gemeinsam1280.jpg?fit=1200%2C281&ssl=1&resize=350%2C200","width":350,"height":200,"srcset":"https:\/\/i0.wp.com\/www.quartier-waldacker.de\/wp-content\/uploads\/2025\/03\/Headers_gemeinsam1280.jpg?fit=1200%2C281&ssl=1&resize=350%2C200 1x, https:\/\/i0.wp.com\/www.quartier-waldacker.de\/wp-content\/uploads\/2025\/03\/Headers_gemeinsam1280.jpg?fit=1200%2C281&ssl=1&resize=525%2C300 1.5x, https:\/\/i0.wp.com\/www.quartier-waldacker.de\/wp-content\/uploads\/2025\/03\/Headers_gemeinsam1280.jpg?fit=1200%2C281&ssl=1&resize=700%2C400 2x, https:\/\/i0.wp.com\/www.quartier-waldacker.de\/wp-content\/uploads\/2025\/03\/Headers_gemeinsam1280.jpg?fit=1200%2C281&ssl=1&resize=1050%2C600 3x"},"classes":[]},{"id":20117,"url":"https:\/\/www.quartier-waldacker.de\/?p=20117","url_meta":{"origin":7807,"position":4},"title":"Krimifans kommen in Waldacker auf ihre Kosten &#8211; \u00d6ffentlicher B\u00fccherschrank im B\u00fcrgertreff","author":"admin","date":"11. M\u00e4rz 2021","format":"image","excerpt":"Ein Beitrag von Ute Schmidt Im Eingangsbereich des B\u00fcrgertreffs Waldacker in der Goethestra\u00dfe 39 befindet sich ein \u00f6ffentlicher B\u00fccherschrank. Interessierte Leser k\u00f6nnen sich dort kostenfrei und unverbindlich, spannende und abwechslungsreiche Literatur ausleihen. Unser ehrenamtliches Mitglied der Quartiersgruppe Waldacker Margret Schierenbeck k\u00fcmmert sich seit \u00fcber drei Jahren um diese beiden B\u00fccherregale.\u2026","rel":"","context":"In \"B\u00fccher\"","block_context":{"text":"B\u00fccher","link":"https:\/\/www.quartier-waldacker.de\/?tag=buecher"},"img":{"alt_text":"","src":"https:\/\/i0.wp.com\/www.quartier-waldacker.de\/wp-content\/uploads\/2021\/03\/BUe-Header-1280_300.jpg?fit=1200%2C281&ssl=1&resize=350%2C200","width":350,"height":200,"srcset":"https:\/\/i0.wp.com\/www.quartier-waldacker.de\/wp-content\/uploads\/2021\/03\/BUe-Header-1280_300.jpg?fit=1200%2C281&ssl=1&resize=350%2C200 1x, https:\/\/i0.wp.com\/www.quartier-waldacker.de\/wp-content\/uploads\/2021\/03\/BUe-Header-1280_300.jpg?fit=1200%2C281&ssl=1&resize=525%2C300 1.5x, https:\/\/i0.wp.com\/www.quartier-waldacker.de\/wp-content\/uploads\/2021\/03\/BUe-Header-1280_300.jpg?fit=1200%2C281&ssl=1&resize=700%2C400 2x, https:\/\/i0.wp.com\/www.quartier-waldacker.de\/wp-content\/uploads\/2021\/03\/BUe-Header-1280_300.jpg?fit=1200%2C281&ssl=1&resize=1050%2C600 3x"},"classes":[]},{"id":12621,"url":"https:\/\/www.quartier-waldacker.de\/?p=12621","url_meta":{"origin":7807,"position":5},"title":"Die Waldmeister starten ab August in der Kinderwaldstadt","author":"admin","date":"22. M\u00e4rz 2017","format":false,"excerpt":"l Beitrag von Christine Ziesecke Waldacker Im letzten Herbst in die Planung gegangen, in dieser Woche startet die Anmeldung: am 1. August wird der Waldkindergarten auf dem ehemaligen Gel\u00e4nde der Kinderwaldstadt er\u00f6ffnen. \u201eDie Waldmeister\u201c sind eine st\u00e4dtische Einrichtung und arbeiten zwar mit der Kita Amselstra\u00dfe zusammen, sind aber eine eigenst\u00e4ndige\u2026","rel":"","context":"In &quot;AG-B\u00fcrgertreff&quot;","block_context":{"text":"AG-B\u00fcrgertreff","link":"https:\/\/www.quartier-waldacker.de\/?cat=192"},"img":{"alt_text":"","src":"https:\/\/i0.wp.com\/www.quartier-waldacker.de\/wp-content\/uploads\/2017\/03\/Buergertreff99.jpg?fit=1200%2C281&ssl=1&resize=350%2C200","width":350,"height":200,"srcset":"https:\/\/i0.wp.com\/www.quartier-waldacker.de\/wp-content\/uploads\/2017\/03\/Buergertreff99.jpg?fit=1200%2C281&ssl=1&resize=350%2C200 1x, https:\/\/i0.wp.com\/www.quartier-waldacker.de\/wp-content\/uploads\/2017\/03\/Buergertreff99.jpg?fit=1200%2C281&ssl=1&resize=525%2C300 1.5x, https:\/\/i0.wp.com\/www.quartier-waldacker.de\/wp-content\/uploads\/2017\/03\/Buergertreff99.jpg?fit=1200%2C281&ssl=1&resize=700%2C400 2x, https:\/\/i0.wp.com\/www.quartier-waldacker.de\/wp-content\/uploads\/2017\/03\/Buergertreff99.jpg?fit=1200%2C281&ssl=1&resize=1050%2C600 3x"},"classes":[]}],"jetpack_sharing_enabled":true,"rttpg_featured_image_url":null,"rttpg_author":{"display_name":"Johannes","author_link":"https:\/\/www.quartier-waldacker.de\/?author=5"},"rttpg_comment":0,"rttpg_category":"<a href=\"https:\/\/www.quartier-waldacker.de\/?cat=16\" rel=\"category\">Feste<\/a>","rttpg_excerpt":"Die Quartiersgruppe Waldacker organisiert und feiert, unter der Schirmherrschaft von B\u00fcrgermeister Roland Kern, mit ans\u00e4ssigen Vereinen, Initiativen und Gemeinschaften aus Waldacker ein B\u00fcrgerfest in und um den B\u00fcrgertreff. Das Fest findet am\u00a0 Samstag den13.06.2015 von 12 bis 18 Uhr statt. Nach dem gro\u00dfartigen Erfolg des Stra\u00dfenfestes im Oktober 2012 soll am 13.06.2015 ein weiteres Fest&hellip;","_links":{"self":[{"href":"https:\/\/www.quartier-waldacker.de\/index.php?rest_route=\/wp\/v2\/posts\/7807","targetHints":{"allow":["GET"]}}],"collection":[{"href":"https:\/\/www.quartier-waldacker.de\/index.php?rest_route=\/wp\/v2\/posts"}],"about":[{"href":"https:\/\/www.quartier-waldacker.de\/index.php?rest_route=\/wp\/v2\/types\/post"}],"author":[{"embeddable":true,"href":"https:\/\/www.quartier-waldacker.de\/index.php?rest_route=\/wp\/v2\/users\/5"}],"replies":[{"embeddable":true,"href":"https:\/\/www.quartier-waldacker.de\/index.php?rest_route=%2Fwp%2Fv2%2Fcomments&post=7807"}],"version-history":[{"count":0,"href":"https:\/\/www.quartier-waldacker.de\/index.php?rest_route=\/wp\/v2\/posts\/7807\/revisions"}],"wp:attachment":[{"href":"https:\/\/www.quartier-waldacker.de\/index.php?rest_route=%2Fwp%2Fv2%2Fmedia&parent=7807"}],"wp:term":[{"taxonomy":"category","embeddable":true,"href":"https:\/\/www.quartier-waldacker.de\/index.php?rest_route=%2Fwp%2Fv2%2Fcategories&post=7807"},{"taxonomy":"post_tag","embeddable":true,"href":"https:\/\/www.quartier-waldacker.de\/index.php?rest_route=%2Fwp%2Fv2%2Ftags&post=7807"}],"curies":[{"name":"wp","href":"https:\/\/api.w.org\/{rel}","templated":true}]}}