{"id":7785,"date":"2015-05-19T17:43:12","date_gmt":"2015-05-19T16:43:12","guid":{"rendered":"https:\/\/www.quartier-waldacker.de\/?p=7785"},"modified":"2019-05-09T11:49:14","modified_gmt":"2019-05-09T09:49:14","slug":"neuerungen-in-der-pflegeversicherung","status":"publish","type":"post","link":"https:\/\/www.quartier-waldacker.de\/?p=7785","title":{"rendered":"Neuerungen in der Pflegeversicherung"},"content":{"rendered":"<p><a href=\"https:\/\/i0.wp.com\/www.quartier-waldacker.de\/wp-content\/uploads\/2015\/05\/AL.jpg?ssl=1\"><img data-recalc-dims=\"1\" loading=\"lazy\" decoding=\"async\" data-attachment-id=\"7786\" data-permalink=\"https:\/\/www.quartier-waldacker.de\/?attachment_id=7786#main\" data-orig-file=\"https:\/\/i0.wp.com\/www.quartier-waldacker.de\/wp-content\/uploads\/2015\/05\/AL.jpg?fit=780%2C300&amp;ssl=1\" data-orig-size=\"780,300\" data-comments-opened=\"1\" data-image-meta=\"{&quot;aperture&quot;:&quot;0&quot;,&quot;credit&quot;:&quot;&quot;,&quot;camera&quot;:&quot;&quot;,&quot;caption&quot;:&quot;&quot;,&quot;created_timestamp&quot;:&quot;0&quot;,&quot;copyright&quot;:&quot;&quot;,&quot;focal_length&quot;:&quot;0&quot;,&quot;iso&quot;:&quot;0&quot;,&quot;shutter_speed&quot;:&quot;0&quot;,&quot;title&quot;:&quot;&quot;,&quot;orientation&quot;:&quot;1&quot;}\" data-image-title=\"AL\" data-image-description=\"\" data-image-caption=\"\" data-large-file=\"https:\/\/i0.wp.com\/www.quartier-waldacker.de\/wp-content\/uploads\/2015\/05\/AL.jpg?fit=780%2C300&amp;ssl=1\" class=\" size-medium wp-image-7786 alignleft\" src=\"https:\/\/i0.wp.com\/www.quartier-waldacker.de\/wp-content\/uploads\/2015\/05\/AL.jpg?resize=300%2C115&#038;ssl=1\" alt=\"AL\" width=\"300\" height=\"115\" srcset=\"https:\/\/i0.wp.com\/www.quartier-waldacker.de\/wp-content\/uploads\/2015\/05\/AL.jpg?resize=300%2C115&amp;ssl=1 300w, https:\/\/i0.wp.com\/www.quartier-waldacker.de\/wp-content\/uploads\/2015\/05\/AL.jpg?w=780&amp;ssl=1 780w\" sizes=\"auto, (max-width: 300px) 100vw, 300px\" \/><\/a><span style=\"font-size: 14pt; font-family: arial,helvetica,sans-serif;\">Immer mehr Menschen sind auf Pflege angewiesen. Was steht Ihnen finanziell zu, wie, wo, wann erh\u00e4lt man Leistungen aus der Pflegeversicherung, auch bei Demenzerkrankung, wer unterst\u00fctzt dauerhaft und was hat sich mit dem Pflegest\u00e4rkungsgesetz ab Januar 2015 alles verbessert. Das Bundesministerium f\u00fcr Gesundheit berichtet: Durch das erste Pflegest\u00e4rkungsgesetz wurden die Leistungen f\u00fcr Pflegebed\u00fcrftige und ihre Angeh\u00f6rigen sp\u00fcrbar ausgeweitet und die Zahl der zus\u00e4tzlichen Betreuungskr\u00e4fte in station\u00e4ren Pflegeeinrichtungen erh\u00f6ht. Zudem wurde ein Pflegevorsorgefonds eingerichtet.<\/span><\/p>\n<p><span style=\"font-size: 14pt; font-family: arial,helvetica,sans-serif;\">\u00dcber diese Neuerungen wird Bernd Koop vom VdK Sozialverband in seinem Vortrag<\/span><\/p>\n<p><span style=\"font-size: 14pt; font-family: arial,helvetica,sans-serif;\">am 26.05.2015<\/span><br \/>\n<span style=\"font-size: 14pt; font-family: arial,helvetica,sans-serif;\">um 18 Uhr 30 <\/span><br \/>\n<span style=\"font-size: 14pt; font-family: arial,helvetica,sans-serif;\">im B\u00fcrgertreff Waldacker berichten.<\/span><\/p>\n<p><span style=\"font-size: 14pt; font-family: arial,helvetica,sans-serif;\">Die Veranstaltung ist kostenfrei.<\/span><\/p>\n<p><span style=\"font-size: 14pt; font-family: arial,helvetica,sans-serif;\">Der Vortrag findet im Rahmen der Veranstaltungsreihe statt, die die Quartiersgruppe Waldacker jeden dritten oder vierten Dienstag im Monat im B\u00fcrgertreff Waldacker durchf\u00fchrt. <\/span><\/p>\n<h2><span style=\"font-size: 16px;\">Publikationen des Bundesministerium f\u00fcr Soziales zu diese Thema finden Sie beim anklicken des Linkes<\/span><\/h2>\n<p><a href=\"https:\/\/www.bundesgesundheitsministerium.de\/service\/publikationen\/pflege.html\">https:\/\/www.bundesgesundheitsministerium.de\/service\/publikationen\/pflege.html<\/a><\/p>\n<p>&nbsp;<\/p>\n<p>&nbsp;<\/p>\n","protected":false},"excerpt":{"rendered":"<p>Immer mehr Menschen sind auf Pflege angewiesen. Was steht Ihnen finanziell zu, wie, wo, wann erh\u00e4lt man Leistungen aus der Pflegeversicherung, auch bei Demenzerkrankung, wer unterst\u00fctzt dauerhaft und was hat sich mit dem Pflegest\u00e4rkungsgesetz ab Januar 2015 alles verbessert. Das Bundesministerium f\u00fcr Gesundheit berichtet: Durch das erste Pflegest\u00e4rkungsgesetz wurden die Leistungen f\u00fcr Pflegebed\u00fcrftige und ihre &#8230; <a title=\"Neuerungen in der Pflegeversicherung\" class=\"read-more\" href=\"https:\/\/www.quartier-waldacker.de\/?p=7785\" aria-label=\"Mehr Informationen \u00fcber Neuerungen in der Pflegeversicherung\">Weiterlesen<\/a><\/p>\n","protected":false},"author":1,"featured_media":0,"comment_status":"open","ping_status":"open","sticky":false,"template":"","format":"standard","meta":{"generate_page_header":"","_jetpack_memberships_contains_paid_content":false,"footnotes":""},"categories":[193],"tags":[],"class_list":["post-7785","post","type-post","status-publish","format-standard","hentry","category-vortraege"],"jetpack_featured_media_url":"","jetpack-related-posts":[{"id":4882,"url":"https:\/\/www.quartier-waldacker.de\/?p=4882","url_meta":{"origin":7785,"position":0},"title":"Waldacker soll bl\u00fchen &#8211; Gr\u00fcnpatenschaft","author":"Johannes","date":"24. Februar 2014","format":false,"excerpt":"Die Stadt R\u00f6dermark bietet B\u00fcrgerinnen und B\u00fcrgern, die ihr Wohnumfeld versch\u00f6nern wollen, eine Gr\u00fcnpatenschaft f\u00fcr \u00f6ffentliche Pl\u00e4tze im Stadtgebiet an. In Waldacker gibt es zwei st\u00e4dtischen Anlagen, Ecke Hauptstra\u00dfe\/Lindenweg und Ecke An der H\u00fchnerecke-J\u00e4gerstra\u00dfe, die von Gr\u00fcnpaten bepflanzt, gepflegt und bew\u00e4ssert werden k\u00f6nnen, siehe Bericht in der Dreieich-Zeitung. Die anderen\u2026","rel":"","context":"In &quot;AG-Gr\u00fcn&quot;","block_context":{"text":"AG-Gr\u00fcn","link":"https:\/\/www.quartier-waldacker.de\/?cat=188"},"img":{"alt_text":"","src":"https:\/\/i0.wp.com\/www.quartier-waldacker.de\/wp-content\/uploads\/2014\/02\/P1060886_2.jpg?resize=350%2C200&ssl=1","width":350,"height":200},"classes":[]},{"id":23088,"url":"https:\/\/www.quartier-waldacker.de\/?p=23088","url_meta":{"origin":7785,"position":1},"title":"Erste Baumelbank f\u00fcr die Boulespieler eingeweiht","author":"admin","date":"19. September 2023","format":false,"excerpt":"Die von der Quartiergruppe Waldacker gespendete und langersehnte Baumelbank ist endlich da. Am Bouleplatz auf dem Mehrgenerationenspielplatz \u201eAm Lerchenberg\u201c wurde die erste offizielle Baumelbank f\u00fcr R\u00f6dermark in Waldacker Anfang der 37. KW vom Bauhof der Stadt R\u00f6dermark aufgestellt. Die offizielle Einweihung fand am 14.09.2023 um 15 Uhr statt. Anwesend waren\u2026","rel":"","context":"In &quot;Boule - Spiel&quot;","block_context":{"text":"Boule - Spiel","link":"https:\/\/www.quartier-waldacker.de\/?cat=63"},"img":{"alt_text":"","src":"https:\/\/i0.wp.com\/www.quartier-waldacker.de\/wp-content\/uploads\/2023\/09\/Header_BB.jpg?fit=780%2C300&ssl=1&resize=350%2C200","width":350,"height":200,"srcset":"https:\/\/i0.wp.com\/www.quartier-waldacker.de\/wp-content\/uploads\/2023\/09\/Header_BB.jpg?fit=780%2C300&ssl=1&resize=350%2C200 1x, https:\/\/i0.wp.com\/www.quartier-waldacker.de\/wp-content\/uploads\/2023\/09\/Header_BB.jpg?fit=780%2C300&ssl=1&resize=525%2C300 1.5x, https:\/\/i0.wp.com\/www.quartier-waldacker.de\/wp-content\/uploads\/2023\/09\/Header_BB.jpg?fit=780%2C300&ssl=1&resize=700%2C400 2x"},"classes":[]},{"id":22988,"url":"https:\/\/www.quartier-waldacker.de\/?p=22988","url_meta":{"origin":7785,"position":2},"title":"Sommerfest bei den Quartier-Waldacker Radler","author":"admin","date":"15. August 2023","format":false,"excerpt":"Am Samstag, den 12.08.2023 trafen sich um 15.00 Uhr 34 Radlerinnen und Radler zum ersten Mal im Garten des B\u00fcrgertreff-Waldacker zum Sommerfest. Das Wetter war bis zum Beginn des Festes wechselhaft, stabilisierte sich aber im Laufe des Nachmittags weitestgehend, so dass einem guten Verlauf bei angenehmen Temperaturen nichts mehr im\u2026","rel":"","context":"In &quot;AG-Radfahren&quot;","block_context":{"text":"AG-Radfahren","link":"https:\/\/www.quartier-waldacker.de\/?cat=202"},"img":{"alt_text":"","src":"https:\/\/i0.wp.com\/www.quartier-waldacker.de\/wp-content\/uploads\/2022\/08\/Somfest1.jpg?fit=1200%2C281&ssl=1&resize=350%2C200","width":350,"height":200,"srcset":"https:\/\/i0.wp.com\/www.quartier-waldacker.de\/wp-content\/uploads\/2022\/08\/Somfest1.jpg?fit=1200%2C281&ssl=1&resize=350%2C200 1x, https:\/\/i0.wp.com\/www.quartier-waldacker.de\/wp-content\/uploads\/2022\/08\/Somfest1.jpg?fit=1200%2C281&ssl=1&resize=525%2C300 1.5x, https:\/\/i0.wp.com\/www.quartier-waldacker.de\/wp-content\/uploads\/2022\/08\/Somfest1.jpg?fit=1200%2C281&ssl=1&resize=700%2C400 2x, https:\/\/i0.wp.com\/www.quartier-waldacker.de\/wp-content\/uploads\/2022\/08\/Somfest1.jpg?fit=1200%2C281&ssl=1&resize=1050%2C600 3x"},"classes":[]},{"id":25237,"url":"https:\/\/www.quartier-waldacker.de\/?p=25237","url_meta":{"origin":7785,"position":3},"title":"35 Jahre B\u00fcrgertreff Waldacker","author":"Johannes","date":"14. September 2024","format":false,"excerpt":"Der B\u00fcrgertreff Waldacker ist ein stadtteil\u00fcbergreifender Treffpunkt f\u00fcr Jung und Alt und erfreut die Waldackerer. Am 14. August 1989 fand die offizielle \u00dcbergabe des B\u00fcrgertreffs in Waldacker durch den Architekten Hans Lang statt. Die Quartiersmanagerin Andrea Sobanski, hat zusammen mit ihrem Team das etwas versp\u00e4tete Jubil\u00e4um f\u00fcr den 7. September\u2026","rel":"","context":"In &quot;AG-B\u00fcrgertreff&quot;","block_context":{"text":"AG-B\u00fcrgertreff","link":"https:\/\/www.quartier-waldacker.de\/?cat=192"},"img":{"alt_text":"","src":"https:\/\/i0.wp.com\/www.quartier-waldacker.de\/wp-content\/uploads\/2024\/09\/35-Jahre-Buergertreff.jpg?fit=1200%2C281&ssl=1&resize=350%2C200","width":350,"height":200,"srcset":"https:\/\/i0.wp.com\/www.quartier-waldacker.de\/wp-content\/uploads\/2024\/09\/35-Jahre-Buergertreff.jpg?fit=1200%2C281&ssl=1&resize=350%2C200 1x, https:\/\/i0.wp.com\/www.quartier-waldacker.de\/wp-content\/uploads\/2024\/09\/35-Jahre-Buergertreff.jpg?fit=1200%2C281&ssl=1&resize=525%2C300 1.5x, https:\/\/i0.wp.com\/www.quartier-waldacker.de\/wp-content\/uploads\/2024\/09\/35-Jahre-Buergertreff.jpg?fit=1200%2C281&ssl=1&resize=700%2C400 2x, https:\/\/i0.wp.com\/www.quartier-waldacker.de\/wp-content\/uploads\/2024\/09\/35-Jahre-Buergertreff.jpg?fit=1200%2C281&ssl=1&resize=1050%2C600 3x"},"classes":[]},{"id":26497,"url":"https:\/\/www.quartier-waldacker.de\/?p=26497","url_meta":{"origin":7785,"position":4},"title":"Quartiers-Radler starten in die 11. Saison!","author":"admin","date":"17. Februar 2025","format":false,"excerpt":"Wie schon seit einigen Jahren trafen sich die Radlerinnen und Radler der Stadtteilgruppe Waldacker Mitte Februar 2025, dieses Jahr am 15. Februar, zum obligatorischen Auftakttreffen im Schillerhaus in Urberach. Zu diesem Treffen haben eingeladen die Organisatoren Gerhard Elsesser und Reinhold Harnoth. F\u00fcr die Gestaltung des Nachmittags konnten die Organisatoren die\u2026","rel":"","context":"In &quot;AG-Radfahren&quot;","block_context":{"text":"AG-Radfahren","link":"https:\/\/www.quartier-waldacker.de\/?cat=202"},"img":{"alt_text":"","src":"https:\/\/i0.wp.com\/www.quartier-waldacker.de\/wp-content\/uploads\/2025\/02\/ezgif.com-animated-gif-maker1.gif?fit=1200%2C281&ssl=1&resize=350%2C200","width":350,"height":200,"srcset":"https:\/\/i0.wp.com\/www.quartier-waldacker.de\/wp-content\/uploads\/2025\/02\/ezgif.com-animated-gif-maker1.gif?fit=1200%2C281&ssl=1&resize=350%2C200 1x, https:\/\/i0.wp.com\/www.quartier-waldacker.de\/wp-content\/uploads\/2025\/02\/ezgif.com-animated-gif-maker1.gif?fit=1200%2C281&ssl=1&resize=525%2C300 1.5x, https:\/\/i0.wp.com\/www.quartier-waldacker.de\/wp-content\/uploads\/2025\/02\/ezgif.com-animated-gif-maker1.gif?fit=1200%2C281&ssl=1&resize=700%2C400 2x, https:\/\/i0.wp.com\/www.quartier-waldacker.de\/wp-content\/uploads\/2025\/02\/ezgif.com-animated-gif-maker1.gif?fit=1200%2C281&ssl=1&resize=1050%2C600 3x"},"classes":[]},{"id":27773,"url":"https:\/\/www.quartier-waldacker.de\/?p=27773","url_meta":{"origin":7785,"position":5},"title":"Radtour nach Gro\u00df\u2011Zimmern und zum Reinheimer Teich (51 km)","author":"Johannes","date":"12. April 2026","format":false,"excerpt":"\ud83c\udf24\ufe0f\u00a0Perfektes Radelwetter am 10. April 2026 Bei gem\u00fctlichen 14 Grad und einer wolkigen Decke \u00fcber dem Hessenland startete die Gruppe p\u00fcnktlich um 11 Uhr am Bahnhof Urberach. Eine fr\u00f6hliche Truppe von 20 motivierten Radlerinnen und Radlern versammelte sich unter der erfahrenen F\u00fchrung von Gerhard Elsesser und dem allseits beliebten Schlu\u00dfmann\u2026","rel":"","context":"In &quot;Radtouren&quot;","block_context":{"text":"Radtouren","link":"https:\/\/www.quartier-waldacker.de\/?cat=126"},"img":{"alt_text":"","src":"https:\/\/i0.wp.com\/www.quartier-waldacker.de\/wp-content\/uploads\/2026\/03\/Header_Gruppe_2026sr.jpg?fit=1200%2C281&ssl=1&resize=350%2C200","width":350,"height":200,"srcset":"https:\/\/i0.wp.com\/www.quartier-waldacker.de\/wp-content\/uploads\/2026\/03\/Header_Gruppe_2026sr.jpg?fit=1200%2C281&ssl=1&resize=350%2C200 1x, https:\/\/i0.wp.com\/www.quartier-waldacker.de\/wp-content\/uploads\/2026\/03\/Header_Gruppe_2026sr.jpg?fit=1200%2C281&ssl=1&resize=525%2C300 1.5x, https:\/\/i0.wp.com\/www.quartier-waldacker.de\/wp-content\/uploads\/2026\/03\/Header_Gruppe_2026sr.jpg?fit=1200%2C281&ssl=1&resize=700%2C400 2x, https:\/\/i0.wp.com\/www.quartier-waldacker.de\/wp-content\/uploads\/2026\/03\/Header_Gruppe_2026sr.jpg?fit=1200%2C281&ssl=1&resize=1050%2C600 3x"},"classes":[]}],"jetpack_sharing_enabled":true,"rttpg_featured_image_url":null,"rttpg_author":{"display_name":"admin","author_link":"https:\/\/www.quartier-waldacker.de\/?author=1"},"rttpg_comment":0,"rttpg_category":"<a href=\"https:\/\/www.quartier-waldacker.de\/?cat=193\" rel=\"category\">Vortr\u00e4ge<\/a>","rttpg_excerpt":"Immer mehr Menschen sind auf Pflege angewiesen. Was steht Ihnen finanziell zu, wie, wo, wann erh\u00e4lt man Leistungen aus der Pflegeversicherung, auch bei Demenzerkrankung, wer unterst\u00fctzt dauerhaft und was hat sich mit dem Pflegest\u00e4rkungsgesetz ab Januar 2015 alles verbessert. Das Bundesministerium f\u00fcr Gesundheit berichtet: Durch das erste Pflegest\u00e4rkungsgesetz wurden die Leistungen f\u00fcr Pflegebed\u00fcrftige und ihre&hellip;","_links":{"self":[{"href":"https:\/\/www.quartier-waldacker.de\/index.php?rest_route=\/wp\/v2\/posts\/7785","targetHints":{"allow":["GET"]}}],"collection":[{"href":"https:\/\/www.quartier-waldacker.de\/index.php?rest_route=\/wp\/v2\/posts"}],"about":[{"href":"https:\/\/www.quartier-waldacker.de\/index.php?rest_route=\/wp\/v2\/types\/post"}],"author":[{"embeddable":true,"href":"https:\/\/www.quartier-waldacker.de\/index.php?rest_route=\/wp\/v2\/users\/1"}],"replies":[{"embeddable":true,"href":"https:\/\/www.quartier-waldacker.de\/index.php?rest_route=%2Fwp%2Fv2%2Fcomments&post=7785"}],"version-history":[{"count":0,"href":"https:\/\/www.quartier-waldacker.de\/index.php?rest_route=\/wp\/v2\/posts\/7785\/revisions"}],"wp:attachment":[{"href":"https:\/\/www.quartier-waldacker.de\/index.php?rest_route=%2Fwp%2Fv2%2Fmedia&parent=7785"}],"wp:term":[{"taxonomy":"category","embeddable":true,"href":"https:\/\/www.quartier-waldacker.de\/index.php?rest_route=%2Fwp%2Fv2%2Fcategories&post=7785"},{"taxonomy":"post_tag","embeddable":true,"href":"https:\/\/www.quartier-waldacker.de\/index.php?rest_route=%2Fwp%2Fv2%2Ftags&post=7785"}],"curies":[{"name":"wp","href":"https:\/\/api.w.org\/{rel}","templated":true}]}}