{"id":7776,"date":"2015-05-15T18:28:03","date_gmt":"2015-05-15T17:28:03","guid":{"rendered":"https:\/\/www.quartier-waldacker.de\/?p=7776"},"modified":"2017-02-02T16:06:39","modified_gmt":"2017-02-02T15:06:39","slug":"senioren-hausgemeinschaft","status":"publish","type":"post","link":"https:\/\/www.quartier-waldacker.de\/?p=7776","title":{"rendered":"Senioren &#8211; Hausgemeinschaft"},"content":{"rendered":"<p><span style=\"font-size: 14pt;\">\u201eIst auch Ihr Eigenheim im Alter zu gro\u00df?\u201c<\/span><span style=\"font-size: 14pt;\"><a href=\"https:\/\/i0.wp.com\/www.quartier-waldacker.de\/wp-content\/uploads\/2015\/05\/Wohnung.jpg?ssl=1\"><img data-recalc-dims=\"1\" loading=\"lazy\" decoding=\"async\" data-attachment-id=\"7777\" data-permalink=\"https:\/\/www.quartier-waldacker.de\/?attachment_id=7777#main\" data-orig-file=\"https:\/\/i0.wp.com\/www.quartier-waldacker.de\/wp-content\/uploads\/2015\/05\/Wohnung.jpg?fit=1299%2C762&amp;ssl=1\" data-orig-size=\"1299,762\" data-comments-opened=\"1\" data-image-meta=\"{&quot;aperture&quot;:&quot;0&quot;,&quot;credit&quot;:&quot;&quot;,&quot;camera&quot;:&quot;&quot;,&quot;caption&quot;:&quot;&quot;,&quot;created_timestamp&quot;:&quot;0&quot;,&quot;copyright&quot;:&quot;&quot;,&quot;focal_length&quot;:&quot;0&quot;,&quot;iso&quot;:&quot;0&quot;,&quot;shutter_speed&quot;:&quot;0&quot;,&quot;title&quot;:&quot;&quot;,&quot;orientation&quot;:&quot;0&quot;}\" data-image-title=\"Wohnung\" data-image-description=\"\" data-image-caption=\"\" data-large-file=\"https:\/\/i0.wp.com\/www.quartier-waldacker.de\/wp-content\/uploads\/2015\/05\/Wohnung.jpg?fit=1024%2C601&amp;ssl=1\" class=\"alignright size-medium wp-image-7777\" src=\"https:\/\/i0.wp.com\/www.quartier-waldacker.de\/wp-content\/uploads\/2015\/05\/Wohnung.jpg?resize=300%2C176&#038;ssl=1\" alt=\"Wohnung\" width=\"300\" height=\"176\" srcset=\"https:\/\/i0.wp.com\/www.quartier-waldacker.de\/wp-content\/uploads\/2015\/05\/Wohnung.jpg?resize=300%2C176&amp;ssl=1 300w, https:\/\/i0.wp.com\/www.quartier-waldacker.de\/wp-content\/uploads\/2015\/05\/Wohnung.jpg?resize=1024%2C601&amp;ssl=1 1024w, https:\/\/i0.wp.com\/www.quartier-waldacker.de\/wp-content\/uploads\/2015\/05\/Wohnung.jpg?w=1299&amp;ssl=1 1299w\" sizes=\"auto, (max-width: 300px) 100vw, 300px\" \/><\/a><\/span><br \/>\n<span style=\"font-size: 14pt;\">Wir suchen Privatleute, <\/span><span style=\"font-size: 14pt;\">die gemeinsam ihre Senioren- Hausgemeinschaft<\/span> <span style=\"font-size: 14pt;\">planen, bauen und managen wollen \u2013 <\/span><span style=\"font-size: 14pt;\">gerne auch auf genossenschaftlicher Basis.<\/span><\/p>\n<p><span style=\"font-size: 14pt;\">Bitte melden unter: <\/span><br \/>\n<span style=\"font-size: 14pt;\">Tel.: 06074- 881214<\/span><br \/>\n<span style=\"font-size: 14pt;\">E-Mail: <a href=\"mailto:U.Probst@outlook.de\" target=\"_blank\">U.Probst@outlook.de<\/a><\/span><\/p>\n","protected":false},"excerpt":{"rendered":"<p>\u201eIst auch Ihr Eigenheim im Alter zu gro\u00df?\u201c Wir suchen Privatleute, die gemeinsam ihre Senioren- Hausgemeinschaft planen, bauen und managen wollen \u2013 gerne auch auf genossenschaftlicher Basis. Bitte melden unter: Tel.: 06074- 881214 E-Mail: U.Probst@outlook.de<\/p>\n","protected":false},"author":1,"featured_media":0,"comment_status":"open","ping_status":"open","sticky":false,"template":"","format":"standard","meta":{"generate_page_header":"","_jetpack_memberships_contains_paid_content":false,"footnotes":""},"categories":[185],"tags":[],"class_list":["post-7776","post","type-post","status-publish","format-standard","hentry","category-soziales-engagement"],"jetpack_featured_media_url":"","jetpack-related-posts":[{"id":19479,"url":"https:\/\/www.quartier-waldacker.de\/?p=19479","url_meta":{"origin":7776,"position":0},"title":"Workshop \u201eSenioren, PC und Internet erfolgreich gestartet.","author":"admin","date":"23. Oktober 2019","format":false,"excerpt":"Damit Senioren\/innen bei der Digitalisierung nicht auf der Strecke bleiben bietet die Quartiersgruppe Waldacker zu 6. Mal den Workshop \u201eSenioren, PC und Internet\u201c an. Wir das Team von \u201eSenioren, PC und Internet versuchen zu vermitteln, dass man, wenn man nun nicht gerade mit dem Hammer draufschl\u00e4gt oder eine Cola \u00fcber\u2026","rel":"","context":"In &quot;Workshop&quot;","block_context":{"text":"Workshop","link":"https:\/\/www.quartier-waldacker.de\/?cat=172"},"img":{"alt_text":"","src":"https:\/\/i0.wp.com\/www.quartier-waldacker.de\/wp-content\/uploads\/2017\/09\/PC_Hilfe-f%C3%BCr-Seniore1n.jpg?fit=1200%2C446&ssl=1&resize=350%2C200","width":350,"height":200,"srcset":"https:\/\/i0.wp.com\/www.quartier-waldacker.de\/wp-content\/uploads\/2017\/09\/PC_Hilfe-f%C3%BCr-Seniore1n.jpg?fit=1200%2C446&ssl=1&resize=350%2C200 1x, https:\/\/i0.wp.com\/www.quartier-waldacker.de\/wp-content\/uploads\/2017\/09\/PC_Hilfe-f%C3%BCr-Seniore1n.jpg?fit=1200%2C446&ssl=1&resize=525%2C300 1.5x, https:\/\/i0.wp.com\/www.quartier-waldacker.de\/wp-content\/uploads\/2017\/09\/PC_Hilfe-f%C3%BCr-Seniore1n.jpg?fit=1200%2C446&ssl=1&resize=700%2C400 2x, https:\/\/i0.wp.com\/www.quartier-waldacker.de\/wp-content\/uploads\/2017\/09\/PC_Hilfe-f%C3%BCr-Seniore1n.jpg?fit=1200%2C446&ssl=1&resize=1050%2C600 3x"},"classes":[]},{"id":19244,"url":"https:\/\/www.quartier-waldacker.de\/?p=19244","url_meta":{"origin":7776,"position":1},"title":"Endg\u00fcltig Sommerferien","author":"admin","date":"8. Juli 2019","format":false,"excerpt":"Der Workshop \u201eSenioren, PC und Internet\u201c der Quartiersgruppe Waldacker geht in die wohlverdienten Sommerferien. Mit einem traditionellen Abschlussessen in der Gastst\u00e4tte \u201eZur Waldsch\u00e4nke\u201c trafen sich 16 digital interessierte Senioren und Seniorinnen mit ihren Workshop-Leitern zu einen gem\u00fctlichen Saisonausklang. Leider konnten einige wegen Urlaub und Familie nicht dabei sein, w\u00fcnschten uns\u2026","rel":"","context":"In &quot;Workshop&quot;","block_context":{"text":"Workshop","link":"https:\/\/www.quartier-waldacker.de\/?cat=172"},"img":{"alt_text":"","src":"https:\/\/i0.wp.com\/www.quartier-waldacker.de\/wp-content\/uploads\/2019\/07\/PC-Workshop.jpg?fit=1200%2C281&ssl=1&resize=350%2C200","width":350,"height":200,"srcset":"https:\/\/i0.wp.com\/www.quartier-waldacker.de\/wp-content\/uploads\/2019\/07\/PC-Workshop.jpg?fit=1200%2C281&ssl=1&resize=350%2C200 1x, https:\/\/i0.wp.com\/www.quartier-waldacker.de\/wp-content\/uploads\/2019\/07\/PC-Workshop.jpg?fit=1200%2C281&ssl=1&resize=525%2C300 1.5x, https:\/\/i0.wp.com\/www.quartier-waldacker.de\/wp-content\/uploads\/2019\/07\/PC-Workshop.jpg?fit=1200%2C281&ssl=1&resize=700%2C400 2x, https:\/\/i0.wp.com\/www.quartier-waldacker.de\/wp-content\/uploads\/2019\/07\/PC-Workshop.jpg?fit=1200%2C281&ssl=1&resize=1050%2C600 3x"},"classes":[]},{"id":20390,"url":"https:\/\/www.quartier-waldacker.de\/?p=20390","url_meta":{"origin":7776,"position":2},"title":"100 mal &#8211;  Essen in geselliger Runde","author":"admin","date":"23. August 2021","format":"image","excerpt":"Arbeitsgruppen der Quartiersgruppe Waldacker sind bekannt f\u00fcr ihre Aktivit\u00e4ten wie z.B. die AG-Gr\u00fcn, PC-Workshop Senioren, PC und Internet, Kulturabende, Boulespiele, Radfahrgruppe Waldacker und weitere. Doch letzten Freitag hatte eine Arbeitsgruppe ein rundes Jubil\u00e4um 100-mal \u201eKulinarische Reise durch und um R\u00f6dermark\u201c. 2016 kam die Idee auf, man k\u00f6nnte doch ab und\u2026","rel":"","context":"In &quot;Geselligkeit&quot;","block_context":{"text":"Geselligkeit","link":"https:\/\/www.quartier-waldacker.de\/?cat=171"},"img":{"alt_text":"","src":"https:\/\/i0.wp.com\/www.quartier-waldacker.de\/wp-content\/uploads\/2018\/01\/Essen-7-Gabeln-_Rahmen.png?fit=1200%2C281&ssl=1&resize=350%2C200","width":350,"height":200,"srcset":"https:\/\/i0.wp.com\/www.quartier-waldacker.de\/wp-content\/uploads\/2018\/01\/Essen-7-Gabeln-_Rahmen.png?fit=1200%2C281&ssl=1&resize=350%2C200 1x, https:\/\/i0.wp.com\/www.quartier-waldacker.de\/wp-content\/uploads\/2018\/01\/Essen-7-Gabeln-_Rahmen.png?fit=1200%2C281&ssl=1&resize=525%2C300 1.5x, https:\/\/i0.wp.com\/www.quartier-waldacker.de\/wp-content\/uploads\/2018\/01\/Essen-7-Gabeln-_Rahmen.png?fit=1200%2C281&ssl=1&resize=700%2C400 2x, https:\/\/i0.wp.com\/www.quartier-waldacker.de\/wp-content\/uploads\/2018\/01\/Essen-7-Gabeln-_Rahmen.png?fit=1200%2C281&ssl=1&resize=1050%2C600 3x"},"classes":[]},{"id":7420,"url":"https:\/\/www.quartier-waldacker.de\/?p=7420","url_meta":{"origin":7776,"position":3},"title":"Kostenloses Augentraining f\u00fcr Senioren und Seniorinnen im B\u00fcrgertreff Waldacker","author":"admin","date":"30. Januar 2015","format":false,"excerpt":"Am 13. Februar 2015 und an zwei weiteren Terminen findet von 15.00 Uhr bis 16.00 Uhr im B\u00fcrgertreff Waldacker unter der Leitung von Angelika Tank ein kostenloses Augentraining statt. Sie lernen in diesem Kurs M\u00f6glichkeiten kennen, Ihren Augen zum besseren und entspannten Sehen zu verhelfen. Gezeigt werden alternative Methoden, wie\u2026","rel":"","context":"In &quot;Fitness&quot;","block_context":{"text":"Fitness","link":"https:\/\/www.quartier-waldacker.de\/?cat=187"},"img":{"alt_text":"","src":"https:\/\/i0.wp.com\/www.quartier-waldacker.de\/wp-content\/uploads\/2015\/01\/Aug-300x200.jpg?resize=350%2C200&ssl=1","width":350,"height":200},"classes":[]},{"id":4348,"url":"https:\/\/www.quartier-waldacker.de\/?p=4348","url_meta":{"origin":7776,"position":4},"title":"Wegweiser im Dschungel der Senioren-Angebote","author":"Johannes","date":"9. Dezember 2013","format":false,"excerpt":"Zw\u00f6lf engagierten 10 Frauen und 2 M\u00e4nner wurden seit Oktober im Rathaus in sieben Modulen zu Senioren-Lotsen qualifiziert. Ihr Aufgabengebiet ist es \u00e4lteren B\u00fcrgern Ansprechpartner, Wegweiser und Ratgeber in den Wohnquartieren zu sein. Die Schulungen wurden von erfahrenen Altenhilfe-Experten aus den verschiedenen Bereichen durchgef\u00fchrt. Ausf\u00fchrlich informiert wurde zum Beispiel \u00fcber\u2026","rel":"","context":"Similar post","block_context":{"text":"Similar post","link":""},"img":{"alt_text":"","src":"https:\/\/i0.wp.com\/www.quartier-waldacker.de\/wp-content\/uploads\/2013\/12\/P1060809_small.jpg?resize=350%2C200&ssl=1","width":350,"height":200},"classes":[]},{"id":2151,"url":"https:\/\/www.quartier-waldacker.de\/?p=2151","url_meta":{"origin":7776,"position":5},"title":"Busverbindungen zum Seligenst\u00e4dter Krankenhaus","author":"admin","date":"7. Mai 2013","format":false,"excerpt":"Senioren\/innen und Rollstuhlfahrer\/innen aus R\u00f6dermark testen die \u00f6ffentliche Busverbindungen zu den umliegenden Krankenh\u00e4usern (Teil 1 - Seligenstadt) \u00a0Ein Beitrag von Theodor Frie\u00df Am 24. April hat der Seniorenkreis der Ev. Kirchengemeinde unter der Leitung Frau Heide Bellwinkel-Hahn zusammen mit dem Mitglied der Quartiersgruppe Herrn Theodor Frie\u00df eine Informationsfahrt mit Senioren\/innen\u2026","rel":"","context":"In &quot;Seniorenfahrten&quot;","block_context":{"text":"Seniorenfahrten","link":"https:\/\/www.quartier-waldacker.de\/?cat=190"},"img":{"alt_text":"","src":"https:\/\/i0.wp.com\/www.quartier-waldacker.de\/wp-content\/uploads\/2013\/04\/IMG_0326_17_13.jpg?resize=350%2C200&ssl=1","width":350,"height":200},"classes":[]}],"jetpack_sharing_enabled":true,"rttpg_featured_image_url":null,"rttpg_author":{"display_name":"admin","author_link":"https:\/\/www.quartier-waldacker.de\/?author=1"},"rttpg_comment":0,"rttpg_category":"<a href=\"https:\/\/www.quartier-waldacker.de\/?cat=185\" rel=\"category\">Soziales Engagement<\/a>","rttpg_excerpt":"\u201eIst auch Ihr Eigenheim im Alter zu gro\u00df?\u201c Wir suchen Privatleute, die gemeinsam ihre Senioren- Hausgemeinschaft planen, bauen und managen wollen \u2013 gerne auch auf genossenschaftlicher Basis. Bitte melden unter: Tel.: 06074- 881214 E-Mail: U.Probst@outlook.de","_links":{"self":[{"href":"https:\/\/www.quartier-waldacker.de\/index.php?rest_route=\/wp\/v2\/posts\/7776","targetHints":{"allow":["GET"]}}],"collection":[{"href":"https:\/\/www.quartier-waldacker.de\/index.php?rest_route=\/wp\/v2\/posts"}],"about":[{"href":"https:\/\/www.quartier-waldacker.de\/index.php?rest_route=\/wp\/v2\/types\/post"}],"author":[{"embeddable":true,"href":"https:\/\/www.quartier-waldacker.de\/index.php?rest_route=\/wp\/v2\/users\/1"}],"replies":[{"embeddable":true,"href":"https:\/\/www.quartier-waldacker.de\/index.php?rest_route=%2Fwp%2Fv2%2Fcomments&post=7776"}],"version-history":[{"count":0,"href":"https:\/\/www.quartier-waldacker.de\/index.php?rest_route=\/wp\/v2\/posts\/7776\/revisions"}],"wp:attachment":[{"href":"https:\/\/www.quartier-waldacker.de\/index.php?rest_route=%2Fwp%2Fv2%2Fmedia&parent=7776"}],"wp:term":[{"taxonomy":"category","embeddable":true,"href":"https:\/\/www.quartier-waldacker.de\/index.php?rest_route=%2Fwp%2Fv2%2Fcategories&post=7776"},{"taxonomy":"post_tag","embeddable":true,"href":"https:\/\/www.quartier-waldacker.de\/index.php?rest_route=%2Fwp%2Fv2%2Ftags&post=7776"}],"curies":[{"name":"wp","href":"https:\/\/api.w.org\/{rel}","templated":true}]}}