{"id":7623,"date":"2015-03-24T15:25:04","date_gmt":"2015-03-24T14:25:04","guid":{"rendered":"https:\/\/www.quartier-waldacker.de\/?p=7623"},"modified":"2017-07-21T05:08:38","modified_gmt":"2017-07-21T04:08:38","slug":"osterdekoration-der-waldackerer-kids-begruesst-den-fruehling","status":"publish","type":"post","link":"https:\/\/www.quartier-waldacker.de\/?p=7623","title":{"rendered":"Osterdekoration der Waldackerer Kids begr\u00fc\u00dft den Fr\u00fchling"},"content":{"rendered":"<p style=\"text-align: justify;\"><span style=\"font-size: 14pt;\"><a href=\"https:\/\/i0.wp.com\/www.quartier-waldacker.de\/wp-content\/uploads\/2015\/03\/Osterm-2015-2.jpg?ssl=1\" target=\"_blank\"><img data-recalc-dims=\"1\" loading=\"lazy\" decoding=\"async\" data-attachment-id=\"7626\" data-permalink=\"https:\/\/www.quartier-waldacker.de\/?attachment_id=7626#main\" data-orig-file=\"https:\/\/i0.wp.com\/www.quartier-waldacker.de\/wp-content\/uploads\/2015\/03\/Osterm-2015-2.jpg?fit=487%2C720&amp;ssl=1\" data-orig-size=\"487,720\" data-comments-opened=\"1\" data-image-meta=\"{&quot;aperture&quot;:&quot;0&quot;,&quot;credit&quot;:&quot;&quot;,&quot;camera&quot;:&quot;&quot;,&quot;caption&quot;:&quot;&quot;,&quot;created_timestamp&quot;:&quot;0&quot;,&quot;copyright&quot;:&quot;&quot;,&quot;focal_length&quot;:&quot;0&quot;,&quot;iso&quot;:&quot;0&quot;,&quot;shutter_speed&quot;:&quot;0&quot;,&quot;title&quot;:&quot;&quot;,&quot;orientation&quot;:&quot;0&quot;}\" data-image-title=\"Osterm-2015-2\" data-image-description=\"\" data-image-caption=\"\" data-large-file=\"https:\/\/i0.wp.com\/www.quartier-waldacker.de\/wp-content\/uploads\/2015\/03\/Osterm-2015-2.jpg?fit=487%2C720&amp;ssl=1\" class=\" alignleft wp-image-7626\" src=\"https:\/\/i0.wp.com\/www.quartier-waldacker.de\/wp-content\/uploads\/2015\/03\/Osterm-2015-2.jpg?resize=130%2C192&#038;ssl=1\" alt=\"Osterm-2015-2\" width=\"130\" height=\"192\" srcset=\"https:\/\/i0.wp.com\/www.quartier-waldacker.de\/wp-content\/uploads\/2015\/03\/Osterm-2015-2.jpg?resize=203%2C300&amp;ssl=1 203w, https:\/\/i0.wp.com\/www.quartier-waldacker.de\/wp-content\/uploads\/2015\/03\/Osterm-2015-2.jpg?w=487&amp;ssl=1 487w\" sizes=\"auto, (max-width: 130px) 100vw, 130px\" \/><\/a><\/span><span style=\"font-family: arial,helvetica,sans-serif;\"><span style=\"font-size: 12pt;\">Unser <a href=\"https:\/\/i0.wp.com\/www.quartier-waldacker.de\/wp-content\/uploads\/2015\/03\/Osterm-2015-3.jpg?ssl=1\" target=\"_blank\"><img data-recalc-dims=\"1\" loading=\"lazy\" decoding=\"async\" data-attachment-id=\"7627\" data-permalink=\"https:\/\/www.quartier-waldacker.de\/?attachment_id=7627#main\" data-orig-file=\"https:\/\/i0.wp.com\/www.quartier-waldacker.de\/wp-content\/uploads\/2015\/03\/Osterm-2015-3.jpg?fit=720%2C510&amp;ssl=1\" data-orig-size=\"720,510\" data-comments-opened=\"1\" data-image-meta=\"{&quot;aperture&quot;:&quot;0&quot;,&quot;credit&quot;:&quot;&quot;,&quot;camera&quot;:&quot;&quot;,&quot;caption&quot;:&quot;&quot;,&quot;created_timestamp&quot;:&quot;0&quot;,&quot;copyright&quot;:&quot;&quot;,&quot;focal_length&quot;:&quot;0&quot;,&quot;iso&quot;:&quot;0&quot;,&quot;shutter_speed&quot;:&quot;0&quot;,&quot;title&quot;:&quot;&quot;,&quot;orientation&quot;:&quot;0&quot;}\" data-image-title=\"Osterm-2015-3\" data-image-description=\"\" data-image-caption=\"\" data-large-file=\"https:\/\/i0.wp.com\/www.quartier-waldacker.de\/wp-content\/uploads\/2015\/03\/Osterm-2015-3.jpg?fit=720%2C510&amp;ssl=1\" class=\" alignright wp-image-7627\" src=\"https:\/\/i0.wp.com\/www.quartier-waldacker.de\/wp-content\/uploads\/2015\/03\/Osterm-2015-3.jpg?resize=192%2C136&#038;ssl=1\" alt=\"Osterm-2015-3\" width=\"192\" height=\"136\" srcset=\"https:\/\/i0.wp.com\/www.quartier-waldacker.de\/wp-content\/uploads\/2015\/03\/Osterm-2015-3.jpg?resize=300%2C213&amp;ssl=1 300w, https:\/\/i0.wp.com\/www.quartier-waldacker.de\/wp-content\/uploads\/2015\/03\/Osterm-2015-3.jpg?w=720&amp;ssl=1 720w\" sizes=\"auto, (max-width: 192px) 100vw, 192px\" \/><\/a>Stadtteil soll interessanter und sch\u00f6ner werden, nach diesem Motto planten und bastelten die Kinder aus dem Kindergarten Waldacker \u00f6sterliche Skulpturen. Gemeinsam mit der Quartiersgruppe Waldacker wurde <\/span><span style=\"font-size: 12pt;\">die Gr\u00fcnfl\u00e4che Am Buchrain\/Hauptstra\u00dfe als geeigneter Standort ausgemacht, um das Selbsthergestellte zu pr\u00e4sentieren. Nach zwei Wochen intensiver und kreativer Bastelzeit war es endlich soweit. Am 20.3.2015, am Tag des astronomischen Fr\u00fchlingsanfangs, sollte die Implementierung stattfinden. Einen Tag zuvor hatten Mitglieder der Quartiersgruppe die Gr\u00fcnfl\u00e4che von Hundekot befreit, so dass ein\u00a0<\/span><\/span><span style=\"font-size: 12pt;\"><span style=\"font-family: arial,helvetica,sans-serif;\">\u201egefahrloses\u201c Betreten des Areals m\u00f6glich war. Gegen 12 Uhr trafen die Kita-Gruppen und Erzieher\/innen mit den\u00a0\u00a0\u00a0\u00a0\u00a0 Osterhasen und einem Bollerwagen voller Ostereier an der Gr\u00fcnfl\u00e4che ein. Nach ein paar einf\u00fchrenden Worten der Kiga-Leiterin, Ria Keller-Wettermann setzten die Mitglieder der Quartiersgruppe, umringt, von allen Kids, die sechs Ostereier und den Osterhasen in die vorbereiteten L\u00f6cher. Abschlie\u00dfend wurde der Fr\u00fchling von Gro\u00df und Klein singend begr\u00fc\u00dft.<\/span> <\/span><br \/>\n <span style=\"font-size: 12pt;\">Eine tolle Leis<\/span><span style=\"font-size: 12pt;\">tung der Kiga-Kids und ein sch\u00f6nes Ereignis f\u00fcr Waldacker<\/span><\/p>\n<p style=\"text-align: center;\"><span style=\"font-size: 12pt;\"><a href=\"https:\/\/i0.wp.com\/www.quartier-waldacker.de\/wp-content\/uploads\/2015\/03\/KIGA02.jpg?ssl=1\" target=\"_blank\"><img data-recalc-dims=\"1\" loading=\"lazy\" decoding=\"async\" data-attachment-id=\"7629\" data-permalink=\"https:\/\/www.quartier-waldacker.de\/?attachment_id=7629#main\" data-orig-file=\"https:\/\/i0.wp.com\/www.quartier-waldacker.de\/wp-content\/uploads\/2015\/03\/KIGA02.jpg?fit=720%2C540&amp;ssl=1\" data-orig-size=\"720,540\" data-comments-opened=\"1\" data-image-meta=\"{&quot;aperture&quot;:&quot;0&quot;,&quot;credit&quot;:&quot;&quot;,&quot;camera&quot;:&quot;&quot;,&quot;caption&quot;:&quot;&quot;,&quot;created_timestamp&quot;:&quot;0&quot;,&quot;copyright&quot;:&quot;&quot;,&quot;focal_length&quot;:&quot;0&quot;,&quot;iso&quot;:&quot;0&quot;,&quot;shutter_speed&quot;:&quot;0&quot;,&quot;title&quot;:&quot;&quot;,&quot;orientation&quot;:&quot;0&quot;}\" data-image-title=\"KIGA02\" data-image-description=\"\" data-image-caption=\"\" data-large-file=\"https:\/\/i0.wp.com\/www.quartier-waldacker.de\/wp-content\/uploads\/2015\/03\/KIGA02.jpg?fit=720%2C540&amp;ssl=1\" class=\" alignnone wp-image-7629\" src=\"https:\/\/i0.wp.com\/www.quartier-waldacker.de\/wp-content\/uploads\/2015\/03\/KIGA02.jpg?resize=205%2C154&#038;ssl=1\" alt=\"KIGA02\" width=\"205\" height=\"154\" srcset=\"https:\/\/i0.wp.com\/www.quartier-waldacker.de\/wp-content\/uploads\/2015\/03\/KIGA02.jpg?resize=300%2C225&amp;ssl=1 300w, https:\/\/i0.wp.com\/www.quartier-waldacker.de\/wp-content\/uploads\/2015\/03\/KIGA02.jpg?w=720&amp;ssl=1 720w\" sizes=\"auto, (max-width: 205px) 100vw, 205px\" \/><\/a><\/span><span style=\"font-size: 12pt;\"><a href=\"https:\/\/i0.wp.com\/www.quartier-waldacker.de\/wp-content\/uploads\/2015\/03\/KIGA01.jpg?ssl=1\" target=\"_blank\"><img data-recalc-dims=\"1\" loading=\"lazy\" decoding=\"async\" data-attachment-id=\"7628\" data-permalink=\"https:\/\/www.quartier-waldacker.de\/?attachment_id=7628#main\" data-orig-file=\"https:\/\/i0.wp.com\/www.quartier-waldacker.de\/wp-content\/uploads\/2015\/03\/KIGA01.jpg?fit=720%2C540&amp;ssl=1\" data-orig-size=\"720,540\" data-comments-opened=\"1\" data-image-meta=\"{&quot;aperture&quot;:&quot;0&quot;,&quot;credit&quot;:&quot;&quot;,&quot;camera&quot;:&quot;&quot;,&quot;caption&quot;:&quot;&quot;,&quot;created_timestamp&quot;:&quot;0&quot;,&quot;copyright&quot;:&quot;&quot;,&quot;focal_length&quot;:&quot;0&quot;,&quot;iso&quot;:&quot;0&quot;,&quot;shutter_speed&quot;:&quot;0&quot;,&quot;title&quot;:&quot;&quot;,&quot;orientation&quot;:&quot;0&quot;}\" data-image-title=\"2015-03 Osterdekoration der Waldackerer Kids begr\u00fc\u00dft den Fr\u00fchling\" data-image-description=\"\" data-image-caption=\"\" data-large-file=\"https:\/\/i0.wp.com\/www.quartier-waldacker.de\/wp-content\/uploads\/2015\/03\/KIGA01.jpg?fit=720%2C540&amp;ssl=1\" class=\"alignnone wp-image-7628\" src=\"https:\/\/i0.wp.com\/www.quartier-waldacker.de\/wp-content\/uploads\/2015\/03\/KIGA01.jpg?resize=205%2C154&#038;ssl=1\" alt=\"KIGA01\" width=\"205\" height=\"154\" srcset=\"https:\/\/i0.wp.com\/www.quartier-waldacker.de\/wp-content\/uploads\/2015\/03\/KIGA01.jpg?resize=300%2C225&amp;ssl=1 300w, https:\/\/i0.wp.com\/www.quartier-waldacker.de\/wp-content\/uploads\/2015\/03\/KIGA01.jpg?w=720&amp;ssl=1 720w\" sizes=\"auto, (max-width: 205px) 100vw, 205px\" \/><\/a><\/span><span style=\"font-size: 12pt;\"><a href=\"https:\/\/i0.wp.com\/www.quartier-waldacker.de\/wp-content\/uploads\/2015\/03\/KIGA04.jpg?ssl=1\" target=\"_blank\"><img data-recalc-dims=\"1\" loading=\"lazy\" decoding=\"async\" data-attachment-id=\"7631\" data-permalink=\"https:\/\/www.quartier-waldacker.de\/?attachment_id=7631#main\" data-orig-file=\"https:\/\/i0.wp.com\/www.quartier-waldacker.de\/wp-content\/uploads\/2015\/03\/KIGA04.jpg?fit=720%2C540&amp;ssl=1\" data-orig-size=\"720,540\" data-comments-opened=\"1\" data-image-meta=\"{&quot;aperture&quot;:&quot;0&quot;,&quot;credit&quot;:&quot;&quot;,&quot;camera&quot;:&quot;&quot;,&quot;caption&quot;:&quot;&quot;,&quot;created_timestamp&quot;:&quot;0&quot;,&quot;copyright&quot;:&quot;&quot;,&quot;focal_length&quot;:&quot;0&quot;,&quot;iso&quot;:&quot;0&quot;,&quot;shutter_speed&quot;:&quot;0&quot;,&quot;title&quot;:&quot;&quot;,&quot;orientation&quot;:&quot;0&quot;}\" data-image-title=\"KIGA04\" data-image-description=\"\" data-image-caption=\"\" data-large-file=\"https:\/\/i0.wp.com\/www.quartier-waldacker.de\/wp-content\/uploads\/2015\/03\/KIGA04.jpg?fit=720%2C540&amp;ssl=1\" class=\"alignnone wp-image-7631\" src=\"https:\/\/i0.wp.com\/www.quartier-waldacker.de\/wp-content\/uploads\/2015\/03\/KIGA04.jpg?resize=205%2C154&#038;ssl=1\" alt=\"KIGA04\" width=\"205\" height=\"154\" srcset=\"https:\/\/i0.wp.com\/www.quartier-waldacker.de\/wp-content\/uploads\/2015\/03\/KIGA04.jpg?resize=300%2C225&amp;ssl=1 300w, https:\/\/i0.wp.com\/www.quartier-waldacker.de\/wp-content\/uploads\/2015\/03\/KIGA04.jpg?w=720&amp;ssl=1 720w\" sizes=\"auto, (max-width: 205px) 100vw, 205px\" \/><\/a><a href=\"https:\/\/i0.wp.com\/www.quartier-waldacker.de\/wp-content\/uploads\/2015\/03\/KIGA052.jpg?ssl=1\"><img data-recalc-dims=\"1\" loading=\"lazy\" decoding=\"async\" data-attachment-id=\"9023\" data-permalink=\"https:\/\/www.quartier-waldacker.de\/?attachment_id=9023#main\" data-orig-file=\"https:\/\/i0.wp.com\/www.quartier-waldacker.de\/wp-content\/uploads\/2015\/03\/KIGA052.jpg?fit=720%2C540&amp;ssl=1\" data-orig-size=\"720,540\" data-comments-opened=\"1\" data-image-meta=\"{&quot;aperture&quot;:&quot;0&quot;,&quot;credit&quot;:&quot;&quot;,&quot;camera&quot;:&quot;&quot;,&quot;caption&quot;:&quot;&quot;,&quot;created_timestamp&quot;:&quot;0&quot;,&quot;copyright&quot;:&quot;&quot;,&quot;focal_length&quot;:&quot;0&quot;,&quot;iso&quot;:&quot;0&quot;,&quot;shutter_speed&quot;:&quot;0&quot;,&quot;title&quot;:&quot;&quot;,&quot;orientation&quot;:&quot;0&quot;}\" data-image-title=\"KIGA05\" data-image-description=\"\" data-image-caption=\"\" data-large-file=\"https:\/\/i0.wp.com\/www.quartier-waldacker.de\/wp-content\/uploads\/2015\/03\/KIGA052.jpg?fit=720%2C540&amp;ssl=1\" class=\"wp-image-9023 alignnone\" src=\"https:\/\/i0.wp.com\/www.quartier-waldacker.de\/wp-content\/uploads\/2015\/03\/KIGA052.jpg?resize=204%2C153&#038;ssl=1\" alt=\"KIGA05\" width=\"204\" height=\"153\" srcset=\"https:\/\/i0.wp.com\/www.quartier-waldacker.de\/wp-content\/uploads\/2015\/03\/KIGA052.jpg?resize=300%2C225&amp;ssl=1 300w, https:\/\/i0.wp.com\/www.quartier-waldacker.de\/wp-content\/uploads\/2015\/03\/KIGA052.jpg?w=720&amp;ssl=1 720w\" sizes=\"auto, (max-width: 204px) 100vw, 204px\" \/><\/a><\/span><span style=\"font-size: 12pt;\"><a href=\"https:\/\/i0.wp.com\/www.quartier-waldacker.de\/wp-content\/uploads\/2015\/03\/KIGA03.jpg?ssl=1\" target=\"_blank\"><img data-recalc-dims=\"1\" loading=\"lazy\" decoding=\"async\" data-attachment-id=\"7630\" data-permalink=\"https:\/\/www.quartier-waldacker.de\/?attachment_id=7630#main\" data-orig-file=\"https:\/\/i0.wp.com\/www.quartier-waldacker.de\/wp-content\/uploads\/2015\/03\/KIGA03.jpg?fit=720%2C540&amp;ssl=1\" data-orig-size=\"720,540\" data-comments-opened=\"1\" data-image-meta=\"{&quot;aperture&quot;:&quot;0&quot;,&quot;credit&quot;:&quot;&quot;,&quot;camera&quot;:&quot;&quot;,&quot;caption&quot;:&quot;&quot;,&quot;created_timestamp&quot;:&quot;0&quot;,&quot;copyright&quot;:&quot;&quot;,&quot;focal_length&quot;:&quot;0&quot;,&quot;iso&quot;:&quot;0&quot;,&quot;shutter_speed&quot;:&quot;0&quot;,&quot;title&quot;:&quot;&quot;,&quot;orientation&quot;:&quot;0&quot;}\" data-image-title=\"KIGA03\" data-image-description=\"\" data-image-caption=\"\" data-large-file=\"https:\/\/i0.wp.com\/www.quartier-waldacker.de\/wp-content\/uploads\/2015\/03\/KIGA03.jpg?fit=720%2C540&amp;ssl=1\" class=\"alignnone wp-image-7630\" src=\"https:\/\/i0.wp.com\/www.quartier-waldacker.de\/wp-content\/uploads\/2015\/03\/KIGA03.jpg?resize=205%2C154&#038;ssl=1\" alt=\"KIGA03\" width=\"205\" height=\"154\" srcset=\"https:\/\/i0.wp.com\/www.quartier-waldacker.de\/wp-content\/uploads\/2015\/03\/KIGA03.jpg?resize=300%2C225&amp;ssl=1 300w, https:\/\/i0.wp.com\/www.quartier-waldacker.de\/wp-content\/uploads\/2015\/03\/KIGA03.jpg?w=720&amp;ssl=1 720w\" sizes=\"auto, (max-width: 205px) 100vw, 205px\" \/><\/a><\/span><span style=\"font-size: 12pt;\"><a href=\"https:\/\/i0.wp.com\/www.quartier-waldacker.de\/wp-content\/uploads\/2015\/03\/KIGA06.jpg?ssl=1\" target=\"_blank\"><img data-recalc-dims=\"1\" loading=\"lazy\" decoding=\"async\" data-attachment-id=\"7633\" data-permalink=\"https:\/\/www.quartier-waldacker.de\/?attachment_id=7633#main\" data-orig-file=\"https:\/\/i0.wp.com\/www.quartier-waldacker.de\/wp-content\/uploads\/2015\/03\/KIGA06.jpg?fit=720%2C540&amp;ssl=1\" data-orig-size=\"720,540\" data-comments-opened=\"1\" data-image-meta=\"{&quot;aperture&quot;:&quot;0&quot;,&quot;credit&quot;:&quot;&quot;,&quot;camera&quot;:&quot;&quot;,&quot;caption&quot;:&quot;&quot;,&quot;created_timestamp&quot;:&quot;0&quot;,&quot;copyright&quot;:&quot;&quot;,&quot;focal_length&quot;:&quot;0&quot;,&quot;iso&quot;:&quot;0&quot;,&quot;shutter_speed&quot;:&quot;0&quot;,&quot;title&quot;:&quot;&quot;,&quot;orientation&quot;:&quot;0&quot;}\" data-image-title=\"KIGA06\" data-image-description=\"\" data-image-caption=\"\" data-large-file=\"https:\/\/i0.wp.com\/www.quartier-waldacker.de\/wp-content\/uploads\/2015\/03\/KIGA06.jpg?fit=720%2C540&amp;ssl=1\" class=\"alignnone wp-image-7633\" src=\"https:\/\/i0.wp.com\/www.quartier-waldacker.de\/wp-content\/uploads\/2015\/03\/KIGA06.jpg?resize=205%2C154&#038;ssl=1\" alt=\"KIGA06\" width=\"205\" height=\"154\" srcset=\"https:\/\/i0.wp.com\/www.quartier-waldacker.de\/wp-content\/uploads\/2015\/03\/KIGA06.jpg?resize=300%2C225&amp;ssl=1 300w, https:\/\/i0.wp.com\/www.quartier-waldacker.de\/wp-content\/uploads\/2015\/03\/KIGA06.jpg?w=720&amp;ssl=1 720w\" sizes=\"auto, (max-width: 205px) 100vw, 205px\" \/><\/a><\/span><a href=\"https:\/\/i0.wp.com\/www.quartier-waldacker.de\/wp-content\/uploads\/2015\/03\/KIGA00.jpg?ssl=1\" target=\"_blank\"><img data-recalc-dims=\"1\" loading=\"lazy\" decoding=\"async\" data-attachment-id=\"7625\" data-permalink=\"https:\/\/www.quartier-waldacker.de\/?attachment_id=7625#main\" data-orig-file=\"https:\/\/i0.wp.com\/www.quartier-waldacker.de\/wp-content\/uploads\/2015\/03\/KIGA00.jpg?fit=640%2C480&amp;ssl=1\" data-orig-size=\"640,480\" data-comments-opened=\"1\" data-image-meta=\"{&quot;aperture&quot;:&quot;3.2&quot;,&quot;credit&quot;:&quot;&quot;,&quot;camera&quot;:&quot;C5060WZ&quot;,&quot;caption&quot;:&quot;&quot;,&quot;created_timestamp&quot;:&quot;-62169984000&quot;,&quot;copyright&quot;:&quot;&quot;,&quot;focal_length&quot;:&quot;10.9&quot;,&quot;iso&quot;:&quot;80&quot;,&quot;shutter_speed&quot;:&quot;0.002&quot;,&quot;title&quot;:&quot;OLYMPUS DIGITAL CAMERA&quot;,&quot;orientation&quot;:&quot;1&quot;}\" data-image-title=\"OLYMPUS DIGITAL CAMERA\" data-image-description=\"\" data-image-caption=\"\" data-large-file=\"https:\/\/i0.wp.com\/www.quartier-waldacker.de\/wp-content\/uploads\/2015\/03\/KIGA00.jpg?fit=640%2C480&amp;ssl=1\" class=\" aligncenter wp-image-7625\" src=\"https:\/\/i0.wp.com\/www.quartier-waldacker.de\/wp-content\/uploads\/2015\/03\/KIGA00.jpg?resize=205%2C154&#038;ssl=1\" alt=\"OLYMPUS DIGITAL CAMERA\" width=\"205\" height=\"154\" srcset=\"https:\/\/i0.wp.com\/www.quartier-waldacker.de\/wp-content\/uploads\/2015\/03\/KIGA00.jpg?resize=300%2C225&amp;ssl=1 300w, https:\/\/i0.wp.com\/www.quartier-waldacker.de\/wp-content\/uploads\/2015\/03\/KIGA00.jpg?w=640&amp;ssl=1 640w\" sizes=\"auto, (max-width: 205px) 100vw, 205px\" \/><\/a><\/p>\n<p style=\"text-align: center;\">Fotos: K.H.Huthmann<\/p>\n<p style=\"text-align: center;\">[ratings]\n Bewerten Sie die Aktion!<\/p>\n<p style=\"text-align: justify;\">\u00a0<\/p>\n","protected":false},"excerpt":{"rendered":"<p>Unser Stadtteil soll interessanter und sch\u00f6ner werden, nach diesem Motto planten und bastelten die Kinder aus dem Kindergarten Waldacker \u00f6sterliche Skulpturen. Gemeinsam mit der Quartiersgruppe Waldacker wurde die Gr\u00fcnfl\u00e4che Am Buchrain\/Hauptstra\u00dfe als geeigneter Standort ausgemacht, um das Selbsthergestellte zu pr\u00e4sentieren. Nach zwei Wochen intensiver und kreativer Bastelzeit war es endlich soweit. Am 20.3.2015, am Tag &#8230; <a title=\"Osterdekoration der Waldackerer Kids begr\u00fc\u00dft den Fr\u00fchling\" class=\"read-more\" href=\"https:\/\/www.quartier-waldacker.de\/?p=7623\" aria-label=\"Mehr Informationen \u00fcber Osterdekoration der Waldackerer Kids begr\u00fc\u00dft den Fr\u00fchling\">Weiterlesen<\/a><\/p>\n","protected":false},"author":5,"featured_media":7625,"comment_status":"open","ping_status":"open","sticky":false,"template":"","format":"standard","meta":{"generate_page_header":"","_jetpack_memberships_contains_paid_content":false,"footnotes":""},"categories":[194],"tags":[217],"class_list":["post-7623","post","type-post","status-publish","format-standard","has-post-thumbnail","hentry","category-kita-aktionen","tag-kita"],"jetpack_featured_media_url":"https:\/\/i0.wp.com\/www.quartier-waldacker.de\/wp-content\/uploads\/2015\/03\/KIGA00.jpg?fit=640%2C480&ssl=1","jetpack-related-posts":[{"id":7807,"url":"https:\/\/www.quartier-waldacker.de\/?p=7807","url_meta":{"origin":7623,"position":0},"title":"Waldacker feiert in und um den B\u00fcrgertreff","author":"Johannes","date":"1. Juni 2015","format":false,"excerpt":"Die Quartiersgruppe Waldacker organisiert und feiert, unter der Schirmherrschaft von B\u00fcrgermeister Roland Kern, mit ans\u00e4ssigen Vereinen, Initiativen und Gemeinschaften aus Waldacker ein B\u00fcrgerfest in und um den B\u00fcrgertreff. Das Fest findet am\u00a0 Samstag den13.06.2015 von 12 bis 18 Uhr statt. Nach dem gro\u00dfartigen Erfolg des Stra\u00dfenfestes im Oktober 2012 soll\u2026","rel":"","context":"In &quot;Feste&quot;","block_context":{"text":"Feste","link":"https:\/\/www.quartier-waldacker.de\/?cat=16"},"img":{"alt_text":"Plakat_Web_Vers_final","src":"https:\/\/i0.wp.com\/www.quartier-waldacker.de\/wp-content\/uploads\/2015\/05\/Plakat_Web_Vers_final-212x300.jpg?resize=350%2C200&ssl=1","width":350,"height":200},"classes":[]},{"id":7846,"url":"https:\/\/www.quartier-waldacker.de\/?p=7846","url_meta":{"origin":7623,"position":1},"title":"Waldacker hat gefeiert \u2013 Ein Streifzug durch die Festmeile.","author":"Johannes","date":"23. Juni 2015","format":false,"excerpt":"Vier Stunden Aufbauarbeiten, rund um Waldacker dicke Regenwolken jedoch in Waldacker selbst bestes Wetter zum Feiern. Bei angenehmen Temperaturen und herzliche einleitende Worte von B\u00fcrgermeister Roland Kern, Erster Stadtrat J\u00f6rg Rotter und Quartierssprecherin Marisa Haring startete die Quartiersgruppe Waldacker ihr zweites Stadtteilfest. Von der Amselstra\u00dfe bis Lindenweg wurde ein buntes\u2026","rel":"","context":"In &quot;Feste&quot;","block_context":{"text":"Feste","link":"https:\/\/www.quartier-waldacker.de\/?cat=16"},"img":{"alt_text":"Foto: Christine Ziesecke","src":"https:\/\/i0.wp.com\/www.quartier-waldacker.de\/wp-content\/uploads\/2015\/06\/WA_32-200x300.jpg?resize=350%2C200&ssl=1","width":350,"height":200},"classes":[]},{"id":25237,"url":"https:\/\/www.quartier-waldacker.de\/?p=25237","url_meta":{"origin":7623,"position":2},"title":"35 Jahre B\u00fcrgertreff Waldacker","author":"Johannes","date":"14. September 2024","format":false,"excerpt":"Der B\u00fcrgertreff Waldacker ist ein stadtteil\u00fcbergreifender Treffpunkt f\u00fcr Jung und Alt und erfreut die Waldackerer. Am 14. August 1989 fand die offizielle \u00dcbergabe des B\u00fcrgertreffs in Waldacker durch den Architekten Hans Lang statt. Die Quartiersmanagerin Andrea Sobanski, hat zusammen mit ihrem Team das etwas versp\u00e4tete Jubil\u00e4um f\u00fcr den 7. September\u2026","rel":"","context":"In &quot;AG-B\u00fcrgertreff&quot;","block_context":{"text":"AG-B\u00fcrgertreff","link":"https:\/\/www.quartier-waldacker.de\/?cat=192"},"img":{"alt_text":"","src":"https:\/\/i0.wp.com\/www.quartier-waldacker.de\/wp-content\/uploads\/2024\/09\/35-Jahre-Buergertreff.jpg?fit=1200%2C281&ssl=1&resize=350%2C200","width":350,"height":200,"srcset":"https:\/\/i0.wp.com\/www.quartier-waldacker.de\/wp-content\/uploads\/2024\/09\/35-Jahre-Buergertreff.jpg?fit=1200%2C281&ssl=1&resize=350%2C200 1x, https:\/\/i0.wp.com\/www.quartier-waldacker.de\/wp-content\/uploads\/2024\/09\/35-Jahre-Buergertreff.jpg?fit=1200%2C281&ssl=1&resize=525%2C300 1.5x, https:\/\/i0.wp.com\/www.quartier-waldacker.de\/wp-content\/uploads\/2024\/09\/35-Jahre-Buergertreff.jpg?fit=1200%2C281&ssl=1&resize=700%2C400 2x, https:\/\/i0.wp.com\/www.quartier-waldacker.de\/wp-content\/uploads\/2024\/09\/35-Jahre-Buergertreff.jpg?fit=1200%2C281&ssl=1&resize=1050%2C600 3x"},"classes":[]},{"id":24083,"url":"https:\/\/www.quartier-waldacker.de\/?p=24083","url_meta":{"origin":7623,"position":3},"title":"Aktivit\u00e4ten der Quartiersgruppe Waldacker in einer Zeitleiste aufgelistet.","author":"Johannes","date":"25. April 2024","format":false,"excerpt":"Nov. 2011 Zukunftswerkstadt Alle Waldackerer, die das 60. Lebensjahr vollendet haben, wurden von Herrn W. Geiken -Weigh von der Stadt R\u00f6dermark in die Zukunftswerkstadt eingeladen. Januar 2012 Gr\u00fcndung der \"Quariersgruppe Waldacker\" Aus der Zukunftswerkstadt entstand Quartiers-Waldacker Februar 2012 Seniorenfahrt zum Film des Monat Einmal im Monat f\u00e4hrt Herr B\u00e4rmann mit\u2026","rel":"","context":"With 1 comment","block_context":{"text":"With 1 comment","link":"https:\/\/www.quartier-waldacker.de\/?p=24083#comments"},"img":{"alt_text":"","src":"https:\/\/i0.wp.com\/www.quartier-waldacker.de\/wp-content\/uploads\/2024\/04\/Quartier_Historie.jpg?fit=1200%2C281&ssl=1&resize=350%2C200","width":350,"height":200,"srcset":"https:\/\/i0.wp.com\/www.quartier-waldacker.de\/wp-content\/uploads\/2024\/04\/Quartier_Historie.jpg?fit=1200%2C281&ssl=1&resize=350%2C200 1x, https:\/\/i0.wp.com\/www.quartier-waldacker.de\/wp-content\/uploads\/2024\/04\/Quartier_Historie.jpg?fit=1200%2C281&ssl=1&resize=525%2C300 1.5x, https:\/\/i0.wp.com\/www.quartier-waldacker.de\/wp-content\/uploads\/2024\/04\/Quartier_Historie.jpg?fit=1200%2C281&ssl=1&resize=700%2C400 2x, https:\/\/i0.wp.com\/www.quartier-waldacker.de\/wp-content\/uploads\/2024\/04\/Quartier_Historie.jpg?fit=1200%2C281&ssl=1&resize=1050%2C600 3x"},"classes":[]},{"id":7829,"url":"https:\/\/www.quartier-waldacker.de\/?p=7829","url_meta":{"origin":7623,"position":4},"title":"Informationsabend &#8211; Energiegenossenschaft Rodgau-R\u00f6dermark eG\u201c (EnerGo)","author":"admin","date":"12. Juni 2015","format":false,"excerpt":"Veranstaltungsreihe der Quartiersgruppe Waldacker \u2013 Vorstellungen der \u201eB\u00fcrger Energiegenossenschaft Rodgau-R\u00f6dermark eG\u201c (EnerGo) mit ihren Zielen, ihrer Entwicklung und ihrem Leistungsangebot, den realisierten Projekten und einem Blick in die Zukunft. Am Dienstag, dem 16. Juni 2015, um 18:30 Uhr l\u00e4dt die Quartiersgruppe Waldacker zur Informationsveranstaltung \u201eVorstellungen der \u201eB\u00fcrger-Energiegenossenschaft Rodgau-R\u00f6dermark eG\u201c (EnerGo)\u201c\u2026","rel":"","context":"In &quot;Vortr\u00e4ge&quot;","block_context":{"text":"Vortr\u00e4ge","link":"https:\/\/www.quartier-waldacker.de\/?cat=193"},"img":{"alt_text":"Energie-1","src":"https:\/\/i0.wp.com\/www.quartier-waldacker.de\/wp-content\/uploads\/2015\/06\/Energie-1-300x137.jpg?resize=350%2C200&ssl=1","width":350,"height":200},"classes":[]},{"id":7582,"url":"https:\/\/www.quartier-waldacker.de\/?p=7582","url_meta":{"origin":7623,"position":5},"title":"Abzocke Haust\u00fcr- und Telefongesch\u00e4fte","author":"admin","date":"14. M\u00e4rz 2015","format":false,"excerpt":"Am Dienstag, dem 24. M\u00e4rz 2015, um 18:30 Uhr l\u00e4dt die Quartiersgruppe Waldacker gemeinsam mit dem Verein \u201eB\u00fcrger f\u00fcr Sicherheit in R\u00f6dermark\u201c e.V. zur Informationsveranstaltung \u201eAbzocke \u2013 Haust\u00fcr- und Telefongesch\u00e4fte\u201c in den B\u00fcrgertreff Waldacker, Goethestra\u00dfe 39 ein. Referent Horst Hyland ist polizeilich zertifizierter Sicherheitsberater und zeigt aktuelle Beispiele und Pr\u00e4ventionsma\u00dfnahmen.\u2026","rel":"","context":"In &quot;Vortr\u00e4ge&quot;","block_context":{"text":"Vortr\u00e4ge","link":"https:\/\/www.quartier-waldacker.de\/?cat=193"},"img":{"alt_text":"","src":"https:\/\/i0.wp.com\/www.quartier-waldacker.de\/wp-content\/uploads\/2015\/03\/HT1.jpg?fit=755%2C405&ssl=1&resize=350%2C200","width":350,"height":200,"srcset":"https:\/\/i0.wp.com\/www.quartier-waldacker.de\/wp-content\/uploads\/2015\/03\/HT1.jpg?fit=755%2C405&ssl=1&resize=350%2C200 1x, https:\/\/i0.wp.com\/www.quartier-waldacker.de\/wp-content\/uploads\/2015\/03\/HT1.jpg?fit=755%2C405&ssl=1&resize=525%2C300 1.5x, https:\/\/i0.wp.com\/www.quartier-waldacker.de\/wp-content\/uploads\/2015\/03\/HT1.jpg?fit=755%2C405&ssl=1&resize=700%2C400 2x"},"classes":[]}],"jetpack_sharing_enabled":true,"rttpg_featured_image_url":{"full":["https:\/\/i0.wp.com\/www.quartier-waldacker.de\/wp-content\/uploads\/2015\/03\/KIGA00.jpg?fit=640%2C480&ssl=1",640,480,false],"landscape":["https:\/\/www.quartier-waldacker.de\/wp-content\/uploads\/2015\/03\/KIGA00.jpg",640,480,false],"portraits":["https:\/\/www.quartier-waldacker.de\/wp-content\/uploads\/2015\/03\/KIGA00.jpg",640,480,false],"thumbnail":["https:\/\/i0.wp.com\/www.quartier-waldacker.de\/wp-content\/uploads\/2015\/03\/KIGA00.jpg?resize=150%2C150&ssl=1",150,150,true],"medium":["https:\/\/i0.wp.com\/www.quartier-waldacker.de\/wp-content\/uploads\/2015\/03\/KIGA00.jpg?fit=300%2C225&ssl=1",300,225,true],"large":["https:\/\/i0.wp.com\/www.quartier-waldacker.de\/wp-content\/uploads\/2015\/03\/KIGA00.jpg?fit=640%2C480&ssl=1",640,480,true],"1536x1536":["https:\/\/i0.wp.com\/www.quartier-waldacker.de\/wp-content\/uploads\/2015\/03\/KIGA00.jpg?fit=640%2C480&ssl=1",640,480,true],"2048x2048":["https:\/\/i0.wp.com\/www.quartier-waldacker.de\/wp-content\/uploads\/2015\/03\/KIGA00.jpg?fit=640%2C480&ssl=1",640,480,true]},"rttpg_author":{"display_name":"Johannes","author_link":"https:\/\/www.quartier-waldacker.de\/?author=5"},"rttpg_comment":0,"rttpg_category":"<a href=\"https:\/\/www.quartier-waldacker.de\/?cat=194\" rel=\"category\">Kita-Waldacker<\/a>","rttpg_excerpt":"Unser Stadtteil soll interessanter und sch\u00f6ner werden, nach diesem Motto planten und bastelten die Kinder aus dem Kindergarten Waldacker \u00f6sterliche Skulpturen. Gemeinsam mit der Quartiersgruppe Waldacker wurde die Gr\u00fcnfl\u00e4che Am Buchrain\/Hauptstra\u00dfe als geeigneter Standort ausgemacht, um das Selbsthergestellte zu pr\u00e4sentieren. Nach zwei Wochen intensiver und kreativer Bastelzeit war es endlich soweit. Am 20.3.2015, am Tag&hellip;","_links":{"self":[{"href":"https:\/\/www.quartier-waldacker.de\/index.php?rest_route=\/wp\/v2\/posts\/7623","targetHints":{"allow":["GET"]}}],"collection":[{"href":"https:\/\/www.quartier-waldacker.de\/index.php?rest_route=\/wp\/v2\/posts"}],"about":[{"href":"https:\/\/www.quartier-waldacker.de\/index.php?rest_route=\/wp\/v2\/types\/post"}],"author":[{"embeddable":true,"href":"https:\/\/www.quartier-waldacker.de\/index.php?rest_route=\/wp\/v2\/users\/5"}],"replies":[{"embeddable":true,"href":"https:\/\/www.quartier-waldacker.de\/index.php?rest_route=%2Fwp%2Fv2%2Fcomments&post=7623"}],"version-history":[{"count":0,"href":"https:\/\/www.quartier-waldacker.de\/index.php?rest_route=\/wp\/v2\/posts\/7623\/revisions"}],"wp:featuredmedia":[{"embeddable":true,"href":"https:\/\/www.quartier-waldacker.de\/index.php?rest_route=\/wp\/v2\/media\/7625"}],"wp:attachment":[{"href":"https:\/\/www.quartier-waldacker.de\/index.php?rest_route=%2Fwp%2Fv2%2Fmedia&parent=7623"}],"wp:term":[{"taxonomy":"category","embeddable":true,"href":"https:\/\/www.quartier-waldacker.de\/index.php?rest_route=%2Fwp%2Fv2%2Fcategories&post=7623"},{"taxonomy":"post_tag","embeddable":true,"href":"https:\/\/www.quartier-waldacker.de\/index.php?rest_route=%2Fwp%2Fv2%2Ftags&post=7623"}],"curies":[{"name":"wp","href":"https:\/\/api.w.org\/{rel}","templated":true}]}}