{"id":7582,"date":"2015-03-14T17:49:28","date_gmt":"2015-03-14T16:49:28","guid":{"rendered":"https:\/\/www.quartier-waldacker.de\/?p=7582"},"modified":"2017-06-07T08:58:03","modified_gmt":"2017-06-07T07:58:03","slug":"abzocke-haustuer-und-telefongeschaefte","status":"publish","type":"post","link":"https:\/\/www.quartier-waldacker.de\/?p=7582","title":{"rendered":"Abzocke Haust\u00fcr- und Telefongesch\u00e4fte"},"content":{"rendered":"<p><a href=\"https:\/\/i0.wp.com\/www.quartier-waldacker.de\/wp-content\/uploads\/2015\/03\/HT1.jpg?ssl=1\"><img data-recalc-dims=\"1\" loading=\"lazy\" decoding=\"async\" data-attachment-id=\"7581\" data-permalink=\"https:\/\/www.quartier-waldacker.de\/?attachment_id=7581\" data-orig-file=\"https:\/\/i0.wp.com\/www.quartier-waldacker.de\/wp-content\/uploads\/2015\/03\/HT1.jpg?fit=755%2C405&amp;ssl=1\" data-orig-size=\"755,405\" data-comments-opened=\"1\" data-image-meta=\"{&quot;aperture&quot;:&quot;0&quot;,&quot;credit&quot;:&quot;&quot;,&quot;camera&quot;:&quot;&quot;,&quot;caption&quot;:&quot;&quot;,&quot;created_timestamp&quot;:&quot;0&quot;,&quot;copyright&quot;:&quot;&quot;,&quot;focal_length&quot;:&quot;0&quot;,&quot;iso&quot;:&quot;0&quot;,&quot;shutter_speed&quot;:&quot;0&quot;,&quot;title&quot;:&quot;&quot;,&quot;orientation&quot;:&quot;1&quot;}\" data-image-title=\"HT1\" data-image-description=\"\" data-image-caption=\"\" data-large-file=\"https:\/\/i0.wp.com\/www.quartier-waldacker.de\/wp-content\/uploads\/2015\/03\/HT1.jpg?fit=755%2C405&amp;ssl=1\" class=\" size-medium wp-image-7581 alignleft\" src=\"https:\/\/i0.wp.com\/www.quartier-waldacker.de\/wp-content\/uploads\/2015\/03\/HT1.jpg?resize=300%2C161&#038;ssl=1\" alt=\"HT1\" width=\"300\" height=\"161\" srcset=\"https:\/\/i0.wp.com\/www.quartier-waldacker.de\/wp-content\/uploads\/2015\/03\/HT1.jpg?resize=300%2C161&amp;ssl=1 300w, https:\/\/i0.wp.com\/www.quartier-waldacker.de\/wp-content\/uploads\/2015\/03\/HT1.jpg?w=755&amp;ssl=1 755w\" sizes=\"auto, (max-width: 300px) 100vw, 300px\" \/><\/a><\/p>\n<p><span style=\"font-size: 14pt; font-family: arial,helvetica,sans-serif;\">Am <strong>Dienstag, dem 24<\/strong><\/span><span style=\"font-size: 14pt; font-family: arial,helvetica,sans-serif;\"><strong>. M\u00e4rz 2015, um 18:30 Uhr<\/strong> l\u00e4dt die <strong>Quartiersgruppe<\/strong> Waldacker gemeinsam mit dem Verein \u201e<strong>B\u00fcrger f\u00fcr Sicherheit in R\u00f6dermark\u201c e.V.<\/strong> zur Informationsveranstaltung \u201eAbzocke \u2013 Haust\u00fcr- und Telefongesch\u00e4fte\u201c in den <strong>B\u00fcrgertreff Waldacker, Goethestra\u00dfe 39<\/strong> ein. <\/span><\/p>\n<p><span style=\"font-size: 14pt; font-family: arial,helvetica,sans-serif;\">Referent <strong>Horst Hyland<\/strong> ist polizeilich zertifizierter Sicherheitsberater und zeigt aktuelle Beispiele und Pr\u00e4ventionsma\u00dfnahmen.<\/span><br \/>\n <span style=\"font-size: 14pt; font-family: arial,helvetica,sans-serif;\">Wir erleben es jeden Tag, Abzocke am Telefon und an der Haust\u00fcr, Werbebriefe von unseri\u00f6sen Anbietern, Dr\u00fcckerkolonnen, Gewinnversprechen, unseri\u00f6se Handwerker und ihre \u00dcberraschungen, Kaffeefahrten und der immer wieder aktuelle Enkel-Wasser- Zetteltrick, Trickbetr\u00fcgereien nicht nur bei Senioren. Die Veranstaltung ist kostenlos. Interessierte B\u00fcrgerinnen und B\u00fcrger sind herzlich willkommen. <\/span><br \/>\n <span style=\"font-size: 14pt; font-family: arial,helvetica,sans-serif;\">Weitere Ausk\u00fcnfte gibt: <strong>Horst Hyland<\/strong> [icon name=&#8221;phone-square&#8221; class=&#8221;&#8221;]06074 917725<\/span><\/p>\n<p><span style=\"font-size: 14pt; font-family: arial,helvetica,sans-serif;\">Der Vortrag findet im Rahmen der Veranstaltungsreihe statt, die die Quartiersgruppe Waldacker jeden dritten oder vierten Dienstag im Monat im B\u00fcrgertreff Waldacker durchf\u00fchrt.<br \/>\n <\/span><\/p>\n","protected":false},"excerpt":{"rendered":"<p>Am Dienstag, dem 24. M\u00e4rz 2015, um 18:30 Uhr l\u00e4dt die Quartiersgruppe Waldacker gemeinsam mit dem Verein \u201eB\u00fcrger f\u00fcr Sicherheit in R\u00f6dermark\u201c e.V. zur Informationsveranstaltung \u201eAbzocke \u2013 Haust\u00fcr- und Telefongesch\u00e4fte\u201c in den B\u00fcrgertreff Waldacker, Goethestra\u00dfe 39 ein. Referent Horst Hyland ist polizeilich zertifizierter Sicherheitsberater und zeigt aktuelle Beispiele und Pr\u00e4ventionsma\u00dfnahmen. Wir erleben es jeden Tag, &#8230; <a title=\"Abzocke Haust\u00fcr- und Telefongesch\u00e4fte\" class=\"read-more\" href=\"https:\/\/www.quartier-waldacker.de\/?p=7582\" aria-label=\"Mehr Informationen \u00fcber Abzocke Haust\u00fcr- und Telefongesch\u00e4fte\">Weiterlesen<\/a><\/p>\n","protected":false},"author":1,"featured_media":7581,"comment_status":"open","ping_status":"open","sticky":false,"template":"","format":"standard","meta":{"generate_page_header":"","_jetpack_memberships_contains_paid_content":false,"footnotes":""},"categories":[193],"tags":[],"class_list":["post-7582","post","type-post","status-publish","format-standard","has-post-thumbnail","hentry","category-vortraege"],"jetpack_featured_media_url":"https:\/\/i0.wp.com\/www.quartier-waldacker.de\/wp-content\/uploads\/2015\/03\/HT1.jpg?fit=755%2C405&ssl=1","jetpack-related-posts":[{"id":8173,"url":"https:\/\/www.quartier-waldacker.de\/?p=8173","url_meta":{"origin":7582,"position":0},"title":"Trickbetr\u00fcgereien, wie k\u00f6nnen Sie sich sch\u00fctzen","author":"admin","date":"8. September 2015","format":false,"excerpt":"Am Dienstag, dem 15. September 2015 um 18:30 Uhr l\u00e4dt die Quartiersgruppe Waldacker gemeinsam mit dem Verein \u201eB\u00fcrger f\u00fcr Sicherheit in R\u00f6dermark\u201c e.V. zur Informationsveranstaltung \u201eTrickbetr\u00fcgereien, wie k\u00f6nnen Sie sich sch\u00fctzen\u201c in den B\u00fcrgertreff Waldacker, Goethestra\u00dfe 39 ein. Referent Horst Hyland ist polizeilich zertifizierter Sicherheitsberater und zeigt aktuelle Pr\u00e4ventionsma\u00dfnahmen. Wir\u2026","rel":"","context":"In &quot;Vortr\u00e4ge&quot;","block_context":{"text":"Vortr\u00e4ge","link":"https:\/\/www.quartier-waldacker.de\/?cat=193"},"img":{"alt_text":"Trickbetrueger4","src":"https:\/\/i0.wp.com\/www.quartier-waldacker.de\/wp-content\/uploads\/2015\/09\/Trickbetrueger4-300x168.jpg?resize=350%2C200&ssl=1","width":350,"height":200},"classes":[]},{"id":5670,"url":"https:\/\/www.quartier-waldacker.de\/?p=5670","url_meta":{"origin":7582,"position":1},"title":"Vortrag &#8211; \u201eTrickbetr\u00fcgereien, wie k\u00f6nnen Sie sich sch\u00fctzen\u201c","author":"admin","date":"16. Juni 2014","format":false,"excerpt":"Am Dienstag, dem 24. Juni 2014 um 18:30 Uhr l\u00e4dt die Quartiersgruppe Waldacker gemeinsam mit dem Verein \u201eB\u00fcrger f\u00fcr Sicherheit in R\u00f6dermark\u201c e.V. zur Informationsveranstaltung \u201eTrickbetr\u00fcgereien, wie k\u00f6nnen Sie sich sch\u00fctzen\u201c in den B\u00fcrgertreff Waldacker, Goethestra\u00dfe 39 ein. Referent Horst Hyland ist polizeilich zertifizierter Sicherheitsberater und zeigt aktuelle Pr\u00e4ventionsma\u00dfnahmen. Wir\u2026","rel":"","context":"In &quot;Vortr\u00e4ge&quot;","block_context":{"text":"Vortr\u00e4ge","link":"https:\/\/www.quartier-waldacker.de\/?cat=193"},"img":{"alt_text":"","src":"https:\/\/i0.wp.com\/www.quartier-waldacker.de\/wp-content\/uploads\/2014\/04\/Vorsicht-Betrueger.png?resize=350%2C200&ssl=1","width":350,"height":200},"classes":[]},{"id":23274,"url":"https:\/\/www.quartier-waldacker.de\/?p=23274","url_meta":{"origin":7582,"position":2},"title":"Schutz vor Betr\u00fcgern und Abzockern","author":"admin","date":"10. November 2023","format":false,"excerpt":"Gut besuchter Sicherheitsvortrag f\u00fcr Senioren im Rahmen des Kompass-Programms Schockanufe, Betrug an der Haust\u00fcr und am Telefon, Enkeltrick- bekannte Stichworte f\u00fcr die dreisten und perfiden Machenschaften von Kriminellen. H\u00e4ufig sind es \u00e4ltere Menschen, die in die F\u00e4nge dieser Abzocker geraten. Was tun? Wie kann man sich sch\u00fctzen? Darum ging es\u2026","rel":"","context":"Similar post","block_context":{"text":"Similar post","link":""},"img":{"alt_text":"","src":"https:\/\/i0.wp.com\/www.quartier-waldacker.de\/wp-content\/uploads\/2017\/11\/Stadt_R%C3%B6derm_info.jpg?fit=1200%2C261&ssl=1&resize=350%2C200","width":350,"height":200,"srcset":"https:\/\/i0.wp.com\/www.quartier-waldacker.de\/wp-content\/uploads\/2017\/11\/Stadt_R%C3%B6derm_info.jpg?fit=1200%2C261&ssl=1&resize=350%2C200 1x, https:\/\/i0.wp.com\/www.quartier-waldacker.de\/wp-content\/uploads\/2017\/11\/Stadt_R%C3%B6derm_info.jpg?fit=1200%2C261&ssl=1&resize=525%2C300 1.5x, https:\/\/i0.wp.com\/www.quartier-waldacker.de\/wp-content\/uploads\/2017\/11\/Stadt_R%C3%B6derm_info.jpg?fit=1200%2C261&ssl=1&resize=700%2C400 2x, https:\/\/i0.wp.com\/www.quartier-waldacker.de\/wp-content\/uploads\/2017\/11\/Stadt_R%C3%B6derm_info.jpg?fit=1200%2C261&ssl=1&resize=1050%2C600 3x"},"classes":[]},{"id":27773,"url":"https:\/\/www.quartier-waldacker.de\/?p=27773","url_meta":{"origin":7582,"position":3},"title":"Radtour nach Gro\u00df\u2011Zimmern und zum Reinheimer Teich (51 km)","author":"Johannes","date":"12. April 2026","format":false,"excerpt":"\ud83c\udf24\ufe0f\u00a0Perfektes Radelwetter am 10. April 2026 Bei gem\u00fctlichen 14 Grad und einer wolkigen Decke \u00fcber dem Hessenland startete die Gruppe p\u00fcnktlich um 11 Uhr am Bahnhof Urberach. Eine fr\u00f6hliche Truppe von 20 motivierten Radlerinnen und Radlern versammelte sich unter der erfahrenen F\u00fchrung von Gerhard Elsesser und dem allseits beliebten Schlu\u00dfmann\u2026","rel":"","context":"In &quot;Radtouren&quot;","block_context":{"text":"Radtouren","link":"https:\/\/www.quartier-waldacker.de\/?cat=126"},"img":{"alt_text":"","src":"https:\/\/i0.wp.com\/www.quartier-waldacker.de\/wp-content\/uploads\/2026\/03\/Header_Gruppe_2026sr.jpg?fit=1200%2C281&ssl=1&resize=350%2C200","width":350,"height":200,"srcset":"https:\/\/i0.wp.com\/www.quartier-waldacker.de\/wp-content\/uploads\/2026\/03\/Header_Gruppe_2026sr.jpg?fit=1200%2C281&ssl=1&resize=350%2C200 1x, https:\/\/i0.wp.com\/www.quartier-waldacker.de\/wp-content\/uploads\/2026\/03\/Header_Gruppe_2026sr.jpg?fit=1200%2C281&ssl=1&resize=525%2C300 1.5x, https:\/\/i0.wp.com\/www.quartier-waldacker.de\/wp-content\/uploads\/2026\/03\/Header_Gruppe_2026sr.jpg?fit=1200%2C281&ssl=1&resize=700%2C400 2x, https:\/\/i0.wp.com\/www.quartier-waldacker.de\/wp-content\/uploads\/2026\/03\/Header_Gruppe_2026sr.jpg?fit=1200%2C281&ssl=1&resize=1050%2C600 3x"},"classes":[]},{"id":10599,"url":"https:\/\/www.quartier-waldacker.de\/?p=10599","url_meta":{"origin":7582,"position":4},"title":"Willkommensprojekt Wanderk\u00fcche \u2013 Gemeinsames Kochen im B\u00fcrgertreff Waldacker","author":"admin","date":"5. November 2016","format":false,"excerpt":"Am Dienstag, dem 15. November 2016, ab 16:00 Uhr l\u00e4dt die Quartiersgruppe Waldacker und das Projekt-Team Wanderk\u00fcche, Perminder Kaur-Jasuja und Christian Klein-Wolf zum gemeinsamen Kochen mit B\u00fcrgern und Zuwanderern in den B\u00fcrgertreff\u00a0 Waldacker, Goethestra\u00dfe 39 ein. Nach dem gemeinsamen Kochen soll nat\u00fcrlich auch gemeinsam gegessen werden. Hierzu sind alle B\u00fcrger\u2026","rel":"","context":"In &quot;Geselligkeit&quot;","block_context":{"text":"Geselligkeit","link":"https:\/\/www.quartier-waldacker.de\/?cat=171"},"img":{"alt_text":"","src":"https:\/\/i0.wp.com\/www.quartier-waldacker.de\/wp-content\/uploads\/2016\/11\/GemESS_8.jpg?fit=1200%2C261&ssl=1&resize=350%2C200","width":350,"height":200,"srcset":"https:\/\/i0.wp.com\/www.quartier-waldacker.de\/wp-content\/uploads\/2016\/11\/GemESS_8.jpg?fit=1200%2C261&ssl=1&resize=350%2C200 1x, https:\/\/i0.wp.com\/www.quartier-waldacker.de\/wp-content\/uploads\/2016\/11\/GemESS_8.jpg?fit=1200%2C261&ssl=1&resize=525%2C300 1.5x, https:\/\/i0.wp.com\/www.quartier-waldacker.de\/wp-content\/uploads\/2016\/11\/GemESS_8.jpg?fit=1200%2C261&ssl=1&resize=700%2C400 2x, https:\/\/i0.wp.com\/www.quartier-waldacker.de\/wp-content\/uploads\/2016\/11\/GemESS_8.jpg?fit=1200%2C261&ssl=1&resize=1050%2C600 3x"},"classes":[]},{"id":24083,"url":"https:\/\/www.quartier-waldacker.de\/?p=24083","url_meta":{"origin":7582,"position":5},"title":"Aktivit\u00e4ten der Quartiersgruppe Waldacker in einer Zeitleiste aufgelistet.","author":"Johannes","date":"25. April 2024","format":false,"excerpt":"Nov. 2011 Zukunftswerkstadt Alle Waldackerer, die das 60. Lebensjahr vollendet haben, wurden von Herrn W. Geiken -Weigh von der Stadt R\u00f6dermark in die Zukunftswerkstadt eingeladen. Januar 2012 Gr\u00fcndung der \"Quariersgruppe Waldacker\" Aus der Zukunftswerkstadt entstand Quartiers-Waldacker Februar 2012 Seniorenfahrt zum Film des Monat Einmal im Monat f\u00e4hrt Herr B\u00e4rmann mit\u2026","rel":"","context":"With 1 comment","block_context":{"text":"With 1 comment","link":"https:\/\/www.quartier-waldacker.de\/?p=24083#comments"},"img":{"alt_text":"","src":"https:\/\/i0.wp.com\/www.quartier-waldacker.de\/wp-content\/uploads\/2024\/04\/Quartier_Historie.jpg?fit=1200%2C281&ssl=1&resize=350%2C200","width":350,"height":200,"srcset":"https:\/\/i0.wp.com\/www.quartier-waldacker.de\/wp-content\/uploads\/2024\/04\/Quartier_Historie.jpg?fit=1200%2C281&ssl=1&resize=350%2C200 1x, https:\/\/i0.wp.com\/www.quartier-waldacker.de\/wp-content\/uploads\/2024\/04\/Quartier_Historie.jpg?fit=1200%2C281&ssl=1&resize=525%2C300 1.5x, https:\/\/i0.wp.com\/www.quartier-waldacker.de\/wp-content\/uploads\/2024\/04\/Quartier_Historie.jpg?fit=1200%2C281&ssl=1&resize=700%2C400 2x, https:\/\/i0.wp.com\/www.quartier-waldacker.de\/wp-content\/uploads\/2024\/04\/Quartier_Historie.jpg?fit=1200%2C281&ssl=1&resize=1050%2C600 3x"},"classes":[]}],"jetpack_sharing_enabled":true,"rttpg_featured_image_url":{"full":["https:\/\/i0.wp.com\/www.quartier-waldacker.de\/wp-content\/uploads\/2015\/03\/HT1.jpg?fit=755%2C405&ssl=1",755,405,false],"landscape":["https:\/\/www.quartier-waldacker.de\/wp-content\/uploads\/2015\/03\/HT1.jpg",755,405,false],"portraits":["https:\/\/www.quartier-waldacker.de\/wp-content\/uploads\/2015\/03\/HT1.jpg",755,405,false],"thumbnail":["https:\/\/i0.wp.com\/www.quartier-waldacker.de\/wp-content\/uploads\/2015\/03\/HT1.jpg?resize=150%2C150&ssl=1",150,150,true],"medium":["https:\/\/i0.wp.com\/www.quartier-waldacker.de\/wp-content\/uploads\/2015\/03\/HT1.jpg?fit=300%2C161&ssl=1",300,161,true],"large":["https:\/\/i0.wp.com\/www.quartier-waldacker.de\/wp-content\/uploads\/2015\/03\/HT1.jpg?fit=755%2C405&ssl=1",755,405,true],"1536x1536":["https:\/\/i0.wp.com\/www.quartier-waldacker.de\/wp-content\/uploads\/2015\/03\/HT1.jpg?fit=755%2C405&ssl=1",755,405,true],"2048x2048":["https:\/\/i0.wp.com\/www.quartier-waldacker.de\/wp-content\/uploads\/2015\/03\/HT1.jpg?fit=755%2C405&ssl=1",755,405,true]},"rttpg_author":{"display_name":"admin","author_link":"https:\/\/www.quartier-waldacker.de\/?author=1"},"rttpg_comment":0,"rttpg_category":"<a href=\"https:\/\/www.quartier-waldacker.de\/?cat=193\" rel=\"category\">Vortr\u00e4ge<\/a>","rttpg_excerpt":"Am Dienstag, dem 24. M\u00e4rz 2015, um 18:30 Uhr l\u00e4dt die Quartiersgruppe Waldacker gemeinsam mit dem Verein \u201eB\u00fcrger f\u00fcr Sicherheit in R\u00f6dermark\u201c e.V. zur Informationsveranstaltung \u201eAbzocke \u2013 Haust\u00fcr- und Telefongesch\u00e4fte\u201c in den B\u00fcrgertreff Waldacker, Goethestra\u00dfe 39 ein. Referent Horst Hyland ist polizeilich zertifizierter Sicherheitsberater und zeigt aktuelle Beispiele und Pr\u00e4ventionsma\u00dfnahmen. Wir erleben es jeden Tag,&hellip;","_links":{"self":[{"href":"https:\/\/www.quartier-waldacker.de\/index.php?rest_route=\/wp\/v2\/posts\/7582","targetHints":{"allow":["GET"]}}],"collection":[{"href":"https:\/\/www.quartier-waldacker.de\/index.php?rest_route=\/wp\/v2\/posts"}],"about":[{"href":"https:\/\/www.quartier-waldacker.de\/index.php?rest_route=\/wp\/v2\/types\/post"}],"author":[{"embeddable":true,"href":"https:\/\/www.quartier-waldacker.de\/index.php?rest_route=\/wp\/v2\/users\/1"}],"replies":[{"embeddable":true,"href":"https:\/\/www.quartier-waldacker.de\/index.php?rest_route=%2Fwp%2Fv2%2Fcomments&post=7582"}],"version-history":[{"count":0,"href":"https:\/\/www.quartier-waldacker.de\/index.php?rest_route=\/wp\/v2\/posts\/7582\/revisions"}],"wp:featuredmedia":[{"embeddable":true,"href":"https:\/\/www.quartier-waldacker.de\/index.php?rest_route=\/wp\/v2\/media\/7581"}],"wp:attachment":[{"href":"https:\/\/www.quartier-waldacker.de\/index.php?rest_route=%2Fwp%2Fv2%2Fmedia&parent=7582"}],"wp:term":[{"taxonomy":"category","embeddable":true,"href":"https:\/\/www.quartier-waldacker.de\/index.php?rest_route=%2Fwp%2Fv2%2Fcategories&post=7582"},{"taxonomy":"post_tag","embeddable":true,"href":"https:\/\/www.quartier-waldacker.de\/index.php?rest_route=%2Fwp%2Fv2%2Ftags&post=7582"}],"curies":[{"name":"wp","href":"https:\/\/api.w.org\/{rel}","templated":true}]}}