{"id":7420,"date":"2015-01-30T20:10:33","date_gmt":"2015-01-30T19:10:33","guid":{"rendered":"https:\/\/www.quartier-waldacker.de\/?p=7420"},"modified":"2017-02-02T16:53:30","modified_gmt":"2017-02-02T15:53:30","slug":"kostenloses-augentraining-fuer-senioren-und-seniorinnen-im-buergertreff-waldacker","status":"publish","type":"post","link":"https:\/\/www.quartier-waldacker.de\/?p=7420","title":{"rendered":"Kostenloses Augentraining f\u00fcr Senioren und Seniorinnen im B\u00fcrgertreff Waldacker"},"content":{"rendered":"<p><span style=\"font-size: 12pt; font-family: arial,helvetica,sans-serif;\"><a href=\"https:\/\/i0.wp.com\/www.quartier-waldacker.de\/wp-content\/uploads\/2015\/01\/Aug.jpg?ssl=1\"><img data-recalc-dims=\"1\" loading=\"lazy\" decoding=\"async\" data-attachment-id=\"7415\" data-permalink=\"https:\/\/www.quartier-waldacker.de\/?attachment_id=7415\" data-orig-file=\"https:\/\/i0.wp.com\/www.quartier-waldacker.de\/wp-content\/uploads\/2015\/01\/Aug.jpg?fit=1280%2C853&amp;ssl=1\" data-orig-size=\"1280,853\" data-comments-opened=\"1\" data-image-meta=\"{&quot;aperture&quot;:&quot;0&quot;,&quot;credit&quot;:&quot;&quot;,&quot;camera&quot;:&quot;&quot;,&quot;caption&quot;:&quot;&quot;,&quot;created_timestamp&quot;:&quot;0&quot;,&quot;copyright&quot;:&quot;&quot;,&quot;focal_length&quot;:&quot;0&quot;,&quot;iso&quot;:&quot;0&quot;,&quot;shutter_speed&quot;:&quot;0&quot;,&quot;title&quot;:&quot;&quot;,&quot;orientation&quot;:&quot;1&quot;}\" data-image-title=\"Aug\" data-image-description=\"\" data-image-caption=\"\" data-large-file=\"https:\/\/i0.wp.com\/www.quartier-waldacker.de\/wp-content\/uploads\/2015\/01\/Aug.jpg?fit=1024%2C682&amp;ssl=1\" class=\"  wp-image-7415 alignleft\" src=\"https:\/\/i0.wp.com\/www.quartier-waldacker.de\/wp-content\/uploads\/2015\/01\/Aug.jpg?resize=158%2C105&#038;ssl=1\" alt=\"\" width=\"158\" height=\"105\" srcset=\"https:\/\/i0.wp.com\/www.quartier-waldacker.de\/wp-content\/uploads\/2015\/01\/Aug.jpg?resize=300%2C200&amp;ssl=1 300w, https:\/\/i0.wp.com\/www.quartier-waldacker.de\/wp-content\/uploads\/2015\/01\/Aug.jpg?resize=1024%2C682&amp;ssl=1 1024w, https:\/\/i0.wp.com\/www.quartier-waldacker.de\/wp-content\/uploads\/2015\/01\/Aug.jpg?w=1280&amp;ssl=1 1280w\" sizes=\"auto, (max-width: 158px) 100vw, 158px\" \/><\/a>Am <strong>13. Februar 2015<\/strong> und an zwei weiteren Terminen findet von <strong>15.00 Uhr bis 16.00 Uhr<\/strong> im B\u00fcrgertreff Waldacker unter der Leitung von Angelika Tank ein kostenloses Augentraining statt. <\/span><br \/>\n<span style=\"font-size: 12pt; font-family: arial,helvetica,sans-serif;\">Sie lernen in diesem Kurs M\u00f6glichkeiten kennen, Ihren Augen zum besseren und<\/span> <span style=\"font-size: 12pt; font-family: arial,helvetica,sans-serif;\">entspannten Sehen zu verhelfen. Gezeigt werden alternative Methoden, wie Sie sich auf nat\u00fcrliche Art und Weise selbst helfen k\u00f6nnen. Das Augentraining, mit R\u00fccken- und Schulterlockerung sowie kleinen Entspannungs\u00fcbungen, ist sowohl f\u00fcr Brillentr\u00e4ger als auch f\u00fcr Menschen ohne Brille geeignet. <\/span><br \/>\n<span style=\"font-size: 12pt; font-family: arial,helvetica,sans-serif;\">Die zwei weiteren Schnuppertermine finden am <strong>27.02.2015<\/strong> und <strong>6.03.2015<\/strong> von <strong>15.00 Uhr bis 16.00 Uhr<\/strong> im B\u00fcrgertreff Waldacker, Goethestra\u00dfe 39 statt.<\/span><br \/>\n<span style=\"font-size: 12pt; font-family: arial,helvetica,sans-serif;\">Anmeldungen nimmt Angelika Tank, Tel.:06074-9176851, E-Mail:\u00a0<a href=\"mailto:angelikatank@gmx.de\" target=\"_blank\">angelikatank@gmx.de<\/a> oder Sandra Seibert, Senioren, Sozialer Dienst, Tel.: 06074-911 351, E-Mail:\u00a0<a href=\"mailto:sandra.seibert@roedermark.de\" target=\"_blank\">sandra.seibert@roedermark.de<\/a> entgegen.<br \/>\nVeranstalter ist die <strong>Quartiersgruppe Waldacker<\/strong> in Zusammenarbeit mit der <strong>Stadt R\u00f6dermark<\/strong>.<\/span><\/p>\n<p style=\"text-align: center;\">[ratings]\n","protected":false},"excerpt":{"rendered":"<p>Am 13. Februar 2015 und an zwei weiteren Terminen findet von 15.00 Uhr bis 16.00 Uhr im B\u00fcrgertreff Waldacker unter der Leitung von Angelika Tank ein kostenloses Augentraining statt. Sie lernen in diesem Kurs M\u00f6glichkeiten kennen, Ihren Augen zum besseren und entspannten Sehen zu verhelfen. Gezeigt werden alternative Methoden, wie Sie sich auf nat\u00fcrliche Art &#8230; <a title=\"Kostenloses Augentraining f\u00fcr Senioren und Seniorinnen im B\u00fcrgertreff Waldacker\" class=\"read-more\" href=\"https:\/\/www.quartier-waldacker.de\/?p=7420\" aria-label=\"Mehr Informationen \u00fcber Kostenloses Augentraining f\u00fcr Senioren und Seniorinnen im B\u00fcrgertreff Waldacker\">Weiterlesen<\/a><\/p>\n","protected":false},"author":1,"featured_media":0,"comment_status":"open","ping_status":"open","sticky":false,"template":"","format":"standard","meta":{"generate_page_header":"","_jetpack_memberships_contains_paid_content":false,"footnotes":""},"categories":[187],"tags":[],"class_list":["post-7420","post","type-post","status-publish","format-standard","hentry","category-fitness"],"jetpack_featured_media_url":"","jetpack-related-posts":[{"id":20117,"url":"https:\/\/www.quartier-waldacker.de\/?p=20117","url_meta":{"origin":7420,"position":0},"title":"Krimifans kommen in Waldacker auf ihre Kosten &#8211; \u00d6ffentlicher B\u00fccherschrank im B\u00fcrgertreff","author":"admin","date":"11. M\u00e4rz 2021","format":"image","excerpt":"Ein Beitrag von Ute Schmidt Im Eingangsbereich des B\u00fcrgertreffs Waldacker in der Goethestra\u00dfe 39 befindet sich ein \u00f6ffentlicher B\u00fccherschrank. Interessierte Leser k\u00f6nnen sich dort kostenfrei und unverbindlich, spannende und abwechslungsreiche Literatur ausleihen. Unser ehrenamtliches Mitglied der Quartiersgruppe Waldacker Margret Schierenbeck k\u00fcmmert sich seit \u00fcber drei Jahren um diese beiden B\u00fccherregale.\u2026","rel":"","context":"In \"B\u00fccher\"","block_context":{"text":"B\u00fccher","link":"https:\/\/www.quartier-waldacker.de\/?tag=buecher"},"img":{"alt_text":"","src":"https:\/\/i0.wp.com\/www.quartier-waldacker.de\/wp-content\/uploads\/2021\/03\/BUe-Header-1280_300.jpg?fit=1200%2C281&ssl=1&resize=350%2C200","width":350,"height":200,"srcset":"https:\/\/i0.wp.com\/www.quartier-waldacker.de\/wp-content\/uploads\/2021\/03\/BUe-Header-1280_300.jpg?fit=1200%2C281&ssl=1&resize=350%2C200 1x, https:\/\/i0.wp.com\/www.quartier-waldacker.de\/wp-content\/uploads\/2021\/03\/BUe-Header-1280_300.jpg?fit=1200%2C281&ssl=1&resize=525%2C300 1.5x, https:\/\/i0.wp.com\/www.quartier-waldacker.de\/wp-content\/uploads\/2021\/03\/BUe-Header-1280_300.jpg?fit=1200%2C281&ssl=1&resize=700%2C400 2x, https:\/\/i0.wp.com\/www.quartier-waldacker.de\/wp-content\/uploads\/2021\/03\/BUe-Header-1280_300.jpg?fit=1200%2C281&ssl=1&resize=1050%2C600 3x"},"classes":[]},{"id":26573,"url":"https:\/\/www.quartier-waldacker.de\/?p=26573","url_meta":{"origin":7420,"position":1},"title":"Siedlergemeinschaft und die Quartiersgruppe treffen sich!","author":"admin","date":"16. M\u00e4rz 2025","format":false,"excerpt":"Ein Beitrag von Silvia Rebell Am Mittwoch, den 12. M\u00e4rz, fand ein sch\u00f6nes und inspirierendes Zusammentreffen der\u00a0Quartiersgruppe Waldacker und\u00a0der\u00a0Siedlergemeinschaft R\u00f6dermark-Waldacker\u00a0statt. In geselliger Runde kamen nicht nur die\u00a0aktiven Seniorinnen und Senioren zusammen, die sich bereits mit gro\u00dfem Engagement in der Quartiersarbeit einbringen. Sie gestalten regelm\u00e4\u00dfig Programme und Veranstaltungen, die auf ihre\u2026","rel":"","context":"In \"2025\"","block_context":{"text":"2025","link":"https:\/\/www.quartier-waldacker.de\/?tag=2025"},"img":{"alt_text":"","src":"https:\/\/i0.wp.com\/www.quartier-waldacker.de\/wp-content\/uploads\/2025\/03\/Headers_gemeinsam1280.jpg?fit=1200%2C281&ssl=1&resize=350%2C200","width":350,"height":200,"srcset":"https:\/\/i0.wp.com\/www.quartier-waldacker.de\/wp-content\/uploads\/2025\/03\/Headers_gemeinsam1280.jpg?fit=1200%2C281&ssl=1&resize=350%2C200 1x, https:\/\/i0.wp.com\/www.quartier-waldacker.de\/wp-content\/uploads\/2025\/03\/Headers_gemeinsam1280.jpg?fit=1200%2C281&ssl=1&resize=525%2C300 1.5x, https:\/\/i0.wp.com\/www.quartier-waldacker.de\/wp-content\/uploads\/2025\/03\/Headers_gemeinsam1280.jpg?fit=1200%2C281&ssl=1&resize=700%2C400 2x, https:\/\/i0.wp.com\/www.quartier-waldacker.de\/wp-content\/uploads\/2025\/03\/Headers_gemeinsam1280.jpg?fit=1200%2C281&ssl=1&resize=1050%2C600 3x"},"classes":[]},{"id":9665,"url":"https:\/\/www.quartier-waldacker.de\/?p=9665","url_meta":{"origin":7420,"position":2},"title":"Vortrag \u201eAlbtraum Einbruch \u2013 Haus- und Wohnungssicherheit\u201c","author":"admin","date":"18. Februar 2016","format":false,"excerpt":"Am Dienstag, dem 23. Februar 2016, um 18:30 Uhr l\u00e4dt die Quartiersgruppe Waldacker gemeinsam mit dem Verein \u201eB\u00fcrger f\u00fcr Sicherheit in R\u00f6dermark\u201c e.V. zur Informationsveranstaltung \u201eAlbtraum Einbruch \u2013 Haus- und Wohnungssicherheit\u201c in den B\u00fcrgertreff Waldacker, Goethestra\u00dfe 39 ein. Die Zahl von Einbr\u00fcchen in Wohnungen und H\u00e4user steigt, besonders h\u00e4ufig in\u2026","rel":"","context":"In &quot;Vortr\u00e4ge&quot;","block_context":{"text":"Vortr\u00e4ge","link":"https:\/\/www.quartier-waldacker.de\/?cat=193"},"img":{"alt_text":"EB_2_680_383","src":"https:\/\/i0.wp.com\/www.quartier-waldacker.de\/wp-content\/uploads\/2016\/02\/EB_2_680_383-300x169.jpg?resize=350%2C200&ssl=1","width":350,"height":200},"classes":[]},{"id":8173,"url":"https:\/\/www.quartier-waldacker.de\/?p=8173","url_meta":{"origin":7420,"position":3},"title":"Trickbetr\u00fcgereien, wie k\u00f6nnen Sie sich sch\u00fctzen","author":"admin","date":"8. September 2015","format":false,"excerpt":"Am Dienstag, dem 15. September 2015 um 18:30 Uhr l\u00e4dt die Quartiersgruppe Waldacker gemeinsam mit dem Verein \u201eB\u00fcrger f\u00fcr Sicherheit in R\u00f6dermark\u201c e.V. zur Informationsveranstaltung \u201eTrickbetr\u00fcgereien, wie k\u00f6nnen Sie sich sch\u00fctzen\u201c in den B\u00fcrgertreff Waldacker, Goethestra\u00dfe 39 ein. Referent Horst Hyland ist polizeilich zertifizierter Sicherheitsberater und zeigt aktuelle Pr\u00e4ventionsma\u00dfnahmen. Wir\u2026","rel":"","context":"In &quot;Vortr\u00e4ge&quot;","block_context":{"text":"Vortr\u00e4ge","link":"https:\/\/www.quartier-waldacker.de\/?cat=193"},"img":{"alt_text":"Trickbetrueger4","src":"https:\/\/i0.wp.com\/www.quartier-waldacker.de\/wp-content\/uploads\/2015\/09\/Trickbetrueger4-300x168.jpg?resize=350%2C200&ssl=1","width":350,"height":200},"classes":[]},{"id":5670,"url":"https:\/\/www.quartier-waldacker.de\/?p=5670","url_meta":{"origin":7420,"position":4},"title":"Vortrag &#8211; \u201eTrickbetr\u00fcgereien, wie k\u00f6nnen Sie sich sch\u00fctzen\u201c","author":"admin","date":"16. Juni 2014","format":false,"excerpt":"Am Dienstag, dem 24. Juni 2014 um 18:30 Uhr l\u00e4dt die Quartiersgruppe Waldacker gemeinsam mit dem Verein \u201eB\u00fcrger f\u00fcr Sicherheit in R\u00f6dermark\u201c e.V. zur Informationsveranstaltung \u201eTrickbetr\u00fcgereien, wie k\u00f6nnen Sie sich sch\u00fctzen\u201c in den B\u00fcrgertreff Waldacker, Goethestra\u00dfe 39 ein. Referent Horst Hyland ist polizeilich zertifizierter Sicherheitsberater und zeigt aktuelle Pr\u00e4ventionsma\u00dfnahmen. Wir\u2026","rel":"","context":"In &quot;Vortr\u00e4ge&quot;","block_context":{"text":"Vortr\u00e4ge","link":"https:\/\/www.quartier-waldacker.de\/?cat=193"},"img":{"alt_text":"","src":"https:\/\/i0.wp.com\/www.quartier-waldacker.de\/wp-content\/uploads\/2014\/04\/Vorsicht-Betrueger.png?resize=350%2C200&ssl=1","width":350,"height":200},"classes":[]},{"id":7376,"url":"https:\/\/www.quartier-waldacker.de\/?p=7376","url_meta":{"origin":7420,"position":5},"title":"Senioren, PC und Internet","author":"admin","date":"14. Januar 2015","format":false,"excerpt":"Am Mittwoch, dem 21. Januar 2015 von 15.00 Uhr bis 17.00 Uhr startet die PC Hilfestellung und Unterst\u00fctzung im Internet f\u00fcr Senioren nach der Winterpause im B\u00fcrgertreff Waldacker, Goethestr. 39 wieder. Drei engagierte Mitglieder der Quartiersgruppe Waldacker wollen interessierten Senioren\/innen den Einstieg in die Welt von PC und Internet erleichtern\u2026","rel":"","context":"In &quot;Workshop&quot;","block_context":{"text":"Workshop","link":"https:\/\/www.quartier-waldacker.de\/?cat=172"},"img":{"alt_text":"P001","src":"https:\/\/i0.wp.com\/www.quartier-waldacker.de\/wp-content\/uploads\/2015\/01\/P001-300x300.jpg?resize=350%2C200&ssl=1","width":350,"height":200},"classes":[]}],"jetpack_sharing_enabled":true,"rttpg_featured_image_url":null,"rttpg_author":{"display_name":"admin","author_link":"https:\/\/www.quartier-waldacker.de\/?author=1"},"rttpg_comment":0,"rttpg_category":"<a href=\"https:\/\/www.quartier-waldacker.de\/?cat=187\" rel=\"category\">Fitness<\/a>","rttpg_excerpt":"Am 13. Februar 2015 und an zwei weiteren Terminen findet von 15.00 Uhr bis 16.00 Uhr im B\u00fcrgertreff Waldacker unter der Leitung von Angelika Tank ein kostenloses Augentraining statt. Sie lernen in diesem Kurs M\u00f6glichkeiten kennen, Ihren Augen zum besseren und entspannten Sehen zu verhelfen. Gezeigt werden alternative Methoden, wie Sie sich auf nat\u00fcrliche Art&hellip;","_links":{"self":[{"href":"https:\/\/www.quartier-waldacker.de\/index.php?rest_route=\/wp\/v2\/posts\/7420","targetHints":{"allow":["GET"]}}],"collection":[{"href":"https:\/\/www.quartier-waldacker.de\/index.php?rest_route=\/wp\/v2\/posts"}],"about":[{"href":"https:\/\/www.quartier-waldacker.de\/index.php?rest_route=\/wp\/v2\/types\/post"}],"author":[{"embeddable":true,"href":"https:\/\/www.quartier-waldacker.de\/index.php?rest_route=\/wp\/v2\/users\/1"}],"replies":[{"embeddable":true,"href":"https:\/\/www.quartier-waldacker.de\/index.php?rest_route=%2Fwp%2Fv2%2Fcomments&post=7420"}],"version-history":[{"count":0,"href":"https:\/\/www.quartier-waldacker.de\/index.php?rest_route=\/wp\/v2\/posts\/7420\/revisions"}],"wp:attachment":[{"href":"https:\/\/www.quartier-waldacker.de\/index.php?rest_route=%2Fwp%2Fv2%2Fmedia&parent=7420"}],"wp:term":[{"taxonomy":"category","embeddable":true,"href":"https:\/\/www.quartier-waldacker.de\/index.php?rest_route=%2Fwp%2Fv2%2Fcategories&post=7420"},{"taxonomy":"post_tag","embeddable":true,"href":"https:\/\/www.quartier-waldacker.de\/index.php?rest_route=%2Fwp%2Fv2%2Ftags&post=7420"}],"curies":[{"name":"wp","href":"https:\/\/api.w.org\/{rel}","templated":true}]}}