{"id":74,"date":"2012-11-08T14:18:06","date_gmt":"2012-11-08T08:18:06","guid":{"rendered":"https:\/\/www.quartier-waldacker.de\/?p=74"},"modified":"2013-01-13T18:53:33","modified_gmt":"2013-01-13T17:53:33","slug":"prasent-im-internet","status":"publish","type":"post","link":"https:\/\/www.quartier-waldacker.de\/?p=74","title":{"rendered":"Pr\u00e4sent im Internet"},"content":{"rendered":"<p><span style=\"font-size: 16px;\">Die Homepage ist eine der vielen Methoden sich zu pr\u00e4sentieren und zu informieren. Wir von der Quartiersgruppe haben von Beginn an (Dezember 2011) beschlossen im Internet pr\u00e4sent zu sein, um unseren B\u00fcrger auf dieser Art bequem \u00fcber unser Aktivit\u00e4ten zu informieren. Seit Juli 2012 kann man uns im Internet erreichen unter der Dom\u00e4ne <strong>www.Quartier-Waldacker.de<\/strong>.<br \/>\n<\/span><\/p>\n","protected":false},"excerpt":{"rendered":"<p>Die Homepage ist eine der vielen Methoden sich zu pr\u00e4sentieren und zu informieren. Wir von der Quartiersgruppe haben von Beginn an (Dezember 2011) beschlossen im Internet pr\u00e4sent zu sein, um unseren B\u00fcrger auf dieser Art bequem \u00fcber unser Aktivit\u00e4ten zu informieren. Seit Juli 2012 kann man uns im Internet erreichen unter der Dom\u00e4ne www.Quartier-Waldacker.de.<\/p>\n","protected":false},"author":1,"featured_media":0,"comment_status":"open","ping_status":"open","sticky":false,"template":"","format":"standard","meta":{"generate_page_header":"","_jetpack_memberships_contains_paid_content":false,"footnotes":""},"categories":[7,5],"tags":[],"class_list":["post-74","post","type-post","status-publish","format-standard","hentry","category-homepage","category-projekte"],"jetpack_featured_media_url":"","jetpack-related-posts":[{"id":4348,"url":"https:\/\/www.quartier-waldacker.de\/?p=4348","url_meta":{"origin":74,"position":0},"title":"Wegweiser im Dschungel der Senioren-Angebote","author":"Johannes","date":"9. Dezember 2013","format":false,"excerpt":"Zw\u00f6lf engagierten 10 Frauen und 2 M\u00e4nner wurden seit Oktober im Rathaus in sieben Modulen zu Senioren-Lotsen qualifiziert. Ihr Aufgabengebiet ist es \u00e4lteren B\u00fcrgern Ansprechpartner, Wegweiser und Ratgeber in den Wohnquartieren zu sein. Die Schulungen wurden von erfahrenen Altenhilfe-Experten aus den verschiedenen Bereichen durchgef\u00fchrt. Ausf\u00fchrlich informiert wurde zum Beispiel \u00fcber\u2026","rel":"","context":"Similar post","block_context":{"text":"Similar post","link":""},"img":{"alt_text":"","src":"https:\/\/i0.wp.com\/www.quartier-waldacker.de\/wp-content\/uploads\/2013\/12\/P1060809_small.jpg?resize=350%2C200&ssl=1","width":350,"height":200},"classes":[]},{"id":23393,"url":"https:\/\/www.quartier-waldacker.de\/?p=23393","url_meta":{"origin":74,"position":1},"title":"Jahresabschlussessen 2023 im Restaurant La Leonessa","author":"Johannes","date":"16. Dezember 2023","format":false,"excerpt":"In der November-Sitzung der Nachbarschaftsgruppe Quartier Waldacker wurde beschlossen, das Jahr 2023 mit einem gemeinsamen Essen ausklingen zu lassen. Als Wunschtermin wurde Freitag, der 15. Dezember und als Veranstaltungsort das Restaurant La Leonessa festgelegt. Die Organisation mit dem Restaurant in Urberach \u00fcbernahm Annemarie Eck, unsere Eventmanagerin und Moderatorin. Gegen 18\u2026","rel":"","context":"In &quot;Geselligkeit&quot;","block_context":{"text":"Geselligkeit","link":"https:\/\/www.quartier-waldacker.de\/?cat=171"},"img":{"alt_text":"","src":"https:\/\/i0.wp.com\/www.quartier-waldacker.de\/wp-content\/uploads\/2023\/12\/HeaderWN-1280.jpg?fit=1200%2C281&ssl=1&resize=350%2C200","width":350,"height":200,"srcset":"https:\/\/i0.wp.com\/www.quartier-waldacker.de\/wp-content\/uploads\/2023\/12\/HeaderWN-1280.jpg?fit=1200%2C281&ssl=1&resize=350%2C200 1x, https:\/\/i0.wp.com\/www.quartier-waldacker.de\/wp-content\/uploads\/2023\/12\/HeaderWN-1280.jpg?fit=1200%2C281&ssl=1&resize=525%2C300 1.5x, https:\/\/i0.wp.com\/www.quartier-waldacker.de\/wp-content\/uploads\/2023\/12\/HeaderWN-1280.jpg?fit=1200%2C281&ssl=1&resize=700%2C400 2x, https:\/\/i0.wp.com\/www.quartier-waldacker.de\/wp-content\/uploads\/2023\/12\/HeaderWN-1280.jpg?fit=1200%2C281&ssl=1&resize=1050%2C600 3x"},"classes":[]},{"id":23923,"url":"https:\/\/www.quartier-waldacker.de\/?p=23923","url_meta":{"origin":74,"position":2},"title":"Habe die Ehre! \u00a0Loriot zum 100. Geburtstag","author":"Johannes","date":"15. April 2024","format":false,"excerpt":"Die anf\u00e4ngliche Unruhe, wer denn alles kommen w\u00fcrde, verflog, als kurz nach 14 Uhr die ersten G\u00e4ste im B\u00fcrgertreff Waldacker eintrafen. Flei\u00dfige Mitarbeiterinnen und Freunde des Quartiers hatten f\u00fcr ausreichend Kaffee, Kuchen und Obstsalat gesorgt, so dass der Nachmittag zu Ehren des 100. Geburtstages von Vicco von B\u00fclow alias Loriot\u2026","rel":"","context":"In &quot;Vortr\u00e4ge&quot;","block_context":{"text":"Vortr\u00e4ge","link":"https:\/\/www.quartier-waldacker.de\/?cat=193"},"img":{"alt_text":"","src":"https:\/\/i0.wp.com\/www.quartier-waldacker.de\/wp-content\/uploads\/2024\/04\/Header-Loriot-zum-100_1280u.jpg?fit=1200%2C281&ssl=1&resize=350%2C200","width":350,"height":200,"srcset":"https:\/\/i0.wp.com\/www.quartier-waldacker.de\/wp-content\/uploads\/2024\/04\/Header-Loriot-zum-100_1280u.jpg?fit=1200%2C281&ssl=1&resize=350%2C200 1x, https:\/\/i0.wp.com\/www.quartier-waldacker.de\/wp-content\/uploads\/2024\/04\/Header-Loriot-zum-100_1280u.jpg?fit=1200%2C281&ssl=1&resize=525%2C300 1.5x, https:\/\/i0.wp.com\/www.quartier-waldacker.de\/wp-content\/uploads\/2024\/04\/Header-Loriot-zum-100_1280u.jpg?fit=1200%2C281&ssl=1&resize=700%2C400 2x, https:\/\/i0.wp.com\/www.quartier-waldacker.de\/wp-content\/uploads\/2024\/04\/Header-Loriot-zum-100_1280u.jpg?fit=1200%2C281&ssl=1&resize=1050%2C600 3x"},"classes":[]},{"id":16698,"url":"https:\/\/www.quartier-waldacker.de\/?p=16698","url_meta":{"origin":74,"position":3},"title":"Die PC-Workshopgruppen traf sich zum Jahresausklang 2017","author":"admin","date":"8. Januar 2018","format":false,"excerpt":"Alle Jahre wieder feiert die Arbeitsgruppe \u201eSenioren, PC und Internet\u201c den Jahresausklang. Diesmal trafen sich die Freuden der digitalen Herausforderung real in den \u201eK\u00f6niglich, Bayrische Stuben\u201c in Urberach zu einem gemeinsamen Essen. Die K\u00f6chin und Inhaberin Barbara hielt die 23 Workshop-Teilnehmer mit einem gutem Essen bei Laune. Danach\u00a0 wurde es\u2026","rel":"","context":"In &quot;Workshop&quot;","block_context":{"text":"Workshop","link":"https:\/\/www.quartier-waldacker.de\/?cat=172"},"img":{"alt_text":"","src":"https:\/\/i0.wp.com\/www.quartier-waldacker.de\/wp-content\/uploads\/2017\/12\/Chrstmas2017.jpg?fit=1200%2C281&ssl=1&resize=350%2C200","width":350,"height":200,"srcset":"https:\/\/i0.wp.com\/www.quartier-waldacker.de\/wp-content\/uploads\/2017\/12\/Chrstmas2017.jpg?fit=1200%2C281&ssl=1&resize=350%2C200 1x, https:\/\/i0.wp.com\/www.quartier-waldacker.de\/wp-content\/uploads\/2017\/12\/Chrstmas2017.jpg?fit=1200%2C281&ssl=1&resize=525%2C300 1.5x, https:\/\/i0.wp.com\/www.quartier-waldacker.de\/wp-content\/uploads\/2017\/12\/Chrstmas2017.jpg?fit=1200%2C281&ssl=1&resize=700%2C400 2x, https:\/\/i0.wp.com\/www.quartier-waldacker.de\/wp-content\/uploads\/2017\/12\/Chrstmas2017.jpg?fit=1200%2C281&ssl=1&resize=1050%2C600 3x"},"classes":[]},{"id":7807,"url":"https:\/\/www.quartier-waldacker.de\/?p=7807","url_meta":{"origin":74,"position":4},"title":"Waldacker feiert in und um den B\u00fcrgertreff","author":"Johannes","date":"1. Juni 2015","format":false,"excerpt":"Die Quartiersgruppe Waldacker organisiert und feiert, unter der Schirmherrschaft von B\u00fcrgermeister Roland Kern, mit ans\u00e4ssigen Vereinen, Initiativen und Gemeinschaften aus Waldacker ein B\u00fcrgerfest in und um den B\u00fcrgertreff. Das Fest findet am\u00a0 Samstag den13.06.2015 von 12 bis 18 Uhr statt. Nach dem gro\u00dfartigen Erfolg des Stra\u00dfenfestes im Oktober 2012 soll\u2026","rel":"","context":"In &quot;Feste&quot;","block_context":{"text":"Feste","link":"https:\/\/www.quartier-waldacker.de\/?cat=16"},"img":{"alt_text":"Plakat_Web_Vers_final","src":"https:\/\/i0.wp.com\/www.quartier-waldacker.de\/wp-content\/uploads\/2015\/05\/Plakat_Web_Vers_final-212x300.jpg?resize=350%2C200&ssl=1","width":350,"height":200},"classes":[]},{"id":17082,"url":"https:\/\/www.quartier-waldacker.de\/?p=17082","url_meta":{"origin":74,"position":5},"title":"Ein gelungener Infoabend der Radfahrer","author":"admin","date":"16. Januar 2018","format":false,"excerpt":"Die Radfahrgruppe der Quartiersgruppe Waldacker lud alle Tourenteilnehmer und Interessierte zu einem Info-Abend am 12. Januar 2018 in den B\u00fcrgertreff Waldacker ein. 25 Freunde und Freundinnen des Radsportes trafen sich um 18 Uhr zu einem sehr sehenswerten Tourenr\u00fcckblick 2017. F\u00fcr das leibliche Wohl wurde mit jeder Menge K\u00f6stlichkeiten und ausreichend\u2026","rel":"","context":"In &quot;AG-Radfahren&quot;","block_context":{"text":"AG-Radfahren","link":"https:\/\/www.quartier-waldacker.de\/?cat=202"},"img":{"alt_text":"","src":"https:\/\/i0.wp.com\/www.quartier-waldacker.de\/wp-content\/uploads\/2018\/01\/Infoabend2018_1-300x169.jpg?resize=350%2C200&ssl=1","width":350,"height":200},"classes":[]}],"jetpack_sharing_enabled":true,"rttpg_featured_image_url":null,"rttpg_author":{"display_name":"admin","author_link":"https:\/\/www.quartier-waldacker.de\/?author=1"},"rttpg_comment":0,"rttpg_category":"<a href=\"https:\/\/www.quartier-waldacker.de\/?cat=7\" rel=\"category\">Homepage<\/a> <a href=\"https:\/\/www.quartier-waldacker.de\/?cat=5\" rel=\"category\">Waldacker-aktiv<\/a>","rttpg_excerpt":"Die Homepage ist eine der vielen Methoden sich zu pr\u00e4sentieren und zu informieren. Wir von der Quartiersgruppe haben von Beginn an (Dezember 2011) beschlossen im Internet pr\u00e4sent zu sein, um unseren B\u00fcrger auf dieser Art bequem \u00fcber unser Aktivit\u00e4ten zu informieren. Seit Juli 2012 kann man uns im Internet erreichen unter der Dom\u00e4ne www.Quartier-Waldacker.de.","_links":{"self":[{"href":"https:\/\/www.quartier-waldacker.de\/index.php?rest_route=\/wp\/v2\/posts\/74","targetHints":{"allow":["GET"]}}],"collection":[{"href":"https:\/\/www.quartier-waldacker.de\/index.php?rest_route=\/wp\/v2\/posts"}],"about":[{"href":"https:\/\/www.quartier-waldacker.de\/index.php?rest_route=\/wp\/v2\/types\/post"}],"author":[{"embeddable":true,"href":"https:\/\/www.quartier-waldacker.de\/index.php?rest_route=\/wp\/v2\/users\/1"}],"replies":[{"embeddable":true,"href":"https:\/\/www.quartier-waldacker.de\/index.php?rest_route=%2Fwp%2Fv2%2Fcomments&post=74"}],"version-history":[{"count":0,"href":"https:\/\/www.quartier-waldacker.de\/index.php?rest_route=\/wp\/v2\/posts\/74\/revisions"}],"wp:attachment":[{"href":"https:\/\/www.quartier-waldacker.de\/index.php?rest_route=%2Fwp%2Fv2%2Fmedia&parent=74"}],"wp:term":[{"taxonomy":"category","embeddable":true,"href":"https:\/\/www.quartier-waldacker.de\/index.php?rest_route=%2Fwp%2Fv2%2Fcategories&post=74"},{"taxonomy":"post_tag","embeddable":true,"href":"https:\/\/www.quartier-waldacker.de\/index.php?rest_route=%2Fwp%2Fv2%2Ftags&post=74"}],"curies":[{"name":"wp","href":"https:\/\/api.w.org\/{rel}","templated":true}]}}