{"id":7376,"date":"2015-01-14T13:06:16","date_gmt":"2015-01-14T12:06:16","guid":{"rendered":"https:\/\/www.quartier-waldacker.de\/?p=7376"},"modified":"2018-01-28T16:44:18","modified_gmt":"2018-01-28T15:44:18","slug":"senioren-pc-und-internet","status":"publish","type":"post","link":"https:\/\/www.quartier-waldacker.de\/?p=7376","title":{"rendered":"Senioren, PC und Internet"},"content":{"rendered":"<p><span style=\"font-size: 12pt;\"><a href=\"https:\/\/i0.wp.com\/www.quartier-waldacker.de\/wp-content\/uploads\/2015\/01\/P001.jpg?ssl=1\"><img data-recalc-dims=\"1\" loading=\"lazy\" decoding=\"async\" data-attachment-id=\"7377\" data-permalink=\"https:\/\/www.quartier-waldacker.de\/?attachment_id=7377#main\" data-orig-file=\"https:\/\/i0.wp.com\/www.quartier-waldacker.de\/wp-content\/uploads\/2015\/01\/P001.jpg?fit=300%2C300&amp;ssl=1\" data-orig-size=\"300,300\" data-comments-opened=\"1\" data-image-meta=\"{&quot;aperture&quot;:&quot;0&quot;,&quot;credit&quot;:&quot;&quot;,&quot;camera&quot;:&quot;&quot;,&quot;caption&quot;:&quot;&quot;,&quot;created_timestamp&quot;:&quot;0&quot;,&quot;copyright&quot;:&quot;&quot;,&quot;focal_length&quot;:&quot;0&quot;,&quot;iso&quot;:&quot;0&quot;,&quot;shutter_speed&quot;:&quot;0&quot;,&quot;title&quot;:&quot;&quot;,&quot;orientation&quot;:&quot;1&quot;}\" data-image-title=\"P001\" data-image-description=\"\" data-image-caption=\"\" data-large-file=\"https:\/\/i0.wp.com\/www.quartier-waldacker.de\/wp-content\/uploads\/2015\/01\/P001.jpg?fit=300%2C300&amp;ssl=1\" class=\" wp-image-7377 alignright\" src=\"https:\/\/i0.wp.com\/www.quartier-waldacker.de\/wp-content\/uploads\/2015\/01\/P001.jpg?resize=185%2C185&#038;ssl=1\" alt=\"P001\" width=\"185\" height=\"185\" srcset=\"https:\/\/i0.wp.com\/www.quartier-waldacker.de\/wp-content\/uploads\/2015\/01\/P001.jpg?w=300&amp;ssl=1 300w, https:\/\/i0.wp.com\/www.quartier-waldacker.de\/wp-content\/uploads\/2015\/01\/P001.jpg?resize=150%2C150&amp;ssl=1 150w\" sizes=\"auto, (max-width: 185px) 100vw, 185px\" \/><\/a>Am <strong>Mittwoch, dem 21. Januar 2015 von 15.00 Uhr bis 17.00 Uhr<\/strong> s<\/span><span style=\"font-size: 12pt;\">tart<\/span><span style=\"font-size: 12pt;\">et die PC Hilfestellung und Unterst\u00fctzung im Internet f\u00fcr Senioren nach der Winterpause im B\u00fcrgertreff Waldacker, Goethestr. 39 wieder.<\/span><br \/>\n <span style=\"font-size: 12pt;\">Drei engagierte Mitglieder der Quartiersgruppe Waldacker wollen interessierten Senioren\/innen den Einstieg in die Welt von PC und Internet erleichtern und beim Kennenlernen und Anwenden unterst\u00fctzen, so dass der Umgang mit dem PC und das Internet eine Unterst\u00fctzung und Bereicherung f\u00fcr den Alltag wird.<\/span><br \/>\n <strong><span style=\"font-size: 10pt;\">Weitere Ausk\u00fcnfte gibt Johannes Ohnesorg, \uf02806074 \u2013 97648<\/span><\/strong><\/p>\n","protected":false},"excerpt":{"rendered":"<p>Am Mittwoch, dem 21. Januar 2015 von 15.00 Uhr bis 17.00 Uhr startet die PC Hilfestellung und Unterst\u00fctzung im Internet f\u00fcr Senioren nach der Winterpause im B\u00fcrgertreff Waldacker, Goethestr. 39 wieder. Drei engagierte Mitglieder der Quartiersgruppe Waldacker wollen interessierten Senioren\/innen den Einstieg in die Welt von PC und Internet erleichtern und beim Kennenlernen und Anwenden &#8230; <a title=\"Senioren, PC und Internet\" class=\"read-more\" href=\"https:\/\/www.quartier-waldacker.de\/?p=7376\" aria-label=\"Mehr Informationen \u00fcber Senioren, PC und Internet\">Weiterlesen<\/a><\/p>\n","protected":false},"author":1,"featured_media":0,"comment_status":"open","ping_status":"open","sticky":false,"template":"","format":"standard","meta":{"generate_page_header":"","_jetpack_memberships_contains_paid_content":false,"footnotes":""},"categories":[172],"tags":[230,231],"class_list":["post-7376","post","type-post","status-publish","format-standard","hentry","category-workshop","tag-pc-gruppe","tag-workshop"],"jetpack_featured_media_url":"","jetpack-related-posts":[{"id":6004,"url":"https:\/\/www.quartier-waldacker.de\/?p=6004","url_meta":{"origin":7376,"position":0},"title":"Senioren, PC und Internet","author":"Johannes","date":"30. September 2014","format":false,"excerpt":"Neue Informationstechnologien - wie das Internet - haben unsere Lebensbedingungen rasant ver\u00e4ndert. Das erworbene Wissen ist schnell veraltet - gerade im Bereich der neuen Medien \u2013 ein lebenslanges Lernen gewinnt in allen Lebensaltern eine enorme Bedeutung. Schon heute hat das Internet einen gro\u00dfen Stellenwert in unserem Leben eingenommen. Nicht nur\u2026","rel":"","context":"In &quot;Workshop&quot;","block_context":{"text":"Workshop","link":"https:\/\/www.quartier-waldacker.de\/?cat=172"},"img":{"alt_text":"Psi_00","src":"https:\/\/i0.wp.com\/www.quartier-waldacker.de\/wp-content\/uploads\/2014\/09\/Psi_00.png?resize=350%2C200&ssl=1","width":350,"height":200},"classes":[]},{"id":19427,"url":"https:\/\/www.quartier-waldacker.de\/?p=19427","url_meta":{"origin":7376,"position":1},"title":"Workshop &#8211; &#8220;Senioren, PC und Internet&#8221; startet zum 6. Mal","author":"admin","date":"23. September 2019","format":false,"excerpt":"Ein Computer\/Smartphone bzw. Tablet ist heutzutage als Standardeinrichtung in fast jedem Haushalt und dient als Lexikon, Abwickeln von Bankgesch\u00e4ften, Einkaufen im Internet und Konversation. Also ein Ger\u00e4t, das unser Alltagsleben erheblich erleichtert soll und kann. Ein Team der Quartiersgruppe Waldacker vermittelt Ihnen in ihren Workshops die vielen Funktionen dieser Ger\u00e4te\u2026","rel":"","context":"In &quot;Workshop&quot;","block_context":{"text":"Workshop","link":"https:\/\/www.quartier-waldacker.de\/?cat=172"},"img":{"alt_text":"","src":"https:\/\/i0.wp.com\/www.quartier-waldacker.de\/wp-content\/uploads\/2019\/09\/Header-PC.jpg?fit=1200%2C281&ssl=1&resize=350%2C200","width":350,"height":200,"srcset":"https:\/\/i0.wp.com\/www.quartier-waldacker.de\/wp-content\/uploads\/2019\/09\/Header-PC.jpg?fit=1200%2C281&ssl=1&resize=350%2C200 1x, https:\/\/i0.wp.com\/www.quartier-waldacker.de\/wp-content\/uploads\/2019\/09\/Header-PC.jpg?fit=1200%2C281&ssl=1&resize=525%2C300 1.5x, https:\/\/i0.wp.com\/www.quartier-waldacker.de\/wp-content\/uploads\/2019\/09\/Header-PC.jpg?fit=1200%2C281&ssl=1&resize=700%2C400 2x, https:\/\/i0.wp.com\/www.quartier-waldacker.de\/wp-content\/uploads\/2019\/09\/Header-PC.jpg?fit=1200%2C281&ssl=1&resize=1050%2C600 3x"},"classes":[]},{"id":16492,"url":"https:\/\/www.quartier-waldacker.de\/?p=16492","url_meta":{"origin":7376,"position":2},"title":"Jahresausklang 2017 &#8211; Senioren feiern statt lernen","author":"admin","date":"16. Dezember 2017","format":false,"excerpt":"Die Workshop Gruppe \u201eSenioren, PC und Internet\u201c der Quartiersgruppe Waldacker trifft sich zum Jahresausklang am 20. Dezember um 18 Uhr in den \u201eK\u00f6niglich, bayrischen Stuben\u201c in der Bachgasse 24, Urberach. Der \u00fcbliche Workshop um 14 Uhr 30 f\u00e4llt an diesem Tag aus.Der n\u00e4chste Workshop \u201eWindows10 f\u00fcr Anf\u00e4nger und Fortgeschrittene\u201c\u00a0findet am\u2026","rel":"","context":"In &quot;Workshop&quot;","block_context":{"text":"Workshop","link":"https:\/\/www.quartier-waldacker.de\/?cat=172"},"img":{"alt_text":"","src":"https:\/\/i0.wp.com\/www.quartier-waldacker.de\/wp-content\/uploads\/2017\/12\/Chrstmas2017.jpg?fit=1200%2C281&ssl=1&resize=350%2C200","width":350,"height":200,"srcset":"https:\/\/i0.wp.com\/www.quartier-waldacker.de\/wp-content\/uploads\/2017\/12\/Chrstmas2017.jpg?fit=1200%2C281&ssl=1&resize=350%2C200 1x, https:\/\/i0.wp.com\/www.quartier-waldacker.de\/wp-content\/uploads\/2017\/12\/Chrstmas2017.jpg?fit=1200%2C281&ssl=1&resize=525%2C300 1.5x, https:\/\/i0.wp.com\/www.quartier-waldacker.de\/wp-content\/uploads\/2017\/12\/Chrstmas2017.jpg?fit=1200%2C281&ssl=1&resize=700%2C400 2x, https:\/\/i0.wp.com\/www.quartier-waldacker.de\/wp-content\/uploads\/2017\/12\/Chrstmas2017.jpg?fit=1200%2C281&ssl=1&resize=1050%2C600 3x"},"classes":[]},{"id":19479,"url":"https:\/\/www.quartier-waldacker.de\/?p=19479","url_meta":{"origin":7376,"position":3},"title":"Workshop \u201eSenioren, PC und Internet erfolgreich gestartet.","author":"admin","date":"23. Oktober 2019","format":false,"excerpt":"Damit Senioren\/innen bei der Digitalisierung nicht auf der Strecke bleiben bietet die Quartiersgruppe Waldacker zu 6. Mal den Workshop \u201eSenioren, PC und Internet\u201c an. Wir das Team von \u201eSenioren, PC und Internet versuchen zu vermitteln, dass man, wenn man nun nicht gerade mit dem Hammer draufschl\u00e4gt oder eine Cola \u00fcber\u2026","rel":"","context":"In &quot;Workshop&quot;","block_context":{"text":"Workshop","link":"https:\/\/www.quartier-waldacker.de\/?cat=172"},"img":{"alt_text":"","src":"https:\/\/i0.wp.com\/www.quartier-waldacker.de\/wp-content\/uploads\/2017\/09\/PC_Hilfe-f%C3%BCr-Seniore1n.jpg?fit=1200%2C446&ssl=1&resize=350%2C200","width":350,"height":200,"srcset":"https:\/\/i0.wp.com\/www.quartier-waldacker.de\/wp-content\/uploads\/2017\/09\/PC_Hilfe-f%C3%BCr-Seniore1n.jpg?fit=1200%2C446&ssl=1&resize=350%2C200 1x, https:\/\/i0.wp.com\/www.quartier-waldacker.de\/wp-content\/uploads\/2017\/09\/PC_Hilfe-f%C3%BCr-Seniore1n.jpg?fit=1200%2C446&ssl=1&resize=525%2C300 1.5x, https:\/\/i0.wp.com\/www.quartier-waldacker.de\/wp-content\/uploads\/2017\/09\/PC_Hilfe-f%C3%BCr-Seniore1n.jpg?fit=1200%2C446&ssl=1&resize=700%2C400 2x, https:\/\/i0.wp.com\/www.quartier-waldacker.de\/wp-content\/uploads\/2017\/09\/PC_Hilfe-f%C3%BCr-Seniore1n.jpg?fit=1200%2C446&ssl=1&resize=1050%2C600 3x"},"classes":[]},{"id":21160,"url":"https:\/\/www.quartier-waldacker.de\/?p=21160","url_meta":{"origin":7376,"position":4},"title":"Workshop &#8220;Senioren,PC und Internet&#8221; startet nach Corona wieder durch,","author":"admin","date":"21. November 2022","format":false,"excerpt":"Bericht von Fr. Ziesecke OP-19.11.2022 \u201eAufbau-Workshop Senioren, PC und Internet\u201c bietet die Quartiersgruppe Waldacker 14-t\u00e4glich im B\u00fcrgertreff Waldacker an. Klingt anspruchsvoll, ist es auch. Es soll niemand die Damen und Herren gehobenen Alters untersch\u00e4tzen \u2013 sie sind allemal auf dem Laufenden, mal mit einer kurzen Zweifelsfalte auf der Stirn und\u2026","rel":"","context":"In &quot;Workshop&quot;","block_context":{"text":"Workshop","link":"https:\/\/www.quartier-waldacker.de\/?cat=172"},"img":{"alt_text":"","src":"https:\/\/i0.wp.com\/www.quartier-waldacker.de\/wp-content\/uploads\/2022\/10\/AUFBAU_Work.jpg?fit=1200%2C281&ssl=1&resize=350%2C200","width":350,"height":200,"srcset":"https:\/\/i0.wp.com\/www.quartier-waldacker.de\/wp-content\/uploads\/2022\/10\/AUFBAU_Work.jpg?fit=1200%2C281&ssl=1&resize=350%2C200 1x, https:\/\/i0.wp.com\/www.quartier-waldacker.de\/wp-content\/uploads\/2022\/10\/AUFBAU_Work.jpg?fit=1200%2C281&ssl=1&resize=525%2C300 1.5x, https:\/\/i0.wp.com\/www.quartier-waldacker.de\/wp-content\/uploads\/2022\/10\/AUFBAU_Work.jpg?fit=1200%2C281&ssl=1&resize=700%2C400 2x, https:\/\/i0.wp.com\/www.quartier-waldacker.de\/wp-content\/uploads\/2022\/10\/AUFBAU_Work.jpg?fit=1200%2C281&ssl=1&resize=1050%2C600 3x"},"classes":[]},{"id":27173,"url":"https:\/\/www.quartier-waldacker.de\/?p=27173","url_meta":{"origin":7376,"position":5},"title":"B\u00e4nke verbinden die Stadtteile","author":"Johannes","date":"27. August 2025","format":false,"excerpt":"Vorgeschichte:Bei einer Versammlung im Vereinshaus der Stadtb\u00fccherei im M\u00e4rz 2024 wurde der Vorschlag von Ursula Roebke aufgegriffen, die B\u00e4nke aus dem Entenpark, die verschrottet und durch neue ersetzt werden sollen, anderweitig zu verwenden. Dieser Vorschlag wurde von den Quartiersvertretern aus Breidert und Urberach aufgegriffen und \u00fcbernommen. Dabei wurde das gemeinsame\u2026","rel":"","context":"In &quot;Quartiersgruppen R\u00f6dermark&quot;","block_context":{"text":"Quartiersgruppen R\u00f6dermark","link":"https:\/\/www.quartier-waldacker.de\/?cat=335"},"img":{"alt_text":"","src":"https:\/\/i0.wp.com\/www.quartier-waldacker.de\/wp-content\/uploads\/2025\/08\/Header_Baenke1280.jpg?fit=1200%2C282&ssl=1&resize=350%2C200","width":350,"height":200,"srcset":"https:\/\/i0.wp.com\/www.quartier-waldacker.de\/wp-content\/uploads\/2025\/08\/Header_Baenke1280.jpg?fit=1200%2C282&ssl=1&resize=350%2C200 1x, https:\/\/i0.wp.com\/www.quartier-waldacker.de\/wp-content\/uploads\/2025\/08\/Header_Baenke1280.jpg?fit=1200%2C282&ssl=1&resize=525%2C300 1.5x, https:\/\/i0.wp.com\/www.quartier-waldacker.de\/wp-content\/uploads\/2025\/08\/Header_Baenke1280.jpg?fit=1200%2C282&ssl=1&resize=700%2C400 2x, https:\/\/i0.wp.com\/www.quartier-waldacker.de\/wp-content\/uploads\/2025\/08\/Header_Baenke1280.jpg?fit=1200%2C282&ssl=1&resize=1050%2C600 3x"},"classes":[]}],"jetpack_sharing_enabled":true,"rttpg_featured_image_url":null,"rttpg_author":{"display_name":"admin","author_link":"https:\/\/www.quartier-waldacker.de\/?author=1"},"rttpg_comment":0,"rttpg_category":"<a href=\"https:\/\/www.quartier-waldacker.de\/?cat=172\" rel=\"category\">Workshop<\/a>","rttpg_excerpt":"Am Mittwoch, dem 21. Januar 2015 von 15.00 Uhr bis 17.00 Uhr startet die PC Hilfestellung und Unterst\u00fctzung im Internet f\u00fcr Senioren nach der Winterpause im B\u00fcrgertreff Waldacker, Goethestr. 39 wieder. Drei engagierte Mitglieder der Quartiersgruppe Waldacker wollen interessierten Senioren\/innen den Einstieg in die Welt von PC und Internet erleichtern und beim Kennenlernen und Anwenden&hellip;","_links":{"self":[{"href":"https:\/\/www.quartier-waldacker.de\/index.php?rest_route=\/wp\/v2\/posts\/7376","targetHints":{"allow":["GET"]}}],"collection":[{"href":"https:\/\/www.quartier-waldacker.de\/index.php?rest_route=\/wp\/v2\/posts"}],"about":[{"href":"https:\/\/www.quartier-waldacker.de\/index.php?rest_route=\/wp\/v2\/types\/post"}],"author":[{"embeddable":true,"href":"https:\/\/www.quartier-waldacker.de\/index.php?rest_route=\/wp\/v2\/users\/1"}],"replies":[{"embeddable":true,"href":"https:\/\/www.quartier-waldacker.de\/index.php?rest_route=%2Fwp%2Fv2%2Fcomments&post=7376"}],"version-history":[{"count":0,"href":"https:\/\/www.quartier-waldacker.de\/index.php?rest_route=\/wp\/v2\/posts\/7376\/revisions"}],"wp:attachment":[{"href":"https:\/\/www.quartier-waldacker.de\/index.php?rest_route=%2Fwp%2Fv2%2Fmedia&parent=7376"}],"wp:term":[{"taxonomy":"category","embeddable":true,"href":"https:\/\/www.quartier-waldacker.de\/index.php?rest_route=%2Fwp%2Fv2%2Fcategories&post=7376"},{"taxonomy":"post_tag","embeddable":true,"href":"https:\/\/www.quartier-waldacker.de\/index.php?rest_route=%2Fwp%2Fv2%2Ftags&post=7376"}],"curies":[{"name":"wp","href":"https:\/\/api.w.org\/{rel}","templated":true}]}}