{"id":7358,"date":"2014-12-27T18:12:06","date_gmt":"2014-12-27T17:12:06","guid":{"rendered":"https:\/\/www.quartier-waldacker.de\/?p=7358"},"modified":"2017-02-02T16:38:20","modified_gmt":"2017-02-02T15:38:20","slug":"gefahrenstelle-in-der-jaegerstrasse-beseitigt","status":"publish","type":"post","link":"https:\/\/www.quartier-waldacker.de\/?p=7358","title":{"rendered":"Gefahrenstelle in der J\u00e4gerstra\u00dfe beseitigt!"},"content":{"rendered":"<h5><strong>Ein Beitrag von Theodor Frie\u00df<\/strong><\/h5>\n<p><span style=\"font-size: 12pt;\">In der J\u00e4<\/span><span style=\"font-size: 12pt;\"><a href=\"https:\/\/i0.wp.com\/www.quartier-waldacker.de\/wp-content\/uploads\/2015\/01\/Jaegerstr1.jpg?ssl=1\"><img data-recalc-dims=\"1\" loading=\"lazy\" decoding=\"async\" data-attachment-id=\"7361\" data-permalink=\"https:\/\/www.quartier-waldacker.de\/?attachment_id=7361#main\" data-orig-file=\"https:\/\/i0.wp.com\/www.quartier-waldacker.de\/wp-content\/uploads\/2015\/01\/Jaegerstr1.jpg?fit=720%2C406&amp;ssl=1\" data-orig-size=\"720,406\" data-comments-opened=\"1\" data-image-meta=\"{&quot;aperture&quot;:&quot;0&quot;,&quot;credit&quot;:&quot;&quot;,&quot;camera&quot;:&quot;&quot;,&quot;caption&quot;:&quot;&quot;,&quot;created_timestamp&quot;:&quot;0&quot;,&quot;copyright&quot;:&quot;&quot;,&quot;focal_length&quot;:&quot;0&quot;,&quot;iso&quot;:&quot;0&quot;,&quot;shutter_speed&quot;:&quot;0&quot;,&quot;title&quot;:&quot;&quot;,&quot;orientation&quot;:&quot;0&quot;}\" data-image-title=\"Jaegerstr1\" data-image-description=\"\" data-image-caption=\"\" data-large-file=\"https:\/\/i0.wp.com\/www.quartier-waldacker.de\/wp-content\/uploads\/2015\/01\/Jaegerstr1.jpg?fit=720%2C406&amp;ssl=1\" class=\"  wp-image-7361 alignleft\" src=\"https:\/\/i0.wp.com\/www.quartier-waldacker.de\/wp-content\/uploads\/2015\/01\/Jaegerstr1.jpg?resize=224%2C126&#038;ssl=1\" alt=\"Jaegerstr1\" width=\"224\" height=\"126\" srcset=\"https:\/\/i0.wp.com\/www.quartier-waldacker.de\/wp-content\/uploads\/2015\/01\/Jaegerstr1.jpg?resize=300%2C169&amp;ssl=1 300w, https:\/\/i0.wp.com\/www.quartier-waldacker.de\/wp-content\/uploads\/2015\/01\/Jaegerstr1.jpg?resize=128%2C72&amp;ssl=1 128w, https:\/\/i0.wp.com\/www.quartier-waldacker.de\/wp-content\/uploads\/2015\/01\/Jaegerstr1.jpg?w=720&amp;ssl=1 720w\" sizes=\"auto, (max-width: 224px) 100vw, 224px\" \/><\/a><\/span><span style=\"font-size: 12pt;\">gerstra\u00dfe 1A wurde in der 51. Kalenderwoche, der Abriss eines Geb\u00e4udes begonnen das schon seit Jahren ein Dorn in den Augen der umliegenden Anlieger war.<\/span><br \/>\n<span style=\"font-size: 12pt;\">Bei den Abbrucharbeiten wurde durch Ablagerungen von Bauschutt die dornenreiche Hecke \u00fcber den Zahn im Augenh\u00f6henbereich in den B\u00fcrgersteig gedr\u00fcckt. Besonders in der Dunkelheit war dies eine starke Gefahrenquelle.<\/span><br \/>\n<span style=\"font-size: 12pt;\">Ein Mitglied unserer Quartiersgruppe hat die Gefahrenstelle erkannt und am 24.12 die \u00fcberh\u00e4ngenden dornenreichen Heckenteile abgeschnitten. Durch die Hilfe einer Nachbarin mit Schaufel und Besen wurde auch der B\u00fcrgersteig von Unrat und Gestr\u00fcpp gereinigt.<\/span><\/p>\n","protected":false},"excerpt":{"rendered":"<p>Ein Beitrag von Theodor Frie\u00df In der J\u00e4gerstra\u00dfe 1A wurde in der 51. Kalenderwoche, der Abriss eines Geb\u00e4udes begonnen das schon seit Jahren ein Dorn in den Augen der umliegenden Anlieger war. Bei den Abbrucharbeiten wurde durch Ablagerungen von Bauschutt die dornenreiche Hecke \u00fcber den Zahn im Augenh\u00f6henbereich in den B\u00fcrgersteig gedr\u00fcckt. Besonders in der &#8230; <a title=\"Gefahrenstelle in der J\u00e4gerstra\u00dfe beseitigt!\" class=\"read-more\" href=\"https:\/\/www.quartier-waldacker.de\/?p=7358\" aria-label=\"Mehr Informationen \u00fcber Gefahrenstelle in der J\u00e4gerstra\u00dfe beseitigt!\">Weiterlesen<\/a><\/p>\n","protected":false},"author":1,"featured_media":0,"comment_status":"open","ping_status":"open","sticky":false,"template":"","format":"standard","meta":{"generate_page_header":"","_jetpack_memberships_contains_paid_content":false,"footnotes":""},"categories":[184],"tags":[],"class_list":["post-7358","post","type-post","status-publish","format-standard","hentry","category-buergerschaftliches-engagement"],"jetpack_featured_media_url":"","jetpack-related-posts":[{"id":6547,"url":"https:\/\/www.quartier-waldacker.de\/?p=6547","url_meta":{"origin":7358,"position":0},"title":"Abenteuerliche Radwegef\u00fchrung","author":"Johannes","date":"4. Oktober 2014","format":false,"excerpt":"Seit der von allen beteiligten Beh\u00f6rden genehmigten Planung der Ortsdurchfahrt streiten sich die Verantwortlichen gleich um die richtige Umsetzung des eigentlich beschlossenen Radverkehr- F\u00fchrungskonzeptes entlang der Hauptstra\u00dfe in Waldacker. Das Ergebnis ist Fehlverhalten von Radfahrern mit Gef\u00e4hrdung von Fu\u00dfg\u00e4ngern und Radfahrern. Die st\u00e4ndigen Verst\u00f6\u00dfe gegen die StVO (verbotenes Fahren auf\u2026","rel":"","context":"In &quot;Radwegef\u00fchrung&quot;","block_context":{"text":"Radwegef\u00fchrung","link":"https:\/\/www.quartier-waldacker.de\/?cat=130"},"img":{"alt_text":"","src":"https:\/\/i0.wp.com\/www.quartier-waldacker.de\/wp-content\/uploads\/2014\/10\/P1070298_web-300x169.jpg?resize=350%2C200&ssl=1","width":350,"height":200},"classes":[]},{"id":26614,"url":"https:\/\/www.quartier-waldacker.de\/?p=26614","url_meta":{"origin":7358,"position":1},"title":"Radtour nach Langen und Umgebung (40 ca. km)","author":"Johannes","date":"22. M\u00e4rz 2025","format":false,"excerpt":"Start: Endlich ist der Fr\u00fchling da. Bei angenehmen Temperaturen um die 18 Grad Celsius starteten 26 Radlerinnen und Radler am 21.03.2025 um 11.00 Uhr am Schillerhaus in Urberach zu ihrer 2. Radtour im Jahr 2025. Zuvor genossen einige Teilnehmende ein Fr\u00fchst\u00fcck mit Schiller im Schillerhaus. Nach der einleitenden Begr\u00fc\u00dfung und\u2026","rel":"","context":"In &quot;Radtouren&quot;","block_context":{"text":"Radtouren","link":"https:\/\/www.quartier-waldacker.de\/?cat=126"},"img":{"alt_text":"","src":"https:\/\/i0.wp.com\/www.quartier-waldacker.de\/wp-content\/uploads\/2025\/03\/Header_Gruppe_2025sr.jpg?fit=1200%2C281&ssl=1&resize=350%2C200","width":350,"height":200,"srcset":"https:\/\/i0.wp.com\/www.quartier-waldacker.de\/wp-content\/uploads\/2025\/03\/Header_Gruppe_2025sr.jpg?fit=1200%2C281&ssl=1&resize=350%2C200 1x, https:\/\/i0.wp.com\/www.quartier-waldacker.de\/wp-content\/uploads\/2025\/03\/Header_Gruppe_2025sr.jpg?fit=1200%2C281&ssl=1&resize=525%2C300 1.5x, https:\/\/i0.wp.com\/www.quartier-waldacker.de\/wp-content\/uploads\/2025\/03\/Header_Gruppe_2025sr.jpg?fit=1200%2C281&ssl=1&resize=700%2C400 2x, https:\/\/i0.wp.com\/www.quartier-waldacker.de\/wp-content\/uploads\/2025\/03\/Header_Gruppe_2025sr.jpg?fit=1200%2C281&ssl=1&resize=1050%2C600 3x"},"classes":[]},{"id":26497,"url":"https:\/\/www.quartier-waldacker.de\/?p=26497","url_meta":{"origin":7358,"position":2},"title":"Quartiers-Radler starten in die 11. Saison!","author":"admin","date":"17. Februar 2025","format":false,"excerpt":"Wie schon seit einigen Jahren trafen sich die Radlerinnen und Radler der Stadtteilgruppe Waldacker Mitte Februar 2025, dieses Jahr am 15. Februar, zum obligatorischen Auftakttreffen im Schillerhaus in Urberach. Zu diesem Treffen haben eingeladen die Organisatoren Gerhard Elsesser und Reinhold Harnoth. F\u00fcr die Gestaltung des Nachmittags konnten die Organisatoren die\u2026","rel":"","context":"In &quot;AG-Radfahren&quot;","block_context":{"text":"AG-Radfahren","link":"https:\/\/www.quartier-waldacker.de\/?cat=202"},"img":{"alt_text":"","src":"https:\/\/i0.wp.com\/www.quartier-waldacker.de\/wp-content\/uploads\/2025\/02\/ezgif.com-animated-gif-maker1.gif?fit=1200%2C281&ssl=1&resize=350%2C200","width":350,"height":200,"srcset":"https:\/\/i0.wp.com\/www.quartier-waldacker.de\/wp-content\/uploads\/2025\/02\/ezgif.com-animated-gif-maker1.gif?fit=1200%2C281&ssl=1&resize=350%2C200 1x, https:\/\/i0.wp.com\/www.quartier-waldacker.de\/wp-content\/uploads\/2025\/02\/ezgif.com-animated-gif-maker1.gif?fit=1200%2C281&ssl=1&resize=525%2C300 1.5x, https:\/\/i0.wp.com\/www.quartier-waldacker.de\/wp-content\/uploads\/2025\/02\/ezgif.com-animated-gif-maker1.gif?fit=1200%2C281&ssl=1&resize=700%2C400 2x, https:\/\/i0.wp.com\/www.quartier-waldacker.de\/wp-content\/uploads\/2025\/02\/ezgif.com-animated-gif-maker1.gif?fit=1200%2C281&ssl=1&resize=1050%2C600 3x"},"classes":[]},{"id":23144,"url":"https:\/\/www.quartier-waldacker.de\/?p=23144","url_meta":{"origin":7358,"position":3},"title":"Radtour zum Buchberg bei Gelnhausen ( ca. 75 km)","author":"Johannes","date":"24. September 2023","format":false,"excerpt":"Am Freitag, den 22. Sept. war vor dem offiziellen Start der Radtour um 11.00 Uhr der Besuch des Internationalen Fr\u00fchst\u00fccks im SchillerHaus angesagt, zu dem Herr Stephan Reich, Quartiersmanager des Mehrgenerationenhauses SchillerHaus, eingeladen hatte. Dem Angebot folgten 4 Teilnehmer der Tour und 2 Bekannte. Geboten wurde ein reichhaltiges Buffet mit\u2026","rel":"","context":"In &quot;Radtouren&quot;","block_context":{"text":"Radtouren","link":"https:\/\/www.quartier-waldacker.de\/?cat=126"},"img":{"alt_text":"","src":"https:\/\/i0.wp.com\/www.quartier-waldacker.de\/wp-content\/uploads\/2023\/03\/Header_Gruppe.jpg?fit=1200%2C281&ssl=1&resize=350%2C200","width":350,"height":200,"srcset":"https:\/\/i0.wp.com\/www.quartier-waldacker.de\/wp-content\/uploads\/2023\/03\/Header_Gruppe.jpg?fit=1200%2C281&ssl=1&resize=350%2C200 1x, https:\/\/i0.wp.com\/www.quartier-waldacker.de\/wp-content\/uploads\/2023\/03\/Header_Gruppe.jpg?fit=1200%2C281&ssl=1&resize=525%2C300 1.5x, https:\/\/i0.wp.com\/www.quartier-waldacker.de\/wp-content\/uploads\/2023\/03\/Header_Gruppe.jpg?fit=1200%2C281&ssl=1&resize=700%2C400 2x, https:\/\/i0.wp.com\/www.quartier-waldacker.de\/wp-content\/uploads\/2023\/03\/Header_Gruppe.jpg?fit=1200%2C281&ssl=1&resize=1050%2C600 3x"},"classes":[]},{"id":25207,"url":"https:\/\/www.quartier-waldacker.de\/?p=25207","url_meta":{"origin":7358,"position":4},"title":"Radtour nach Erzhausen ins B\u00fcrgerhaus (48 km)","author":"Johannes","date":"9. September 2024","format":false,"excerpt":"Am 06. September machten sich 18 Radfahrerinnen und Radfahrer bei gutem Wetter auf den Weg nach Erzhausen. Start war um 11 Uhr am Bahnhof Urberach. In Waldacker wurde eine halbe Stunde fr\u00fcher gestartet. Gef\u00fchrt wurde die Tour von Gerhard Elsesser. Schlussfahrer Reinhold Harnoth sorgte daf\u00fcr, dass niemand verloren ging. Der\u2026","rel":"","context":"In &quot;Radtouren&quot;","block_context":{"text":"Radtouren","link":"https:\/\/www.quartier-waldacker.de\/?cat=126"},"img":{"alt_text":"","src":"https:\/\/i0.wp.com\/www.quartier-waldacker.de\/wp-content\/uploads\/2024\/03\/Header_Gruppe_2024sr1.jpg?fit=1200%2C281&ssl=1&resize=350%2C200","width":350,"height":200,"srcset":"https:\/\/i0.wp.com\/www.quartier-waldacker.de\/wp-content\/uploads\/2024\/03\/Header_Gruppe_2024sr1.jpg?fit=1200%2C281&ssl=1&resize=350%2C200 1x, https:\/\/i0.wp.com\/www.quartier-waldacker.de\/wp-content\/uploads\/2024\/03\/Header_Gruppe_2024sr1.jpg?fit=1200%2C281&ssl=1&resize=525%2C300 1.5x, https:\/\/i0.wp.com\/www.quartier-waldacker.de\/wp-content\/uploads\/2024\/03\/Header_Gruppe_2024sr1.jpg?fit=1200%2C281&ssl=1&resize=700%2C400 2x, https:\/\/i0.wp.com\/www.quartier-waldacker.de\/wp-content\/uploads\/2024\/03\/Header_Gruppe_2024sr1.jpg?fit=1200%2C281&ssl=1&resize=1050%2C600 3x"},"classes":[]},{"id":22860,"url":"https:\/\/www.quartier-waldacker.de\/?p=22860","url_meta":{"origin":7358,"position":5},"title":"Radtour zu den Dietesheimer Steinbr\u00fcche","author":"admin","date":"16. Juli 2023","format":false,"excerpt":"Am Freitag, den 14. Juli trafen sich 21 Radfahrerinnen und Radfahrer bei gutem Wetter gegen 11 Uhr am B\u00fcrgertreff Waldacker zur heutigen Radtour. Die angek\u00fcndigte Tour wurde von Fokko Vogelsang gef\u00fchrt und geht \u00fcber ca. 55 km.\u00a0 Der Weg f\u00fchrte zun\u00e4chst Richtung Niederroden, dann durch den Rodgau-Dietzenbacher Wald nach Rembr\u00fccken\u2026","rel":"","context":"In &quot;Radtouren&quot;","block_context":{"text":"Radtouren","link":"https:\/\/www.quartier-waldacker.de\/?cat=126"},"img":{"alt_text":"","src":"https:\/\/i0.wp.com\/www.quartier-waldacker.de\/wp-content\/uploads\/2023\/03\/Header_Gruppe.jpg?fit=1200%2C281&ssl=1&resize=350%2C200","width":350,"height":200,"srcset":"https:\/\/i0.wp.com\/www.quartier-waldacker.de\/wp-content\/uploads\/2023\/03\/Header_Gruppe.jpg?fit=1200%2C281&ssl=1&resize=350%2C200 1x, https:\/\/i0.wp.com\/www.quartier-waldacker.de\/wp-content\/uploads\/2023\/03\/Header_Gruppe.jpg?fit=1200%2C281&ssl=1&resize=525%2C300 1.5x, https:\/\/i0.wp.com\/www.quartier-waldacker.de\/wp-content\/uploads\/2023\/03\/Header_Gruppe.jpg?fit=1200%2C281&ssl=1&resize=700%2C400 2x, https:\/\/i0.wp.com\/www.quartier-waldacker.de\/wp-content\/uploads\/2023\/03\/Header_Gruppe.jpg?fit=1200%2C281&ssl=1&resize=1050%2C600 3x"},"classes":[]}],"jetpack_sharing_enabled":true,"rttpg_featured_image_url":null,"rttpg_author":{"display_name":"admin","author_link":"https:\/\/www.quartier-waldacker.de\/?author=1"},"rttpg_comment":0,"rttpg_category":"<a href=\"https:\/\/www.quartier-waldacker.de\/?cat=184\" rel=\"category\">B\u00fcrgerschaftliches Engagement<\/a>","rttpg_excerpt":"Ein Beitrag von Theodor Frie\u00df In der J\u00e4gerstra\u00dfe 1A wurde in der 51. Kalenderwoche, der Abriss eines Geb\u00e4udes begonnen das schon seit Jahren ein Dorn in den Augen der umliegenden Anlieger war. Bei den Abbrucharbeiten wurde durch Ablagerungen von Bauschutt die dornenreiche Hecke \u00fcber den Zahn im Augenh\u00f6henbereich in den B\u00fcrgersteig gedr\u00fcckt. Besonders in der&hellip;","_links":{"self":[{"href":"https:\/\/www.quartier-waldacker.de\/index.php?rest_route=\/wp\/v2\/posts\/7358","targetHints":{"allow":["GET"]}}],"collection":[{"href":"https:\/\/www.quartier-waldacker.de\/index.php?rest_route=\/wp\/v2\/posts"}],"about":[{"href":"https:\/\/www.quartier-waldacker.de\/index.php?rest_route=\/wp\/v2\/types\/post"}],"author":[{"embeddable":true,"href":"https:\/\/www.quartier-waldacker.de\/index.php?rest_route=\/wp\/v2\/users\/1"}],"replies":[{"embeddable":true,"href":"https:\/\/www.quartier-waldacker.de\/index.php?rest_route=%2Fwp%2Fv2%2Fcomments&post=7358"}],"version-history":[{"count":0,"href":"https:\/\/www.quartier-waldacker.de\/index.php?rest_route=\/wp\/v2\/posts\/7358\/revisions"}],"wp:attachment":[{"href":"https:\/\/www.quartier-waldacker.de\/index.php?rest_route=%2Fwp%2Fv2%2Fmedia&parent=7358"}],"wp:term":[{"taxonomy":"category","embeddable":true,"href":"https:\/\/www.quartier-waldacker.de\/index.php?rest_route=%2Fwp%2Fv2%2Fcategories&post=7358"},{"taxonomy":"post_tag","embeddable":true,"href":"https:\/\/www.quartier-waldacker.de\/index.php?rest_route=%2Fwp%2Fv2%2Ftags&post=7358"}],"curies":[{"name":"wp","href":"https:\/\/api.w.org\/{rel}","templated":true}]}}