{"id":6692,"date":"2014-11-09T22:55:33","date_gmt":"2014-11-09T21:55:33","guid":{"rendered":"https:\/\/www.quartier-waldacker.de\/?p=6692"},"modified":"2014-11-16T16:55:19","modified_gmt":"2014-11-16T15:55:19","slug":"waldacker-wie-kommt-man-dahin","status":"publish","type":"post","link":"https:\/\/www.quartier-waldacker.de\/?p=6692","title":{"rendered":"Waldacker &#8211; wie kommt man dahin?"},"content":{"rendered":"<p><span style=\"font-family: arial,helvetica,sans-serif; font-size: 12pt;\">Eine Mauer ist vor 25 Jahre gefallen &#8211; Waldacker liegt ab 09.11.2014 hinter einer neuen Mauer.<\/span><\/p>\n<p><span style=\"font-size: 12pt;\">Die Kreuzung-Sanierung B459\/Kreisquerverbindung zeigt seine Problematik.<\/span><\/p>\n<p><span style=\"font-family: arial,helvetica,sans-serif; font-size: 12pt;\">Wer etwa Freitag Nacht von Dreieich nach Waldacker wollte, fand sich pl\u00f6tzlich \u2013 von der Kreisquerverbindung kommend \u2013 in auswegloser Lage. Linksabbiegen nach Waldacker nicht m\u00f6glich, alles verbarrikadiert \u2013 und das vor allem ohne jegliche Vorwarnung.<br \/>\n<\/span><br \/>\n<span style=\"font-family: arial,helvetica,sans-serif; font-size: 12pt;\"><strong>Aktueller Stand Sonntagmorgen, 9.00 Uhr:<\/strong> <\/span><br \/>\n<span style=\"font-family: arial,helvetica,sans-serif; font-size: 12pt;\">Kein einziges Schild au\u00dfer Verbotsschildern und Warnbaken weisen auf die noch nicht er\u00f6ffnete Baustelle &#8220;Kreuzung Kreisquerverbindung\/B459&#8221; kurz vor Waldacker hin. Keine Vorank\u00fcndigung, keinerlei Umleitungsempfehlung. Richtet man sich nach der vorgegebenen Beschilderung, gibt es theoretisch keine M\u00f6glichkeit nach Waldacker zu kommen. (Beispiel: ein Schild kurz vor der Shell-Tankstelle Dietzenbach nach\/Kreisquerverbindung: \u201eOrtsumfahrung \u00fcber Industriegebiet S\u00fcd\u201c; wenige Meter danach ein Schild, wo die \u201eIndustriegebiet S\u00fcd\u201c mit zwei dicken roten Balken f\u00fcr gesperrt erkl\u00e4rt wird.<\/span><br \/>\n<span style=\"font-family: arial,helvetica,sans-serif; font-size: 12pt;\">Autofahrer, die derzeit nach Waldacker kommen sind heillos verlassen!<br \/>\n<\/span><\/p>\n<p><span style=\"font-family: arial,helvetica,sans-serif; font-size: 12pt;\">Alternativen sind: \u00dcber Heusenstamm ,Rodgau, \u00fcber Langen\/Offenthal oder Dietzenbach\/Offenthal. Ob der Berufsverkehr am Montagmorgen Verst\u00e4ndnis f\u00fcr diese Situation hat l\u00e4sst sich bezweifeln.<\/span><\/p>\n<p>&nbsp;<\/p>\n<p>&nbsp;<\/p>\n<figure id=\"attachment_6695\" aria-describedby=\"caption-attachment-6695\" style=\"width: 276px\" class=\"wp-caption alignleft\"><a href=\"https:\/\/i0.wp.com\/www.quartier-waldacker.de\/wp-content\/uploads\/2014\/11\/WA_Baustelle_01a.jpg?ssl=1\"><img data-recalc-dims=\"1\" loading=\"lazy\" decoding=\"async\" data-attachment-id=\"6695\" data-permalink=\"https:\/\/www.quartier-waldacker.de\/?attachment_id=6695#main\" data-orig-file=\"https:\/\/i0.wp.com\/www.quartier-waldacker.de\/wp-content\/uploads\/2014\/11\/WA_Baustelle_01a.jpg?fit=960%2C638&amp;ssl=1\" data-orig-size=\"960,638\" data-comments-opened=\"1\" data-image-meta=\"{&quot;aperture&quot;:&quot;0&quot;,&quot;credit&quot;:&quot;&quot;,&quot;camera&quot;:&quot;&quot;,&quot;caption&quot;:&quot;&quot;,&quot;created_timestamp&quot;:&quot;0&quot;,&quot;copyright&quot;:&quot;&quot;,&quot;focal_length&quot;:&quot;0&quot;,&quot;iso&quot;:&quot;0&quot;,&quot;shutter_speed&quot;:&quot;0&quot;,&quot;title&quot;:&quot;&quot;,&quot;orientation&quot;:&quot;1&quot;}\" data-image-title=\"WA_Baustelle_01a\" data-image-description=\"\" data-image-caption=\"\" data-large-file=\"https:\/\/i0.wp.com\/www.quartier-waldacker.de\/wp-content\/uploads\/2014\/11\/WA_Baustelle_01a.jpg?fit=960%2C638&amp;ssl=1\" class=\"wp-image-6695\" src=\"https:\/\/i0.wp.com\/www.quartier-waldacker.de\/wp-content\/uploads\/2014\/11\/WA_Baustelle_01a.jpg?resize=286%2C190&#038;ssl=1\" alt=\"\" width=\"286\" height=\"190\" srcset=\"https:\/\/i0.wp.com\/www.quartier-waldacker.de\/wp-content\/uploads\/2014\/11\/WA_Baustelle_01a.jpg?resize=300%2C199&amp;ssl=1 300w, https:\/\/i0.wp.com\/www.quartier-waldacker.de\/wp-content\/uploads\/2014\/11\/WA_Baustelle_01a.jpg?w=960&amp;ssl=1 960w\" sizes=\"auto, (max-width: 286px) 100vw, 286px\" \/><\/a><figcaption id=\"caption-attachment-6695\" class=\"wp-caption-text\">Von Dietzenbach her auf der B 459: Gesperrtes Gebiet, auf dem sich dieser Autofahrer bewegt, aber ohne jegliche Erkl\u00e4rung oder Umleitungsempfehlung<\/figcaption><\/figure>\n<figure id=\"attachment_6696\" aria-describedby=\"caption-attachment-6696\" style=\"width: 276px\" class=\"wp-caption alignright\"><a href=\"https:\/\/i0.wp.com\/www.quartier-waldacker.de\/wp-content\/uploads\/2014\/11\/WA_Baustelle_02ac.jpg?ssl=1\"><img data-recalc-dims=\"1\" loading=\"lazy\" decoding=\"async\" data-attachment-id=\"6696\" data-permalink=\"https:\/\/www.quartier-waldacker.de\/?attachment_id=6696#main\" data-orig-file=\"https:\/\/i0.wp.com\/www.quartier-waldacker.de\/wp-content\/uploads\/2014\/11\/WA_Baustelle_02ac.jpg?fit=960%2C638&amp;ssl=1\" data-orig-size=\"960,638\" data-comments-opened=\"1\" data-image-meta=\"{&quot;aperture&quot;:&quot;0&quot;,&quot;credit&quot;:&quot;&quot;,&quot;camera&quot;:&quot;&quot;,&quot;caption&quot;:&quot;&quot;,&quot;created_timestamp&quot;:&quot;0&quot;,&quot;copyright&quot;:&quot;&quot;,&quot;focal_length&quot;:&quot;0&quot;,&quot;iso&quot;:&quot;0&quot;,&quot;shutter_speed&quot;:&quot;0&quot;,&quot;title&quot;:&quot;&quot;,&quot;orientation&quot;:&quot;1&quot;}\" data-image-title=\"WA_Baustelle_02ac\" data-image-description=\"\" data-image-caption=\"\" data-large-file=\"https:\/\/i0.wp.com\/www.quartier-waldacker.de\/wp-content\/uploads\/2014\/11\/WA_Baustelle_02ac.jpg?fit=960%2C638&amp;ssl=1\" class=\"wp-image-6696\" src=\"https:\/\/i0.wp.com\/www.quartier-waldacker.de\/wp-content\/uploads\/2014\/11\/WA_Baustelle_02ac.jpg?resize=286%2C189&#038;ssl=1\" alt=\"WA_Baustelle_02ac\" width=\"286\" height=\"189\" srcset=\"https:\/\/i0.wp.com\/www.quartier-waldacker.de\/wp-content\/uploads\/2014\/11\/WA_Baustelle_02ac.jpg?w=960&amp;ssl=1 960w, https:\/\/i0.wp.com\/www.quartier-waldacker.de\/wp-content\/uploads\/2014\/11\/WA_Baustelle_02ac.jpg?resize=300%2C199&amp;ssl=1 300w\" sizes=\"auto, (max-width: 286px) 100vw, 286px\" \/><\/a><figcaption id=\"caption-attachment-6696\" class=\"wp-caption-text\">Von Dietzenbach her auf der B 459: Gesperrtes Gebiet ohne jegliche Erkl\u00e4rung oder Umleitungsempfehlung<\/figcaption><\/figure>\n<p>&nbsp;<\/p>\n<p>&nbsp;<\/p>\n<p>&nbsp;<\/p>\n<p>&nbsp;<\/p>\n<p>&nbsp;<\/p>\n<p>&nbsp;<\/p>\n<p>&nbsp;<\/p>\n<p>&nbsp;<\/p>\n<p>&nbsp;<\/p>\n<p>&nbsp;<\/p>\n<p>&nbsp;<\/p>\n<figure id=\"attachment_6700\" aria-describedby=\"caption-attachment-6700\" style=\"width: 276px\" class=\"wp-caption alignleft\"><img data-recalc-dims=\"1\" loading=\"lazy\" decoding=\"async\" data-attachment-id=\"6700\" data-permalink=\"https:\/\/www.quartier-waldacker.de\/?attachment_id=6700#main\" data-orig-file=\"https:\/\/i0.wp.com\/www.quartier-waldacker.de\/wp-content\/uploads\/2014\/11\/WA_Baustelle_03.jpg?fit=960%2C638&amp;ssl=1\" data-orig-size=\"960,638\" data-comments-opened=\"1\" data-image-meta=\"{&quot;aperture&quot;:&quot;0&quot;,&quot;credit&quot;:&quot;&quot;,&quot;camera&quot;:&quot;&quot;,&quot;caption&quot;:&quot;&quot;,&quot;created_timestamp&quot;:&quot;0&quot;,&quot;copyright&quot;:&quot;&quot;,&quot;focal_length&quot;:&quot;0&quot;,&quot;iso&quot;:&quot;0&quot;,&quot;shutter_speed&quot;:&quot;0&quot;,&quot;title&quot;:&quot;&quot;,&quot;orientation&quot;:&quot;0&quot;}\" data-image-title=\"WA_Baustelle_03\" data-image-description=\"\" data-image-caption=\"\" data-large-file=\"https:\/\/i0.wp.com\/www.quartier-waldacker.de\/wp-content\/uploads\/2014\/11\/WA_Baustelle_03.jpg?fit=960%2C638&amp;ssl=1\" class=\"wp-image-6700\" src=\"https:\/\/i0.wp.com\/www.quartier-waldacker.de\/wp-content\/uploads\/2014\/11\/WA_Baustelle_03.jpg?resize=286%2C190&#038;ssl=1\" alt=\"\" width=\"286\" height=\"190\" srcset=\"https:\/\/i0.wp.com\/www.quartier-waldacker.de\/wp-content\/uploads\/2014\/11\/WA_Baustelle_03.jpg?resize=300%2C199&amp;ssl=1 300w, https:\/\/i0.wp.com\/www.quartier-waldacker.de\/wp-content\/uploads\/2014\/11\/WA_Baustelle_03.jpg?w=960&amp;ssl=1 960w\" sizes=\"auto, (max-width: 286px) 100vw, 286px\" \/><figcaption id=\"caption-attachment-6700\" class=\"wp-caption-text\">Von Dietzenbach her auf der B 459: Gesperrtes Gebiet ohne jegliche Erkl\u00e4rung oder Umleitungsempfehlung<\/figcaption><\/figure>\n<figure id=\"attachment_6703\" aria-describedby=\"caption-attachment-6703\" style=\"width: 276px\" class=\"wp-caption alignright\"><a href=\"https:\/\/i0.wp.com\/www.quartier-waldacker.de\/wp-content\/uploads\/2014\/11\/WA_Baustelle_05a.jpg?ssl=1\"><img data-recalc-dims=\"1\" loading=\"lazy\" decoding=\"async\" data-attachment-id=\"6703\" data-permalink=\"https:\/\/www.quartier-waldacker.de\/?attachment_id=6703#main\" data-orig-file=\"https:\/\/i0.wp.com\/www.quartier-waldacker.de\/wp-content\/uploads\/2014\/11\/WA_Baustelle_05a.jpg?fit=960%2C638&amp;ssl=1\" data-orig-size=\"960,638\" data-comments-opened=\"1\" data-image-meta=\"{&quot;aperture&quot;:&quot;0&quot;,&quot;credit&quot;:&quot;&quot;,&quot;camera&quot;:&quot;&quot;,&quot;caption&quot;:&quot;&quot;,&quot;created_timestamp&quot;:&quot;0&quot;,&quot;copyright&quot;:&quot;&quot;,&quot;focal_length&quot;:&quot;0&quot;,&quot;iso&quot;:&quot;0&quot;,&quot;shutter_speed&quot;:&quot;0&quot;,&quot;title&quot;:&quot;&quot;,&quot;orientation&quot;:&quot;0&quot;}\" data-image-title=\"WA_Baustelle_05a\" data-image-description=\"\" data-image-caption=\"\" data-large-file=\"https:\/\/i0.wp.com\/www.quartier-waldacker.de\/wp-content\/uploads\/2014\/11\/WA_Baustelle_05a.jpg?fit=960%2C638&amp;ssl=1\" class=\"wp-image-6703\" src=\"https:\/\/i0.wp.com\/www.quartier-waldacker.de\/wp-content\/uploads\/2014\/11\/WA_Baustelle_05a.jpg?resize=286%2C190&#038;ssl=1\" alt=\"\" width=\"286\" height=\"190\" srcset=\"https:\/\/i0.wp.com\/www.quartier-waldacker.de\/wp-content\/uploads\/2014\/11\/WA_Baustelle_05a.jpg?resize=300%2C199&amp;ssl=1 300w, https:\/\/i0.wp.com\/www.quartier-waldacker.de\/wp-content\/uploads\/2014\/11\/WA_Baustelle_05a.jpg?w=960&amp;ssl=1 960w\" sizes=\"auto, (max-width: 286px) 100vw, 286px\" \/><\/a><figcaption id=\"caption-attachment-6703\" class=\"wp-caption-text\">Von Dietzenbach\/Hexenberg her auf der Kreisquerverbindung: Gesperrtes Gebiet, aber ohne jegliche Erkl\u00e4rung oder Umleitungsempfehlung \u2013 diesem Autofahrer bleibt nichts anderes \u00fcbrig als Hunderten anderer \u00fcbers Wochenende, die alle von dem Schild \u201eFrei bis Baustelle\u201c (aber wo??) in die Irre geleitet wurden oder einfach IRGEND einen Weg nach Waldacker suchten<\/figcaption><\/figure>\n<p>&nbsp;<\/p>\n<p>&nbsp;<\/p>\n<p>&nbsp;<\/p>\n<p>&nbsp;<\/p>\n<p>&nbsp;<\/p>\n<p>&nbsp;<\/p>\n<p>&nbsp;<\/p>\n<p>&nbsp;<\/p>\n<p>&nbsp;<\/p>\n<p>&nbsp;<\/p>\n<p>&nbsp;<\/p>\n<p>&nbsp;<\/p>\n<p>&nbsp;<\/p>\n<figure id=\"attachment_6704\" aria-describedby=\"caption-attachment-6704\" style=\"width: 276px\" class=\"wp-caption aligncenter\"><a href=\"https:\/\/i0.wp.com\/www.quartier-waldacker.de\/wp-content\/uploads\/2014\/11\/WA_Baustelle_06a.jpg?ssl=1\"><img data-recalc-dims=\"1\" loading=\"lazy\" decoding=\"async\" data-attachment-id=\"6704\" data-permalink=\"https:\/\/www.quartier-waldacker.de\/?attachment_id=6704#main\" data-orig-file=\"https:\/\/i0.wp.com\/www.quartier-waldacker.de\/wp-content\/uploads\/2014\/11\/WA_Baustelle_06a.jpg?fit=960%2C638&amp;ssl=1\" data-orig-size=\"960,638\" data-comments-opened=\"1\" data-image-meta=\"{&quot;aperture&quot;:&quot;0&quot;,&quot;credit&quot;:&quot;&quot;,&quot;camera&quot;:&quot;&quot;,&quot;caption&quot;:&quot;&quot;,&quot;created_timestamp&quot;:&quot;0&quot;,&quot;copyright&quot;:&quot;&quot;,&quot;focal_length&quot;:&quot;0&quot;,&quot;iso&quot;:&quot;0&quot;,&quot;shutter_speed&quot;:&quot;0&quot;,&quot;title&quot;:&quot;&quot;,&quot;orientation&quot;:&quot;1&quot;}\" data-image-title=\"WA_Baustelle_06a\" data-image-description=\"\" data-image-caption=\"\" data-large-file=\"https:\/\/i0.wp.com\/www.quartier-waldacker.de\/wp-content\/uploads\/2014\/11\/WA_Baustelle_06a.jpg?fit=960%2C638&amp;ssl=1\" class=\"wp-image-6704\" src=\"https:\/\/i0.wp.com\/www.quartier-waldacker.de\/wp-content\/uploads\/2014\/11\/WA_Baustelle_06a.jpg?resize=286%2C190&#038;ssl=1\" alt=\"\" width=\"286\" height=\"190\" srcset=\"https:\/\/i0.wp.com\/www.quartier-waldacker.de\/wp-content\/uploads\/2014\/11\/WA_Baustelle_06a.jpg?resize=300%2C199&amp;ssl=1 300w, https:\/\/i0.wp.com\/www.quartier-waldacker.de\/wp-content\/uploads\/2014\/11\/WA_Baustelle_06a.jpg?w=960&amp;ssl=1 960w\" sizes=\"auto, (max-width: 286px) 100vw, 286px\" \/><\/a><figcaption id=\"caption-attachment-6704\" class=\"wp-caption-text\">Von Dietzenbach\/Hexenberg her auf der Kreisquerverbindung: Gesperrtes Gebiet, aber ohne jegliche Erkl\u00e4rung oder Umleitungsempfehlung<\/figcaption><\/figure>\n<p>&nbsp;<\/p>\n<p>&nbsp;<\/p>\n<p>&nbsp;<\/p>\n<p>&nbsp;<\/p>\n<p>&nbsp;<\/p>\n<p>&nbsp;<\/p>\n<p>&nbsp;<\/p>\n<p>&nbsp;<\/p>\n<p>&nbsp;<\/p>\n<p>&nbsp;<\/p>\n<p>&nbsp;<\/p>\n<p>&nbsp;<\/p>\n<p>&nbsp;<\/p>\n<p>&nbsp;<\/p>\n<p>&nbsp;<\/p>\n<p>&nbsp;<\/p>\n","protected":false},"excerpt":{"rendered":"<p>Eine Mauer ist vor 25 Jahre gefallen &#8211; Waldacker liegt ab 09.11.2014 hinter einer neuen Mauer. Die Kreuzung-Sanierung B459\/Kreisquerverbindung zeigt seine Problematik. Wer etwa Freitag Nacht von Dreieich nach Waldacker wollte, fand sich pl\u00f6tzlich \u2013 von der Kreisquerverbindung kommend \u2013 in auswegloser Lage. Linksabbiegen nach Waldacker nicht m\u00f6glich, alles verbarrikadiert \u2013 und das vor allem &#8230; <a title=\"Waldacker &#8211; wie kommt man dahin?\" class=\"read-more\" href=\"https:\/\/www.quartier-waldacker.de\/?p=6692\" aria-label=\"Mehr Informationen \u00fcber Waldacker &#8211; wie kommt man dahin?\">Weiterlesen<\/a><\/p>\n","protected":false},"author":1,"featured_media":0,"comment_status":"open","ping_status":"open","sticky":false,"template":"","format":"standard","meta":{"generate_page_header":"","_jetpack_memberships_contains_paid_content":false,"footnotes":""},"categories":[1],"tags":[],"class_list":["post-6692","post","type-post","status-publish","format-standard","hentry","category-uncategorized"],"jetpack_featured_media_url":"","jetpack-related-posts":[{"id":15659,"url":"https:\/\/www.quartier-waldacker.de\/?p=15659","url_meta":{"origin":6692,"position":0},"title":"Radtour \u2013 Neu-Isenburg, Naturfreundehaus (27 km)","author":"Johannes","date":"19. Oktober 2017","format":false,"excerpt":"Bericht und Bilder von Reinhold Harnoth Treffpunkt war 13.00 Uhr am B\u00fcrgertreff in Waldacker. \u00dcber die inner\u00f6rtliche Stra\u00dfen fuhren wir zur B459. Nach \u00dcberquerung der Kreuzung B459\/ Kreisquerverbindung ging es auf der Velizystr. bis zur Ampel an der ehemalige, zur\u00fcckgebauten Kreisstra\u00dfe. Auf dieser fuhren wir am Geschichtspfad, dem Hessentagsparcour nach\u2026","rel":"","context":"In &quot;Radtouren&quot;","block_context":{"text":"Radtouren","link":"https:\/\/www.quartier-waldacker.de\/?cat=126"},"img":{"alt_text":"","src":"https:\/\/i0.wp.com\/www.quartier-waldacker.de\/wp-content\/uploads\/2017\/10\/RadHead-33.png?fit=1200%2C281&ssl=1&resize=350%2C200","width":350,"height":200,"srcset":"https:\/\/i0.wp.com\/www.quartier-waldacker.de\/wp-content\/uploads\/2017\/10\/RadHead-33.png?fit=1200%2C281&ssl=1&resize=350%2C200 1x, https:\/\/i0.wp.com\/www.quartier-waldacker.de\/wp-content\/uploads\/2017\/10\/RadHead-33.png?fit=1200%2C281&ssl=1&resize=525%2C300 1.5x, https:\/\/i0.wp.com\/www.quartier-waldacker.de\/wp-content\/uploads\/2017\/10\/RadHead-33.png?fit=1200%2C281&ssl=1&resize=700%2C400 2x, https:\/\/i0.wp.com\/www.quartier-waldacker.de\/wp-content\/uploads\/2017\/10\/RadHead-33.png?fit=1200%2C281&ssl=1&resize=1050%2C600 3x"},"classes":[]},{"id":9774,"url":"https:\/\/www.quartier-waldacker.de\/?p=9774","url_meta":{"origin":6692,"position":1},"title":"Radweg im \u201eNiemandsland\u201c","author":"admin","date":"23. M\u00e4rz 2016","format":false,"excerpt":"Ein Beitrag von Theo Frie\u00df \u00dcber die Radwege des Stadtteils R\u00f6dermark-Waldacker wird seit der Sanierung der B459 diskutiert. Eine allseits befriedigende L\u00f6sung ist bis heute nicht gefunden. Besonders am Ortseingang - \u00a0aus Dietzenbach kommend \u2013 gibt es gro\u00dfe Unklarheiten. Urspr\u00fcnglich war ab dem Radwegende die Benutzung des B\u00fcrgersteiges auch f\u00fcr\u2026","rel":"","context":"In &quot;B\u00fcrgerschaftliches Engagement&quot;","block_context":{"text":"B\u00fcrgerschaftliches Engagement","link":"https:\/\/www.quartier-waldacker.de\/?cat=184"},"img":{"alt_text":"","src":"","width":0,"height":0},"classes":[]},{"id":16159,"url":"https:\/\/www.quartier-waldacker.de\/?p=16159","url_meta":{"origin":6692,"position":2},"title":"Radtour &#8211; Rund um Rodgau (34 Km)","author":"admin","date":"24. November 2017","format":false,"excerpt":"Bericht und Bilder von Reinhold HarnothTreffpunkt um 13.00 Uhr am B\u00fcrgertreff in Waldacker. Von hier zum weiteren Treffpunkt am Kl\u00e4rwerk in Ober-Roden an den Rentnerb\u00e4nken. Die Strecke von hier f\u00fchrte uns nach Rollwald. An der Bahnlinie entlang gelangten wir nach Nieder-Roden. Nach einem Abstecher zu den hohen H\u00e4user (auch die\u2026","rel":"","context":"In &quot;Radtouren&quot;","block_context":{"text":"Radtouren","link":"https:\/\/www.quartier-waldacker.de\/?cat=126"},"img":{"alt_text":"","src":"https:\/\/i0.wp.com\/www.quartier-waldacker.de\/wp-content\/uploads\/2017\/11\/Header_38.jpg?fit=1200%2C261&ssl=1&resize=350%2C200","width":350,"height":200,"srcset":"https:\/\/i0.wp.com\/www.quartier-waldacker.de\/wp-content\/uploads\/2017\/11\/Header_38.jpg?fit=1200%2C261&ssl=1&resize=350%2C200 1x, https:\/\/i0.wp.com\/www.quartier-waldacker.de\/wp-content\/uploads\/2017\/11\/Header_38.jpg?fit=1200%2C261&ssl=1&resize=525%2C300 1.5x, https:\/\/i0.wp.com\/www.quartier-waldacker.de\/wp-content\/uploads\/2017\/11\/Header_38.jpg?fit=1200%2C261&ssl=1&resize=700%2C400 2x, https:\/\/i0.wp.com\/www.quartier-waldacker.de\/wp-content\/uploads\/2017\/11\/Header_38.jpg?fit=1200%2C261&ssl=1&resize=1050%2C600 3x"},"classes":[]},{"id":12739,"url":"https:\/\/www.quartier-waldacker.de\/?p=12739","url_meta":{"origin":6692,"position":3},"title":"Radtour \u2013 zur Rosenh\u00f6he (26 km)","author":"admin","date":"24. M\u00e4rz 2017","format":false,"excerpt":"Dokumentiert von Reinhold HarnothAbfahrt am B\u00fcrgertreff in Waldacker, auf dem Waldweg (Verl\u00e4ngerung Eulerweg) in Richtung Kreisquerverbindung, \u00dcberquerung der Kreisquerverbindung und weiter in Richtung Hofgut Patershausen. Am Hofgut vorbei in Richtung Heusenstamm, vorbei an einer ehem. M\u00fchle, \u00dcberquerung der Ringstra\u00dfe am Spargelstand Frey. \u00dcber den Nieder-R\u00f6der-Weg zum Schloss Heusenstamm. Von hier\u2026","rel":"","context":"In &quot;Radtouren&quot;","block_context":{"text":"Radtouren","link":"https:\/\/www.quartier-waldacker.de\/?cat=126"},"img":{"alt_text":"","src":"","width":0,"height":0},"classes":[]},{"id":15228,"url":"https:\/\/www.quartier-waldacker.de\/?p=15228","url_meta":{"origin":6692,"position":4},"title":"Radtour  nach Obertshausen (40 km)","author":"Johannes","date":"20. September 2017","format":false,"excerpt":"Beitrag und Bilder von Reinhold HarnothTreffpunkt war der B\u00fcrgertreff in Waldacker in 13.00 Uhr. Von hier fuhren wir zum zweiten Treffpunkt an den Rentnerb\u00e4nken am Kl\u00e4rwek Ober-Roden. Hier kamen die Mitfahrer aus Ober-Roden hinzu. Vom Treffpunkt fuhren wir am Waldrand vorbei nach Rollwald, dabei wurde die Rodau \u00fcberquert. An den\u2026","rel":"","context":"In &quot;Radtouren&quot;","block_context":{"text":"Radtouren","link":"https:\/\/www.quartier-waldacker.de\/?cat=126"},"img":{"alt_text":"","src":"https:\/\/i0.wp.com\/www.quartier-waldacker.de\/wp-content\/uploads\/2017\/09\/HaederTour29.jpg?fit=1200%2C281&ssl=1&resize=350%2C200","width":350,"height":200,"srcset":"https:\/\/i0.wp.com\/www.quartier-waldacker.de\/wp-content\/uploads\/2017\/09\/HaederTour29.jpg?fit=1200%2C281&ssl=1&resize=350%2C200 1x, https:\/\/i0.wp.com\/www.quartier-waldacker.de\/wp-content\/uploads\/2017\/09\/HaederTour29.jpg?fit=1200%2C281&ssl=1&resize=525%2C300 1.5x, https:\/\/i0.wp.com\/www.quartier-waldacker.de\/wp-content\/uploads\/2017\/09\/HaederTour29.jpg?fit=1200%2C281&ssl=1&resize=700%2C400 2x, https:\/\/i0.wp.com\/www.quartier-waldacker.de\/wp-content\/uploads\/2017\/09\/HaederTour29.jpg?fit=1200%2C281&ssl=1&resize=1050%2C600 3x"},"classes":[]},{"id":13097,"url":"https:\/\/www.quartier-waldacker.de\/?p=13097","url_meta":{"origin":6692,"position":5},"title":"Radtour &#8211;  Dietesheimer Steinbr\u00fcche (44 km)","author":"admin","date":"1. Mai 2017","format":false,"excerpt":"\u00a0 Dokumentiert von Reinhold Harnoth Abfahrt vom B\u00fcrgertreff Waldacker. Verl\u00e4ngerung des Eulerwegs, \u00fcber die Kreisquerverbindung in Richtung Hofgut Patershausen, Daran vorbei nach Heusenstamm. \u00dcber die Bieber hinweg, an der Martinseestra\u00dfe vorbei bis zur Schloss Heusenstamm Ringstra\u00dfe (am Spargelstand Frey), die Stra\u00dfe \u00fcberquert in den Nieder-R\u00f6der-Weg, gegen\u00fcber der Str. Rudolf-Braas in\u2026","rel":"","context":"In &quot;Radtouren&quot;","block_context":{"text":"Radtouren","link":"https:\/\/www.quartier-waldacker.de\/?cat=126"},"img":{"alt_text":"","src":"https:\/\/i0.wp.com\/www.quartier-waldacker.de\/wp-content\/uploads\/2017\/05\/Header_.jpg?fit=1200%2C261&ssl=1&resize=350%2C200","width":350,"height":200,"srcset":"https:\/\/i0.wp.com\/www.quartier-waldacker.de\/wp-content\/uploads\/2017\/05\/Header_.jpg?fit=1200%2C261&ssl=1&resize=350%2C200 1x, https:\/\/i0.wp.com\/www.quartier-waldacker.de\/wp-content\/uploads\/2017\/05\/Header_.jpg?fit=1200%2C261&ssl=1&resize=525%2C300 1.5x, https:\/\/i0.wp.com\/www.quartier-waldacker.de\/wp-content\/uploads\/2017\/05\/Header_.jpg?fit=1200%2C261&ssl=1&resize=700%2C400 2x, https:\/\/i0.wp.com\/www.quartier-waldacker.de\/wp-content\/uploads\/2017\/05\/Header_.jpg?fit=1200%2C261&ssl=1&resize=1050%2C600 3x"},"classes":[]}],"jetpack_sharing_enabled":true,"rttpg_featured_image_url":null,"rttpg_author":{"display_name":"admin","author_link":"https:\/\/www.quartier-waldacker.de\/?author=1"},"rttpg_comment":1,"rttpg_category":"<a href=\"https:\/\/www.quartier-waldacker.de\/?cat=1\" rel=\"category\">Allgemein<\/a>","rttpg_excerpt":"Eine Mauer ist vor 25 Jahre gefallen &#8211; Waldacker liegt ab 09.11.2014 hinter einer neuen Mauer. Die Kreuzung-Sanierung B459\/Kreisquerverbindung zeigt seine Problematik. Wer etwa Freitag Nacht von Dreieich nach Waldacker wollte, fand sich pl\u00f6tzlich \u2013 von der Kreisquerverbindung kommend \u2013 in auswegloser Lage. Linksabbiegen nach Waldacker nicht m\u00f6glich, alles verbarrikadiert \u2013 und das vor allem&hellip;","_links":{"self":[{"href":"https:\/\/www.quartier-waldacker.de\/index.php?rest_route=\/wp\/v2\/posts\/6692","targetHints":{"allow":["GET"]}}],"collection":[{"href":"https:\/\/www.quartier-waldacker.de\/index.php?rest_route=\/wp\/v2\/posts"}],"about":[{"href":"https:\/\/www.quartier-waldacker.de\/index.php?rest_route=\/wp\/v2\/types\/post"}],"author":[{"embeddable":true,"href":"https:\/\/www.quartier-waldacker.de\/index.php?rest_route=\/wp\/v2\/users\/1"}],"replies":[{"embeddable":true,"href":"https:\/\/www.quartier-waldacker.de\/index.php?rest_route=%2Fwp%2Fv2%2Fcomments&post=6692"}],"version-history":[{"count":0,"href":"https:\/\/www.quartier-waldacker.de\/index.php?rest_route=\/wp\/v2\/posts\/6692\/revisions"}],"wp:attachment":[{"href":"https:\/\/www.quartier-waldacker.de\/index.php?rest_route=%2Fwp%2Fv2%2Fmedia&parent=6692"}],"wp:term":[{"taxonomy":"category","embeddable":true,"href":"https:\/\/www.quartier-waldacker.de\/index.php?rest_route=%2Fwp%2Fv2%2Fcategories&post=6692"},{"taxonomy":"post_tag","embeddable":true,"href":"https:\/\/www.quartier-waldacker.de\/index.php?rest_route=%2Fwp%2Fv2%2Ftags&post=6692"}],"curies":[{"name":"wp","href":"https:\/\/api.w.org\/{rel}","templated":true}]}}