{"id":6661,"date":"2014-11-06T12:08:01","date_gmt":"2014-11-06T11:08:01","guid":{"rendered":"https:\/\/www.quartier-waldacker.de\/?p=6661"},"modified":"2017-02-02T19:08:02","modified_gmt":"2017-02-02T18:08:02","slug":"aktionstag-heidepflege-nabu-sucht-noch-freiwillige-helfer","status":"publish","type":"post","link":"https:\/\/www.quartier-waldacker.de\/?p=6661","title":{"rendered":"Aktionstag Heidepflege &#8211; NABU sucht noch freiwillige Helfer"},"content":{"rendered":"<p><a href=\"https:\/\/i0.wp.com\/www.quartier-waldacker.de\/wp-content\/uploads\/2014\/11\/Logo-NaBu.jpg?ssl=1\"><img data-recalc-dims=\"1\" loading=\"lazy\" decoding=\"async\" data-attachment-id=\"6663\" data-permalink=\"https:\/\/www.quartier-waldacker.de\/?attachment_id=6663#main\" data-orig-file=\"https:\/\/i0.wp.com\/www.quartier-waldacker.de\/wp-content\/uploads\/2014\/11\/Logo-NaBu.jpg?fit=374%2C238&amp;ssl=1\" data-orig-size=\"374,238\" data-comments-opened=\"1\" data-image-meta=\"{&quot;aperture&quot;:&quot;0&quot;,&quot;credit&quot;:&quot;&quot;,&quot;camera&quot;:&quot;&quot;,&quot;caption&quot;:&quot;&quot;,&quot;created_timestamp&quot;:&quot;0&quot;,&quot;copyright&quot;:&quot;&quot;,&quot;focal_length&quot;:&quot;0&quot;,&quot;iso&quot;:&quot;0&quot;,&quot;shutter_speed&quot;:&quot;0&quot;,&quot;title&quot;:&quot;&quot;,&quot;orientation&quot;:&quot;0&quot;}\" data-image-title=\"Logo NaBu\" data-image-description=\"\" data-image-caption=\"\" data-large-file=\"https:\/\/i0.wp.com\/www.quartier-waldacker.de\/wp-content\/uploads\/2014\/11\/Logo-NaBu.jpg?fit=374%2C238&amp;ssl=1\" class=\"alignright wp-image-6663\" src=\"https:\/\/i0.wp.com\/www.quartier-waldacker.de\/wp-content\/uploads\/2014\/11\/Logo-NaBu.jpg?resize=126%2C80&#038;ssl=1\" alt=\"Logo NaBu\" width=\"126\" height=\"80\" srcset=\"https:\/\/i0.wp.com\/www.quartier-waldacker.de\/wp-content\/uploads\/2014\/11\/Logo-NaBu.jpg?resize=300%2C190&amp;ssl=1 300w, https:\/\/i0.wp.com\/www.quartier-waldacker.de\/wp-content\/uploads\/2014\/11\/Logo-NaBu.jpg?w=374&amp;ssl=1 374w\" sizes=\"auto, (max-width: 126px) 100vw, 126px\" \/><\/a><strong>Pressebericht der NABU Gruppe R\u00f6dermark e.V. ; Dr. R\u00fcdiger Werner, 1. Vorsitzender; Donaustr. 46; 63322 R\u00f6dermark;<a href=\"mailto:Mailto: nabu@pswerner.de\" target=\"_blank\"> nabu@pswerner.de<\/a><a href=\"mailto:nabu@pswerner.de\"> \u00a0\u00a0 <\/a><a href=\"http:\/\/www.nabu-roedermark.de\" target=\"_blank\">www.nabu-roedermark.de<\/a><\/strong><\/p>\n<p>&nbsp;<\/p>\n<p>&nbsp;<\/p>\n<p>&nbsp;<\/p>\n<p><span style=\"font-size: 12pt; font-family: arial,helvetica,sans-serif;\">Die Heidefl\u00e4che \u00f6stlich von Waldacker zwischen der Stra\u00dfe Am Lerchenberg und dem Eulerweg ist eines der \u00f6kologischen <strong>Aush\u00e4ngeschilder R\u00f6dermarks<\/strong>. Durch jahrelange intensive Pflege durch die \u00f6rtliche Gruppe des Naturschutzbundes mit Unterst\u00fctzung der Unteren Naturschutzbeh\u00f6rde, in den letzten Jahren begleitet durch regelm\u00e4\u00dfige Schafbeweidungen, hat sich die Fl\u00e4che pr\u00e4chtig entwickelt. Die mit Heidekraut bewachsenen Stellen weiten sich aus und lassen die das rund 3 Hektar gro\u00dfe Gebiet im Sp\u00e4tsommer rosa-violett erstrahlen. Auch das seltene Bergsandgl\u00f6ckchen, die Heidenelke und die gesch\u00fctze Sandstrohblume kommen hier noch vor. Doch nur mit Schafbeweidung alleine l\u00e4sst sich das Areal in dieser Form nicht erhalten. \u201eIn unseren Breiten w\u00fcrden nahezu alle Fl\u00e4chen ohne Eingriffe des Menschen fr\u00fcher oder sp\u00e4ter wieder zu Wald werden\u201c, erl\u00e4utert NABU-Vorsitzender Dr. R\u00fcdiger Werner. \u201eM\u00f6chte man also Wiesen oder wie in diesem Falle Heidefl\u00e4chen erhalten, kommt man um eine regelm\u00e4\u00dfige Pflege, bei der man vor allem der Verbuschung entgegenwirkt, nicht herum.\u201c<\/span><br \/>\n<span style=\"font-size: 12pt; font-family: arial,helvetica,sans-serif;\">Aus diesem Grunde l\u00e4dt der <strong>NABU R\u00f6dermark<\/strong> alle interessierten B\u00fcrger <strong>am Samstag, den 15. November<\/strong> (nicht wie urspr\u00fcnglich vorgesehen am 8. November) zu einem \u201e<strong>Aktionstag Heidepflege\u201c<\/strong> ein. Mit Spaten und blo\u00dfen H\u00e4nden gilt es Ginster- und Eichensch\u00f6sslinge und vor allem die sehr invasive amerikanische Traubenkirsche mitsamt Wurzeln aus der Fl\u00e4che zu entfernen. Daneben soll auch versucht werden, der Ausbreitung der Brombeere Einhalt zu gebieten. <\/span><br \/>\n<span style=\"font-size: 12pt; font-family: arial,helvetica,sans-serif;\"><strong>Treffpunkt ist um 10 Uhr der wilde Parkplatz am Eulerweg neben dem Club der Hundefreunde.<\/strong> Es kann einiges an Arbeitsmaterial zur Verf\u00fcgung gestellt werden. Zum Abschluss des maximal 3-st\u00fcndigen Arbeitseinsatzes l\u00e4dt der NABU alle Helfer zu einem Imbiss ein. Weitere Infos: <a href=\"mailto:Mailto:nabu@pswerner\" target=\"_blank\">nabu@pswerner<\/a>.de oder 06074-2112030.<\/span><\/p>\n<figure id=\"attachment_6681\" aria-describedby=\"caption-attachment-6681\" style=\"width: 290px\" class=\"wp-caption alignright\"><a href=\"https:\/\/i0.wp.com\/www.quartier-waldacker.de\/wp-content\/uploads\/2014\/11\/Bild2a.jpg?ssl=1\"><img data-recalc-dims=\"1\" loading=\"lazy\" decoding=\"async\" data-attachment-id=\"6681\" data-permalink=\"https:\/\/www.quartier-waldacker.de\/?attachment_id=6681#main\" data-orig-file=\"https:\/\/i0.wp.com\/www.quartier-waldacker.de\/wp-content\/uploads\/2014\/11\/Bild2a.jpg?fit=1200%2C900&amp;ssl=1\" data-orig-size=\"1200,900\" data-comments-opened=\"1\" data-image-meta=\"{&quot;aperture&quot;:&quot;0&quot;,&quot;credit&quot;:&quot;&quot;,&quot;camera&quot;:&quot;&quot;,&quot;caption&quot;:&quot;&quot;,&quot;created_timestamp&quot;:&quot;0&quot;,&quot;copyright&quot;:&quot;&quot;,&quot;focal_length&quot;:&quot;0&quot;,&quot;iso&quot;:&quot;0&quot;,&quot;shutter_speed&quot;:&quot;0&quot;,&quot;title&quot;:&quot;&quot;,&quot;orientation&quot;:&quot;0&quot;}\" data-image-title=\"Bild2a\" data-image-description=\"\" data-image-caption=\"&lt;p&gt;Eine weitere, sehr wertvolle Heidefl\u00e4che befindet sich am Weg zum TCO in Waldacker. Auch hier muss der  Verbuschung, v.a. durch Ginster und Brombeere, regelm\u00e4\u00dfig entgegengewirkt werden&lt;\/p&gt;\n\" data-large-file=\"https:\/\/i0.wp.com\/www.quartier-waldacker.de\/wp-content\/uploads\/2014\/11\/Bild2a.jpg?fit=1024%2C768&amp;ssl=1\" class=\"size-medium wp-image-6681\" src=\"https:\/\/i0.wp.com\/www.quartier-waldacker.de\/wp-content\/uploads\/2014\/11\/Bild2a.jpg?resize=300%2C225&#038;ssl=1\" alt=\"\" width=\"300\" height=\"225\" srcset=\"https:\/\/i0.wp.com\/www.quartier-waldacker.de\/wp-content\/uploads\/2014\/11\/Bild2a.jpg?resize=300%2C225&amp;ssl=1 300w, https:\/\/i0.wp.com\/www.quartier-waldacker.de\/wp-content\/uploads\/2014\/11\/Bild2a.jpg?resize=1024%2C768&amp;ssl=1 1024w, https:\/\/i0.wp.com\/www.quartier-waldacker.de\/wp-content\/uploads\/2014\/11\/Bild2a.jpg?w=1200&amp;ssl=1 1200w\" sizes=\"auto, (max-width: 300px) 100vw, 300px\" \/><\/a><figcaption id=\"caption-attachment-6681\" class=\"wp-caption-text\">Eine weitere, sehr wertvolle Heidefl\u00e4che befindet sich am Weg zum TCO in Waldacker. Auch hier muss der Verbuschung, v.a. durch Ginster und Brombeere, regelm\u00e4\u00dfig entgegengewirkt werden<\/figcaption><\/figure>\n<figure id=\"attachment_6664\" aria-describedby=\"caption-attachment-6664\" style=\"width: 290px\" class=\"wp-caption alignleft\"><a href=\"https:\/\/i0.wp.com\/www.quartier-waldacker.de\/wp-content\/uploads\/2014\/11\/Bild1.jpg?ssl=1\" target=\"_blank\"><img data-recalc-dims=\"1\" loading=\"lazy\" decoding=\"async\" data-attachment-id=\"6664\" data-permalink=\"https:\/\/www.quartier-waldacker.de\/?attachment_id=6664#main\" data-orig-file=\"https:\/\/i0.wp.com\/www.quartier-waldacker.de\/wp-content\/uploads\/2014\/11\/Bild1.jpg?fit=463%2C347&amp;ssl=1\" data-orig-size=\"463,347\" data-comments-opened=\"1\" data-image-meta=\"{&quot;aperture&quot;:&quot;0&quot;,&quot;credit&quot;:&quot;&quot;,&quot;camera&quot;:&quot;&quot;,&quot;caption&quot;:&quot;&quot;,&quot;created_timestamp&quot;:&quot;0&quot;,&quot;copyright&quot;:&quot;&quot;,&quot;focal_length&quot;:&quot;0&quot;,&quot;iso&quot;:&quot;0&quot;,&quot;shutter_speed&quot;:&quot;0&quot;,&quot;title&quot;:&quot;&quot;,&quot;orientation&quot;:&quot;0&quot;}\" data-image-title=\"Bild1\" data-image-description=\"\" data-image-caption=\"\" data-large-file=\"https:\/\/i0.wp.com\/www.quartier-waldacker.de\/wp-content\/uploads\/2014\/11\/Bild1.jpg?fit=463%2C347&amp;ssl=1\" class=\"wp-image-6664 size-medium\" src=\"https:\/\/i0.wp.com\/www.quartier-waldacker.de\/wp-content\/uploads\/2014\/11\/Bild1.jpg?resize=300%2C224&#038;ssl=1\" alt=\"\" width=\"300\" height=\"224\" srcset=\"https:\/\/i0.wp.com\/www.quartier-waldacker.de\/wp-content\/uploads\/2014\/11\/Bild1.jpg?resize=300%2C224&amp;ssl=1 300w, https:\/\/i0.wp.com\/www.quartier-waldacker.de\/wp-content\/uploads\/2014\/11\/Bild1.jpg?w=463&amp;ssl=1 463w\" sizes=\"auto, (max-width: 300px) 100vw, 300px\" \/><\/a><figcaption id=\"caption-attachment-6664\" class=\"wp-caption-text\">Zwei Sch\u00f6sslinge der Amerikanischen Traubenkirsche (Prunus serotina) und ein Eichensch\u00f6ssling auf der Heide in Waldacker<\/figcaption><\/figure>\n<p>&nbsp;<\/p>\n<p>&nbsp;<\/p>\n<p>&nbsp;<\/p>\n<p>&nbsp;<\/p>\n<p>&nbsp;<\/p>\n<p>&nbsp;<\/p>\n<p>&nbsp;<\/p>\n<p>&nbsp;<\/p>\n<p>&nbsp;<\/p>\n<p>&nbsp;<\/p>\n<p>&nbsp;<\/p>\n<p>&nbsp;<\/p>\n<p>&nbsp;<\/p>\n<figure id=\"attachment_6670\" aria-describedby=\"caption-attachment-6670\" style=\"width: 290px\" class=\"wp-caption alignright\"><a href=\"https:\/\/i0.wp.com\/www.quartier-waldacker.de\/wp-content\/uploads\/2014\/11\/Bild4.jpg?ssl=1\"><img data-recalc-dims=\"1\" loading=\"lazy\" decoding=\"async\" data-attachment-id=\"6670\" data-permalink=\"https:\/\/www.quartier-waldacker.de\/?attachment_id=6670#main\" data-orig-file=\"https:\/\/i0.wp.com\/www.quartier-waldacker.de\/wp-content\/uploads\/2014\/11\/Bild4.jpg?fit=1200%2C900&amp;ssl=1\" data-orig-size=\"1200,900\" data-comments-opened=\"1\" data-image-meta=\"{&quot;aperture&quot;:&quot;0&quot;,&quot;credit&quot;:&quot;&quot;,&quot;camera&quot;:&quot;&quot;,&quot;caption&quot;:&quot;&quot;,&quot;created_timestamp&quot;:&quot;0&quot;,&quot;copyright&quot;:&quot;&quot;,&quot;focal_length&quot;:&quot;0&quot;,&quot;iso&quot;:&quot;0&quot;,&quot;shutter_speed&quot;:&quot;0&quot;,&quot;title&quot;:&quot;&quot;,&quot;orientation&quot;:&quot;0&quot;}\" data-image-title=\"Bild4\" data-image-description=\"\" data-image-caption=\"&lt;p&gt;Die Amerikanische Traubenkirsche ist ein invasiver Neophyt, der nur sehr schwer wieder aus einer Fl\u00e4che zu entfernen ist&lt;\/p&gt;\n\" data-large-file=\"https:\/\/i0.wp.com\/www.quartier-waldacker.de\/wp-content\/uploads\/2014\/11\/Bild4.jpg?fit=1024%2C768&amp;ssl=1\" class=\"size-medium wp-image-6670\" src=\"https:\/\/i0.wp.com\/www.quartier-waldacker.de\/wp-content\/uploads\/2014\/11\/Bild4.jpg?resize=300%2C225&#038;ssl=1\" alt=\"\" width=\"300\" height=\"225\" srcset=\"https:\/\/i0.wp.com\/www.quartier-waldacker.de\/wp-content\/uploads\/2014\/11\/Bild4.jpg?resize=300%2C225&amp;ssl=1 300w, https:\/\/i0.wp.com\/www.quartier-waldacker.de\/wp-content\/uploads\/2014\/11\/Bild4.jpg?resize=1024%2C768&amp;ssl=1 1024w, https:\/\/i0.wp.com\/www.quartier-waldacker.de\/wp-content\/uploads\/2014\/11\/Bild4.jpg?w=1200&amp;ssl=1 1200w\" sizes=\"auto, (max-width: 300px) 100vw, 300px\" \/><\/a><figcaption id=\"caption-attachment-6670\" class=\"wp-caption-text\">Die Amerikanische Traubenkirsche ist ein invasiver Neophyt, der nur sehr schwer wieder aus einer Fl\u00e4che zu entfernen ist<\/figcaption><\/figure>\n<figure id=\"attachment_6683\" aria-describedby=\"caption-attachment-6683\" style=\"width: 290px\" class=\"wp-caption alignleft\"><a href=\"https:\/\/i0.wp.com\/www.quartier-waldacker.de\/wp-content\/uploads\/2014\/11\/Bild3a.jpg?ssl=1\"><img data-recalc-dims=\"1\" loading=\"lazy\" decoding=\"async\" data-attachment-id=\"6683\" data-permalink=\"https:\/\/www.quartier-waldacker.de\/?attachment_id=6683#main\" data-orig-file=\"https:\/\/i0.wp.com\/www.quartier-waldacker.de\/wp-content\/uploads\/2014\/11\/Bild3a.jpg?fit=1200%2C900&amp;ssl=1\" data-orig-size=\"1200,900\" data-comments-opened=\"1\" data-image-meta=\"{&quot;aperture&quot;:&quot;0&quot;,&quot;credit&quot;:&quot;&quot;,&quot;camera&quot;:&quot;&quot;,&quot;caption&quot;:&quot;&quot;,&quot;created_timestamp&quot;:&quot;0&quot;,&quot;copyright&quot;:&quot;&quot;,&quot;focal_length&quot;:&quot;0&quot;,&quot;iso&quot;:&quot;0&quot;,&quot;shutter_speed&quot;:&quot;0&quot;,&quot;title&quot;:&quot;&quot;,&quot;orientation&quot;:&quot;0&quot;}\" data-image-title=\"Bild3a\" data-image-description=\"\" data-image-caption=\"&lt;p&gt;Ginster leitet h\u00e4ufig die Verbuschung ein und muss entfernt werden&lt;\/p&gt;\n\" data-large-file=\"https:\/\/i0.wp.com\/www.quartier-waldacker.de\/wp-content\/uploads\/2014\/11\/Bild3a.jpg?fit=1024%2C768&amp;ssl=1\" class=\"wp-image-6683 size-medium\" src=\"https:\/\/i0.wp.com\/www.quartier-waldacker.de\/wp-content\/uploads\/2014\/11\/Bild3a.jpg?resize=300%2C225&#038;ssl=1\" alt=\"Ginster leitet h\u00e4ufig die Verbuschung ein und muss entfernt werden\" width=\"300\" height=\"225\" srcset=\"https:\/\/i0.wp.com\/www.quartier-waldacker.de\/wp-content\/uploads\/2014\/11\/Bild3a.jpg?resize=300%2C225&amp;ssl=1 300w, https:\/\/i0.wp.com\/www.quartier-waldacker.de\/wp-content\/uploads\/2014\/11\/Bild3a.jpg?resize=1024%2C768&amp;ssl=1 1024w, https:\/\/i0.wp.com\/www.quartier-waldacker.de\/wp-content\/uploads\/2014\/11\/Bild3a.jpg?w=1200&amp;ssl=1 1200w\" sizes=\"auto, (max-width: 300px) 100vw, 300px\" \/><\/a><figcaption id=\"caption-attachment-6683\" class=\"wp-caption-text\">Ginster leitet h\u00e4ufig die Verbuschung ein und muss entfernt werden<\/figcaption><\/figure>\n<p>&nbsp;<\/p>\n<p>&nbsp;<\/p>\n<p>&nbsp;<\/p>\n<p>&nbsp;<\/p>\n<p>&nbsp;<\/p>\n<p>&nbsp;<\/p>\n<p>&nbsp;<\/p>\n<p>&nbsp;<\/p>\n<p>&nbsp;<\/p>\n","protected":false},"excerpt":{"rendered":"<p>Pressebericht der NABU Gruppe R\u00f6dermark e.V. ; Dr. R\u00fcdiger Werner, 1. Vorsitzender; Donaustr. 46; 63322 R\u00f6dermark; nabu@pswerner.de \u00a0\u00a0 www.nabu-roedermark.de &nbsp; &nbsp; &nbsp; Die Heidefl\u00e4che \u00f6stlich von Waldacker zwischen der Stra\u00dfe Am Lerchenberg und dem Eulerweg ist eines der \u00f6kologischen Aush\u00e4ngeschilder R\u00f6dermarks. Durch jahrelange intensive Pflege durch die \u00f6rtliche Gruppe des Naturschutzbundes mit Unterst\u00fctzung der Unteren &#8230; <a title=\"Aktionstag Heidepflege &#8211; NABU sucht noch freiwillige Helfer\" class=\"read-more\" href=\"https:\/\/www.quartier-waldacker.de\/?p=6661\" aria-label=\"Mehr Informationen \u00fcber Aktionstag Heidepflege &#8211; NABU sucht noch freiwillige Helfer\">Weiterlesen<\/a><\/p>\n","protected":false},"author":1,"featured_media":0,"comment_status":"open","ping_status":"open","sticky":false,"template":"","format":"standard","meta":{"generate_page_header":"","_jetpack_memberships_contains_paid_content":false,"footnotes":""},"categories":[1],"tags":[],"class_list":["post-6661","post","type-post","status-publish","format-standard","hentry","category-uncategorized"],"jetpack_featured_media_url":"","jetpack-related-posts":[{"id":17523,"url":"https:\/\/www.quartier-waldacker.de\/?p=17523","url_meta":{"origin":6661,"position":0},"title":"Die Waldackerer Heide-   eine Kulturlandschaft, die regelm\u00e4\u00dfiger Pflege bedarf","author":"admin","date":"17. Februar 2018","format":false,"excerpt":"Ein Beitrag von Ursula Roebke Beinhart muss der Boden gefroren sein, damit die notwendig gewordenen M\u00e4harbeiten in Teilbereichen der Heide vorgenommen werden k\u00f6nnen. Am Mittwoch den 07.02. 18 war es so weit. Die Firma Appels Wilde Samen aus Darmstadt Griesheim r\u00fcckte mit einem Traktor und Kreiselm\u00e4her an und k\u00fcrzte auf\u2026","rel":"","context":"In &quot;Natur&quot;","block_context":{"text":"Natur","link":"https:\/\/www.quartier-waldacker.de\/?cat=238"},"img":{"alt_text":"","src":"https:\/\/i0.wp.com\/www.quartier-waldacker.de\/wp-content\/uploads\/2018\/02\/Header_Heide1380_300.jpg?fit=1200%2C261&ssl=1&resize=350%2C200","width":350,"height":200,"srcset":"https:\/\/i0.wp.com\/www.quartier-waldacker.de\/wp-content\/uploads\/2018\/02\/Header_Heide1380_300.jpg?fit=1200%2C261&ssl=1&resize=350%2C200 1x, https:\/\/i0.wp.com\/www.quartier-waldacker.de\/wp-content\/uploads\/2018\/02\/Header_Heide1380_300.jpg?fit=1200%2C261&ssl=1&resize=525%2C300 1.5x, https:\/\/i0.wp.com\/www.quartier-waldacker.de\/wp-content\/uploads\/2018\/02\/Header_Heide1380_300.jpg?fit=1200%2C261&ssl=1&resize=700%2C400 2x, https:\/\/i0.wp.com\/www.quartier-waldacker.de\/wp-content\/uploads\/2018\/02\/Header_Heide1380_300.jpg?fit=1200%2C261&ssl=1&resize=1050%2C600 3x"},"classes":[]},{"id":19295,"url":"https:\/\/www.quartier-waldacker.de\/?p=19295","url_meta":{"origin":6661,"position":1},"title":"Ein Schlaraffenland f\u00fcr Insekten","author":"admin","date":"14. August 2019","format":false,"excerpt":"Statement von Uschi Roebke\u00a0 und Klaus Huthmann zum Blogbeitrag \u201cNatur zur\u00fcck in die Stadt\u201c Ein hervorragendes Beispiel f\u00fcr ehrenamtliches \u00f6kologisches Engagement f\u00fcr R\u00f6dermark unter dem Motto: \u201cNatur zur\u00fcck in die Stadt\u201c findet man im s\u00fcdlichen Entree des Stadtteils Waldacker. Dort hat die Arbeitsgruppe \u201eAG Gr\u00fcn\u201c der Quartiersgruppe Waldacker bereits in\u2026","rel":"","context":"In &quot;AG-Gr\u00fcn&quot;","block_context":{"text":"AG-Gr\u00fcn","link":"https:\/\/www.quartier-waldacker.de\/?cat=188"},"img":{"alt_text":"","src":"https:\/\/i0.wp.com\/www.quartier-waldacker.de\/wp-content\/uploads\/2019\/08\/Header_Blumeninder-Stadt1380.jpg?fit=1200%2C261&ssl=1&resize=350%2C200","width":350,"height":200,"srcset":"https:\/\/i0.wp.com\/www.quartier-waldacker.de\/wp-content\/uploads\/2019\/08\/Header_Blumeninder-Stadt1380.jpg?fit=1200%2C261&ssl=1&resize=350%2C200 1x, https:\/\/i0.wp.com\/www.quartier-waldacker.de\/wp-content\/uploads\/2019\/08\/Header_Blumeninder-Stadt1380.jpg?fit=1200%2C261&ssl=1&resize=525%2C300 1.5x, https:\/\/i0.wp.com\/www.quartier-waldacker.de\/wp-content\/uploads\/2019\/08\/Header_Blumeninder-Stadt1380.jpg?fit=1200%2C261&ssl=1&resize=700%2C400 2x, https:\/\/i0.wp.com\/www.quartier-waldacker.de\/wp-content\/uploads\/2019\/08\/Header_Blumeninder-Stadt1380.jpg?fit=1200%2C261&ssl=1&resize=1050%2C600 3x"},"classes":[]},{"id":20390,"url":"https:\/\/www.quartier-waldacker.de\/?p=20390","url_meta":{"origin":6661,"position":2},"title":"100 mal &#8211;  Essen in geselliger Runde","author":"admin","date":"23. August 2021","format":"image","excerpt":"Arbeitsgruppen der Quartiersgruppe Waldacker sind bekannt f\u00fcr ihre Aktivit\u00e4ten wie z.B. die AG-Gr\u00fcn, PC-Workshop Senioren, PC und Internet, Kulturabende, Boulespiele, Radfahrgruppe Waldacker und weitere. Doch letzten Freitag hatte eine Arbeitsgruppe ein rundes Jubil\u00e4um 100-mal \u201eKulinarische Reise durch und um R\u00f6dermark\u201c. 2016 kam die Idee auf, man k\u00f6nnte doch ab und\u2026","rel":"","context":"In &quot;Geselligkeit&quot;","block_context":{"text":"Geselligkeit","link":"https:\/\/www.quartier-waldacker.de\/?cat=171"},"img":{"alt_text":"","src":"https:\/\/i0.wp.com\/www.quartier-waldacker.de\/wp-content\/uploads\/2018\/01\/Essen-7-Gabeln-_Rahmen.png?fit=1200%2C281&ssl=1&resize=350%2C200","width":350,"height":200,"srcset":"https:\/\/i0.wp.com\/www.quartier-waldacker.de\/wp-content\/uploads\/2018\/01\/Essen-7-Gabeln-_Rahmen.png?fit=1200%2C281&ssl=1&resize=350%2C200 1x, https:\/\/i0.wp.com\/www.quartier-waldacker.de\/wp-content\/uploads\/2018\/01\/Essen-7-Gabeln-_Rahmen.png?fit=1200%2C281&ssl=1&resize=525%2C300 1.5x, https:\/\/i0.wp.com\/www.quartier-waldacker.de\/wp-content\/uploads\/2018\/01\/Essen-7-Gabeln-_Rahmen.png?fit=1200%2C281&ssl=1&resize=700%2C400 2x, https:\/\/i0.wp.com\/www.quartier-waldacker.de\/wp-content\/uploads\/2018\/01\/Essen-7-Gabeln-_Rahmen.png?fit=1200%2C281&ssl=1&resize=1050%2C600 3x"},"classes":[]},{"id":4882,"url":"https:\/\/www.quartier-waldacker.de\/?p=4882","url_meta":{"origin":6661,"position":3},"title":"Waldacker soll bl\u00fchen &#8211; Gr\u00fcnpatenschaft","author":"Johannes","date":"24. Februar 2014","format":false,"excerpt":"Die Stadt R\u00f6dermark bietet B\u00fcrgerinnen und B\u00fcrgern, die ihr Wohnumfeld versch\u00f6nern wollen, eine Gr\u00fcnpatenschaft f\u00fcr \u00f6ffentliche Pl\u00e4tze im Stadtgebiet an. In Waldacker gibt es zwei st\u00e4dtischen Anlagen, Ecke Hauptstra\u00dfe\/Lindenweg und Ecke An der H\u00fchnerecke-J\u00e4gerstra\u00dfe, die von Gr\u00fcnpaten bepflanzt, gepflegt und bew\u00e4ssert werden k\u00f6nnen, siehe Bericht in der Dreieich-Zeitung. Die anderen\u2026","rel":"","context":"In &quot;AG-Gr\u00fcn&quot;","block_context":{"text":"AG-Gr\u00fcn","link":"https:\/\/www.quartier-waldacker.de\/?cat=188"},"img":{"alt_text":"","src":"https:\/\/i0.wp.com\/www.quartier-waldacker.de\/wp-content\/uploads\/2014\/02\/P1060886_2.jpg?resize=350%2C200&ssl=1","width":350,"height":200},"classes":[]},{"id":27142,"url":"https:\/\/www.quartier-waldacker.de\/?p=27142","url_meta":{"origin":6661,"position":4},"title":"\u201eKulinarische Reise durch und um R\u00f6dermark\u201c feiert ihre 200. Jubil\u00e4umsschmaus","author":"admin","date":"22. August 2025","format":false,"excerpt":"Beitrag und Bilder aus der Offenbach Post von Christine Ziesecke Waldacker \u201eQuartier Waldacker \u2013 gemeinsam aktiv, ein Team, ein Ziel!\u201c So steht es auf der Homepage der Quartiersgruppe Waldacker, einer \u201eGruppe von engagierten B\u00fcrgern aus Waldacker, die versucht, das Leben in Waldacker annehmlicher zu gestalten.\u201c Mitmachen kann jeder, solange es\u2026","rel":"","context":"In &quot;B\u00fcrgerschaftliches Engagement&quot;","block_context":{"text":"B\u00fcrgerschaftliches Engagement","link":"https:\/\/www.quartier-waldacker.de\/?cat=184"},"img":{"alt_text":"","src":"https:\/\/i0.wp.com\/www.quartier-waldacker.de\/wp-content\/uploads\/2025\/08\/Header-200-Essen-5-GabelV1n.jpg?fit=960%2C300&ssl=1&resize=350%2C200","width":350,"height":200,"srcset":"https:\/\/i0.wp.com\/www.quartier-waldacker.de\/wp-content\/uploads\/2025\/08\/Header-200-Essen-5-GabelV1n.jpg?fit=960%2C300&ssl=1&resize=350%2C200 1x, https:\/\/i0.wp.com\/www.quartier-waldacker.de\/wp-content\/uploads\/2025\/08\/Header-200-Essen-5-GabelV1n.jpg?fit=960%2C300&ssl=1&resize=525%2C300 1.5x, https:\/\/i0.wp.com\/www.quartier-waldacker.de\/wp-content\/uploads\/2025\/08\/Header-200-Essen-5-GabelV1n.jpg?fit=960%2C300&ssl=1&resize=700%2C400 2x"},"classes":[]},{"id":24083,"url":"https:\/\/www.quartier-waldacker.de\/?p=24083","url_meta":{"origin":6661,"position":5},"title":"Aktivit\u00e4ten der Quartiersgruppe Waldacker in einer Zeitleiste aufgelistet.","author":"Johannes","date":"25. April 2024","format":false,"excerpt":"Nov. 2011 Zukunftswerkstadt Alle Waldackerer, die das 60. Lebensjahr vollendet haben, wurden von Herrn W. Geiken -Weigh von der Stadt R\u00f6dermark in die Zukunftswerkstadt eingeladen. Januar 2012 Gr\u00fcndung der \"Quariersgruppe Waldacker\" Aus der Zukunftswerkstadt entstand Quartiers-Waldacker Februar 2012 Seniorenfahrt zum Film des Monat Einmal im Monat f\u00e4hrt Herr B\u00e4rmann mit\u2026","rel":"","context":"With 1 comment","block_context":{"text":"With 1 comment","link":"https:\/\/www.quartier-waldacker.de\/?p=24083#comments"},"img":{"alt_text":"","src":"https:\/\/i0.wp.com\/www.quartier-waldacker.de\/wp-content\/uploads\/2024\/04\/Quartier_Historie.jpg?fit=1200%2C281&ssl=1&resize=350%2C200","width":350,"height":200,"srcset":"https:\/\/i0.wp.com\/www.quartier-waldacker.de\/wp-content\/uploads\/2024\/04\/Quartier_Historie.jpg?fit=1200%2C281&ssl=1&resize=350%2C200 1x, https:\/\/i0.wp.com\/www.quartier-waldacker.de\/wp-content\/uploads\/2024\/04\/Quartier_Historie.jpg?fit=1200%2C281&ssl=1&resize=525%2C300 1.5x, https:\/\/i0.wp.com\/www.quartier-waldacker.de\/wp-content\/uploads\/2024\/04\/Quartier_Historie.jpg?fit=1200%2C281&ssl=1&resize=700%2C400 2x, https:\/\/i0.wp.com\/www.quartier-waldacker.de\/wp-content\/uploads\/2024\/04\/Quartier_Historie.jpg?fit=1200%2C281&ssl=1&resize=1050%2C600 3x"},"classes":[]}],"jetpack_sharing_enabled":true,"rttpg_featured_image_url":null,"rttpg_author":{"display_name":"admin","author_link":"https:\/\/www.quartier-waldacker.de\/?author=1"},"rttpg_comment":0,"rttpg_category":"<a href=\"https:\/\/www.quartier-waldacker.de\/?cat=1\" rel=\"category\">Allgemein<\/a>","rttpg_excerpt":"Pressebericht der NABU Gruppe R\u00f6dermark e.V. ; Dr. R\u00fcdiger Werner, 1. Vorsitzender; Donaustr. 46; 63322 R\u00f6dermark; nabu@pswerner.de \u00a0\u00a0 www.nabu-roedermark.de &nbsp; &nbsp; &nbsp; Die Heidefl\u00e4che \u00f6stlich von Waldacker zwischen der Stra\u00dfe Am Lerchenberg und dem Eulerweg ist eines der \u00f6kologischen Aush\u00e4ngeschilder R\u00f6dermarks. Durch jahrelange intensive Pflege durch die \u00f6rtliche Gruppe des Naturschutzbundes mit Unterst\u00fctzung der Unteren&hellip;","_links":{"self":[{"href":"https:\/\/www.quartier-waldacker.de\/index.php?rest_route=\/wp\/v2\/posts\/6661","targetHints":{"allow":["GET"]}}],"collection":[{"href":"https:\/\/www.quartier-waldacker.de\/index.php?rest_route=\/wp\/v2\/posts"}],"about":[{"href":"https:\/\/www.quartier-waldacker.de\/index.php?rest_route=\/wp\/v2\/types\/post"}],"author":[{"embeddable":true,"href":"https:\/\/www.quartier-waldacker.de\/index.php?rest_route=\/wp\/v2\/users\/1"}],"replies":[{"embeddable":true,"href":"https:\/\/www.quartier-waldacker.de\/index.php?rest_route=%2Fwp%2Fv2%2Fcomments&post=6661"}],"version-history":[{"count":0,"href":"https:\/\/www.quartier-waldacker.de\/index.php?rest_route=\/wp\/v2\/posts\/6661\/revisions"}],"wp:attachment":[{"href":"https:\/\/www.quartier-waldacker.de\/index.php?rest_route=%2Fwp%2Fv2%2Fmedia&parent=6661"}],"wp:term":[{"taxonomy":"category","embeddable":true,"href":"https:\/\/www.quartier-waldacker.de\/index.php?rest_route=%2Fwp%2Fv2%2Fcategories&post=6661"},{"taxonomy":"post_tag","embeddable":true,"href":"https:\/\/www.quartier-waldacker.de\/index.php?rest_route=%2Fwp%2Fv2%2Ftags&post=6661"}],"curies":[{"name":"wp","href":"https:\/\/api.w.org\/{rel}","templated":true}]}}