{"id":6506,"date":"2014-09-29T14:48:49","date_gmt":"2014-09-29T12:48:49","guid":{"rendered":"https:\/\/www.quartier-waldacker.de\/?p=6506"},"modified":"2023-02-02T16:30:42","modified_gmt":"2023-02-02T15:30:42","slug":"offenbach-bieber-tour-16","status":"publish","type":"post","link":"https:\/\/www.quartier-waldacker.de\/?p=6506","title":{"rendered":"Radtour n. Offenbach-Bieber"},"content":{"rendered":"<p><span style=\"font-size: 12pt; font-family: arial,helvetica,sans-serif;\"><a href=\"https:\/\/i0.wp.com\/www.quartier-waldacker.de\/wp-content\/uploads\/2014\/09\/P1070205_kl.jpg?ssl=1\"><img data-recalc-dims=\"1\" loading=\"lazy\" decoding=\"async\" data-attachment-id=\"6507\" data-permalink=\"https:\/\/www.quartier-waldacker.de\/?attachment_id=6507#main\" data-orig-file=\"https:\/\/i0.wp.com\/www.quartier-waldacker.de\/wp-content\/uploads\/2014\/09\/P1070205_kl.jpg?fit=720%2C406&amp;ssl=1\" data-orig-size=\"720,406\" data-comments-opened=\"1\" data-image-meta=\"{&quot;aperture&quot;:&quot;0&quot;,&quot;credit&quot;:&quot;&quot;,&quot;camera&quot;:&quot;&quot;,&quot;caption&quot;:&quot;&quot;,&quot;created_timestamp&quot;:&quot;0&quot;,&quot;copyright&quot;:&quot;&quot;,&quot;focal_length&quot;:&quot;0&quot;,&quot;iso&quot;:&quot;0&quot;,&quot;shutter_speed&quot;:&quot;0&quot;,&quot;title&quot;:&quot;&quot;,&quot;orientation&quot;:&quot;0&quot;}\" data-image-title=\"P1070205_kl\" data-image-description=\"\" data-image-caption=\"\" data-large-file=\"https:\/\/i0.wp.com\/www.quartier-waldacker.de\/wp-content\/uploads\/2014\/09\/P1070205_kl.jpg?fit=720%2C406&amp;ssl=1\" class=\"alignright wp-image-6507\" src=\"https:\/\/i0.wp.com\/www.quartier-waldacker.de\/wp-content\/uploads\/2014\/09\/P1070205_kl.jpg?resize=231%2C130&#038;ssl=1\" alt=\"P1070205_kl\" width=\"231\" height=\"130\" srcset=\"https:\/\/i0.wp.com\/www.quartier-waldacker.de\/wp-content\/uploads\/2014\/09\/P1070205_kl.jpg?resize=300%2C169&amp;ssl=1 300w, https:\/\/i0.wp.com\/www.quartier-waldacker.de\/wp-content\/uploads\/2014\/09\/P1070205_kl.jpg?w=720&amp;ssl=1 720w\" sizes=\"auto, (max-width: 231px) 100vw, 231px\" \/><\/a>Die diesw\u00f6chige Radtour f\u00fchrt \u00fcber das Hofgut Padershausen nach Heusenstamm am\u00a0 Schloss Sch\u00f6nborn mit seinem kleinen Schlosspark vorbei nach Offenbach-Bieber. In Bieber angekommen ist der Besuch des Restaurants \u201eZur G\u00e4rtnerruhe\u201c (Lokomotive) auf dem Programm. Bekannt f\u00fcr seine preiswerte und gute Schnitzel.<\/span><\/p>\n<p>&nbsp;<\/p>\n<p>&nbsp;<\/p>\n<p><span style=\"font-size: 12pt; font-family: arial,helvetica,sans-serif;\">Abfahrt ist am <strong>Freitag den 10. Oktober um 13:30 Uhr am B\u00fcrgertreff Waldacker. <\/strong><\/span><br \/>\n<span style=\"font-size: 12pt; font-family: arial,helvetica,sans-serif;\">Weitere Informationen gibt Christa Walter, \uf028 06074 \u2013 6977507 <\/span><\/p>\n<p>&nbsp;<\/p>\n<p>&nbsp;<\/p>\n<p><span style=\"font-size: 12pt; font-family: arial,helvetica,sans-serif;\">Zur G\u00e4rtnerruh (Lokomotive)<\/span><br \/>\n<span style=\"font-size: 12pt; font-family: arial,helvetica,sans-serif;\">Sc<\/span><span style=\"font-size: 12pt; font-family: arial,helvetica,sans-serif;\">hlo\u00dfm\u00fchlstra\u00dfe 100A<\/span><br \/>\n<span style=\"font-size: 12pt; font-family: arial,helvetica,sans-serif;\">630<\/span><span style=\"font-size: 12pt; font-family: arial,helvetica,sans-serif;\">73 Offenbach am Main<\/span><br \/>\n<a href=\"http:\/\/www.op-online.de\/lokales\/nachrichten\/offenbach\/endlich-wieder-schnitzelduft-940416.html\" target=\"_blank\" rel=\"noopener\">http:\/\/www.op-online.de\/lokales\/nachrichten\/offenbach\/endlich-wieder-schnitzelduft-940416.html<\/a><\/p>\n","protected":false},"excerpt":{"rendered":"<p>Die diesw\u00f6chige Radtour f\u00fchrt \u00fcber das Hofgut Padershausen nach Heusenstamm am\u00a0 Schloss Sch\u00f6nborn mit seinem kleinen Schlosspark vorbei nach Offenbach-Bieber. In Bieber angekommen ist der Besuch des Restaurants \u201eZur G\u00e4rtnerruhe\u201c (Lokomotive) auf dem Programm. Bekannt f\u00fcr seine preiswerte und gute Schnitzel. &nbsp; &nbsp; Abfahrt ist am Freitag den 10. Oktober um 13:30 Uhr am B\u00fcrgertreff &#8230; <a title=\"Radtour n. Offenbach-Bieber\" class=\"read-more\" href=\"https:\/\/www.quartier-waldacker.de\/?p=6506\" aria-label=\"Mehr Informationen \u00fcber Radtour n. Offenbach-Bieber\">Weiterlesen<\/a><\/p>\n","protected":false},"author":5,"featured_media":0,"comment_status":"open","ping_status":"open","sticky":false,"template":"","format":"standard","meta":{"generate_page_header":"","_jetpack_memberships_contains_paid_content":false,"footnotes":""},"categories":[126],"tags":[197],"class_list":["post-6506","post","type-post","status-publish","format-standard","hentry","category-radtouren","tag-radfahren"],"jetpack_featured_media_url":"","jetpack-related-posts":[{"id":24690,"url":"https:\/\/www.quartier-waldacker.de\/?p=24690","url_meta":{"origin":6506,"position":0},"title":"Gem\u00fctliche Radtour von Offenbach am Main entlang","author":"Johannes","date":"29. Juni 2024","format":false,"excerpt":"Nach den 3 Wochen Stadtradeln sollte die heutige Radtour etwas gem\u00fctlicher werden. F\u00fcr den 28.06.2024 hatte Gerhard Elsesser eine Genussradtour im Programm. 24 Teilnehmer\/innen trafen sich um 11 Uhr in Waldacker auf dem 50sten Breitengrad. Nach einer kurzen Erl\u00e4uterung zum Verlauf der Tour bedankte er sich f\u00fcr die rege Teilnahme\u2026","rel":"","context":"In &quot;Radtouren&quot;","block_context":{"text":"Radtouren","link":"https:\/\/www.quartier-waldacker.de\/?cat=126"},"img":{"alt_text":"","src":"https:\/\/i0.wp.com\/www.quartier-waldacker.de\/wp-content\/uploads\/2024\/03\/Header_Gruppe_2024sr1.jpg?fit=1200%2C281&ssl=1&resize=350%2C200","width":350,"height":200,"srcset":"https:\/\/i0.wp.com\/www.quartier-waldacker.de\/wp-content\/uploads\/2024\/03\/Header_Gruppe_2024sr1.jpg?fit=1200%2C281&ssl=1&resize=350%2C200 1x, https:\/\/i0.wp.com\/www.quartier-waldacker.de\/wp-content\/uploads\/2024\/03\/Header_Gruppe_2024sr1.jpg?fit=1200%2C281&ssl=1&resize=525%2C300 1.5x, https:\/\/i0.wp.com\/www.quartier-waldacker.de\/wp-content\/uploads\/2024\/03\/Header_Gruppe_2024sr1.jpg?fit=1200%2C281&ssl=1&resize=700%2C400 2x, https:\/\/i0.wp.com\/www.quartier-waldacker.de\/wp-content\/uploads\/2024\/03\/Header_Gruppe_2024sr1.jpg?fit=1200%2C281&ssl=1&resize=1050%2C600 3x"},"classes":[]},{"id":12756,"url":"https:\/\/www.quartier-waldacker.de\/?p=12756","url_meta":{"origin":6506,"position":1},"title":"Radtour &#8211; Offenbach am Main entlang bis M\u00fchlheim am Schultheisweiher und Rodaum\u00fcndung (28 km)","author":"admin","date":"11. April 2017","format":false,"excerpt":"\u00a0 Dokumentiert von Reinhold HarnothAnfahrt mit der S-Bahn von Dietzenbach-Bahnhof nach Offenbach-Marktplatz (Achtung: 2x mit Rolltreppe, es gibt auch einen Aufzug, aber sehr eng). \u00dcber die Schlossstra\u00dfe zum Main runter fahren, am Main rechts halten, am \u201eWaggon am Kulturgleis\u201c, Bembelboot (Gastst\u00e4tte), Bootshaus B\u00fcrgel, Windhund Rennstrecke und am Campingplatz OF-B\u00fcrgel vorbei\u2026","rel":"","context":"In &quot;Radtouren&quot;","block_context":{"text":"Radtouren","link":"https:\/\/www.quartier-waldacker.de\/?cat=126"},"img":{"alt_text":"","src":"https:\/\/i0.wp.com\/www.quartier-waldacker.de\/wp-content\/uploads\/2017\/04\/Header_Rupenheim.jpg?fit=1200%2C261&ssl=1&resize=350%2C200","width":350,"height":200,"srcset":"https:\/\/i0.wp.com\/www.quartier-waldacker.de\/wp-content\/uploads\/2017\/04\/Header_Rupenheim.jpg?fit=1200%2C261&ssl=1&resize=350%2C200 1x, https:\/\/i0.wp.com\/www.quartier-waldacker.de\/wp-content\/uploads\/2017\/04\/Header_Rupenheim.jpg?fit=1200%2C261&ssl=1&resize=525%2C300 1.5x, https:\/\/i0.wp.com\/www.quartier-waldacker.de\/wp-content\/uploads\/2017\/04\/Header_Rupenheim.jpg?fit=1200%2C261&ssl=1&resize=700%2C400 2x, https:\/\/i0.wp.com\/www.quartier-waldacker.de\/wp-content\/uploads\/2017\/04\/Header_Rupenheim.jpg?fit=1200%2C261&ssl=1&resize=1050%2C600 3x"},"classes":[]},{"id":15342,"url":"https:\/\/www.quartier-waldacker.de\/?p=15342","url_meta":{"origin":6506,"position":2},"title":"Radtour &#8211; FFM &#8211; Fechenheim (45 Km)","author":"Johannes","date":"3. Oktober 2017","format":false,"excerpt":"\u00a0 Bericht und Fotos von Reinhold HarnothTreffpunkt war f\u00fcr alle der B\u00fcrgertreff in Waldacker. P\u00fcnktlich um 13.00 Uhr setzten sich 14 Radfreunde in Bewegung. \u00dcber die Verl\u00e4ngerung des Eulerweges fuhren wir in Richtung Kreisquerverbindung. Diese wurde dann \u00fcberquert, wobei freundliche Autofahrer anhielten und uns alle diese in Ruhe \u00fcberqueren lie\u00dfen.\u2026","rel":"","context":"In &quot;Radtouren&quot;","block_context":{"text":"Radtouren","link":"https:\/\/www.quartier-waldacker.de\/?cat=126"},"img":{"alt_text":"","src":"https:\/\/i0.wp.com\/www.quartier-waldacker.de\/wp-content\/uploads\/2017\/10\/RadHead-Ferchenheim.jpg?fit=1200%2C281&ssl=1&resize=350%2C200","width":350,"height":200,"srcset":"https:\/\/i0.wp.com\/www.quartier-waldacker.de\/wp-content\/uploads\/2017\/10\/RadHead-Ferchenheim.jpg?fit=1200%2C281&ssl=1&resize=350%2C200 1x, https:\/\/i0.wp.com\/www.quartier-waldacker.de\/wp-content\/uploads\/2017\/10\/RadHead-Ferchenheim.jpg?fit=1200%2C281&ssl=1&resize=525%2C300 1.5x, https:\/\/i0.wp.com\/www.quartier-waldacker.de\/wp-content\/uploads\/2017\/10\/RadHead-Ferchenheim.jpg?fit=1200%2C281&ssl=1&resize=700%2C400 2x, https:\/\/i0.wp.com\/www.quartier-waldacker.de\/wp-content\/uploads\/2017\/10\/RadHead-Ferchenheim.jpg?fit=1200%2C281&ssl=1&resize=1050%2C600 3x"},"classes":[]},{"id":25283,"url":"https:\/\/www.quartier-waldacker.de\/?p=25283","url_meta":{"origin":6506,"position":3},"title":"Bier Hannes &#8211; Historie und Genuss am Fechenheimer Leinpfad (Radtour 50 km)","author":"Johannes","date":"15. September 2024","format":false,"excerpt":"Start:Nach der Hitzeperiode der K\u00e4lteschock. Am Freitag, den 13.09.2024 bei 12 Grad Celsius starteten 18 Radlerinnen und Radler vom Treffpunkt 50. Breitegrad bei Waldacker. Nach einer kurzen Erl\u00e4uterung \u00fcber den Streckenverlauf durch Gerhard Elsesser, den Planer und Guide der heutigen Tour, machen sich die Radlerinnen und Radler auf den Weg.\u2026","rel":"","context":"In &quot;Radtouren&quot;","block_context":{"text":"Radtouren","link":"https:\/\/www.quartier-waldacker.de\/?cat=126"},"img":{"alt_text":"","src":"https:\/\/i0.wp.com\/www.quartier-waldacker.de\/wp-content\/uploads\/2024\/03\/Header_Gruppe_2024sr1.jpg?fit=1200%2C281&ssl=1&resize=350%2C200","width":350,"height":200,"srcset":"https:\/\/i0.wp.com\/www.quartier-waldacker.de\/wp-content\/uploads\/2024\/03\/Header_Gruppe_2024sr1.jpg?fit=1200%2C281&ssl=1&resize=350%2C200 1x, https:\/\/i0.wp.com\/www.quartier-waldacker.de\/wp-content\/uploads\/2024\/03\/Header_Gruppe_2024sr1.jpg?fit=1200%2C281&ssl=1&resize=525%2C300 1.5x, https:\/\/i0.wp.com\/www.quartier-waldacker.de\/wp-content\/uploads\/2024\/03\/Header_Gruppe_2024sr1.jpg?fit=1200%2C281&ssl=1&resize=700%2C400 2x, https:\/\/i0.wp.com\/www.quartier-waldacker.de\/wp-content\/uploads\/2024\/03\/Header_Gruppe_2024sr1.jpg?fit=1200%2C281&ssl=1&resize=1050%2C600 3x"},"classes":[]},{"id":22435,"url":"https:\/\/www.quartier-waldacker.de\/?p=22435","url_meta":{"origin":6506,"position":4},"title":"Radtour zur Rodaum\u00fcndung bei M\u00fchlheim (43 km)","author":"admin","date":"25. April 2023","format":false,"excerpt":"\u00a0 Eigentlich war f\u00fcr Freitag den 21.04.2023 eine Radtour entlang der Rodau geplant. Unser heutiger Tourenleiter Gerhard hatte wegen aufgeweichter Radwege kurzerhand eine neue Route mit wesentlich besseren Bedingungen gew\u00e4hlt. Bei der Abfahrt war der Himmel noch etwas bedeckt, aber die Meteorologen hatten sch\u00f6nes, warmes Fr\u00fchlingswetter vorhergesagt. Nach kurzer Fahrt\u2026","rel":"","context":"In &quot;Radtouren&quot;","block_context":{"text":"Radtouren","link":"https:\/\/www.quartier-waldacker.de\/?cat=126"},"img":{"alt_text":"","src":"https:\/\/i0.wp.com\/www.quartier-waldacker.de\/wp-content\/uploads\/2023\/03\/Header_Gruppe.jpg?fit=1200%2C281&ssl=1&resize=350%2C200","width":350,"height":200,"srcset":"https:\/\/i0.wp.com\/www.quartier-waldacker.de\/wp-content\/uploads\/2023\/03\/Header_Gruppe.jpg?fit=1200%2C281&ssl=1&resize=350%2C200 1x, https:\/\/i0.wp.com\/www.quartier-waldacker.de\/wp-content\/uploads\/2023\/03\/Header_Gruppe.jpg?fit=1200%2C281&ssl=1&resize=525%2C300 1.5x, https:\/\/i0.wp.com\/www.quartier-waldacker.de\/wp-content\/uploads\/2023\/03\/Header_Gruppe.jpg?fit=1200%2C281&ssl=1&resize=700%2C400 2x, https:\/\/i0.wp.com\/www.quartier-waldacker.de\/wp-content\/uploads\/2023\/03\/Header_Gruppe.jpg?fit=1200%2C281&ssl=1&resize=1050%2C600 3x"},"classes":[]},{"id":22953,"url":"https:\/\/www.quartier-waldacker.de\/?p=22953","url_meta":{"origin":6506,"position":5},"title":"Radtour nach D\u00f6rnigheim (ca.55 km)","author":"admin","date":"14. August 2023","format":false,"excerpt":"Am Freitag, den 11. August, meldete das Wetteramt Offenbach blauen Himmel und 30 Grad Celsius und 27 Radlerinnen und Radler fanden sich um 11.00 Uhr am Startpunkt B\u00fcrgertreff Waldacker ein, um an der heutigen Radtour teilzunehmen. Die Strecke f\u00fchrte zun\u00e4chst in Richtung Heusenstamm, vorbei am Schloss und weiter in Richtung\u2026","rel":"","context":"In &quot;Radtouren&quot;","block_context":{"text":"Radtouren","link":"https:\/\/www.quartier-waldacker.de\/?cat=126"},"img":{"alt_text":"","src":"https:\/\/i0.wp.com\/www.quartier-waldacker.de\/wp-content\/uploads\/2023\/03\/Header_Gruppe.jpg?fit=1200%2C281&ssl=1&resize=350%2C200","width":350,"height":200,"srcset":"https:\/\/i0.wp.com\/www.quartier-waldacker.de\/wp-content\/uploads\/2023\/03\/Header_Gruppe.jpg?fit=1200%2C281&ssl=1&resize=350%2C200 1x, https:\/\/i0.wp.com\/www.quartier-waldacker.de\/wp-content\/uploads\/2023\/03\/Header_Gruppe.jpg?fit=1200%2C281&ssl=1&resize=525%2C300 1.5x, https:\/\/i0.wp.com\/www.quartier-waldacker.de\/wp-content\/uploads\/2023\/03\/Header_Gruppe.jpg?fit=1200%2C281&ssl=1&resize=700%2C400 2x, https:\/\/i0.wp.com\/www.quartier-waldacker.de\/wp-content\/uploads\/2023\/03\/Header_Gruppe.jpg?fit=1200%2C281&ssl=1&resize=1050%2C600 3x"},"classes":[]}],"jetpack_sharing_enabled":true,"rttpg_featured_image_url":null,"rttpg_author":{"display_name":"Johannes","author_link":"https:\/\/www.quartier-waldacker.de\/?author=5"},"rttpg_comment":0,"rttpg_category":"<a href=\"https:\/\/www.quartier-waldacker.de\/?cat=126\" rel=\"category\">Radtouren<\/a>","rttpg_excerpt":"Die diesw\u00f6chige Radtour f\u00fchrt \u00fcber das Hofgut Padershausen nach Heusenstamm am\u00a0 Schloss Sch\u00f6nborn mit seinem kleinen Schlosspark vorbei nach Offenbach-Bieber. In Bieber angekommen ist der Besuch des Restaurants \u201eZur G\u00e4rtnerruhe\u201c (Lokomotive) auf dem Programm. Bekannt f\u00fcr seine preiswerte und gute Schnitzel. &nbsp; &nbsp; Abfahrt ist am Freitag den 10. Oktober um 13:30 Uhr am B\u00fcrgertreff&hellip;","_links":{"self":[{"href":"https:\/\/www.quartier-waldacker.de\/index.php?rest_route=\/wp\/v2\/posts\/6506","targetHints":{"allow":["GET"]}}],"collection":[{"href":"https:\/\/www.quartier-waldacker.de\/index.php?rest_route=\/wp\/v2\/posts"}],"about":[{"href":"https:\/\/www.quartier-waldacker.de\/index.php?rest_route=\/wp\/v2\/types\/post"}],"author":[{"embeddable":true,"href":"https:\/\/www.quartier-waldacker.de\/index.php?rest_route=\/wp\/v2\/users\/5"}],"replies":[{"embeddable":true,"href":"https:\/\/www.quartier-waldacker.de\/index.php?rest_route=%2Fwp%2Fv2%2Fcomments&post=6506"}],"version-history":[{"count":0,"href":"https:\/\/www.quartier-waldacker.de\/index.php?rest_route=\/wp\/v2\/posts\/6506\/revisions"}],"wp:attachment":[{"href":"https:\/\/www.quartier-waldacker.de\/index.php?rest_route=%2Fwp%2Fv2%2Fmedia&parent=6506"}],"wp:term":[{"taxonomy":"category","embeddable":true,"href":"https:\/\/www.quartier-waldacker.de\/index.php?rest_route=%2Fwp%2Fv2%2Fcategories&post=6506"},{"taxonomy":"post_tag","embeddable":true,"href":"https:\/\/www.quartier-waldacker.de\/index.php?rest_route=%2Fwp%2Fv2%2Ftags&post=6506"}],"curies":[{"name":"wp","href":"https:\/\/api.w.org\/{rel}","templated":true}]}}