{"id":6138,"date":"2014-09-21T16:46:40","date_gmt":"2014-09-21T14:46:40","guid":{"rendered":"https:\/\/www.quartier-waldacker.de\/?p=6138"},"modified":"2023-02-02T16:30:23","modified_gmt":"2023-02-02T15:30:23","slug":"radtour-nach-muenster-tour-15","status":"publish","type":"post","link":"https:\/\/www.quartier-waldacker.de\/?p=6138","title":{"rendered":"Radtour nach M\u00fcnster"},"content":{"rendered":"<p><span style=\"font-size: 12pt; font-family: arial,helvetica,sans-serif;\"><a href=\"https:\/\/i0.wp.com\/www.quartier-waldacker.de\/wp-content\/uploads\/2014\/09\/P1070303-Kopie1_1.jpg?ssl=1\" target=\"_blank\" rel=\"noopener\"><img data-recalc-dims=\"1\" loading=\"lazy\" decoding=\"async\" data-attachment-id=\"6156\" data-permalink=\"https:\/\/www.quartier-waldacker.de\/?attachment_id=6156#main\" data-orig-file=\"https:\/\/i0.wp.com\/www.quartier-waldacker.de\/wp-content\/uploads\/2014\/09\/P1070303-Kopie1_1.jpg?fit=1276%2C719&amp;ssl=1\" data-orig-size=\"1276,719\" data-comments-opened=\"1\" data-image-meta=\"{&quot;aperture&quot;:&quot;7.1&quot;,&quot;credit&quot;:&quot;&quot;,&quot;camera&quot;:&quot;DMC-FZ28&quot;,&quot;caption&quot;:&quot;&quot;,&quot;created_timestamp&quot;:&quot;1411408294&quot;,&quot;copyright&quot;:&quot;&quot;,&quot;focal_length&quot;:&quot;4.8&quot;,&quot;iso&quot;:&quot;160&quot;,&quot;shutter_speed&quot;:&quot;0.002&quot;,&quot;title&quot;:&quot;&quot;,&quot;orientation&quot;:&quot;1&quot;}\" data-image-title=\"P1070303 Kopie1_1\" data-image-description=\"\" data-image-caption=\"\" data-large-file=\"https:\/\/i0.wp.com\/www.quartier-waldacker.de\/wp-content\/uploads\/2014\/09\/P1070303-Kopie1_1.jpg?fit=1024%2C577&amp;ssl=1\" class=\"alignleft wp-image-6156\" src=\"https:\/\/i0.wp.com\/www.quartier-waldacker.de\/wp-content\/uploads\/2014\/09\/P1070303-Kopie1_1.jpg?resize=165%2C93&#038;ssl=1\" alt=\"P1070303 Kopie1_1\" width=\"165\" height=\"93\" srcset=\"https:\/\/i0.wp.com\/www.quartier-waldacker.de\/wp-content\/uploads\/2014\/09\/P1070303-Kopie1_1.jpg?resize=300%2C169&amp;ssl=1 300w, https:\/\/i0.wp.com\/www.quartier-waldacker.de\/wp-content\/uploads\/2014\/09\/P1070303-Kopie1_1.jpg?resize=1024%2C577&amp;ssl=1 1024w, https:\/\/i0.wp.com\/www.quartier-waldacker.de\/wp-content\/uploads\/2014\/09\/P1070303-Kopie1_1.jpg?w=1276&amp;ssl=1 1276w\" sizes=\"auto, (max-width: 165px) 100vw, 165px\" \/><\/a>Die Radtour der Woche 39. f\u00fchrt nach<\/span><span style=\"font-size: 12pt; font-family: arial,helvetica,sans-serif;\"><a href=\"https:\/\/i0.wp.com\/www.quartier-waldacker.de\/wp-content\/uploads\/2014\/09\/P1070300_1.jpg?ssl=1\" target=\"_blank\" rel=\"noopener\"><img data-recalc-dims=\"1\" loading=\"lazy\" decoding=\"async\" data-attachment-id=\"6157\" data-permalink=\"https:\/\/www.quartier-waldacker.de\/?attachment_id=6157#main\" data-orig-file=\"https:\/\/i0.wp.com\/www.quartier-waldacker.de\/wp-content\/uploads\/2014\/09\/P1070300_1.jpg?fit=1276%2C719&amp;ssl=1\" data-orig-size=\"1276,719\" data-comments-opened=\"1\" data-image-meta=\"{&quot;aperture&quot;:&quot;2.8&quot;,&quot;credit&quot;:&quot;&quot;,&quot;camera&quot;:&quot;DMC-FZ28&quot;,&quot;caption&quot;:&quot;&quot;,&quot;created_timestamp&quot;:&quot;1411408175&quot;,&quot;copyright&quot;:&quot;&quot;,&quot;focal_length&quot;:&quot;4.8&quot;,&quot;iso&quot;:&quot;100&quot;,&quot;shutter_speed&quot;:&quot;0.016666666666667&quot;,&quot;title&quot;:&quot;&quot;,&quot;orientation&quot;:&quot;1&quot;}\" data-image-title=\"P1070300_1\" data-image-description=\"\" data-image-caption=\"\" data-large-file=\"https:\/\/i0.wp.com\/www.quartier-waldacker.de\/wp-content\/uploads\/2014\/09\/P1070300_1.jpg?fit=1024%2C577&amp;ssl=1\" class=\"alignright wp-image-6157\" src=\"https:\/\/i0.wp.com\/www.quartier-waldacker.de\/wp-content\/uploads\/2014\/09\/P1070300_1.jpg?resize=165%2C93&#038;ssl=1\" alt=\"P1070300_1\" width=\"165\" height=\"93\" srcset=\"https:\/\/i0.wp.com\/www.quartier-waldacker.de\/wp-content\/uploads\/2014\/09\/P1070300_1.jpg?resize=300%2C169&amp;ssl=1 300w, https:\/\/i0.wp.com\/www.quartier-waldacker.de\/wp-content\/uploads\/2014\/09\/P1070300_1.jpg?resize=1024%2C577&amp;ssl=1 1024w, https:\/\/i0.wp.com\/www.quartier-waldacker.de\/wp-content\/uploads\/2014\/09\/P1070300_1.jpg?w=1276&amp;ssl=1 1276w\" sizes=\"auto, (max-width: 165px) 100vw, 165px\" \/><\/a><\/span><br \/>\n<span style=\"font-size: 12pt; font-family: arial,helvetica,sans-serif;\">M\u00fc<\/span><span style=\"font-size: 12pt; font-family: arial,helvetica,sans-serif;\">nster. Zi<\/span><span style=\"font-size: 12pt; font-family: arial,helvetica,sans-serif;\">el<\/span><span style=\"font-size: 12pt; font-family: arial,helvetica,sans-serif;\"> der Radler ist das Freizeitgel\u00e4nde mit einem der sch\u00f6nsten Bierg\u00e4rten der Region &#8211; <strong>\u201e<a href=\"https:\/\/de-de.facebook.com\/pages\/Auszeit-bei-Axel\/401631886562808\" target=\"_blank\" rel=\"noopener\">Auszeit bei Axel<\/a>\u201c<\/strong>, eine unter Wanderer, Radfahrer und Sommerfrischler beliebte Einkehre. Nach einer Rast bei Kaffee und Kuchen oder einer deftigen Brotzeit mit allerlei erfrischenden Getr\u00e4nken und gem\u00fctlichen Plausch ist die R\u00fcckfahrt geplant.<\/span><\/p>\n<p><span style=\"font-size: 12pt; font-family: arial,helvetica,sans-serif;\">Abfahrt ist am <strong>Freitag den 26.September um 14 Uhr am B\u00fcrgertreff Waldacker. <\/strong><\/span><br \/>\n<span style=\"font-size: 12pt; font-family: arial,helvetica,sans-serif;\">Weitere Informationen gibt Christa Walter, \uf028 06074 \u2013 6977507 <\/span><\/p>\n","protected":false},"excerpt":{"rendered":"<p>Die Radtour der Woche 39. f\u00fchrt nach M\u00fcnster. Ziel der Radler ist das Freizeitgel\u00e4nde mit einem der sch\u00f6nsten Bierg\u00e4rten der Region &#8211; \u201eAuszeit bei Axel\u201c, eine unter Wanderer, Radfahrer und Sommerfrischler beliebte Einkehre. Nach einer Rast bei Kaffee und Kuchen oder einer deftigen Brotzeit mit allerlei erfrischenden Getr\u00e4nken und gem\u00fctlichen Plausch ist die R\u00fcckfahrt geplant. &#8230; <a title=\"Radtour nach M\u00fcnster\" class=\"read-more\" href=\"https:\/\/www.quartier-waldacker.de\/?p=6138\" aria-label=\"Mehr Informationen \u00fcber Radtour nach M\u00fcnster\">Weiterlesen<\/a><\/p>\n","protected":false},"author":5,"featured_media":0,"comment_status":"open","ping_status":"open","sticky":false,"template":"","format":"standard","meta":{"generate_page_header":"","_jetpack_memberships_contains_paid_content":false,"footnotes":""},"categories":[126],"tags":[197],"class_list":["post-6138","post","type-post","status-publish","format-standard","hentry","category-radtouren","tag-radfahren"],"jetpack_featured_media_url":"","jetpack-related-posts":[{"id":15273,"url":"https:\/\/www.quartier-waldacker.de\/?p=15273","url_meta":{"origin":6138,"position":0},"title":"Radtour &#8211; Zum Schlo\u00dfgarten in Dieburg (38 km)","author":"Johannes","date":"26. September 2017","format":false,"excerpt":"Ein Bericht von Reinhold HarnrothStart war wie immer um 13.00 Uhr am B\u00fcrgertreff in Waldacker. Von hier f\u00fchrte uns der Weg zum Treffpunkt Umspannwerk in Breidert (Ecke Margeritenstr. \/ Lochnerstr.) wo wir die Mitradler aus Ober-Roden trafen. \u00dcber die Odenschneise, unter der B45 hindurch ging es nach Eppertshausen. Kurz vor\u2026","rel":"","context":"In &quot;Radtouren&quot;","block_context":{"text":"Radtouren","link":"https:\/\/www.quartier-waldacker.de\/?cat=126"},"img":{"alt_text":"","src":"https:\/\/i0.wp.com\/www.quartier-waldacker.de\/wp-content\/uploads\/2017\/09\/RadHead-40.jpg?fit=1200%2C281&ssl=1&resize=350%2C200","width":350,"height":200,"srcset":"https:\/\/i0.wp.com\/www.quartier-waldacker.de\/wp-content\/uploads\/2017\/09\/RadHead-40.jpg?fit=1200%2C281&ssl=1&resize=350%2C200 1x, https:\/\/i0.wp.com\/www.quartier-waldacker.de\/wp-content\/uploads\/2017\/09\/RadHead-40.jpg?fit=1200%2C281&ssl=1&resize=525%2C300 1.5x, https:\/\/i0.wp.com\/www.quartier-waldacker.de\/wp-content\/uploads\/2017\/09\/RadHead-40.jpg?fit=1200%2C281&ssl=1&resize=700%2C400 2x, https:\/\/i0.wp.com\/www.quartier-waldacker.de\/wp-content\/uploads\/2017\/09\/RadHead-40.jpg?fit=1200%2C281&ssl=1&resize=1050%2C600 3x"},"classes":[]},{"id":5769,"url":"https:\/\/www.quartier-waldacker.de\/?p=5769","url_meta":{"origin":6138,"position":1},"title":"Mit dem Rad durch die Hergersh\u00e4user Wiesen nach Babenhausen","author":"Johannes","date":"21. Juli 2014","format":false,"excerpt":"Am Mittwoch, dem 23. Juli f\u00fchrt die Radtour der Quartiersgruppe Waldacker \u00fcber M\u00fcnster an der Gersprenz entlang weiter durch das Naturschutzgebiet Hergersh\u00e4user Wiesen und der Langfeldm\u00fchle nach Babenhausen zum Hexenturm, das Wahrzeichen von Babenhausen. Eine kleine Einkehr ist geplant. Abfahrt ist um 18 Uhr am B\u00fcrgertreff Waldacker. Die gesamte Tour\u2026","rel":"","context":"In &quot;Radtouren&quot;","block_context":{"text":"Radtouren","link":"https:\/\/www.quartier-waldacker.de\/?cat=126"},"img":{"alt_text":"","src":"https:\/\/i0.wp.com\/www.quartier-waldacker.de\/wp-content\/uploads\/2014\/04\/Radfahrergruppe-300x300.png?resize=350%2C200&ssl=1","width":350,"height":200},"classes":[]},{"id":22404,"url":"https:\/\/www.quartier-waldacker.de\/?p=22404","url_meta":{"origin":6138,"position":2},"title":"Radtour \u00fcber M\u00fcnster nach Babenhausen (44 km)","author":"admin","date":"9. April 2023","format":false,"excerpt":"Radlerbericht von Johannes Nach zwei verregneten Freitagen starteten die Radler der Quartiersgruppe am Karfreitag wieder durch. Bei tiefh\u00e4ngenden Wolken trafen sich 14 Verwegenen mit ihren E-Bikes am B\u00fcrgertreff Waldacker bzw. an den Rentnerb\u00e4nken. Zun\u00e4chst f\u00fchrte unser heutiger Tourenleiter Fokko durch den Wald beim Breidert an Eppertshausen vorbei in Richtung M\u00fcnster.\u2026","rel":"","context":"In &quot;Radtouren&quot;","block_context":{"text":"Radtouren","link":"https:\/\/www.quartier-waldacker.de\/?cat=126"},"img":{"alt_text":"","src":"https:\/\/i0.wp.com\/www.quartier-waldacker.de\/wp-content\/uploads\/2023\/03\/Header_Gruppe.jpg?fit=1200%2C281&ssl=1&resize=350%2C200","width":350,"height":200,"srcset":"https:\/\/i0.wp.com\/www.quartier-waldacker.de\/wp-content\/uploads\/2023\/03\/Header_Gruppe.jpg?fit=1200%2C281&ssl=1&resize=350%2C200 1x, https:\/\/i0.wp.com\/www.quartier-waldacker.de\/wp-content\/uploads\/2023\/03\/Header_Gruppe.jpg?fit=1200%2C281&ssl=1&resize=525%2C300 1.5x, https:\/\/i0.wp.com\/www.quartier-waldacker.de\/wp-content\/uploads\/2023\/03\/Header_Gruppe.jpg?fit=1200%2C281&ssl=1&resize=700%2C400 2x, https:\/\/i0.wp.com\/www.quartier-waldacker.de\/wp-content\/uploads\/2023\/03\/Header_Gruppe.jpg?fit=1200%2C281&ssl=1&resize=1050%2C600 3x"},"classes":[]},{"id":5737,"url":"https:\/\/www.quartier-waldacker.de\/?p=5737","url_meta":{"origin":6138,"position":3},"title":"Mit dem Rad \u00fcber die M\u00f6rsm\u00fchle nach Dieburg \u2013 Tour 8","author":"Johannes","date":"11. Juli 2014","format":false,"excerpt":"Am Mittwoch, dem 16. Juli f\u00fchrt die Radtour der Quartiersgruppe Waldacker \u00fcber das Freizeitgel\u00e4nde M\u00fcnster mit seinem Anglersee, am\u00a0Landgasthof M\u00f6rsm\u00fchle vorbei, zum historischen Marktplatz nach\u00a0Dieburg, der historischen Park- und Gartenstadt an der Gersprenz. Vom Marktplatz geht es weiter durch die deutsche Fachwerkstra\u00dfe mit ihren aufw\u00e4ndigen Fensterkonstruktionen und dekorativem Schmuckfachwerk zum\u00a0Stadtschl\u00f6sschen\u2026","rel":"","context":"In &quot;Radtouren&quot;","block_context":{"text":"Radtouren","link":"https:\/\/www.quartier-waldacker.de\/?cat=126"},"img":{"alt_text":"","src":"https:\/\/i0.wp.com\/www.quartier-waldacker.de\/wp-content\/uploads\/2014\/07\/Moersmuehle1.jpg?resize=350%2C200&ssl=1","width":350,"height":200},"classes":[]},{"id":20491,"url":"https:\/\/www.quartier-waldacker.de\/?p=20491","url_meta":{"origin":6138,"position":4},"title":"Trotz allem eine erfolgreiche Radler-Saison!","author":"admin","date":"14. November 2021","format":"image","excerpt":"Begonnen hat die diesj\u00e4hrige Radfahr-Saison Corona bedingt erst am 14 Mai mit 20 Radfahrhungrigen nach Babenhausen\/Stockstadt.\u00a0 Selbstverpflegung war angesagt da die Gartenlokalit\u00e4ten wegen den zu diesen Zeitpunkt bestehenden Einschr\u00e4nkungen geschlossen waren. Ab Juni bis Ende Oktober auf Grund der g\u00fcnstigeren Corona Bestimmungen war eine Einkehr in der Au\u00dfen-Gastronomie m\u00f6glich und\u2026","rel":"","context":"In &quot;AG-Radfahren&quot;","block_context":{"text":"AG-Radfahren","link":"https:\/\/www.quartier-waldacker.de\/?cat=202"},"img":{"alt_text":"","src":"https:\/\/i0.wp.com\/www.quartier-waldacker.de\/wp-content\/uploads\/2021\/07\/RadHead_neu.jpg?fit=1200%2C281&ssl=1&resize=350%2C200","width":350,"height":200,"srcset":"https:\/\/i0.wp.com\/www.quartier-waldacker.de\/wp-content\/uploads\/2021\/07\/RadHead_neu.jpg?fit=1200%2C281&ssl=1&resize=350%2C200 1x, https:\/\/i0.wp.com\/www.quartier-waldacker.de\/wp-content\/uploads\/2021\/07\/RadHead_neu.jpg?fit=1200%2C281&ssl=1&resize=525%2C300 1.5x, https:\/\/i0.wp.com\/www.quartier-waldacker.de\/wp-content\/uploads\/2021\/07\/RadHead_neu.jpg?fit=1200%2C281&ssl=1&resize=700%2C400 2x, https:\/\/i0.wp.com\/www.quartier-waldacker.de\/wp-content\/uploads\/2021\/07\/RadHead_neu.jpg?fit=1200%2C281&ssl=1&resize=1050%2C600 3x"},"classes":[]},{"id":5783,"url":"https:\/\/www.quartier-waldacker.de\/?p=5783","url_meta":{"origin":6138,"position":5},"title":"Kulturelle und Kulinarische Radtour","author":"Johannes","date":"27. Juli 2014","format":false,"excerpt":"Eine weitere Radtour der Quartiersgruppe Waldacker am Mittwoch den 30. Juli f\u00fchrt zun\u00e4chst \u00fcber den NATURKULTUR - Kunstpfad in Nieder Roden. Nach dem kulturellen Leckerbissen geht es zum schlemmen nach J\u00fcgesheim zur Kulinarische Woche des\u00a0TSG SV J\u00fcgesheim in der Weiskircher Stra\u00dfe 42.\u00a0 \u00a0 Abfahrt ist um 18 Uhr am B\u00fcrgertreff\u2026","rel":"","context":"In &quot;Radtouren&quot;","block_context":{"text":"Radtouren","link":"https:\/\/www.quartier-waldacker.de\/?cat=126"},"img":{"alt_text":"","src":"https:\/\/i0.wp.com\/www.quartier-waldacker.de\/wp-content\/uploads\/2014\/07\/Wasserturm2-159x300.jpg?resize=350%2C200&ssl=1","width":350,"height":200},"classes":[]}],"jetpack_sharing_enabled":true,"rttpg_featured_image_url":null,"rttpg_author":{"display_name":"Johannes","author_link":"https:\/\/www.quartier-waldacker.de\/?author=5"},"rttpg_comment":0,"rttpg_category":"<a href=\"https:\/\/www.quartier-waldacker.de\/?cat=126\" rel=\"category\">Radtouren<\/a>","rttpg_excerpt":"Die Radtour der Woche 39. f\u00fchrt nach M\u00fcnster. Ziel der Radler ist das Freizeitgel\u00e4nde mit einem der sch\u00f6nsten Bierg\u00e4rten der Region &#8211; \u201eAuszeit bei Axel\u201c, eine unter Wanderer, Radfahrer und Sommerfrischler beliebte Einkehre. Nach einer Rast bei Kaffee und Kuchen oder einer deftigen Brotzeit mit allerlei erfrischenden Getr\u00e4nken und gem\u00fctlichen Plausch ist die R\u00fcckfahrt geplant.&hellip;","_links":{"self":[{"href":"https:\/\/www.quartier-waldacker.de\/index.php?rest_route=\/wp\/v2\/posts\/6138","targetHints":{"allow":["GET"]}}],"collection":[{"href":"https:\/\/www.quartier-waldacker.de\/index.php?rest_route=\/wp\/v2\/posts"}],"about":[{"href":"https:\/\/www.quartier-waldacker.de\/index.php?rest_route=\/wp\/v2\/types\/post"}],"author":[{"embeddable":true,"href":"https:\/\/www.quartier-waldacker.de\/index.php?rest_route=\/wp\/v2\/users\/5"}],"replies":[{"embeddable":true,"href":"https:\/\/www.quartier-waldacker.de\/index.php?rest_route=%2Fwp%2Fv2%2Fcomments&post=6138"}],"version-history":[{"count":0,"href":"https:\/\/www.quartier-waldacker.de\/index.php?rest_route=\/wp\/v2\/posts\/6138\/revisions"}],"wp:attachment":[{"href":"https:\/\/www.quartier-waldacker.de\/index.php?rest_route=%2Fwp%2Fv2%2Fmedia&parent=6138"}],"wp:term":[{"taxonomy":"category","embeddable":true,"href":"https:\/\/www.quartier-waldacker.de\/index.php?rest_route=%2Fwp%2Fv2%2Fcategories&post=6138"},{"taxonomy":"post_tag","embeddable":true,"href":"https:\/\/www.quartier-waldacker.de\/index.php?rest_route=%2Fwp%2Fv2%2Ftags&post=6138"}],"curies":[{"name":"wp","href":"https:\/\/api.w.org\/{rel}","templated":true}]}}