{"id":6102,"date":"2014-09-14T22:12:03","date_gmt":"2014-09-14T20:12:03","guid":{"rendered":"https:\/\/www.quartier-waldacker.de\/?p=6102"},"modified":"2023-02-02T16:30:12","modified_gmt":"2023-02-02T15:30:12","slug":"main-radtour-tour-14","status":"publish","type":"post","link":"https:\/\/www.quartier-waldacker.de\/?p=6102","title":{"rendered":"Main-Radtour"},"content":{"rendered":"<p><span style=\"font-size: 12pt; font-family: arial,helvetica,sans-serif;\"><!--YouTube Error: bad URL entered-->Am <strong>Freitag,<\/strong> dem <strong>19. September<\/strong> startet die Fahrradtour der Quartiersgruppe Waldacker mit der S-Bahn von Dietzenbach zum Offenbacher Marktplatz. Vom Marktplatz geht es vorbei am Isenburger Schloss direkt an den Main. Mainabw\u00e4rts f\u00fchrt die Tour Richtung Frankfurt mit einem herrlichen Blick auf die Frankfurter Skyline. Vorbei an der neuen EZB im Ostend geht es Richtung R\u00f6mer bis zum Westhafen mit Blick auf das \u201eGerippte\u201c. Die R\u00fcckfahrt f\u00fchrt Mainaufw\u00e4rts am Museumsufer vorbei, entlang des Stadtteils Sachsenhausen und dem Deutschherrenufer zur\u00fcck nach Offenbach. Eine kleine Einkehr ist geplant.<\/span><br \/>\n<span style=\"font-size: 12pt; font-family: arial,helvetica,sans-serif;\"><br \/>\nAbfahrt ist um <span style=\"background-color: #ffff00;\"><strong>14:00<\/strong><\/span> Uhr am<span style=\"background-color: #ffff00;\"><strong> B\u00fcrgertreff Waldacker<br \/>\n<\/strong><\/span><\/span><\/p>\n<p><span style=\"font-size: 12pt; font-family: arial,helvetica,sans-serif;\">Weitere Informationen gibt Christa Walter, \uf028 06074 \u2013 6977507 <\/span><\/p>\n","protected":false},"excerpt":{"rendered":"<p>Am Freitag, dem 19. September startet die Fahrradtour der Quartiersgruppe Waldacker mit der S-Bahn von Dietzenbach zum Offenbacher Marktplatz. Vom Marktplatz geht es vorbei am Isenburger Schloss direkt an den Main. Mainabw\u00e4rts f\u00fchrt die Tour Richtung Frankfurt mit einem herrlichen Blick auf die Frankfurter Skyline. Vorbei an der neuen EZB im Ostend geht es Richtung &#8230; <a title=\"Main-Radtour\" class=\"read-more\" href=\"https:\/\/www.quartier-waldacker.de\/?p=6102\" aria-label=\"Mehr Informationen \u00fcber Main-Radtour\">Weiterlesen<\/a><\/p>\n","protected":false},"author":1,"featured_media":0,"comment_status":"open","ping_status":"open","sticky":false,"template":"","format":"standard","meta":{"generate_page_header":"","_jetpack_memberships_contains_paid_content":false,"footnotes":""},"categories":[126],"tags":[197],"class_list":["post-6102","post","type-post","status-publish","format-standard","hentry","category-radtouren","tag-radfahren"],"jetpack_featured_media_url":"","jetpack-related-posts":[{"id":12991,"url":"https:\/\/www.quartier-waldacker.de\/?p=12991","url_meta":{"origin":6102,"position":0},"title":"Radtour &#8211; Offenbach am Main in Richtung H\u00f6chst (Altstadt und Schloss) und Nidda M\u00fcndung (47 km)","author":"admin","date":"27. April 2017","format":false,"excerpt":"[siteorigin_widget class=\"SiteOrigin_Widget_Image_Widget\"][\/siteorigin_widget] Dokumentiert von Reinhold Harnoth Start am Treffpunkt B\u00fcrgertreff in Waldacker. Von hier \u00fcber den Lindenweg, An der H\u00fchnerhecke, Im Rehwinkel hinter der Bebauungsgrenze vorbei zur B459. Dieser entlang \u00fcber die Kreuzung bis zur alten Str. nach Dietzenbach. Von hier auf der Ober-Rodener-Stra\u00dfe bis zum S-Bahnhof Dietzenbach. Fahrt mit\u2026","rel":"","context":"In &quot;Radtouren&quot;","block_context":{"text":"Radtouren","link":"https:\/\/www.quartier-waldacker.de\/?cat=126"},"img":{"alt_text":"","src":"https:\/\/i0.wp.com\/www.quartier-waldacker.de\/wp-content\/uploads\/2017\/04\/Header__Tour8.jpg?fit=1200%2C261&ssl=1&resize=350%2C200","width":350,"height":200,"srcset":"https:\/\/i0.wp.com\/www.quartier-waldacker.de\/wp-content\/uploads\/2017\/04\/Header__Tour8.jpg?fit=1200%2C261&ssl=1&resize=350%2C200 1x, https:\/\/i0.wp.com\/www.quartier-waldacker.de\/wp-content\/uploads\/2017\/04\/Header__Tour8.jpg?fit=1200%2C261&ssl=1&resize=525%2C300 1.5x, https:\/\/i0.wp.com\/www.quartier-waldacker.de\/wp-content\/uploads\/2017\/04\/Header__Tour8.jpg?fit=1200%2C261&ssl=1&resize=700%2C400 2x, https:\/\/i0.wp.com\/www.quartier-waldacker.de\/wp-content\/uploads\/2017\/04\/Header__Tour8.jpg?fit=1200%2C261&ssl=1&resize=1050%2C600 3x"},"classes":[]},{"id":5737,"url":"https:\/\/www.quartier-waldacker.de\/?p=5737","url_meta":{"origin":6102,"position":1},"title":"Mit dem Rad \u00fcber die M\u00f6rsm\u00fchle nach Dieburg \u2013 Tour 8","author":"Johannes","date":"11. Juli 2014","format":false,"excerpt":"Am Mittwoch, dem 16. Juli f\u00fchrt die Radtour der Quartiersgruppe Waldacker \u00fcber das Freizeitgel\u00e4nde M\u00fcnster mit seinem Anglersee, am\u00a0Landgasthof M\u00f6rsm\u00fchle vorbei, zum historischen Marktplatz nach\u00a0Dieburg, der historischen Park- und Gartenstadt an der Gersprenz. Vom Marktplatz geht es weiter durch die deutsche Fachwerkstra\u00dfe mit ihren aufw\u00e4ndigen Fensterkonstruktionen und dekorativem Schmuckfachwerk zum\u00a0Stadtschl\u00f6sschen\u2026","rel":"","context":"In &quot;Radtouren&quot;","block_context":{"text":"Radtouren","link":"https:\/\/www.quartier-waldacker.de\/?cat=126"},"img":{"alt_text":"","src":"https:\/\/i0.wp.com\/www.quartier-waldacker.de\/wp-content\/uploads\/2014\/07\/Moersmuehle1.jpg?resize=350%2C200&ssl=1","width":350,"height":200},"classes":[]},{"id":12773,"url":"https:\/\/www.quartier-waldacker.de\/?p=12773","url_meta":{"origin":6102,"position":2},"title":"Radtour &#8211; Gro\u00df-Umstadt zum Osterbrunnen auf dem historischen Marktplatz (47 km)","author":"admin","date":"22. April 2017","format":false,"excerpt":"[siteorigin_widget class=\"SiteOrigin_Widget_Image_Widget\"][\/siteorigin_widget] Dokumentiert von Reinhold Harnoth Wir starten vom B\u00fcrgertreff Waldacker, \u00fcber den Eulerweg zum Feldkreuz bei Ober-Roden. Von hier \u00fcber die Nieder-R\u00f6der-Str., \u00fcber die S-Bahngleise, am Hundeverein R\u00f6dermark e.V. vorbei (bei unserer Tour vor Ostern, zwei St\u00f6rche im Nest gesehen) weiter in Richtung Stadtteil Breidert. Umfahrung des Stadtteils Breidert\u2026","rel":"","context":"In &quot;Radtouren&quot;","block_context":{"text":"Radtouren","link":"https:\/\/www.quartier-waldacker.de\/?cat=126"},"img":{"alt_text":"","src":"https:\/\/i0.wp.com\/www.quartier-waldacker.de\/wp-content\/uploads\/2017\/04\/Header_07.jpg?fit=1200%2C261&ssl=1&resize=350%2C200","width":350,"height":200,"srcset":"https:\/\/i0.wp.com\/www.quartier-waldacker.de\/wp-content\/uploads\/2017\/04\/Header_07.jpg?fit=1200%2C261&ssl=1&resize=350%2C200 1x, https:\/\/i0.wp.com\/www.quartier-waldacker.de\/wp-content\/uploads\/2017\/04\/Header_07.jpg?fit=1200%2C261&ssl=1&resize=525%2C300 1.5x, https:\/\/i0.wp.com\/www.quartier-waldacker.de\/wp-content\/uploads\/2017\/04\/Header_07.jpg?fit=1200%2C261&ssl=1&resize=700%2C400 2x, https:\/\/i0.wp.com\/www.quartier-waldacker.de\/wp-content\/uploads\/2017\/04\/Header_07.jpg?fit=1200%2C261&ssl=1&resize=1050%2C600 3x"},"classes":[]},{"id":23109,"url":"https:\/\/www.quartier-waldacker.de\/?p=23109","url_meta":{"origin":6102,"position":3},"title":"Radtour \u00fcber Umwege nach Langen zur SSG","author":"Johannes","date":"19. September 2023","format":false,"excerpt":"Der Freitag ist der Tag der Radlerinnen und Radler aus den Stadtteilen. Bei strahlendem Sonnenschein trafen sich am 15.09. um 11.00 Uhr 20 Radlerinnen und Radler am Bahnhof Urberach zur Langentour. Nach einer kurzen Erl\u00e4uterung der anstehenden Tour durch den heutigen Tourenf\u00fchrer Gerhard Elsesser machte sich die Gruppe auf den\u2026","rel":"","context":"In &quot;Radtouren&quot;","block_context":{"text":"Radtouren","link":"https:\/\/www.quartier-waldacker.de\/?cat=126"},"img":{"alt_text":"","src":"https:\/\/i0.wp.com\/www.quartier-waldacker.de\/wp-content\/uploads\/2023\/03\/Header_Gruppe.jpg?fit=1200%2C281&ssl=1&resize=350%2C200","width":350,"height":200,"srcset":"https:\/\/i0.wp.com\/www.quartier-waldacker.de\/wp-content\/uploads\/2023\/03\/Header_Gruppe.jpg?fit=1200%2C281&ssl=1&resize=350%2C200 1x, https:\/\/i0.wp.com\/www.quartier-waldacker.de\/wp-content\/uploads\/2023\/03\/Header_Gruppe.jpg?fit=1200%2C281&ssl=1&resize=525%2C300 1.5x, https:\/\/i0.wp.com\/www.quartier-waldacker.de\/wp-content\/uploads\/2023\/03\/Header_Gruppe.jpg?fit=1200%2C281&ssl=1&resize=700%2C400 2x, https:\/\/i0.wp.com\/www.quartier-waldacker.de\/wp-content\/uploads\/2023\/03\/Header_Gruppe.jpg?fit=1200%2C281&ssl=1&resize=1050%2C600 3x"},"classes":[]},{"id":25484,"url":"https:\/\/www.quartier-waldacker.de\/?p=25484","url_meta":{"origin":6102,"position":4},"title":"Radtour an den K\u00f6nigsee in Zellhausen","author":"Johannes","date":"5. Oktober 2024","format":false,"excerpt":"Start:Am Freitag, den 4. Oktober 2024, bei bew\u00f6lktem Himmel und ca. 14 Grad Celsius, trafen sich 18 Radfahrerinnen und Radfahrer an den Rentnerb\u00e4nken in Ober-Roden zur heutigen Radtour. Nach einer kurzen Begr\u00fc\u00dfung und Tourenbeschreibung durch den heutigen Tourenleiter Gerhard Elsesser machte sich die Gruppe auf den Weg. Hinweg:Der Weg f\u00fchrt\u2026","rel":"","context":"In &quot;Radtouren&quot;","block_context":{"text":"Radtouren","link":"https:\/\/www.quartier-waldacker.de\/?cat=126"},"img":{"alt_text":"","src":"https:\/\/i0.wp.com\/www.quartier-waldacker.de\/wp-content\/uploads\/2017\/03\/Header_Gruppe_2024_ab2024.jpg?fit=1200%2C281&ssl=1&resize=350%2C200","width":350,"height":200,"srcset":"https:\/\/i0.wp.com\/www.quartier-waldacker.de\/wp-content\/uploads\/2017\/03\/Header_Gruppe_2024_ab2024.jpg?fit=1200%2C281&ssl=1&resize=350%2C200 1x, https:\/\/i0.wp.com\/www.quartier-waldacker.de\/wp-content\/uploads\/2017\/03\/Header_Gruppe_2024_ab2024.jpg?fit=1200%2C281&ssl=1&resize=525%2C300 1.5x, https:\/\/i0.wp.com\/www.quartier-waldacker.de\/wp-content\/uploads\/2017\/03\/Header_Gruppe_2024_ab2024.jpg?fit=1200%2C281&ssl=1&resize=700%2C400 2x, https:\/\/i0.wp.com\/www.quartier-waldacker.de\/wp-content\/uploads\/2017\/03\/Header_Gruppe_2024_ab2024.jpg?fit=1200%2C281&ssl=1&resize=1050%2C600 3x"},"classes":[]},{"id":13097,"url":"https:\/\/www.quartier-waldacker.de\/?p=13097","url_meta":{"origin":6102,"position":5},"title":"Radtour &#8211;  Dietesheimer Steinbr\u00fcche (44 km)","author":"admin","date":"1. Mai 2017","format":false,"excerpt":"\u00a0 Dokumentiert von Reinhold Harnoth Abfahrt vom B\u00fcrgertreff Waldacker. Verl\u00e4ngerung des Eulerwegs, \u00fcber die Kreisquerverbindung in Richtung Hofgut Patershausen, Daran vorbei nach Heusenstamm. \u00dcber die Bieber hinweg, an der Martinseestra\u00dfe vorbei bis zur Schloss Heusenstamm Ringstra\u00dfe (am Spargelstand Frey), die Stra\u00dfe \u00fcberquert in den Nieder-R\u00f6der-Weg, gegen\u00fcber der Str. Rudolf-Braas in\u2026","rel":"","context":"In &quot;Radtouren&quot;","block_context":{"text":"Radtouren","link":"https:\/\/www.quartier-waldacker.de\/?cat=126"},"img":{"alt_text":"","src":"https:\/\/i0.wp.com\/www.quartier-waldacker.de\/wp-content\/uploads\/2017\/05\/Header_.jpg?fit=1200%2C261&ssl=1&resize=350%2C200","width":350,"height":200,"srcset":"https:\/\/i0.wp.com\/www.quartier-waldacker.de\/wp-content\/uploads\/2017\/05\/Header_.jpg?fit=1200%2C261&ssl=1&resize=350%2C200 1x, https:\/\/i0.wp.com\/www.quartier-waldacker.de\/wp-content\/uploads\/2017\/05\/Header_.jpg?fit=1200%2C261&ssl=1&resize=525%2C300 1.5x, https:\/\/i0.wp.com\/www.quartier-waldacker.de\/wp-content\/uploads\/2017\/05\/Header_.jpg?fit=1200%2C261&ssl=1&resize=700%2C400 2x, https:\/\/i0.wp.com\/www.quartier-waldacker.de\/wp-content\/uploads\/2017\/05\/Header_.jpg?fit=1200%2C261&ssl=1&resize=1050%2C600 3x"},"classes":[]}],"jetpack_sharing_enabled":true,"rttpg_featured_image_url":null,"rttpg_author":{"display_name":"admin","author_link":"https:\/\/www.quartier-waldacker.de\/?author=1"},"rttpg_comment":0,"rttpg_category":"<a href=\"https:\/\/www.quartier-waldacker.de\/?cat=126\" rel=\"category\">Radtouren<\/a>","rttpg_excerpt":"Am Freitag, dem 19. September startet die Fahrradtour der Quartiersgruppe Waldacker mit der S-Bahn von Dietzenbach zum Offenbacher Marktplatz. Vom Marktplatz geht es vorbei am Isenburger Schloss direkt an den Main. Mainabw\u00e4rts f\u00fchrt die Tour Richtung Frankfurt mit einem herrlichen Blick auf die Frankfurter Skyline. Vorbei an der neuen EZB im Ostend geht es Richtung&hellip;","_links":{"self":[{"href":"https:\/\/www.quartier-waldacker.de\/index.php?rest_route=\/wp\/v2\/posts\/6102","targetHints":{"allow":["GET"]}}],"collection":[{"href":"https:\/\/www.quartier-waldacker.de\/index.php?rest_route=\/wp\/v2\/posts"}],"about":[{"href":"https:\/\/www.quartier-waldacker.de\/index.php?rest_route=\/wp\/v2\/types\/post"}],"author":[{"embeddable":true,"href":"https:\/\/www.quartier-waldacker.de\/index.php?rest_route=\/wp\/v2\/users\/1"}],"replies":[{"embeddable":true,"href":"https:\/\/www.quartier-waldacker.de\/index.php?rest_route=%2Fwp%2Fv2%2Fcomments&post=6102"}],"version-history":[{"count":0,"href":"https:\/\/www.quartier-waldacker.de\/index.php?rest_route=\/wp\/v2\/posts\/6102\/revisions"}],"wp:attachment":[{"href":"https:\/\/www.quartier-waldacker.de\/index.php?rest_route=%2Fwp%2Fv2%2Fmedia&parent=6102"}],"wp:term":[{"taxonomy":"category","embeddable":true,"href":"https:\/\/www.quartier-waldacker.de\/index.php?rest_route=%2Fwp%2Fv2%2Fcategories&post=6102"},{"taxonomy":"post_tag","embeddable":true,"href":"https:\/\/www.quartier-waldacker.de\/index.php?rest_route=%2Fwp%2Fv2%2Ftags&post=6102"}],"curies":[{"name":"wp","href":"https:\/\/api.w.org\/{rel}","templated":true}]}}