{"id":6004,"date":"2014-09-30T21:53:04","date_gmt":"2014-09-30T20:53:04","guid":{"rendered":"https:\/\/www.quartier-waldacker.de\/?p=6004"},"modified":"2018-01-28T16:45:20","modified_gmt":"2018-01-28T15:45:20","slug":"pc-und-internet-fuer-senioren","status":"publish","type":"post","link":"https:\/\/www.quartier-waldacker.de\/?p=6004","title":{"rendered":"Senioren, PC und Internet"},"content":{"rendered":"<p><span style=\"font-size: 12pt; font-family: arial,helvetica,sans-serif;\"><a href=\"https:\/\/i0.wp.com\/www.quartier-waldacker.de\/wp-content\/uploads\/2014\/09\/Psi_00.png?ssl=1\" target=\"_blank\" rel=\"noopener\"><img data-recalc-dims=\"1\" loading=\"lazy\" decoding=\"async\" data-attachment-id=\"6018\" data-permalink=\"https:\/\/www.quartier-waldacker.de\/?attachment_id=6018#main\" data-orig-file=\"https:\/\/i0.wp.com\/www.quartier-waldacker.de\/wp-content\/uploads\/2014\/09\/Psi_00.png?fit=300%2C300&amp;ssl=1\" data-orig-size=\"300,300\" data-comments-opened=\"1\" data-image-meta=\"{&quot;aperture&quot;:&quot;0&quot;,&quot;credit&quot;:&quot;&quot;,&quot;camera&quot;:&quot;&quot;,&quot;caption&quot;:&quot;&quot;,&quot;created_timestamp&quot;:&quot;0&quot;,&quot;copyright&quot;:&quot;&quot;,&quot;focal_length&quot;:&quot;0&quot;,&quot;iso&quot;:&quot;0&quot;,&quot;shutter_speed&quot;:&quot;0&quot;,&quot;title&quot;:&quot;&quot;}\" data-image-title=\"Psi_00\" data-image-description=\"\" data-image-caption=\"\" data-large-file=\"https:\/\/i0.wp.com\/www.quartier-waldacker.de\/wp-content\/uploads\/2014\/09\/Psi_00.png?fit=300%2C300&amp;ssl=1\" class=\"alignleft wp-image-6018\" src=\"https:\/\/i0.wp.com\/www.quartier-waldacker.de\/wp-content\/uploads\/2014\/09\/Psi_00.png?resize=132%2C132&#038;ssl=1\" alt=\"Psi_00\" width=\"132\" height=\"132\" srcset=\"https:\/\/i0.wp.com\/www.quartier-waldacker.de\/wp-content\/uploads\/2014\/09\/Psi_00.png?w=300&amp;ssl=1 300w, https:\/\/i0.wp.com\/www.quartier-waldacker.de\/wp-content\/uploads\/2014\/09\/Psi_00.png?resize=150%2C150&amp;ssl=1 150w\" sizes=\"auto, (max-width: 132px) 100vw, 132px\" \/><\/a> Neue Informationstechnologien &#8211; wie das Internet &#8211; haben unsere Lebensbedingungen rasant ver\u00e4ndert. Das erworbene Wissen ist schnell veraltet &#8211; gerade im Bereich der neuen Medien \u2013 ein lebenslanges Lernen gewinnt in allen Lebensaltern eine enorme Bedeutung. Schon heute hat das Internet einen gro\u00dfen Stellenwert in unserem Leben eingenommen. Nicht nur J\u00fcngere und Erwerbst\u00e4tige nutzen die neuen Technologien, immer mehr Senioren\/innen m\u00f6chten diese kennenlernen und deren Vorteile nutzen.<\/span><br \/>\n <span style=\"font-size: 12pt; font-family: arial,helvetica,sans-serif;\">Drei engagierte ehrenamtliche Mitglieder der Quartiersgruppe Waldacker wollen interessierten Senioren\/innen beim Kennenlernen und Anwenden dieser neuen Technologien zur Seite zu stehen. Ziel ist es, den Einstieg in die Welt von PC und Internet zu erleichtern, so dass der PC ein Instrument und das Internet eine Unterst\u00fctzung und Bereicherung im Alltag wird. <\/span><br \/>\n <span style=\"font-size: 12pt; font-family: arial,helvetica,sans-serif;\">\u00dcber ein Forum auf der Homepage Quartier Waldacker wird den Mitgliedern und Nutzern die M\u00f6glichkeit gegeben, eigene Erfahrungen, Wissen und K\u00f6nnen auszutauschen. <\/span><br \/>\n <span style=\"font-size: 12pt; font-family: arial,helvetica,sans-serif;\">Besonders wichtig ist die gegenseitige Unterst\u00fctzung und Hilfe &#8211; davon profitiert die Gemeinschaft.<\/span><br \/>\n <span style=\"font-size: 12pt; font-family: arial,helvetica,sans-serif;\">Die Stadt R\u00f6dermark unterst\u00fctzt dieses Projekt und stellte zwei Laptops mit neuester Software zur Verf\u00fcgung. Bei Bedarf ist eine Aufstockung von privater Seite aus m\u00f6glich. <\/span><br \/>\n <span style=\"font-size: 12pt; font-family: arial,helvetica,sans-serif;\">Die direkte Hilfe und Unterst\u00fctzung wird in w\u00f6chentlichen Workshops, immer <strong>mittwochs von 15 Uhr bis 17 Uhr<\/strong> im B\u00fcrgertreff Waldacker angeboten. <\/span><br \/>\n <span style=\"font-size: 12pt; font-family: arial,helvetica,sans-serif;\">Start ist am <strong>8. Oktober 2014<\/strong>. Kommen Sie einfach vorbei! <\/span><\/p>\n<p><span style=\"font-size: 12pt; font-family: arial,helvetica,sans-serif;\">Das Ganze ist nat\u00fcrlich kostenlos.<\/span><\/p>\n<h4><strong>Weitere Ausk\u00fcnfte unter\u00a0<span id=\"result_box\" class=\"\" lang=\"de\"> <i class=\"fa fa-phone\"> <\/i> <\/span>06074 \u2013 97648<\/strong><\/h4>\n<p>&nbsp;<\/p>\n<p>&lt;<\/p>\n<p>p style=&#8221;text-align: center;&#8221;>[ratings]\n","protected":false},"excerpt":{"rendered":"<p>Neue Informationstechnologien &#8211; wie das Internet &#8211; haben unsere Lebensbedingungen rasant ver\u00e4ndert. Das erworbene Wissen ist schnell veraltet &#8211; gerade im Bereich der neuen Medien \u2013 ein lebenslanges Lernen gewinnt in allen Lebensaltern eine enorme Bedeutung. Schon heute hat das Internet einen gro\u00dfen Stellenwert in unserem Leben eingenommen. Nicht nur J\u00fcngere und Erwerbst\u00e4tige nutzen die &#8230; <a title=\"Senioren, PC und Internet\" class=\"read-more\" href=\"https:\/\/www.quartier-waldacker.de\/?p=6004\" aria-label=\"Mehr Informationen \u00fcber Senioren, PC und Internet\">Weiterlesen<\/a><\/p>\n","protected":false},"author":5,"featured_media":0,"comment_status":"open","ping_status":"open","sticky":false,"template":"","format":"standard","meta":{"generate_page_header":"","_jetpack_memberships_contains_paid_content":false,"footnotes":""},"categories":[172],"tags":[230,231],"class_list":["post-6004","post","type-post","status-publish","format-standard","hentry","category-workshop","tag-pc-gruppe","tag-workshop"],"jetpack_featured_media_url":"","jetpack-related-posts":[{"id":7376,"url":"https:\/\/www.quartier-waldacker.de\/?p=7376","url_meta":{"origin":6004,"position":0},"title":"Senioren, PC und Internet","author":"admin","date":"14. Januar 2015","format":false,"excerpt":"Am Mittwoch, dem 21. Januar 2015 von 15.00 Uhr bis 17.00 Uhr startet die PC Hilfestellung und Unterst\u00fctzung im Internet f\u00fcr Senioren nach der Winterpause im B\u00fcrgertreff Waldacker, Goethestr. 39 wieder. Drei engagierte Mitglieder der Quartiersgruppe Waldacker wollen interessierten Senioren\/innen den Einstieg in die Welt von PC und Internet erleichtern\u2026","rel":"","context":"In &quot;Workshop&quot;","block_context":{"text":"Workshop","link":"https:\/\/www.quartier-waldacker.de\/?cat=172"},"img":{"alt_text":"P001","src":"https:\/\/i0.wp.com\/www.quartier-waldacker.de\/wp-content\/uploads\/2015\/01\/P001-300x300.jpg?resize=350%2C200&ssl=1","width":350,"height":200},"classes":[]},{"id":19244,"url":"https:\/\/www.quartier-waldacker.de\/?p=19244","url_meta":{"origin":6004,"position":1},"title":"Endg\u00fcltig Sommerferien","author":"admin","date":"8. Juli 2019","format":false,"excerpt":"Der Workshop \u201eSenioren, PC und Internet\u201c der Quartiersgruppe Waldacker geht in die wohlverdienten Sommerferien. Mit einem traditionellen Abschlussessen in der Gastst\u00e4tte \u201eZur Waldsch\u00e4nke\u201c trafen sich 16 digital interessierte Senioren und Seniorinnen mit ihren Workshop-Leitern zu einen gem\u00fctlichen Saisonausklang. Leider konnten einige wegen Urlaub und Familie nicht dabei sein, w\u00fcnschten uns\u2026","rel":"","context":"In &quot;Workshop&quot;","block_context":{"text":"Workshop","link":"https:\/\/www.quartier-waldacker.de\/?cat=172"},"img":{"alt_text":"","src":"https:\/\/i0.wp.com\/www.quartier-waldacker.de\/wp-content\/uploads\/2019\/07\/PC-Workshop.jpg?fit=1200%2C281&ssl=1&resize=350%2C200","width":350,"height":200,"srcset":"https:\/\/i0.wp.com\/www.quartier-waldacker.de\/wp-content\/uploads\/2019\/07\/PC-Workshop.jpg?fit=1200%2C281&ssl=1&resize=350%2C200 1x, https:\/\/i0.wp.com\/www.quartier-waldacker.de\/wp-content\/uploads\/2019\/07\/PC-Workshop.jpg?fit=1200%2C281&ssl=1&resize=525%2C300 1.5x, https:\/\/i0.wp.com\/www.quartier-waldacker.de\/wp-content\/uploads\/2019\/07\/PC-Workshop.jpg?fit=1200%2C281&ssl=1&resize=700%2C400 2x, https:\/\/i0.wp.com\/www.quartier-waldacker.de\/wp-content\/uploads\/2019\/07\/PC-Workshop.jpg?fit=1200%2C281&ssl=1&resize=1050%2C600 3x"},"classes":[]},{"id":19479,"url":"https:\/\/www.quartier-waldacker.de\/?p=19479","url_meta":{"origin":6004,"position":2},"title":"Workshop \u201eSenioren, PC und Internet erfolgreich gestartet.","author":"admin","date":"23. Oktober 2019","format":false,"excerpt":"Damit Senioren\/innen bei der Digitalisierung nicht auf der Strecke bleiben bietet die Quartiersgruppe Waldacker zu 6. Mal den Workshop \u201eSenioren, PC und Internet\u201c an. Wir das Team von \u201eSenioren, PC und Internet versuchen zu vermitteln, dass man, wenn man nun nicht gerade mit dem Hammer draufschl\u00e4gt oder eine Cola \u00fcber\u2026","rel":"","context":"In &quot;Workshop&quot;","block_context":{"text":"Workshop","link":"https:\/\/www.quartier-waldacker.de\/?cat=172"},"img":{"alt_text":"","src":"https:\/\/i0.wp.com\/www.quartier-waldacker.de\/wp-content\/uploads\/2017\/09\/PC_Hilfe-f%C3%BCr-Seniore1n.jpg?fit=1200%2C446&ssl=1&resize=350%2C200","width":350,"height":200,"srcset":"https:\/\/i0.wp.com\/www.quartier-waldacker.de\/wp-content\/uploads\/2017\/09\/PC_Hilfe-f%C3%BCr-Seniore1n.jpg?fit=1200%2C446&ssl=1&resize=350%2C200 1x, https:\/\/i0.wp.com\/www.quartier-waldacker.de\/wp-content\/uploads\/2017\/09\/PC_Hilfe-f%C3%BCr-Seniore1n.jpg?fit=1200%2C446&ssl=1&resize=525%2C300 1.5x, https:\/\/i0.wp.com\/www.quartier-waldacker.de\/wp-content\/uploads\/2017\/09\/PC_Hilfe-f%C3%BCr-Seniore1n.jpg?fit=1200%2C446&ssl=1&resize=700%2C400 2x, https:\/\/i0.wp.com\/www.quartier-waldacker.de\/wp-content\/uploads\/2017\/09\/PC_Hilfe-f%C3%BCr-Seniore1n.jpg?fit=1200%2C446&ssl=1&resize=1050%2C600 3x"},"classes":[]},{"id":21160,"url":"https:\/\/www.quartier-waldacker.de\/?p=21160","url_meta":{"origin":6004,"position":3},"title":"Workshop &#8220;Senioren,PC und Internet&#8221; startet nach Corona wieder durch,","author":"admin","date":"21. November 2022","format":false,"excerpt":"Bericht von Fr. Ziesecke OP-19.11.2022 \u201eAufbau-Workshop Senioren, PC und Internet\u201c bietet die Quartiersgruppe Waldacker 14-t\u00e4glich im B\u00fcrgertreff Waldacker an. Klingt anspruchsvoll, ist es auch. Es soll niemand die Damen und Herren gehobenen Alters untersch\u00e4tzen \u2013 sie sind allemal auf dem Laufenden, mal mit einer kurzen Zweifelsfalte auf der Stirn und\u2026","rel":"","context":"In &quot;Workshop&quot;","block_context":{"text":"Workshop","link":"https:\/\/www.quartier-waldacker.de\/?cat=172"},"img":{"alt_text":"","src":"https:\/\/i0.wp.com\/www.quartier-waldacker.de\/wp-content\/uploads\/2022\/10\/AUFBAU_Work.jpg?fit=1200%2C281&ssl=1&resize=350%2C200","width":350,"height":200,"srcset":"https:\/\/i0.wp.com\/www.quartier-waldacker.de\/wp-content\/uploads\/2022\/10\/AUFBAU_Work.jpg?fit=1200%2C281&ssl=1&resize=350%2C200 1x, https:\/\/i0.wp.com\/www.quartier-waldacker.de\/wp-content\/uploads\/2022\/10\/AUFBAU_Work.jpg?fit=1200%2C281&ssl=1&resize=525%2C300 1.5x, https:\/\/i0.wp.com\/www.quartier-waldacker.de\/wp-content\/uploads\/2022\/10\/AUFBAU_Work.jpg?fit=1200%2C281&ssl=1&resize=700%2C400 2x, https:\/\/i0.wp.com\/www.quartier-waldacker.de\/wp-content\/uploads\/2022\/10\/AUFBAU_Work.jpg?fit=1200%2C281&ssl=1&resize=1050%2C600 3x"},"classes":[]},{"id":19427,"url":"https:\/\/www.quartier-waldacker.de\/?p=19427","url_meta":{"origin":6004,"position":4},"title":"Workshop &#8211; &#8220;Senioren, PC und Internet&#8221; startet zum 6. Mal","author":"admin","date":"23. September 2019","format":false,"excerpt":"Ein Computer\/Smartphone bzw. Tablet ist heutzutage als Standardeinrichtung in fast jedem Haushalt und dient als Lexikon, Abwickeln von Bankgesch\u00e4ften, Einkaufen im Internet und Konversation. Also ein Ger\u00e4t, das unser Alltagsleben erheblich erleichtert soll und kann. Ein Team der Quartiersgruppe Waldacker vermittelt Ihnen in ihren Workshops die vielen Funktionen dieser Ger\u00e4te\u2026","rel":"","context":"In &quot;Workshop&quot;","block_context":{"text":"Workshop","link":"https:\/\/www.quartier-waldacker.de\/?cat=172"},"img":{"alt_text":"","src":"https:\/\/i0.wp.com\/www.quartier-waldacker.de\/wp-content\/uploads\/2019\/09\/Header-PC.jpg?fit=1200%2C281&ssl=1&resize=350%2C200","width":350,"height":200,"srcset":"https:\/\/i0.wp.com\/www.quartier-waldacker.de\/wp-content\/uploads\/2019\/09\/Header-PC.jpg?fit=1200%2C281&ssl=1&resize=350%2C200 1x, https:\/\/i0.wp.com\/www.quartier-waldacker.de\/wp-content\/uploads\/2019\/09\/Header-PC.jpg?fit=1200%2C281&ssl=1&resize=525%2C300 1.5x, https:\/\/i0.wp.com\/www.quartier-waldacker.de\/wp-content\/uploads\/2019\/09\/Header-PC.jpg?fit=1200%2C281&ssl=1&resize=700%2C400 2x, https:\/\/i0.wp.com\/www.quartier-waldacker.de\/wp-content\/uploads\/2019\/09\/Header-PC.jpg?fit=1200%2C281&ssl=1&resize=1050%2C600 3x"},"classes":[]},{"id":2151,"url":"https:\/\/www.quartier-waldacker.de\/?p=2151","url_meta":{"origin":6004,"position":5},"title":"Busverbindungen zum Seligenst\u00e4dter Krankenhaus","author":"admin","date":"7. Mai 2013","format":false,"excerpt":"Senioren\/innen und Rollstuhlfahrer\/innen aus R\u00f6dermark testen die \u00f6ffentliche Busverbindungen zu den umliegenden Krankenh\u00e4usern (Teil 1 - Seligenstadt) \u00a0Ein Beitrag von Theodor Frie\u00df Am 24. April hat der Seniorenkreis der Ev. Kirchengemeinde unter der Leitung Frau Heide Bellwinkel-Hahn zusammen mit dem Mitglied der Quartiersgruppe Herrn Theodor Frie\u00df eine Informationsfahrt mit Senioren\/innen\u2026","rel":"","context":"In &quot;Seniorenfahrten&quot;","block_context":{"text":"Seniorenfahrten","link":"https:\/\/www.quartier-waldacker.de\/?cat=190"},"img":{"alt_text":"","src":"https:\/\/i0.wp.com\/www.quartier-waldacker.de\/wp-content\/uploads\/2013\/04\/IMG_0326_17_13.jpg?resize=350%2C200&ssl=1","width":350,"height":200},"classes":[]}],"jetpack_sharing_enabled":true,"rttpg_featured_image_url":null,"rttpg_author":{"display_name":"Johannes","author_link":"https:\/\/www.quartier-waldacker.de\/?author=5"},"rttpg_comment":0,"rttpg_category":"<a href=\"https:\/\/www.quartier-waldacker.de\/?cat=172\" rel=\"category\">Workshop<\/a>","rttpg_excerpt":"Neue Informationstechnologien &#8211; wie das Internet &#8211; haben unsere Lebensbedingungen rasant ver\u00e4ndert. Das erworbene Wissen ist schnell veraltet &#8211; gerade im Bereich der neuen Medien \u2013 ein lebenslanges Lernen gewinnt in allen Lebensaltern eine enorme Bedeutung. Schon heute hat das Internet einen gro\u00dfen Stellenwert in unserem Leben eingenommen. Nicht nur J\u00fcngere und Erwerbst\u00e4tige nutzen die&hellip;","_links":{"self":[{"href":"https:\/\/www.quartier-waldacker.de\/index.php?rest_route=\/wp\/v2\/posts\/6004","targetHints":{"allow":["GET"]}}],"collection":[{"href":"https:\/\/www.quartier-waldacker.de\/index.php?rest_route=\/wp\/v2\/posts"}],"about":[{"href":"https:\/\/www.quartier-waldacker.de\/index.php?rest_route=\/wp\/v2\/types\/post"}],"author":[{"embeddable":true,"href":"https:\/\/www.quartier-waldacker.de\/index.php?rest_route=\/wp\/v2\/users\/5"}],"replies":[{"embeddable":true,"href":"https:\/\/www.quartier-waldacker.de\/index.php?rest_route=%2Fwp%2Fv2%2Fcomments&post=6004"}],"version-history":[{"count":0,"href":"https:\/\/www.quartier-waldacker.de\/index.php?rest_route=\/wp\/v2\/posts\/6004\/revisions"}],"wp:attachment":[{"href":"https:\/\/www.quartier-waldacker.de\/index.php?rest_route=%2Fwp%2Fv2%2Fmedia&parent=6004"}],"wp:term":[{"taxonomy":"category","embeddable":true,"href":"https:\/\/www.quartier-waldacker.de\/index.php?rest_route=%2Fwp%2Fv2%2Fcategories&post=6004"},{"taxonomy":"post_tag","embeddable":true,"href":"https:\/\/www.quartier-waldacker.de\/index.php?rest_route=%2Fwp%2Fv2%2Ftags&post=6004"}],"curies":[{"name":"wp","href":"https:\/\/api.w.org\/{rel}","templated":true}]}}