{"id":5982,"date":"2014-09-05T19:57:30","date_gmt":"2014-09-05T17:57:30","guid":{"rendered":"https:\/\/www.quartier-waldacker.de\/?p=5982"},"modified":"2023-02-02T16:32:07","modified_gmt":"2023-02-02T15:32:07","slug":"zu-schlemmen-nach-juegesheim-tour-13","status":"publish","type":"post","link":"https:\/\/www.quartier-waldacker.de\/?p=5982","title":{"rendered":"Radtour &#8211; Zum schlemmen nach J\u00fcgesheim"},"content":{"rendered":"<p><span style=\"font-family: arial,helvetica,sans-serif; font-size: 12pt;\">Diese Woche f\u00fchrt uns der Weg zum einem Vereinsfest nach J\u00fcgesheim. Als gro\u00dfes Spektakel der Woche ist die 19. Kulinarische Sportwerbewoche anzusehen. Geboten werden am dem Freitag bayrische Spezialit\u00e4ten von bayrische Marktsalate mit hausgemachtem Gem\u00fcsepflanzerl und Steinoffenbaguette, Knusprigen Schweinshaxen, Spanferkelbraten und diversen Beilagen.<br \/>\n<\/span><\/p>\n<p><span style=\"font-family: arial,helvetica,sans-serif; font-size: 12pt;\">Abfahrt ist um 16 Uhr am B\u00fcrgertreff Waldacker. <\/span><\/p>\n<p><span style=\"font-family: arial,helvetica,sans-serif; font-size: 12pt;\">Die gesamte Tour dauert ca. 3-4 Stunden.<\/span><\/p>\n<p><span style=\"font-family: arial,helvetica,sans-serif; font-size: 12pt;\">Weitere Informationen gibt Christa Walter, \uf028 06074 \u2013 6977507)<\/span><img data-recalc-dims=\"1\" loading=\"lazy\" decoding=\"async\" data-attachment-id=\"5983\" data-permalink=\"https:\/\/www.quartier-waldacker.de\/?attachment_id=5983#main\" data-orig-file=\"https:\/\/i0.wp.com\/www.quartier-waldacker.de\/wp-content\/uploads\/2014\/09\/Gemania_bearbeitet-21.jpg?fit=1295%2C753&amp;ssl=1\" data-orig-size=\"1295,753\" data-comments-opened=\"1\" data-image-meta=\"{&quot;aperture&quot;:&quot;0&quot;,&quot;credit&quot;:&quot;&quot;,&quot;camera&quot;:&quot;&quot;,&quot;caption&quot;:&quot;&quot;,&quot;created_timestamp&quot;:&quot;0&quot;,&quot;copyright&quot;:&quot;&quot;,&quot;focal_length&quot;:&quot;0&quot;,&quot;iso&quot;:&quot;0&quot;,&quot;shutter_speed&quot;:&quot;0&quot;,&quot;title&quot;:&quot;&quot;}\" data-image-title=\"Gemania_bearbeitet-2\" data-image-description=\"\" data-image-caption=\"\" data-large-file=\"https:\/\/i0.wp.com\/www.quartier-waldacker.de\/wp-content\/uploads\/2014\/09\/Gemania_bearbeitet-21.jpg?fit=1024%2C595&amp;ssl=1\" class=\"aligncenter wp-image-5983 size-medium\" src=\"https:\/\/i0.wp.com\/www.quartier-waldacker.de\/wp-content\/uploads\/2014\/09\/Gemania_bearbeitet-21.jpg?resize=300%2C174&#038;ssl=1\" alt=\"Gemania_bearbeitet-2\" width=\"300\" height=\"174\" srcset=\"https:\/\/i0.wp.com\/www.quartier-waldacker.de\/wp-content\/uploads\/2014\/09\/Gemania_bearbeitet-21.jpg?resize=300%2C174&amp;ssl=1 300w, https:\/\/i0.wp.com\/www.quartier-waldacker.de\/wp-content\/uploads\/2014\/09\/Gemania_bearbeitet-21.jpg?resize=1024%2C595&amp;ssl=1 1024w, https:\/\/i0.wp.com\/www.quartier-waldacker.de\/wp-content\/uploads\/2014\/09\/Gemania_bearbeitet-21.jpg?w=1295&amp;ssl=1 1295w\" sizes=\"auto, (max-width: 300px) 100vw, 300px\" \/><\/p>\n<p>Hier k\u00f6nnen Sie die Aktion bewerten. [ratings]\n","protected":false},"excerpt":{"rendered":"<p>Diese Woche f\u00fchrt uns der Weg zum einem Vereinsfest nach J\u00fcgesheim. Als gro\u00dfes Spektakel der Woche ist die 19. Kulinarische Sportwerbewoche anzusehen. Geboten werden am dem Freitag bayrische Spezialit\u00e4ten von bayrische Marktsalate mit hausgemachtem Gem\u00fcsepflanzerl und Steinoffenbaguette, Knusprigen Schweinshaxen, Spanferkelbraten und diversen Beilagen. Abfahrt ist um 16 Uhr am B\u00fcrgertreff Waldacker. Die gesamte Tour dauert &#8230; <a title=\"Radtour &#8211; Zum schlemmen nach J\u00fcgesheim\" class=\"read-more\" href=\"https:\/\/www.quartier-waldacker.de\/?p=5982\" aria-label=\"Mehr Informationen \u00fcber Radtour &#8211; Zum schlemmen nach J\u00fcgesheim\">Weiterlesen<\/a><\/p>\n","protected":false},"author":1,"featured_media":0,"comment_status":"open","ping_status":"open","sticky":false,"template":"","format":"standard","meta":{"generate_page_header":"","_jetpack_memberships_contains_paid_content":false,"footnotes":""},"categories":[126],"tags":[197],"class_list":["post-5982","post","type-post","status-publish","format-standard","hentry","category-radtouren","tag-radfahren"],"jetpack_featured_media_url":"","jetpack-related-posts":[{"id":5783,"url":"https:\/\/www.quartier-waldacker.de\/?p=5783","url_meta":{"origin":5982,"position":0},"title":"Kulturelle und Kulinarische Radtour","author":"Johannes","date":"27. Juli 2014","format":false,"excerpt":"Eine weitere Radtour der Quartiersgruppe Waldacker am Mittwoch den 30. Juli f\u00fchrt zun\u00e4chst \u00fcber den NATURKULTUR - Kunstpfad in Nieder Roden. Nach dem kulturellen Leckerbissen geht es zum schlemmen nach J\u00fcgesheim zur Kulinarische Woche des\u00a0TSG SV J\u00fcgesheim in der Weiskircher Stra\u00dfe 42.\u00a0 \u00a0 Abfahrt ist um 18 Uhr am B\u00fcrgertreff\u2026","rel":"","context":"In &quot;Radtouren&quot;","block_context":{"text":"Radtouren","link":"https:\/\/www.quartier-waldacker.de\/?cat=126"},"img":{"alt_text":"","src":"https:\/\/i0.wp.com\/www.quartier-waldacker.de\/wp-content\/uploads\/2014\/07\/Wasserturm2-159x300.jpg?resize=350%2C200&ssl=1","width":350,"height":200},"classes":[]},{"id":12733,"url":"https:\/\/www.quartier-waldacker.de\/?p=12733","url_meta":{"origin":5982,"position":1},"title":"Radtour &#8211; Rodgau-Rundweg (37 km)","author":"admin","date":"15. M\u00e4rz 2017","format":false,"excerpt":"Dokumentiert von Reinhold HarnothVom Startpunkt B\u00fcrgertreff Waldacker in Richtung Kl\u00e4ranlage Ober-Roden (vorbei am Hundeplatz). Dann ein Teil um Breidert herum. Haben die B45 \u00fcberquert und sind dann auf den RODAU-Rundweg gesto\u00dfen. Von hier ca. 3 km bis zum Rodgauer Kalkstandsteinwerk. N\u00e4chste Station auf dem Rundweg war die Waldfreizeitanlage \u201eG\u00e4nsbr\u00fch\u201c Dudenhofen.\u2026","rel":"","context":"In &quot;Radtouren&quot;","block_context":{"text":"Radtouren","link":"https:\/\/www.quartier-waldacker.de\/?cat=126"},"img":{"alt_text":"","src":"https:\/\/i0.wp.com\/www.quartier-waldacker.de\/wp-content\/uploads\/2017\/03\/Header_Tour2.jpg?fit=1200%2C261&ssl=1&resize=350%2C200","width":350,"height":200,"srcset":"https:\/\/i0.wp.com\/www.quartier-waldacker.de\/wp-content\/uploads\/2017\/03\/Header_Tour2.jpg?fit=1200%2C261&ssl=1&resize=350%2C200 1x, https:\/\/i0.wp.com\/www.quartier-waldacker.de\/wp-content\/uploads\/2017\/03\/Header_Tour2.jpg?fit=1200%2C261&ssl=1&resize=525%2C300 1.5x, https:\/\/i0.wp.com\/www.quartier-waldacker.de\/wp-content\/uploads\/2017\/03\/Header_Tour2.jpg?fit=1200%2C261&ssl=1&resize=700%2C400 2x, https:\/\/i0.wp.com\/www.quartier-waldacker.de\/wp-content\/uploads\/2017\/03\/Header_Tour2.jpg?fit=1200%2C261&ssl=1&resize=1050%2C600 3x"},"classes":[]},{"id":12689,"url":"https:\/\/www.quartier-waldacker.de\/?p=12689","url_meta":{"origin":5982,"position":2},"title":"Radtour \u2013 Seligenstadt zur Tulpenbl\u00fcte im Klostergarten\/-hof (40 Km)","author":"admin","date":"1. April 2017","format":false,"excerpt":"Dokumentation von Reinhold HarnothAb B\u00fcrgertreff \u00fcber den Eulerweg zum Feldkreuz Ober-Roden von hier zur \u00dcberquerung der Nieder-R\u00f6der-Str., am Hundeverein R\u00f6dermark e.V. abgebogen zur Kl\u00e4ranlage = Treffpunkt mit den Radfahrern aus Ober-Roden am Waldrand vorbei zur S-Bahnstation Rollwald an der S-Bahnstrecke entlang nach Nieder-Roden \u00fcber die Marie-Curie-Str.\/Dornwiesenstr. zum Weg, der an\u2026","rel":"","context":"In &quot;Radtouren&quot;","block_context":{"text":"Radtouren","link":"https:\/\/www.quartier-waldacker.de\/?cat=126"},"img":{"alt_text":"","src":"https:\/\/i0.wp.com\/www.quartier-waldacker.de\/wp-content\/uploads\/2017\/04\/Header_seligenstadt_5.jpg?fit=1200%2C261&ssl=1&resize=350%2C200","width":350,"height":200,"srcset":"https:\/\/i0.wp.com\/www.quartier-waldacker.de\/wp-content\/uploads\/2017\/04\/Header_seligenstadt_5.jpg?fit=1200%2C261&ssl=1&resize=350%2C200 1x, https:\/\/i0.wp.com\/www.quartier-waldacker.de\/wp-content\/uploads\/2017\/04\/Header_seligenstadt_5.jpg?fit=1200%2C261&ssl=1&resize=525%2C300 1.5x, https:\/\/i0.wp.com\/www.quartier-waldacker.de\/wp-content\/uploads\/2017\/04\/Header_seligenstadt_5.jpg?fit=1200%2C261&ssl=1&resize=700%2C400 2x, https:\/\/i0.wp.com\/www.quartier-waldacker.de\/wp-content\/uploads\/2017\/04\/Header_seligenstadt_5.jpg?fit=1200%2C261&ssl=1&resize=1050%2C600 3x"},"classes":[]},{"id":15228,"url":"https:\/\/www.quartier-waldacker.de\/?p=15228","url_meta":{"origin":5982,"position":3},"title":"Radtour  nach Obertshausen (40 km)","author":"Johannes","date":"20. September 2017","format":false,"excerpt":"Beitrag und Bilder von Reinhold HarnothTreffpunkt war der B\u00fcrgertreff in Waldacker in 13.00 Uhr. Von hier fuhren wir zum zweiten Treffpunkt an den Rentnerb\u00e4nken am Kl\u00e4rwek Ober-Roden. Hier kamen die Mitfahrer aus Ober-Roden hinzu. Vom Treffpunkt fuhren wir am Waldrand vorbei nach Rollwald, dabei wurde die Rodau \u00fcberquert. An den\u2026","rel":"","context":"In &quot;Radtouren&quot;","block_context":{"text":"Radtouren","link":"https:\/\/www.quartier-waldacker.de\/?cat=126"},"img":{"alt_text":"","src":"https:\/\/i0.wp.com\/www.quartier-waldacker.de\/wp-content\/uploads\/2017\/09\/HaederTour29.jpg?fit=1200%2C281&ssl=1&resize=350%2C200","width":350,"height":200,"srcset":"https:\/\/i0.wp.com\/www.quartier-waldacker.de\/wp-content\/uploads\/2017\/09\/HaederTour29.jpg?fit=1200%2C281&ssl=1&resize=350%2C200 1x, https:\/\/i0.wp.com\/www.quartier-waldacker.de\/wp-content\/uploads\/2017\/09\/HaederTour29.jpg?fit=1200%2C281&ssl=1&resize=525%2C300 1.5x, https:\/\/i0.wp.com\/www.quartier-waldacker.de\/wp-content\/uploads\/2017\/09\/HaederTour29.jpg?fit=1200%2C281&ssl=1&resize=700%2C400 2x, https:\/\/i0.wp.com\/www.quartier-waldacker.de\/wp-content\/uploads\/2017\/09\/HaederTour29.jpg?fit=1200%2C281&ssl=1&resize=1050%2C600 3x"},"classes":[]},{"id":16698,"url":"https:\/\/www.quartier-waldacker.de\/?p=16698","url_meta":{"origin":5982,"position":4},"title":"Die PC-Workshopgruppen traf sich zum Jahresausklang 2017","author":"admin","date":"8. Januar 2018","format":false,"excerpt":"Alle Jahre wieder feiert die Arbeitsgruppe \u201eSenioren, PC und Internet\u201c den Jahresausklang. Diesmal trafen sich die Freuden der digitalen Herausforderung real in den \u201eK\u00f6niglich, Bayrische Stuben\u201c in Urberach zu einem gemeinsamen Essen. Die K\u00f6chin und Inhaberin Barbara hielt die 23 Workshop-Teilnehmer mit einem gutem Essen bei Laune. Danach\u00a0 wurde es\u2026","rel":"","context":"In &quot;Workshop&quot;","block_context":{"text":"Workshop","link":"https:\/\/www.quartier-waldacker.de\/?cat=172"},"img":{"alt_text":"","src":"https:\/\/i0.wp.com\/www.quartier-waldacker.de\/wp-content\/uploads\/2017\/12\/Chrstmas2017.jpg?fit=1200%2C281&ssl=1&resize=350%2C200","width":350,"height":200,"srcset":"https:\/\/i0.wp.com\/www.quartier-waldacker.de\/wp-content\/uploads\/2017\/12\/Chrstmas2017.jpg?fit=1200%2C281&ssl=1&resize=350%2C200 1x, https:\/\/i0.wp.com\/www.quartier-waldacker.de\/wp-content\/uploads\/2017\/12\/Chrstmas2017.jpg?fit=1200%2C281&ssl=1&resize=525%2C300 1.5x, https:\/\/i0.wp.com\/www.quartier-waldacker.de\/wp-content\/uploads\/2017\/12\/Chrstmas2017.jpg?fit=1200%2C281&ssl=1&resize=700%2C400 2x, https:\/\/i0.wp.com\/www.quartier-waldacker.de\/wp-content\/uploads\/2017\/12\/Chrstmas2017.jpg?fit=1200%2C281&ssl=1&resize=1050%2C600 3x"},"classes":[]},{"id":17842,"url":"https:\/\/www.quartier-waldacker.de\/?p=17842","url_meta":{"origin":5982,"position":5},"title":"Wer rastet der rostet.","author":"admin","date":"16. April 2018","format":false,"excerpt":"Nachdem die Arbeitsgruppe Radfahren der Quartiersgruppe-Waldacker ihre Radfahr-Saison 2017 wieder erfolgreich abschloss wurde so manche Stimmen wurde laut: \u201eIch w\u00fcrde ja gerne mitfahren aber die vielen Kilometer. Ich wei\u00df nicht ob ich das schaffe?\u201c F\u00fcr diese Personengruppe startet nun ein Pilotprojekt \u201eGef\u00fchrte Radtouren f\u00fcr Einsteiger\u201c. Geplant sind vorerst im monatlichen\u2026","rel":"","context":"In &quot;AG-Radfahren&quot;","block_context":{"text":"AG-Radfahren","link":"https:\/\/www.quartier-waldacker.de\/?cat=202"},"img":{"alt_text":"","src":"https:\/\/i0.wp.com\/www.quartier-waldacker.de\/wp-content\/uploads\/2018\/04\/Header_Radfahren1.jpg?fit=1200%2C281&ssl=1&resize=350%2C200","width":350,"height":200,"srcset":"https:\/\/i0.wp.com\/www.quartier-waldacker.de\/wp-content\/uploads\/2018\/04\/Header_Radfahren1.jpg?fit=1200%2C281&ssl=1&resize=350%2C200 1x, https:\/\/i0.wp.com\/www.quartier-waldacker.de\/wp-content\/uploads\/2018\/04\/Header_Radfahren1.jpg?fit=1200%2C281&ssl=1&resize=525%2C300 1.5x, https:\/\/i0.wp.com\/www.quartier-waldacker.de\/wp-content\/uploads\/2018\/04\/Header_Radfahren1.jpg?fit=1200%2C281&ssl=1&resize=700%2C400 2x, https:\/\/i0.wp.com\/www.quartier-waldacker.de\/wp-content\/uploads\/2018\/04\/Header_Radfahren1.jpg?fit=1200%2C281&ssl=1&resize=1050%2C600 3x"},"classes":[]}],"jetpack_sharing_enabled":true,"rttpg_featured_image_url":null,"rttpg_author":{"display_name":"admin","author_link":"https:\/\/www.quartier-waldacker.de\/?author=1"},"rttpg_comment":0,"rttpg_category":"<a href=\"https:\/\/www.quartier-waldacker.de\/?cat=126\" rel=\"category\">Radtouren<\/a>","rttpg_excerpt":"Diese Woche f\u00fchrt uns der Weg zum einem Vereinsfest nach J\u00fcgesheim. Als gro\u00dfes Spektakel der Woche ist die 19. Kulinarische Sportwerbewoche anzusehen. Geboten werden am dem Freitag bayrische Spezialit\u00e4ten von bayrische Marktsalate mit hausgemachtem Gem\u00fcsepflanzerl und Steinoffenbaguette, Knusprigen Schweinshaxen, Spanferkelbraten und diversen Beilagen. Abfahrt ist um 16 Uhr am B\u00fcrgertreff Waldacker. Die gesamte Tour dauert&hellip;","_links":{"self":[{"href":"https:\/\/www.quartier-waldacker.de\/index.php?rest_route=\/wp\/v2\/posts\/5982","targetHints":{"allow":["GET"]}}],"collection":[{"href":"https:\/\/www.quartier-waldacker.de\/index.php?rest_route=\/wp\/v2\/posts"}],"about":[{"href":"https:\/\/www.quartier-waldacker.de\/index.php?rest_route=\/wp\/v2\/types\/post"}],"author":[{"embeddable":true,"href":"https:\/\/www.quartier-waldacker.de\/index.php?rest_route=\/wp\/v2\/users\/1"}],"replies":[{"embeddable":true,"href":"https:\/\/www.quartier-waldacker.de\/index.php?rest_route=%2Fwp%2Fv2%2Fcomments&post=5982"}],"version-history":[{"count":0,"href":"https:\/\/www.quartier-waldacker.de\/index.php?rest_route=\/wp\/v2\/posts\/5982\/revisions"}],"wp:attachment":[{"href":"https:\/\/www.quartier-waldacker.de\/index.php?rest_route=%2Fwp%2Fv2%2Fmedia&parent=5982"}],"wp:term":[{"taxonomy":"category","embeddable":true,"href":"https:\/\/www.quartier-waldacker.de\/index.php?rest_route=%2Fwp%2Fv2%2Fcategories&post=5982"},{"taxonomy":"post_tag","embeddable":true,"href":"https:\/\/www.quartier-waldacker.de\/index.php?rest_route=%2Fwp%2Fv2%2Ftags&post=5982"}],"curies":[{"name":"wp","href":"https:\/\/api.w.org\/{rel}","templated":true}]}}