{"id":5907,"date":"2014-08-15T18:25:44","date_gmt":"2014-08-15T16:25:44","guid":{"rendered":"https:\/\/www.quartier-waldacker.de\/?p=5907"},"modified":"2023-02-02T16:34:04","modified_gmt":"2023-02-02T15:34:04","slug":"pizza-essen-am-harressee-tour-11","status":"publish","type":"post","link":"https:\/\/www.quartier-waldacker.de\/?p=5907","title":{"rendered":"Radtour zum Harressee Pizza essen"},"content":{"rendered":"<p><span style=\"font-size: 12pt; font-family: arial,helvetica,sans-serif;\"><a href=\"https:\/\/i0.wp.com\/www.quartier-waldacker.de\/wp-content\/uploads\/2014\/08\/Radtouren11.jpg?ssl=1\" target=\"_blank\" rel=\"noopener\"><img data-recalc-dims=\"1\" loading=\"lazy\" decoding=\"async\" data-attachment-id=\"5912\" data-permalink=\"https:\/\/www.quartier-waldacker.de\/?attachment_id=5912\" data-orig-file=\"https:\/\/i0.wp.com\/www.quartier-waldacker.de\/wp-content\/uploads\/2014\/08\/Radtouren11.jpg?fit=2480%2C1891&amp;ssl=1\" data-orig-size=\"2480,1891\" data-comments-opened=\"1\" data-image-meta=\"{&quot;aperture&quot;:&quot;0&quot;,&quot;credit&quot;:&quot;Hans&quot;,&quot;camera&quot;:&quot;&quot;,&quot;caption&quot;:&quot;&quot;,&quot;created_timestamp&quot;:&quot;0&quot;,&quot;copyright&quot;:&quot;&quot;,&quot;focal_length&quot;:&quot;0&quot;,&quot;iso&quot;:&quot;0&quot;,&quot;shutter_speed&quot;:&quot;0&quot;,&quot;title&quot;:&quot;&quot;}\" data-image-title=\"Radtouren11\" data-image-description=\"\" data-image-caption=\"\" data-large-file=\"https:\/\/i0.wp.com\/www.quartier-waldacker.de\/wp-content\/uploads\/2014\/08\/Radtouren11.jpg?fit=1024%2C780&amp;ssl=1\" class=\"alignright wp-image-5912\" src=\"https:\/\/i0.wp.com\/www.quartier-waldacker.de\/wp-content\/uploads\/2014\/08\/Radtouren11.jpg?resize=179%2C136&#038;ssl=1\" alt=\"Radtouren11\" width=\"179\" height=\"136\" srcset=\"https:\/\/i0.wp.com\/www.quartier-waldacker.de\/wp-content\/uploads\/2014\/08\/Radtouren11.jpg?resize=300%2C228&amp;ssl=1 300w, https:\/\/i0.wp.com\/www.quartier-waldacker.de\/wp-content\/uploads\/2014\/08\/Radtouren11.jpg?resize=1024%2C780&amp;ssl=1 1024w, https:\/\/i0.wp.com\/www.quartier-waldacker.de\/wp-content\/uploads\/2014\/08\/Radtouren11.jpg?w=2400&amp;ssl=1 2400w\" sizes=\"auto, (max-width: 179px) 100vw, 179px\" \/><\/a>Die erste August &#8211; Radtour der Quartiersgruppe Waldacker am <strong>Mittwoch den 20. August<\/strong> f\u00fchrt \u00fcber Rodgau nach Froschhausen zum <a href=\"http:\/\/www.strassenkatalog.de\/panoramio\/harressee_bei_froschhausen_seligenstadt,3280401.html\" target=\"_blank\" rel=\"noopener\">Harressee<\/a>. Dort erwartet sie das\u00a0 Restaurant \u201e<a title=\"ristorante-am-harressee\" href=\"http:\/\/www.ristorante-am-harressee.de\/\" target=\"_blank\" rel=\"noopener\">Am Harressee<\/a>\u201c mit seinen italienischen K\u00f6stlichkeiten<\/span>. <span style=\"font-size: 12pt;\">Eine Einkehr ist geplant<\/span><\/p>\n<p><span style=\"font-size: 12pt; font-family: arial,helvetica,sans-serif;\"><strong>Abfahrt<\/strong> ist um <strong>17 Uhr<\/strong> am B\u00fcrgertreff in Waldacker. Die Tour dauert ca. 3-4 Std. <\/span><br \/>\n<span style=\"font-size: 12pt; font-family: arial,helvetica,sans-serif;\">Weitere Informationen hat <strong>Christa Walter &#8211; Tel. 06074-6977507<\/strong><\/span><\/p>\n<p>&nbsp;<\/p>\n<p style=\"text-align: center;\"><a href=\"https:\/\/i0.wp.com\/www.quartier-waldacker.de\/wp-content\/uploads\/2014\/08\/Harressee2bearbeitet_bearbeitet-1.jpg?ssl=1\" target=\"_blank\" rel=\"noopener\"><img data-recalc-dims=\"1\" loading=\"lazy\" decoding=\"async\" data-attachment-id=\"5927\" data-permalink=\"https:\/\/www.quartier-waldacker.de\/?attachment_id=5927#main\" data-orig-file=\"https:\/\/i0.wp.com\/www.quartier-waldacker.de\/wp-content\/uploads\/2014\/08\/Harressee2bearbeitet_bearbeitet-1.jpg?fit=1004%2C590&amp;ssl=1\" data-orig-size=\"1004,590\" data-comments-opened=\"1\" data-image-meta=\"{&quot;aperture&quot;:&quot;0&quot;,&quot;credit&quot;:&quot;&quot;,&quot;camera&quot;:&quot;&quot;,&quot;caption&quot;:&quot;&quot;,&quot;created_timestamp&quot;:&quot;0&quot;,&quot;copyright&quot;:&quot;&quot;,&quot;focal_length&quot;:&quot;0&quot;,&quot;iso&quot;:&quot;0&quot;,&quot;shutter_speed&quot;:&quot;0&quot;,&quot;title&quot;:&quot;&quot;}\" data-image-title=\"Harressee2bearbeitet_bearbeitet-1\" data-image-description=\"\" data-image-caption=\"\" data-large-file=\"https:\/\/i0.wp.com\/www.quartier-waldacker.de\/wp-content\/uploads\/2014\/08\/Harressee2bearbeitet_bearbeitet-1.jpg?fit=1004%2C590&amp;ssl=1\" class=\"aligncenter wp-image-5927\" src=\"https:\/\/i0.wp.com\/www.quartier-waldacker.de\/wp-content\/uploads\/2014\/08\/Harressee2bearbeitet_bearbeitet-1.jpg?resize=227%2C133&#038;ssl=1\" alt=\"Harressee2bearbeitet_bearbeitet-1\" width=\"227\" height=\"133\" srcset=\"https:\/\/i0.wp.com\/www.quartier-waldacker.de\/wp-content\/uploads\/2014\/08\/Harressee2bearbeitet_bearbeitet-1.jpg?resize=300%2C176&amp;ssl=1 300w, https:\/\/i0.wp.com\/www.quartier-waldacker.de\/wp-content\/uploads\/2014\/08\/Harressee2bearbeitet_bearbeitet-1.jpg?w=1004&amp;ssl=1 1004w\" sizes=\"auto, (max-width: 227px) 100vw, 227px\" \/><\/a><span id=\"result_box\" lang=\"de\"><\/span>[ratings]\n","protected":false},"excerpt":{"rendered":"<p>Die erste August &#8211; Radtour der Quartiersgruppe Waldacker am Mittwoch den 20. August f\u00fchrt \u00fcber Rodgau nach Froschhausen zum Harressee. Dort erwartet sie das\u00a0 Restaurant \u201eAm Harressee\u201c mit seinen italienischen K\u00f6stlichkeiten. Eine Einkehr ist geplant Abfahrt ist um 17 Uhr am B\u00fcrgertreff in Waldacker. Die Tour dauert ca. 3-4 Std. Weitere Informationen hat Christa Walter &#8230; <a title=\"Radtour zum Harressee Pizza essen\" class=\"read-more\" href=\"https:\/\/www.quartier-waldacker.de\/?p=5907\" aria-label=\"Mehr Informationen \u00fcber Radtour zum Harressee Pizza essen\">Weiterlesen<\/a><\/p>\n","protected":false},"author":5,"featured_media":0,"comment_status":"open","ping_status":"open","sticky":false,"template":"","format":"standard","meta":{"generate_page_header":"","_jetpack_memberships_contains_paid_content":false,"footnotes":""},"categories":[126],"tags":[197],"class_list":["post-5907","post","type-post","status-publish","format-standard","hentry","category-radtouren","tag-radfahren"],"jetpack_featured_media_url":"","jetpack-related-posts":[{"id":5937,"url":"https:\/\/www.quartier-waldacker.de\/?p=5937","url_meta":{"origin":5907,"position":0},"title":"Radtour- Rundum Langen und Langener Waldsee","author":"admin","date":"25. August 2014","format":false,"excerpt":"Am Freitag, dem 29. August f\u00fchrt die Radtour der Quartiersgruppe Waldacker \u00fcber Dreieich-Offenthal nach Langen, vorbei am\u00a0idyllischen Paddelteich im M\u00fchltal geht es weiter auf dem sch\u00f6nen \u201eRuLa\u201c-Radweg bis zum Langener Waldsee, mit einem herrlichen Ausblick \u00fcber den gesamten Waldsee. Bei Bedarf ist die R\u00fcckfahrt mit der Dreieich-Bahn ab Buchschlag m\u00f6glich.\u2026","rel":"","context":"In &quot;Radtouren&quot;","block_context":{"text":"Radtouren","link":"https:\/\/www.quartier-waldacker.de\/?cat=126"},"img":{"alt_text":"","src":"https:\/\/i0.wp.com\/www.quartier-waldacker.de\/wp-content\/uploads\/2014\/08\/P1070286kl-300x169.jpg?resize=350%2C200&ssl=1","width":350,"height":200},"classes":[]},{"id":5783,"url":"https:\/\/www.quartier-waldacker.de\/?p=5783","url_meta":{"origin":5907,"position":1},"title":"Kulturelle und Kulinarische Radtour","author":"Johannes","date":"27. Juli 2014","format":false,"excerpt":"Eine weitere Radtour der Quartiersgruppe Waldacker am Mittwoch den 30. Juli f\u00fchrt zun\u00e4chst \u00fcber den NATURKULTUR - Kunstpfad in Nieder Roden. Nach dem kulturellen Leckerbissen geht es zum schlemmen nach J\u00fcgesheim zur Kulinarische Woche des\u00a0TSG SV J\u00fcgesheim in der Weiskircher Stra\u00dfe 42.\u00a0 \u00a0 Abfahrt ist um 18 Uhr am B\u00fcrgertreff\u2026","rel":"","context":"In &quot;Radtouren&quot;","block_context":{"text":"Radtouren","link":"https:\/\/www.quartier-waldacker.de\/?cat=126"},"img":{"alt_text":"","src":"https:\/\/i0.wp.com\/www.quartier-waldacker.de\/wp-content\/uploads\/2014\/07\/Wasserturm2-159x300.jpg?resize=350%2C200&ssl=1","width":350,"height":200},"classes":[]},{"id":5982,"url":"https:\/\/www.quartier-waldacker.de\/?p=5982","url_meta":{"origin":5907,"position":2},"title":"Radtour &#8211; Zum schlemmen nach J\u00fcgesheim","author":"admin","date":"5. September 2014","format":false,"excerpt":"Diese Woche f\u00fchrt uns der Weg zum einem Vereinsfest nach J\u00fcgesheim. Als gro\u00dfes Spektakel der Woche ist die 19. Kulinarische Sportwerbewoche anzusehen. Geboten werden am dem Freitag bayrische Spezialit\u00e4ten von bayrische Marktsalate mit hausgemachtem Gem\u00fcsepflanzerl und Steinoffenbaguette, Knusprigen Schweinshaxen, Spanferkelbraten und diversen Beilagen. Abfahrt ist um 16 Uhr am B\u00fcrgertreff\u2026","rel":"","context":"In &quot;Radtouren&quot;","block_context":{"text":"Radtouren","link":"https:\/\/www.quartier-waldacker.de\/?cat=126"},"img":{"alt_text":"Gemania_bearbeitet-2","src":"https:\/\/i0.wp.com\/www.quartier-waldacker.de\/wp-content\/uploads\/2014\/09\/Gemania_bearbeitet-21-300x174.jpg?resize=350%2C200&ssl=1","width":350,"height":200},"classes":[]},{"id":25434,"url":"https:\/\/www.quartier-waldacker.de\/?p=25434","url_meta":{"origin":5907,"position":3},"title":"Alternative Radtour nach Langen und Umgebung (50km)","author":"Johannes","date":"28. September 2024","format":false,"excerpt":"Start:Am Freitag, den 27. September trafen sich 18 Unentwegte um 11.00 Uhr am Bahnhof Urberach zur obligatorischen Freitagstour. Bei der einleitenden kurzen Tourenbesprechung durch den Tourenleiter Gerhard Elsesser wurde die geplante Radtour nach Nauheim wetterbedingt abgesagt. Am Vortag hatte es in der Region stark geregnet und auch f\u00fcr den heutigen\u2026","rel":"","context":"In &quot;Radtouren&quot;","block_context":{"text":"Radtouren","link":"https:\/\/www.quartier-waldacker.de\/?cat=126"},"img":{"alt_text":"","src":"https:\/\/i0.wp.com\/www.quartier-waldacker.de\/wp-content\/uploads\/2017\/03\/Header_Gruppe_2024_ab2024.jpg?fit=1200%2C281&ssl=1&resize=350%2C200","width":350,"height":200,"srcset":"https:\/\/i0.wp.com\/www.quartier-waldacker.de\/wp-content\/uploads\/2017\/03\/Header_Gruppe_2024_ab2024.jpg?fit=1200%2C281&ssl=1&resize=350%2C200 1x, https:\/\/i0.wp.com\/www.quartier-waldacker.de\/wp-content\/uploads\/2017\/03\/Header_Gruppe_2024_ab2024.jpg?fit=1200%2C281&ssl=1&resize=525%2C300 1.5x, https:\/\/i0.wp.com\/www.quartier-waldacker.de\/wp-content\/uploads\/2017\/03\/Header_Gruppe_2024_ab2024.jpg?fit=1200%2C281&ssl=1&resize=700%2C400 2x, https:\/\/i0.wp.com\/www.quartier-waldacker.de\/wp-content\/uploads\/2017\/03\/Header_Gruppe_2024_ab2024.jpg?fit=1200%2C281&ssl=1&resize=1050%2C600 3x"},"classes":[]},{"id":5737,"url":"https:\/\/www.quartier-waldacker.de\/?p=5737","url_meta":{"origin":5907,"position":4},"title":"Mit dem Rad \u00fcber die M\u00f6rsm\u00fchle nach Dieburg \u2013 Tour 8","author":"Johannes","date":"11. Juli 2014","format":false,"excerpt":"Am Mittwoch, dem 16. Juli f\u00fchrt die Radtour der Quartiersgruppe Waldacker \u00fcber das Freizeitgel\u00e4nde M\u00fcnster mit seinem Anglersee, am\u00a0Landgasthof M\u00f6rsm\u00fchle vorbei, zum historischen Marktplatz nach\u00a0Dieburg, der historischen Park- und Gartenstadt an der Gersprenz. Vom Marktplatz geht es weiter durch die deutsche Fachwerkstra\u00dfe mit ihren aufw\u00e4ndigen Fensterkonstruktionen und dekorativem Schmuckfachwerk zum\u00a0Stadtschl\u00f6sschen\u2026","rel":"","context":"In &quot;Radtouren&quot;","block_context":{"text":"Radtouren","link":"https:\/\/www.quartier-waldacker.de\/?cat=126"},"img":{"alt_text":"","src":"https:\/\/i0.wp.com\/www.quartier-waldacker.de\/wp-content\/uploads\/2014\/07\/Moersmuehle1.jpg?resize=350%2C200&ssl=1","width":350,"height":200},"classes":[]},{"id":25840,"url":"https:\/\/www.quartier-waldacker.de\/?p=25840","url_meta":{"origin":5907,"position":5},"title":"\u00dcberraschungs-Radtour 3 nach Obertshausen &#8220;Zur Alten Schmiede&#8221;","author":"Johannes","date":"9. November 2024","format":false,"excerpt":"Start:An einem nasskalten, tr\u00fcben Freitag, dem 08.11.2024, trafen sich 18 gut eingepackte Radlerinnen und Radler am 50. Breitegrad in Waldacker zur vorletzten Radtour der Saison. Mit an Bord der heutigen Tour ist Gerhard Elsesser, der aus dem Urlaub zur\u00fcckgekehrt ist. Er wird auch die heutige Tour leiten. Erw\u00e4hnenswert ist noch,\u2026","rel":"","context":"In &quot;Radtouren&quot;","block_context":{"text":"Radtouren","link":"https:\/\/www.quartier-waldacker.de\/?cat=126"},"img":{"alt_text":"","src":"https:\/\/i0.wp.com\/www.quartier-waldacker.de\/wp-content\/uploads\/2017\/03\/Header_Gruppe_2024_ab2024.jpg?fit=1200%2C281&ssl=1&resize=350%2C200","width":350,"height":200,"srcset":"https:\/\/i0.wp.com\/www.quartier-waldacker.de\/wp-content\/uploads\/2017\/03\/Header_Gruppe_2024_ab2024.jpg?fit=1200%2C281&ssl=1&resize=350%2C200 1x, https:\/\/i0.wp.com\/www.quartier-waldacker.de\/wp-content\/uploads\/2017\/03\/Header_Gruppe_2024_ab2024.jpg?fit=1200%2C281&ssl=1&resize=525%2C300 1.5x, https:\/\/i0.wp.com\/www.quartier-waldacker.de\/wp-content\/uploads\/2017\/03\/Header_Gruppe_2024_ab2024.jpg?fit=1200%2C281&ssl=1&resize=700%2C400 2x, https:\/\/i0.wp.com\/www.quartier-waldacker.de\/wp-content\/uploads\/2017\/03\/Header_Gruppe_2024_ab2024.jpg?fit=1200%2C281&ssl=1&resize=1050%2C600 3x"},"classes":[]}],"jetpack_sharing_enabled":true,"rttpg_featured_image_url":null,"rttpg_author":{"display_name":"Johannes","author_link":"https:\/\/www.quartier-waldacker.de\/?author=5"},"rttpg_comment":0,"rttpg_category":"<a href=\"https:\/\/www.quartier-waldacker.de\/?cat=126\" rel=\"category\">Radtouren<\/a>","rttpg_excerpt":"Die erste August &#8211; Radtour der Quartiersgruppe Waldacker am Mittwoch den 20. August f\u00fchrt \u00fcber Rodgau nach Froschhausen zum Harressee. Dort erwartet sie das\u00a0 Restaurant \u201eAm Harressee\u201c mit seinen italienischen K\u00f6stlichkeiten. Eine Einkehr ist geplant Abfahrt ist um 17 Uhr am B\u00fcrgertreff in Waldacker. Die Tour dauert ca. 3-4 Std. Weitere Informationen hat Christa Walter&hellip;","_links":{"self":[{"href":"https:\/\/www.quartier-waldacker.de\/index.php?rest_route=\/wp\/v2\/posts\/5907","targetHints":{"allow":["GET"]}}],"collection":[{"href":"https:\/\/www.quartier-waldacker.de\/index.php?rest_route=\/wp\/v2\/posts"}],"about":[{"href":"https:\/\/www.quartier-waldacker.de\/index.php?rest_route=\/wp\/v2\/types\/post"}],"author":[{"embeddable":true,"href":"https:\/\/www.quartier-waldacker.de\/index.php?rest_route=\/wp\/v2\/users\/5"}],"replies":[{"embeddable":true,"href":"https:\/\/www.quartier-waldacker.de\/index.php?rest_route=%2Fwp%2Fv2%2Fcomments&post=5907"}],"version-history":[{"count":0,"href":"https:\/\/www.quartier-waldacker.de\/index.php?rest_route=\/wp\/v2\/posts\/5907\/revisions"}],"wp:attachment":[{"href":"https:\/\/www.quartier-waldacker.de\/index.php?rest_route=%2Fwp%2Fv2%2Fmedia&parent=5907"}],"wp:term":[{"taxonomy":"category","embeddable":true,"href":"https:\/\/www.quartier-waldacker.de\/index.php?rest_route=%2Fwp%2Fv2%2Fcategories&post=5907"},{"taxonomy":"post_tag","embeddable":true,"href":"https:\/\/www.quartier-waldacker.de\/index.php?rest_route=%2Fwp%2Fv2%2Ftags&post=5907"}],"curies":[{"name":"wp","href":"https:\/\/api.w.org\/{rel}","templated":true}]}}