{"id":5783,"date":"2014-07-27T18:39:03","date_gmt":"2014-07-27T17:39:03","guid":{"rendered":"https:\/\/www.quartier-waldacker.de\/?p=5783"},"modified":"2024-06-01T15:04:43","modified_gmt":"2024-06-01T13:04:43","slug":"kulturelle-und-kulinarische-radtour-tour-10","status":"publish","type":"post","link":"https:\/\/www.quartier-waldacker.de\/?p=5783","title":{"rendered":"Kulturelle und Kulinarische Radtour"},"content":{"rendered":"<p><span style=\"font-size: 14pt;\"><a href=\"https:\/\/i0.wp.com\/www.quartier-waldacker.de\/wp-content\/uploads\/2014\/07\/Wasserturm2.jpg?ssl=1\"><img data-recalc-dims=\"1\" loading=\"lazy\" decoding=\"async\" data-attachment-id=\"5801\" data-permalink=\"https:\/\/www.quartier-waldacker.de\/?attachment_id=5801#main\" data-orig-file=\"https:\/\/i0.wp.com\/www.quartier-waldacker.de\/wp-content\/uploads\/2014\/07\/Wasserturm2.jpg?fit=1193%2C2248&amp;ssl=1\" data-orig-size=\"1193,2248\" data-comments-opened=\"1\" data-image-meta=\"{&quot;aperture&quot;:&quot;4&quot;,&quot;credit&quot;:&quot;&quot;,&quot;camera&quot;:&quot;DMC-FZ28&quot;,&quot;caption&quot;:&quot;&quot;,&quot;created_timestamp&quot;:&quot;1406487220&quot;,&quot;copyright&quot;:&quot;&quot;,&quot;focal_length&quot;:&quot;4.8&quot;,&quot;iso&quot;:&quot;100&quot;,&quot;shutter_speed&quot;:&quot;0.00625&quot;,&quot;title&quot;:&quot;&quot;}\" data-image-title=\"Wasserturm2\" data-image-description=\"\" data-image-caption=\"\" data-large-file=\"https:\/\/i0.wp.com\/www.quartier-waldacker.de\/wp-content\/uploads\/2014\/07\/Wasserturm2.jpg?fit=543%2C1024&amp;ssl=1\" class=\"alignleft wp-image-5801\" src=\"https:\/\/i0.wp.com\/www.quartier-waldacker.de\/wp-content\/uploads\/2014\/07\/Wasserturm2.jpg?resize=120%2C226&#038;ssl=1\" alt=\"\" width=\"120\" height=\"226\" srcset=\"https:\/\/i0.wp.com\/www.quartier-waldacker.de\/wp-content\/uploads\/2014\/07\/Wasserturm2.jpg?resize=159%2C300&amp;ssl=1 159w, https:\/\/i0.wp.com\/www.quartier-waldacker.de\/wp-content\/uploads\/2014\/07\/Wasserturm2.jpg?resize=543%2C1024&amp;ssl=1 543w, https:\/\/i0.wp.com\/www.quartier-waldacker.de\/wp-content\/uploads\/2014\/07\/Wasserturm2.jpg?w=1193&amp;ssl=1 1193w\" sizes=\"auto, (max-width: 120px) 100vw, 120px\" \/><\/a>Eine weitere Radtour der Quartiersgruppe Waldacker am <strong>Mittwoch<\/strong> den <strong>30. Juli<\/strong> f\u00fchrt zun\u00e4chst \u00fcber den <a href=\"http:\/\/www.naturkultur-rodgau.de\/\" target=\"_blank\" rel=\"noopener noreferrer\">N<strong><span style=\"font-size: 18pt;\">A<\/span><\/strong>TU<strong><span style=\"font-size: 18pt;\">R<\/span><\/strong>KUL<strong><span style=\"font-size: 18pt;\">T<\/span><\/strong>UR<\/a> &#8211; Kunstpfad in Nieder Roden. Nach dem kulturellen Leckerbissen geht es zum schlemmen nach J\u00fcgesheim zur Kulinarische Woche des\u00a0<\/span><span style=\"font-size: 14pt;\">TSG SV J\u00fcgesheim in der Weiskircher Stra\u00dfe 42.\u00a0<\/span><\/p>\n<p>&nbsp;<\/p>\n<p><span style=\"font-size: 14pt;\"><strong>Abfahrt<\/strong> ist um <strong>18 Uhr<\/strong> am B\u00fcrgertreff in Waldacker. Die Tour dauert ca. 3-4 Std. <\/span><\/p>\n<p><span style=\"font-size: 14pt;\">Weitere Informationen hat Christa Walter Tel. 06074-6977507<\/span><\/p>\n<p style=\"text-align: center;\">[ratings]\n","protected":false},"excerpt":{"rendered":"<p>Eine weitere Radtour der Quartiersgruppe Waldacker am Mittwoch den 30. Juli f\u00fchrt zun\u00e4chst \u00fcber den NATURKULTUR &#8211; Kunstpfad in Nieder Roden. Nach dem kulturellen Leckerbissen geht es zum schlemmen nach J\u00fcgesheim zur Kulinarische Woche des\u00a0TSG SV J\u00fcgesheim in der Weiskircher Stra\u00dfe 42.\u00a0 &nbsp; Abfahrt ist um 18 Uhr am B\u00fcrgertreff in Waldacker. Die Tour dauert &#8230; <a title=\"Kulturelle und Kulinarische Radtour\" class=\"read-more\" href=\"https:\/\/www.quartier-waldacker.de\/?p=5783\" aria-label=\"Mehr Informationen \u00fcber Kulturelle und Kulinarische Radtour\">Weiterlesen<\/a><\/p>\n","protected":false},"author":5,"featured_media":0,"comment_status":"open","ping_status":"open","sticky":false,"template":"","format":"standard","meta":{"generate_page_header":"","_jetpack_memberships_contains_paid_content":false,"footnotes":""},"categories":[126],"tags":[197,203,317],"class_list":["post-5783","post","type-post","status-publish","format-standard","hentry","category-radtouren","tag-radfahren","tag-radtouren","tag-roedermark"],"jetpack_featured_media_url":"","jetpack-related-posts":[{"id":5982,"url":"https:\/\/www.quartier-waldacker.de\/?p=5982","url_meta":{"origin":5783,"position":0},"title":"Radtour &#8211; Zum schlemmen nach J\u00fcgesheim","author":"admin","date":"5. September 2014","format":false,"excerpt":"Diese Woche f\u00fchrt uns der Weg zum einem Vereinsfest nach J\u00fcgesheim. Als gro\u00dfes Spektakel der Woche ist die 19. Kulinarische Sportwerbewoche anzusehen. Geboten werden am dem Freitag bayrische Spezialit\u00e4ten von bayrische Marktsalate mit hausgemachtem Gem\u00fcsepflanzerl und Steinoffenbaguette, Knusprigen Schweinshaxen, Spanferkelbraten und diversen Beilagen. Abfahrt ist um 16 Uhr am B\u00fcrgertreff\u2026","rel":"","context":"In &quot;Radtouren&quot;","block_context":{"text":"Radtouren","link":"https:\/\/www.quartier-waldacker.de\/?cat=126"},"img":{"alt_text":"Gemania_bearbeitet-2","src":"https:\/\/i0.wp.com\/www.quartier-waldacker.de\/wp-content\/uploads\/2014\/09\/Gemania_bearbeitet-21-300x174.jpg?resize=350%2C200&ssl=1","width":350,"height":200},"classes":[]},{"id":12733,"url":"https:\/\/www.quartier-waldacker.de\/?p=12733","url_meta":{"origin":5783,"position":1},"title":"Radtour &#8211; Rodgau-Rundweg (37 km)","author":"admin","date":"15. M\u00e4rz 2017","format":false,"excerpt":"Dokumentiert von Reinhold HarnothVom Startpunkt B\u00fcrgertreff Waldacker in Richtung Kl\u00e4ranlage Ober-Roden (vorbei am Hundeplatz). Dann ein Teil um Breidert herum. Haben die B45 \u00fcberquert und sind dann auf den RODAU-Rundweg gesto\u00dfen. Von hier ca. 3 km bis zum Rodgauer Kalkstandsteinwerk. N\u00e4chste Station auf dem Rundweg war die Waldfreizeitanlage \u201eG\u00e4nsbr\u00fch\u201c Dudenhofen.\u2026","rel":"","context":"In &quot;Radtouren&quot;","block_context":{"text":"Radtouren","link":"https:\/\/www.quartier-waldacker.de\/?cat=126"},"img":{"alt_text":"","src":"https:\/\/i0.wp.com\/www.quartier-waldacker.de\/wp-content\/uploads\/2017\/03\/Header_Tour2.jpg?fit=1200%2C261&ssl=1&resize=350%2C200","width":350,"height":200,"srcset":"https:\/\/i0.wp.com\/www.quartier-waldacker.de\/wp-content\/uploads\/2017\/03\/Header_Tour2.jpg?fit=1200%2C261&ssl=1&resize=350%2C200 1x, https:\/\/i0.wp.com\/www.quartier-waldacker.de\/wp-content\/uploads\/2017\/03\/Header_Tour2.jpg?fit=1200%2C261&ssl=1&resize=525%2C300 1.5x, https:\/\/i0.wp.com\/www.quartier-waldacker.de\/wp-content\/uploads\/2017\/03\/Header_Tour2.jpg?fit=1200%2C261&ssl=1&resize=700%2C400 2x, https:\/\/i0.wp.com\/www.quartier-waldacker.de\/wp-content\/uploads\/2017\/03\/Header_Tour2.jpg?fit=1200%2C261&ssl=1&resize=1050%2C600 3x"},"classes":[]},{"id":15228,"url":"https:\/\/www.quartier-waldacker.de\/?p=15228","url_meta":{"origin":5783,"position":2},"title":"Radtour  nach Obertshausen (40 km)","author":"Johannes","date":"20. September 2017","format":false,"excerpt":"Beitrag und Bilder von Reinhold HarnothTreffpunkt war der B\u00fcrgertreff in Waldacker in 13.00 Uhr. Von hier fuhren wir zum zweiten Treffpunkt an den Rentnerb\u00e4nken am Kl\u00e4rwek Ober-Roden. Hier kamen die Mitfahrer aus Ober-Roden hinzu. Vom Treffpunkt fuhren wir am Waldrand vorbei nach Rollwald, dabei wurde die Rodau \u00fcberquert. An den\u2026","rel":"","context":"In &quot;Radtouren&quot;","block_context":{"text":"Radtouren","link":"https:\/\/www.quartier-waldacker.de\/?cat=126"},"img":{"alt_text":"","src":"https:\/\/i0.wp.com\/www.quartier-waldacker.de\/wp-content\/uploads\/2017\/09\/HaederTour29.jpg?fit=1200%2C281&ssl=1&resize=350%2C200","width":350,"height":200,"srcset":"https:\/\/i0.wp.com\/www.quartier-waldacker.de\/wp-content\/uploads\/2017\/09\/HaederTour29.jpg?fit=1200%2C281&ssl=1&resize=350%2C200 1x, https:\/\/i0.wp.com\/www.quartier-waldacker.de\/wp-content\/uploads\/2017\/09\/HaederTour29.jpg?fit=1200%2C281&ssl=1&resize=525%2C300 1.5x, https:\/\/i0.wp.com\/www.quartier-waldacker.de\/wp-content\/uploads\/2017\/09\/HaederTour29.jpg?fit=1200%2C281&ssl=1&resize=700%2C400 2x, https:\/\/i0.wp.com\/www.quartier-waldacker.de\/wp-content\/uploads\/2017\/09\/HaederTour29.jpg?fit=1200%2C281&ssl=1&resize=1050%2C600 3x"},"classes":[]},{"id":22953,"url":"https:\/\/www.quartier-waldacker.de\/?p=22953","url_meta":{"origin":5783,"position":3},"title":"Radtour nach D\u00f6rnigheim (ca.55 km)","author":"admin","date":"14. August 2023","format":false,"excerpt":"Am Freitag, den 11. August, meldete das Wetteramt Offenbach blauen Himmel und 30 Grad Celsius und 27 Radlerinnen und Radler fanden sich um 11.00 Uhr am Startpunkt B\u00fcrgertreff Waldacker ein, um an der heutigen Radtour teilzunehmen. Die Strecke f\u00fchrte zun\u00e4chst in Richtung Heusenstamm, vorbei am Schloss und weiter in Richtung\u2026","rel":"","context":"In &quot;Radtouren&quot;","block_context":{"text":"Radtouren","link":"https:\/\/www.quartier-waldacker.de\/?cat=126"},"img":{"alt_text":"","src":"https:\/\/i0.wp.com\/www.quartier-waldacker.de\/wp-content\/uploads\/2023\/03\/Header_Gruppe.jpg?fit=1200%2C281&ssl=1&resize=350%2C200","width":350,"height":200,"srcset":"https:\/\/i0.wp.com\/www.quartier-waldacker.de\/wp-content\/uploads\/2023\/03\/Header_Gruppe.jpg?fit=1200%2C281&ssl=1&resize=350%2C200 1x, https:\/\/i0.wp.com\/www.quartier-waldacker.de\/wp-content\/uploads\/2023\/03\/Header_Gruppe.jpg?fit=1200%2C281&ssl=1&resize=525%2C300 1.5x, https:\/\/i0.wp.com\/www.quartier-waldacker.de\/wp-content\/uploads\/2023\/03\/Header_Gruppe.jpg?fit=1200%2C281&ssl=1&resize=700%2C400 2x, https:\/\/i0.wp.com\/www.quartier-waldacker.de\/wp-content\/uploads\/2023\/03\/Header_Gruppe.jpg?fit=1200%2C281&ssl=1&resize=1050%2C600 3x"},"classes":[]},{"id":12689,"url":"https:\/\/www.quartier-waldacker.de\/?p=12689","url_meta":{"origin":5783,"position":4},"title":"Radtour \u2013 Seligenstadt zur Tulpenbl\u00fcte im Klostergarten\/-hof (40 Km)","author":"admin","date":"1. April 2017","format":false,"excerpt":"Dokumentation von Reinhold HarnothAb B\u00fcrgertreff \u00fcber den Eulerweg zum Feldkreuz Ober-Roden von hier zur \u00dcberquerung der Nieder-R\u00f6der-Str., am Hundeverein R\u00f6dermark e.V. abgebogen zur Kl\u00e4ranlage = Treffpunkt mit den Radfahrern aus Ober-Roden am Waldrand vorbei zur S-Bahnstation Rollwald an der S-Bahnstrecke entlang nach Nieder-Roden \u00fcber die Marie-Curie-Str.\/Dornwiesenstr. zum Weg, der an\u2026","rel":"","context":"In &quot;Radtouren&quot;","block_context":{"text":"Radtouren","link":"https:\/\/www.quartier-waldacker.de\/?cat=126"},"img":{"alt_text":"","src":"https:\/\/i0.wp.com\/www.quartier-waldacker.de\/wp-content\/uploads\/2017\/04\/Header_seligenstadt_5.jpg?fit=1200%2C261&ssl=1&resize=350%2C200","width":350,"height":200,"srcset":"https:\/\/i0.wp.com\/www.quartier-waldacker.de\/wp-content\/uploads\/2017\/04\/Header_seligenstadt_5.jpg?fit=1200%2C261&ssl=1&resize=350%2C200 1x, https:\/\/i0.wp.com\/www.quartier-waldacker.de\/wp-content\/uploads\/2017\/04\/Header_seligenstadt_5.jpg?fit=1200%2C261&ssl=1&resize=525%2C300 1.5x, https:\/\/i0.wp.com\/www.quartier-waldacker.de\/wp-content\/uploads\/2017\/04\/Header_seligenstadt_5.jpg?fit=1200%2C261&ssl=1&resize=700%2C400 2x, https:\/\/i0.wp.com\/www.quartier-waldacker.de\/wp-content\/uploads\/2017\/04\/Header_seligenstadt_5.jpg?fit=1200%2C261&ssl=1&resize=1050%2C600 3x"},"classes":[]},{"id":13338,"url":"https:\/\/www.quartier-waldacker.de\/?p=13338","url_meta":{"origin":5783,"position":5},"title":"Radtour \u2013 Liebfrauenheide in Klein-Krotzenburg (46 km)","author":"Johannes","date":"4. Juni 2017","format":false,"excerpt":"Bericht und Bilder von Reinhold Harnoth.Um 13.00 Uhr sind wir vom B\u00fcrgertreff losgefahren. An der Kl\u00e4ranlage trafen wir uns mit den Mitfahrern aus Ober-Roden. Von hier ging es \u00fcber Rollwald und durch Nieder-Roden. \u00dcberquerung der B45, dann an Weiskirchen vorbei, \u00dcberquerung der A3, von hier in Richtung Hainburg zur Liebfrauenheide,\u2026","rel":"","context":"In &quot;Radtouren&quot;","block_context":{"text":"Radtouren","link":"https:\/\/www.quartier-waldacker.de\/?cat=126"},"img":{"alt_text":"","src":"https:\/\/i0.wp.com\/www.quartier-waldacker.de\/wp-content\/uploads\/2017\/06\/Header_14.jpg?fit=1200%2C261&ssl=1&resize=350%2C200","width":350,"height":200,"srcset":"https:\/\/i0.wp.com\/www.quartier-waldacker.de\/wp-content\/uploads\/2017\/06\/Header_14.jpg?fit=1200%2C261&ssl=1&resize=350%2C200 1x, https:\/\/i0.wp.com\/www.quartier-waldacker.de\/wp-content\/uploads\/2017\/06\/Header_14.jpg?fit=1200%2C261&ssl=1&resize=525%2C300 1.5x, https:\/\/i0.wp.com\/www.quartier-waldacker.de\/wp-content\/uploads\/2017\/06\/Header_14.jpg?fit=1200%2C261&ssl=1&resize=700%2C400 2x, https:\/\/i0.wp.com\/www.quartier-waldacker.de\/wp-content\/uploads\/2017\/06\/Header_14.jpg?fit=1200%2C261&ssl=1&resize=1050%2C600 3x"},"classes":[]}],"jetpack_sharing_enabled":true,"rttpg_featured_image_url":null,"rttpg_author":{"display_name":"Johannes","author_link":"https:\/\/www.quartier-waldacker.de\/?author=5"},"rttpg_comment":0,"rttpg_category":"<a href=\"https:\/\/www.quartier-waldacker.de\/?cat=126\" rel=\"category\">Radtouren<\/a>","rttpg_excerpt":"Eine weitere Radtour der Quartiersgruppe Waldacker am Mittwoch den 30. Juli f\u00fchrt zun\u00e4chst \u00fcber den NATURKULTUR &#8211; Kunstpfad in Nieder Roden. Nach dem kulturellen Leckerbissen geht es zum schlemmen nach J\u00fcgesheim zur Kulinarische Woche des\u00a0TSG SV J\u00fcgesheim in der Weiskircher Stra\u00dfe 42.\u00a0 &nbsp; Abfahrt ist um 18 Uhr am B\u00fcrgertreff in Waldacker. Die Tour dauert&hellip;","_links":{"self":[{"href":"https:\/\/www.quartier-waldacker.de\/index.php?rest_route=\/wp\/v2\/posts\/5783","targetHints":{"allow":["GET"]}}],"collection":[{"href":"https:\/\/www.quartier-waldacker.de\/index.php?rest_route=\/wp\/v2\/posts"}],"about":[{"href":"https:\/\/www.quartier-waldacker.de\/index.php?rest_route=\/wp\/v2\/types\/post"}],"author":[{"embeddable":true,"href":"https:\/\/www.quartier-waldacker.de\/index.php?rest_route=\/wp\/v2\/users\/5"}],"replies":[{"embeddable":true,"href":"https:\/\/www.quartier-waldacker.de\/index.php?rest_route=%2Fwp%2Fv2%2Fcomments&post=5783"}],"version-history":[{"count":0,"href":"https:\/\/www.quartier-waldacker.de\/index.php?rest_route=\/wp\/v2\/posts\/5783\/revisions"}],"wp:attachment":[{"href":"https:\/\/www.quartier-waldacker.de\/index.php?rest_route=%2Fwp%2Fv2%2Fmedia&parent=5783"}],"wp:term":[{"taxonomy":"category","embeddable":true,"href":"https:\/\/www.quartier-waldacker.de\/index.php?rest_route=%2Fwp%2Fv2%2Fcategories&post=5783"},{"taxonomy":"post_tag","embeddable":true,"href":"https:\/\/www.quartier-waldacker.de\/index.php?rest_route=%2Fwp%2Fv2%2Ftags&post=5783"}],"curies":[{"name":"wp","href":"https:\/\/api.w.org\/{rel}","templated":true}]}}