{"id":5769,"date":"2014-07-21T20:04:38","date_gmt":"2014-07-21T19:04:38","guid":{"rendered":"https:\/\/www.quartier-waldacker.de\/?p=5769"},"modified":"2024-06-01T15:05:41","modified_gmt":"2024-06-01T13:05:41","slug":"mit-dem-rad-durch-die-hergershaeuser-wiesen-nach-babenhausen-tour-9","status":"publish","type":"post","link":"https:\/\/www.quartier-waldacker.de\/?p=5769","title":{"rendered":"Mit dem Rad durch die Hergersh\u00e4user Wiesen nach Babenhausen"},"content":{"rendered":"<p><span style=\"font-family: arial,helvetica,sans-serif; font-size: 14pt;\"><a href=\"https:\/\/i0.wp.com\/www.quartier-waldacker.de\/wp-content\/uploads\/2014\/04\/Radfahrergruppe.png?ssl=1\"><img data-recalc-dims=\"1\" loading=\"lazy\" decoding=\"async\" data-attachment-id=\"5215\" data-permalink=\"https:\/\/www.quartier-waldacker.de\/?attachment_id=5215#main\" data-orig-file=\"https:\/\/i0.wp.com\/www.quartier-waldacker.de\/wp-content\/uploads\/2014\/04\/Radfahrergruppe.png?fit=400%2C400&amp;ssl=1\" data-orig-size=\"400,400\" data-comments-opened=\"1\" data-image-meta=\"{&quot;aperture&quot;:&quot;0&quot;,&quot;credit&quot;:&quot;&quot;,&quot;camera&quot;:&quot;&quot;,&quot;caption&quot;:&quot;&quot;,&quot;created_timestamp&quot;:&quot;0&quot;,&quot;copyright&quot;:&quot;&quot;,&quot;focal_length&quot;:&quot;0&quot;,&quot;iso&quot;:&quot;0&quot;,&quot;shutter_speed&quot;:&quot;0&quot;,&quot;title&quot;:&quot;&quot;}\" data-image-title=\"Radfahrergruppe\" data-image-description=\"\" data-image-caption=\"\" data-large-file=\"https:\/\/i0.wp.com\/www.quartier-waldacker.de\/wp-content\/uploads\/2014\/04\/Radfahrergruppe.png?fit=400%2C400&amp;ssl=1\" class=\"alignleft  wp-image-5215\" src=\"https:\/\/i0.wp.com\/www.quartier-waldacker.de\/wp-content\/uploads\/2014\/04\/Radfahrergruppe.png?resize=133%2C133&#038;ssl=1\" alt=\"\" width=\"133\" height=\"133\" srcset=\"https:\/\/i0.wp.com\/www.quartier-waldacker.de\/wp-content\/uploads\/2014\/04\/Radfahrergruppe.png?resize=300%2C300&amp;ssl=1 300w, https:\/\/i0.wp.com\/www.quartier-waldacker.de\/wp-content\/uploads\/2014\/04\/Radfahrergruppe.png?resize=150%2C150&amp;ssl=1 150w, https:\/\/i0.wp.com\/www.quartier-waldacker.de\/wp-content\/uploads\/2014\/04\/Radfahrergruppe.png?w=400&amp;ssl=1 400w\" sizes=\"auto, (max-width: 133px) 100vw, 133px\" \/><\/a>Am <strong>Mittwoch<\/strong>, dem <strong>23. Juli<\/strong> f\u00fchrt die Radtour der Quartiersgruppe Waldacker \u00fcber M\u00fcnster an der Gersprenz entlang weiter durch das Naturschutzgebiet Hergersh\u00e4user Wiesen und der Langfeldm\u00fchle nach Babenhausen zum Hexenturm, das Wahrzeichen von Babenhausen. Eine kleine Einkehr ist geplant.<\/span><br \/>\n<span style=\"font-family: arial,helvetica,sans-serif; font-size: 14pt;\">Abfahrt ist <strong>um 18 Uhr<\/strong> am <strong>B\u00fcrgertreff Waldacker<\/strong>. Die gesamte Tour dauert ca. 3-4 Stunden.<\/span><br \/>\n<span style=\"font-family: arial,helvetica,sans-serif; font-size: 14pt;\">Weitere Informationen gibt <strong>Christa Walter<\/strong>, \uf028 06074 \u2013 6977507 oder im Schaukasten am B\u00fcrgertreff Waldacker.<\/span><\/p>\n","protected":false},"excerpt":{"rendered":"<p>Am Mittwoch, dem 23. Juli f\u00fchrt die Radtour der Quartiersgruppe Waldacker \u00fcber M\u00fcnster an der Gersprenz entlang weiter durch das Naturschutzgebiet Hergersh\u00e4user Wiesen und der Langfeldm\u00fchle nach Babenhausen zum Hexenturm, das Wahrzeichen von Babenhausen. Eine kleine Einkehr ist geplant. Abfahrt ist um 18 Uhr am B\u00fcrgertreff Waldacker. Die gesamte Tour dauert ca. 3-4 Stunden. Weitere &#8230; <a title=\"Mit dem Rad durch die Hergersh\u00e4user Wiesen nach Babenhausen\" class=\"read-more\" href=\"https:\/\/www.quartier-waldacker.de\/?p=5769\" aria-label=\"Mehr Informationen \u00fcber Mit dem Rad durch die Hergersh\u00e4user Wiesen nach Babenhausen\">Weiterlesen<\/a><\/p>\n","protected":false},"author":5,"featured_media":0,"comment_status":"open","ping_status":"open","sticky":false,"template":"","format":"standard","meta":{"generate_page_header":"","_jetpack_memberships_contains_paid_content":false,"footnotes":""},"categories":[126],"tags":[197,203,317],"class_list":["post-5769","post","type-post","status-publish","format-standard","hentry","category-radtouren","tag-radfahren","tag-radtouren","tag-roedermark"],"jetpack_featured_media_url":"","jetpack-related-posts":[{"id":22404,"url":"https:\/\/www.quartier-waldacker.de\/?p=22404","url_meta":{"origin":5769,"position":0},"title":"Radtour \u00fcber M\u00fcnster nach Babenhausen (44 km)","author":"admin","date":"9. April 2023","format":false,"excerpt":"Radlerbericht von Johannes Nach zwei verregneten Freitagen starteten die Radler der Quartiersgruppe am Karfreitag wieder durch. Bei tiefh\u00e4ngenden Wolken trafen sich 14 Verwegenen mit ihren E-Bikes am B\u00fcrgertreff Waldacker bzw. an den Rentnerb\u00e4nken. Zun\u00e4chst f\u00fchrte unser heutiger Tourenleiter Fokko durch den Wald beim Breidert an Eppertshausen vorbei in Richtung M\u00fcnster.\u2026","rel":"","context":"In &quot;Radtouren&quot;","block_context":{"text":"Radtouren","link":"https:\/\/www.quartier-waldacker.de\/?cat=126"},"img":{"alt_text":"","src":"https:\/\/i0.wp.com\/www.quartier-waldacker.de\/wp-content\/uploads\/2023\/03\/Header_Gruppe.jpg?fit=1200%2C281&ssl=1&resize=350%2C200","width":350,"height":200,"srcset":"https:\/\/i0.wp.com\/www.quartier-waldacker.de\/wp-content\/uploads\/2023\/03\/Header_Gruppe.jpg?fit=1200%2C281&ssl=1&resize=350%2C200 1x, https:\/\/i0.wp.com\/www.quartier-waldacker.de\/wp-content\/uploads\/2023\/03\/Header_Gruppe.jpg?fit=1200%2C281&ssl=1&resize=525%2C300 1.5x, https:\/\/i0.wp.com\/www.quartier-waldacker.de\/wp-content\/uploads\/2023\/03\/Header_Gruppe.jpg?fit=1200%2C281&ssl=1&resize=700%2C400 2x, https:\/\/i0.wp.com\/www.quartier-waldacker.de\/wp-content\/uploads\/2023\/03\/Header_Gruppe.jpg?fit=1200%2C281&ssl=1&resize=1050%2C600 3x"},"classes":[]},{"id":13190,"url":"https:\/\/www.quartier-waldacker.de\/?p=13190","url_meta":{"origin":5769,"position":1},"title":"Radtour &#8211; Reitersch\u00e4nke in Babenhausen-Altstadt \u2013 Langfeldsm\u00fchle in Hergershausen (43 km)","author":"admin","date":"16. Mai 2017","format":false,"excerpt":"Beitrag und Bilder von Reinhold HarnothVom B\u00fcrgertreff (am 50. Breitengrad vorbei) zur Kl\u00e4ranlage R\u00f6dermark (beim Storchennest) gefahren.\u00a0 Weiter zum Breidertring. Um Breidert rum, dann in Richtung Eppertshausen. Durch Eppertshausen nach M\u00fcnster. Dabei das Storchennest von Eppertshausen passiert (ist belegt). In M\u00fcnster auf die Gersprenz gesto\u00dfen (am Gersprenz-Station von M\u00fcnster). Dieser\u2026","rel":"","context":"In &quot;Radtouren&quot;","block_context":{"text":"Radtouren","link":"https:\/\/www.quartier-waldacker.de\/?cat=126"},"img":{"alt_text":"","src":"https:\/\/i0.wp.com\/www.quartier-waldacker.de\/wp-content\/uploads\/2017\/05\/Header11_.jpg?fit=1200%2C261&ssl=1&resize=350%2C200","width":350,"height":200,"srcset":"https:\/\/i0.wp.com\/www.quartier-waldacker.de\/wp-content\/uploads\/2017\/05\/Header11_.jpg?fit=1200%2C261&ssl=1&resize=350%2C200 1x, https:\/\/i0.wp.com\/www.quartier-waldacker.de\/wp-content\/uploads\/2017\/05\/Header11_.jpg?fit=1200%2C261&ssl=1&resize=525%2C300 1.5x, https:\/\/i0.wp.com\/www.quartier-waldacker.de\/wp-content\/uploads\/2017\/05\/Header11_.jpg?fit=1200%2C261&ssl=1&resize=700%2C400 2x, https:\/\/i0.wp.com\/www.quartier-waldacker.de\/wp-content\/uploads\/2017\/05\/Header11_.jpg?fit=1200%2C261&ssl=1&resize=1050%2C600 3x"},"classes":[]},{"id":9875,"url":"https:\/\/www.quartier-waldacker.de\/?p=9875","url_meta":{"origin":5769,"position":2},"title":"Die 3. Radsaison beginnt.","author":"admin","date":"4. April 2016","format":false,"excerpt":"Am kommenden Freitag den 8. April er\u00f6ffnet Frau Walter die diesj\u00e4hrige Radsaison der Quartiersgruppe Waldacker. Wie im letzten Jahr k\u00f6nnen alle die Spa\u00df und Lust haben mitradeln. Mit der ersten Tour geht es auf dem WUMBOR-Radweg rundum R\u00f6dermark. Die Radler treffen sich um 13 Uhr 30 am B\u00fcrgertreff. \u00a0 Weitere\u2026","rel":"","context":"In &quot;AG-Radfahren&quot;","block_context":{"text":"AG-Radfahren","link":"https:\/\/www.quartier-waldacker.de\/?cat=202"},"img":{"alt_text":"Liveisgood","src":"https:\/\/i0.wp.com\/www.quartier-waldacker.de\/wp-content\/uploads\/2015\/10\/Liveisgood-300x211.jpg?resize=350%2C200&ssl=1","width":350,"height":200},"classes":[]},{"id":14932,"url":"https:\/\/www.quartier-waldacker.de\/?p=14932","url_meta":{"origin":5769,"position":3},"title":"Radtour &#8211; Tannenhof bei Gro\u00df-Umstadt (40 km)","author":"Johannes","date":"11. September 2017","format":false,"excerpt":"Bericht und Bilder von Reinhold HarnothWir starteten am B\u00fcrgertreff in Waldacker und radelten \u00fcber den Eulerweg in Richtung Ober-Roden. Umfuhren den Stadtteil Breidert und trafen unsere Mitfahrer am dortigen Umspannwerk. Gemeinsam fuhren wir \u00fcber die Odenschneise gegen Eppertshausen. Kurz davor unterquerten wir die A45. Wir fuhren durch Eppershausen dann am\u2026","rel":"","context":"In &quot;Radtouren&quot;","block_context":{"text":"Radtouren","link":"https:\/\/www.quartier-waldacker.de\/?cat=126"},"img":{"alt_text":"","src":"https:\/\/i0.wp.com\/www.quartier-waldacker.de\/wp-content\/uploads\/2017\/09\/Header-Tannenhof.png?fit=1200%2C281&ssl=1&resize=350%2C200","width":350,"height":200,"srcset":"https:\/\/i0.wp.com\/www.quartier-waldacker.de\/wp-content\/uploads\/2017\/09\/Header-Tannenhof.png?fit=1200%2C281&ssl=1&resize=350%2C200 1x, https:\/\/i0.wp.com\/www.quartier-waldacker.de\/wp-content\/uploads\/2017\/09\/Header-Tannenhof.png?fit=1200%2C281&ssl=1&resize=525%2C300 1.5x, https:\/\/i0.wp.com\/www.quartier-waldacker.de\/wp-content\/uploads\/2017\/09\/Header-Tannenhof.png?fit=1200%2C281&ssl=1&resize=700%2C400 2x, https:\/\/i0.wp.com\/www.quartier-waldacker.de\/wp-content\/uploads\/2017\/09\/Header-Tannenhof.png?fit=1200%2C281&ssl=1&resize=1050%2C600 3x"},"classes":[]},{"id":15419,"url":"https:\/\/www.quartier-waldacker.de\/?p=15419","url_meta":{"origin":5769,"position":4},"title":"Radtour &#8211; \u00dcber Umwege nach Dudenhofen (42 km)","author":"Johannes","date":"12. Oktober 2017","format":false,"excerpt":"Dokumentation und Bilder von Reinhold HarnodGestartet wurde am B\u00fcrgertreff in Waldacker. Von hier fuhren wir zum Bahnhof Urberach, dort trafen wir uns mit den Mitfahrer\/innen aus Ober-Roden. Zun\u00e4chst durchquerten wir den alten Ortskern von Urberach, fuhren an der Kelterscheune mit den 4 Elementen vorbei. Nach der \u00dcberquerung der Pestalozzistr., f\u00fchrte\u2026","rel":"","context":"In &quot;Radtouren&quot;","block_context":{"text":"Radtouren","link":"https:\/\/www.quartier-waldacker.de\/?cat=126"},"img":{"alt_text":"","src":"https:\/\/i0.wp.com\/www.quartier-waldacker.de\/wp-content\/uploads\/2017\/10\/RadHead32.jpg?fit=1200%2C281&ssl=1&resize=350%2C200","width":350,"height":200,"srcset":"https:\/\/i0.wp.com\/www.quartier-waldacker.de\/wp-content\/uploads\/2017\/10\/RadHead32.jpg?fit=1200%2C281&ssl=1&resize=350%2C200 1x, https:\/\/i0.wp.com\/www.quartier-waldacker.de\/wp-content\/uploads\/2017\/10\/RadHead32.jpg?fit=1200%2C281&ssl=1&resize=525%2C300 1.5x, https:\/\/i0.wp.com\/www.quartier-waldacker.de\/wp-content\/uploads\/2017\/10\/RadHead32.jpg?fit=1200%2C281&ssl=1&resize=700%2C400 2x, https:\/\/i0.wp.com\/www.quartier-waldacker.de\/wp-content\/uploads\/2017\/10\/RadHead32.jpg?fit=1200%2C281&ssl=1&resize=1050%2C600 3x"},"classes":[]},{"id":15997,"url":"https:\/\/www.quartier-waldacker.de\/?p=15997","url_meta":{"origin":5769,"position":5},"title":"Radtour &#8211;  Zum Tannenhof bei Gro\u00df-Umstadt (42 Km)","author":"Johannes","date":"19. November 2017","format":false,"excerpt":"[siteorigin_widget class=\"SiteOrigin_Widget_Image_Widget\"][\/siteorigin_widget] Die heutige Tour begann wie immer um 13 Uhr in Waldacker am B\u00fcrgertreff, in Breidert am Umspannwerk trafen wir unsere Freunde aus Ober-Roden. Von hier aus ging es \u00fcber Eppershausen in Richtung Hergershausen, vorbei an der Langfeldsm\u00fchle, danach \u00fcberqueren wir die Bahnstrecke Dieburg-Babenhausen und die Bundestra\u00dfe 26. Am\u2026","rel":"","context":"In &quot;Radtouren&quot;","block_context":{"text":"Radtouren","link":"https:\/\/www.quartier-waldacker.de\/?cat=126"},"img":{"alt_text":"","src":"https:\/\/i0.wp.com\/www.quartier-waldacker.de\/wp-content\/uploads\/2017\/11\/Tannenhof.jpg?fit=1200%2C281&ssl=1&resize=350%2C200","width":350,"height":200,"srcset":"https:\/\/i0.wp.com\/www.quartier-waldacker.de\/wp-content\/uploads\/2017\/11\/Tannenhof.jpg?fit=1200%2C281&ssl=1&resize=350%2C200 1x, https:\/\/i0.wp.com\/www.quartier-waldacker.de\/wp-content\/uploads\/2017\/11\/Tannenhof.jpg?fit=1200%2C281&ssl=1&resize=525%2C300 1.5x, https:\/\/i0.wp.com\/www.quartier-waldacker.de\/wp-content\/uploads\/2017\/11\/Tannenhof.jpg?fit=1200%2C281&ssl=1&resize=700%2C400 2x, https:\/\/i0.wp.com\/www.quartier-waldacker.de\/wp-content\/uploads\/2017\/11\/Tannenhof.jpg?fit=1200%2C281&ssl=1&resize=1050%2C600 3x"},"classes":[]}],"jetpack_sharing_enabled":true,"rttpg_featured_image_url":null,"rttpg_author":{"display_name":"Johannes","author_link":"https:\/\/www.quartier-waldacker.de\/?author=5"},"rttpg_comment":0,"rttpg_category":"<a href=\"https:\/\/www.quartier-waldacker.de\/?cat=126\" rel=\"category\">Radtouren<\/a>","rttpg_excerpt":"Am Mittwoch, dem 23. Juli f\u00fchrt die Radtour der Quartiersgruppe Waldacker \u00fcber M\u00fcnster an der Gersprenz entlang weiter durch das Naturschutzgebiet Hergersh\u00e4user Wiesen und der Langfeldm\u00fchle nach Babenhausen zum Hexenturm, das Wahrzeichen von Babenhausen. Eine kleine Einkehr ist geplant. Abfahrt ist um 18 Uhr am B\u00fcrgertreff Waldacker. Die gesamte Tour dauert ca. 3-4 Stunden. Weitere&hellip;","_links":{"self":[{"href":"https:\/\/www.quartier-waldacker.de\/index.php?rest_route=\/wp\/v2\/posts\/5769","targetHints":{"allow":["GET"]}}],"collection":[{"href":"https:\/\/www.quartier-waldacker.de\/index.php?rest_route=\/wp\/v2\/posts"}],"about":[{"href":"https:\/\/www.quartier-waldacker.de\/index.php?rest_route=\/wp\/v2\/types\/post"}],"author":[{"embeddable":true,"href":"https:\/\/www.quartier-waldacker.de\/index.php?rest_route=\/wp\/v2\/users\/5"}],"replies":[{"embeddable":true,"href":"https:\/\/www.quartier-waldacker.de\/index.php?rest_route=%2Fwp%2Fv2%2Fcomments&post=5769"}],"version-history":[{"count":0,"href":"https:\/\/www.quartier-waldacker.de\/index.php?rest_route=\/wp\/v2\/posts\/5769\/revisions"}],"wp:attachment":[{"href":"https:\/\/www.quartier-waldacker.de\/index.php?rest_route=%2Fwp%2Fv2%2Fmedia&parent=5769"}],"wp:term":[{"taxonomy":"category","embeddable":true,"href":"https:\/\/www.quartier-waldacker.de\/index.php?rest_route=%2Fwp%2Fv2%2Fcategories&post=5769"},{"taxonomy":"post_tag","embeddable":true,"href":"https:\/\/www.quartier-waldacker.de\/index.php?rest_route=%2Fwp%2Fv2%2Ftags&post=5769"}],"curies":[{"name":"wp","href":"https:\/\/api.w.org\/{rel}","templated":true}]}}