{"id":5737,"date":"2014-07-11T17:50:12","date_gmt":"2014-07-11T16:50:12","guid":{"rendered":"https:\/\/www.quartier-waldacker.de\/?p=5737"},"modified":"2022-08-29T10:03:42","modified_gmt":"2022-08-29T08:03:42","slug":"mit-dem-rad-ueber-die-moersmuehle-nach-dieburg-tour-8","status":"publish","type":"post","link":"https:\/\/www.quartier-waldacker.de\/?p=5737","title":{"rendered":"Mit dem Rad \u00fcber die M\u00f6rsm\u00fchle nach Dieburg \u2013 Tour 8"},"content":{"rendered":"<p><span style=\"font-size: 14pt;\"><a href=\"https:\/\/i0.wp.com\/www.quartier-waldacker.de\/wp-content\/uploads\/2014\/07\/Moersmuehle1.jpg?ssl=1\" target=\"_blank\" rel=\"noopener\"><img data-recalc-dims=\"1\" loading=\"lazy\" decoding=\"async\" data-attachment-id=\"5748\" data-permalink=\"https:\/\/www.quartier-waldacker.de\/?attachment_id=5748#main\" data-orig-file=\"https:\/\/i0.wp.com\/www.quartier-waldacker.de\/wp-content\/uploads\/2014\/07\/Moersmuehle1.jpg?fit=%2C&amp;ssl=1\" data-orig-size=\"\" data-comments-opened=\"1\" data-image-meta=\"[]\" data-image-title=\"Moersmuehle1\" data-image-description=\"\" data-image-caption=\"\" data-large-file=\"https:\/\/i0.wp.com\/www.quartier-waldacker.de\/wp-content\/uploads\/2014\/07\/Moersmuehle1.jpg?fit=1024%2C1024&amp;ssl=1\" class=\"alignleft wp-image-5748\" src=\"https:\/\/i0.wp.com\/www.quartier-waldacker.de\/wp-content\/uploads\/2014\/07\/Moersmuehle1.jpg?resize=175%2C99&#038;ssl=1\" alt=\"\" width=\"175\" height=\"99\" \/><\/a>Am<span style=\"font-family: arial,helvetica,sans-serif;\"><strong><span style=\"font-size: 18pt;\"> Mittwoch,<\/span> dem 16. Juli<\/strong><\/span> f\u00fchrt die <strong>Radtour<\/strong> der Quartiersgruppe Waldacker \u00fcber das Freizeitgel\u00e4nde M\u00fcnster mit seinem <a href=\"http:\/\/wikimapia.org\/21226904\/de\/Bitzensee\" target=\"_blank\" rel=\"noopener\"><strong>Anglersee<\/strong>, <\/a>am\u00a0<strong>Landgasthof M\u00f6rsm\u00fchle<\/strong> vorbei, zum historischen Marktplatz <strong>nach\u00a0<a href=\"http:\/\/www.dieburg.de\/index.php\/tourismus-topmenu-27\" target=\"_blank\" rel=\"noopener\">Dieburg<\/a><\/strong>, der historischen Park- und Gartenstadt an der Gersprenz. <a href=\"https:\/\/i0.wp.com\/www.quartier-waldacker.de\/wp-content\/uploads\/2014\/07\/Dieburg_Marktplatz.jpg?ssl=1\" target=\"_blank\" rel=\"noopener\"><img data-recalc-dims=\"1\" loading=\"lazy\" decoding=\"async\" data-attachment-id=\"5751\" data-permalink=\"https:\/\/www.quartier-waldacker.de\/?attachment_id=5751#main\" data-orig-file=\"https:\/\/i0.wp.com\/www.quartier-waldacker.de\/wp-content\/uploads\/2014\/07\/Dieburg_Marktplatz.jpg?fit=%2C&amp;ssl=1\" data-orig-size=\"\" data-comments-opened=\"1\" data-image-meta=\"[]\" data-image-title=\"Dieburg_Marktplatz\" data-image-description=\"\" data-image-caption=\"\" data-large-file=\"https:\/\/i0.wp.com\/www.quartier-waldacker.de\/wp-content\/uploads\/2014\/07\/Dieburg_Marktplatz.jpg?fit=1024%2C1024&amp;ssl=1\" class=\"alignright wp-image-5751\" src=\"https:\/\/i0.wp.com\/www.quartier-waldacker.de\/wp-content\/uploads\/2014\/07\/Dieburg_Marktplatz.jpg?resize=174%2C98&#038;ssl=1\" alt=\"\" width=\"174\" height=\"98\" \/><\/a>Vom Marktplatz geht es weiter durch die deutsche Fachwerkstra\u00dfe mit ihren aufw\u00e4ndigen Fensterkonstruktionen und dekorativem Schmuckfachwerk zum\u00a0<a href=\"http:\/\/de.wikipedia.org\/wiki\/Schloss_Fechenbach\" target=\"_blank\" rel=\"noopener\"><strong>Stadtschl\u00f6sschen Fechenbach<\/strong><\/a> mit seinem angrenzenden barocken Schlosspark. <\/span><\/p>\n<p><span style=\"font-size: 14pt;\">Eine kleine Einkehr ist am Landgasthof M\u00f6rsm\u00fchle geplant.<\/span><\/p>\n<p><a href=\"https:\/\/i0.wp.com\/www.quartier-waldacker.de\/wp-content\/uploads\/2014\/07\/Dieburg1.jpg?ssl=1\" target=\"_blank\" rel=\"noopener\"><img data-recalc-dims=\"1\" loading=\"lazy\" decoding=\"async\" data-attachment-id=\"5753\" data-permalink=\"https:\/\/www.quartier-waldacker.de\/?attachment_id=5753#main\" data-orig-file=\"https:\/\/i0.wp.com\/www.quartier-waldacker.de\/wp-content\/uploads\/2014\/07\/Dieburg1.jpg?fit=1979%2C2056&amp;ssl=1\" data-orig-size=\"1979,2056\" data-comments-opened=\"1\" data-image-meta=\"{&quot;aperture&quot;:&quot;0&quot;,&quot;credit&quot;:&quot;&quot;,&quot;camera&quot;:&quot;&quot;,&quot;caption&quot;:&quot;&quot;,&quot;created_timestamp&quot;:&quot;0&quot;,&quot;copyright&quot;:&quot;&quot;,&quot;focal_length&quot;:&quot;0&quot;,&quot;iso&quot;:&quot;0&quot;,&quot;shutter_speed&quot;:&quot;0&quot;,&quot;title&quot;:&quot;&quot;}\" data-image-title=\"Dieburg1\" data-image-description=\"\" data-image-caption=\"\" data-large-file=\"https:\/\/i0.wp.com\/www.quartier-waldacker.de\/wp-content\/uploads\/2014\/07\/Dieburg1.jpg?fit=985%2C1024&amp;ssl=1\" class=\"aligncenter wp-image-5753\" src=\"https:\/\/i0.wp.com\/www.quartier-waldacker.de\/wp-content\/uploads\/2014\/07\/Dieburg1.jpg?resize=122%2C127&#038;ssl=1\" alt=\"\" width=\"122\" height=\"127\" srcset=\"https:\/\/i0.wp.com\/www.quartier-waldacker.de\/wp-content\/uploads\/2014\/07\/Dieburg1.jpg?resize=288%2C300&amp;ssl=1 288w, https:\/\/i0.wp.com\/www.quartier-waldacker.de\/wp-content\/uploads\/2014\/07\/Dieburg1.jpg?resize=985%2C1024&amp;ssl=1 985w, https:\/\/i0.wp.com\/www.quartier-waldacker.de\/wp-content\/uploads\/2014\/07\/Dieburg1.jpg?w=1979&amp;ssl=1 1979w\" sizes=\"auto, (max-width: 122px) 100vw, 122px\" \/><\/a><\/p>\n<p><strong><span style=\"font-size: 14pt;\">Abfahrt ist um 18 Uhr am B\u00fcrgertreff Waldacker. <\/span><\/strong><\/p>\n<p><span style=\"font-size: 14pt;\">Die gesamte Tour dauert ca. 3-4 Stunden.<\/span><\/p>\n<p><span style=\"font-size: 14pt;\">Weitere Informationen gibt <strong>Christa Walter, \uf028 06074 \u2013 6977507<\/strong> oder im Schaukasten am B\u00fcrgertreff Waldacker.<\/span><\/p>\n","protected":false},"excerpt":{"rendered":"<p>Am Mittwoch, dem 16. Juli f\u00fchrt die Radtour der Quartiersgruppe Waldacker \u00fcber das Freizeitgel\u00e4nde M\u00fcnster mit seinem Anglersee, am\u00a0Landgasthof M\u00f6rsm\u00fchle vorbei, zum historischen Marktplatz nach\u00a0Dieburg, der historischen Park- und Gartenstadt an der Gersprenz. Vom Marktplatz geht es weiter durch die deutsche Fachwerkstra\u00dfe mit ihren aufw\u00e4ndigen Fensterkonstruktionen und dekorativem Schmuckfachwerk zum\u00a0Stadtschl\u00f6sschen Fechenbach mit seinem angrenzenden barocken &#8230; <a title=\"Mit dem Rad \u00fcber die M\u00f6rsm\u00fchle nach Dieburg \u2013 Tour 8\" class=\"read-more\" href=\"https:\/\/www.quartier-waldacker.de\/?p=5737\" aria-label=\"Mehr Informationen \u00fcber Mit dem Rad \u00fcber die M\u00f6rsm\u00fchle nach Dieburg \u2013 Tour 8\">Weiterlesen<\/a><\/p>\n","protected":false},"author":5,"featured_media":0,"comment_status":"open","ping_status":"open","sticky":false,"template":"","format":"standard","meta":{"generate_page_header":"","_jetpack_memberships_contains_paid_content":false,"footnotes":""},"categories":[126],"tags":[197],"class_list":["post-5737","post","type-post","status-publish","format-standard","hentry","category-radtouren","tag-radfahren"],"jetpack_featured_media_url":"","jetpack-related-posts":[{"id":15273,"url":"https:\/\/www.quartier-waldacker.de\/?p=15273","url_meta":{"origin":5737,"position":0},"title":"Radtour &#8211; Zum Schlo\u00dfgarten in Dieburg (38 km)","author":"Johannes","date":"26. September 2017","format":false,"excerpt":"Ein Bericht von Reinhold HarnrothStart war wie immer um 13.00 Uhr am B\u00fcrgertreff in Waldacker. Von hier f\u00fchrte uns der Weg zum Treffpunkt Umspannwerk in Breidert (Ecke Margeritenstr. \/ Lochnerstr.) wo wir die Mitradler aus Ober-Roden trafen. \u00dcber die Odenschneise, unter der B45 hindurch ging es nach Eppertshausen. Kurz vor\u2026","rel":"","context":"In &quot;Radtouren&quot;","block_context":{"text":"Radtouren","link":"https:\/\/www.quartier-waldacker.de\/?cat=126"},"img":{"alt_text":"","src":"https:\/\/i0.wp.com\/www.quartier-waldacker.de\/wp-content\/uploads\/2017\/09\/RadHead-40.jpg?fit=1200%2C281&ssl=1&resize=350%2C200","width":350,"height":200,"srcset":"https:\/\/i0.wp.com\/www.quartier-waldacker.de\/wp-content\/uploads\/2017\/09\/RadHead-40.jpg?fit=1200%2C281&ssl=1&resize=350%2C200 1x, https:\/\/i0.wp.com\/www.quartier-waldacker.de\/wp-content\/uploads\/2017\/09\/RadHead-40.jpg?fit=1200%2C281&ssl=1&resize=525%2C300 1.5x, https:\/\/i0.wp.com\/www.quartier-waldacker.de\/wp-content\/uploads\/2017\/09\/RadHead-40.jpg?fit=1200%2C281&ssl=1&resize=700%2C400 2x, https:\/\/i0.wp.com\/www.quartier-waldacker.de\/wp-content\/uploads\/2017\/09\/RadHead-40.jpg?fit=1200%2C281&ssl=1&resize=1050%2C600 3x"},"classes":[]},{"id":25677,"url":"https:\/\/www.quartier-waldacker.de\/?p=25677","url_meta":{"origin":5737,"position":1},"title":"Kleine \u00dcberraschungs-Radtour in die n\u00e4here Umgebung von R\u00f6dermark (ca.40 km)","author":"Johannes","date":"26. Oktober 2024","format":false,"excerpt":"Start:Am 25. Oktober haben sich 22 Radler*innen am 50. Breitengrad in Waldacker getroffen, um an der angek\u00fcndigte \u00dcberraschungs-Radtour teilzunehmen. Das Wetter war perfekt zum Fahrradfahren. Aber heute war es nicht wie sonst. Eine Hiobsbotschaft, die am Vorabend die Runde machte, traf die Gruppe hart. Sie sorgte f\u00fcr viel Gespr\u00e4chsstoff. Unser\u2026","rel":"","context":"In &quot;Radtouren&quot;","block_context":{"text":"Radtouren","link":"https:\/\/www.quartier-waldacker.de\/?cat=126"},"img":{"alt_text":"","src":"https:\/\/i0.wp.com\/www.quartier-waldacker.de\/wp-content\/uploads\/2017\/03\/Header_Gruppe_2024_ab2024.jpg?fit=1200%2C281&ssl=1&resize=350%2C200","width":350,"height":200,"srcset":"https:\/\/i0.wp.com\/www.quartier-waldacker.de\/wp-content\/uploads\/2017\/03\/Header_Gruppe_2024_ab2024.jpg?fit=1200%2C281&ssl=1&resize=350%2C200 1x, https:\/\/i0.wp.com\/www.quartier-waldacker.de\/wp-content\/uploads\/2017\/03\/Header_Gruppe_2024_ab2024.jpg?fit=1200%2C281&ssl=1&resize=525%2C300 1.5x, https:\/\/i0.wp.com\/www.quartier-waldacker.de\/wp-content\/uploads\/2017\/03\/Header_Gruppe_2024_ab2024.jpg?fit=1200%2C281&ssl=1&resize=700%2C400 2x, https:\/\/i0.wp.com\/www.quartier-waldacker.de\/wp-content\/uploads\/2017\/03\/Header_Gruppe_2024_ab2024.jpg?fit=1200%2C281&ssl=1&resize=1050%2C600 3x"},"classes":[]},{"id":25385,"url":"https:\/\/www.quartier-waldacker.de\/?p=25385","url_meta":{"origin":5737,"position":2},"title":"Kleine Radtour nach Gro\u00df-Umstadt (52 km)","author":"Johannes","date":"21. September 2024","format":false,"excerpt":"Start:Bei bestem Wetter machten sich um 11.30 Uhr 16 Radfahrerinnen und Radfahrer vom heutigen Ausgangspunkt Schillerhaus in der Schillerstra\u00dfe 17 in Urberach auf den Weg. Ein Teil der Gruppe hatte zuvor das Angebot \u201eFr\u00fchst\u00fcck mit Schiller\u201c wahrgenommen. Dieses wird jeden 3. Freitag im Monat im Schillerhaus angeboten. Nach der Begr\u00fc\u00dfung\u2026","rel":"","context":"In &quot;Radtouren&quot;","block_context":{"text":"Radtouren","link":"https:\/\/www.quartier-waldacker.de\/?cat=126"},"img":{"alt_text":"","src":"https:\/\/i0.wp.com\/www.quartier-waldacker.de\/wp-content\/uploads\/2017\/03\/Header_Gruppe_2024_ab2024.jpg?fit=1200%2C281&ssl=1&resize=350%2C200","width":350,"height":200,"srcset":"https:\/\/i0.wp.com\/www.quartier-waldacker.de\/wp-content\/uploads\/2017\/03\/Header_Gruppe_2024_ab2024.jpg?fit=1200%2C281&ssl=1&resize=350%2C200 1x, https:\/\/i0.wp.com\/www.quartier-waldacker.de\/wp-content\/uploads\/2017\/03\/Header_Gruppe_2024_ab2024.jpg?fit=1200%2C281&ssl=1&resize=525%2C300 1.5x, https:\/\/i0.wp.com\/www.quartier-waldacker.de\/wp-content\/uploads\/2017\/03\/Header_Gruppe_2024_ab2024.jpg?fit=1200%2C281&ssl=1&resize=700%2C400 2x, https:\/\/i0.wp.com\/www.quartier-waldacker.de\/wp-content\/uploads\/2017\/03\/Header_Gruppe_2024_ab2024.jpg?fit=1200%2C281&ssl=1&resize=1050%2C600 3x"},"classes":[]},{"id":14398,"url":"https:\/\/www.quartier-waldacker.de\/?p=14398","url_meta":{"origin":5737,"position":3},"title":"Radtour &#8211; Fischerh\u00fctte Darmstadt (58 Km)","author":"Johannes","date":"6. August 2017","format":false,"excerpt":"\u00a0 Bericht und Bilder von Reinhold Harnoth.Die 23. Tour der Fahrradgruppe Quartier Waldacker startete ausnahmsweise um 11 Uhr vom B\u00fcrgertreff Waldacker in Richtung Urberach. Am Urberacher Bahnhof stie\u00dfen unsere Radler-Freunde aus Ober-Roden und Urberach dazu. \u00dcber den Urberacher Bienengarten und \u00fcber die weiterf\u00fchrende Lange Schneise erreichten wir nach ca. 3\u2026","rel":"","context":"In &quot;Radtouren&quot;","block_context":{"text":"Radtouren","link":"https:\/\/www.quartier-waldacker.de\/?cat=126"},"img":{"alt_text":"","src":"https:\/\/i0.wp.com\/www.quartier-waldacker.de\/wp-content\/uploads\/2017\/08\/Header_Fischerhuette.png?fit=1200%2C261&ssl=1&resize=350%2C200","width":350,"height":200,"srcset":"https:\/\/i0.wp.com\/www.quartier-waldacker.de\/wp-content\/uploads\/2017\/08\/Header_Fischerhuette.png?fit=1200%2C261&ssl=1&resize=350%2C200 1x, https:\/\/i0.wp.com\/www.quartier-waldacker.de\/wp-content\/uploads\/2017\/08\/Header_Fischerhuette.png?fit=1200%2C261&ssl=1&resize=525%2C300 1.5x, https:\/\/i0.wp.com\/www.quartier-waldacker.de\/wp-content\/uploads\/2017\/08\/Header_Fischerhuette.png?fit=1200%2C261&ssl=1&resize=700%2C400 2x, https:\/\/i0.wp.com\/www.quartier-waldacker.de\/wp-content\/uploads\/2017\/08\/Header_Fischerhuette.png?fit=1200%2C261&ssl=1&resize=1050%2C600 3x"},"classes":[]},{"id":13259,"url":"https:\/\/www.quartier-waldacker.de\/?p=13259","url_meta":{"origin":5737,"position":4},"title":"Radtour &#8211; Golfplatz Gro\u00df-Zimmern, Reinheimer Teiche (53 km)","author":"admin","date":"30. Mai 2017","format":false,"excerpt":"Bericht und Bilder von Reinhold Harnoth Start am B\u00fcrgertreff in Waldacker. \u00dcber Eulerweg in Richtung Ober-Roden. Am Nest der St\u00f6rche vorbei (klapperten gerade beim Vorbeifahren). Von dort \u00fcber Breidert nach Eppertshausen. In Richtung Dieburg wurde das Storchennest mit zwei Storchenk\u00fcken von Eppertshausen passiert. In M\u00fcnster Einkehr bei \u201eAuszeit bei Axel\u201c\u2026","rel":"","context":"In &quot;Radtouren&quot;","block_context":{"text":"Radtouren","link":"https:\/\/www.quartier-waldacker.de\/?cat=126"},"img":{"alt_text":"","src":"https:\/\/i0.wp.com\/www.quartier-waldacker.de\/wp-content\/uploads\/2017\/05\/RadHead12.jpg?fit=1200%2C281&ssl=1&resize=350%2C200","width":350,"height":200,"srcset":"https:\/\/i0.wp.com\/www.quartier-waldacker.de\/wp-content\/uploads\/2017\/05\/RadHead12.jpg?fit=1200%2C281&ssl=1&resize=350%2C200 1x, https:\/\/i0.wp.com\/www.quartier-waldacker.de\/wp-content\/uploads\/2017\/05\/RadHead12.jpg?fit=1200%2C281&ssl=1&resize=525%2C300 1.5x, https:\/\/i0.wp.com\/www.quartier-waldacker.de\/wp-content\/uploads\/2017\/05\/RadHead12.jpg?fit=1200%2C281&ssl=1&resize=700%2C400 2x, https:\/\/i0.wp.com\/www.quartier-waldacker.de\/wp-content\/uploads\/2017\/05\/RadHead12.jpg?fit=1200%2C281&ssl=1&resize=1050%2C600 3x"},"classes":[]},{"id":24382,"url":"https:\/\/www.quartier-waldacker.de\/?p=24382","url_meta":{"origin":5737,"position":5},"title":"Radtour zum Freizeitzentrum Spie\u00dffeld bei Dieburg (53 km)","author":"Johannes","date":"25. Mai 2024","format":false,"excerpt":"Die diesj\u00e4hrige Fahrradsaison begann verregnet und setzt sich fast w\u00f6chentlich freitags fort. So auch am 24.05.2024. Trotzdem sind 20 Freiluftaktivisten aufgebrochen, in der Hoffnung, dass ab 12 Uhr der Dauerregen aufh\u00f6rt. Am heutigen Treffpunkt an den Rentnerb\u00e4nken in Ober-Roden trafen sich, wie bereits erw\u00e4hnt, 20 Radler. Nach einer kurzen Beratung\u2026","rel":"","context":"In &quot;Radtouren&quot;","block_context":{"text":"Radtouren","link":"https:\/\/www.quartier-waldacker.de\/?cat=126"},"img":{"alt_text":"","src":"https:\/\/i0.wp.com\/www.quartier-waldacker.de\/wp-content\/uploads\/2017\/03\/Header_Gruppe_2024_ab2024.jpg?fit=1200%2C281&ssl=1&resize=350%2C200","width":350,"height":200,"srcset":"https:\/\/i0.wp.com\/www.quartier-waldacker.de\/wp-content\/uploads\/2017\/03\/Header_Gruppe_2024_ab2024.jpg?fit=1200%2C281&ssl=1&resize=350%2C200 1x, https:\/\/i0.wp.com\/www.quartier-waldacker.de\/wp-content\/uploads\/2017\/03\/Header_Gruppe_2024_ab2024.jpg?fit=1200%2C281&ssl=1&resize=525%2C300 1.5x, https:\/\/i0.wp.com\/www.quartier-waldacker.de\/wp-content\/uploads\/2017\/03\/Header_Gruppe_2024_ab2024.jpg?fit=1200%2C281&ssl=1&resize=700%2C400 2x, https:\/\/i0.wp.com\/www.quartier-waldacker.de\/wp-content\/uploads\/2017\/03\/Header_Gruppe_2024_ab2024.jpg?fit=1200%2C281&ssl=1&resize=1050%2C600 3x"},"classes":[]}],"jetpack_sharing_enabled":true,"rttpg_featured_image_url":null,"rttpg_author":{"display_name":"Johannes","author_link":"https:\/\/www.quartier-waldacker.de\/?author=5"},"rttpg_comment":0,"rttpg_category":"<a href=\"https:\/\/www.quartier-waldacker.de\/?cat=126\" rel=\"category\">Radtouren<\/a>","rttpg_excerpt":"Am Mittwoch, dem 16. Juli f\u00fchrt die Radtour der Quartiersgruppe Waldacker \u00fcber das Freizeitgel\u00e4nde M\u00fcnster mit seinem Anglersee, am\u00a0Landgasthof M\u00f6rsm\u00fchle vorbei, zum historischen Marktplatz nach\u00a0Dieburg, der historischen Park- und Gartenstadt an der Gersprenz. Vom Marktplatz geht es weiter durch die deutsche Fachwerkstra\u00dfe mit ihren aufw\u00e4ndigen Fensterkonstruktionen und dekorativem Schmuckfachwerk zum\u00a0Stadtschl\u00f6sschen Fechenbach mit seinem angrenzenden barocken&hellip;","_links":{"self":[{"href":"https:\/\/www.quartier-waldacker.de\/index.php?rest_route=\/wp\/v2\/posts\/5737","targetHints":{"allow":["GET"]}}],"collection":[{"href":"https:\/\/www.quartier-waldacker.de\/index.php?rest_route=\/wp\/v2\/posts"}],"about":[{"href":"https:\/\/www.quartier-waldacker.de\/index.php?rest_route=\/wp\/v2\/types\/post"}],"author":[{"embeddable":true,"href":"https:\/\/www.quartier-waldacker.de\/index.php?rest_route=\/wp\/v2\/users\/5"}],"replies":[{"embeddable":true,"href":"https:\/\/www.quartier-waldacker.de\/index.php?rest_route=%2Fwp%2Fv2%2Fcomments&post=5737"}],"version-history":[{"count":0,"href":"https:\/\/www.quartier-waldacker.de\/index.php?rest_route=\/wp\/v2\/posts\/5737\/revisions"}],"wp:attachment":[{"href":"https:\/\/www.quartier-waldacker.de\/index.php?rest_route=%2Fwp%2Fv2%2Fmedia&parent=5737"}],"wp:term":[{"taxonomy":"category","embeddable":true,"href":"https:\/\/www.quartier-waldacker.de\/index.php?rest_route=%2Fwp%2Fv2%2Fcategories&post=5737"},{"taxonomy":"post_tag","embeddable":true,"href":"https:\/\/www.quartier-waldacker.de\/index.php?rest_route=%2Fwp%2Fv2%2Ftags&post=5737"}],"curies":[{"name":"wp","href":"https:\/\/api.w.org\/{rel}","templated":true}]}}