{"id":28772,"date":"2026-09-01T10:07:12","date_gmt":"2026-09-01T08:07:12","guid":{"rendered":"https:\/\/www.quartier-waldacker.de\/?p=28772"},"modified":"2026-09-01T10:08:38","modified_gmt":"2026-09-01T08:08:38","slug":"gute-nachricht-fuer-windows-10-nutzer-mehr-sicherheit-bis-2027","status":"publish","type":"post","link":"https:\/\/www.quartier-waldacker.de\/?p=28772","title":{"rendered":"Gute Nachricht f\u00fcr Windows-10-Nutzer: Mehr Sicherheit bis 2027"},"content":{"rendered":"\n<p class=\"has-medium-font-size wp-block-paragraph\">Gute Nachrichten f\u00fcr alle, die noch einen PC mit Windows 10 nutzen: Microsoft hat das Programm f\u00fcr <strong>erweiterte Sicherheitsupdates (ESU)<\/strong> bis zum <strong>12. Oktober 2027<\/strong> ge\u00f6ffnet. Dadurch k\u00f6nnen viele Nutzer ihren Windows-10-PC auch nach dem offiziellen Supportende weiter sicher verwenden. <a href=\"https:\/\/www.microsoft.com\/de-de\/windows\/extended-security-updates\">[microsoft.com]<\/a><\/p>\n\n\n\n<h2 class=\"wp-block-heading\">Was bedeutet das?<\/h2>\n\n\n\n<p class=\"has-medium-font-size wp-block-paragraph\">Der regul\u00e4re Support f\u00fcr Windows 10 endete am <strong>14. Oktober 2025<\/strong>. PCs mit Windows 10 erhalten danach normalerweise keine Sicherheitsupdates mehr. Mit dem ESU-Programm (Extended Security Updates) k\u00f6nnen Nutzer jedoch weiterhin wichtige Sicherheitsupdates erhalten. <a href=\"https:\/\/www.microsoft.com\/de-de\/windows\/extended-security-updates\">[microsoft.com]<\/a>, <a href=\"https:\/\/support.microsoft.com\/de-de\/servicing\/os\/windows-10\/2025\/10\/windows-10-extended-security-updates-esu-program\">[support.mi&#8230;rosoft.com]<\/a><\/p>\n\n\n\n<h2 class=\"wp-block-heading\">Welche Voraussetzungen gelten?<\/h2>\n\n\n\n<p class=\"has-medium-font-size wp-block-paragraph\">Damit ein PC f\u00fcr die erweiterten Sicherheitsupdates registriert werden kann, m\u00fcssen einige Bedingungen erf\u00fcllt sein:<\/p>\n\n\n\n<ul class=\"wp-block-list\">\n<li class=\"has-medium-font-size\">Windows 10 <strong>Version 22H2<\/strong> muss installiert sein.<\/li>\n\n\n\n<li class=\"has-medium-font-size\">Das Ger\u00e4t muss auf dem aktuellen Update-Stand sein.<\/li>\n\n\n\n<li class=\"has-medium-font-size\">Unterst\u00fctzt werden die Editionen Home, Professional, Pro Education und Pro for Workstations.<\/li>\n\n\n\n<li class=\"has-medium-font-size\">F\u00fcr die Registrierung wird ein <strong>Microsoft-Konto<\/strong> ben\u00f6tigt.<\/li>\n\n\n\n<li class=\"has-medium-font-size\">Der Nutzer muss \u00fcber Administratorrechte verf\u00fcgen. <a href=\"https:\/\/www.microsoft.com\/de-de\/windows\/extended-security-updates\">[microsoft.com]<\/a>, <a href=\"https:\/\/learn.microsoft.com\/de-de\/windows\/whats-new\/extended-security-updates\">[learn.microsoft.com]<\/a><\/li>\n<\/ul>\n\n\n\n<h2 class=\"wp-block-heading\">Was ist enthalten?<\/h2>\n\n\n\n<p class=\"has-medium-font-size wp-block-paragraph\">Das ESU-Programm bietet weiterhin:<\/p>\n\n\n\n<p class=\"has-medium-font-size wp-block-paragraph\">&#x2705; Wichtige Sicherheitsupdates<br>&#x2705; Schutz vor neu entdeckten Sicherheitsl\u00fccken<\/p>\n\n\n\n<p class=\"has-medium-font-size wp-block-paragraph\">Nicht enthalten sind:<\/p>\n\n\n\n<p class=\"has-medium-font-size wp-block-paragraph\">&#x274c; Neue Funktionen<br>&#x274c; Leistungsverbesserungen<br>&#x274c; Allgemeiner technischer Support f\u00fcr Windows 10 <a href=\"https:\/\/www.microsoft.com\/de-de\/windows\/extended-security-updates\">[microsoft.com]<\/a>, <a href=\"https:\/\/learn.microsoft.com\/de-de\/windows\/whats-new\/extended-security-updates\">[learn.microsoft.com]<\/a><\/p>\n\n\n\n<h2 class=\"wp-block-heading\">F\u00fcr wen lohnt sich das?<\/h2>\n\n\n\n<p class=\"has-medium-font-size wp-block-paragraph\">Vor allem f\u00fcr Nutzer \u00e4lterer PCs, die nicht auf Windows 11 umsteigen k\u00f6nnen oder m\u00f6chten. Wer einen Windows-11-f\u00e4higen Computer besitzt, sollte langfristig dennoch ein Upgrade auf das aktuelle Betriebssystem in Betracht ziehen.<\/p>\n\n\n\n<h2 class=\"wp-block-heading\">Fazit<\/h2>\n\n\n\n<p class=\"has-medium-font-size wp-block-paragraph\">Niemand muss seinen funktionierenden Windows-10-PC sofort entsorgen. Durch die erweiterten Sicherheitsupdates kann das Ger\u00e4t noch bis Oktober 2027 sicherer genutzt werden. Wer Windows 10 weiterhin verwenden m\u00f6chte, sollte pr\u00fcfen, ob sein PC die Voraussetzungen f\u00fcr das ESU-Programm erf\u00fcllt. <a href=\"https:\/\/www.microsoft.com\/de-de\/windows\/extended-security-updates\">[microsoft.com]<\/a><\/p>\n","protected":false},"excerpt":{"rendered":"<p>Gute Nachrichten f\u00fcr alle, die noch einen PC mit Windows 10 nutzen: Microsoft hat das Programm f\u00fcr erweiterte Sicherheitsupdates (ESU) bis zum 12. Oktober 2027 ge\u00f6ffnet. Dadurch k\u00f6nnen viele Nutzer ihren Windows-10-PC auch nach dem offiziellen Supportende weiter sicher verwenden. [microsoft.com] Was bedeutet das? Der regul\u00e4re Support f\u00fcr Windows 10 endete am 14. Oktober 2025. &#8230; <a title=\"Gute Nachricht f\u00fcr Windows-10-Nutzer: Mehr Sicherheit bis 2027\" class=\"read-more\" href=\"https:\/\/www.quartier-waldacker.de\/?p=28772\" aria-label=\"Mehr Informationen \u00fcber Gute Nachricht f\u00fcr Windows-10-Nutzer: Mehr Sicherheit bis 2027\">Weiterlesen<\/a><\/p>\n","protected":false},"author":5,"featured_media":19434,"comment_status":"open","ping_status":"closed","sticky":false,"template":"","format":"standard","meta":{"generate_page_header":"","_jetpack_newsletter_access":"","_jetpack_dont_email_post_to_subs":false,"_jetpack_newsletter_tier_id":0,"_jetpack_memberships_contains_paywalled_content":false,"_jetpack_feature_clip_id":0,"_jetpack_memberships_contains_paid_content":false,"footnotes":"","jetpack_post_was_ever_published":false},"categories":[1],"tags":[],"class_list":["post-28772","post","type-post","status-publish","format-standard","has-post-thumbnail","hentry","category-uncategorized"],"jetpack-related-posts":[{"id":21160,"url":"https:\/\/www.quartier-waldacker.de\/?p=21160","url_meta":{"origin":28772,"position":0},"title":"Workshop &#8220;Senioren,PC und Internet&#8221; startet nach Corona wieder durch,","author":"admin","date":"21. November 2022","format":false,"excerpt":"Bericht von Fr. Ziesecke OP-19.11.2022 \u201eAufbau-Workshop Senioren, PC und Internet\u201c bietet die Quartiersgruppe Waldacker 14-t\u00e4glich im B\u00fcrgertreff Waldacker an. Klingt anspruchsvoll, ist es auch. Es soll niemand die Damen und Herren gehobenen Alters untersch\u00e4tzen \u2013 sie sind allemal auf dem Laufenden, mal mit einer kurzen Zweifelsfalte auf der Stirn und\u2026","rel":"","context":"In &quot;Workshop&quot;","block_context":{"text":"Workshop","link":"https:\/\/www.quartier-waldacker.de\/?cat=172"},"img":{"alt_text":"","src":"https:\/\/i0.wp.com\/www.quartier-waldacker.de\/wp-content\/uploads\/2022\/10\/AUFBAU_Work.jpg?fit=1200%2C281&ssl=1&resize=350%2C200","width":350,"height":200,"srcset":"https:\/\/i0.wp.com\/www.quartier-waldacker.de\/wp-content\/uploads\/2022\/10\/AUFBAU_Work.jpg?fit=1200%2C281&ssl=1&resize=350%2C200 1x, https:\/\/i0.wp.com\/www.quartier-waldacker.de\/wp-content\/uploads\/2022\/10\/AUFBAU_Work.jpg?fit=1200%2C281&ssl=1&resize=525%2C300 1.5x, https:\/\/i0.wp.com\/www.quartier-waldacker.de\/wp-content\/uploads\/2022\/10\/AUFBAU_Work.jpg?fit=1200%2C281&ssl=1&resize=700%2C400 2x, https:\/\/i0.wp.com\/www.quartier-waldacker.de\/wp-content\/uploads\/2022\/10\/AUFBAU_Work.jpg?fit=1200%2C281&ssl=1&resize=1050%2C600 3x"},"classes":[]},{"id":9774,"url":"https:\/\/www.quartier-waldacker.de\/?p=9774","url_meta":{"origin":28772,"position":1},"title":"Radweg im \u201eNiemandsland\u201c","author":"admin","date":"23. M\u00e4rz 2016","format":false,"excerpt":"Ein Beitrag von Theo Frie\u00df \u00dcber die Radwege des Stadtteils R\u00f6dermark-Waldacker wird seit der Sanierung der B459 diskutiert. Eine allseits befriedigende L\u00f6sung ist bis heute nicht gefunden. Besonders am Ortseingang - \u00a0aus Dietzenbach kommend \u2013 gibt es gro\u00dfe Unklarheiten. Urspr\u00fcnglich war ab dem Radwegende die Benutzung des B\u00fcrgersteiges auch f\u00fcr\u2026","rel":"","context":"In &quot;B\u00fcrgerschaftliches Engagement&quot;","block_context":{"text":"B\u00fcrgerschaftliches Engagement","link":"https:\/\/www.quartier-waldacker.de\/?cat=184"},"img":{"alt_text":"","src":"","width":0,"height":0},"classes":[]},{"id":3920,"url":"https:\/\/www.quartier-waldacker.de\/?p=3920","url_meta":{"origin":28772,"position":2},"title":"Barrierefrei von A nach B mit dem Smartphone","author":"admin","date":"10. November 2013","format":false,"excerpt":"Pressemitteilung B\u00fcrgermeister Roland Kern vom 07.11.2013 Leitbildprojekt \u201ebarrierefreie Stadt\u201c: In Zusammenarbeit mit der Hochschule Darmstadt wird eine Navigationsapp f\u00fcr Menschen mit Gehbehinderung und Rollstuhlfahrer entwickelt \u2013 \u201eWenn ich Barrieren nicht \u00e4ndern kann, dann muss ich lernen, damit umzugehen!\" Steile Rampen, Treppenstufen, Baustellen, schmale, regelm\u00e4\u00dfig zu geparkte oder unebene Gehwege, nicht\u2026","rel":"","context":"Similar post","block_context":{"text":"Similar post","link":""},"img":{"alt_text":"","src":"https:\/\/i0.wp.com\/www.quartier-waldacker.de\/wp-content\/uploads\/2013\/11\/9068344978_ed1f75bd271-163x300.jpg?resize=350%2C200&ssl=1","width":350,"height":200},"classes":[]},{"id":6506,"url":"https:\/\/www.quartier-waldacker.de\/?p=6506","url_meta":{"origin":28772,"position":3},"title":"Radtour n. Offenbach-Bieber","author":"Johannes","date":"29. September 2014","format":false,"excerpt":"Die diesw\u00f6chige Radtour f\u00fchrt \u00fcber das Hofgut Padershausen nach Heusenstamm am\u00a0 Schloss Sch\u00f6nborn mit seinem kleinen Schlosspark vorbei nach Offenbach-Bieber. In Bieber angekommen ist der Besuch des Restaurants \u201eZur G\u00e4rtnerruhe\u201c (Lokomotive) auf dem Programm. Bekannt f\u00fcr seine preiswerte und gute Schnitzel. \u00a0 \u00a0 Abfahrt ist am Freitag den 10. Oktober\u2026","rel":"","context":"In &quot;Radtouren&quot;","block_context":{"text":"Radtouren","link":"https:\/\/www.quartier-waldacker.de\/?cat=126"},"img":{"alt_text":"P1070205_kl","src":"https:\/\/i0.wp.com\/www.quartier-waldacker.de\/wp-content\/uploads\/2014\/09\/P1070205_kl-300x169.jpg?resize=350%2C200&ssl=1","width":350,"height":200},"classes":[]},{"id":20273,"url":"https:\/\/www.quartier-waldacker.de\/?p=20273","url_meta":{"origin":28772,"position":4},"title":"Die Kugeln rollen wieder!","author":"admin","date":"13. Mai 2021","format":"image","excerpt":"Am Freitag dem 21. Mai, beginnt die Boule- Saison 2021 der Quartiersgruppe Waldacker. Interessierte am Boule- Spiel treffen sich - Corona bedingt - mit Maske bei spielbarem Wetter immer freitags ab 17 Uhr auf dem Mehrgenerationen - Spielplatz \u201eAm Lerchenberg\u201c. Das Quartier Waldacker l\u00e4dt alle recht herzlich ein, die Spa\u00df\u2026","rel":"","context":"In &quot;Boule - Spiel&quot;","block_context":{"text":"Boule - Spiel","link":"https:\/\/www.quartier-waldacker.de\/?cat=63"},"img":{"alt_text":"","src":"https:\/\/i0.wp.com\/www.quartier-waldacker.de\/wp-content\/uploads\/2018\/04\/Boulespiel.jpg?fit=1200%2C281&ssl=1&resize=350%2C200","width":350,"height":200,"srcset":"https:\/\/i0.wp.com\/www.quartier-waldacker.de\/wp-content\/uploads\/2018\/04\/Boulespiel.jpg?fit=1200%2C281&ssl=1&resize=350%2C200 1x, https:\/\/i0.wp.com\/www.quartier-waldacker.de\/wp-content\/uploads\/2018\/04\/Boulespiel.jpg?fit=1200%2C281&ssl=1&resize=525%2C300 1.5x, https:\/\/i0.wp.com\/www.quartier-waldacker.de\/wp-content\/uploads\/2018\/04\/Boulespiel.jpg?fit=1200%2C281&ssl=1&resize=700%2C400 2x, https:\/\/i0.wp.com\/www.quartier-waldacker.de\/wp-content\/uploads\/2018\/04\/Boulespiel.jpg?fit=1200%2C281&ssl=1&resize=1050%2C600 3x"},"classes":[]},{"id":25650,"url":"https:\/\/www.quartier-waldacker.de\/?p=25650","url_meta":{"origin":28772,"position":5},"title":"\u201eIhr seid schuld, dass es mir so gut geht!\u201c","author":"admin","date":"23. Oktober 2024","format":false,"excerpt":"Beitrag von Christine Ziesecke - Offenbach Post Die Lebenserwartung steigt; immer mehr B\u00fcrgerinnen und B\u00fcrger erreichen die Grenze des 90. Lebensjahres und mehr. Doch wohl wenige sind \u2013 geistig wie k\u00f6rperlich - so fit wie Roman Wei\u00dfenberger, der am Montag im B\u00fcrgertreff eine kleine Geburtstagsfeier ausgerichtet bekam. Die Fahrradgruppe, die\u2026","rel":"","context":"In &quot;AG-Radfahren&quot;","block_context":{"text":"AG-Radfahren","link":"https:\/\/www.quartier-waldacker.de\/?cat=202"},"img":{"alt_text":"","src":"https:\/\/i0.wp.com\/www.quartier-waldacker.de\/wp-content\/uploads\/2024\/10\/GB95-_1280.jpg?fit=1200%2C281&ssl=1&resize=350%2C200","width":350,"height":200,"srcset":"https:\/\/i0.wp.com\/www.quartier-waldacker.de\/wp-content\/uploads\/2024\/10\/GB95-_1280.jpg?fit=1200%2C281&ssl=1&resize=350%2C200 1x, https:\/\/i0.wp.com\/www.quartier-waldacker.de\/wp-content\/uploads\/2024\/10\/GB95-_1280.jpg?fit=1200%2C281&ssl=1&resize=525%2C300 1.5x, https:\/\/i0.wp.com\/www.quartier-waldacker.de\/wp-content\/uploads\/2024\/10\/GB95-_1280.jpg?fit=1200%2C281&ssl=1&resize=700%2C400 2x, https:\/\/i0.wp.com\/www.quartier-waldacker.de\/wp-content\/uploads\/2024\/10\/GB95-_1280.jpg?fit=1200%2C281&ssl=1&resize=1050%2C600 3x"},"classes":[]}],"jetpack_sharing_enabled":true,"jetpack_featured_media_url":"https:\/\/i0.wp.com\/www.quartier-waldacker.de\/wp-content\/uploads\/2019\/09\/Header-PC.jpg?fit=1280%2C300&ssl=1","rttpg_featured_image_url":{"full":["https:\/\/i0.wp.com\/www.quartier-waldacker.de\/wp-content\/uploads\/2019\/09\/Header-PC.jpg?fit=1280%2C300&ssl=1",1280,300,false],"landscape":["https:\/\/www.quartier-waldacker.de\/wp-content\/uploads\/2019\/09\/Header-PC.jpg",1280,300,false],"portraits":["https:\/\/www.quartier-waldacker.de\/wp-content\/uploads\/2019\/09\/Header-PC.jpg",1280,300,false],"thumbnail":["https:\/\/i0.wp.com\/www.quartier-waldacker.de\/wp-content\/uploads\/2019\/09\/Header-PC.jpg?resize=150%2C150&ssl=1",150,150,true],"medium":["https:\/\/i0.wp.com\/www.quartier-waldacker.de\/wp-content\/uploads\/2019\/09\/Header-PC.jpg?fit=300%2C70&ssl=1",300,70,true],"large":["https:\/\/i0.wp.com\/www.quartier-waldacker.de\/wp-content\/uploads\/2019\/09\/Header-PC.jpg?fit=1024%2C240&ssl=1",1024,240,true],"1536x1536":["https:\/\/i0.wp.com\/www.quartier-waldacker.de\/wp-content\/uploads\/2019\/09\/Header-PC.jpg?fit=1280%2C300&ssl=1",1280,300,true],"2048x2048":["https:\/\/i0.wp.com\/www.quartier-waldacker.de\/wp-content\/uploads\/2019\/09\/Header-PC.jpg?fit=1280%2C300&ssl=1",1280,300,true]},"rttpg_author":{"display_name":"Johannes","author_link":"https:\/\/www.quartier-waldacker.de\/?author=5"},"rttpg_comment":0,"rttpg_category":"<a href=\"https:\/\/www.quartier-waldacker.de\/?cat=1\" rel=\"category\">Allgemein<\/a>","rttpg_excerpt":"Gute Nachrichten f\u00fcr alle, die noch einen PC mit Windows 10 nutzen: Microsoft hat das Programm f\u00fcr erweiterte Sicherheitsupdates (ESU) bis zum 12. Oktober 2027 ge\u00f6ffnet. Dadurch k\u00f6nnen viele Nutzer ihren Windows-10-PC auch nach dem offiziellen Supportende weiter sicher verwenden. [microsoft.com] Was bedeutet das? Der regul\u00e4re Support f\u00fcr Windows 10 endete am 14. Oktober 2025.&hellip;","_links":{"self":[{"href":"https:\/\/www.quartier-waldacker.de\/index.php?rest_route=\/wp\/v2\/posts\/28772","targetHints":{"allow":["GET"]}}],"collection":[{"href":"https:\/\/www.quartier-waldacker.de\/index.php?rest_route=\/wp\/v2\/posts"}],"about":[{"href":"https:\/\/www.quartier-waldacker.de\/index.php?rest_route=\/wp\/v2\/types\/post"}],"author":[{"embeddable":true,"href":"https:\/\/www.quartier-waldacker.de\/index.php?rest_route=\/wp\/v2\/users\/5"}],"replies":[{"embeddable":true,"href":"https:\/\/www.quartier-waldacker.de\/index.php?rest_route=%2Fwp%2Fv2%2Fcomments&post=28772"}],"version-history":[{"count":3,"href":"https:\/\/www.quartier-waldacker.de\/index.php?rest_route=\/wp\/v2\/posts\/28772\/revisions"}],"predecessor-version":[{"id":28775,"href":"https:\/\/www.quartier-waldacker.de\/index.php?rest_route=\/wp\/v2\/posts\/28772\/revisions\/28775"}],"wp:featuredmedia":[{"embeddable":true,"href":"https:\/\/www.quartier-waldacker.de\/index.php?rest_route=\/wp\/v2\/media\/19434"}],"wp:attachment":[{"href":"https:\/\/www.quartier-waldacker.de\/index.php?rest_route=%2Fwp%2Fv2%2Fmedia&parent=28772"}],"wp:term":[{"taxonomy":"category","embeddable":true,"href":"https:\/\/www.quartier-waldacker.de\/index.php?rest_route=%2Fwp%2Fv2%2Fcategories&post=28772"},{"taxonomy":"post_tag","embeddable":true,"href":"https:\/\/www.quartier-waldacker.de\/index.php?rest_route=%2Fwp%2Fv2%2Ftags&post=28772"}],"curies":[{"name":"wp","href":"https:\/\/api.w.org\/{rel}","templated":true}]}}