{"id":27862,"date":"2026-04-26T17:37:59","date_gmt":"2026-04-26T15:37:59","guid":{"rendered":"https:\/\/www.quartier-waldacker.de\/?p=27862"},"modified":"2026-04-26T17:42:01","modified_gmt":"2026-04-26T15:42:01","slug":"baumelbank-erstrahlt-in-neuem-glanz","status":"publish","type":"post","link":"https:\/\/www.quartier-waldacker.de\/?p=27862","title":{"rendered":"Baumelbank erstrahlt in neuem Glanz"},"content":{"rendered":"\n\n\n\n\n\n\n<div class=\"wp-block-media-text is-stacked-on-mobile\" style=\"grid-template-columns:31% auto\"><figure class=\"wp-block-media-text__media\"><img data-recalc-dims=\"1\" loading=\"lazy\" decoding=\"async\" width=\"473\" height=\"1024\" data-attachment-id=\"27867\" data-permalink=\"https:\/\/www.quartier-waldacker.de\/?attachment_id=27867#main\" data-orig-file=\"https:\/\/i0.wp.com\/www.quartier-waldacker.de\/wp-content\/uploads\/2026\/04\/Beaumelbank03.jpg?fit=591%2C1280&amp;ssl=1\" data-orig-size=\"591,1280\" data-comments-opened=\"1\" data-image-meta=\"{&quot;aperture&quot;:&quot;0&quot;,&quot;credit&quot;:&quot;&quot;,&quot;camera&quot;:&quot;&quot;,&quot;caption&quot;:&quot;&quot;,&quot;created_timestamp&quot;:&quot;0&quot;,&quot;copyright&quot;:&quot;&quot;,&quot;focal_length&quot;:&quot;0&quot;,&quot;iso&quot;:&quot;0&quot;,&quot;shutter_speed&quot;:&quot;0&quot;,&quot;title&quot;:&quot;&quot;,&quot;orientation&quot;:&quot;0&quot;}\" data-image-title=\"Beaumelbank03\" data-image-description=\"\" data-image-caption=\"\" data-medium-file=\"https:\/\/i0.wp.com\/www.quartier-waldacker.de\/wp-content\/uploads\/2026\/04\/Beaumelbank03.jpg?fit=139%2C300&amp;ssl=1\" data-large-file=\"https:\/\/i0.wp.com\/www.quartier-waldacker.de\/wp-content\/uploads\/2026\/04\/Beaumelbank03.jpg?fit=473%2C1024&amp;ssl=1\" src=\"https:\/\/i0.wp.com\/www.quartier-waldacker.de\/wp-content\/uploads\/2026\/04\/Beaumelbank03.jpg?resize=473%2C1024&#038;ssl=1\" alt=\"\" class=\"wp-image-27867 size-full\" srcset=\"https:\/\/i0.wp.com\/www.quartier-waldacker.de\/wp-content\/uploads\/2026\/04\/Beaumelbank03.jpg?resize=473%2C1024&amp;ssl=1 473w, https:\/\/i0.wp.com\/www.quartier-waldacker.de\/wp-content\/uploads\/2026\/04\/Beaumelbank03.jpg?resize=139%2C300&amp;ssl=1 139w, https:\/\/i0.wp.com\/www.quartier-waldacker.de\/wp-content\/uploads\/2026\/04\/Beaumelbank03.jpg?w=591&amp;ssl=1 591w\" sizes=\"auto, (max-width: 473px) 100vw, 473px\" \/><\/figure><div class=\"wp-block-media-text__content\">\n<p class=\"has-medium-font-size\">Die von der Quartiergruppe Waldacker gespendete und lang ersehnte Baumelbank am Bouleplatz auf dem Mehrgenerationenspielplatz \u201eAm Lerchenberg\u201c musste nach zwei Jahren intensiver Witterungseinfl\u00fcsse umfassend \u00fcberarbeitet werden. In zweit\u00e4giger, engagierter Arbeit hat Bodo Berger die Bank fachkundig general\u00fcberholt und liebevoll restauriert.<\/p>\n\n\n\n<p class=\"has-medium-font-size\">Das Ergebnis kann sich sehen lassen: Die Baumelbank erstrahlt nun in neuem Glanz, ist sch\u00f6ner als je zuvor und l\u00e4dt wieder dazu ein, beim Boule-Spiel zuzuschauen und dabei entspannt die Beine baumeln zu lassen.<\/p>\n\n\n\n<p class=\"has-medium-font-size\">Diese hervorragende handwerkliche Leistung verdient gro\u00dfe Anerkennung. <strong>Gro\u00dfartige Arbeit und ein herzliches Dankesch\u00f6n f\u00fcr diesen wertvollen Beitrag zum Mehrgenerationenspielplatz!<\/strong><\/p>\n\n\n<\/div><\/div>\n","protected":false},"excerpt":{"rendered":"","protected":false},"author":1,"featured_media":24683,"comment_status":"open","ping_status":"closed","sticky":false,"template":"","format":"standard","meta":{"generate_page_header":"","_jetpack_memberships_contains_paid_content":false,"footnotes":""},"categories":[1],"tags":[],"class_list":["post-27862","post","type-post","status-publish","format-standard","has-post-thumbnail","hentry","category-uncategorized"],"jetpack_featured_media_url":"https:\/\/i0.wp.com\/www.quartier-waldacker.de\/wp-content\/uploads\/2024\/06\/Header_Baumelb.jpg?fit=1280%2C300&ssl=1","jetpack-related-posts":[{"id":23088,"url":"https:\/\/www.quartier-waldacker.de\/?p=23088","url_meta":{"origin":27862,"position":0},"title":"Erste Baumelbank f\u00fcr die Boulespieler eingeweiht","author":"admin","date":"19. September 2023","format":false,"excerpt":"Die von der Quartiergruppe Waldacker gespendete und langersehnte Baumelbank ist endlich da. Am Bouleplatz auf dem Mehrgenerationenspielplatz \u201eAm Lerchenberg\u201c wurde die erste offizielle Baumelbank f\u00fcr R\u00f6dermark in Waldacker Anfang der 37. KW vom Bauhof der Stadt R\u00f6dermark aufgestellt. Die offizielle Einweihung fand am 14.09.2023 um 15 Uhr statt. Anwesend waren\u2026","rel":"","context":"In &quot;Boule - Spiel&quot;","block_context":{"text":"Boule - Spiel","link":"https:\/\/www.quartier-waldacker.de\/?cat=63"},"img":{"alt_text":"","src":"https:\/\/i0.wp.com\/www.quartier-waldacker.de\/wp-content\/uploads\/2023\/09\/Header_BB.jpg?fit=780%2C300&ssl=1&resize=350%2C200","width":350,"height":200,"srcset":"https:\/\/i0.wp.com\/www.quartier-waldacker.de\/wp-content\/uploads\/2023\/09\/Header_BB.jpg?fit=780%2C300&ssl=1&resize=350%2C200 1x, https:\/\/i0.wp.com\/www.quartier-waldacker.de\/wp-content\/uploads\/2023\/09\/Header_BB.jpg?fit=780%2C300&ssl=1&resize=525%2C300 1.5x, https:\/\/i0.wp.com\/www.quartier-waldacker.de\/wp-content\/uploads\/2023\/09\/Header_BB.jpg?fit=780%2C300&ssl=1&resize=700%2C400 2x"},"classes":[]},{"id":23375,"url":"https:\/\/www.quartier-waldacker.de\/?p=23375","url_meta":{"origin":27862,"position":1},"title":"Der Sommer kann kommen!","author":"Johannes","date":"9. Dezember 2023","format":false,"excerpt":"Die Boulefreunde freuen sich auf den Sommer. Sie mussten lange unter der Sonne leiden, wenn sie auf dem Mehrgenerationenspielplatz \u201eAm Lerchenberg\u201c ihre Kugeln warfen. Von Mai bis September gab es kaum Schatten. Das soll sich nun \u00e4ndern, denn die Stadt hat zwei Hainbuchen gepflanzt, die links und rechts von der\u2026","rel":"","context":"In &quot;AG-Boulebahn&quot;","block_context":{"text":"AG-Boulebahn","link":"https:\/\/www.quartier-waldacker.de\/?cat=195"},"img":{"alt_text":"","src":"https:\/\/i0.wp.com\/www.quartier-waldacker.de\/wp-content\/uploads\/2022\/08\/Unbenannt-3.jpg?fit=1200%2C288&ssl=1&resize=350%2C200","width":350,"height":200,"srcset":"https:\/\/i0.wp.com\/www.quartier-waldacker.de\/wp-content\/uploads\/2022\/08\/Unbenannt-3.jpg?fit=1200%2C288&ssl=1&resize=350%2C200 1x, https:\/\/i0.wp.com\/www.quartier-waldacker.de\/wp-content\/uploads\/2022\/08\/Unbenannt-3.jpg?fit=1200%2C288&ssl=1&resize=525%2C300 1.5x, https:\/\/i0.wp.com\/www.quartier-waldacker.de\/wp-content\/uploads\/2022\/08\/Unbenannt-3.jpg?fit=1200%2C288&ssl=1&resize=700%2C400 2x, https:\/\/i0.wp.com\/www.quartier-waldacker.de\/wp-content\/uploads\/2022\/08\/Unbenannt-3.jpg?fit=1200%2C288&ssl=1&resize=1050%2C600 3x"},"classes":[]},{"id":24823,"url":"https:\/\/www.quartier-waldacker.de\/?p=24823","url_meta":{"origin":27862,"position":2},"title":"Eine weitere Baumelbank f\u00fcr Waldacker","author":"Johannes","date":"22. Juli 2024","format":false,"excerpt":"Die Quartiersgruppe Waldacker ist eine von der Stadt R\u00f6dermark ins Leben gerufene Initiative. Diese hat seit ihrem Bestehen 2012 durch viele Aktivit\u00e4ten einen gewissen Bekanntheitsgrad erreicht. Nun hat sie eine weitere Idee in die Tat umgesetzt. Der Wunsch nach einer Baumelbank an der Heide, der in der Quartiersgruppe 2022\/23 entstanden\u2026","rel":"","context":"In &quot;B\u00fcrgerschaftliches Engagement&quot;","block_context":{"text":"B\u00fcrgerschaftliches Engagement","link":"https:\/\/www.quartier-waldacker.de\/?cat=184"},"img":{"alt_text":"","src":"https:\/\/i0.wp.com\/www.quartier-waldacker.de\/wp-content\/uploads\/2024\/06\/Header_Baumelb.jpg?fit=1200%2C281&ssl=1&resize=350%2C200","width":350,"height":200,"srcset":"https:\/\/i0.wp.com\/www.quartier-waldacker.de\/wp-content\/uploads\/2024\/06\/Header_Baumelb.jpg?fit=1200%2C281&ssl=1&resize=350%2C200 1x, https:\/\/i0.wp.com\/www.quartier-waldacker.de\/wp-content\/uploads\/2024\/06\/Header_Baumelb.jpg?fit=1200%2C281&ssl=1&resize=525%2C300 1.5x, https:\/\/i0.wp.com\/www.quartier-waldacker.de\/wp-content\/uploads\/2024\/06\/Header_Baumelb.jpg?fit=1200%2C281&ssl=1&resize=700%2C400 2x, https:\/\/i0.wp.com\/www.quartier-waldacker.de\/wp-content\/uploads\/2024\/06\/Header_Baumelb.jpg?fit=1200%2C281&ssl=1&resize=1050%2C600 3x"},"classes":[]},{"id":22684,"url":"https:\/\/www.quartier-waldacker.de\/?p=22684","url_meta":{"origin":27862,"position":3},"title":"Eine Baumelbank f\u00fcr Waldacker","author":"admin","date":"11. Juni 2023","format":false,"excerpt":"Quartiersgruppe startet Spendenaktion Wir w\u00fcnschen uns eine \u201eBaumelbank\u201c, die am Rande des Naturschutzgebietes in Waldacker aufgestellt wird und einen Blick auf die wunder-sch\u00f6ne Heidefl\u00e4che erm\u00f6glicht. Das Sitzen auf der erh\u00f6hten Bank entlastet unter anderem die Kniegelenke und regt die Durchblutung an. Da eine witterungsbest\u00e4ndige Baumelbanksehr teuer ist (ca. 1.600 Euro),\u2026","rel":"","context":"Similar post","block_context":{"text":"Similar post","link":""},"img":{"alt_text":"","src":"https:\/\/i0.wp.com\/www.quartier-waldacker.de\/wp-content\/uploads\/2018\/06\/Alterwerden.jpg?fit=1200%2C261&ssl=1&resize=350%2C200","width":350,"height":200,"srcset":"https:\/\/i0.wp.com\/www.quartier-waldacker.de\/wp-content\/uploads\/2018\/06\/Alterwerden.jpg?fit=1200%2C261&ssl=1&resize=350%2C200 1x, https:\/\/i0.wp.com\/www.quartier-waldacker.de\/wp-content\/uploads\/2018\/06\/Alterwerden.jpg?fit=1200%2C261&ssl=1&resize=525%2C300 1.5x, https:\/\/i0.wp.com\/www.quartier-waldacker.de\/wp-content\/uploads\/2018\/06\/Alterwerden.jpg?fit=1200%2C261&ssl=1&resize=700%2C400 2x, https:\/\/i0.wp.com\/www.quartier-waldacker.de\/wp-content\/uploads\/2018\/06\/Alterwerden.jpg?fit=1200%2C261&ssl=1&resize=1050%2C600 3x"},"classes":[]},{"id":22659,"url":"https:\/\/www.quartier-waldacker.de\/?p=22659","url_meta":{"origin":27862,"position":4},"title":"Radtour zum Naturfreundehaus bei Ober-Ramstadt (68 km)","author":"admin","date":"10. Juni 2023","format":false,"excerpt":"Bei strahlendem Sonnenschein starteten 19 Radlerinnen und Radler um 10 Uhr in Waldacker und eine halbe Stunde sp\u00e4ter am Bahnhof Urberach. Zun\u00e4chst ging es auf dem R\u00f6derm\u00e4rker Radweg zum Bahnhof Messel, von dort ca. 2 km bis zur L3094 Dieburger Stra\u00dfe. Dieser wurde ca. 2 km gefolgt. Dann ging es\u2026","rel":"","context":"In &quot;Radtouren&quot;","block_context":{"text":"Radtouren","link":"https:\/\/www.quartier-waldacker.de\/?cat=126"},"img":{"alt_text":"","src":"https:\/\/i0.wp.com\/www.quartier-waldacker.de\/wp-content\/uploads\/2023\/03\/Header_Gruppe.jpg?fit=1200%2C281&ssl=1&resize=350%2C200","width":350,"height":200,"srcset":"https:\/\/i0.wp.com\/www.quartier-waldacker.de\/wp-content\/uploads\/2023\/03\/Header_Gruppe.jpg?fit=1200%2C281&ssl=1&resize=350%2C200 1x, https:\/\/i0.wp.com\/www.quartier-waldacker.de\/wp-content\/uploads\/2023\/03\/Header_Gruppe.jpg?fit=1200%2C281&ssl=1&resize=525%2C300 1.5x, https:\/\/i0.wp.com\/www.quartier-waldacker.de\/wp-content\/uploads\/2023\/03\/Header_Gruppe.jpg?fit=1200%2C281&ssl=1&resize=700%2C400 2x, https:\/\/i0.wp.com\/www.quartier-waldacker.de\/wp-content\/uploads\/2023\/03\/Header_Gruppe.jpg?fit=1200%2C281&ssl=1&resize=1050%2C600 3x"},"classes":[]},{"id":16672,"url":"https:\/\/www.quartier-waldacker.de\/?p=16672","url_meta":{"origin":27862,"position":5},"title":"GLANZ UND ELEND IN DER WEIMARER REPUBLIK","author":"admin","date":"6. Januar 2018","format":false,"excerpt":"\u00a0 \u00a0EINE GESELLSCHAFT IM SPIEGEL IHRER ZEIT: DIE SCHIRN KUNSTHALLE FRANKFURT PR\u00c4SENTIERT EINE GROSSE THEMEN-AUSSTELLUNG ZUR KUNST IN DER WEIMARER REPUBLIK \u201eDie Schirn setzt mit \u201aGlanz und Elend in der Weimarer Republik\u2018 ein Gegengewicht zu den bereits vielfach gezeigten Ausstellungen \u00fcber die \u201agoldenen\u2018 1920er-Jahre und wirft einen Blick auf das\u2026","rel":"","context":"In &quot;Kultur\/Kunst&quot;","block_context":{"text":"Kultur\/Kunst","link":"https:\/\/www.quartier-waldacker.de\/?cat=161"},"img":{"alt_text":"","src":"https:\/\/i0.wp.com\/www.quartier-waldacker.de\/wp-content\/uploads\/2017\/10\/Museum_Einladung.jpg?fit=1200%2C252&ssl=1&resize=350%2C200","width":350,"height":200,"srcset":"https:\/\/i0.wp.com\/www.quartier-waldacker.de\/wp-content\/uploads\/2017\/10\/Museum_Einladung.jpg?fit=1200%2C252&ssl=1&resize=350%2C200 1x, https:\/\/i0.wp.com\/www.quartier-waldacker.de\/wp-content\/uploads\/2017\/10\/Museum_Einladung.jpg?fit=1200%2C252&ssl=1&resize=525%2C300 1.5x, https:\/\/i0.wp.com\/www.quartier-waldacker.de\/wp-content\/uploads\/2017\/10\/Museum_Einladung.jpg?fit=1200%2C252&ssl=1&resize=700%2C400 2x, https:\/\/i0.wp.com\/www.quartier-waldacker.de\/wp-content\/uploads\/2017\/10\/Museum_Einladung.jpg?fit=1200%2C252&ssl=1&resize=1050%2C600 3x"},"classes":[]}],"jetpack_sharing_enabled":true,"rttpg_featured_image_url":{"full":["https:\/\/i0.wp.com\/www.quartier-waldacker.de\/wp-content\/uploads\/2024\/06\/Header_Baumelb.jpg?fit=1280%2C300&ssl=1",1280,300,false],"landscape":["https:\/\/www.quartier-waldacker.de\/wp-content\/uploads\/2024\/06\/Header_Baumelb.jpg",1280,300,false],"portraits":["https:\/\/www.quartier-waldacker.de\/wp-content\/uploads\/2024\/06\/Header_Baumelb.jpg",1280,300,false],"thumbnail":["https:\/\/i0.wp.com\/www.quartier-waldacker.de\/wp-content\/uploads\/2024\/06\/Header_Baumelb.jpg?resize=150%2C150&ssl=1",150,150,true],"medium":["https:\/\/i0.wp.com\/www.quartier-waldacker.de\/wp-content\/uploads\/2024\/06\/Header_Baumelb.jpg?fit=300%2C70&ssl=1",300,70,true],"large":["https:\/\/i0.wp.com\/www.quartier-waldacker.de\/wp-content\/uploads\/2024\/06\/Header_Baumelb.jpg?fit=1024%2C240&ssl=1",1024,240,true],"1536x1536":["https:\/\/i0.wp.com\/www.quartier-waldacker.de\/wp-content\/uploads\/2024\/06\/Header_Baumelb.jpg?fit=1280%2C300&ssl=1",1280,300,true],"2048x2048":["https:\/\/i0.wp.com\/www.quartier-waldacker.de\/wp-content\/uploads\/2024\/06\/Header_Baumelb.jpg?fit=1280%2C300&ssl=1",1280,300,true]},"rttpg_author":{"display_name":"admin","author_link":"https:\/\/www.quartier-waldacker.de\/?author=1"},"rttpg_comment":0,"rttpg_category":"<a href=\"https:\/\/www.quartier-waldacker.de\/?cat=1\" rel=\"category\">Allgemein<\/a>","rttpg_excerpt":null,"_links":{"self":[{"href":"https:\/\/www.quartier-waldacker.de\/index.php?rest_route=\/wp\/v2\/posts\/27862","targetHints":{"allow":["GET"]}}],"collection":[{"href":"https:\/\/www.quartier-waldacker.de\/index.php?rest_route=\/wp\/v2\/posts"}],"about":[{"href":"https:\/\/www.quartier-waldacker.de\/index.php?rest_route=\/wp\/v2\/types\/post"}],"author":[{"embeddable":true,"href":"https:\/\/www.quartier-waldacker.de\/index.php?rest_route=\/wp\/v2\/users\/1"}],"replies":[{"embeddable":true,"href":"https:\/\/www.quartier-waldacker.de\/index.php?rest_route=%2Fwp%2Fv2%2Fcomments&post=27862"}],"version-history":[{"count":4,"href":"https:\/\/www.quartier-waldacker.de\/index.php?rest_route=\/wp\/v2\/posts\/27862\/revisions"}],"predecessor-version":[{"id":27869,"href":"https:\/\/www.quartier-waldacker.de\/index.php?rest_route=\/wp\/v2\/posts\/27862\/revisions\/27869"}],"wp:featuredmedia":[{"embeddable":true,"href":"https:\/\/www.quartier-waldacker.de\/index.php?rest_route=\/wp\/v2\/media\/24683"}],"wp:attachment":[{"href":"https:\/\/www.quartier-waldacker.de\/index.php?rest_route=%2Fwp%2Fv2%2Fmedia&parent=27862"}],"wp:term":[{"taxonomy":"category","embeddable":true,"href":"https:\/\/www.quartier-waldacker.de\/index.php?rest_route=%2Fwp%2Fv2%2Fcategories&post=27862"},{"taxonomy":"post_tag","embeddable":true,"href":"https:\/\/www.quartier-waldacker.de\/index.php?rest_route=%2Fwp%2Fv2%2Ftags&post=27862"}],"curies":[{"name":"wp","href":"https:\/\/api.w.org\/{rel}","templated":true}]}}