{"id":27833,"date":"2026-04-26T16:16:31","date_gmt":"2026-04-26T14:16:31","guid":{"rendered":"https:\/\/www.quartier-waldacker.de\/?p=27833"},"modified":"2026-04-26T16:16:33","modified_gmt":"2026-04-26T14:16:33","slug":"radtour-am-main-mit-picknick-am-schultheisweiher","status":"publish","type":"post","link":"https:\/\/www.quartier-waldacker.de\/?p=27833","title":{"rendered":"Radtour am Main mit Picknick am Schultheisweiher"},"content":{"rendered":"\n<p class=\"has-medium-font-size\"><strong>24. April 2026 \u2013 Sonne, Pannen und jede Menge gute Laune<\/strong><\/p>\n\n\n\n<p class=\"has-medium-font-size\">Manchmal beginnt ein perfekter Radeltag genau so, wie man ihn <strong>nicht<\/strong> geplant hat \u2013 und genau das machte diese Tour besonders erinnerungsw\u00fcrdig.<\/p>\n\n\n\n<h3 class=\"wp-block-heading\">&#x2600;&#xfe0f; <strong>Start unter besten Vorzeichen<\/strong><\/h3>\n\n\n\n<p class=\"has-medium-font-size\">Am <strong>24. April 2026<\/strong> trafen sich <strong>22 gut gelaunte Radlerinnen und Radler<\/strong> bei <strong>strahlendem Sonnenschein und angenehmen 24\u202f\u00b0C<\/strong> zur geplanten Radtour entlang des Mains.<br>Die Aufgaben waren klar verteilt:<\/p>\n\n\n\n<ul class=\"wp-block-list\">\n<li class=\"has-medium-font-size\"><strong>Tourenleiter und Planer:<\/strong> Gerhard Elsesser<\/li>\n\n\n\n<li class=\"has-medium-font-size\"><strong>Fotograf und zuverl\u00e4ssiger Schlussmann:<\/strong> Reinhold Harnoth<\/li>\n<\/ul>\n\n\n\n<p class=\"has-medium-font-size\">Doch schon vor dem eigentlichen Start k\u00fcndigte sich an, dass dieser Tag nicht ganz nach Drehbuch verlaufen w\u00fcrde.<\/p>\n\n\n\n<h3 class=\"wp-block-heading\">&#x1f527; <strong>Panne statt perfektem Start<\/strong><\/h3>\n\n\n\n<p class=\"has-medium-font-size\">Tourenleiter <strong>Gerhard Elsesser<\/strong> erschien n\u00e4mlich nicht am Startpunkt \u2013 eine <strong>hartn\u00e4ckige Reifenpanne<\/strong> hatte ihn kurzfristig au\u00dfer Gefecht gesetzt. Spontan sprang <strong>Bordmechaniker Armin<\/strong> ein, der vom Startpunkt <strong>50. Breitengrad<\/strong> nach <strong>Urberach<\/strong> eilte, um dort Erste Hilfe am Fahrrad zu leisten.<\/p>\n\n\n\n<p class=\"has-medium-font-size\">Die restliche Gruppe bewies unterdessen Eigeninitiative und entschloss sich, <strong>ohne F\u00fchrung<\/strong> loszuradeln \u2013 ganz nach dem Motto: <em>Wir finden den Weg schon.<\/em><\/p>\n\n\n\n<h3 class=\"wp-block-heading\">&#x1f3f0; <strong>Erste Etappe: Heusenstammer Schloss<\/strong><\/h3>\n\n\n\n<p class=\"has-medium-font-size\">Die Tour f\u00fchrte zun\u00e4chst \u00fcber den <strong>Eulerweg<\/strong>, vorbei am <strong>Patersh\u00e4user Hof<\/strong>, bis zum <strong>Heusenstammer Schloss<\/strong>, wo der erste Zwischenstopp eingelegt wurde.<br>Das barocke Schloss stammt aus dem <strong>17.\u202fJahrhundert<\/strong>, wurde von der Familie <strong>von Sch\u00f6nborn<\/strong> erbaut und steht auf den Resten einer mittelalterlichen Burg. Heute dient es als <strong>Rathaus der Stadt Heusenstamm<\/strong>.<\/p>\n\n\n\n<p class=\"has-medium-font-size\">An diesem Freitag bot der Schlosspark eine besonders romantische Kulisse: <strong>Zwei frisch verm\u00e4hlte Paare<\/strong> nutzten Schloss und Park f\u00fcr ihre Hochzeitsfotos.<\/p>\n\n\n\n<p class=\"has-medium-font-size\">Kurz darauf traf auch der <strong>pannengeplagte Tourenleiter<\/strong> gemeinsam mit seinem Helfer am Schloss ein. Die Gruppe war wieder komplett, und die Fahrt konnte wie geplant fortgesetzt werden.<\/p>\n\n\n\n<h3 class=\"wp-block-heading\">&#x1f33f; <strong>Ziel: Schultheisweiher<\/strong><\/h3>\n\n\n\n<p class=\"has-medium-font-size\">\u00dcber <strong>Offenbach\u2011Bieber und B\u00fcrgel<\/strong>, entlang des <strong>M\u00fchlenwegs<\/strong>, f\u00fchrte die Route weiter zum Naturschutzgebiet <strong>\u201eRumpenheimer und B\u00fcrgeler Kiesgruben\u201c<\/strong>.<\/p>\n\n\n\n<p class=\"has-medium-font-size\">Der <strong>Schultheisweiher<\/strong> liegt idyllisch im Mainbogen bei Offenbach. Er entstand aus einer ehemaligen Kiesgrube und ist seit <strong>1983 Naturschutzgebiet<\/strong>. Heute verbindet er <strong>Vogel\u2011 und Naturschutz<\/strong> mit kontrollierter <strong>Naherholung und Baden<\/strong> \u2013 ein echtes Kleinod im Ballungsraum.<\/p>\n\n\n\n<h3 class=\"wp-block-heading\">&#x1f9fa; <strong>Picknick mit wichtigen Ansage<\/strong>n<\/h3>\n\n\n\n<p class=\"has-medium-font-size\">Am Weiher traf die Gruppe zuf\u00e4llig auf die <strong>Offenbacher Radfreunde<\/strong>. Am Kiosk, auf Baumst\u00e4mmen und den leider zu wenigen Sitzb\u00e4nken wurde ein gemeinsames Picknick abgehalten. Jede und jeder packte die <strong>mitgebrachten Speisen<\/strong> aus \u2013 ein buntes und sehr individuelles Buffet.<\/p>\n\n\n\n<p class=\"has-medium-font-size\">Nach der St\u00e4rkung nutzte Gerhard Elsesser die Pause f\u00fcr einige <strong>Mitteilungen an die Gruppe<\/strong>:<\/p>\n\n\n\n<ul class=\"wp-block-list\">\n<li class=\"has-medium-font-size\">Vorstellung des <strong>n\u00e4chsten Tourenziels<\/strong><\/li>\n\n\n\n<li class=\"has-medium-font-size\">erneuter Hinweis auf das weiterhin bestehende <strong>Anmeldeproblem<\/strong><\/li>\n\n\n\n<li class=\"has-medium-font-size\">Ank\u00fcndigung, die Teilnehmerzahl k\u00fcnftig aus <strong>Sicherheitsgr\u00fcnden auf 25 Personen<\/strong> zu begrenzen<\/li>\n<\/ul>\n\n\n\n<p class=\"has-medium-font-size\">Danach rollten die R\u00e4der wieder.<\/p>\n\n\n\n<h3 class=\"wp-block-heading\">&#x1f6b4;&#x200d;&#x2642;&#xfe0f; <strong>R\u00fcckfahrt mit Genuss-Entscheidung<\/strong><\/h3>\n\n\n\n<p class=\"has-medium-font-size\">Die R\u00fcckfahrt f\u00fchrte \u00fcber <strong>Rumpenheim, M\u00fchlheim, Dietesheim und Steinheim<\/strong>, mit sch\u00f6nem Blick auf das <strong>Schloss Philippsruhe<\/strong> in Hanau. Unter der <strong>B43a\u2011Br\u00fccke<\/strong> wurde ein kurzer Stopp eingelegt, bevor es weiterging.<\/p>\n\n\n\n<p class=\"has-medium-font-size\">Nach <strong>Hainstadt bei Klein\u2011Krotzenburg<\/strong> kam es zur wohl beliebtesten Entscheidung des Tages:<\/p>\n\n\n\n<ul class=\"wp-block-list\">\n<li class=\"has-medium-font-size\">Ein Teil der Gruppe steuerte den <strong>Eisk\u00f6hler<\/strong> an \u2013 ein Muss f\u00fcr alle Eisliebhaber &#x1f368;<\/li>\n\n\n\n<li class=\"has-medium-font-size\">Der andere Teil fuhr zur <strong>Waldh\u00fctte<\/strong>, der Anlaufstelle f\u00fcr Freunde von Kuchen und Torten &#x1f370;<\/li>\n<\/ul>\n\n\n\n<p class=\"has-medium-font-size\">So kam wirklich jeder auf seinen Geschmack. Nach dem Wiederzusammentreffen ging es gemeinsam weiter.<\/p>\n\n\n\n<h3 class=\"wp-block-heading\">&#x1f6b2; <strong>Heimfahrt ohne Tourenleiter<\/strong><\/h3>\n\n\n\n<p class=\"has-medium-font-size\">Tourenleiter <strong>Gerhard Elsesser<\/strong> hatte sich inzwischen <strong>allein auf den Heimweg<\/strong> gemacht. Sein Reifen verlor weiterhin Luft, und er wollte vermeiden, die Gruppe st\u00e4ndig aufzuhalten.<\/p>\n\n\n\n<p class=\"has-medium-font-size\">Der Rest der Radler fuhr \u00fcber Froschhausen, bog dann links in Richtung Seligenstadt ab und fuhr bis zur Br\u00fccke \u201eIm Griesgrund\u201c. Dort \u00fcberquerten sie die A3 und fuhren weiter auf dem Rodgauweg nach J\u00fcgesheim. \u00dcber verschiedene Wege ging es schlie\u00dflich nach Dudenhofen, Nieder-Roden und Rollwald, wo sich die Gruppe zufrieden verabschiedete.<\/p>\n\n\n\n<h3 class=\"wp-block-heading\">&#x1f44f; <strong>Schlusswort<\/strong><\/h3>\n\n\n\n<p class=\"has-medium-font-size\">Ein besonderer Dank gilt <strong>Gerhard Elsesser<\/strong>, der trotz Panne noch ma\u00dfgeblich zum Gelingen der Tour beitrug \u2013 ebenso allen, die spontan eingesprungen sind und Verantwortung \u00fcbernommen haben. Diese Tour zeigte eindrucksvoll:<br><strong>Gemeinsam l\u00e4uft \u2013 oder rollt \u2013 es einfach besser.<\/strong><\/p>\n\n\n\n<h3 class=\"wp-block-heading\">&#x1f4c5; <strong>N\u00e4chste Tour<\/strong><\/h3>\n\n\n\n<p>&#x1f449; <span style=\"font-size: 20px;\"><strong>1. Mai<\/strong><\/span><br \/><span style=\"font-size: 20px;\">&#x1f4cd; Treffpunkt: <strong>Rentnerb\u00e4nke in Ober\u2011Roden<\/strong><\/span><br \/><span style=\"font-size: 20px;\">&#x23f0; <strong>11:00 Uhr<\/strong><\/span><br \/><span style=\"font-size: 20px;\">&#x1f3af; Ziel: <strong>Klein\u2011Welzheim<\/strong><\/span><\/p>\n<p>\u00a0<\/p>\n\n\n\n<div class=\"wp-block-group\"><div class=\"wp-block-group__inner-container is-layout-constrained wp-block-group-is-layout-constrained\">\n<div class=\"wp-block-jetpack-slideshow aligncenter\" data-autoplay=\"true\" data-delay=\"3\" data-effect=\"slide\" style=\"--aspect-ratio:calc(1024 \/ 768)\"><div class=\"wp-block-jetpack-slideshow_container swiper\"><ul class=\"wp-block-jetpack-slideshow_swiper-wrapper swiper-wrapper\"><li class=\"wp-block-jetpack-slideshow_slide swiper-slide\"><figure><img data-recalc-dims=\"1\" loading=\"lazy\" decoding=\"async\" width=\"1024\" height=\"768\" alt=\"\" class=\"wp-block-jetpack-slideshow_image wp-image-27849\" data-id=\"27849\" data-aspect-ratio=\"1024 \/ 768\" src=\"https:\/\/i0.wp.com\/www.quartier-waldacker.de\/wp-content\/uploads\/2026\/04\/Start.jpg?resize=1024%2C768&#038;ssl=1\" srcset=\"https:\/\/i0.wp.com\/www.quartier-waldacker.de\/wp-content\/uploads\/2026\/04\/Start.jpg?resize=1024%2C768&amp;ssl=1 1024w, https:\/\/i0.wp.com\/www.quartier-waldacker.de\/wp-content\/uploads\/2026\/04\/Start.jpg?resize=300%2C225&amp;ssl=1 300w, https:\/\/i0.wp.com\/www.quartier-waldacker.de\/wp-content\/uploads\/2026\/04\/Start.jpg?resize=768%2C576&amp;ssl=1 768w, https:\/\/i0.wp.com\/www.quartier-waldacker.de\/wp-content\/uploads\/2026\/04\/Start.jpg?w=1280&amp;ssl=1 1280w\" sizes=\"(max-width: 1024px) 100vw, 1024px\" \/><figcaption class=\"wp-block-jetpack-slideshow_caption gallery-caption\">Start 50. Breitegrad<\/figcaption><\/figure><\/li><li class=\"wp-block-jetpack-slideshow_slide swiper-slide\"><figure><img data-recalc-dims=\"1\" loading=\"lazy\" decoding=\"async\" width=\"1024\" height=\"768\" alt=\"\" class=\"wp-block-jetpack-slideshow_image wp-image-27842\" data-id=\"27842\" data-aspect-ratio=\"1024 \/ 768\" src=\"https:\/\/i0.wp.com\/www.quartier-waldacker.de\/wp-content\/uploads\/2026\/04\/Schloss01.jpg?resize=1024%2C768&#038;ssl=1\" srcset=\"https:\/\/i0.wp.com\/www.quartier-waldacker.de\/wp-content\/uploads\/2026\/04\/Schloss01.jpg?resize=1024%2C768&amp;ssl=1 1024w, https:\/\/i0.wp.com\/www.quartier-waldacker.de\/wp-content\/uploads\/2026\/04\/Schloss01.jpg?resize=300%2C225&amp;ssl=1 300w, https:\/\/i0.wp.com\/www.quartier-waldacker.de\/wp-content\/uploads\/2026\/04\/Schloss01.jpg?resize=768%2C576&amp;ssl=1 768w, https:\/\/i0.wp.com\/www.quartier-waldacker.de\/wp-content\/uploads\/2026\/04\/Schloss01.jpg?w=1280&amp;ssl=1 1280w\" sizes=\"(max-width: 1024px) 100vw, 1024px\" \/><figcaption class=\"wp-block-jetpack-slideshow_caption gallery-caption\">Schloss Heusenstamm<\/figcaption><\/figure><\/li><li class=\"wp-block-jetpack-slideshow_slide swiper-slide\"><figure><img data-recalc-dims=\"1\" loading=\"lazy\" decoding=\"async\" width=\"768\" height=\"1024\" alt=\"\" class=\"wp-block-jetpack-slideshow_image wp-image-27843\" data-id=\"27843\" data-aspect-ratio=\"768 \/ 1024\" src=\"https:\/\/i0.wp.com\/www.quartier-waldacker.de\/wp-content\/uploads\/2026\/04\/Panne01.jpg?resize=768%2C1024&#038;ssl=1\" srcset=\"https:\/\/i0.wp.com\/www.quartier-waldacker.de\/wp-content\/uploads\/2026\/04\/Panne01.jpg?resize=768%2C1024&amp;ssl=1 768w, https:\/\/i0.wp.com\/www.quartier-waldacker.de\/wp-content\/uploads\/2026\/04\/Panne01.jpg?resize=225%2C300&amp;ssl=1 225w, https:\/\/i0.wp.com\/www.quartier-waldacker.de\/wp-content\/uploads\/2026\/04\/Panne01.jpg?w=960&amp;ssl=1 960w\" sizes=\"(max-width: 768px) 100vw, 768px\" \/><figcaption class=\"wp-block-jetpack-slideshow_caption gallery-caption\">Falls die Luft ausgeht!<\/figcaption><\/figure><\/li><li class=\"wp-block-jetpack-slideshow_slide swiper-slide\"><figure><img data-recalc-dims=\"1\" loading=\"lazy\" decoding=\"async\" width=\"1024\" height=\"768\" alt=\"\" class=\"wp-block-jetpack-slideshow_image wp-image-27844\" data-id=\"27844\" data-aspect-ratio=\"1024 \/ 768\" src=\"https:\/\/i0.wp.com\/www.quartier-waldacker.de\/wp-content\/uploads\/2026\/04\/Schloss03.jpg?resize=1024%2C768&#038;ssl=1\" srcset=\"https:\/\/i0.wp.com\/www.quartier-waldacker.de\/wp-content\/uploads\/2026\/04\/Schloss03.jpg?resize=1024%2C768&amp;ssl=1 1024w, https:\/\/i0.wp.com\/www.quartier-waldacker.de\/wp-content\/uploads\/2026\/04\/Schloss03.jpg?resize=300%2C225&amp;ssl=1 300w, https:\/\/i0.wp.com\/www.quartier-waldacker.de\/wp-content\/uploads\/2026\/04\/Schloss03.jpg?resize=768%2C576&amp;ssl=1 768w, https:\/\/i0.wp.com\/www.quartier-waldacker.de\/wp-content\/uploads\/2026\/04\/Schloss03.jpg?w=1280&amp;ssl=1 1280w\" sizes=\"(max-width: 1024px) 100vw, 1024px\" \/><figcaption class=\"wp-block-jetpack-slideshow_caption gallery-caption\">Schloss Heusenstamm<\/figcaption><\/figure><\/li><li class=\"wp-block-jetpack-slideshow_slide swiper-slide\"><figure><img data-recalc-dims=\"1\" loading=\"lazy\" decoding=\"async\" width=\"1024\" height=\"768\" alt=\"\" class=\"wp-block-jetpack-slideshow_image wp-image-27845\" data-id=\"27845\" data-aspect-ratio=\"1024 \/ 768\" src=\"https:\/\/i0.wp.com\/www.quartier-waldacker.de\/wp-content\/uploads\/2026\/04\/Schultheis_Weiher01.jpg?resize=1024%2C768&#038;ssl=1\" srcset=\"https:\/\/i0.wp.com\/www.quartier-waldacker.de\/wp-content\/uploads\/2026\/04\/Schultheis_Weiher01.jpg?resize=1024%2C768&amp;ssl=1 1024w, https:\/\/i0.wp.com\/www.quartier-waldacker.de\/wp-content\/uploads\/2026\/04\/Schultheis_Weiher01.jpg?resize=300%2C225&amp;ssl=1 300w, https:\/\/i0.wp.com\/www.quartier-waldacker.de\/wp-content\/uploads\/2026\/04\/Schultheis_Weiher01.jpg?resize=768%2C576&amp;ssl=1 768w, https:\/\/i0.wp.com\/www.quartier-waldacker.de\/wp-content\/uploads\/2026\/04\/Schultheis_Weiher01.jpg?w=1280&amp;ssl=1 1280w\" sizes=\"(max-width: 1024px) 100vw, 1024px\" \/><figcaption class=\"wp-block-jetpack-slideshow_caption gallery-caption\">Am Schultheis-Weiher<\/figcaption><\/figure><\/li><li class=\"wp-block-jetpack-slideshow_slide swiper-slide\"><figure><img data-recalc-dims=\"1\" loading=\"lazy\" decoding=\"async\" width=\"768\" height=\"1024\" alt=\"\" class=\"wp-block-jetpack-slideshow_image wp-image-27846\" data-id=\"27846\" data-aspect-ratio=\"768 \/ 1024\" src=\"https:\/\/i0.wp.com\/www.quartier-waldacker.de\/wp-content\/uploads\/2026\/04\/Schultheis_Weiher03.jpg?resize=768%2C1024&#038;ssl=1\" srcset=\"https:\/\/i0.wp.com\/www.quartier-waldacker.de\/wp-content\/uploads\/2026\/04\/Schultheis_Weiher03.jpg?resize=768%2C1024&amp;ssl=1 768w, https:\/\/i0.wp.com\/www.quartier-waldacker.de\/wp-content\/uploads\/2026\/04\/Schultheis_Weiher03.jpg?resize=225%2C300&amp;ssl=1 225w, https:\/\/i0.wp.com\/www.quartier-waldacker.de\/wp-content\/uploads\/2026\/04\/Schultheis_Weiher03.jpg?w=960&amp;ssl=1 960w\" sizes=\"(max-width: 768px) 100vw, 768px\" \/><figcaption class=\"wp-block-jetpack-slideshow_caption gallery-caption\">Am Schultheis-Weiher<\/figcaption><\/figure><\/li><li class=\"wp-block-jetpack-slideshow_slide swiper-slide\"><figure><img data-recalc-dims=\"1\" loading=\"lazy\" decoding=\"async\" width=\"1024\" height=\"472\" alt=\"\" class=\"wp-block-jetpack-slideshow_image wp-image-27847\" data-id=\"27847\" data-aspect-ratio=\"1024 \/ 472\" src=\"https:\/\/i0.wp.com\/www.quartier-waldacker.de\/wp-content\/uploads\/2026\/04\/Schultheis_Weiher04.jpg?resize=1024%2C472&#038;ssl=1\" srcset=\"https:\/\/i0.wp.com\/www.quartier-waldacker.de\/wp-content\/uploads\/2026\/04\/Schultheis_Weiher04.jpg?resize=1024%2C472&amp;ssl=1 1024w, https:\/\/i0.wp.com\/www.quartier-waldacker.de\/wp-content\/uploads\/2026\/04\/Schultheis_Weiher04.jpg?resize=300%2C138&amp;ssl=1 300w, https:\/\/i0.wp.com\/www.quartier-waldacker.de\/wp-content\/uploads\/2026\/04\/Schultheis_Weiher04.jpg?resize=768%2C354&amp;ssl=1 768w, https:\/\/i0.wp.com\/www.quartier-waldacker.de\/wp-content\/uploads\/2026\/04\/Schultheis_Weiher04.jpg?w=1280&amp;ssl=1 1280w\" sizes=\"(max-width: 1024px) 100vw, 1024px\" \/><figcaption class=\"wp-block-jetpack-slideshow_caption gallery-caption\">Picknick am Schultheis-Weiher<\/figcaption><\/figure><\/li><li class=\"wp-block-jetpack-slideshow_slide swiper-slide\"><figure><img data-recalc-dims=\"1\" loading=\"lazy\" decoding=\"async\" width=\"1024\" height=\"576\" alt=\"\" class=\"wp-block-jetpack-slideshow_image wp-image-27848\" data-id=\"27848\" data-aspect-ratio=\"1024 \/ 576\" src=\"https:\/\/i0.wp.com\/www.quartier-waldacker.de\/wp-content\/uploads\/2026\/04\/Schultheis_Weiher06.jpg?resize=1024%2C576&#038;ssl=1\" srcset=\"https:\/\/i0.wp.com\/www.quartier-waldacker.de\/wp-content\/uploads\/2026\/04\/Schultheis_Weiher06.jpg?resize=1024%2C576&amp;ssl=1 1024w, https:\/\/i0.wp.com\/www.quartier-waldacker.de\/wp-content\/uploads\/2026\/04\/Schultheis_Weiher06.jpg?resize=300%2C169&amp;ssl=1 300w, https:\/\/i0.wp.com\/www.quartier-waldacker.de\/wp-content\/uploads\/2026\/04\/Schultheis_Weiher06.jpg?resize=768%2C432&amp;ssl=1 768w, https:\/\/i0.wp.com\/www.quartier-waldacker.de\/wp-content\/uploads\/2026\/04\/Schultheis_Weiher06.jpg?w=1280&amp;ssl=1 1280w\" sizes=\"(max-width: 1024px) 100vw, 1024px\" \/><figcaption class=\"wp-block-jetpack-slideshow_caption gallery-caption\">Gerhard h\u00e4lt eine Rede<\/figcaption><\/figure><\/li><li class=\"wp-block-jetpack-slideshow_slide swiper-slide\"><figure><img data-recalc-dims=\"1\" loading=\"lazy\" decoding=\"async\" width=\"768\" height=\"1024\" alt=\"\" class=\"wp-block-jetpack-slideshow_image wp-image-27838\" data-id=\"27838\" data-aspect-ratio=\"768 \/ 1024\" src=\"https:\/\/i0.wp.com\/www.quartier-waldacker.de\/wp-content\/uploads\/2026\/04\/Main01.jpg?resize=768%2C1024&#038;ssl=1\" srcset=\"https:\/\/i0.wp.com\/www.quartier-waldacker.de\/wp-content\/uploads\/2026\/04\/Main01.jpg?resize=768%2C1024&amp;ssl=1 768w, https:\/\/i0.wp.com\/www.quartier-waldacker.de\/wp-content\/uploads\/2026\/04\/Main01.jpg?resize=225%2C300&amp;ssl=1 225w, https:\/\/i0.wp.com\/www.quartier-waldacker.de\/wp-content\/uploads\/2026\/04\/Main01.jpg?w=960&amp;ssl=1 960w\" sizes=\"(max-width: 768px) 100vw, 768px\" \/><figcaption class=\"wp-block-jetpack-slideshow_caption gallery-caption\">Soll ich ins Wasser gehen?<\/figcaption><\/figure><\/li><li class=\"wp-block-jetpack-slideshow_slide swiper-slide\"><figure><img data-recalc-dims=\"1\" loading=\"lazy\" decoding=\"async\" width=\"768\" height=\"1024\" alt=\"\" class=\"wp-block-jetpack-slideshow_image wp-image-27839\" data-id=\"27839\" data-aspect-ratio=\"768 \/ 1024\" src=\"https:\/\/i0.wp.com\/www.quartier-waldacker.de\/wp-content\/uploads\/2026\/04\/Main03.jpg?resize=768%2C1024&#038;ssl=1\" srcset=\"https:\/\/i0.wp.com\/www.quartier-waldacker.de\/wp-content\/uploads\/2026\/04\/Main03.jpg?resize=768%2C1024&amp;ssl=1 768w, https:\/\/i0.wp.com\/www.quartier-waldacker.de\/wp-content\/uploads\/2026\/04\/Main03.jpg?resize=225%2C300&amp;ssl=1 225w, https:\/\/i0.wp.com\/www.quartier-waldacker.de\/wp-content\/uploads\/2026\/04\/Main03.jpg?w=960&amp;ssl=1 960w\" sizes=\"(max-width: 768px) 100vw, 768px\" \/><figcaption class=\"wp-block-jetpack-slideshow_caption gallery-caption\">Zollturm von Steinheim <\/figcaption><\/figure><\/li><li class=\"wp-block-jetpack-slideshow_slide swiper-slide\"><figure><img data-recalc-dims=\"1\" loading=\"lazy\" decoding=\"async\" width=\"1024\" height=\"576\" alt=\"\" class=\"wp-block-jetpack-slideshow_image wp-image-27841\" data-id=\"27841\" data-aspect-ratio=\"1024 \/ 576\" src=\"https:\/\/i0.wp.com\/www.quartier-waldacker.de\/wp-content\/uploads\/2026\/04\/Main05.jpg?resize=1024%2C576&#038;ssl=1\" srcset=\"https:\/\/i0.wp.com\/www.quartier-waldacker.de\/wp-content\/uploads\/2026\/04\/Main05.jpg?resize=1024%2C576&amp;ssl=1 1024w, https:\/\/i0.wp.com\/www.quartier-waldacker.de\/wp-content\/uploads\/2026\/04\/Main05.jpg?resize=300%2C169&amp;ssl=1 300w, https:\/\/i0.wp.com\/www.quartier-waldacker.de\/wp-content\/uploads\/2026\/04\/Main05.jpg?resize=768%2C432&amp;ssl=1 768w, https:\/\/i0.wp.com\/www.quartier-waldacker.de\/wp-content\/uploads\/2026\/04\/Main05.jpg?w=1280&amp;ssl=1 1280w\" sizes=\"(max-width: 1024px) 100vw, 1024px\" \/><figcaption class=\"wp-block-jetpack-slideshow_caption gallery-caption\">Der Main<\/figcaption><\/figure><\/li><li class=\"wp-block-jetpack-slideshow_slide swiper-slide\"><figure><img data-recalc-dims=\"1\" loading=\"lazy\" decoding=\"async\" width=\"1024\" height=\"472\" alt=\"\" class=\"wp-block-jetpack-slideshow_image wp-image-27840\" data-id=\"27840\" data-aspect-ratio=\"1024 \/ 472\" src=\"https:\/\/i0.wp.com\/www.quartier-waldacker.de\/wp-content\/uploads\/2026\/04\/Main04.jpg?resize=1024%2C472&#038;ssl=1\" srcset=\"https:\/\/i0.wp.com\/www.quartier-waldacker.de\/wp-content\/uploads\/2026\/04\/Main04.jpg?resize=1024%2C472&amp;ssl=1 1024w, https:\/\/i0.wp.com\/www.quartier-waldacker.de\/wp-content\/uploads\/2026\/04\/Main04.jpg?resize=300%2C138&amp;ssl=1 300w, https:\/\/i0.wp.com\/www.quartier-waldacker.de\/wp-content\/uploads\/2026\/04\/Main04.jpg?resize=768%2C354&amp;ssl=1 768w, https:\/\/i0.wp.com\/www.quartier-waldacker.de\/wp-content\/uploads\/2026\/04\/Main04.jpg?w=1280&amp;ssl=1 1280w\" sizes=\"(max-width: 1024px) 100vw, 1024px\" \/><figcaption class=\"wp-block-jetpack-slideshow_caption gallery-caption\">Unter der Br\u00fccke<\/figcaption><\/figure><\/li><li class=\"wp-block-jetpack-slideshow_slide swiper-slide\"><figure><img data-recalc-dims=\"1\" loading=\"lazy\" decoding=\"async\" width=\"1024\" height=\"474\" alt=\"\" class=\"wp-block-jetpack-slideshow_image wp-image-27852\" data-id=\"27852\" data-aspect-ratio=\"1024 \/ 474\" src=\"https:\/\/i0.wp.com\/www.quartier-waldacker.de\/wp-content\/uploads\/2026\/04\/Waldhuette01.jpg?resize=1024%2C474&#038;ssl=1\" srcset=\"https:\/\/i0.wp.com\/www.quartier-waldacker.de\/wp-content\/uploads\/2026\/04\/Waldhuette01.jpg?resize=1024%2C474&amp;ssl=1 1024w, https:\/\/i0.wp.com\/www.quartier-waldacker.de\/wp-content\/uploads\/2026\/04\/Waldhuette01.jpg?resize=300%2C139&amp;ssl=1 300w, https:\/\/i0.wp.com\/www.quartier-waldacker.de\/wp-content\/uploads\/2026\/04\/Waldhuette01.jpg?resize=768%2C356&amp;ssl=1 768w, https:\/\/i0.wp.com\/www.quartier-waldacker.de\/wp-content\/uploads\/2026\/04\/Waldhuette01.jpg?w=1280&amp;ssl=1 1280w\" sizes=\"(max-width: 1024px) 100vw, 1024px\" \/><figcaption class=\"wp-block-jetpack-slideshow_caption gallery-caption\">Waldh\u00fctte bei Klein-Krotzenburg<\/figcaption><\/figure><\/li><li class=\"wp-block-jetpack-slideshow_slide swiper-slide\"><figure><img data-recalc-dims=\"1\" loading=\"lazy\" decoding=\"async\" width=\"1024\" height=\"472\" alt=\"\" class=\"wp-block-jetpack-slideshow_image wp-image-27851\" data-id=\"27851\" data-aspect-ratio=\"1024 \/ 472\" src=\"https:\/\/i0.wp.com\/www.quartier-waldacker.de\/wp-content\/uploads\/2026\/04\/Waldhuette02.jpg?resize=1024%2C472&#038;ssl=1\" srcset=\"https:\/\/i0.wp.com\/www.quartier-waldacker.de\/wp-content\/uploads\/2026\/04\/Waldhuette02.jpg?resize=1024%2C472&amp;ssl=1 1024w, https:\/\/i0.wp.com\/www.quartier-waldacker.de\/wp-content\/uploads\/2026\/04\/Waldhuette02.jpg?resize=300%2C138&amp;ssl=1 300w, https:\/\/i0.wp.com\/www.quartier-waldacker.de\/wp-content\/uploads\/2026\/04\/Waldhuette02.jpg?resize=768%2C354&amp;ssl=1 768w, https:\/\/i0.wp.com\/www.quartier-waldacker.de\/wp-content\/uploads\/2026\/04\/Waldhuette02.jpg?w=1280&amp;ssl=1 1280w\" sizes=\"(max-width: 1024px) 100vw, 1024px\" \/><figcaption class=\"wp-block-jetpack-slideshow_caption gallery-caption\">Bei Kaffe und Kuchen . Es gibt auch Bier<\/figcaption><\/figure><\/li><li class=\"wp-block-jetpack-slideshow_slide swiper-slide\"><figure><img data-recalc-dims=\"1\" loading=\"lazy\" decoding=\"async\" width=\"1024\" height=\"472\" alt=\"\" class=\"wp-block-jetpack-slideshow_image wp-image-27850\" data-id=\"27850\" data-aspect-ratio=\"1024 \/ 472\" src=\"https:\/\/i0.wp.com\/www.quartier-waldacker.de\/wp-content\/uploads\/2026\/04\/Unterwegs02.jpg?resize=1024%2C472&#038;ssl=1\" srcset=\"https:\/\/i0.wp.com\/www.quartier-waldacker.de\/wp-content\/uploads\/2026\/04\/Unterwegs02.jpg?resize=1024%2C472&amp;ssl=1 1024w, https:\/\/i0.wp.com\/www.quartier-waldacker.de\/wp-content\/uploads\/2026\/04\/Unterwegs02.jpg?resize=300%2C138&amp;ssl=1 300w, https:\/\/i0.wp.com\/www.quartier-waldacker.de\/wp-content\/uploads\/2026\/04\/Unterwegs02.jpg?resize=768%2C354&amp;ssl=1 768w, https:\/\/i0.wp.com\/www.quartier-waldacker.de\/wp-content\/uploads\/2026\/04\/Unterwegs02.jpg?w=1280&amp;ssl=1 1280w\" sizes=\"(max-width: 1024px) 100vw, 1024px\" \/><figcaption class=\"wp-block-jetpack-slideshow_caption gallery-caption\">Unterwegs<\/figcaption><\/figure><\/li><\/ul><a class=\"wp-block-jetpack-slideshow_button-prev swiper-button-prev swiper-button-white\" role=\"button\"><\/a><a class=\"wp-block-jetpack-slideshow_button-next swiper-button-next swiper-button-white\" role=\"button\"><\/a><a aria-label=\"Pause Slideshow\" class=\"wp-block-jetpack-slideshow_button-pause\" role=\"button\"><\/a><div class=\"wp-block-jetpack-slideshow_pagination swiper-pagination swiper-pagination-white\"><\/div><\/div><\/div>\n\n\n\n<p><mark style=\"background-color:var(--contrast-3)\" class=\"has-inline-color\">Bilder: Reinhold Harnoth, Johannes Ohnesorg, Marina Wollenweber, Lilliane Charak<\/mark><\/p>\n<\/div><\/div>\n\n\n<div class=\"gb-container gb-container-7eefaf24\">\n\n\t\t<div id=\"maps-marker-pro-50e56b48\" class=\"maps-marker-pro mmp-list-below\" style=\"width: 640px;\">\n\t\t\t<div id=\"mmp-map-wrap-50e56b48\" class=\"mmp-map-wrap\">\n\t\t\t\t\t\t\t\t\t<div id=\"mmp-panel-50e56b48\" class=\"mmp-panel\"><\/div>\n\t\t\t\t\t\t\t\t<div id=\"mmp-map-50e56b48\" class=\"mmp-map\" style=\"height: 480px;\"><\/div>\n\t\t\t\t\t\t\t\t\t<div id=\"mmp-chart-wrap-50e56b48\" class=\"mmp-gpx-chart-wrap\" style=\"height: 200px;\"><\/div>\n\t\t\t\t\t\t\t<\/div>\n\t\t\t\t\t\t\t<div id=\"mmp-list-50e56b48\" class=\"mmp-list\" style=\"flex-basis: 400px;\"><\/div>\n\t\t\t\t\t<\/div>\n\t\t\n\n<\/div>","protected":false},"excerpt":{"rendered":"<p>24. April 2026 \u2013 Sonne, Pannen und jede Menge gute Laune Manchmal beginnt ein perfekter Radeltag genau so, wie man ihn nicht geplant hat \u2013 und genau das machte diese Tour besonders erinnerungsw\u00fcrdig. &#x2600;&#xfe0f; Start unter besten Vorzeichen Am 24. April 2026 trafen sich 22 gut gelaunte Radlerinnen und Radler bei strahlendem Sonnenschein und angenehmen &#8230; <a title=\"Radtour am Main mit Picknick am Schultheisweiher\" class=\"read-more\" href=\"https:\/\/www.quartier-waldacker.de\/?p=27833\" aria-label=\"Mehr Informationen \u00fcber Radtour am Main mit Picknick am Schultheisweiher\">Weiterlesen<\/a><\/p>\n","protected":false},"author":5,"featured_media":27579,"comment_status":"open","ping_status":"closed","sticky":false,"template":"","format":"standard","meta":{"generate_page_header":"","_jetpack_memberships_contains_paid_content":false,"footnotes":""},"categories":[126],"tags":[375,377,203,317,118],"class_list":["post-27833","post","type-post","status-publish","format-standard","has-post-thumbnail","hentry","category-radtouren","tag-375","tag-quartier-waldacker","tag-radtouren","tag-roedermark","tag-waldacker"],"jetpack_featured_media_url":"https:\/\/i0.wp.com\/www.quartier-waldacker.de\/wp-content\/uploads\/2026\/03\/Header_Gruppe_2026sr.jpg?fit=1280%2C300&ssl=1","jetpack-related-posts":[{"id":22568,"url":"https:\/\/www.quartier-waldacker.de\/?p=22568","url_meta":{"origin":27833,"position":0},"title":"Radtour nach Gro\u00dfostheim mit Einkehr im Weinhaus Becker (62 km)Rad","author":"admin","date":"28. Mai 2023","format":false,"excerpt":"27 Radlerinnen und Radler starteten am Freitag, den 26. Mai um 10.30 Uhr bei bestem Wetter. Auch unser langj\u00e4hriger Tourenbegleiter Gerhard H. aus Eppertshausen lie\u00df es sich trotz seiner schweren Krankheit nicht nehmen, mitzufahren, allerdings nur bis Schaafheim. Die Wiedersehensfreude unter den Radlerinnen und Radlern war gro\u00df. Gef\u00fchrt wurde die\u2026","rel":"","context":"In &quot;Radtouren&quot;","block_context":{"text":"Radtouren","link":"https:\/\/www.quartier-waldacker.de\/?cat=126"},"img":{"alt_text":"","src":"https:\/\/i0.wp.com\/www.quartier-waldacker.de\/wp-content\/uploads\/2023\/03\/Header_Gruppe.jpg?fit=1200%2C281&ssl=1&resize=350%2C200","width":350,"height":200,"srcset":"https:\/\/i0.wp.com\/www.quartier-waldacker.de\/wp-content\/uploads\/2023\/03\/Header_Gruppe.jpg?fit=1200%2C281&ssl=1&resize=350%2C200 1x, https:\/\/i0.wp.com\/www.quartier-waldacker.de\/wp-content\/uploads\/2023\/03\/Header_Gruppe.jpg?fit=1200%2C281&ssl=1&resize=525%2C300 1.5x, https:\/\/i0.wp.com\/www.quartier-waldacker.de\/wp-content\/uploads\/2023\/03\/Header_Gruppe.jpg?fit=1200%2C281&ssl=1&resize=700%2C400 2x, https:\/\/i0.wp.com\/www.quartier-waldacker.de\/wp-content\/uploads\/2023\/03\/Header_Gruppe.jpg?fit=1200%2C281&ssl=1&resize=1050%2C600 3x"},"classes":[]},{"id":27667,"url":"https:\/\/www.quartier-waldacker.de\/?p=27667","url_meta":{"origin":27833,"position":1},"title":"Sonne satt und Pasta: Radtour nach Babenhausen (46 km)","author":"Johannes","date":"22. M\u00e4rz 2026","format":false,"excerpt":"Ein sonniger Tag ist ideal, um mit dem Fahrrad zu fahren. Was f\u00fcr ein perfekter Fr\u00fchlingsauftakt! Am 20. M\u00e4rz 2026 versammelten sich bei strahlendem Radlerwetter 22 fahrradbegeisterte Frauen und M\u00e4nner an den Rentnerb\u00e4nken nahe des Kl\u00e4rwerks in Ober-Roden. Die Vorfreude war sp\u00fcrbar - endlich wieder eine gemeinsame Tour! Tourenplaner und\u2026","rel":"","context":"In &quot;Radtouren&quot;","block_context":{"text":"Radtouren","link":"https:\/\/www.quartier-waldacker.de\/?cat=126"},"img":{"alt_text":"","src":"https:\/\/i0.wp.com\/www.quartier-waldacker.de\/wp-content\/uploads\/2026\/03\/Header_Gruppe_2026sr.jpg?fit=1200%2C281&ssl=1&resize=350%2C200","width":350,"height":200,"srcset":"https:\/\/i0.wp.com\/www.quartier-waldacker.de\/wp-content\/uploads\/2026\/03\/Header_Gruppe_2026sr.jpg?fit=1200%2C281&ssl=1&resize=350%2C200 1x, https:\/\/i0.wp.com\/www.quartier-waldacker.de\/wp-content\/uploads\/2026\/03\/Header_Gruppe_2026sr.jpg?fit=1200%2C281&ssl=1&resize=525%2C300 1.5x, https:\/\/i0.wp.com\/www.quartier-waldacker.de\/wp-content\/uploads\/2026\/03\/Header_Gruppe_2026sr.jpg?fit=1200%2C281&ssl=1&resize=700%2C400 2x, https:\/\/i0.wp.com\/www.quartier-waldacker.de\/wp-content\/uploads\/2026\/03\/Header_Gruppe_2026sr.jpg?fit=1200%2C281&ssl=1&resize=1050%2C600 3x"},"classes":[]},{"id":27735,"url":"https:\/\/www.quartier-waldacker.de\/?p=27735","url_meta":{"origin":27833,"position":2},"title":"Radtour nach Gro\u00dfostheim zur \u201eBlauen Adria\u201c","author":"admin","date":"5. April 2026","format":false,"excerpt":"Karfreitag, Fisch in Sicht und die Kaffeemaschine streikt Der Karfreitag, 3. April 2026, begann so, wie man es sich f\u00fcr eine Radtour w\u00fcnscht: teilweise bew\u00f6lkt, aber trocken, und mit angenehmen 14 Grad Celsius genau richtig f\u00fcr Menschen, die gern radeln \u2013 und weniger gern frieren. Im Laufe des Nachmittags lichteten\u2026","rel":"","context":"In &quot;Radtouren&quot;","block_context":{"text":"Radtouren","link":"https:\/\/www.quartier-waldacker.de\/?cat=126"},"img":{"alt_text":"","src":"https:\/\/i0.wp.com\/www.quartier-waldacker.de\/wp-content\/uploads\/2026\/03\/Header_Gruppe_2026sr.jpg?fit=1200%2C281&ssl=1&resize=350%2C200","width":350,"height":200,"srcset":"https:\/\/i0.wp.com\/www.quartier-waldacker.de\/wp-content\/uploads\/2026\/03\/Header_Gruppe_2026sr.jpg?fit=1200%2C281&ssl=1&resize=350%2C200 1x, https:\/\/i0.wp.com\/www.quartier-waldacker.de\/wp-content\/uploads\/2026\/03\/Header_Gruppe_2026sr.jpg?fit=1200%2C281&ssl=1&resize=525%2C300 1.5x, https:\/\/i0.wp.com\/www.quartier-waldacker.de\/wp-content\/uploads\/2026\/03\/Header_Gruppe_2026sr.jpg?fit=1200%2C281&ssl=1&resize=700%2C400 2x, https:\/\/i0.wp.com\/www.quartier-waldacker.de\/wp-content\/uploads\/2026\/03\/Header_Gruppe_2026sr.jpg?fit=1200%2C281&ssl=1&resize=1050%2C600 3x"},"classes":[]},{"id":22456,"url":"https:\/\/www.quartier-waldacker.de\/?p=22456","url_meta":{"origin":27833,"position":3},"title":"Radtour zum Bembelche nach Raunheim (73 km)","author":"admin","date":"30. April 2023","format":false,"excerpt":"Trotz schlechter Wettervorhersage machten sich 8 M\u00e4nner und 4 Frauen am Freitag, den 26.04.2023 auf den Weg zum Bembelche nach Raunheim. Die Gruppe wurde heute von unserem Vielfahrer Horst Z. (HoGeZi) gef\u00fchrt und trocken zum Ziel \u201eZum Bembelche\u201c in Raunheim gebracht. Ein Lokal mit interessanter Einrichtung und guter K\u00fcche. Der\u2026","rel":"","context":"In &quot;Radtouren&quot;","block_context":{"text":"Radtouren","link":"https:\/\/www.quartier-waldacker.de\/?cat=126"},"img":{"alt_text":"","src":"https:\/\/i0.wp.com\/www.quartier-waldacker.de\/wp-content\/uploads\/2023\/03\/Header_Gruppe.jpg?fit=1200%2C281&ssl=1&resize=350%2C200","width":350,"height":200,"srcset":"https:\/\/i0.wp.com\/www.quartier-waldacker.de\/wp-content\/uploads\/2023\/03\/Header_Gruppe.jpg?fit=1200%2C281&ssl=1&resize=350%2C200 1x, https:\/\/i0.wp.com\/www.quartier-waldacker.de\/wp-content\/uploads\/2023\/03\/Header_Gruppe.jpg?fit=1200%2C281&ssl=1&resize=525%2C300 1.5x, https:\/\/i0.wp.com\/www.quartier-waldacker.de\/wp-content\/uploads\/2023\/03\/Header_Gruppe.jpg?fit=1200%2C281&ssl=1&resize=700%2C400 2x, https:\/\/i0.wp.com\/www.quartier-waldacker.de\/wp-content\/uploads\/2023\/03\/Header_Gruppe.jpg?fit=1200%2C281&ssl=1&resize=1050%2C600 3x"},"classes":[]},{"id":22953,"url":"https:\/\/www.quartier-waldacker.de\/?p=22953","url_meta":{"origin":27833,"position":4},"title":"Radtour nach D\u00f6rnigheim (ca.55 km)","author":"admin","date":"14. August 2023","format":false,"excerpt":"Am Freitag, den 11. August, meldete das Wetteramt Offenbach blauen Himmel und 30 Grad Celsius und 27 Radlerinnen und Radler fanden sich um 11.00 Uhr am Startpunkt B\u00fcrgertreff Waldacker ein, um an der heutigen Radtour teilzunehmen. Die Strecke f\u00fchrte zun\u00e4chst in Richtung Heusenstamm, vorbei am Schloss und weiter in Richtung\u2026","rel":"","context":"In &quot;Radtouren&quot;","block_context":{"text":"Radtouren","link":"https:\/\/www.quartier-waldacker.de\/?cat=126"},"img":{"alt_text":"","src":"https:\/\/i0.wp.com\/www.quartier-waldacker.de\/wp-content\/uploads\/2023\/03\/Header_Gruppe.jpg?fit=1200%2C281&ssl=1&resize=350%2C200","width":350,"height":200,"srcset":"https:\/\/i0.wp.com\/www.quartier-waldacker.de\/wp-content\/uploads\/2023\/03\/Header_Gruppe.jpg?fit=1200%2C281&ssl=1&resize=350%2C200 1x, https:\/\/i0.wp.com\/www.quartier-waldacker.de\/wp-content\/uploads\/2023\/03\/Header_Gruppe.jpg?fit=1200%2C281&ssl=1&resize=525%2C300 1.5x, https:\/\/i0.wp.com\/www.quartier-waldacker.de\/wp-content\/uploads\/2023\/03\/Header_Gruppe.jpg?fit=1200%2C281&ssl=1&resize=700%2C400 2x, https:\/\/i0.wp.com\/www.quartier-waldacker.de\/wp-content\/uploads\/2023\/03\/Header_Gruppe.jpg?fit=1200%2C281&ssl=1&resize=1050%2C600 3x"},"classes":[]},{"id":9875,"url":"https:\/\/www.quartier-waldacker.de\/?p=9875","url_meta":{"origin":27833,"position":5},"title":"Die 3. Radsaison beginnt.","author":"admin","date":"4. April 2016","format":false,"excerpt":"Am kommenden Freitag den 8. April er\u00f6ffnet Frau Walter die diesj\u00e4hrige Radsaison der Quartiersgruppe Waldacker. Wie im letzten Jahr k\u00f6nnen alle die Spa\u00df und Lust haben mitradeln. Mit der ersten Tour geht es auf dem WUMBOR-Radweg rundum R\u00f6dermark. Die Radler treffen sich um 13 Uhr 30 am B\u00fcrgertreff. \u00a0 Weitere\u2026","rel":"","context":"In &quot;AG-Radfahren&quot;","block_context":{"text":"AG-Radfahren","link":"https:\/\/www.quartier-waldacker.de\/?cat=202"},"img":{"alt_text":"Liveisgood","src":"https:\/\/i0.wp.com\/www.quartier-waldacker.de\/wp-content\/uploads\/2015\/10\/Liveisgood-300x211.jpg?resize=350%2C200&ssl=1","width":350,"height":200},"classes":[]}],"jetpack_sharing_enabled":true,"rttpg_featured_image_url":{"full":["https:\/\/i0.wp.com\/www.quartier-waldacker.de\/wp-content\/uploads\/2026\/03\/Header_Gruppe_2026sr.jpg?fit=1280%2C300&ssl=1",1280,300,false],"landscape":["https:\/\/www.quartier-waldacker.de\/wp-content\/uploads\/2026\/03\/Header_Gruppe_2026sr.jpg",1280,300,false],"portraits":["https:\/\/www.quartier-waldacker.de\/wp-content\/uploads\/2026\/03\/Header_Gruppe_2026sr.jpg",1280,300,false],"thumbnail":["https:\/\/i0.wp.com\/www.quartier-waldacker.de\/wp-content\/uploads\/2026\/03\/Header_Gruppe_2026sr.jpg?resize=150%2C150&ssl=1",150,150,true],"medium":["https:\/\/i0.wp.com\/www.quartier-waldacker.de\/wp-content\/uploads\/2026\/03\/Header_Gruppe_2026sr.jpg?fit=300%2C70&ssl=1",300,70,true],"large":["https:\/\/i0.wp.com\/www.quartier-waldacker.de\/wp-content\/uploads\/2026\/03\/Header_Gruppe_2026sr.jpg?fit=1024%2C240&ssl=1",1024,240,true],"1536x1536":["https:\/\/i0.wp.com\/www.quartier-waldacker.de\/wp-content\/uploads\/2026\/03\/Header_Gruppe_2026sr.jpg?fit=1280%2C300&ssl=1",1280,300,true],"2048x2048":["https:\/\/i0.wp.com\/www.quartier-waldacker.de\/wp-content\/uploads\/2026\/03\/Header_Gruppe_2026sr.jpg?fit=1280%2C300&ssl=1",1280,300,true]},"rttpg_author":{"display_name":"Johannes","author_link":"https:\/\/www.quartier-waldacker.de\/?author=5"},"rttpg_comment":0,"rttpg_category":"<a href=\"https:\/\/www.quartier-waldacker.de\/?cat=126\" rel=\"category\">Radtouren<\/a>","rttpg_excerpt":"24. April 2026 \u2013 Sonne, Pannen und jede Menge gute Laune Manchmal beginnt ein perfekter Radeltag genau so, wie man ihn nicht geplant hat \u2013 und genau das machte diese Tour besonders erinnerungsw\u00fcrdig. &#x2600;&#xfe0f; Start unter besten Vorzeichen Am 24. April 2026 trafen sich 22 gut gelaunte Radlerinnen und Radler bei strahlendem Sonnenschein und angenehmen&hellip;","_links":{"self":[{"href":"https:\/\/www.quartier-waldacker.de\/index.php?rest_route=\/wp\/v2\/posts\/27833","targetHints":{"allow":["GET"]}}],"collection":[{"href":"https:\/\/www.quartier-waldacker.de\/index.php?rest_route=\/wp\/v2\/posts"}],"about":[{"href":"https:\/\/www.quartier-waldacker.de\/index.php?rest_route=\/wp\/v2\/types\/post"}],"author":[{"embeddable":true,"href":"https:\/\/www.quartier-waldacker.de\/index.php?rest_route=\/wp\/v2\/users\/5"}],"replies":[{"embeddable":true,"href":"https:\/\/www.quartier-waldacker.de\/index.php?rest_route=%2Fwp%2Fv2%2Fcomments&post=27833"}],"version-history":[{"count":7,"href":"https:\/\/www.quartier-waldacker.de\/index.php?rest_route=\/wp\/v2\/posts\/27833\/revisions"}],"predecessor-version":[{"id":27860,"href":"https:\/\/www.quartier-waldacker.de\/index.php?rest_route=\/wp\/v2\/posts\/27833\/revisions\/27860"}],"wp:featuredmedia":[{"embeddable":true,"href":"https:\/\/www.quartier-waldacker.de\/index.php?rest_route=\/wp\/v2\/media\/27579"}],"wp:attachment":[{"href":"https:\/\/www.quartier-waldacker.de\/index.php?rest_route=%2Fwp%2Fv2%2Fmedia&parent=27833"}],"wp:term":[{"taxonomy":"category","embeddable":true,"href":"https:\/\/www.quartier-waldacker.de\/index.php?rest_route=%2Fwp%2Fv2%2Fcategories&post=27833"},{"taxonomy":"post_tag","embeddable":true,"href":"https:\/\/www.quartier-waldacker.de\/index.php?rest_route=%2Fwp%2Fv2%2Ftags&post=27833"}],"curies":[{"name":"wp","href":"https:\/\/api.w.org\/{rel}","templated":true}]}}