{"id":27583,"date":"2026-03-14T19:00:06","date_gmt":"2026-03-14T18:00:06","guid":{"rendered":"https:\/\/www.quartier-waldacker.de\/?p=27583"},"modified":"2026-03-30T09:57:45","modified_gmt":"2026-03-30T07:57:45","slug":"fruehlingserwachen-auf-zwei-raedern-12-saisonstart-mit-96-jaehrigem-hoehenflieger","status":"publish","type":"post","link":"https:\/\/www.quartier-waldacker.de\/?p=27583","title":{"rendered":"Fr\u00fchlingserwachen auf zwei R\u00e4dern: 12. Saisonstart mit 96-j\u00e4hrigem Senior!"},"content":{"rendered":"\n<p>&nbsp;<\/p>\n<h3 class=\"mt-6 mb-2 font-semibold text-2xl\" data-streamdown=\"heading-2\"><strong><span class=\"font-semibold\" data-streamdown=\"strong\">Das Wetter: Ein Spiel mit dem Himmel<\/span><\/strong><\/h3>\n<p><span style=\"font-size: 16px; font-family: arial, helvetica, sans-serif;\">13 Grad Celsius \u2013 perfektes Radlerwetter zum Start! Die Sonne lugte vorsichtig zwischen den Wolken hervor, als ob sie selbst unsicher w\u00e4re, ob sie heute mitspielen darf. Doch wir wussten: Der Wetterbericht hatte f\u00fcr sp\u00e4ter Regen und auffrischenden Wind angek\u00fcndigt. Ein bisschen Abenteuer muss sein!<\/span><\/p>\n<h3 class=\"mt-6 mb-2 font-semibold text-2xl\" data-streamdown=\"heading-2\"><strong><span class=\"font-semibold\" data-streamdown=\"strong\">Die Truppe: 21 Abenteurer und eine Legende<\/span><\/strong><\/h3>\n<p><span style=\"font-family: arial, helvetica, sans-serif; font-size: 16px;\">21 Radlerinnen und Radler versammelten sich \u2013 darunter unser Star des Tages: <span class=\"font-semibold\" data-streamdown=\"strong\">Roman Weisenberger, 96 Jahre jung!<\/span> W\u00e4hrend manche in seinem Alter vielleicht gem\u00fctlich im Sessel sitzen, schwingt sich Roman auf den Sattel und zeigt uns allen, wie es geht. Respekt!<\/span><\/p>\n<p><span style=\"font-family: arial, helvetica, sans-serif; font-size: 16px;\">An der Spitze: Tourenplaner und -leiter <span class=\"font-semibold\" data-streamdown=\"strong\">Gerhard Elsesser<\/span>, der mit seinem routinierten Blick die Strecke im Griff hatte. Und hinten: <span class=\"font-semibold\" data-streamdown=\"strong\">Reinhold Harnath<\/span> als Schlussmann \u2013 unser pers\u00f6nlicher &#8220;Verlorengehen-Verhinderer&#8221;.<\/span><\/p>\n<h3 class=\"mt-6 mb-2 font-semibold text-2xl\" data-streamdown=\"heading-2\"><strong><span class=\"font-semibold\" data-streamdown=\"strong\">Medienrummel zum Auftakt<\/span><\/strong><\/h3>\n<p><span style=\"font-family: arial, helvetica, sans-serif; font-size: 16px;\">Wie jedes Jahr zur Saisonpremiere war <span class=\"font-semibold\" data-streamdown=\"strong\">Christine Ziesecke von der Offenbach Post<\/span> mit dabei. Nach einer kurzen, knackigen Begr\u00fc\u00dfungsrede von Gerhard, in der er den Tourenverlauf erkl\u00e4rte, hie\u00df es: &#8220;Helme auf, und ab die Post!&#8221;<\/span><\/p>\n<h3 class=\"mt-6 mb-2 font-semibold text-2xl\" data-streamdown=\"heading-2\"><strong><span class=\"font-semibold\" data-streamdown=\"strong\">Die Hinfahrt: Neu, sch\u00f6n und romantisch<\/span><\/strong><\/h3>\n<p><span style=\"font-family: arial, helvetica, sans-serif; font-size: 16px;\">\u00dcber den nagelneuen <span class=\"font-semibold\" data-streamdown=\"strong\">Eulerweg<\/span> ging&#8217;s los \u2013 dieser erst am 18. Dezember 2025 freigegebene Weg war ein Traum! Nach Padershausen mit einem ersten Zwischenstopp (&#8220;Luft holen, Beine lockern!&#8221;) radelten wir weiter nach Heusenstamm. <\/span><span style=\"font-family: arial, helvetica, sans-serif; font-size: 16px;\"><span class=\"font-semibold\" data-streamdown=\"strong\">Am Schloss Heusenstamm<\/span> erlebten wir ein ungeplantes Highlight: Als Zuschauer einer <span class=\"font-semibold\" data-streamdown=\"strong\">traumhaften Hochzeit<\/span>! W\u00e4hrend das Brautpaar strahlte, strahlten wir mit \u2013 und f\u00fchlten uns wie heimliche Hochzeitsg\u00e4ste auf R\u00e4dern. <\/span><span style=\"font-family: arial, helvetica, sans-serif; font-size: 16px;\">Weiter durch die Schlossallee, am Schwimmbad vorbei, unter der A3 hindurch und ab in die <span class=\"font-semibold\" data-streamdown=\"strong\">Kleingartenanlage Bieber Erlensteg<\/span>. Die Luft roch nach Fr\u00fchling und Abenteuer!<\/span><\/p>\n<h3><strong><span class=\"font-semibold\" data-streamdown=\"strong\">Einkehr: Gem\u00fctlichkeit pur<\/span><\/strong><\/h3>\n<p><span style=\"font-size: 16px; font-family: arial, helvetica, sans-serif;\">Im urigen Lokal <span class=\"font-semibold\" data-streamdown=\"strong\">&#8220;Zum Erlensteg zum Bieberbau&#8221;<\/span> wurden wir schon erwartet. Die Speisekarte versprach gutb\u00fcrgerliche Gen\u00fcsse: <span class=\"font-semibold\" data-streamdown=\"strong\">Backfisch mit Kartoffelsalat und Remouladenso\u00dfe<\/span> als Tagesgericht sowie weitere deutsche Klassiker zu fairen Preisen. Das Urteil der hungrigen Radler? <span class=\"font-semibold\" data-streamdown=\"strong\">Allgemeine Zufriedenheit<\/span> \u2013 was will man mehr!<\/span><\/p>\n<h3><strong><span class=\"font-semibold\" data-streamdown=\"strong\">Die R\u00fcckfahrt: Mit vollem Bauch durch die Natur<\/span><\/strong><\/h3>\n<p><span style=\"font-size: 16px; font-family: arial, helvetica, sans-serif;\">Gest\u00e4rkt und erfrischt trat die Gruppe den R\u00fcckweg an. Die Route f\u00fchrte zun\u00e4chst Richtung OF-Bieber bis zur S-Bahnstrecke, dann \u00fcber die Heusenstammer Feldschneise zur\u00fcck nach Heusenstamm. Der Weg am Friedhof vorbei, entlang der Rembr\u00fccker Stra\u00dfe bis nach Rembr\u00fccken, bot immer wieder neue Perspektiven auf die vielseitige Landschaft des Offenbacher Westkreises.<br>In Rembr\u00fccken ging es an der malerischen Kirche vorbei, vor\u00fcber an den dortigen angelegten Kleing\u00e4rten und schlie\u00dflich hinein in den Wald. Auf dem \u201eRembr\u00fccker Weg\u201c und \u201eAm Wasserwerk\u201c g\u00f6nnte sich die Gruppe eine letzte kurze Pause, um die Stille des Waldes und das Pl\u00e4tschern des dortigen Wassersspender zu genie\u00dfen.<br><\/span><span style=\"font-size: 16px; font-family: arial, helvetica, sans-serif;\"><span class=\"font-semibold\" data-streamdown=\"strong\">Besondere Freude:<\/span> In unserer Runde konnten wir <span class=\"font-semibold\" data-streamdown=\"strong\">Neumitradler Wolfgang Roth<\/span> begr\u00fc\u00dfen \u2013 herzlich willkommen im Team!<\/span><\/p>\n<h3><strong><span class=\"font-semibold\" data-streamdown=\"strong\">Das Finale: Rechtzeitig vor dem Regen<\/span><\/strong><\/h3>\n<h4><span style=\"font-size: 16px; font-family: arial, helvetica, sans-serif;\">Am Wegkreuz Eulerweg\u2013J\u00fcgesheimer Weg trennten sich unsere Wege \u2013 genau richtig, denn die dunklen Wolken am Nachmittagshimmel mahnten zur Eile. Eine <span class=\"font-semibold\" data-streamdown=\"strong\">gut geplante und perfekt ausgef\u00fchrte Tour<\/span>, die rechtzeitig vor dem angek\u00fcndigten Regen endete.<\/span><\/h4>\n<h3 class=\"mt-6 mb-2 font-semibold text-2xl\" data-streamdown=\"heading-2\"><strong><span class=\"font-semibold\" style=\"font-family: arial, helvetica, sans-serif; font-size: 20px;\" data-streamdown=\"strong\">Dank und Ausblick<\/span><\/strong><\/h3>\n<p><span style=\"font-family: arial, helvetica, sans-serif; font-size: 16px;\">Ein herzliches <span class=\"font-semibold\" data-streamdown=\"strong\">Dankesch\u00f6n an Gerhard Elsesser und Reinhold Harnath<\/span> f\u00fcr die perfekte Organisation und Betreuung!<\/span><\/p>\n<p><span style=\"font-family: arial, helvetica, sans-serif; font-size: 16px;\"><strong><span class=\"font-semibold\" data-streamdown=\"strong\">Und jetzt aufgepasst:<\/span><\/strong>&nbsp;Der n\u00e4chste Ausflug verspricht bereits jetzt mediterranes Flair: Die Tour f\u00fchrt \u00fcber Eppertshausen, M\u00fcnster und Hergershausen nach Babenhausen, mit Einkehr im <a href=\"https:\/\/www.ristorante-pension-toscana.de\/\" target=\"_blank\" rel=\"noopener\">Ristorante Toscana<\/a>. Treffpunkt ist wie gewohnt um 11 Uhr an den Rentnerb\u00e4nken in der N\u00e4he des Kl\u00e4rwerks Ober-Roden.<\/span><\/p>\n<p><span style=\"font-family: arial, helvetica, sans-serif; font-size: 16px;\"><strong><span class=\"font-semibold\" data-streamdown=\"strong\">Fazit:<\/span><\/strong> Ein gelungener Start in die 12. Quartierradler-Saison mit allem, was dazugeh\u00f6rt: frische Luft, gute Gesellschaft, kulinarische Gen\u00fcsse und die Gewissheit: Mit 96 Jahren kann man noch immer die Welt auf zwei R\u00e4dern erobern. Bis zum n\u00e4chsten Mal!<\/span><\/p>\n\n\n\n\n\n<figure class=\"wp-block-gallery has-nested-images columns-default is-cropped wp-block-gallery-2 is-layout-flex wp-block-gallery-is-layout-flex\">\n<figure class=\"wp-block-image size-large is-style-default\"><img data-recalc-dims=\"1\" loading=\"lazy\" decoding=\"async\" width=\"1024\" height=\"472\" data-attachment-id=\"27595\" data-permalink=\"https:\/\/www.quartier-waldacker.de\/?attachment_id=27595#main\" data-orig-file=\"https:\/\/i0.wp.com\/www.quartier-waldacker.de\/wp-content\/uploads\/2026\/03\/Start.jpg?fit=1280%2C590&amp;ssl=1\" data-orig-size=\"1280,590\" data-comments-opened=\"1\" data-image-meta=\"{&quot;aperture&quot;:&quot;0&quot;,&quot;credit&quot;:&quot;&quot;,&quot;camera&quot;:&quot;&quot;,&quot;caption&quot;:&quot;&quot;,&quot;created_timestamp&quot;:&quot;0&quot;,&quot;copyright&quot;:&quot;&quot;,&quot;focal_length&quot;:&quot;0&quot;,&quot;iso&quot;:&quot;0&quot;,&quot;shutter_speed&quot;:&quot;0&quot;,&quot;title&quot;:&quot;&quot;,&quot;orientation&quot;:&quot;0&quot;}\" data-image-title=\"Start\" data-image-description=\"\" data-image-caption=\"\" data-large-file=\"https:\/\/i0.wp.com\/www.quartier-waldacker.de\/wp-content\/uploads\/2026\/03\/Start.jpg?fit=1024%2C472&amp;ssl=1\" data-id=\"27595\" src=\"https:\/\/i0.wp.com\/www.quartier-waldacker.de\/wp-content\/uploads\/2026\/03\/Start.jpg?resize=1024%2C472&#038;ssl=1\" alt=\"\" class=\"wp-image-27595\" srcset=\"https:\/\/i0.wp.com\/www.quartier-waldacker.de\/wp-content\/uploads\/2026\/03\/Start.jpg?resize=1024%2C472&amp;ssl=1 1024w, https:\/\/i0.wp.com\/www.quartier-waldacker.de\/wp-content\/uploads\/2026\/03\/Start.jpg?resize=300%2C138&amp;ssl=1 300w, https:\/\/i0.wp.com\/www.quartier-waldacker.de\/wp-content\/uploads\/2026\/03\/Start.jpg?resize=768%2C354&amp;ssl=1 768w, https:\/\/i0.wp.com\/www.quartier-waldacker.de\/wp-content\/uploads\/2026\/03\/Start.jpg?w=1280&amp;ssl=1 1280w\" sizes=\"auto, (max-width: 1024px) 100vw, 1024px\" \/><figcaption class=\"wp-element-caption\">Start am 50. Breitegrad in Waldacker<\/figcaption><\/figure>\n\n\n\n<figure class=\"wp-block-image size-large\"><img data-recalc-dims=\"1\" loading=\"lazy\" decoding=\"async\" width=\"1024\" height=\"472\" data-attachment-id=\"27592\" data-permalink=\"https:\/\/www.quartier-waldacker.de\/?attachment_id=27592#main\" data-orig-file=\"https:\/\/i0.wp.com\/www.quartier-waldacker.de\/wp-content\/uploads\/2026\/03\/Padershausen.jpg?fit=1280%2C590&amp;ssl=1\" data-orig-size=\"1280,590\" data-comments-opened=\"1\" data-image-meta=\"{&quot;aperture&quot;:&quot;0&quot;,&quot;credit&quot;:&quot;&quot;,&quot;camera&quot;:&quot;&quot;,&quot;caption&quot;:&quot;&quot;,&quot;created_timestamp&quot;:&quot;0&quot;,&quot;copyright&quot;:&quot;&quot;,&quot;focal_length&quot;:&quot;0&quot;,&quot;iso&quot;:&quot;0&quot;,&quot;shutter_speed&quot;:&quot;0&quot;,&quot;title&quot;:&quot;&quot;,&quot;orientation&quot;:&quot;0&quot;}\" data-image-title=\"Padershausen\" data-image-description=\"\" data-image-caption=\"\" data-large-file=\"https:\/\/i0.wp.com\/www.quartier-waldacker.de\/wp-content\/uploads\/2026\/03\/Padershausen.jpg?fit=1024%2C472&amp;ssl=1\" data-id=\"27592\" src=\"https:\/\/i0.wp.com\/www.quartier-waldacker.de\/wp-content\/uploads\/2026\/03\/Padershausen.jpg?resize=1024%2C472&#038;ssl=1\" alt=\"\" class=\"wp-image-27592\" srcset=\"https:\/\/i0.wp.com\/www.quartier-waldacker.de\/wp-content\/uploads\/2026\/03\/Padershausen.jpg?resize=1024%2C472&amp;ssl=1 1024w, https:\/\/i0.wp.com\/www.quartier-waldacker.de\/wp-content\/uploads\/2026\/03\/Padershausen.jpg?resize=300%2C138&amp;ssl=1 300w, https:\/\/i0.wp.com\/www.quartier-waldacker.de\/wp-content\/uploads\/2026\/03\/Padershausen.jpg?resize=768%2C354&amp;ssl=1 768w, https:\/\/i0.wp.com\/www.quartier-waldacker.de\/wp-content\/uploads\/2026\/03\/Padershausen.jpg?w=1280&amp;ssl=1 1280w\" sizes=\"auto, (max-width: 1024px) 100vw, 1024px\" \/><figcaption class=\"wp-element-caption\">Zwischenstopp am Padershausen<\/figcaption><\/figure>\n\n\n\n<figure class=\"wp-block-image size-large\"><img data-recalc-dims=\"1\" loading=\"lazy\" decoding=\"async\" width=\"1024\" height=\"758\" data-attachment-id=\"27593\" data-permalink=\"https:\/\/www.quartier-waldacker.de\/?attachment_id=27593#main\" data-orig-file=\"https:\/\/i0.wp.com\/www.quartier-waldacker.de\/wp-content\/uploads\/2026\/03\/Schloss.jpg?fit=1280%2C947&amp;ssl=1\" data-orig-size=\"1280,947\" data-comments-opened=\"1\" data-image-meta=\"{&quot;aperture&quot;:&quot;0&quot;,&quot;credit&quot;:&quot;&quot;,&quot;camera&quot;:&quot;&quot;,&quot;caption&quot;:&quot;&quot;,&quot;created_timestamp&quot;:&quot;0&quot;,&quot;copyright&quot;:&quot;&quot;,&quot;focal_length&quot;:&quot;0&quot;,&quot;iso&quot;:&quot;0&quot;,&quot;shutter_speed&quot;:&quot;0&quot;,&quot;title&quot;:&quot;&quot;,&quot;orientation&quot;:&quot;0&quot;}\" data-image-title=\"Schloss\" data-image-description=\"\" data-image-caption=\"\" data-large-file=\"https:\/\/i0.wp.com\/www.quartier-waldacker.de\/wp-content\/uploads\/2026\/03\/Schloss.jpg?fit=1024%2C758&amp;ssl=1\" data-id=\"27593\" src=\"https:\/\/i0.wp.com\/www.quartier-waldacker.de\/wp-content\/uploads\/2026\/03\/Schloss.jpg?resize=1024%2C758&#038;ssl=1\" alt=\"\" class=\"wp-image-27593\" srcset=\"https:\/\/i0.wp.com\/www.quartier-waldacker.de\/wp-content\/uploads\/2026\/03\/Schloss.jpg?resize=1024%2C758&amp;ssl=1 1024w, https:\/\/i0.wp.com\/www.quartier-waldacker.de\/wp-content\/uploads\/2026\/03\/Schloss.jpg?resize=300%2C222&amp;ssl=1 300w, https:\/\/i0.wp.com\/www.quartier-waldacker.de\/wp-content\/uploads\/2026\/03\/Schloss.jpg?resize=768%2C568&amp;ssl=1 768w, https:\/\/i0.wp.com\/www.quartier-waldacker.de\/wp-content\/uploads\/2026\/03\/Schloss.jpg?w=1280&amp;ssl=1 1280w\" sizes=\"auto, (max-width: 1024px) 100vw, 1024px\" \/><figcaption class=\"wp-element-caption\">Schloss Heusenstamm<\/figcaption><\/figure>\n\n\n\n<figure class=\"wp-block-image size-large\"><img data-recalc-dims=\"1\" loading=\"lazy\" decoding=\"async\" width=\"1024\" height=\"768\" data-attachment-id=\"27594\" data-permalink=\"https:\/\/www.quartier-waldacker.de\/?attachment_id=27594#main\" data-orig-file=\"https:\/\/i0.wp.com\/www.quartier-waldacker.de\/wp-content\/uploads\/2026\/03\/Schloss02.jpg?fit=1280%2C960&amp;ssl=1\" data-orig-size=\"1280,960\" data-comments-opened=\"1\" data-image-meta=\"{&quot;aperture&quot;:&quot;0&quot;,&quot;credit&quot;:&quot;&quot;,&quot;camera&quot;:&quot;&quot;,&quot;caption&quot;:&quot;&quot;,&quot;created_timestamp&quot;:&quot;0&quot;,&quot;copyright&quot;:&quot;&quot;,&quot;focal_length&quot;:&quot;0&quot;,&quot;iso&quot;:&quot;0&quot;,&quot;shutter_speed&quot;:&quot;0&quot;,&quot;title&quot;:&quot;&quot;,&quot;orientation&quot;:&quot;0&quot;}\" data-image-title=\"Schloss02\" data-image-description=\"\" data-image-caption=\"\" data-large-file=\"https:\/\/i0.wp.com\/www.quartier-waldacker.de\/wp-content\/uploads\/2026\/03\/Schloss02.jpg?fit=1024%2C768&amp;ssl=1\" data-id=\"27594\" src=\"https:\/\/i0.wp.com\/www.quartier-waldacker.de\/wp-content\/uploads\/2026\/03\/Schloss02.jpg?resize=1024%2C768&#038;ssl=1\" alt=\"\" class=\"wp-image-27594\" srcset=\"https:\/\/i0.wp.com\/www.quartier-waldacker.de\/wp-content\/uploads\/2026\/03\/Schloss02.jpg?resize=1024%2C768&amp;ssl=1 1024w, https:\/\/i0.wp.com\/www.quartier-waldacker.de\/wp-content\/uploads\/2026\/03\/Schloss02.jpg?resize=300%2C225&amp;ssl=1 300w, https:\/\/i0.wp.com\/www.quartier-waldacker.de\/wp-content\/uploads\/2026\/03\/Schloss02.jpg?resize=768%2C576&amp;ssl=1 768w, https:\/\/i0.wp.com\/www.quartier-waldacker.de\/wp-content\/uploads\/2026\/03\/Schloss02.jpg?w=1280&amp;ssl=1 1280w\" sizes=\"auto, (max-width: 1024px) 100vw, 1024px\" \/><figcaption class=\"wp-element-caption\">Schloss Heusenstamm<\/figcaption><\/figure>\n\n\n\n<figure class=\"wp-block-image size-large\"><img data-recalc-dims=\"1\" loading=\"lazy\" decoding=\"async\" width=\"1024\" height=\"482\" data-attachment-id=\"27597\" data-permalink=\"https:\/\/www.quartier-waldacker.de\/?attachment_id=27597#main\" data-orig-file=\"https:\/\/i0.wp.com\/www.quartier-waldacker.de\/wp-content\/uploads\/2026\/03\/VormLokal.jpg?fit=1280%2C603&amp;ssl=1\" data-orig-size=\"1280,603\" data-comments-opened=\"1\" data-image-meta=\"{&quot;aperture&quot;:&quot;0&quot;,&quot;credit&quot;:&quot;&quot;,&quot;camera&quot;:&quot;&quot;,&quot;caption&quot;:&quot;&quot;,&quot;created_timestamp&quot;:&quot;0&quot;,&quot;copyright&quot;:&quot;&quot;,&quot;focal_length&quot;:&quot;0&quot;,&quot;iso&quot;:&quot;0&quot;,&quot;shutter_speed&quot;:&quot;0&quot;,&quot;title&quot;:&quot;&quot;,&quot;orientation&quot;:&quot;0&quot;}\" data-image-title=\"VormLokal\" data-image-description=\"\" data-image-caption=\"\" data-large-file=\"https:\/\/i0.wp.com\/www.quartier-waldacker.de\/wp-content\/uploads\/2026\/03\/VormLokal.jpg?fit=1024%2C482&amp;ssl=1\" data-id=\"27597\" src=\"https:\/\/i0.wp.com\/www.quartier-waldacker.de\/wp-content\/uploads\/2026\/03\/VormLokal.jpg?resize=1024%2C482&#038;ssl=1\" alt=\"\" class=\"wp-image-27597\" srcset=\"https:\/\/i0.wp.com\/www.quartier-waldacker.de\/wp-content\/uploads\/2026\/03\/VormLokal.jpg?resize=1024%2C482&amp;ssl=1 1024w, https:\/\/i0.wp.com\/www.quartier-waldacker.de\/wp-content\/uploads\/2026\/03\/VormLokal.jpg?resize=300%2C141&amp;ssl=1 300w, https:\/\/i0.wp.com\/www.quartier-waldacker.de\/wp-content\/uploads\/2026\/03\/VormLokal.jpg?resize=768%2C362&amp;ssl=1 768w, https:\/\/i0.wp.com\/www.quartier-waldacker.de\/wp-content\/uploads\/2026\/03\/VormLokal.jpg?w=1280&amp;ssl=1 1280w\" sizes=\"auto, (max-width: 1024px) 100vw, 1024px\" \/><figcaption class=\"wp-element-caption\">Vorm Lokal<\/figcaption><\/figure>\n\n\n\n<figure class=\"wp-block-image size-large\"><img data-recalc-dims=\"1\" loading=\"lazy\" decoding=\"async\" width=\"1024\" height=\"472\" data-attachment-id=\"27590\" data-permalink=\"https:\/\/www.quartier-waldacker.de\/?attachment_id=27590#main\" data-orig-file=\"https:\/\/i0.wp.com\/www.quartier-waldacker.de\/wp-content\/uploads\/2026\/03\/imlokal-01.jpg?fit=1280%2C590&amp;ssl=1\" data-orig-size=\"1280,590\" data-comments-opened=\"1\" data-image-meta=\"{&quot;aperture&quot;:&quot;0&quot;,&quot;credit&quot;:&quot;&quot;,&quot;camera&quot;:&quot;&quot;,&quot;caption&quot;:&quot;&quot;,&quot;created_timestamp&quot;:&quot;0&quot;,&quot;copyright&quot;:&quot;&quot;,&quot;focal_length&quot;:&quot;0&quot;,&quot;iso&quot;:&quot;0&quot;,&quot;shutter_speed&quot;:&quot;0&quot;,&quot;title&quot;:&quot;&quot;,&quot;orientation&quot;:&quot;0&quot;}\" data-image-title=\"imlokal-01\" data-image-description=\"\" data-image-caption=\"\" data-large-file=\"https:\/\/i0.wp.com\/www.quartier-waldacker.de\/wp-content\/uploads\/2026\/03\/imlokal-01.jpg?fit=1024%2C472&amp;ssl=1\" data-id=\"27590\" src=\"https:\/\/i0.wp.com\/www.quartier-waldacker.de\/wp-content\/uploads\/2026\/03\/imlokal-01.jpg?resize=1024%2C472&#038;ssl=1\" alt=\"\" class=\"wp-image-27590\" srcset=\"https:\/\/i0.wp.com\/www.quartier-waldacker.de\/wp-content\/uploads\/2026\/03\/imlokal-01.jpg?resize=1024%2C472&amp;ssl=1 1024w, https:\/\/i0.wp.com\/www.quartier-waldacker.de\/wp-content\/uploads\/2026\/03\/imlokal-01.jpg?resize=300%2C138&amp;ssl=1 300w, https:\/\/i0.wp.com\/www.quartier-waldacker.de\/wp-content\/uploads\/2026\/03\/imlokal-01.jpg?resize=768%2C354&amp;ssl=1 768w, https:\/\/i0.wp.com\/www.quartier-waldacker.de\/wp-content\/uploads\/2026\/03\/imlokal-01.jpg?w=1280&amp;ssl=1 1280w\" sizes=\"auto, (max-width: 1024px) 100vw, 1024px\" \/><figcaption class=\"wp-element-caption\">Im Lokal<\/figcaption><\/figure>\n\n\n\n<figure class=\"wp-block-image size-large\"><img data-recalc-dims=\"1\" loading=\"lazy\" decoding=\"async\" width=\"1024\" height=\"472\" data-attachment-id=\"27591\" data-permalink=\"https:\/\/www.quartier-waldacker.de\/?attachment_id=27591#main\" data-orig-file=\"https:\/\/i0.wp.com\/www.quartier-waldacker.de\/wp-content\/uploads\/2026\/03\/Aufbruch.jpg?fit=1280%2C590&amp;ssl=1\" data-orig-size=\"1280,590\" data-comments-opened=\"1\" data-image-meta=\"{&quot;aperture&quot;:&quot;0&quot;,&quot;credit&quot;:&quot;&quot;,&quot;camera&quot;:&quot;&quot;,&quot;caption&quot;:&quot;&quot;,&quot;created_timestamp&quot;:&quot;0&quot;,&quot;copyright&quot;:&quot;&quot;,&quot;focal_length&quot;:&quot;0&quot;,&quot;iso&quot;:&quot;0&quot;,&quot;shutter_speed&quot;:&quot;0&quot;,&quot;title&quot;:&quot;&quot;,&quot;orientation&quot;:&quot;0&quot;}\" data-image-title=\"Aufbruch\" data-image-description=\"\" data-image-caption=\"\" data-large-file=\"https:\/\/i0.wp.com\/www.quartier-waldacker.de\/wp-content\/uploads\/2026\/03\/Aufbruch.jpg?fit=1024%2C472&amp;ssl=1\" data-id=\"27591\" src=\"https:\/\/i0.wp.com\/www.quartier-waldacker.de\/wp-content\/uploads\/2026\/03\/Aufbruch.jpg?resize=1024%2C472&#038;ssl=1\" alt=\"\" class=\"wp-image-27591\" srcset=\"https:\/\/i0.wp.com\/www.quartier-waldacker.de\/wp-content\/uploads\/2026\/03\/Aufbruch.jpg?resize=1024%2C472&amp;ssl=1 1024w, https:\/\/i0.wp.com\/www.quartier-waldacker.de\/wp-content\/uploads\/2026\/03\/Aufbruch.jpg?resize=300%2C138&amp;ssl=1 300w, https:\/\/i0.wp.com\/www.quartier-waldacker.de\/wp-content\/uploads\/2026\/03\/Aufbruch.jpg?resize=768%2C354&amp;ssl=1 768w, https:\/\/i0.wp.com\/www.quartier-waldacker.de\/wp-content\/uploads\/2026\/03\/Aufbruch.jpg?w=1280&amp;ssl=1 1280w\" sizes=\"auto, (max-width: 1024px) 100vw, 1024px\" \/><figcaption class=\"wp-element-caption\">Abfahrt vom Erlensteg<\/figcaption><\/figure>\n\n\n\n<figure class=\"wp-block-image size-large\"><img data-recalc-dims=\"1\" loading=\"lazy\" decoding=\"async\" width=\"1024\" height=\"472\" data-attachment-id=\"27589\" data-permalink=\"https:\/\/www.quartier-waldacker.de\/?attachment_id=27589#main\" data-orig-file=\"https:\/\/i0.wp.com\/www.quartier-waldacker.de\/wp-content\/uploads\/2026\/03\/AmWasserwerk-02.jpg?fit=1280%2C590&amp;ssl=1\" data-orig-size=\"1280,590\" data-comments-opened=\"1\" data-image-meta=\"{&quot;aperture&quot;:&quot;0&quot;,&quot;credit&quot;:&quot;&quot;,&quot;camera&quot;:&quot;&quot;,&quot;caption&quot;:&quot;&quot;,&quot;created_timestamp&quot;:&quot;0&quot;,&quot;copyright&quot;:&quot;&quot;,&quot;focal_length&quot;:&quot;0&quot;,&quot;iso&quot;:&quot;0&quot;,&quot;shutter_speed&quot;:&quot;0&quot;,&quot;title&quot;:&quot;&quot;,&quot;orientation&quot;:&quot;0&quot;}\" data-image-title=\"AmWasserwerk-02\" data-image-description=\"\" data-image-caption=\"\" data-large-file=\"https:\/\/i0.wp.com\/www.quartier-waldacker.de\/wp-content\/uploads\/2026\/03\/AmWasserwerk-02.jpg?fit=1024%2C472&amp;ssl=1\" data-id=\"27589\" src=\"https:\/\/i0.wp.com\/www.quartier-waldacker.de\/wp-content\/uploads\/2026\/03\/AmWasserwerk-02.jpg?resize=1024%2C472&#038;ssl=1\" alt=\"\" class=\"wp-image-27589\" srcset=\"https:\/\/i0.wp.com\/www.quartier-waldacker.de\/wp-content\/uploads\/2026\/03\/AmWasserwerk-02.jpg?resize=1024%2C472&amp;ssl=1 1024w, https:\/\/i0.wp.com\/www.quartier-waldacker.de\/wp-content\/uploads\/2026\/03\/AmWasserwerk-02.jpg?resize=300%2C138&amp;ssl=1 300w, https:\/\/i0.wp.com\/www.quartier-waldacker.de\/wp-content\/uploads\/2026\/03\/AmWasserwerk-02.jpg?resize=768%2C354&amp;ssl=1 768w, https:\/\/i0.wp.com\/www.quartier-waldacker.de\/wp-content\/uploads\/2026\/03\/AmWasserwerk-02.jpg?w=1280&amp;ssl=1 1280w\" sizes=\"auto, (max-width: 1024px) 100vw, 1024px\" \/><figcaption class=\"wp-element-caption\">Zwischenstop am Wasserwerk<\/figcaption><\/figure>\n\n\n\n<figure class=\"wp-block-image size-large\"><img data-recalc-dims=\"1\" loading=\"lazy\" decoding=\"async\" width=\"1024\" height=\"472\" data-attachment-id=\"27587\" data-permalink=\"https:\/\/www.quartier-waldacker.de\/?attachment_id=27587#main\" data-orig-file=\"https:\/\/i0.wp.com\/www.quartier-waldacker.de\/wp-content\/uploads\/2026\/03\/AmWasserwerk.jpg?fit=1280%2C590&amp;ssl=1\" data-orig-size=\"1280,590\" data-comments-opened=\"1\" data-image-meta=\"{&quot;aperture&quot;:&quot;0&quot;,&quot;credit&quot;:&quot;&quot;,&quot;camera&quot;:&quot;&quot;,&quot;caption&quot;:&quot;&quot;,&quot;created_timestamp&quot;:&quot;0&quot;,&quot;copyright&quot;:&quot;&quot;,&quot;focal_length&quot;:&quot;0&quot;,&quot;iso&quot;:&quot;0&quot;,&quot;shutter_speed&quot;:&quot;0&quot;,&quot;title&quot;:&quot;&quot;,&quot;orientation&quot;:&quot;0&quot;}\" data-image-title=\"AmWasserwerk\" data-image-description=\"\" data-image-caption=\"\" data-large-file=\"https:\/\/i0.wp.com\/www.quartier-waldacker.de\/wp-content\/uploads\/2026\/03\/AmWasserwerk.jpg?fit=1024%2C472&amp;ssl=1\" data-id=\"27587\" src=\"https:\/\/i0.wp.com\/www.quartier-waldacker.de\/wp-content\/uploads\/2026\/03\/AmWasserwerk.jpg?resize=1024%2C472&#038;ssl=1\" alt=\"\" class=\"wp-image-27587\" srcset=\"https:\/\/i0.wp.com\/www.quartier-waldacker.de\/wp-content\/uploads\/2026\/03\/AmWasserwerk.jpg?resize=1024%2C472&amp;ssl=1 1024w, https:\/\/i0.wp.com\/www.quartier-waldacker.de\/wp-content\/uploads\/2026\/03\/AmWasserwerk.jpg?resize=300%2C138&amp;ssl=1 300w, https:\/\/i0.wp.com\/www.quartier-waldacker.de\/wp-content\/uploads\/2026\/03\/AmWasserwerk.jpg?resize=768%2C354&amp;ssl=1 768w, https:\/\/i0.wp.com\/www.quartier-waldacker.de\/wp-content\/uploads\/2026\/03\/AmWasserwerk.jpg?w=1280&amp;ssl=1 1280w\" sizes=\"auto, (max-width: 1024px) 100vw, 1024px\" \/><figcaption class=\"wp-element-caption\">Zwischenstop am Wasserwerk<\/figcaption><\/figure>\n\n\n\n<figure class=\"wp-block-image size-large\"><img data-recalc-dims=\"1\" loading=\"lazy\" decoding=\"async\" width=\"1024\" height=\"472\" data-attachment-id=\"27596\" data-permalink=\"https:\/\/www.quartier-waldacker.de\/?attachment_id=27596#main\" data-orig-file=\"https:\/\/i0.wp.com\/www.quartier-waldacker.de\/wp-content\/uploads\/2026\/03\/Unterwegs.jpg?fit=1280%2C590&amp;ssl=1\" data-orig-size=\"1280,590\" data-comments-opened=\"1\" data-image-meta=\"{&quot;aperture&quot;:&quot;0&quot;,&quot;credit&quot;:&quot;&quot;,&quot;camera&quot;:&quot;&quot;,&quot;caption&quot;:&quot;&quot;,&quot;created_timestamp&quot;:&quot;0&quot;,&quot;copyright&quot;:&quot;&quot;,&quot;focal_length&quot;:&quot;0&quot;,&quot;iso&quot;:&quot;0&quot;,&quot;shutter_speed&quot;:&quot;0&quot;,&quot;title&quot;:&quot;&quot;,&quot;orientation&quot;:&quot;0&quot;}\" data-image-title=\"Unterwegs\" data-image-description=\"\" data-image-caption=\"\" data-large-file=\"https:\/\/i0.wp.com\/www.quartier-waldacker.de\/wp-content\/uploads\/2026\/03\/Unterwegs.jpg?fit=1024%2C472&amp;ssl=1\" data-id=\"27596\" src=\"https:\/\/i0.wp.com\/www.quartier-waldacker.de\/wp-content\/uploads\/2026\/03\/Unterwegs.jpg?resize=1024%2C472&#038;ssl=1\" alt=\"\" class=\"wp-image-27596\" srcset=\"https:\/\/i0.wp.com\/www.quartier-waldacker.de\/wp-content\/uploads\/2026\/03\/Unterwegs.jpg?resize=1024%2C472&amp;ssl=1 1024w, https:\/\/i0.wp.com\/www.quartier-waldacker.de\/wp-content\/uploads\/2026\/03\/Unterwegs.jpg?resize=300%2C138&amp;ssl=1 300w, https:\/\/i0.wp.com\/www.quartier-waldacker.de\/wp-content\/uploads\/2026\/03\/Unterwegs.jpg?resize=768%2C354&amp;ssl=1 768w, https:\/\/i0.wp.com\/www.quartier-waldacker.de\/wp-content\/uploads\/2026\/03\/Unterwegs.jpg?w=1280&amp;ssl=1 1280w\" sizes=\"auto, (max-width: 1024px) 100vw, 1024px\" \/><figcaption class=\"wp-element-caption\">Zwischenstop am Wasserwerk<\/figcaption><\/figure>\n\n\n\n<figure class=\"wp-block-image size-large\"><img data-recalc-dims=\"1\" loading=\"lazy\" decoding=\"async\" width=\"1024\" height=\"472\" data-attachment-id=\"27588\" data-permalink=\"https:\/\/www.quartier-waldacker.de\/?attachment_id=27588#main\" data-orig-file=\"https:\/\/i0.wp.com\/www.quartier-waldacker.de\/wp-content\/uploads\/2026\/03\/AmZiel.jpg?fit=1280%2C590&amp;ssl=1\" data-orig-size=\"1280,590\" data-comments-opened=\"1\" data-image-meta=\"{&quot;aperture&quot;:&quot;0&quot;,&quot;credit&quot;:&quot;&quot;,&quot;camera&quot;:&quot;&quot;,&quot;caption&quot;:&quot;&quot;,&quot;created_timestamp&quot;:&quot;0&quot;,&quot;copyright&quot;:&quot;&quot;,&quot;focal_length&quot;:&quot;0&quot;,&quot;iso&quot;:&quot;0&quot;,&quot;shutter_speed&quot;:&quot;0&quot;,&quot;title&quot;:&quot;&quot;,&quot;orientation&quot;:&quot;0&quot;}\" data-image-title=\"AmZiel\" data-image-description=\"\" data-image-caption=\"\" data-large-file=\"https:\/\/i0.wp.com\/www.quartier-waldacker.de\/wp-content\/uploads\/2026\/03\/AmZiel.jpg?fit=1024%2C472&amp;ssl=1\" data-id=\"27588\" src=\"https:\/\/i0.wp.com\/www.quartier-waldacker.de\/wp-content\/uploads\/2026\/03\/AmZiel.jpg?resize=1024%2C472&#038;ssl=1\" alt=\"\" class=\"wp-image-27588\" srcset=\"https:\/\/i0.wp.com\/www.quartier-waldacker.de\/wp-content\/uploads\/2026\/03\/AmZiel.jpg?resize=1024%2C472&amp;ssl=1 1024w, https:\/\/i0.wp.com\/www.quartier-waldacker.de\/wp-content\/uploads\/2026\/03\/AmZiel.jpg?resize=300%2C138&amp;ssl=1 300w, https:\/\/i0.wp.com\/www.quartier-waldacker.de\/wp-content\/uploads\/2026\/03\/AmZiel.jpg?resize=768%2C354&amp;ssl=1 768w, https:\/\/i0.wp.com\/www.quartier-waldacker.de\/wp-content\/uploads\/2026\/03\/AmZiel.jpg?w=1280&amp;ssl=1 1280w\" sizes=\"auto, (max-width: 1024px) 100vw, 1024px\" \/><figcaption class=\"wp-element-caption\">Zur\u00fcck<\/figcaption><\/figure>\n<\/figure>\n\n\n\n\n\n<p class=\"has-medium-font-size\">Bilder von Reinhold Harnoth<\/p>\n\n\n<div class=\"gb-container gb-container-ffe11f90\">\n\n\t\t<div id=\"maps-marker-pro-b48d1c25\" class=\"maps-marker-pro mmp-list-below\" style=\"width: 640px;\">\n\t\t\t<div id=\"mmp-map-wrap-b48d1c25\" class=\"mmp-map-wrap\">\n\t\t\t\t\t\t\t\t\t<div id=\"mmp-panel-b48d1c25\" class=\"mmp-panel\"><\/div>\n\t\t\t\t\t\t\t\t<div id=\"mmp-map-b48d1c25\" class=\"mmp-map\" style=\"height: 480px;\"><\/div>\n\t\t\t\t\t\t\t\t\t<div id=\"mmp-chart-wrap-b48d1c25\" class=\"mmp-gpx-chart-wrap\" style=\"height: 200px;\"><\/div>\n\t\t\t\t\t\t\t<\/div>\n\t\t\t\t\t\t\t<div id=\"mmp-list-b48d1c25\" class=\"mmp-list\" style=\"flex-basis: 400px;\"><\/div>\n\t\t\t\t\t<\/div>\n\t\t\n\n<\/div>\n\n","protected":false},"excerpt":{"rendered":"<p>&nbsp; Das Wetter: Ein Spiel mit dem Himmel 13 Grad Celsius \u2013 perfektes Radlerwetter zum Start! Die Sonne lugte vorsichtig zwischen den Wolken hervor, als ob sie selbst unsicher w\u00e4re, ob sie heute mitspielen darf. Doch wir wussten: Der Wetterbericht hatte f\u00fcr sp\u00e4ter Regen und auffrischenden Wind angek\u00fcndigt. Ein bisschen Abenteuer muss sein! Die Truppe: &#8230; <a title=\"Fr\u00fchlingserwachen auf zwei R\u00e4dern: 12. Saisonstart mit 96-j\u00e4hrigem Senior!\" class=\"read-more\" href=\"https:\/\/www.quartier-waldacker.de\/?p=27583\" aria-label=\"Mehr Informationen \u00fcber Fr\u00fchlingserwachen auf zwei R\u00e4dern: 12. Saisonstart mit 96-j\u00e4hrigem Senior!\">Weiterlesen<\/a><\/p>\n","protected":false},"author":5,"featured_media":27579,"comment_status":"open","ping_status":"closed","sticky":false,"template":"","format":"standard","meta":{"generate_page_header":"","_jetpack_memberships_contains_paid_content":false,"footnotes":""},"categories":[202,126],"tags":[375,377,197,317,118],"class_list":["post-27583","post","type-post","status-publish","format-standard","has-post-thumbnail","hentry","category-radfahren","category-radtouren","tag-375","tag-quartier-waldacker","tag-radfahren","tag-roedermark","tag-waldacker"],"jetpack_featured_media_url":"https:\/\/i0.wp.com\/www.quartier-waldacker.de\/wp-content\/uploads\/2026\/03\/Header_Gruppe_2026sr.jpg?fit=1280%2C300&ssl=1","jetpack-related-posts":[{"id":27701,"url":"https:\/\/www.quartier-waldacker.de\/?p=27701","url_meta":{"origin":27583,"position":0},"title":"Radfahrgruppe auf Schlemmertour (43 km)","author":"Johannes","date":"29. M\u00e4rz 2026","format":false,"excerpt":"Eine Fr\u00fchlingsfahrt mit Geschichte, Genuss und guter Laune Der 27. M\u00e4rz 2026 begann f\u00fcr dreizehn gut gelaunte Radlerinnen und Radler mit einem Wetter, das man h\u00f6flich als \u201eherausfordernd\u201c bezeichnen k\u00f6nnte: 9 Grad Celsius, teilweise bew\u00f6lkt, trocken \u2013 aber gef\u00fchlt eher 3 Grad. Doch K\u00e4lte ist bekanntlich relativ, vor allem, wenn\u2026","rel":"","context":"In &quot;Radtouren&quot;","block_context":{"text":"Radtouren","link":"https:\/\/www.quartier-waldacker.de\/?cat=126"},"img":{"alt_text":"","src":"https:\/\/i0.wp.com\/www.quartier-waldacker.de\/wp-content\/uploads\/2026\/03\/Header_Gruppe_2026sr.jpg?fit=1200%2C281&ssl=1&resize=350%2C200","width":350,"height":200,"srcset":"https:\/\/i0.wp.com\/www.quartier-waldacker.de\/wp-content\/uploads\/2026\/03\/Header_Gruppe_2026sr.jpg?fit=1200%2C281&ssl=1&resize=350%2C200 1x, https:\/\/i0.wp.com\/www.quartier-waldacker.de\/wp-content\/uploads\/2026\/03\/Header_Gruppe_2026sr.jpg?fit=1200%2C281&ssl=1&resize=525%2C300 1.5x, https:\/\/i0.wp.com\/www.quartier-waldacker.de\/wp-content\/uploads\/2026\/03\/Header_Gruppe_2026sr.jpg?fit=1200%2C281&ssl=1&resize=700%2C400 2x, https:\/\/i0.wp.com\/www.quartier-waldacker.de\/wp-content\/uploads\/2026\/03\/Header_Gruppe_2026sr.jpg?fit=1200%2C281&ssl=1&resize=1050%2C600 3x"},"classes":[]},{"id":16250,"url":"https:\/\/www.quartier-waldacker.de\/?p=16250","url_meta":{"origin":27583,"position":1},"title":"Die Radfahrgruppe beendet erfolgreich die Saison 2017","author":"Johannes","date":"1. Dezember 2017","format":false,"excerpt":"[siteorigin_widget class=\"SiteOrigin_Widget_Image_Widget\"][\/siteorigin_widget] Zum Abschluss der diesj\u00e4hrigen Saison traten 7 unentwegte Teilnehmer bei durchwachsem Wetter den wumboR-Radweg an. Dabei wurden alle R\u00f6derm\u00e4rker Stadtteilen umfahren, Distanz 20,5 Km. Anschlie\u00dfend trafen sich die 7 unentwegten mit weiteren engagierten Radfahrfreunden\/innen im B\u00fcrgerhaus Dudenhofen zu einem gem\u00fctlichen Jahresausklang bei gutem Essen und Getr\u00e4nken. Gleich zu\u2026","rel":"","context":"In &quot;AG-Radfahren&quot;","block_context":{"text":"AG-Radfahren","link":"https:\/\/www.quartier-waldacker.de\/?cat=202"},"img":{"alt_text":"","src":"https:\/\/i0.wp.com\/www.quartier-waldacker.de\/wp-content\/uploads\/2017\/12\/Header_seligenstadt_bearbeitet-1.jpg?fit=1200%2C261&ssl=1&resize=350%2C200","width":350,"height":200,"srcset":"https:\/\/i0.wp.com\/www.quartier-waldacker.de\/wp-content\/uploads\/2017\/12\/Header_seligenstadt_bearbeitet-1.jpg?fit=1200%2C261&ssl=1&resize=350%2C200 1x, https:\/\/i0.wp.com\/www.quartier-waldacker.de\/wp-content\/uploads\/2017\/12\/Header_seligenstadt_bearbeitet-1.jpg?fit=1200%2C261&ssl=1&resize=525%2C300 1.5x, https:\/\/i0.wp.com\/www.quartier-waldacker.de\/wp-content\/uploads\/2017\/12\/Header_seligenstadt_bearbeitet-1.jpg?fit=1200%2C261&ssl=1&resize=700%2C400 2x, https:\/\/i0.wp.com\/www.quartier-waldacker.de\/wp-content\/uploads\/2017\/12\/Header_seligenstadt_bearbeitet-1.jpg?fit=1200%2C261&ssl=1&resize=1050%2C600 3x"},"classes":[]},{"id":5213,"url":"https:\/\/www.quartier-waldacker.de\/?p=5213","url_meta":{"origin":27583,"position":2},"title":"Radtouren rund um Waldacker &#8211; Tour 1","author":"Johannes","date":"22. April 2014","format":false,"excerpt":"Die Quartiersgruppe beabsichtigt im Sommer 2014 eine Reihe von Fahrradtouren rund um Waldacker zu unternehmen. Alle die Spa\u00df am Radfahren haben und gemeinsam was unternehmen wollen sind herzlich dazu eingeladen. Am Freitag\u00a0 den 25. April startet die erste Fahrradtour \u00fcber gut befahrene Radwege durchs flache Land zum Schloss Sch\u00f6nborn nach\u2026","rel":"","context":"In &quot;Radtouren&quot;","block_context":{"text":"Radtouren","link":"https:\/\/www.quartier-waldacker.de\/?cat=126"},"img":{"alt_text":"","src":"https:\/\/i0.wp.com\/www.quartier-waldacker.de\/wp-content\/uploads\/2014\/04\/Radfahrergruppe-300x300.png?resize=350%2C200&ssl=1","width":350,"height":200},"classes":[]},{"id":17842,"url":"https:\/\/www.quartier-waldacker.de\/?p=17842","url_meta":{"origin":27583,"position":3},"title":"Wer rastet der rostet.","author":"admin","date":"16. April 2018","format":false,"excerpt":"Nachdem die Arbeitsgruppe Radfahren der Quartiersgruppe-Waldacker ihre Radfahr-Saison 2017 wieder erfolgreich abschloss wurde so manche Stimmen wurde laut: \u201eIch w\u00fcrde ja gerne mitfahren aber die vielen Kilometer. Ich wei\u00df nicht ob ich das schaffe?\u201c F\u00fcr diese Personengruppe startet nun ein Pilotprojekt \u201eGef\u00fchrte Radtouren f\u00fcr Einsteiger\u201c. Geplant sind vorerst im monatlichen\u2026","rel":"","context":"In &quot;AG-Radfahren&quot;","block_context":{"text":"AG-Radfahren","link":"https:\/\/www.quartier-waldacker.de\/?cat=202"},"img":{"alt_text":"","src":"https:\/\/i0.wp.com\/www.quartier-waldacker.de\/wp-content\/uploads\/2018\/04\/Header_Radfahren1.jpg?fit=1200%2C281&ssl=1&resize=350%2C200","width":350,"height":200,"srcset":"https:\/\/i0.wp.com\/www.quartier-waldacker.de\/wp-content\/uploads\/2018\/04\/Header_Radfahren1.jpg?fit=1200%2C281&ssl=1&resize=350%2C200 1x, https:\/\/i0.wp.com\/www.quartier-waldacker.de\/wp-content\/uploads\/2018\/04\/Header_Radfahren1.jpg?fit=1200%2C281&ssl=1&resize=525%2C300 1.5x, https:\/\/i0.wp.com\/www.quartier-waldacker.de\/wp-content\/uploads\/2018\/04\/Header_Radfahren1.jpg?fit=1200%2C281&ssl=1&resize=700%2C400 2x, https:\/\/i0.wp.com\/www.quartier-waldacker.de\/wp-content\/uploads\/2018\/04\/Header_Radfahren1.jpg?fit=1200%2C281&ssl=1&resize=1050%2C600 3x"},"classes":[]},{"id":27565,"url":"https:\/\/www.quartier-waldacker.de\/?p=27565","url_meta":{"origin":27583,"position":4},"title":"Fr\u00fchlingserwachen bei den Quartier-Waldacker-Radlern","author":"Johannes","date":"3. M\u00e4rz 2026","format":false,"excerpt":"Bei idealem Fr\u00fchlingswetter \u2013 dem perfekten \u201eRadlerwetter\u201c \u2013 kamen die Quartier-Waldacker-Radler am 28. Februar 2026 um 14 Uhr im Schillerhaus zu ihrem traditionellen Fr\u00fchjahrstreffen zusammen. Ein Organisationsteam hatte bereits Wochen vorher die Planung \u00fcbernommen und f\u00fcr ausreichend Getr\u00e4nke sowie das leibliche Wohl gesorgt.Auf dem Buffet fanden sich verschiedene Salate wie\u2026","rel":"","context":"In &quot;AG-Radfahren&quot;","block_context":{"text":"AG-Radfahren","link":"https:\/\/www.quartier-waldacker.de\/?cat=202"},"img":{"alt_text":"","src":"https:\/\/i0.wp.com\/www.quartier-waldacker.de\/wp-content\/uploads\/2026\/03\/Header_Gruppe_2026sr.jpg?fit=1200%2C281&ssl=1&resize=350%2C200","width":350,"height":200,"srcset":"https:\/\/i0.wp.com\/www.quartier-waldacker.de\/wp-content\/uploads\/2026\/03\/Header_Gruppe_2026sr.jpg?fit=1200%2C281&ssl=1&resize=350%2C200 1x, https:\/\/i0.wp.com\/www.quartier-waldacker.de\/wp-content\/uploads\/2026\/03\/Header_Gruppe_2026sr.jpg?fit=1200%2C281&ssl=1&resize=525%2C300 1.5x, https:\/\/i0.wp.com\/www.quartier-waldacker.de\/wp-content\/uploads\/2026\/03\/Header_Gruppe_2026sr.jpg?fit=1200%2C281&ssl=1&resize=700%2C400 2x, https:\/\/i0.wp.com\/www.quartier-waldacker.de\/wp-content\/uploads\/2026\/03\/Header_Gruppe_2026sr.jpg?fit=1200%2C281&ssl=1&resize=1050%2C600 3x"},"classes":[]},{"id":17082,"url":"https:\/\/www.quartier-waldacker.de\/?p=17082","url_meta":{"origin":27583,"position":5},"title":"Ein gelungener Infoabend der Radfahrer","author":"admin","date":"16. Januar 2018","format":false,"excerpt":"Die Radfahrgruppe der Quartiersgruppe Waldacker lud alle Tourenteilnehmer und Interessierte zu einem Info-Abend am 12. Januar 2018 in den B\u00fcrgertreff Waldacker ein. 25 Freunde und Freundinnen des Radsportes trafen sich um 18 Uhr zu einem sehr sehenswerten Tourenr\u00fcckblick 2017. F\u00fcr das leibliche Wohl wurde mit jeder Menge K\u00f6stlichkeiten und ausreichend\u2026","rel":"","context":"In &quot;AG-Radfahren&quot;","block_context":{"text":"AG-Radfahren","link":"https:\/\/www.quartier-waldacker.de\/?cat=202"},"img":{"alt_text":"","src":"https:\/\/i0.wp.com\/www.quartier-waldacker.de\/wp-content\/uploads\/2018\/01\/Infoabend2018_1-300x169.jpg?resize=350%2C200&ssl=1","width":350,"height":200},"classes":[]}],"jetpack_sharing_enabled":true,"rttpg_featured_image_url":{"full":["https:\/\/i0.wp.com\/www.quartier-waldacker.de\/wp-content\/uploads\/2026\/03\/Header_Gruppe_2026sr.jpg?fit=1280%2C300&ssl=1",1280,300,false],"landscape":["https:\/\/www.quartier-waldacker.de\/wp-content\/uploads\/2026\/03\/Header_Gruppe_2026sr.jpg",1280,300,false],"portraits":["https:\/\/www.quartier-waldacker.de\/wp-content\/uploads\/2026\/03\/Header_Gruppe_2026sr.jpg",1280,300,false],"thumbnail":["https:\/\/i0.wp.com\/www.quartier-waldacker.de\/wp-content\/uploads\/2026\/03\/Header_Gruppe_2026sr.jpg?resize=150%2C150&ssl=1",150,150,true],"medium":["https:\/\/i0.wp.com\/www.quartier-waldacker.de\/wp-content\/uploads\/2026\/03\/Header_Gruppe_2026sr.jpg?fit=300%2C70&ssl=1",300,70,true],"large":["https:\/\/i0.wp.com\/www.quartier-waldacker.de\/wp-content\/uploads\/2026\/03\/Header_Gruppe_2026sr.jpg?fit=1024%2C240&ssl=1",1024,240,true],"1536x1536":["https:\/\/i0.wp.com\/www.quartier-waldacker.de\/wp-content\/uploads\/2026\/03\/Header_Gruppe_2026sr.jpg?fit=1280%2C300&ssl=1",1280,300,true],"2048x2048":["https:\/\/i0.wp.com\/www.quartier-waldacker.de\/wp-content\/uploads\/2026\/03\/Header_Gruppe_2026sr.jpg?fit=1280%2C300&ssl=1",1280,300,true]},"rttpg_author":{"display_name":"Johannes","author_link":"https:\/\/www.quartier-waldacker.de\/?author=5"},"rttpg_comment":0,"rttpg_category":"<a href=\"https:\/\/www.quartier-waldacker.de\/?cat=202\" rel=\"category\">AG-Radfahren<\/a> <a href=\"https:\/\/www.quartier-waldacker.de\/?cat=126\" rel=\"category\">Radtouren<\/a>","rttpg_excerpt":"&nbsp; Das Wetter: Ein Spiel mit dem Himmel 13 Grad Celsius \u2013 perfektes Radlerwetter zum Start! Die Sonne lugte vorsichtig zwischen den Wolken hervor, als ob sie selbst unsicher w\u00e4re, ob sie heute mitspielen darf. Doch wir wussten: Der Wetterbericht hatte f\u00fcr sp\u00e4ter Regen und auffrischenden Wind angek\u00fcndigt. Ein bisschen Abenteuer muss sein! Die Truppe:&hellip;","_links":{"self":[{"href":"https:\/\/www.quartier-waldacker.de\/index.php?rest_route=\/wp\/v2\/posts\/27583","targetHints":{"allow":["GET"]}}],"collection":[{"href":"https:\/\/www.quartier-waldacker.de\/index.php?rest_route=\/wp\/v2\/posts"}],"about":[{"href":"https:\/\/www.quartier-waldacker.de\/index.php?rest_route=\/wp\/v2\/types\/post"}],"author":[{"embeddable":true,"href":"https:\/\/www.quartier-waldacker.de\/index.php?rest_route=\/wp\/v2\/users\/5"}],"replies":[{"embeddable":true,"href":"https:\/\/www.quartier-waldacker.de\/index.php?rest_route=%2Fwp%2Fv2%2Fcomments&post=27583"}],"version-history":[{"count":9,"href":"https:\/\/www.quartier-waldacker.de\/index.php?rest_route=\/wp\/v2\/posts\/27583\/revisions"}],"predecessor-version":[{"id":27622,"href":"https:\/\/www.quartier-waldacker.de\/index.php?rest_route=\/wp\/v2\/posts\/27583\/revisions\/27622"}],"wp:featuredmedia":[{"embeddable":true,"href":"https:\/\/www.quartier-waldacker.de\/index.php?rest_route=\/wp\/v2\/media\/27579"}],"wp:attachment":[{"href":"https:\/\/www.quartier-waldacker.de\/index.php?rest_route=%2Fwp%2Fv2%2Fmedia&parent=27583"}],"wp:term":[{"taxonomy":"category","embeddable":true,"href":"https:\/\/www.quartier-waldacker.de\/index.php?rest_route=%2Fwp%2Fv2%2Fcategories&post=27583"},{"taxonomy":"post_tag","embeddable":true,"href":"https:\/\/www.quartier-waldacker.de\/index.php?rest_route=%2Fwp%2Fv2%2Ftags&post=27583"}],"curies":[{"name":"wp","href":"https:\/\/api.w.org\/{rel}","templated":true}]}}