{"id":26904,"date":"2025-06-08T21:16:30","date_gmt":"2025-06-08T19:16:30","guid":{"rendered":"https:\/\/www.quartier-waldacker.de\/?p=26904"},"modified":"2025-06-09T09:52:57","modified_gmt":"2025-06-09T07:52:57","slug":"radtour-ueber-die-mainbruecken-von-frankfurt","status":"publish","type":"post","link":"https:\/\/www.quartier-waldacker.de\/?p=26904","title":{"rendered":"Radtour \u00fcber die Mainbr\u00fccken von Frankfurt"},"content":{"rendered":"\n<p><span style=\"font-family: arial, helvetica, sans-serif; font-size: 16px;\">Eine Radtour \u00fcber die Mainbr\u00fccken in Frankfurt klingt nach einer gro\u00dfartigen M\u00f6glichkeit, die Stadt aus verschiedenen Perspektiven zu erleben! Es gibt zahlreiche sch\u00f6ne Routen entlang des Mains, die uns die Skyline und die verschiedenen Stadtteile n\u00e4herbringen. Eine davon wir hier vorgestellt.<br \/><\/span><span style=\"font-family: arial, helvetica, sans-serif; font-size: 16px;\"><strong>Start:<\/strong> Zu dieser Radtour, die von Alfred Grosmann erarbeitet und ausgef\u00fchrt wurde, trafen sich die 21 Teilnehmer am 6. Juni am heutigen Startpunkt Bahnhof Offenthal. Die Wettersituation war wechselhaft, leicht windig, jedoch mit knapp unter 20 Grad Celsius f\u00fcr Radfahrer angenehm.<br \/><strong>Hinweg: \u00a0<\/strong>Zun\u00e4chst ging es an den Bahngleisen der Dreieichbahn entlang. Das Ziel war G\u00f6tzenhain. G\u00f6tzenhain wurde durchquert. Dann ging es weiter an der L3317 entlang. Dabei wurde Gut Neuhof passiert. Das n\u00e4chste Ziel war Neu-Isenburg. Auch Neu-Isenburg wurde durchfahren. Nachdem die Gruppe die A3 \u00fcberquert hatte, durchfuhr sie auf der Kesselbruchschneise den Frankfurter Stadtwald \u2013 die Gr\u00fcne Lunge und das Naherholungsgebiet der Stadt. Danach erreichte sie Oberrad und schlie\u00dflich den Main bei der Gerberm\u00fchle.<\/span><br \/><span style=\"font-family: arial, helvetica, sans-serif; font-size: 16px;\"><strong>Tagesziel: <\/strong>Beginnend von der Osthafenbr\u00fccke bis zur Europabr\u00fccke, f\u00fchrt die Strecke auf wechselnden Radwegen links und rechts des Mains entlang, wo sich grandioser Blick auf die Frankfurter Skyline, Museen und die f\u00fcr die Frankfurter erholsame Uferpromenade bietet.\u00a0 Auf diesem etwa 12 Kilometer langen Radparcours wurden acht Br\u00fccken passiert, die jeweils andere Herausforderungen f\u00fcr die Gruppe bedeuteten. Das geplante Picknick fand unter der Niederr\u00e4der Eisenbahnbr\u00fccke am Orange Beach, einem Kiosk, statt. Zu anderen Tageszeiten und bei besseren Wetterbedingungen d\u00fcrfte dort etwas mehr los sein.<\/span><br \/><span style=\"font-family: arial, helvetica, sans-serif; font-size: 16px;\"><strong>Heimweg:<\/strong> Die Gruppe fuhr \u00fcber die Europabr\u00fccke und dann an der A5 entlang. An der Stra\u00dfburger Stra\u00dfe unterquerte sie die A5. Danach fuhr sie am Frankfurter Golfplatz vorbei bis zur M\u00f6rfelder Stra\u00dfe. Von dort aus ging es dann weiter bis zur <span class=\"orRIx Ci _a C \" data-automation=\"reviewText_0\">Commerzbank-Arena<\/span>. \u00dcber die Otto-Fleck-Schneise und die M\u00f6rfelder Schneise fuhr die Gruppe an Neu-Isenburg vorbei bis nach Sprendlingen. Sprendlingen wurde durchquert und dann wurde die Richtung Dietzenbach eingeschlagen. Bei G\u00f6tzenhain trennte sich die Gruppe: Ein Teil nahm den Weg in die Heimat \u00fcber Dietzenbach, der andere \u00fcber Offenthal.<\/span><br \/><span style=\"font-family: arial, helvetica, sans-serif; font-size: 16px;\"><strong>Schlusswort: <\/strong>Es war eine etwas andere Radtour, bei der auf den Auf- und Abfahrten zu den Br\u00fccken sowie im allt\u00e4glichen Frankfurter Verkehr etwas Geschicklichkeit und besondere Vorsicht erforderlich waren. Die Teilnehmer erhielten die M\u00f6glichkeit, die Stadt aus einer anderen Perspektive zu betrachten. Es war eine sch\u00f6ne, imposante Radtour. Danke, Alfred!<\/span><\/p>\n\n\n\n<div class=\"wp-block-jetpack-slideshow aligncenter\" data-autoplay=\"true\" data-delay=\"3\" data-effect=\"slide\"><div class=\"wp-block-jetpack-slideshow_container swiper-container\"><ul class=\"wp-block-jetpack-slideshow_swiper-wrapper swiper-wrapper\"><li class=\"wp-block-jetpack-slideshow_slide swiper-slide\"><figure><img data-recalc-dims=\"1\" loading=\"lazy\" decoding=\"async\" width=\"960\" height=\"1280\" alt=\"\" class=\"wp-block-jetpack-slideshow_image wp-image-26919\" data-id=\"26919\" src=\"https:\/\/i0.wp.com\/www.quartier-waldacker.de\/wp-content\/uploads\/2025\/06\/Tourenleiter-Alfred.jpg?resize=960%2C1280&#038;ssl=1\" srcset=\"https:\/\/i0.wp.com\/www.quartier-waldacker.de\/wp-content\/uploads\/2025\/06\/Tourenleiter-Alfred.jpg?w=960&amp;ssl=1 960w, https:\/\/i0.wp.com\/www.quartier-waldacker.de\/wp-content\/uploads\/2025\/06\/Tourenleiter-Alfred.jpg?resize=225%2C300&amp;ssl=1 225w, https:\/\/i0.wp.com\/www.quartier-waldacker.de\/wp-content\/uploads\/2025\/06\/Tourenleiter-Alfred.jpg?resize=768%2C1024&amp;ssl=1 768w\" sizes=\"(max-width: 960px) 100vw, 960px\" \/><figcaption class=\"wp-block-jetpack-slideshow_caption gallery-caption\">Tourenleiter Alfred (rechts)<\/figcaption><\/figure><\/li><li class=\"wp-block-jetpack-slideshow_slide swiper-slide\"><figure><img data-recalc-dims=\"1\" loading=\"lazy\" decoding=\"async\" width=\"640\" height=\"480\" alt=\"\" class=\"wp-block-jetpack-slideshow_image wp-image-26909\" data-id=\"26909\" src=\"https:\/\/i0.wp.com\/www.quartier-waldacker.de\/wp-content\/uploads\/2025\/06\/Gerbermuehle.jpg?resize=640%2C480&#038;ssl=1\" srcset=\"https:\/\/i0.wp.com\/www.quartier-waldacker.de\/wp-content\/uploads\/2025\/06\/Gerbermuehle.jpg?w=640&amp;ssl=1 640w, https:\/\/i0.wp.com\/www.quartier-waldacker.de\/wp-content\/uploads\/2025\/06\/Gerbermuehle.jpg?resize=300%2C225&amp;ssl=1 300w\" sizes=\"(max-width: 640px) 100vw, 640px\" \/><figcaption class=\"wp-block-jetpack-slideshow_caption gallery-caption\">Zwischenstop Gerberm\u00fchle<\/figcaption><\/figure><\/li><li class=\"wp-block-jetpack-slideshow_slide swiper-slide\"><figure><img data-recalc-dims=\"1\" loading=\"lazy\" decoding=\"async\" width=\"1200\" height=\"841\" alt=\"\" class=\"wp-block-jetpack-slideshow_image wp-image-26908\" data-id=\"26908\" src=\"https:\/\/i0.wp.com\/www.quartier-waldacker.de\/wp-content\/uploads\/2025\/06\/EZentralbank.jpg?resize=1200%2C841&#038;ssl=1\" srcset=\"https:\/\/i0.wp.com\/www.quartier-waldacker.de\/wp-content\/uploads\/2025\/06\/EZentralbank.jpg?w=1280&amp;ssl=1 1280w, https:\/\/i0.wp.com\/www.quartier-waldacker.de\/wp-content\/uploads\/2025\/06\/EZentralbank.jpg?resize=300%2C210&amp;ssl=1 300w, https:\/\/i0.wp.com\/www.quartier-waldacker.de\/wp-content\/uploads\/2025\/06\/EZentralbank.jpg?resize=1024%2C718&amp;ssl=1 1024w, https:\/\/i0.wp.com\/www.quartier-waldacker.de\/wp-content\/uploads\/2025\/06\/EZentralbank.jpg?resize=768%2C538&amp;ssl=1 768w\" sizes=\"(max-width: 1200px) 100vw, 1200px\" \/><figcaption class=\"wp-block-jetpack-slideshow_caption gallery-caption\">Blick auf Europ\u00e4ische Zentralbank<\/figcaption><\/figure><\/li><li class=\"wp-block-jetpack-slideshow_slide swiper-slide\"><figure><img data-recalc-dims=\"1\" loading=\"lazy\" decoding=\"async\" width=\"720\" height=\"1280\" alt=\"\" class=\"wp-block-jetpack-slideshow_image wp-image-26910\" data-id=\"26910\" src=\"https:\/\/i0.wp.com\/www.quartier-waldacker.de\/wp-content\/uploads\/2025\/06\/GoldnerTurm.jpg?resize=720%2C1280&#038;ssl=1\" srcset=\"https:\/\/i0.wp.com\/www.quartier-waldacker.de\/wp-content\/uploads\/2025\/06\/GoldnerTurm.jpg?w=720&amp;ssl=1 720w, https:\/\/i0.wp.com\/www.quartier-waldacker.de\/wp-content\/uploads\/2025\/06\/GoldnerTurm.jpg?resize=169%2C300&amp;ssl=1 169w, https:\/\/i0.wp.com\/www.quartier-waldacker.de\/wp-content\/uploads\/2025\/06\/GoldnerTurm.jpg?resize=576%2C1024&amp;ssl=1 576w\" sizes=\"(max-width: 720px) 100vw, 720px\" \/><figcaption class=\"wp-block-jetpack-slideshow_caption gallery-caption\">Main Plaza Hotel<\/figcaption><\/figure><\/li><li class=\"wp-block-jetpack-slideshow_slide swiper-slide\"><figure><img data-recalc-dims=\"1\" loading=\"lazy\" decoding=\"async\" width=\"1200\" height=\"715\" alt=\"\" class=\"wp-block-jetpack-slideshow_image wp-image-26917\" data-id=\"26917\" src=\"https:\/\/i0.wp.com\/www.quartier-waldacker.de\/wp-content\/uploads\/2025\/06\/Skyline-01.jpg?resize=1200%2C715&#038;ssl=1\" srcset=\"https:\/\/i0.wp.com\/www.quartier-waldacker.de\/wp-content\/uploads\/2025\/06\/Skyline-01.jpg?w=1280&amp;ssl=1 1280w, https:\/\/i0.wp.com\/www.quartier-waldacker.de\/wp-content\/uploads\/2025\/06\/Skyline-01.jpg?resize=300%2C179&amp;ssl=1 300w, https:\/\/i0.wp.com\/www.quartier-waldacker.de\/wp-content\/uploads\/2025\/06\/Skyline-01.jpg?resize=1024%2C610&amp;ssl=1 1024w, https:\/\/i0.wp.com\/www.quartier-waldacker.de\/wp-content\/uploads\/2025\/06\/Skyline-01.jpg?resize=768%2C458&amp;ssl=1 768w\" sizes=\"(max-width: 1200px) 100vw, 1200px\" \/><figcaption class=\"wp-block-jetpack-slideshow_caption gallery-caption\">Blick von der Fl\u00f6serbr\u00fccke<\/figcaption><\/figure><\/li><li class=\"wp-block-jetpack-slideshow_slide swiper-slide\"><figure><img data-recalc-dims=\"1\" loading=\"lazy\" decoding=\"async\" width=\"1200\" height=\"848\" alt=\"\" class=\"wp-block-jetpack-slideshow_image wp-image-26916\" data-id=\"26916\" src=\"https:\/\/i0.wp.com\/www.quartier-waldacker.de\/wp-content\/uploads\/2025\/06\/Rueckblick.jpg?resize=1200%2C848&#038;ssl=1\" srcset=\"https:\/\/i0.wp.com\/www.quartier-waldacker.de\/wp-content\/uploads\/2025\/06\/Rueckblick.jpg?w=1280&amp;ssl=1 1280w, https:\/\/i0.wp.com\/www.quartier-waldacker.de\/wp-content\/uploads\/2025\/06\/Rueckblick.jpg?resize=300%2C212&amp;ssl=1 300w, https:\/\/i0.wp.com\/www.quartier-waldacker.de\/wp-content\/uploads\/2025\/06\/Rueckblick.jpg?resize=1024%2C723&amp;ssl=1 1024w, https:\/\/i0.wp.com\/www.quartier-waldacker.de\/wp-content\/uploads\/2025\/06\/Rueckblick.jpg?resize=768%2C542&amp;ssl=1 768w\" sizes=\"(max-width: 1200px) 100vw, 1200px\" \/><figcaption class=\"wp-block-jetpack-slideshow_caption gallery-caption\">R\u00fcckblick vom Holbeinsteg<\/figcaption><\/figure><\/li><li class=\"wp-block-jetpack-slideshow_slide swiper-slide\"><figure><img data-recalc-dims=\"1\" loading=\"lazy\" decoding=\"async\" width=\"1200\" height=\"900\" alt=\"\" class=\"wp-block-jetpack-slideshow_image wp-image-26907\" data-id=\"26907\" src=\"https:\/\/i0.wp.com\/www.quartier-waldacker.de\/wp-content\/uploads\/2025\/06\/Das-Gerippte.jpg?resize=1200%2C900&#038;ssl=1\" srcset=\"https:\/\/i0.wp.com\/www.quartier-waldacker.de\/wp-content\/uploads\/2025\/06\/Das-Gerippte.jpg?w=1280&amp;ssl=1 1280w, https:\/\/i0.wp.com\/www.quartier-waldacker.de\/wp-content\/uploads\/2025\/06\/Das-Gerippte.jpg?resize=300%2C225&amp;ssl=1 300w, https:\/\/i0.wp.com\/www.quartier-waldacker.de\/wp-content\/uploads\/2025\/06\/Das-Gerippte.jpg?resize=1024%2C768&amp;ssl=1 1024w, https:\/\/i0.wp.com\/www.quartier-waldacker.de\/wp-content\/uploads\/2025\/06\/Das-Gerippte.jpg?resize=768%2C576&amp;ssl=1 768w\" sizes=\"(max-width: 1200px) 100vw, 1200px\" \/><figcaption class=\"wp-block-jetpack-slideshow_caption gallery-caption\">Westhafen Tower -das Gerippte<\/figcaption><\/figure><\/li><li class=\"wp-block-jetpack-slideshow_slide swiper-slide\"><figure><img data-recalc-dims=\"1\" loading=\"lazy\" decoding=\"async\" width=\"960\" height=\"1280\" alt=\"\" class=\"wp-block-jetpack-slideshow_image wp-image-26921\" data-id=\"26921\" src=\"https:\/\/i0.wp.com\/www.quartier-waldacker.de\/wp-content\/uploads\/2025\/06\/UnterPlantanen.jpg?resize=960%2C1280&#038;ssl=1\" srcset=\"https:\/\/i0.wp.com\/www.quartier-waldacker.de\/wp-content\/uploads\/2025\/06\/UnterPlantanen.jpg?w=960&amp;ssl=1 960w, https:\/\/i0.wp.com\/www.quartier-waldacker.de\/wp-content\/uploads\/2025\/06\/UnterPlantanen.jpg?resize=225%2C300&amp;ssl=1 225w, https:\/\/i0.wp.com\/www.quartier-waldacker.de\/wp-content\/uploads\/2025\/06\/UnterPlantanen.jpg?resize=768%2C1024&amp;ssl=1 768w\" sizes=\"(max-width: 960px) 100vw, 960px\" \/><figcaption class=\"wp-block-jetpack-slideshow_caption gallery-caption\">Plantanenallee <\/figcaption><\/figure><\/li><li class=\"wp-block-jetpack-slideshow_slide swiper-slide\"><figure><img data-recalc-dims=\"1\" loading=\"lazy\" decoding=\"async\" width=\"1200\" height=\"675\" alt=\"\" class=\"wp-block-jetpack-slideshow_image wp-image-26914\" data-id=\"26914\" src=\"https:\/\/i0.wp.com\/www.quartier-waldacker.de\/wp-content\/uploads\/2025\/06\/Orange-014.jpg?resize=1200%2C675&#038;ssl=1\" srcset=\"https:\/\/i0.wp.com\/www.quartier-waldacker.de\/wp-content\/uploads\/2025\/06\/Orange-014.jpg?w=1280&amp;ssl=1 1280w, https:\/\/i0.wp.com\/www.quartier-waldacker.de\/wp-content\/uploads\/2025\/06\/Orange-014.jpg?resize=300%2C169&amp;ssl=1 300w, https:\/\/i0.wp.com\/www.quartier-waldacker.de\/wp-content\/uploads\/2025\/06\/Orange-014.jpg?resize=1024%2C576&amp;ssl=1 1024w, https:\/\/i0.wp.com\/www.quartier-waldacker.de\/wp-content\/uploads\/2025\/06\/Orange-014.jpg?resize=768%2C432&amp;ssl=1 768w\" sizes=\"(max-width: 1200px) 100vw, 1200px\" \/><figcaption class=\"wp-block-jetpack-slideshow_caption gallery-caption\">Picknick am Kiosk Orange Beach<\/figcaption><\/figure><\/li><li class=\"wp-block-jetpack-slideshow_slide swiper-slide\"><figure><img data-recalc-dims=\"1\" loading=\"lazy\" decoding=\"async\" width=\"1200\" height=\"675\" alt=\"\" class=\"wp-block-jetpack-slideshow_image wp-image-26911\" data-id=\"26911\" src=\"https:\/\/i0.wp.com\/www.quartier-waldacker.de\/wp-content\/uploads\/2025\/06\/Orange-01.jpg?resize=1200%2C675&#038;ssl=1\" srcset=\"https:\/\/i0.wp.com\/www.quartier-waldacker.de\/wp-content\/uploads\/2025\/06\/Orange-01.jpg?w=1280&amp;ssl=1 1280w, https:\/\/i0.wp.com\/www.quartier-waldacker.de\/wp-content\/uploads\/2025\/06\/Orange-01.jpg?resize=300%2C169&amp;ssl=1 300w, https:\/\/i0.wp.com\/www.quartier-waldacker.de\/wp-content\/uploads\/2025\/06\/Orange-01.jpg?resize=1024%2C576&amp;ssl=1 1024w, https:\/\/i0.wp.com\/www.quartier-waldacker.de\/wp-content\/uploads\/2025\/06\/Orange-01.jpg?resize=768%2C432&amp;ssl=1 768w\" sizes=\"(max-width: 1200px) 100vw, 1200px\" \/><figcaption class=\"wp-block-jetpack-slideshow_caption gallery-caption\">Picknick am Kiosk Orange Beach<\/figcaption><\/figure><\/li><li class=\"wp-block-jetpack-slideshow_slide swiper-slide\"><figure><img data-recalc-dims=\"1\" loading=\"lazy\" decoding=\"async\" width=\"1200\" height=\"779\" alt=\"\" class=\"wp-block-jetpack-slideshow_image wp-image-26912\" data-id=\"26912\" src=\"https:\/\/i0.wp.com\/www.quartier-waldacker.de\/wp-content\/uploads\/2025\/06\/Orange-012.jpg?resize=1200%2C779&#038;ssl=1\" srcset=\"https:\/\/i0.wp.com\/www.quartier-waldacker.de\/wp-content\/uploads\/2025\/06\/Orange-012.jpg?w=1280&amp;ssl=1 1280w, https:\/\/i0.wp.com\/www.quartier-waldacker.de\/wp-content\/uploads\/2025\/06\/Orange-012.jpg?resize=300%2C195&amp;ssl=1 300w, https:\/\/i0.wp.com\/www.quartier-waldacker.de\/wp-content\/uploads\/2025\/06\/Orange-012.jpg?resize=1024%2C665&amp;ssl=1 1024w, https:\/\/i0.wp.com\/www.quartier-waldacker.de\/wp-content\/uploads\/2025\/06\/Orange-012.jpg?resize=768%2C499&amp;ssl=1 768w\" sizes=\"(max-width: 1200px) 100vw, 1200px\" \/><figcaption class=\"wp-block-jetpack-slideshow_caption gallery-caption\">Picknick am Kiosk Orange Beach<\/figcaption><\/figure><\/li><li class=\"wp-block-jetpack-slideshow_slide swiper-slide\"><figure><img data-recalc-dims=\"1\" loading=\"lazy\" decoding=\"async\" width=\"1200\" height=\"675\" alt=\"\" class=\"wp-block-jetpack-slideshow_image wp-image-26913\" data-id=\"26913\" src=\"https:\/\/i0.wp.com\/www.quartier-waldacker.de\/wp-content\/uploads\/2025\/06\/Orange-013.jpg?resize=1200%2C675&#038;ssl=1\" srcset=\"https:\/\/i0.wp.com\/www.quartier-waldacker.de\/wp-content\/uploads\/2025\/06\/Orange-013.jpg?w=1280&amp;ssl=1 1280w, https:\/\/i0.wp.com\/www.quartier-waldacker.de\/wp-content\/uploads\/2025\/06\/Orange-013.jpg?resize=300%2C169&amp;ssl=1 300w, https:\/\/i0.wp.com\/www.quartier-waldacker.de\/wp-content\/uploads\/2025\/06\/Orange-013.jpg?resize=1024%2C576&amp;ssl=1 1024w, https:\/\/i0.wp.com\/www.quartier-waldacker.de\/wp-content\/uploads\/2025\/06\/Orange-013.jpg?resize=768%2C432&amp;ssl=1 768w\" sizes=\"(max-width: 1200px) 100vw, 1200px\" \/><figcaption class=\"wp-block-jetpack-slideshow_caption gallery-caption\">On the Beach<\/figcaption><\/figure><\/li><li class=\"wp-block-jetpack-slideshow_slide swiper-slide\"><figure><img data-recalc-dims=\"1\" loading=\"lazy\" decoding=\"async\" width=\"1200\" height=\"675\" alt=\"\" class=\"wp-block-jetpack-slideshow_image wp-image-26918\" data-id=\"26918\" src=\"https:\/\/i0.wp.com\/www.quartier-waldacker.de\/wp-content\/uploads\/2025\/06\/Skyline-02.jpg?resize=1200%2C675&#038;ssl=1\" srcset=\"https:\/\/i0.wp.com\/www.quartier-waldacker.de\/wp-content\/uploads\/2025\/06\/Skyline-02.jpg?w=1280&amp;ssl=1 1280w, https:\/\/i0.wp.com\/www.quartier-waldacker.de\/wp-content\/uploads\/2025\/06\/Skyline-02.jpg?resize=300%2C169&amp;ssl=1 300w, https:\/\/i0.wp.com\/www.quartier-waldacker.de\/wp-content\/uploads\/2025\/06\/Skyline-02.jpg?resize=1024%2C576&amp;ssl=1 1024w, https:\/\/i0.wp.com\/www.quartier-waldacker.de\/wp-content\/uploads\/2025\/06\/Skyline-02.jpg?resize=768%2C432&amp;ssl=1 768w\" sizes=\"(max-width: 1200px) 100vw, 1200px\" \/><figcaption class=\"wp-block-jetpack-slideshow_caption gallery-caption\">Blick von der Neckar Main Br\u00fccke<\/figcaption><\/figure><\/li><li class=\"wp-block-jetpack-slideshow_slide swiper-slide\"><figure><img data-recalc-dims=\"1\" loading=\"lazy\" decoding=\"async\" width=\"1200\" height=\"675\" alt=\"\" class=\"wp-block-jetpack-slideshow_image wp-image-26922\" data-id=\"26922\" src=\"https:\/\/i0.wp.com\/www.quartier-waldacker.de\/wp-content\/uploads\/2025\/06\/ZWStopp-01.jpg?resize=1200%2C675&#038;ssl=1\" srcset=\"https:\/\/i0.wp.com\/www.quartier-waldacker.de\/wp-content\/uploads\/2025\/06\/ZWStopp-01.jpg?w=1280&amp;ssl=1 1280w, https:\/\/i0.wp.com\/www.quartier-waldacker.de\/wp-content\/uploads\/2025\/06\/ZWStopp-01.jpg?resize=300%2C169&amp;ssl=1 300w, https:\/\/i0.wp.com\/www.quartier-waldacker.de\/wp-content\/uploads\/2025\/06\/ZWStopp-01.jpg?resize=1024%2C576&amp;ssl=1 1024w, https:\/\/i0.wp.com\/www.quartier-waldacker.de\/wp-content\/uploads\/2025\/06\/ZWStopp-01.jpg?resize=768%2C432&amp;ssl=1 768w\" sizes=\"(max-width: 1200px) 100vw, 1200px\" \/><figcaption class=\"wp-block-jetpack-slideshow_caption gallery-caption\">Zwischenstopp bei Neu Isenburg<\/figcaption><\/figure><\/li><\/ul><a class=\"wp-block-jetpack-slideshow_button-prev swiper-button-prev swiper-button-white\" role=\"button\"><\/a><a class=\"wp-block-jetpack-slideshow_button-next swiper-button-next swiper-button-white\" role=\"button\"><\/a><a aria-label=\"Pause Slideshow\" class=\"wp-block-jetpack-slideshow_button-pause\" role=\"button\"><\/a><div class=\"wp-block-jetpack-slideshow_pagination swiper-pagination swiper-pagination-white\"><\/div><\/div><\/div>\n\n\n\n<p>Bilder: Marina W., Siglinde H., Johannes O.<\/p>\n\n\n\n\t\t<div id=\"maps-marker-pro-7f5586bf\" class=\"maps-marker-pro mmp-list-below\" style=\"width: 640px;\">\n\t\t\t<div id=\"mmp-map-wrap-7f5586bf\" class=\"mmp-map-wrap\">\n\t\t\t\t\t\t\t\t\t<div id=\"mmp-panel-7f5586bf\" class=\"mmp-panel\"><\/div>\n\t\t\t\t\t\t\t\t<div id=\"mmp-map-7f5586bf\" class=\"mmp-map\" style=\"height: 480px;\"><\/div>\n\t\t\t\t\t\t\t\t\t<div id=\"mmp-chart-wrap-7f5586bf\" class=\"mmp-gpx-chart-wrap\" style=\"height: 200px;\"><\/div>\n\t\t\t\t\t\t\t<\/div>\n\t\t\t\t\t\t\t<div id=\"mmp-list-7f5586bf\" class=\"mmp-list\" style=\"flex-basis: 400px;\"><\/div>\n\t\t\t\t\t<\/div>\n\t\t\n","protected":false},"excerpt":{"rendered":"<p>Eine Radtour \u00fcber die Mainbr\u00fccken in Frankfurt klingt nach einer gro\u00dfartigen M\u00f6glichkeit, die Stadt aus verschiedenen Perspektiven zu erleben! Es gibt zahlreiche sch\u00f6ne Routen entlang des Mains, die uns die Skyline und die verschiedenen Stadtteile n\u00e4herbringen. Eine davon wir hier vorgestellt.Start: Zu dieser Radtour, die von Alfred Grosmann erarbeitet und ausgef\u00fchrt wurde, trafen sich die &#8230; <a title=\"Radtour \u00fcber die Mainbr\u00fccken von Frankfurt\" class=\"read-more\" href=\"https:\/\/www.quartier-waldacker.de\/?p=26904\" aria-label=\"Mehr Informationen \u00fcber Radtour \u00fcber die Mainbr\u00fccken von Frankfurt\">Weiterlesen<\/a><\/p>\n","protected":false},"author":5,"featured_media":26563,"comment_status":"open","ping_status":"closed","sticky":false,"template":"","format":"standard","meta":{"generate_page_header":"","_jetpack_memberships_contains_paid_content":false,"footnotes":""},"categories":[126],"tags":[359,197,317,118],"class_list":["post-26904","post","type-post","status-publish","format-standard","has-post-thumbnail","hentry","category-radtouren","tag-359","tag-radfahren","tag-roedermark","tag-waldacker"],"jetpack_featured_media_url":"https:\/\/i0.wp.com\/www.quartier-waldacker.de\/wp-content\/uploads\/2025\/03\/Header_Gruppe_2025sr.jpg?fit=1280%2C300&ssl=1","jetpack-related-posts":[{"id":15659,"url":"https:\/\/www.quartier-waldacker.de\/?p=15659","url_meta":{"origin":26904,"position":0},"title":"Radtour \u2013 Neu-Isenburg, Naturfreundehaus (27 km)","author":"Johannes","date":"19. Oktober 2017","format":false,"excerpt":"Bericht und Bilder von Reinhold Harnoth Treffpunkt war 13.00 Uhr am B\u00fcrgertreff in Waldacker. \u00dcber die inner\u00f6rtliche Stra\u00dfen fuhren wir zur B459. Nach \u00dcberquerung der Kreuzung B459\/ Kreisquerverbindung ging es auf der Velizystr. bis zur Ampel an der ehemalige, zur\u00fcckgebauten Kreisstra\u00dfe. Auf dieser fuhren wir am Geschichtspfad, dem Hessentagsparcour nach\u2026","rel":"","context":"In &quot;Radtouren&quot;","block_context":{"text":"Radtouren","link":"https:\/\/www.quartier-waldacker.de\/?cat=126"},"img":{"alt_text":"","src":"https:\/\/i0.wp.com\/www.quartier-waldacker.de\/wp-content\/uploads\/2017\/10\/RadHead-33.png?fit=1200%2C281&ssl=1&resize=350%2C200","width":350,"height":200,"srcset":"https:\/\/i0.wp.com\/www.quartier-waldacker.de\/wp-content\/uploads\/2017\/10\/RadHead-33.png?fit=1200%2C281&ssl=1&resize=350%2C200 1x, https:\/\/i0.wp.com\/www.quartier-waldacker.de\/wp-content\/uploads\/2017\/10\/RadHead-33.png?fit=1200%2C281&ssl=1&resize=525%2C300 1.5x, https:\/\/i0.wp.com\/www.quartier-waldacker.de\/wp-content\/uploads\/2017\/10\/RadHead-33.png?fit=1200%2C281&ssl=1&resize=700%2C400 2x, https:\/\/i0.wp.com\/www.quartier-waldacker.de\/wp-content\/uploads\/2017\/10\/RadHead-33.png?fit=1200%2C281&ssl=1&resize=1050%2C600 3x"},"classes":[]},{"id":25434,"url":"https:\/\/www.quartier-waldacker.de\/?p=25434","url_meta":{"origin":26904,"position":1},"title":"Alternative Radtour nach Langen und Umgebung (50km)","author":"Johannes","date":"28. September 2024","format":false,"excerpt":"Start:Am Freitag, den 27. September trafen sich 18 Unentwegte um 11.00 Uhr am Bahnhof Urberach zur obligatorischen Freitagstour. Bei der einleitenden kurzen Tourenbesprechung durch den Tourenleiter Gerhard Elsesser wurde die geplante Radtour nach Nauheim wetterbedingt abgesagt. Am Vortag hatte es in der Region stark geregnet und auch f\u00fcr den heutigen\u2026","rel":"","context":"In &quot;Radtouren&quot;","block_context":{"text":"Radtouren","link":"https:\/\/www.quartier-waldacker.de\/?cat=126"},"img":{"alt_text":"","src":"https:\/\/i0.wp.com\/www.quartier-waldacker.de\/wp-content\/uploads\/2017\/03\/Header_Gruppe_2024_ab2024.jpg?fit=1200%2C281&ssl=1&resize=350%2C200","width":350,"height":200,"srcset":"https:\/\/i0.wp.com\/www.quartier-waldacker.de\/wp-content\/uploads\/2017\/03\/Header_Gruppe_2024_ab2024.jpg?fit=1200%2C281&ssl=1&resize=350%2C200 1x, https:\/\/i0.wp.com\/www.quartier-waldacker.de\/wp-content\/uploads\/2017\/03\/Header_Gruppe_2024_ab2024.jpg?fit=1200%2C281&ssl=1&resize=525%2C300 1.5x, https:\/\/i0.wp.com\/www.quartier-waldacker.de\/wp-content\/uploads\/2017\/03\/Header_Gruppe_2024_ab2024.jpg?fit=1200%2C281&ssl=1&resize=700%2C400 2x, https:\/\/i0.wp.com\/www.quartier-waldacker.de\/wp-content\/uploads\/2017\/03\/Header_Gruppe_2024_ab2024.jpg?fit=1200%2C281&ssl=1&resize=1050%2C600 3x"},"classes":[]},{"id":27792,"url":"https:\/\/www.quartier-waldacker.de\/?p=27792","url_meta":{"origin":26904,"position":2},"title":"Ab in den Frankfurter Stadtwald \u2013 Auf zum Goetheturm! (54 km)","author":"Johannes","date":"19. April 2026","format":false,"excerpt":"Datum: 17. April 2026Wetter: Angesagt waren 24\u202f\u00b0C \u2013 geliefert wurden 24\u202f\u00b0C. Bestleistung auch vom Wetterdienst!Tourenleitung: Alfred GrohmannSchlussmann: Reinhold Harnoth Ein ganz besonderer Auftakt Schon zu Beginn lag etwas Besonderes in der Luft \u2013 und damit meinen wir nicht nur Fr\u00fchlingsduft und Sonnencreme. Nach langer, schwerer Krankheit war Monika Grohmann endlich\u2026","rel":"","context":"In &quot;Radtouren&quot;","block_context":{"text":"Radtouren","link":"https:\/\/www.quartier-waldacker.de\/?cat=126"},"img":{"alt_text":"","src":"https:\/\/i0.wp.com\/www.quartier-waldacker.de\/wp-content\/uploads\/2026\/03\/Header_Gruppe_2026sr.jpg?fit=1200%2C281&ssl=1&resize=350%2C200","width":350,"height":200,"srcset":"https:\/\/i0.wp.com\/www.quartier-waldacker.de\/wp-content\/uploads\/2026\/03\/Header_Gruppe_2026sr.jpg?fit=1200%2C281&ssl=1&resize=350%2C200 1x, https:\/\/i0.wp.com\/www.quartier-waldacker.de\/wp-content\/uploads\/2026\/03\/Header_Gruppe_2026sr.jpg?fit=1200%2C281&ssl=1&resize=525%2C300 1.5x, https:\/\/i0.wp.com\/www.quartier-waldacker.de\/wp-content\/uploads\/2026\/03\/Header_Gruppe_2026sr.jpg?fit=1200%2C281&ssl=1&resize=700%2C400 2x, https:\/\/i0.wp.com\/www.quartier-waldacker.de\/wp-content\/uploads\/2026\/03\/Header_Gruppe_2026sr.jpg?fit=1200%2C281&ssl=1&resize=1050%2C600 3x"},"classes":[]},{"id":26614,"url":"https:\/\/www.quartier-waldacker.de\/?p=26614","url_meta":{"origin":26904,"position":3},"title":"Radtour nach Langen und Umgebung (40 ca. km)","author":"Johannes","date":"22. M\u00e4rz 2025","format":false,"excerpt":"Start: Endlich ist der Fr\u00fchling da. Bei angenehmen Temperaturen um die 18 Grad Celsius starteten 26 Radlerinnen und Radler am 21.03.2025 um 11.00 Uhr am Schillerhaus in Urberach zu ihrer 2. Radtour im Jahr 2025. Zuvor genossen einige Teilnehmende ein Fr\u00fchst\u00fcck mit Schiller im Schillerhaus. Nach der einleitenden Begr\u00fc\u00dfung und\u2026","rel":"","context":"In &quot;Radtouren&quot;","block_context":{"text":"Radtouren","link":"https:\/\/www.quartier-waldacker.de\/?cat=126"},"img":{"alt_text":"","src":"https:\/\/i0.wp.com\/www.quartier-waldacker.de\/wp-content\/uploads\/2025\/03\/Header_Gruppe_2025sr.jpg?fit=1200%2C281&ssl=1&resize=350%2C200","width":350,"height":200,"srcset":"https:\/\/i0.wp.com\/www.quartier-waldacker.de\/wp-content\/uploads\/2025\/03\/Header_Gruppe_2025sr.jpg?fit=1200%2C281&ssl=1&resize=350%2C200 1x, https:\/\/i0.wp.com\/www.quartier-waldacker.de\/wp-content\/uploads\/2025\/03\/Header_Gruppe_2025sr.jpg?fit=1200%2C281&ssl=1&resize=525%2C300 1.5x, https:\/\/i0.wp.com\/www.quartier-waldacker.de\/wp-content\/uploads\/2025\/03\/Header_Gruppe_2025sr.jpg?fit=1200%2C281&ssl=1&resize=700%2C400 2x, https:\/\/i0.wp.com\/www.quartier-waldacker.de\/wp-content\/uploads\/2025\/03\/Header_Gruppe_2025sr.jpg?fit=1200%2C281&ssl=1&resize=1050%2C600 3x"},"classes":[]},{"id":24982,"url":"https:\/\/www.quartier-waldacker.de\/?p=24982","url_meta":{"origin":26904,"position":4},"title":"Radtour durch den Frankfurter Stadtwald (ca.72 km)","author":"Johannes","date":"3. August 2024","format":false,"excerpt":"Optimal waren die Wettervorhersagen f\u00fcr die Radgruppe am 02.08.2024. Da hat man wieder einmal Gl\u00fcck gehabt, wenn man die Nachrichten aus Kassel h\u00f6rt. 13 Radlerinnen und Radler waren gegen 10.30 Uhr am Startpunkt am 50. Breitengrad eingetroffen. Heute f\u00fchrt der ehemalige Waldacker Alfred Grohmann die Radgruppe an. Gerhard Elsesser, der\u2026","rel":"","context":"In &quot;Radtouren&quot;","block_context":{"text":"Radtouren","link":"https:\/\/www.quartier-waldacker.de\/?cat=126"},"img":{"alt_text":"","src":"https:\/\/i0.wp.com\/www.quartier-waldacker.de\/wp-content\/uploads\/2017\/03\/Header_Gruppe_2024_ab2024.jpg?fit=1200%2C281&ssl=1&resize=350%2C200","width":350,"height":200,"srcset":"https:\/\/i0.wp.com\/www.quartier-waldacker.de\/wp-content\/uploads\/2017\/03\/Header_Gruppe_2024_ab2024.jpg?fit=1200%2C281&ssl=1&resize=350%2C200 1x, https:\/\/i0.wp.com\/www.quartier-waldacker.de\/wp-content\/uploads\/2017\/03\/Header_Gruppe_2024_ab2024.jpg?fit=1200%2C281&ssl=1&resize=525%2C300 1.5x, https:\/\/i0.wp.com\/www.quartier-waldacker.de\/wp-content\/uploads\/2017\/03\/Header_Gruppe_2024_ab2024.jpg?fit=1200%2C281&ssl=1&resize=700%2C400 2x, https:\/\/i0.wp.com\/www.quartier-waldacker.de\/wp-content\/uploads\/2017\/03\/Header_Gruppe_2024_ab2024.jpg?fit=1200%2C281&ssl=1&resize=1050%2C600 3x"},"classes":[]},{"id":24622,"url":"https:\/\/www.quartier-waldacker.de\/?p=24622","url_meta":{"origin":26904,"position":5},"title":"Radtour zum Golfpark Bachgrund bei Worfelden.","author":"admin","date":"17. Juni 2024","format":false,"excerpt":"Zur traditionellen Freitagsradtour starteten am Freitag, den 19.06.2024, 20 Radlerinnen und Radler. Laut Wettervorhersage sollte es trocken bleiben, allerdings war mit etwas Wind zu rechnen. Vom heutigen Treffpunkt am Bahnhof Urberach ging es zun\u00e4chst durch die Hegbachaue in Richtung Arheiligen bei Darmstadt, dann entlang der Bahnlinie und der B42 in\u2026","rel":"","context":"In &quot;Radtouren&quot;","block_context":{"text":"Radtouren","link":"https:\/\/www.quartier-waldacker.de\/?cat=126"},"img":{"alt_text":"","src":"https:\/\/i0.wp.com\/www.quartier-waldacker.de\/wp-content\/uploads\/2017\/03\/Header_Gruppe_2024_ab2024.jpg?fit=1200%2C281&ssl=1&resize=350%2C200","width":350,"height":200,"srcset":"https:\/\/i0.wp.com\/www.quartier-waldacker.de\/wp-content\/uploads\/2017\/03\/Header_Gruppe_2024_ab2024.jpg?fit=1200%2C281&ssl=1&resize=350%2C200 1x, https:\/\/i0.wp.com\/www.quartier-waldacker.de\/wp-content\/uploads\/2017\/03\/Header_Gruppe_2024_ab2024.jpg?fit=1200%2C281&ssl=1&resize=525%2C300 1.5x, https:\/\/i0.wp.com\/www.quartier-waldacker.de\/wp-content\/uploads\/2017\/03\/Header_Gruppe_2024_ab2024.jpg?fit=1200%2C281&ssl=1&resize=700%2C400 2x, https:\/\/i0.wp.com\/www.quartier-waldacker.de\/wp-content\/uploads\/2017\/03\/Header_Gruppe_2024_ab2024.jpg?fit=1200%2C281&ssl=1&resize=1050%2C600 3x"},"classes":[]}],"jetpack_sharing_enabled":true,"rttpg_featured_image_url":{"full":["https:\/\/i0.wp.com\/www.quartier-waldacker.de\/wp-content\/uploads\/2025\/03\/Header_Gruppe_2025sr.jpg?fit=1280%2C300&ssl=1",1280,300,false],"landscape":["https:\/\/www.quartier-waldacker.de\/wp-content\/uploads\/2025\/03\/Header_Gruppe_2025sr.jpg",1280,300,false],"portraits":["https:\/\/www.quartier-waldacker.de\/wp-content\/uploads\/2025\/03\/Header_Gruppe_2025sr.jpg",1280,300,false],"thumbnail":["https:\/\/i0.wp.com\/www.quartier-waldacker.de\/wp-content\/uploads\/2025\/03\/Header_Gruppe_2025sr.jpg?resize=150%2C150&ssl=1",150,150,true],"medium":["https:\/\/i0.wp.com\/www.quartier-waldacker.de\/wp-content\/uploads\/2025\/03\/Header_Gruppe_2025sr.jpg?fit=300%2C70&ssl=1",300,70,true],"large":["https:\/\/i0.wp.com\/www.quartier-waldacker.de\/wp-content\/uploads\/2025\/03\/Header_Gruppe_2025sr.jpg?fit=1024%2C240&ssl=1",1024,240,true],"1536x1536":["https:\/\/i0.wp.com\/www.quartier-waldacker.de\/wp-content\/uploads\/2025\/03\/Header_Gruppe_2025sr.jpg?fit=1280%2C300&ssl=1",1280,300,true],"2048x2048":["https:\/\/i0.wp.com\/www.quartier-waldacker.de\/wp-content\/uploads\/2025\/03\/Header_Gruppe_2025sr.jpg?fit=1280%2C300&ssl=1",1280,300,true]},"rttpg_author":{"display_name":"Johannes","author_link":"https:\/\/www.quartier-waldacker.de\/?author=5"},"rttpg_comment":0,"rttpg_category":"<a href=\"https:\/\/www.quartier-waldacker.de\/?cat=126\" rel=\"category\">Radtouren<\/a>","rttpg_excerpt":"Eine Radtour \u00fcber die Mainbr\u00fccken in Frankfurt klingt nach einer gro\u00dfartigen M\u00f6glichkeit, die Stadt aus verschiedenen Perspektiven zu erleben! Es gibt zahlreiche sch\u00f6ne Routen entlang des Mains, die uns die Skyline und die verschiedenen Stadtteile n\u00e4herbringen. Eine davon wir hier vorgestellt.Start: Zu dieser Radtour, die von Alfred Grosmann erarbeitet und ausgef\u00fchrt wurde, trafen sich die&hellip;","_links":{"self":[{"href":"https:\/\/www.quartier-waldacker.de\/index.php?rest_route=\/wp\/v2\/posts\/26904","targetHints":{"allow":["GET"]}}],"collection":[{"href":"https:\/\/www.quartier-waldacker.de\/index.php?rest_route=\/wp\/v2\/posts"}],"about":[{"href":"https:\/\/www.quartier-waldacker.de\/index.php?rest_route=\/wp\/v2\/types\/post"}],"author":[{"embeddable":true,"href":"https:\/\/www.quartier-waldacker.de\/index.php?rest_route=\/wp\/v2\/users\/5"}],"replies":[{"embeddable":true,"href":"https:\/\/www.quartier-waldacker.de\/index.php?rest_route=%2Fwp%2Fv2%2Fcomments&post=26904"}],"version-history":[{"count":9,"href":"https:\/\/www.quartier-waldacker.de\/index.php?rest_route=\/wp\/v2\/posts\/26904\/revisions"}],"predecessor-version":[{"id":26930,"href":"https:\/\/www.quartier-waldacker.de\/index.php?rest_route=\/wp\/v2\/posts\/26904\/revisions\/26930"}],"wp:featuredmedia":[{"embeddable":true,"href":"https:\/\/www.quartier-waldacker.de\/index.php?rest_route=\/wp\/v2\/media\/26563"}],"wp:attachment":[{"href":"https:\/\/www.quartier-waldacker.de\/index.php?rest_route=%2Fwp%2Fv2%2Fmedia&parent=26904"}],"wp:term":[{"taxonomy":"category","embeddable":true,"href":"https:\/\/www.quartier-waldacker.de\/index.php?rest_route=%2Fwp%2Fv2%2Fcategories&post=26904"},{"taxonomy":"post_tag","embeddable":true,"href":"https:\/\/www.quartier-waldacker.de\/index.php?rest_route=%2Fwp%2Fv2%2Ftags&post=26904"}],"curies":[{"name":"wp","href":"https:\/\/api.w.org\/{rel}","templated":true}]}}