{"id":26779,"date":"2025-05-03T18:15:48","date_gmt":"2025-05-03T16:15:48","guid":{"rendered":"https:\/\/www.quartier-waldacker.de\/?p=26779"},"modified":"2025-05-03T19:10:43","modified_gmt":"2025-05-03T17:10:43","slug":"radtour-zum-hamburger-fischmarkt-nach-aschaffenburg","status":"publish","type":"post","link":"https:\/\/www.quartier-waldacker.de\/?p=26779","title":{"rendered":"Radtour zum \u201eHamburger Fischmarkt\u201c nach Aschaffenburg (ca. 72 km)."},"content":{"rendered":"<button id=\"listenButton1\" class=\"responsivevoice-button\" type=\"button\" value=\"Play\" title=\"ResponsiveVoice Tap to Start\/Stop Speech\"><span>&#128266; Vorlesen<\/span><\/button>\n        <script>\n            listenButton1.onclick = function(){\n                if(responsiveVoice.isPlaying()){\n                    responsiveVoice.cancel();\n                }else{\n                    responsiveVoice.speak(\"Start: Bei besten Wetterbedingungen starten am Freitag, den 02.05.2025, 24 Radfahrerinnen und Radfahrer von den Rentnerb\u00e4nken bei Ober-Roden aus zum Hamburger Fischmarkt nach Aschaffenburg. Gef\u00fchrt und geplant wurde diese Tour von Gerhard Elsesser. Reinhold Harnoth fungierte als Schlussmann. Hinfahrt: Der Weg f\u00fchrte \u00fcber Rollwald, an den S1 Bahngleisen entlang nach Niederroden bis Dudenhofen. Dudenhofen wurde durchquert, weiter ging es auf dem Herbert Klee Weg nach Zellhausen von dort aus weiter nach Mainflingen. Unsere Tour wurde ab Rollwald von vier Gastradlern aus Offenbach begleitet. An der Kilianusbr\u00fccke unter schattigen Linden der erste Zwischenstopp. Nachdem die Gruppe den Main auf der Kilianusbr\u00fccke \u00fcberquert hatte, wechselte sie in Karlstein auf den Radweg auf der rechten Seite des Mains in Richtung Aschaffenburg. Dieser Mainradweg war mit einigen Umleitungen und einem fast unpassierbaren Abschnitt gespickt. Trotz allen erreichten alle das heutige Tagesziel. Die Stadtanfahrt und Abfahrt \u00fcbernahm unser routinierten Stadtkenner Wolfgang Wiezorek. Tagesziel; Der \\\"Hamburger Fischmarkt auf Reisen\\\" ist ein echtes Event mit Nordsee-Feeling in Aschaffenburg, das Anfang Mai direkt vor dem beeindruckenden Schloss Johannisburg stattfindet, das wir auch ein Jahr zuvor besucht hatten. Nach einer einst\u00fcndigen Pause, in der sich jeder nach seinem pers\u00f6nlichen Geschmack vergn\u00fcgen konnte, f\u00fchrte uns Wolfgang aus der Stadt zum Park - Sch\u00f6nbusch, in dem es etwas gem\u00e4chlicher zuging. Nach einer kurzen Pause mit Erfrischungsgetr\u00e4nken in der dortigen Gastronomie im Park, wo Gerhard E. die Radlerinnen und Radler auf die bevorstehende Radtour nach Ro\u00dfbach und Reinhold auf das bald beginnende Stadtradeln hinwies, ging es weiter. Heimfahrt: Danach \u00fcbernahm Gerhard Elsesser wieder die F\u00fchrung. Zun\u00e4chst ging es linksmainisch nach Stockstadt und weiter nach Harreshausen. An der sch\u00f6nen Eiche bei Harreshausen entschied er, nicht den direkten Weg \u00fcber Babenhausen zu nehmen, sondern einen kleinen Umweg \u00fcber Zellhausen und dann wieder Herbert Kleeweg nach Dudenhofen zu fahren. Zwischendurch noch eine kurze Verschnaufpause am \\\"Gerhard Elsesser Rastplatz\\\". Von Dudenhofen wieder an den S1 Gleisen zur\u00fcck nach Rollwald. Nach kurzem Res\u00fcmee \u00fcber die bew\u00e4ltige und \u00fcber die kommende Tour am n\u00e4chsten Freitag trennte man sich. Fazit: Eine sch\u00f6ne Radtour, gutes Wetter, interessante Einkehrm\u00f6glichkeiten, nette Kolleginnen und Kollegen, was will man mehr? Start an den Rentnerb\u00e4nkeWarten auf den ChefBlick von der Kilianusbr\u00fcckeHolperstrecke kurz vor AscheberchAuf dem FischmarktAuf dem FischmarktSchlo\u00df JohannesburgBilck von der AussichtplattformVorbei an der Brauerei SchlappeseppelIm Park Sch\u00f6nbuschGeiger am ParkAm Main entlangSch\u00f6ne Eiche bei HarreshausenPause am Gerhard Elsesser RastplatzEnde der Tour in Rollwald Bilder: Liliane, Reinhold, Johannes\", \"Deutsch Female\");\n                }\n            };\n        <\/script>\n    \n\n\n\n<p class=\"has-medium-font-size\"><strong>Start:<\/strong> Bei besten Wetterbedingungen starten am Freitag, den 02.05.2025, 24 Radfahrerinnen und Radfahrer von den Rentnerb\u00e4nken bei Ober-Roden aus zum Hamburger Fischmarkt nach Aschaffenburg. Gef\u00fchrt und geplant wurde diese Tour von Gerhard Elsesser. Reinhold Harnoth fungierte als Schlussmann.<\/p>\n\n\n\n<p class=\"has-medium-font-size\"><strong>Hinfahrt: <\/strong>Der Weg f\u00fchrte \u00fcber Rollwald, an den S1 Bahngleisen entlang nach Niederroden bis Dudenhofen. Dudenhofen wurde durchquert, weiter ging es auf dem Herbert Klee Weg nach Zellhausen von dort aus weiter nach Mainflingen. Unsere Tour wurde ab Rollwald von vier Gastradlern aus Offenbach begleitet. An der Kilianusbr\u00fccke unter schattigen Linden der erste Zwischenstopp. Nachdem die Gruppe den Main auf der Kilianusbr\u00fccke \u00fcberquert hatte, wechselte sie in Karlstein auf den Radweg auf der rechten Seite des Mains in Richtung Aschaffenburg. Dieser Mainradweg war mit einigen Umleitungen und einem fast unpassierbaren Abschnitt gespickt. Trotz allen erreichten alle das heutige Tagesziel. Die Stadtanfahrt und Abfahrt \u00fcbernahm unser routinierten Stadtkenner Wolfgang Wiezorek.<\/p>\n\n\n\n<p class=\"has-medium-font-size\"><strong>Tagesziel;<\/strong> Der &#8220;Hamburger Fischmarkt auf Reisen&#8221; ist ein echtes Event mit Nordsee-Feeling in Aschaffenburg, das Anfang Mai direkt vor dem beeindruckenden Schloss Johannisburg stattfindet, das wir auch ein Jahr zuvor besucht hatten. Nach einer einst\u00fcndigen Pause, in der sich jeder nach seinem pers\u00f6nlichen Geschmack vergn\u00fcgen konnte, f\u00fchrte uns Wolfgang aus der Stadt zum Park &#8211; Sch\u00f6nbusch, in dem es etwas gem\u00e4chlicher zuging. Nach einer kurzen Pause mit Erfrischungsgetr\u00e4nken in der dortigen Gastronomie im Park, wo Gerhard E. die Radlerinnen und Radler auf die bevorstehende Radtour nach Ro\u00dfbach und Reinhold auf das bald beginnende Stadtradeln hinwies, ging es weiter.<\/p>\n\n\n\n<p class=\"has-medium-font-size\"><strong>Heimfahrt: <\/strong>Danach \u00fcbernahm Gerhard Elsesser wieder die F\u00fchrung. Zun\u00e4chst ging es linksmainisch nach Stockstadt und weiter nach Harreshausen. An der sch\u00f6nen Eiche bei Harreshausen entschied er, nicht den direkten Weg \u00fcber Babenhausen zu nehmen, sondern einen kleinen Umweg \u00fcber Zellhausen und dann wieder Herbert Kleeweg nach Dudenhofen zu fahren. Zwischendurch noch eine kurze Verschnaufpause am &#8220;Gerhard Elsesser Rastplatz&#8221;. Von Dudenhofen wieder an den S1 Gleisen zur\u00fcck nach Rollwald. Nach kurzem Res\u00fcmee \u00fcber die bew\u00e4ltige und \u00fcber die kommende Tour am n\u00e4chsten Freitag trennte man sich.<\/p>\n\n\n\n<p class=\"has-medium-font-size\"><strong>Fazit:<\/strong> Eine sch\u00f6ne Radtour, gutes Wetter, interessante Einkehrm\u00f6glichkeiten, nette Kolleginnen und Kollegen, was will man mehr?<\/p>\n\n\n\n<div class=\"wp-block-jetpack-slideshow aligncenter\" data-autoplay=\"true\" data-delay=\"5\" data-effect=\"slide\"><div class=\"wp-block-jetpack-slideshow_container swiper-container\"><ul class=\"wp-block-jetpack-slideshow_swiper-wrapper swiper-wrapper\"><li class=\"wp-block-jetpack-slideshow_slide swiper-slide\"><figure><img data-recalc-dims=\"1\" loading=\"lazy\" decoding=\"async\" width=\"1024\" height=\"768\" alt=\"\" class=\"wp-block-jetpack-slideshow_image wp-image-26798\" data-id=\"26798\" src=\"https:\/\/i0.wp.com\/www.quartier-waldacker.de\/wp-content\/uploads\/2025\/05\/Start_Rentnerbaenke-01.jpg?resize=1024%2C768&#038;ssl=1\" srcset=\"https:\/\/i0.wp.com\/www.quartier-waldacker.de\/wp-content\/uploads\/2025\/05\/Start_Rentnerbaenke-01.jpg?resize=1024%2C768&amp;ssl=1 1024w, https:\/\/i0.wp.com\/www.quartier-waldacker.de\/wp-content\/uploads\/2025\/05\/Start_Rentnerbaenke-01.jpg?resize=300%2C225&amp;ssl=1 300w, https:\/\/i0.wp.com\/www.quartier-waldacker.de\/wp-content\/uploads\/2025\/05\/Start_Rentnerbaenke-01.jpg?resize=768%2C576&amp;ssl=1 768w, https:\/\/i0.wp.com\/www.quartier-waldacker.de\/wp-content\/uploads\/2025\/05\/Start_Rentnerbaenke-01.jpg?w=1280&amp;ssl=1 1280w\" sizes=\"(max-width: 1024px) 100vw, 1024px\" \/><figcaption class=\"wp-block-jetpack-slideshow_caption gallery-caption\">Start an den Rentnerb\u00e4nke<\/figcaption><\/figure><\/li><li class=\"wp-block-jetpack-slideshow_slide swiper-slide\"><figure><img data-recalc-dims=\"1\" loading=\"lazy\" decoding=\"async\" width=\"1024\" height=\"576\" alt=\"\" class=\"wp-block-jetpack-slideshow_image wp-image-26799\" data-id=\"26799\" src=\"https:\/\/i0.wp.com\/www.quartier-waldacker.de\/wp-content\/uploads\/2025\/05\/Start_Rentnerbaenke-02.jpg?resize=1024%2C576&#038;ssl=1\" srcset=\"https:\/\/i0.wp.com\/www.quartier-waldacker.de\/wp-content\/uploads\/2025\/05\/Start_Rentnerbaenke-02.jpg?resize=1024%2C576&amp;ssl=1 1024w, https:\/\/i0.wp.com\/www.quartier-waldacker.de\/wp-content\/uploads\/2025\/05\/Start_Rentnerbaenke-02.jpg?resize=300%2C169&amp;ssl=1 300w, https:\/\/i0.wp.com\/www.quartier-waldacker.de\/wp-content\/uploads\/2025\/05\/Start_Rentnerbaenke-02.jpg?resize=768%2C432&amp;ssl=1 768w, https:\/\/i0.wp.com\/www.quartier-waldacker.de\/wp-content\/uploads\/2025\/05\/Start_Rentnerbaenke-02.jpg?w=1280&amp;ssl=1 1280w\" sizes=\"(max-width: 1024px) 100vw, 1024px\" \/><figcaption class=\"wp-block-jetpack-slideshow_caption gallery-caption\">Warten auf den Chef<\/figcaption><\/figure><\/li><li class=\"wp-block-jetpack-slideshow_slide swiper-slide\"><figure><img data-recalc-dims=\"1\" loading=\"lazy\" decoding=\"async\" width=\"1024\" height=\"596\" alt=\"\" class=\"wp-block-jetpack-slideshow_image wp-image-26790\" data-id=\"26790\" src=\"https:\/\/i0.wp.com\/www.quartier-waldacker.de\/wp-content\/uploads\/2025\/05\/Blick-von.jpg?resize=1024%2C596&#038;ssl=1\" srcset=\"https:\/\/i0.wp.com\/www.quartier-waldacker.de\/wp-content\/uploads\/2025\/05\/Blick-von.jpg?resize=1024%2C596&amp;ssl=1 1024w, https:\/\/i0.wp.com\/www.quartier-waldacker.de\/wp-content\/uploads\/2025\/05\/Blick-von.jpg?resize=300%2C175&amp;ssl=1 300w, https:\/\/i0.wp.com\/www.quartier-waldacker.de\/wp-content\/uploads\/2025\/05\/Blick-von.jpg?resize=768%2C447&amp;ssl=1 768w, https:\/\/i0.wp.com\/www.quartier-waldacker.de\/wp-content\/uploads\/2025\/05\/Blick-von.jpg?w=1105&amp;ssl=1 1105w\" sizes=\"(max-width: 1024px) 100vw, 1024px\" \/><figcaption class=\"wp-block-jetpack-slideshow_caption gallery-caption\">Blick von der Kilianusbr\u00fccke<\/figcaption><\/figure><\/li><li class=\"wp-block-jetpack-slideshow_slide swiper-slide\"><figure><img data-recalc-dims=\"1\" loading=\"lazy\" decoding=\"async\" width=\"1024\" height=\"576\" alt=\"\" class=\"wp-block-jetpack-slideshow_image wp-image-26792\" data-id=\"26792\" src=\"https:\/\/i0.wp.com\/www.quartier-waldacker.de\/wp-content\/uploads\/2025\/05\/Holperstrecke-01.jpg?resize=1024%2C576&#038;ssl=1\" srcset=\"https:\/\/i0.wp.com\/www.quartier-waldacker.de\/wp-content\/uploads\/2025\/05\/Holperstrecke-01.jpg?resize=1024%2C576&amp;ssl=1 1024w, https:\/\/i0.wp.com\/www.quartier-waldacker.de\/wp-content\/uploads\/2025\/05\/Holperstrecke-01.jpg?resize=300%2C169&amp;ssl=1 300w, https:\/\/i0.wp.com\/www.quartier-waldacker.de\/wp-content\/uploads\/2025\/05\/Holperstrecke-01.jpg?resize=768%2C432&amp;ssl=1 768w, https:\/\/i0.wp.com\/www.quartier-waldacker.de\/wp-content\/uploads\/2025\/05\/Holperstrecke-01.jpg?w=1280&amp;ssl=1 1280w\" sizes=\"(max-width: 1024px) 100vw, 1024px\" \/><figcaption class=\"wp-block-jetpack-slideshow_caption gallery-caption\">Holperstrecke kurz vor Ascheberch<\/figcaption><\/figure><\/li><li class=\"wp-block-jetpack-slideshow_slide swiper-slide\"><figure><img data-recalc-dims=\"1\" loading=\"lazy\" decoding=\"async\" width=\"1024\" height=\"575\" alt=\"\" class=\"wp-block-jetpack-slideshow_image wp-image-26788\" data-id=\"26788\" src=\"https:\/\/i0.wp.com\/www.quartier-waldacker.de\/wp-content\/uploads\/2025\/05\/Ascheberch-03.jpg?resize=1024%2C575&#038;ssl=1\" srcset=\"https:\/\/i0.wp.com\/www.quartier-waldacker.de\/wp-content\/uploads\/2025\/05\/Ascheberch-03.jpg?resize=1024%2C575&amp;ssl=1 1024w, https:\/\/i0.wp.com\/www.quartier-waldacker.de\/wp-content\/uploads\/2025\/05\/Ascheberch-03.jpg?resize=300%2C169&amp;ssl=1 300w, https:\/\/i0.wp.com\/www.quartier-waldacker.de\/wp-content\/uploads\/2025\/05\/Ascheberch-03.jpg?resize=768%2C431&amp;ssl=1 768w, https:\/\/i0.wp.com\/www.quartier-waldacker.de\/wp-content\/uploads\/2025\/05\/Ascheberch-03.jpg?w=1280&amp;ssl=1 1280w\" sizes=\"(max-width: 1024px) 100vw, 1024px\" \/><figcaption class=\"wp-block-jetpack-slideshow_caption gallery-caption\">Auf dem Fischmarkt<\/figcaption><\/figure><\/li><li class=\"wp-block-jetpack-slideshow_slide swiper-slide\"><figure><img data-recalc-dims=\"1\" loading=\"lazy\" decoding=\"async\" width=\"1024\" height=\"576\" alt=\"\" class=\"wp-block-jetpack-slideshow_image wp-image-26791\" data-id=\"26791\" src=\"https:\/\/i0.wp.com\/www.quartier-waldacker.de\/wp-content\/uploads\/2025\/05\/Fischmarkt-01.jpg?resize=1024%2C576&#038;ssl=1\" srcset=\"https:\/\/i0.wp.com\/www.quartier-waldacker.de\/wp-content\/uploads\/2025\/05\/Fischmarkt-01.jpg?resize=1024%2C576&amp;ssl=1 1024w, https:\/\/i0.wp.com\/www.quartier-waldacker.de\/wp-content\/uploads\/2025\/05\/Fischmarkt-01.jpg?resize=300%2C169&amp;ssl=1 300w, https:\/\/i0.wp.com\/www.quartier-waldacker.de\/wp-content\/uploads\/2025\/05\/Fischmarkt-01.jpg?resize=768%2C432&amp;ssl=1 768w, https:\/\/i0.wp.com\/www.quartier-waldacker.de\/wp-content\/uploads\/2025\/05\/Fischmarkt-01.jpg?w=1280&amp;ssl=1 1280w\" sizes=\"(max-width: 1024px) 100vw, 1024px\" \/><figcaption class=\"wp-block-jetpack-slideshow_caption gallery-caption\">Auf dem Fischmarkt<\/figcaption><\/figure><\/li><li class=\"wp-block-jetpack-slideshow_slide swiper-slide\"><figure><img data-recalc-dims=\"1\" loading=\"lazy\" decoding=\"async\" width=\"1024\" height=\"576\" alt=\"\" class=\"wp-block-jetpack-slideshow_image wp-image-26786\" data-id=\"26786\" src=\"https:\/\/i0.wp.com\/www.quartier-waldacker.de\/wp-content\/uploads\/2025\/05\/Ascheberch-01.jpg?resize=1024%2C576&#038;ssl=1\" srcset=\"https:\/\/i0.wp.com\/www.quartier-waldacker.de\/wp-content\/uploads\/2025\/05\/Ascheberch-01.jpg?resize=1024%2C576&amp;ssl=1 1024w, https:\/\/i0.wp.com\/www.quartier-waldacker.de\/wp-content\/uploads\/2025\/05\/Ascheberch-01.jpg?resize=300%2C169&amp;ssl=1 300w, https:\/\/i0.wp.com\/www.quartier-waldacker.de\/wp-content\/uploads\/2025\/05\/Ascheberch-01.jpg?resize=768%2C432&amp;ssl=1 768w, https:\/\/i0.wp.com\/www.quartier-waldacker.de\/wp-content\/uploads\/2025\/05\/Ascheberch-01.jpg?w=1280&amp;ssl=1 1280w\" sizes=\"(max-width: 1024px) 100vw, 1024px\" \/><figcaption class=\"wp-block-jetpack-slideshow_caption gallery-caption\">Schlo\u00df Johannesburg<\/figcaption><\/figure><\/li><li class=\"wp-block-jetpack-slideshow_slide swiper-slide\"><figure><img data-recalc-dims=\"1\" loading=\"lazy\" decoding=\"async\" width=\"1024\" height=\"768\" alt=\"\" class=\"wp-block-jetpack-slideshow_image wp-image-26787\" data-id=\"26787\" src=\"https:\/\/i0.wp.com\/www.quartier-waldacker.de\/wp-content\/uploads\/2025\/05\/Ascheberch-02.jpg?resize=1024%2C768&#038;ssl=1\" srcset=\"https:\/\/i0.wp.com\/www.quartier-waldacker.de\/wp-content\/uploads\/2025\/05\/Ascheberch-02.jpg?resize=1024%2C768&amp;ssl=1 1024w, https:\/\/i0.wp.com\/www.quartier-waldacker.de\/wp-content\/uploads\/2025\/05\/Ascheberch-02.jpg?resize=300%2C225&amp;ssl=1 300w, https:\/\/i0.wp.com\/www.quartier-waldacker.de\/wp-content\/uploads\/2025\/05\/Ascheberch-02.jpg?resize=768%2C576&amp;ssl=1 768w, https:\/\/i0.wp.com\/www.quartier-waldacker.de\/wp-content\/uploads\/2025\/05\/Ascheberch-02.jpg?w=1280&amp;ssl=1 1280w\" sizes=\"(max-width: 1024px) 100vw, 1024px\" \/><figcaption class=\"wp-block-jetpack-slideshow_caption gallery-caption\">Bilck von der Aussichtplattform<\/figcaption><\/figure><\/li><li class=\"wp-block-jetpack-slideshow_slide swiper-slide\"><figure><img data-recalc-dims=\"1\" loading=\"lazy\" decoding=\"async\" width=\"1024\" height=\"576\" alt=\"\" class=\"wp-block-jetpack-slideshow_image wp-image-26789\" data-id=\"26789\" src=\"https:\/\/i0.wp.com\/www.quartier-waldacker.de\/wp-content\/uploads\/2025\/05\/Ascheberch-04.jpg?resize=1024%2C576&#038;ssl=1\" srcset=\"https:\/\/i0.wp.com\/www.quartier-waldacker.de\/wp-content\/uploads\/2025\/05\/Ascheberch-04.jpg?resize=1024%2C576&amp;ssl=1 1024w, https:\/\/i0.wp.com\/www.quartier-waldacker.de\/wp-content\/uploads\/2025\/05\/Ascheberch-04.jpg?resize=300%2C169&amp;ssl=1 300w, https:\/\/i0.wp.com\/www.quartier-waldacker.de\/wp-content\/uploads\/2025\/05\/Ascheberch-04.jpg?resize=768%2C432&amp;ssl=1 768w, https:\/\/i0.wp.com\/www.quartier-waldacker.de\/wp-content\/uploads\/2025\/05\/Ascheberch-04.jpg?w=1280&amp;ssl=1 1280w\" sizes=\"(max-width: 1024px) 100vw, 1024px\" \/><figcaption class=\"wp-block-jetpack-slideshow_caption gallery-caption\">Vorbei an der Brauerei Schlappeseppel<\/figcaption><\/figure><\/li><li class=\"wp-block-jetpack-slideshow_slide swiper-slide\"><figure><img data-recalc-dims=\"1\" loading=\"lazy\" decoding=\"async\" width=\"1024\" height=\"575\" alt=\"\" class=\"wp-block-jetpack-slideshow_image wp-image-26796\" data-id=\"26796\" src=\"https:\/\/i0.wp.com\/www.quartier-waldacker.de\/wp-content\/uploads\/2025\/05\/Schoenbusch-02.jpg?resize=1024%2C575&#038;ssl=1\" srcset=\"https:\/\/i0.wp.com\/www.quartier-waldacker.de\/wp-content\/uploads\/2025\/05\/Schoenbusch-02.jpg?resize=1024%2C575&amp;ssl=1 1024w, https:\/\/i0.wp.com\/www.quartier-waldacker.de\/wp-content\/uploads\/2025\/05\/Schoenbusch-02.jpg?resize=300%2C169&amp;ssl=1 300w, https:\/\/i0.wp.com\/www.quartier-waldacker.de\/wp-content\/uploads\/2025\/05\/Schoenbusch-02.jpg?resize=768%2C431&amp;ssl=1 768w, https:\/\/i0.wp.com\/www.quartier-waldacker.de\/wp-content\/uploads\/2025\/05\/Schoenbusch-02.jpg?w=1280&amp;ssl=1 1280w\" sizes=\"(max-width: 1024px) 100vw, 1024px\" \/><figcaption class=\"wp-block-jetpack-slideshow_caption gallery-caption\">Im Park Sch\u00f6nbusch<\/figcaption><\/figure><\/li><li class=\"wp-block-jetpack-slideshow_slide swiper-slide\"><figure><img data-recalc-dims=\"1\" loading=\"lazy\" decoding=\"async\" width=\"712\" height=\"796\" alt=\"\" class=\"wp-block-jetpack-slideshow_image wp-image-26795\" data-id=\"26795\" src=\"https:\/\/i0.wp.com\/www.quartier-waldacker.de\/wp-content\/uploads\/2025\/05\/Schoenbusch-01.jpg?resize=712%2C796&#038;ssl=1\" srcset=\"https:\/\/i0.wp.com\/www.quartier-waldacker.de\/wp-content\/uploads\/2025\/05\/Schoenbusch-01.jpg?w=712&amp;ssl=1 712w, https:\/\/i0.wp.com\/www.quartier-waldacker.de\/wp-content\/uploads\/2025\/05\/Schoenbusch-01.jpg?resize=268%2C300&amp;ssl=1 268w\" sizes=\"(max-width: 712px) 100vw, 712px\" \/><figcaption class=\"wp-block-jetpack-slideshow_caption gallery-caption\">Geiger am Park<\/figcaption><\/figure><\/li><li class=\"wp-block-jetpack-slideshow_slide swiper-slide\"><figure><img data-recalc-dims=\"1\" loading=\"lazy\" decoding=\"async\" width=\"1024\" height=\"576\" alt=\"\" class=\"wp-block-jetpack-slideshow_image wp-image-26785\" data-id=\"26785\" src=\"https:\/\/i0.wp.com\/www.quartier-waldacker.de\/wp-content\/uploads\/2025\/05\/AmMain-01.jpg?resize=1024%2C576&#038;ssl=1\" srcset=\"https:\/\/i0.wp.com\/www.quartier-waldacker.de\/wp-content\/uploads\/2025\/05\/AmMain-01.jpg?resize=1024%2C576&amp;ssl=1 1024w, https:\/\/i0.wp.com\/www.quartier-waldacker.de\/wp-content\/uploads\/2025\/05\/AmMain-01.jpg?resize=300%2C169&amp;ssl=1 300w, https:\/\/i0.wp.com\/www.quartier-waldacker.de\/wp-content\/uploads\/2025\/05\/AmMain-01.jpg?resize=768%2C432&amp;ssl=1 768w, https:\/\/i0.wp.com\/www.quartier-waldacker.de\/wp-content\/uploads\/2025\/05\/AmMain-01.jpg?w=1280&amp;ssl=1 1280w\" sizes=\"(max-width: 1024px) 100vw, 1024px\" \/><figcaption class=\"wp-block-jetpack-slideshow_caption gallery-caption\">Am Main entlang<\/figcaption><\/figure><\/li><li class=\"wp-block-jetpack-slideshow_slide swiper-slide\"><figure><img data-recalc-dims=\"1\" loading=\"lazy\" decoding=\"async\" width=\"1024\" height=\"576\" alt=\"\" class=\"wp-block-jetpack-slideshow_image wp-image-26797\" data-id=\"26797\" src=\"https:\/\/i0.wp.com\/www.quartier-waldacker.de\/wp-content\/uploads\/2025\/05\/Schoene-Eiche-1024x576.jpg?resize=1024%2C576&#038;ssl=1\" srcset=\"https:\/\/i0.wp.com\/www.quartier-waldacker.de\/wp-content\/uploads\/2025\/05\/Schoene-Eiche.jpg?resize=1024%2C576&amp;ssl=1 1024w, https:\/\/i0.wp.com\/www.quartier-waldacker.de\/wp-content\/uploads\/2025\/05\/Schoene-Eiche.jpg?resize=300%2C169&amp;ssl=1 300w, https:\/\/i0.wp.com\/www.quartier-waldacker.de\/wp-content\/uploads\/2025\/05\/Schoene-Eiche.jpg?resize=768%2C432&amp;ssl=1 768w, https:\/\/i0.wp.com\/www.quartier-waldacker.de\/wp-content\/uploads\/2025\/05\/Schoene-Eiche.jpg?w=1280&amp;ssl=1 1280w\" sizes=\"(max-width: 1024px) 100vw, 1024px\" \/><figcaption class=\"wp-block-jetpack-slideshow_caption gallery-caption\">Sch\u00f6ne Eiche bei Harreshausen<\/figcaption><\/figure><\/li><li class=\"wp-block-jetpack-slideshow_slide swiper-slide\"><figure><img data-recalc-dims=\"1\" loading=\"lazy\" decoding=\"async\" width=\"1024\" height=\"576\" alt=\"\" class=\"wp-block-jetpack-slideshow_image wp-image-26793\" data-id=\"26793\" src=\"https:\/\/i0.wp.com\/www.quartier-waldacker.de\/wp-content\/uploads\/2025\/05\/Rastplatz-01.jpg?resize=1024%2C576&#038;ssl=1\" srcset=\"https:\/\/i0.wp.com\/www.quartier-waldacker.de\/wp-content\/uploads\/2025\/05\/Rastplatz-01.jpg?resize=1024%2C576&amp;ssl=1 1024w, https:\/\/i0.wp.com\/www.quartier-waldacker.de\/wp-content\/uploads\/2025\/05\/Rastplatz-01.jpg?resize=300%2C169&amp;ssl=1 300w, https:\/\/i0.wp.com\/www.quartier-waldacker.de\/wp-content\/uploads\/2025\/05\/Rastplatz-01.jpg?resize=768%2C432&amp;ssl=1 768w, https:\/\/i0.wp.com\/www.quartier-waldacker.de\/wp-content\/uploads\/2025\/05\/Rastplatz-01.jpg?w=1280&amp;ssl=1 1280w\" sizes=\"(max-width: 1024px) 100vw, 1024px\" \/><figcaption class=\"wp-block-jetpack-slideshow_caption gallery-caption\">Pause am Gerhard Elsesser Rastplatz<\/figcaption><\/figure><\/li><li class=\"wp-block-jetpack-slideshow_slide swiper-slide\"><figure><img data-recalc-dims=\"1\" loading=\"lazy\" decoding=\"async\" width=\"1024\" height=\"576\" alt=\"\" class=\"wp-block-jetpack-slideshow_image wp-image-26794\" data-id=\"26794\" src=\"https:\/\/i0.wp.com\/www.quartier-waldacker.de\/wp-content\/uploads\/2025\/05\/Rollwald-01.jpg?resize=1024%2C576&#038;ssl=1\" srcset=\"https:\/\/i0.wp.com\/www.quartier-waldacker.de\/wp-content\/uploads\/2025\/05\/Rollwald-01.jpg?resize=1024%2C576&amp;ssl=1 1024w, https:\/\/i0.wp.com\/www.quartier-waldacker.de\/wp-content\/uploads\/2025\/05\/Rollwald-01.jpg?resize=300%2C169&amp;ssl=1 300w, https:\/\/i0.wp.com\/www.quartier-waldacker.de\/wp-content\/uploads\/2025\/05\/Rollwald-01.jpg?resize=768%2C432&amp;ssl=1 768w, https:\/\/i0.wp.com\/www.quartier-waldacker.de\/wp-content\/uploads\/2025\/05\/Rollwald-01.jpg?w=1280&amp;ssl=1 1280w\" sizes=\"(max-width: 1024px) 100vw, 1024px\" \/><figcaption class=\"wp-block-jetpack-slideshow_caption gallery-caption\">Ende der Tour in Rollwald<\/figcaption><\/figure><\/li><\/ul><a class=\"wp-block-jetpack-slideshow_button-prev swiper-button-prev swiper-button-white\" role=\"button\"><\/a><a class=\"wp-block-jetpack-slideshow_button-next swiper-button-next swiper-button-white\" role=\"button\"><\/a><a aria-label=\"Pause Slideshow\" class=\"wp-block-jetpack-slideshow_button-pause\" role=\"button\"><\/a><div class=\"wp-block-jetpack-slideshow_pagination swiper-pagination swiper-pagination-white\"><\/div><\/div><\/div>\n\n\n\n<p><strong>Bilder<\/strong>: Liliane, Reinhold, Johannes<\/p>\n\n\n\n\n\n\n<div class=\"gb-container gb-container-0d287acc\">\n\n\t\t<div id=\"maps-marker-pro-e4301653\" class=\"maps-marker-pro mmp-list-below\" style=\"width: 640px;\">\n\t\t\t<div id=\"mmp-map-wrap-e4301653\" class=\"mmp-map-wrap\">\n\t\t\t\t\t\t\t\t\t<div id=\"mmp-panel-e4301653\" class=\"mmp-panel\"><\/div>\n\t\t\t\t\t\t\t\t<div id=\"mmp-map-e4301653\" class=\"mmp-map\" style=\"height: 480px;\"><\/div>\n\t\t\t\t\t\t\t\t\t<div id=\"mmp-chart-wrap-e4301653\" class=\"mmp-gpx-chart-wrap\" style=\"height: 200px;\"><\/div>\n\t\t\t\t\t\t\t<\/div>\n\t\t\t\t\t\t\t<div id=\"mmp-list-e4301653\" class=\"mmp-list\" style=\"flex-basis: 400px;\"><\/div>\n\t\t\t\t\t<\/div>\n\t\t\n\n<\/div>","protected":false},"excerpt":{"rendered":"<p>Start: Bei besten Wetterbedingungen starten am Freitag, den 02.05.2025, 24 Radfahrerinnen und Radfahrer von den Rentnerb\u00e4nken bei Ober-Roden aus zum Hamburger Fischmarkt nach Aschaffenburg. Gef\u00fchrt und geplant wurde diese Tour von Gerhard Elsesser. Reinhold Harnoth fungierte als Schlussmann. Hinfahrt: Der Weg f\u00fchrte \u00fcber Rollwald, an den S1 Bahngleisen entlang nach Niederroden bis Dudenhofen. Dudenhofen wurde &#8230; <a title=\"Radtour zum \u201eHamburger Fischmarkt\u201c nach Aschaffenburg (ca. 72 km).\" class=\"read-more\" href=\"https:\/\/www.quartier-waldacker.de\/?p=26779\" aria-label=\"Mehr Informationen \u00fcber Radtour zum \u201eHamburger Fischmarkt\u201c nach Aschaffenburg (ca. 72 km).\">Weiterlesen<\/a><\/p>\n","protected":false},"author":5,"featured_media":26563,"comment_status":"open","ping_status":"closed","sticky":false,"template":"","format":"standard","meta":{"generate_page_header":"","_jetpack_memberships_contains_paid_content":false,"footnotes":""},"categories":[126],"tags":[359,197,203,317],"class_list":["post-26779","post","type-post","status-publish","format-standard","has-post-thumbnail","hentry","category-radtouren","tag-359","tag-radfahren","tag-radtouren","tag-roedermark"],"jetpack_featured_media_url":"https:\/\/i0.wp.com\/www.quartier-waldacker.de\/wp-content\/uploads\/2025\/03\/Header_Gruppe_2025sr.jpg?fit=1280%2C300&ssl=1","jetpack-related-posts":[{"id":24116,"url":"https:\/\/www.quartier-waldacker.de\/?p=24116","url_meta":{"origin":26779,"position":0},"title":"Radtour zum Hamburger Fischmarkt in Aschaffenburg (68km)","author":"Johannes","date":"28. April 2024","format":false,"excerpt":"Nach der Schlechtwetterphase der vergangenen Woche konnten die Radler vom Quartier Waldacker am 26. April endlich ihre Tour zum Aschaffenburger Fischmarkt starten. Vom Treffpunkt \u201eRentnerb\u00e4nken\u201c in Ober-Roden machten sich 19 Radlerinnen und Radler auf den Weg.Zun\u00e4chst wurde in Richtung Rodgau\/Dudenhofen gefahren, dann \u00fcber den Herbert Klee Weg nach Zellhausen. Nach\u2026","rel":"","context":"In &quot;Radtouren&quot;","block_context":{"text":"Radtouren","link":"https:\/\/www.quartier-waldacker.de\/?cat=126"},"img":{"alt_text":"","src":"https:\/\/i0.wp.com\/www.quartier-waldacker.de\/wp-content\/uploads\/2024\/03\/Header_Gruppe_2024sr1.jpg?fit=1200%2C281&ssl=1&resize=350%2C200","width":350,"height":200,"srcset":"https:\/\/i0.wp.com\/www.quartier-waldacker.de\/wp-content\/uploads\/2024\/03\/Header_Gruppe_2024sr1.jpg?fit=1200%2C281&ssl=1&resize=350%2C200 1x, https:\/\/i0.wp.com\/www.quartier-waldacker.de\/wp-content\/uploads\/2024\/03\/Header_Gruppe_2024sr1.jpg?fit=1200%2C281&ssl=1&resize=525%2C300 1.5x, https:\/\/i0.wp.com\/www.quartier-waldacker.de\/wp-content\/uploads\/2024\/03\/Header_Gruppe_2024sr1.jpg?fit=1200%2C281&ssl=1&resize=700%2C400 2x, https:\/\/i0.wp.com\/www.quartier-waldacker.de\/wp-content\/uploads\/2024\/03\/Header_Gruppe_2024sr1.jpg?fit=1200%2C281&ssl=1&resize=1050%2C600 3x"},"classes":[]},{"id":22529,"url":"https:\/\/www.quartier-waldacker.de\/?p=22529","url_meta":{"origin":26779,"position":1},"title":"Radtour nach Kleinostheim (66 km)","author":"admin","date":"14. Mai 2023","format":false,"excerpt":"Dicke Wolken hingen am Freitag, 12. Mai 2023 am Himmel. Start war um 11 Uhr f\u00fcr die Waldackerer und Dietzenbacher am B\u00fcrgertreff. F\u00fcr die anderen Teilnehmerinnen und Teilnehmer ging es um 11.30 Uhr an den Rentnerb\u00e4nken bei Ober-Roden los. Auf den Weg nach Kleinostheim machten sich insgesamt 18 Radler. Unser\u2026","rel":"","context":"In &quot;Radtouren&quot;","block_context":{"text":"Radtouren","link":"https:\/\/www.quartier-waldacker.de\/?cat=126"},"img":{"alt_text":"","src":"https:\/\/i0.wp.com\/www.quartier-waldacker.de\/wp-content\/uploads\/2023\/03\/Header_Gruppe.jpg?fit=1200%2C281&ssl=1&resize=350%2C200","width":350,"height":200,"srcset":"https:\/\/i0.wp.com\/www.quartier-waldacker.de\/wp-content\/uploads\/2023\/03\/Header_Gruppe.jpg?fit=1200%2C281&ssl=1&resize=350%2C200 1x, https:\/\/i0.wp.com\/www.quartier-waldacker.de\/wp-content\/uploads\/2023\/03\/Header_Gruppe.jpg?fit=1200%2C281&ssl=1&resize=525%2C300 1.5x, https:\/\/i0.wp.com\/www.quartier-waldacker.de\/wp-content\/uploads\/2023\/03\/Header_Gruppe.jpg?fit=1200%2C281&ssl=1&resize=700%2C400 2x, https:\/\/i0.wp.com\/www.quartier-waldacker.de\/wp-content\/uploads\/2023\/03\/Header_Gruppe.jpg?fit=1200%2C281&ssl=1&resize=1050%2C600 3x"},"classes":[]},{"id":22629,"url":"https:\/\/www.quartier-waldacker.de\/?p=22629","url_meta":{"origin":26779,"position":2},"title":"Radtour \u00fcber Mainflingen nach Alzenau (65 km)Rad","author":"admin","date":"4. Juni 2023","format":false,"excerpt":"Die Radtour startete bei bestem Wetter mit blauem Himmel und Sonnenschein. Nur der kalte Wind \u00fcberraschte einige Teilnehmerinnen und Teilnehmer. 15 Radler machten sich vom 2 Treffpunkt an den Rentnerb\u00e4nken auf den Weg. Zuerst \u00fcber Dudenhofen, dann \u00fcber den Herbert Klee Weg nach Zellhausen und weiter nach Mainflingen. \u00dcber die\u2026","rel":"","context":"In &quot;Radtouren&quot;","block_context":{"text":"Radtouren","link":"https:\/\/www.quartier-waldacker.de\/?cat=126"},"img":{"alt_text":"","src":"https:\/\/i0.wp.com\/www.quartier-waldacker.de\/wp-content\/uploads\/2023\/03\/Header_Gruppe.jpg?fit=1200%2C281&ssl=1&resize=350%2C200","width":350,"height":200,"srcset":"https:\/\/i0.wp.com\/www.quartier-waldacker.de\/wp-content\/uploads\/2023\/03\/Header_Gruppe.jpg?fit=1200%2C281&ssl=1&resize=350%2C200 1x, https:\/\/i0.wp.com\/www.quartier-waldacker.de\/wp-content\/uploads\/2023\/03\/Header_Gruppe.jpg?fit=1200%2C281&ssl=1&resize=525%2C300 1.5x, https:\/\/i0.wp.com\/www.quartier-waldacker.de\/wp-content\/uploads\/2023\/03\/Header_Gruppe.jpg?fit=1200%2C281&ssl=1&resize=700%2C400 2x, https:\/\/i0.wp.com\/www.quartier-waldacker.de\/wp-content\/uploads\/2023\/03\/Header_Gruppe.jpg?fit=1200%2C281&ssl=1&resize=1050%2C600 3x"},"classes":[]},{"id":13130,"url":"https:\/\/www.quartier-waldacker.de\/?p=13130","url_meta":{"origin":26779,"position":3},"title":"Radtour &#8211; Aschaffenburg, Park Sch\u00f6nbusch \u00fcber Kilianusbr\u00fccke in Mainflingen (60\/74 km)","author":"Johannes","date":"12. Mai 2017","format":false,"excerpt":"Start B\u00fcrgertreff - Richtung Rentnertreff Ober-Roden\u00a0 (3,7 km)Dem Eulerweg in Richtung Ober-Roden folgend, \u00dcberquerung der L3097 und rechts abbiegen Richtung Hundeheim Ober-Roden dann links abbiegen Richtung Waldrand. Ober-Rodener Rentnertreff - Dudenhofen\/Bleichstra\u00dfe (5,6 km)Am Waldrand entlang nach Rollwald danach den Eisenbahnschienen entlang nach Niederoden. Hinter der Br\u00fccke rechts halten in die\u2026","rel":"","context":"In &quot;Radtouren&quot;","block_context":{"text":"Radtouren","link":"https:\/\/www.quartier-waldacker.de\/?cat=126"},"img":{"alt_text":"","src":"https:\/\/i0.wp.com\/www.quartier-waldacker.de\/wp-content\/uploads\/2017\/05\/AschaffenburgHeader_.jpg?fit=1200%2C261&ssl=1&resize=350%2C200","width":350,"height":200,"srcset":"https:\/\/i0.wp.com\/www.quartier-waldacker.de\/wp-content\/uploads\/2017\/05\/AschaffenburgHeader_.jpg?fit=1200%2C261&ssl=1&resize=350%2C200 1x, https:\/\/i0.wp.com\/www.quartier-waldacker.de\/wp-content\/uploads\/2017\/05\/AschaffenburgHeader_.jpg?fit=1200%2C261&ssl=1&resize=525%2C300 1.5x, https:\/\/i0.wp.com\/www.quartier-waldacker.de\/wp-content\/uploads\/2017\/05\/AschaffenburgHeader_.jpg?fit=1200%2C261&ssl=1&resize=700%2C400 2x, https:\/\/i0.wp.com\/www.quartier-waldacker.de\/wp-content\/uploads\/2017\/05\/AschaffenburgHeader_.jpg?fit=1200%2C261&ssl=1&resize=1050%2C600 3x"},"classes":[]},{"id":14055,"url":"https:\/\/www.quartier-waldacker.de\/?p=14055","url_meta":{"origin":26779,"position":4},"title":"Radtour\u2013 Zur R\u00fcckerbacher Schlucht \u00fcber Klein-Ostheim (78 km)","author":"admin","date":"7. Juli 2017","format":false,"excerpt":"Beitrag und Bilder von Reinhold HarnothStart war 12 Uhr am B\u00fcrgertreff Waldacker, kurz danach trafen wir unsere Freunde aus den anderen Stadteilen am Kl\u00e4rwerk\/ Rentnerb\u00e4nke in Ober-Roden. Gemeinsam fuhren wir in Richtung Dudenhofen \u00fcber Rollwald und Niederroden. In Dudenhofen, Herbert-Klee-Weg in Richtung Babenhausen \/Harreshausen an der sch\u00f6nen Eiche in Harreshausen\u2026","rel":"","context":"In &quot;Radtouren&quot;","block_context":{"text":"Radtouren","link":"https:\/\/www.quartier-waldacker.de\/?cat=126"},"img":{"alt_text":"","src":"https:\/\/i0.wp.com\/www.quartier-waldacker.de\/wp-content\/uploads\/2017\/07\/Header_Radtour-18.jpg?fit=1200%2C261&ssl=1&resize=350%2C200","width":350,"height":200,"srcset":"https:\/\/i0.wp.com\/www.quartier-waldacker.de\/wp-content\/uploads\/2017\/07\/Header_Radtour-18.jpg?fit=1200%2C261&ssl=1&resize=350%2C200 1x, https:\/\/i0.wp.com\/www.quartier-waldacker.de\/wp-content\/uploads\/2017\/07\/Header_Radtour-18.jpg?fit=1200%2C261&ssl=1&resize=525%2C300 1.5x, https:\/\/i0.wp.com\/www.quartier-waldacker.de\/wp-content\/uploads\/2017\/07\/Header_Radtour-18.jpg?fit=1200%2C261&ssl=1&resize=700%2C400 2x, https:\/\/i0.wp.com\/www.quartier-waldacker.de\/wp-content\/uploads\/2017\/07\/Header_Radtour-18.jpg?fit=1200%2C261&ssl=1&resize=1050%2C600 3x"},"classes":[]},{"id":25129,"url":"https:\/\/www.quartier-waldacker.de\/?p=25129","url_meta":{"origin":26779,"position":5},"title":"Radtour nach Kleinostheim am Spessartrand (60 km)","author":"Johannes","date":"17. August 2024","format":false,"excerpt":"Bei sch\u00f6nem Wetter, der Wetterbericht meldete 31 Grad, machten sich 21 Radler\/innen von der Rentnerbank in Ober-Roden aus auf den Weg nach Kleinostheim. Gerhard Elsesser f\u00fchrte die Gruppe und Fokko Vogelsang sorgte daf\u00fcr, dass niemand verloren ging. Der Weg f\u00fchrte \u00fcber Rodgau-Dudenhofen und weiter auf dem Herbert-Klee-Weg nach Zellhausen. Kurz\u2026","rel":"","context":"In &quot;Radtouren&quot;","block_context":{"text":"Radtouren","link":"https:\/\/www.quartier-waldacker.de\/?cat=126"},"img":{"alt_text":"","src":"https:\/\/i0.wp.com\/www.quartier-waldacker.de\/wp-content\/uploads\/2024\/03\/Header_Gruppe_2024.jpg?fit=1200%2C281&ssl=1&resize=350%2C200","width":350,"height":200,"srcset":"https:\/\/i0.wp.com\/www.quartier-waldacker.de\/wp-content\/uploads\/2024\/03\/Header_Gruppe_2024.jpg?fit=1200%2C281&ssl=1&resize=350%2C200 1x, https:\/\/i0.wp.com\/www.quartier-waldacker.de\/wp-content\/uploads\/2024\/03\/Header_Gruppe_2024.jpg?fit=1200%2C281&ssl=1&resize=525%2C300 1.5x, https:\/\/i0.wp.com\/www.quartier-waldacker.de\/wp-content\/uploads\/2024\/03\/Header_Gruppe_2024.jpg?fit=1200%2C281&ssl=1&resize=700%2C400 2x, https:\/\/i0.wp.com\/www.quartier-waldacker.de\/wp-content\/uploads\/2024\/03\/Header_Gruppe_2024.jpg?fit=1200%2C281&ssl=1&resize=1050%2C600 3x"},"classes":[]}],"jetpack_sharing_enabled":true,"rttpg_featured_image_url":{"full":["https:\/\/i0.wp.com\/www.quartier-waldacker.de\/wp-content\/uploads\/2025\/03\/Header_Gruppe_2025sr.jpg?fit=1280%2C300&ssl=1",1280,300,false],"landscape":["https:\/\/www.quartier-waldacker.de\/wp-content\/uploads\/2025\/03\/Header_Gruppe_2025sr.jpg",1280,300,false],"portraits":["https:\/\/www.quartier-waldacker.de\/wp-content\/uploads\/2025\/03\/Header_Gruppe_2025sr.jpg",1280,300,false],"thumbnail":["https:\/\/i0.wp.com\/www.quartier-waldacker.de\/wp-content\/uploads\/2025\/03\/Header_Gruppe_2025sr.jpg?resize=150%2C150&ssl=1",150,150,true],"medium":["https:\/\/i0.wp.com\/www.quartier-waldacker.de\/wp-content\/uploads\/2025\/03\/Header_Gruppe_2025sr.jpg?fit=300%2C70&ssl=1",300,70,true],"large":["https:\/\/i0.wp.com\/www.quartier-waldacker.de\/wp-content\/uploads\/2025\/03\/Header_Gruppe_2025sr.jpg?fit=1024%2C240&ssl=1",1024,240,true],"1536x1536":["https:\/\/i0.wp.com\/www.quartier-waldacker.de\/wp-content\/uploads\/2025\/03\/Header_Gruppe_2025sr.jpg?fit=1280%2C300&ssl=1",1280,300,true],"2048x2048":["https:\/\/i0.wp.com\/www.quartier-waldacker.de\/wp-content\/uploads\/2025\/03\/Header_Gruppe_2025sr.jpg?fit=1280%2C300&ssl=1",1280,300,true]},"rttpg_author":{"display_name":"Johannes","author_link":"https:\/\/www.quartier-waldacker.de\/?author=5"},"rttpg_comment":2,"rttpg_category":"<a href=\"https:\/\/www.quartier-waldacker.de\/?cat=126\" rel=\"category\">Radtouren<\/a>","rttpg_excerpt":"Start: Bei besten Wetterbedingungen starten am Freitag, den 02.05.2025, 24 Radfahrerinnen und Radfahrer von den Rentnerb\u00e4nken bei Ober-Roden aus zum Hamburger Fischmarkt nach Aschaffenburg. Gef\u00fchrt und geplant wurde diese Tour von Gerhard Elsesser. Reinhold Harnoth fungierte als Schlussmann. Hinfahrt: Der Weg f\u00fchrte \u00fcber Rollwald, an den S1 Bahngleisen entlang nach Niederroden bis Dudenhofen. Dudenhofen wurde&hellip;","_links":{"self":[{"href":"https:\/\/www.quartier-waldacker.de\/index.php?rest_route=\/wp\/v2\/posts\/26779","targetHints":{"allow":["GET"]}}],"collection":[{"href":"https:\/\/www.quartier-waldacker.de\/index.php?rest_route=\/wp\/v2\/posts"}],"about":[{"href":"https:\/\/www.quartier-waldacker.de\/index.php?rest_route=\/wp\/v2\/types\/post"}],"author":[{"embeddable":true,"href":"https:\/\/www.quartier-waldacker.de\/index.php?rest_route=\/wp\/v2\/users\/5"}],"replies":[{"embeddable":true,"href":"https:\/\/www.quartier-waldacker.de\/index.php?rest_route=%2Fwp%2Fv2%2Fcomments&post=26779"}],"version-history":[{"count":7,"href":"https:\/\/www.quartier-waldacker.de\/index.php?rest_route=\/wp\/v2\/posts\/26779\/revisions"}],"predecessor-version":[{"id":26803,"href":"https:\/\/www.quartier-waldacker.de\/index.php?rest_route=\/wp\/v2\/posts\/26779\/revisions\/26803"}],"wp:featuredmedia":[{"embeddable":true,"href":"https:\/\/www.quartier-waldacker.de\/index.php?rest_route=\/wp\/v2\/media\/26563"}],"wp:attachment":[{"href":"https:\/\/www.quartier-waldacker.de\/index.php?rest_route=%2Fwp%2Fv2%2Fmedia&parent=26779"}],"wp:term":[{"taxonomy":"category","embeddable":true,"href":"https:\/\/www.quartier-waldacker.de\/index.php?rest_route=%2Fwp%2Fv2%2Fcategories&post=26779"},{"taxonomy":"post_tag","embeddable":true,"href":"https:\/\/www.quartier-waldacker.de\/index.php?rest_route=%2Fwp%2Fv2%2Ftags&post=26779"}],"curies":[{"name":"wp","href":"https:\/\/api.w.org\/{rel}","templated":true}]}}