{"id":26746,"date":"2025-04-27T20:45:20","date_gmt":"2025-04-27T18:45:20","guid":{"rendered":"https:\/\/www.quartier-waldacker.de\/?p=26746"},"modified":"2025-04-27T21:20:10","modified_gmt":"2025-04-27T19:20:10","slug":"nachoesterliche-radtour-zu-den-osterbrunnen-ueber-seligenstadt","status":"publish","type":"post","link":"https:\/\/www.quartier-waldacker.de\/?p=26746","title":{"rendered":"Nach\u00f6sterliche Radtour zu den Osterbrunnen \u00fcber Seligenstadt. (53 km)"},"content":{"rendered":"\n\n\n<p class=\"has-medium-font-size\"><strong>Start:<\/strong> Der Himmel war bew\u00f6lkt zum Start um 11.00 Uhr am 50. Breitengrad in Waldacker, die Wetterpropheten in Offenbach hatten f\u00fcr den Nachmittag Besserung angek\u00fcndigt. \u00dcberraschenderweise waren 26 Teilnehmerinnen und Teilnehmer zur Radtour nach Seligenstadt erschienen. Nach einer kurzen Erl\u00e4uterung des Streckenverlaufs durch Tourenleiter Gerhard Elsesser setzte sich die Gruppe in Bewegung.<br><strong>Hinweg:<\/strong> Gerhard Elsesser f\u00fchrte die Gruppe zun\u00e4chst entlang des Rodgauer Waldes in Richtung Badesee, dann wurde die stark befahrene Kreisquerverbindung \u00fcberquert. Das \u00dcberqueren von Stra\u00dfen mit hohem Verkehrsaufkommen ist bei einer so gro\u00dfen Gruppe immer wieder problematisch und erfordert von allen ein hohes Ma\u00df an Aufmerksamkeit. Entlang des Radweges ging es bis zur Rodgauringstra\u00dfe, weiter auf dem Radweg nach Hainhausen. Dort wurde am diesj\u00e4hrigen Osterbrunnen ein kurzer Fotostopp eingelegt und dann ging es entlang der S-Bahn-Gleise weiter nach Weiskirchen. Weiskirchen wurde durchquert. Weiter ging es \u00fcber die Dreim\u00e4rkerschneise nach Froschhausen. Froschhausen wurde tangiert und am Harres See ein weiterer Zwischenstopp eingelegt. Nach ca. 1,5 km traf die Gruppe in den <strong><em>Seligst\u00e4dter St\u00fcbchen <\/em><\/strong>in der Jahnstra\u00dfe zum Mittagessen ein<br><strong>Mittagpause:<\/strong> Es wurde eine kleine Speisekarte mit \u00fcberwiegend deutscher K\u00fcche angeboten. Die Speisen wurden z\u00fcgig serviert und stie\u00dfen nicht in allen F\u00e4llen auf eine gute Resonanz.<br><strong>Weiterfahrt\/Heimfahrt. <\/strong>Bei der Durchfahrt durch Seligenstadt wurde am Seligenst\u00e4dter Osterbrunnen auf dem Marktplatz ein kurzer Fotostopp eingelegt und dann ging es auf dem Mainuferweg am Main entlang bis nach Mainflingen. Kurz hinter Seligenstadt musste eine Zwangspause eingelegt werden, da ein Mitfahrer vermisst wurde, der aber nach kurzer Wartezeit wieder zur Gruppe stie\u00df. Am Ende von Mainflingen ging es rechts ab vorbei am Mainflinger Badesee nach Zellhausen. Dies wurde durchquert. Zun\u00e4chst ging es \u00fcber die Dudenh\u00f6fer Feldschneise, dann weiter auf dem Herbert-Klee-Weg in Richtung Dudenhofen. Auf halber Strecke wurde am obligatorischen <em><strong>*Gerhard-Elsesser-Rastplatz<\/strong><\/em> ein Zwischenstopp eingelegt, um sich \u00fcber die n\u00e4chste Radtour auszutauschen. Reinhold Harnoth wies au\u00dferdem auf die im Mai startende Aktion \u201eStadtradeln\u201d hin. Die Weiterfahrt ging nach Dudenhofen. An der evangelischen Kirche, beim Osterbrunnen, wurde kurz angehalten, um Fotos zu machen. Danach ging es an den Gleisen der S 1 entlang bis nach Rollwald. Nachdem die Gruppe den Organisatoren f\u00fcr die gelungene Radtour gedankt hatte, verabschiedete sie sich und fuhr in ihre Quartiere zur\u00fcck.<br><strong>Anmerkung * Gerhard Elsesser Rastplatz <\/strong>ist eine Stelle an denen er bei seinen Radtouren in Richtung Seligenstadt bzw. Zellhausen immer f\u00fcr einen Zwischenstopp nutzt.<\/p>\n\n\n\n<div class=\"wp-block-jetpack-slideshow aligncenter\" data-autoplay=\"true\" data-delay=\"3\" data-effect=\"slide\"><div class=\"wp-block-jetpack-slideshow_container swiper-container\"><ul class=\"wp-block-jetpack-slideshow_swiper-wrapper swiper-wrapper\"><li class=\"wp-block-jetpack-slideshow_slide swiper-slide\"><figure><img data-recalc-dims=\"1\" loading=\"lazy\" decoding=\"async\" width=\"1200\" height=\"674\" alt=\"\" class=\"wp-block-jetpack-slideshow_image wp-image-26761\" data-id=\"26761\" src=\"https:\/\/i0.wp.com\/www.quartier-waldacker.de\/wp-content\/uploads\/2025\/04\/Start-01.jpg?resize=1200%2C674&#038;ssl=1\" srcset=\"https:\/\/i0.wp.com\/www.quartier-waldacker.de\/wp-content\/uploads\/2025\/04\/Start-01.jpg?w=1280&amp;ssl=1 1280w, https:\/\/i0.wp.com\/www.quartier-waldacker.de\/wp-content\/uploads\/2025\/04\/Start-01.jpg?resize=300%2C169&amp;ssl=1 300w, https:\/\/i0.wp.com\/www.quartier-waldacker.de\/wp-content\/uploads\/2025\/04\/Start-01.jpg?resize=1024%2C575&amp;ssl=1 1024w, https:\/\/i0.wp.com\/www.quartier-waldacker.de\/wp-content\/uploads\/2025\/04\/Start-01.jpg?resize=768%2C431&amp;ssl=1 768w\" sizes=\"(max-width: 1200px) 100vw, 1200px\" \/><figcaption class=\"wp-block-jetpack-slideshow_caption gallery-caption\">Start Am 50. Breitegrad<\/figcaption><\/figure><\/li><li class=\"wp-block-jetpack-slideshow_slide swiper-slide\"><figure><img data-recalc-dims=\"1\" loading=\"lazy\" decoding=\"async\" width=\"1200\" height=\"674\" alt=\"\" class=\"wp-block-jetpack-slideshow_image wp-image-26755\" data-id=\"26755\" src=\"https:\/\/i0.wp.com\/www.quartier-waldacker.de\/wp-content\/uploads\/2025\/04\/Osterbr_Hainhausen.jpg?resize=1200%2C674&#038;ssl=1\" srcset=\"https:\/\/i0.wp.com\/www.quartier-waldacker.de\/wp-content\/uploads\/2025\/04\/Osterbr_Hainhausen.jpg?w=1280&amp;ssl=1 1280w, https:\/\/i0.wp.com\/www.quartier-waldacker.de\/wp-content\/uploads\/2025\/04\/Osterbr_Hainhausen.jpg?resize=300%2C169&amp;ssl=1 300w, https:\/\/i0.wp.com\/www.quartier-waldacker.de\/wp-content\/uploads\/2025\/04\/Osterbr_Hainhausen.jpg?resize=1024%2C575&amp;ssl=1 1024w, https:\/\/i0.wp.com\/www.quartier-waldacker.de\/wp-content\/uploads\/2025\/04\/Osterbr_Hainhausen.jpg?resize=768%2C431&amp;ssl=1 768w\" sizes=\"(max-width: 1200px) 100vw, 1200px\" \/><figcaption class=\"wp-block-jetpack-slideshow_caption gallery-caption\">Osterbrunnen Hainhausen<\/figcaption><\/figure><\/li><li class=\"wp-block-jetpack-slideshow_slide swiper-slide\"><figure><img data-recalc-dims=\"1\" loading=\"lazy\" decoding=\"async\" width=\"1200\" height=\"674\" alt=\"\" class=\"wp-block-jetpack-slideshow_image wp-image-26750\" data-id=\"26750\" src=\"https:\/\/i0.wp.com\/www.quartier-waldacker.de\/wp-content\/uploads\/2025\/04\/Harres_See-01.jpg?resize=1200%2C674&#038;ssl=1\" srcset=\"https:\/\/i0.wp.com\/www.quartier-waldacker.de\/wp-content\/uploads\/2025\/04\/Harres_See-01.jpg?w=1280&amp;ssl=1 1280w, https:\/\/i0.wp.com\/www.quartier-waldacker.de\/wp-content\/uploads\/2025\/04\/Harres_See-01.jpg?resize=300%2C169&amp;ssl=1 300w, https:\/\/i0.wp.com\/www.quartier-waldacker.de\/wp-content\/uploads\/2025\/04\/Harres_See-01.jpg?resize=1024%2C575&amp;ssl=1 1024w, https:\/\/i0.wp.com\/www.quartier-waldacker.de\/wp-content\/uploads\/2025\/04\/Harres_See-01.jpg?resize=768%2C431&amp;ssl=1 768w\" sizes=\"(max-width: 1200px) 100vw, 1200px\" \/><figcaption class=\"wp-block-jetpack-slideshow_caption gallery-caption\">Am Harres See<\/figcaption><\/figure><\/li><li class=\"wp-block-jetpack-slideshow_slide swiper-slide\"><figure><img data-recalc-dims=\"1\" loading=\"lazy\" decoding=\"async\" width=\"1200\" height=\"674\" alt=\"\" class=\"wp-block-jetpack-slideshow_image wp-image-26753\" data-id=\"26753\" src=\"https:\/\/i0.wp.com\/www.quartier-waldacker.de\/wp-content\/uploads\/2025\/04\/On_Tour.jpg?resize=1200%2C674&#038;ssl=1\" srcset=\"https:\/\/i0.wp.com\/www.quartier-waldacker.de\/wp-content\/uploads\/2025\/04\/On_Tour.jpg?w=1280&amp;ssl=1 1280w, https:\/\/i0.wp.com\/www.quartier-waldacker.de\/wp-content\/uploads\/2025\/04\/On_Tour.jpg?resize=300%2C169&amp;ssl=1 300w, https:\/\/i0.wp.com\/www.quartier-waldacker.de\/wp-content\/uploads\/2025\/04\/On_Tour.jpg?resize=1024%2C575&amp;ssl=1 1024w, https:\/\/i0.wp.com\/www.quartier-waldacker.de\/wp-content\/uploads\/2025\/04\/On_Tour.jpg?resize=768%2C431&amp;ssl=1 768w\" sizes=\"(max-width: 1200px) 100vw, 1200px\" \/><figcaption class=\"wp-block-jetpack-slideshow_caption gallery-caption\">Weiterfahrt Harres See<\/figcaption><\/figure><\/li><li class=\"wp-block-jetpack-slideshow_slide swiper-slide\"><figure><img data-recalc-dims=\"1\" loading=\"lazy\" decoding=\"async\" width=\"1200\" height=\"674\" alt=\"\" class=\"wp-block-jetpack-slideshow_image wp-image-26751\" data-id=\"26751\" src=\"https:\/\/i0.wp.com\/www.quartier-waldacker.de\/wp-content\/uploads\/2025\/04\/IM_Lokal-01.jpg?resize=1200%2C674&#038;ssl=1\" srcset=\"https:\/\/i0.wp.com\/www.quartier-waldacker.de\/wp-content\/uploads\/2025\/04\/IM_Lokal-01.jpg?w=1280&amp;ssl=1 1280w, https:\/\/i0.wp.com\/www.quartier-waldacker.de\/wp-content\/uploads\/2025\/04\/IM_Lokal-01.jpg?resize=300%2C169&amp;ssl=1 300w, https:\/\/i0.wp.com\/www.quartier-waldacker.de\/wp-content\/uploads\/2025\/04\/IM_Lokal-01.jpg?resize=1024%2C575&amp;ssl=1 1024w, https:\/\/i0.wp.com\/www.quartier-waldacker.de\/wp-content\/uploads\/2025\/04\/IM_Lokal-01.jpg?resize=768%2C431&amp;ssl=1 768w\" sizes=\"(max-width: 1200px) 100vw, 1200px\" \/><figcaption class=\"wp-block-jetpack-slideshow_caption gallery-caption\">Im Lokal Seligst\u00e4dter St\u00fcbchen<\/figcaption><\/figure><\/li><li class=\"wp-block-jetpack-slideshow_slide swiper-slide\"><figure><img data-recalc-dims=\"1\" loading=\"lazy\" decoding=\"async\" width=\"1200\" height=\"675\" alt=\"\" class=\"wp-block-jetpack-slideshow_image wp-image-26752\" data-id=\"26752\" src=\"https:\/\/i0.wp.com\/www.quartier-waldacker.de\/wp-content\/uploads\/2025\/04\/Im-Lokal-02.jpg?resize=1200%2C675&#038;ssl=1\" srcset=\"https:\/\/i0.wp.com\/www.quartier-waldacker.de\/wp-content\/uploads\/2025\/04\/Im-Lokal-02.jpg?w=1280&amp;ssl=1 1280w, https:\/\/i0.wp.com\/www.quartier-waldacker.de\/wp-content\/uploads\/2025\/04\/Im-Lokal-02.jpg?resize=300%2C169&amp;ssl=1 300w, https:\/\/i0.wp.com\/www.quartier-waldacker.de\/wp-content\/uploads\/2025\/04\/Im-Lokal-02.jpg?resize=1024%2C576&amp;ssl=1 1024w, https:\/\/i0.wp.com\/www.quartier-waldacker.de\/wp-content\/uploads\/2025\/04\/Im-Lokal-02.jpg?resize=768%2C432&amp;ssl=1 768w\" sizes=\"(max-width: 1200px) 100vw, 1200px\" \/><figcaption class=\"wp-block-jetpack-slideshow_caption gallery-caption\">Tafel <\/figcaption><\/figure><\/li><li class=\"wp-block-jetpack-slideshow_slide swiper-slide\"><figure><img data-recalc-dims=\"1\" loading=\"lazy\" decoding=\"async\" width=\"960\" height=\"1280\" alt=\"\" class=\"wp-block-jetpack-slideshow_image wp-image-26757\" data-id=\"26757\" src=\"https:\/\/i0.wp.com\/www.quartier-waldacker.de\/wp-content\/uploads\/2025\/04\/Osterbr_Seligenstadt-01.jpg?resize=960%2C1280&#038;ssl=1\" srcset=\"https:\/\/i0.wp.com\/www.quartier-waldacker.de\/wp-content\/uploads\/2025\/04\/Osterbr_Seligenstadt-01.jpg?w=960&amp;ssl=1 960w, https:\/\/i0.wp.com\/www.quartier-waldacker.de\/wp-content\/uploads\/2025\/04\/Osterbr_Seligenstadt-01.jpg?resize=225%2C300&amp;ssl=1 225w, https:\/\/i0.wp.com\/www.quartier-waldacker.de\/wp-content\/uploads\/2025\/04\/Osterbr_Seligenstadt-01.jpg?resize=768%2C1024&amp;ssl=1 768w\" sizes=\"(max-width: 960px) 100vw, 960px\" \/><figcaption class=\"wp-block-jetpack-slideshow_caption gallery-caption\">Osterbrunnen Seligenstadt<\/figcaption><\/figure><\/li><li class=\"wp-block-jetpack-slideshow_slide swiper-slide\"><figure><img data-recalc-dims=\"1\" loading=\"lazy\" decoding=\"async\" width=\"1200\" height=\"675\" alt=\"\" class=\"wp-block-jetpack-slideshow_image wp-image-26758\" data-id=\"26758\" src=\"https:\/\/i0.wp.com\/www.quartier-waldacker.de\/wp-content\/uploads\/2025\/04\/Osterbr_Seligenstadt-02.jpg?resize=1200%2C675&#038;ssl=1\" srcset=\"https:\/\/i0.wp.com\/www.quartier-waldacker.de\/wp-content\/uploads\/2025\/04\/Osterbr_Seligenstadt-02.jpg?w=1280&amp;ssl=1 1280w, https:\/\/i0.wp.com\/www.quartier-waldacker.de\/wp-content\/uploads\/2025\/04\/Osterbr_Seligenstadt-02.jpg?resize=300%2C169&amp;ssl=1 300w, https:\/\/i0.wp.com\/www.quartier-waldacker.de\/wp-content\/uploads\/2025\/04\/Osterbr_Seligenstadt-02.jpg?resize=1024%2C576&amp;ssl=1 1024w, https:\/\/i0.wp.com\/www.quartier-waldacker.de\/wp-content\/uploads\/2025\/04\/Osterbr_Seligenstadt-02.jpg?resize=768%2C432&amp;ssl=1 768w\" sizes=\"(max-width: 1200px) 100vw, 1200px\" \/><figcaption class=\"wp-block-jetpack-slideshow_caption gallery-caption\">Marktplatz Seligenstadt<\/figcaption><\/figure><\/li><li class=\"wp-block-jetpack-slideshow_slide swiper-slide\"><figure><img data-recalc-dims=\"1\" loading=\"lazy\" decoding=\"async\" width=\"646\" height=\"883\" alt=\"\" class=\"wp-block-jetpack-slideshow_image wp-image-26749\" data-id=\"26749\" src=\"https:\/\/i0.wp.com\/www.quartier-waldacker.de\/wp-content\/uploads\/2025\/04\/Flussaue.jpg?resize=646%2C883&#038;ssl=1\" srcset=\"https:\/\/i0.wp.com\/www.quartier-waldacker.de\/wp-content\/uploads\/2025\/04\/Flussaue.jpg?w=646&amp;ssl=1 646w, https:\/\/i0.wp.com\/www.quartier-waldacker.de\/wp-content\/uploads\/2025\/04\/Flussaue.jpg?resize=219%2C300&amp;ssl=1 219w\" sizes=\"(max-width: 646px) 100vw, 646px\" \/><figcaption class=\"wp-block-jetpack-slideshow_caption gallery-caption\">Storch im Gr\u00fcnen<\/figcaption><\/figure><\/li><li class=\"wp-block-jetpack-slideshow_slide swiper-slide\"><figure><img data-recalc-dims=\"1\" loading=\"lazy\" decoding=\"async\" width=\"1200\" height=\"675\" alt=\"\" class=\"wp-block-jetpack-slideshow_image wp-image-26762\" data-id=\"26762\" src=\"https:\/\/i0.wp.com\/www.quartier-waldacker.de\/wp-content\/uploads\/2025\/04\/Warten-01.jpg?resize=1200%2C675&#038;ssl=1\" srcset=\"https:\/\/i0.wp.com\/www.quartier-waldacker.de\/wp-content\/uploads\/2025\/04\/Warten-01.jpg?w=1280&amp;ssl=1 1280w, https:\/\/i0.wp.com\/www.quartier-waldacker.de\/wp-content\/uploads\/2025\/04\/Warten-01.jpg?resize=300%2C169&amp;ssl=1 300w, https:\/\/i0.wp.com\/www.quartier-waldacker.de\/wp-content\/uploads\/2025\/04\/Warten-01.jpg?resize=1024%2C576&amp;ssl=1 1024w, https:\/\/i0.wp.com\/www.quartier-waldacker.de\/wp-content\/uploads\/2025\/04\/Warten-01.jpg?resize=768%2C432&amp;ssl=1 768w\" sizes=\"(max-width: 1200px) 100vw, 1200px\" \/><figcaption class=\"wp-block-jetpack-slideshow_caption gallery-caption\">Warten auf Manfred<\/figcaption><\/figure><\/li><li class=\"wp-block-jetpack-slideshow_slide swiper-slide\"><figure><img data-recalc-dims=\"1\" loading=\"lazy\" decoding=\"async\" width=\"960\" height=\"1280\" alt=\"\" class=\"wp-block-jetpack-slideshow_image wp-image-26764\" data-id=\"26764\" src=\"https:\/\/i0.wp.com\/www.quartier-waldacker.de\/wp-content\/uploads\/2025\/04\/Gerhard-Elsesser-Platz.jpg?resize=960%2C1280&#038;ssl=1\" srcset=\"https:\/\/i0.wp.com\/www.quartier-waldacker.de\/wp-content\/uploads\/2025\/04\/Gerhard-Elsesser-Platz.jpg?w=960&amp;ssl=1 960w, https:\/\/i0.wp.com\/www.quartier-waldacker.de\/wp-content\/uploads\/2025\/04\/Gerhard-Elsesser-Platz.jpg?resize=225%2C300&amp;ssl=1 225w, https:\/\/i0.wp.com\/www.quartier-waldacker.de\/wp-content\/uploads\/2025\/04\/Gerhard-Elsesser-Platz.jpg?resize=768%2C1024&amp;ssl=1 768w\" sizes=\"(max-width: 960px) 100vw, 960px\" \/><figcaption class=\"wp-block-jetpack-slideshow_caption gallery-caption\">Am Gerhard Elsesser Platz<\/figcaption><\/figure><\/li><li class=\"wp-block-jetpack-slideshow_slide swiper-slide\"><figure><img data-recalc-dims=\"1\" loading=\"lazy\" decoding=\"async\" width=\"1200\" height=\"675\" alt=\"\" class=\"wp-block-jetpack-slideshow_image wp-image-26754\" data-id=\"26754\" src=\"https:\/\/i0.wp.com\/www.quartier-waldacker.de\/wp-content\/uploads\/2025\/04\/Osterbr_Dudenhofen-02.jpg?resize=1200%2C675&#038;ssl=1\" srcset=\"https:\/\/i0.wp.com\/www.quartier-waldacker.de\/wp-content\/uploads\/2025\/04\/Osterbr_Dudenhofen-02.jpg?w=1280&amp;ssl=1 1280w, https:\/\/i0.wp.com\/www.quartier-waldacker.de\/wp-content\/uploads\/2025\/04\/Osterbr_Dudenhofen-02.jpg?resize=300%2C169&amp;ssl=1 300w, https:\/\/i0.wp.com\/www.quartier-waldacker.de\/wp-content\/uploads\/2025\/04\/Osterbr_Dudenhofen-02.jpg?resize=1024%2C576&amp;ssl=1 1024w, https:\/\/i0.wp.com\/www.quartier-waldacker.de\/wp-content\/uploads\/2025\/04\/Osterbr_Dudenhofen-02.jpg?resize=768%2C432&amp;ssl=1 768w\" sizes=\"(max-width: 1200px) 100vw, 1200px\" \/><figcaption class=\"wp-block-jetpack-slideshow_caption gallery-caption\">Osterbrunnen Dudenhofen<\/figcaption><\/figure><\/li><li class=\"wp-block-jetpack-slideshow_slide swiper-slide\"><figure><img data-recalc-dims=\"1\" loading=\"lazy\" decoding=\"async\" width=\"960\" height=\"1280\" alt=\"\" class=\"wp-block-jetpack-slideshow_image wp-image-26756\" data-id=\"26756\" src=\"https:\/\/i0.wp.com\/www.quartier-waldacker.de\/wp-content\/uploads\/2025\/04\/Osterbr_Dudenhofen-01.jpg?resize=960%2C1280&#038;ssl=1\" srcset=\"https:\/\/i0.wp.com\/www.quartier-waldacker.de\/wp-content\/uploads\/2025\/04\/Osterbr_Dudenhofen-01.jpg?w=960&amp;ssl=1 960w, https:\/\/i0.wp.com\/www.quartier-waldacker.de\/wp-content\/uploads\/2025\/04\/Osterbr_Dudenhofen-01.jpg?resize=225%2C300&amp;ssl=1 225w, https:\/\/i0.wp.com\/www.quartier-waldacker.de\/wp-content\/uploads\/2025\/04\/Osterbr_Dudenhofen-01.jpg?resize=768%2C1024&amp;ssl=1 768w\" sizes=\"(max-width: 960px) 100vw, 960px\" \/><figcaption class=\"wp-block-jetpack-slideshow_caption gallery-caption\">Osterbrunnen Dudenhofen<\/figcaption><\/figure><\/li><li class=\"wp-block-jetpack-slideshow_slide swiper-slide\"><figure><img data-recalc-dims=\"1\" loading=\"lazy\" decoding=\"async\" width=\"1200\" height=\"674\" alt=\"\" class=\"wp-block-jetpack-slideshow_image wp-image-26759\" data-id=\"26759\" src=\"https:\/\/i0.wp.com\/www.quartier-waldacker.de\/wp-content\/uploads\/2025\/04\/Rollwald.jpg?resize=1200%2C674&#038;ssl=1\" srcset=\"https:\/\/i0.wp.com\/www.quartier-waldacker.de\/wp-content\/uploads\/2025\/04\/Rollwald.jpg?w=1280&amp;ssl=1 1280w, https:\/\/i0.wp.com\/www.quartier-waldacker.de\/wp-content\/uploads\/2025\/04\/Rollwald.jpg?resize=300%2C169&amp;ssl=1 300w, https:\/\/i0.wp.com\/www.quartier-waldacker.de\/wp-content\/uploads\/2025\/04\/Rollwald.jpg?resize=1024%2C575&amp;ssl=1 1024w, https:\/\/i0.wp.com\/www.quartier-waldacker.de\/wp-content\/uploads\/2025\/04\/Rollwald.jpg?resize=768%2C431&amp;ssl=1 768w\" sizes=\"(max-width: 1200px) 100vw, 1200px\" \/><figcaption class=\"wp-block-jetpack-slideshow_caption gallery-caption\">Rollwald ende der Radtour<\/figcaption><\/figure><\/li><\/ul><a class=\"wp-block-jetpack-slideshow_button-prev swiper-button-prev swiper-button-white\" role=\"button\"><\/a><a class=\"wp-block-jetpack-slideshow_button-next swiper-button-next swiper-button-white\" role=\"button\"><\/a><a aria-label=\"Pause Slideshow\" class=\"wp-block-jetpack-slideshow_button-pause\" role=\"button\"><\/a><div class=\"wp-block-jetpack-slideshow_pagination swiper-pagination swiper-pagination-white\"><\/div><\/div><\/div>\n\n\n\n<p>Bilder: Reinhold, Johannes, Liliane<\/p>\n\n\n<div class=\"gb-container gb-container-0679b3ef\">\n\n\t\t<div id=\"maps-marker-pro-b7f374de\" class=\"maps-marker-pro mmp-list-below\" style=\"width: 640px;\">\n\t\t\t<div id=\"mmp-map-wrap-b7f374de\" class=\"mmp-map-wrap\">\n\t\t\t\t\t\t\t\t\t<div id=\"mmp-panel-b7f374de\" class=\"mmp-panel\"><\/div>\n\t\t\t\t\t\t\t\t<div id=\"mmp-map-b7f374de\" class=\"mmp-map\" style=\"height: 480px;\"><\/div>\n\t\t\t\t\t\t\t\t\t<div id=\"mmp-chart-wrap-b7f374de\" class=\"mmp-gpx-chart-wrap\" style=\"height: 200px;\"><\/div>\n\t\t\t\t\t\t\t<\/div>\n\t\t\t\t\t\t\t<div id=\"mmp-list-b7f374de\" class=\"mmp-list\" style=\"flex-basis: 400px;\"><\/div>\n\t\t\t\t\t<\/div>\n\t\t\n\n<\/div>\n\n\n\n\n\n<div class=\"gb-container gb-container-1e2f72b3\">\n<div class=\"gb-container gb-container-0bd9e268\">\n\n<\/div>\n<\/div>","protected":false},"excerpt":{"rendered":"<p>Start: Der Himmel war bew\u00f6lkt zum Start um 11.00 Uhr am 50. Breitengrad in Waldacker, die Wetterpropheten in Offenbach hatten f\u00fcr den Nachmittag Besserung angek\u00fcndigt. \u00dcberraschenderweise waren 26 Teilnehmerinnen und Teilnehmer zur Radtour nach Seligenstadt erschienen. Nach einer kurzen Erl\u00e4uterung des Streckenverlaufs durch Tourenleiter Gerhard Elsesser setzte sich die Gruppe in Bewegung.Hinweg: Gerhard Elsesser f\u00fchrte &#8230; <a title=\"Nach\u00f6sterliche Radtour zu den Osterbrunnen \u00fcber Seligenstadt. (53 km)\" class=\"read-more\" href=\"https:\/\/www.quartier-waldacker.de\/?p=26746\" aria-label=\"Mehr Informationen \u00fcber Nach\u00f6sterliche Radtour zu den Osterbrunnen \u00fcber Seligenstadt. (53 km)\">Weiterlesen<\/a><\/p>\n","protected":false},"author":5,"featured_media":26563,"comment_status":"open","ping_status":"closed","sticky":false,"template":"","format":"standard","meta":{"generate_page_header":"","_jetpack_memberships_contains_paid_content":false,"footnotes":""},"categories":[126],"tags":[359,197,203,317],"class_list":["post-26746","post","type-post","status-publish","format-standard","has-post-thumbnail","hentry","category-radtouren","tag-359","tag-radfahren","tag-radtouren","tag-roedermark"],"jetpack_featured_media_url":"https:\/\/i0.wp.com\/www.quartier-waldacker.de\/wp-content\/uploads\/2025\/03\/Header_Gruppe_2025sr.jpg?fit=1280%2C300&ssl=1","jetpack-related-posts":[{"id":25484,"url":"https:\/\/www.quartier-waldacker.de\/?p=25484","url_meta":{"origin":26746,"position":0},"title":"Radtour an den K\u00f6nigsee in Zellhausen","author":"Johannes","date":"5. Oktober 2024","format":false,"excerpt":"Start:Am Freitag, den 4. Oktober 2024, bei bew\u00f6lktem Himmel und ca. 14 Grad Celsius, trafen sich 18 Radfahrerinnen und Radfahrer an den Rentnerb\u00e4nken in Ober-Roden zur heutigen Radtour. Nach einer kurzen Begr\u00fc\u00dfung und Tourenbeschreibung durch den heutigen Tourenleiter Gerhard Elsesser machte sich die Gruppe auf den Weg. Hinweg:Der Weg f\u00fchrt\u2026","rel":"","context":"In &quot;Radtouren&quot;","block_context":{"text":"Radtouren","link":"https:\/\/www.quartier-waldacker.de\/?cat=126"},"img":{"alt_text":"","src":"https:\/\/i0.wp.com\/www.quartier-waldacker.de\/wp-content\/uploads\/2017\/03\/Header_Gruppe_2024_ab2024.jpg?fit=1200%2C281&ssl=1&resize=350%2C200","width":350,"height":200,"srcset":"https:\/\/i0.wp.com\/www.quartier-waldacker.de\/wp-content\/uploads\/2017\/03\/Header_Gruppe_2024_ab2024.jpg?fit=1200%2C281&ssl=1&resize=350%2C200 1x, https:\/\/i0.wp.com\/www.quartier-waldacker.de\/wp-content\/uploads\/2017\/03\/Header_Gruppe_2024_ab2024.jpg?fit=1200%2C281&ssl=1&resize=525%2C300 1.5x, https:\/\/i0.wp.com\/www.quartier-waldacker.de\/wp-content\/uploads\/2017\/03\/Header_Gruppe_2024_ab2024.jpg?fit=1200%2C281&ssl=1&resize=700%2C400 2x, https:\/\/i0.wp.com\/www.quartier-waldacker.de\/wp-content\/uploads\/2017\/03\/Header_Gruppe_2024_ab2024.jpg?fit=1200%2C281&ssl=1&resize=1050%2C600 3x"},"classes":[]},{"id":23052,"url":"https:\/\/www.quartier-waldacker.de\/?p=23052","url_meta":{"origin":26746,"position":1},"title":"Radtour zum See Freigericht-West (ca. 50 km)","author":"admin","date":"10. September 2023","format":false,"excerpt":"Am 8. September machten sich 23 Radlerinnen und Radler bei strahlendem Sonnenschein auf den Weg zum \"Wirtshaus am See\" am Freigericht-West See. Zuerst ging es nach Dudenhofen und dann auf dem Herbert-Klee-Weg nach Seligenstadt. Angekommen in der Einhardstadt Seligenstadt \u00fcberquerten die Teilnehmer den Main mit der dortigen Mainf\u00e4hre. Auf bayerischer\u2026","rel":"","context":"In &quot;Radtouren&quot;","block_context":{"text":"Radtouren","link":"https:\/\/www.quartier-waldacker.de\/?cat=126"},"img":{"alt_text":"","src":"https:\/\/i0.wp.com\/www.quartier-waldacker.de\/wp-content\/uploads\/2023\/03\/Header_Gruppe.jpg?fit=1200%2C281&ssl=1&resize=350%2C200","width":350,"height":200,"srcset":"https:\/\/i0.wp.com\/www.quartier-waldacker.de\/wp-content\/uploads\/2023\/03\/Header_Gruppe.jpg?fit=1200%2C281&ssl=1&resize=350%2C200 1x, https:\/\/i0.wp.com\/www.quartier-waldacker.de\/wp-content\/uploads\/2023\/03\/Header_Gruppe.jpg?fit=1200%2C281&ssl=1&resize=525%2C300 1.5x, https:\/\/i0.wp.com\/www.quartier-waldacker.de\/wp-content\/uploads\/2023\/03\/Header_Gruppe.jpg?fit=1200%2C281&ssl=1&resize=700%2C400 2x, https:\/\/i0.wp.com\/www.quartier-waldacker.de\/wp-content\/uploads\/2023\/03\/Header_Gruppe.jpg?fit=1200%2C281&ssl=1&resize=1050%2C600 3x"},"classes":[]},{"id":22629,"url":"https:\/\/www.quartier-waldacker.de\/?p=22629","url_meta":{"origin":26746,"position":2},"title":"Radtour \u00fcber Mainflingen nach Alzenau (65 km)Rad","author":"admin","date":"4. Juni 2023","format":false,"excerpt":"Die Radtour startete bei bestem Wetter mit blauem Himmel und Sonnenschein. Nur der kalte Wind \u00fcberraschte einige Teilnehmerinnen und Teilnehmer. 15 Radler machten sich vom 2 Treffpunkt an den Rentnerb\u00e4nken auf den Weg. Zuerst \u00fcber Dudenhofen, dann \u00fcber den Herbert Klee Weg nach Zellhausen und weiter nach Mainflingen. \u00dcber die\u2026","rel":"","context":"In &quot;Radtouren&quot;","block_context":{"text":"Radtouren","link":"https:\/\/www.quartier-waldacker.de\/?cat=126"},"img":{"alt_text":"","src":"https:\/\/i0.wp.com\/www.quartier-waldacker.de\/wp-content\/uploads\/2023\/03\/Header_Gruppe.jpg?fit=1200%2C281&ssl=1&resize=350%2C200","width":350,"height":200,"srcset":"https:\/\/i0.wp.com\/www.quartier-waldacker.de\/wp-content\/uploads\/2023\/03\/Header_Gruppe.jpg?fit=1200%2C281&ssl=1&resize=350%2C200 1x, https:\/\/i0.wp.com\/www.quartier-waldacker.de\/wp-content\/uploads\/2023\/03\/Header_Gruppe.jpg?fit=1200%2C281&ssl=1&resize=525%2C300 1.5x, https:\/\/i0.wp.com\/www.quartier-waldacker.de\/wp-content\/uploads\/2023\/03\/Header_Gruppe.jpg?fit=1200%2C281&ssl=1&resize=700%2C400 2x, https:\/\/i0.wp.com\/www.quartier-waldacker.de\/wp-content\/uploads\/2023\/03\/Header_Gruppe.jpg?fit=1200%2C281&ssl=1&resize=1050%2C600 3x"},"classes":[]},{"id":27833,"url":"https:\/\/www.quartier-waldacker.de\/?p=27833","url_meta":{"origin":26746,"position":3},"title":"Radtour am Main mit Picknick am Schultheisweiher","author":"Johannes","date":"26. April 2026","format":false,"excerpt":"24. April 2026 \u2013 Sonne, Pannen und jede Menge gute Laune Manchmal beginnt ein perfekter Radeltag genau so, wie man ihn nicht geplant hat \u2013 und genau das machte diese Tour besonders erinnerungsw\u00fcrdig. \u2600\ufe0f Start unter besten Vorzeichen Am 24. April 2026 trafen sich 22 gut gelaunte Radlerinnen und Radler\u2026","rel":"","context":"In &quot;Radtouren&quot;","block_context":{"text":"Radtouren","link":"https:\/\/www.quartier-waldacker.de\/?cat=126"},"img":{"alt_text":"","src":"https:\/\/i0.wp.com\/www.quartier-waldacker.de\/wp-content\/uploads\/2026\/03\/Header_Gruppe_2026sr.jpg?fit=1200%2C281&ssl=1&resize=350%2C200","width":350,"height":200,"srcset":"https:\/\/i0.wp.com\/www.quartier-waldacker.de\/wp-content\/uploads\/2026\/03\/Header_Gruppe_2026sr.jpg?fit=1200%2C281&ssl=1&resize=350%2C200 1x, https:\/\/i0.wp.com\/www.quartier-waldacker.de\/wp-content\/uploads\/2026\/03\/Header_Gruppe_2026sr.jpg?fit=1200%2C281&ssl=1&resize=525%2C300 1.5x, https:\/\/i0.wp.com\/www.quartier-waldacker.de\/wp-content\/uploads\/2026\/03\/Header_Gruppe_2026sr.jpg?fit=1200%2C281&ssl=1&resize=700%2C400 2x, https:\/\/i0.wp.com\/www.quartier-waldacker.de\/wp-content\/uploads\/2026\/03\/Header_Gruppe_2026sr.jpg?fit=1200%2C281&ssl=1&resize=1050%2C600 3x"},"classes":[]},{"id":23710,"url":"https:\/\/www.quartier-waldacker.de\/?p=23710","url_meta":{"origin":26746,"position":4},"title":"Radtour zu den Osterbrunnen und Tulpenbl\u00fcten(43 km)","author":"Johannes","date":"6. April 2024","format":false,"excerpt":"Die Woche nach Ostern begann mit Regen, der erst am sp\u00e4ten Donnerstagnachmittag aufh\u00f6rte. Am Freitag dann ein Lichtblick f\u00fcr 19 Radfahrerinnen und Radfahrer. Mit leichtem R\u00fcckenwind startete die Gruppe an den Rentnerb\u00e4nken in Ober-Roden Richtung Rodgau. Erste Station war der Osterbrunnen im Vorgarten der evangelischen Pfarrkirche im Stadtteil Dudenhofen. Die\u2026","rel":"","context":"In &quot;Radtouren&quot;","block_context":{"text":"Radtouren","link":"https:\/\/www.quartier-waldacker.de\/?cat=126"},"img":{"alt_text":"","src":"https:\/\/i0.wp.com\/www.quartier-waldacker.de\/wp-content\/uploads\/2024\/03\/Header_Gruppe_2024sr1.jpg?fit=1200%2C281&ssl=1&resize=350%2C200","width":350,"height":200,"srcset":"https:\/\/i0.wp.com\/www.quartier-waldacker.de\/wp-content\/uploads\/2024\/03\/Header_Gruppe_2024sr1.jpg?fit=1200%2C281&ssl=1&resize=350%2C200 1x, https:\/\/i0.wp.com\/www.quartier-waldacker.de\/wp-content\/uploads\/2024\/03\/Header_Gruppe_2024sr1.jpg?fit=1200%2C281&ssl=1&resize=525%2C300 1.5x, https:\/\/i0.wp.com\/www.quartier-waldacker.de\/wp-content\/uploads\/2024\/03\/Header_Gruppe_2024sr1.jpg?fit=1200%2C281&ssl=1&resize=700%2C400 2x, https:\/\/i0.wp.com\/www.quartier-waldacker.de\/wp-content\/uploads\/2024\/03\/Header_Gruppe_2024sr1.jpg?fit=1200%2C281&ssl=1&resize=1050%2C600 3x"},"classes":[]},{"id":25968,"url":"https:\/\/www.quartier-waldacker.de\/?p=25968","url_meta":{"origin":26746,"position":5},"title":"Saisonausklang bei den Quartierradlern-Waldacker","author":"Johannes","date":"16. November 2024","format":false,"excerpt":"StartBei etwas nebligem Wetter und Temperaturen um die 10 Grad Celsius trafen sich am 15. November 20 Radlerinnen und Radler am 50. Breitengrad bei Waldacker zur letzten Radtour der Saison 2024. Gerhard Elsesser, der die heutige Tour geplant und organisiert hatte, erkl\u00e4rte kurz den Verlauf der Tour und schon ging\u2026","rel":"","context":"In &quot;Radtouren&quot;","block_context":{"text":"Radtouren","link":"https:\/\/www.quartier-waldacker.de\/?cat=126"},"img":{"alt_text":"","src":"https:\/\/i0.wp.com\/www.quartier-waldacker.de\/wp-content\/uploads\/2017\/03\/Header_Gruppe_2024_ab2024.jpg?fit=1200%2C281&ssl=1&resize=350%2C200","width":350,"height":200,"srcset":"https:\/\/i0.wp.com\/www.quartier-waldacker.de\/wp-content\/uploads\/2017\/03\/Header_Gruppe_2024_ab2024.jpg?fit=1200%2C281&ssl=1&resize=350%2C200 1x, https:\/\/i0.wp.com\/www.quartier-waldacker.de\/wp-content\/uploads\/2017\/03\/Header_Gruppe_2024_ab2024.jpg?fit=1200%2C281&ssl=1&resize=525%2C300 1.5x, https:\/\/i0.wp.com\/www.quartier-waldacker.de\/wp-content\/uploads\/2017\/03\/Header_Gruppe_2024_ab2024.jpg?fit=1200%2C281&ssl=1&resize=700%2C400 2x, https:\/\/i0.wp.com\/www.quartier-waldacker.de\/wp-content\/uploads\/2017\/03\/Header_Gruppe_2024_ab2024.jpg?fit=1200%2C281&ssl=1&resize=1050%2C600 3x"},"classes":[]}],"jetpack_sharing_enabled":true,"rttpg_featured_image_url":{"full":["https:\/\/i0.wp.com\/www.quartier-waldacker.de\/wp-content\/uploads\/2025\/03\/Header_Gruppe_2025sr.jpg?fit=1280%2C300&ssl=1",1280,300,false],"landscape":["https:\/\/www.quartier-waldacker.de\/wp-content\/uploads\/2025\/03\/Header_Gruppe_2025sr.jpg",1280,300,false],"portraits":["https:\/\/www.quartier-waldacker.de\/wp-content\/uploads\/2025\/03\/Header_Gruppe_2025sr.jpg",1280,300,false],"thumbnail":["https:\/\/i0.wp.com\/www.quartier-waldacker.de\/wp-content\/uploads\/2025\/03\/Header_Gruppe_2025sr.jpg?resize=150%2C150&ssl=1",150,150,true],"medium":["https:\/\/i0.wp.com\/www.quartier-waldacker.de\/wp-content\/uploads\/2025\/03\/Header_Gruppe_2025sr.jpg?fit=300%2C70&ssl=1",300,70,true],"large":["https:\/\/i0.wp.com\/www.quartier-waldacker.de\/wp-content\/uploads\/2025\/03\/Header_Gruppe_2025sr.jpg?fit=1024%2C240&ssl=1",1024,240,true],"1536x1536":["https:\/\/i0.wp.com\/www.quartier-waldacker.de\/wp-content\/uploads\/2025\/03\/Header_Gruppe_2025sr.jpg?fit=1280%2C300&ssl=1",1280,300,true],"2048x2048":["https:\/\/i0.wp.com\/www.quartier-waldacker.de\/wp-content\/uploads\/2025\/03\/Header_Gruppe_2025sr.jpg?fit=1280%2C300&ssl=1",1280,300,true]},"rttpg_author":{"display_name":"Johannes","author_link":"https:\/\/www.quartier-waldacker.de\/?author=5"},"rttpg_comment":1,"rttpg_category":"<a href=\"https:\/\/www.quartier-waldacker.de\/?cat=126\" rel=\"category\">Radtouren<\/a>","rttpg_excerpt":"Start: Der Himmel war bew\u00f6lkt zum Start um 11.00 Uhr am 50. Breitengrad in Waldacker, die Wetterpropheten in Offenbach hatten f\u00fcr den Nachmittag Besserung angek\u00fcndigt. \u00dcberraschenderweise waren 26 Teilnehmerinnen und Teilnehmer zur Radtour nach Seligenstadt erschienen. Nach einer kurzen Erl\u00e4uterung des Streckenverlaufs durch Tourenleiter Gerhard Elsesser setzte sich die Gruppe in Bewegung.Hinweg: Gerhard Elsesser f\u00fchrte&hellip;","_links":{"self":[{"href":"https:\/\/www.quartier-waldacker.de\/index.php?rest_route=\/wp\/v2\/posts\/26746","targetHints":{"allow":["GET"]}}],"collection":[{"href":"https:\/\/www.quartier-waldacker.de\/index.php?rest_route=\/wp\/v2\/posts"}],"about":[{"href":"https:\/\/www.quartier-waldacker.de\/index.php?rest_route=\/wp\/v2\/types\/post"}],"author":[{"embeddable":true,"href":"https:\/\/www.quartier-waldacker.de\/index.php?rest_route=\/wp\/v2\/users\/5"}],"replies":[{"embeddable":true,"href":"https:\/\/www.quartier-waldacker.de\/index.php?rest_route=%2Fwp%2Fv2%2Fcomments&post=26746"}],"version-history":[{"count":10,"href":"https:\/\/www.quartier-waldacker.de\/index.php?rest_route=\/wp\/v2\/posts\/26746\/revisions"}],"predecessor-version":[{"id":26775,"href":"https:\/\/www.quartier-waldacker.de\/index.php?rest_route=\/wp\/v2\/posts\/26746\/revisions\/26775"}],"wp:featuredmedia":[{"embeddable":true,"href":"https:\/\/www.quartier-waldacker.de\/index.php?rest_route=\/wp\/v2\/media\/26563"}],"wp:attachment":[{"href":"https:\/\/www.quartier-waldacker.de\/index.php?rest_route=%2Fwp%2Fv2%2Fmedia&parent=26746"}],"wp:term":[{"taxonomy":"category","embeddable":true,"href":"https:\/\/www.quartier-waldacker.de\/index.php?rest_route=%2Fwp%2Fv2%2Fcategories&post=26746"},{"taxonomy":"post_tag","embeddable":true,"href":"https:\/\/www.quartier-waldacker.de\/index.php?rest_route=%2Fwp%2Fv2%2Ftags&post=26746"}],"curies":[{"name":"wp","href":"https:\/\/api.w.org\/{rel}","templated":true}]}}