{"id":24648,"date":"2024-06-23T16:25:08","date_gmt":"2024-06-23T14:25:08","guid":{"rendered":"https:\/\/www.quartier-waldacker.de\/?p=24648"},"modified":"2024-08-25T11:40:29","modified_gmt":"2024-08-25T09:40:29","slug":"radtour-zu-den-hundertmorgen-stuebchen-bei-reinheim","status":"publish","type":"post","link":"https:\/\/www.quartier-waldacker.de\/?p=24648","title":{"rendered":"Radtour zu den Hundertmorgen St\u00fcbchen bei Reinheim (74 km)"},"content":{"rendered":"\n<p class=\"has-medium-font-size\">Aktion Stadtradeln R\u00f6dermark &#8211; &#8220;Kilometer sammeln f\u00fcr R\u00f6dermark&#8221; aus diesem Anlass wurde von Gerhard Elsesser am Samstag, den 22. Juni zu einer Extraradtour aufgerufen. Die Wettervorhersage war nicht so rosig, aber die Radfahrenden sind das gewohnt. Der Tourenleiter an diesem Tag war Fokko Vogelsang. Um 11.00 Uhr trafen sich 15 Unentwegte am Bahnhof Urberach und machten sich auf den Weg. Zuerst wurde \u00fcber die Thomash\u00fctte die Muna angesteuert. Der viel begangene Naturerlebnispfad mit sehr raren Beobachtungen. Hurra, heute hatten wir Gl\u00fcck, 3 Wisente auf der Weide in gro\u00dfer Entfernung. Nach diesen kurzen Abstechern f\u00fchrte der Weg weiter \u00fcber das Spie\u00dffeld bei Dieburg, durch Gro\u00df-Zimmern, entlang der Reinheimer Teiche bis an den Ortsrand von Reinheim.\u00a0 Nach \u00dcberquerung der B26 wird der Reinheimer Stadtteil Ueberau erreicht. Nun geht es ca. 4,5 km bergauf mit herrlichem Panoramablick auf Odenwald, Spessart bis zum Hundertmorgen St\u00fcbchen. Hier gab es ein echtes hessisches Vesper und wer wollte, konnte sich mit leckerem Kuchen und Kaffee zus\u00e4tzlich verw\u00f6hnen lassen. Eine ausgelassene Stimmung machte sich unter den 15 Radlerinnen und Radler breit, sodass es etwas schwer fiel, zu gehen. Belohnt wurden die Radlerinnen und Radler f\u00fcr den m\u00fchsamen Aufstieg mit einer rasanten 1,8 km langen Abfahrt nach Ober-Klingen. Weiter ging es nach Nieder-Klingen am Alten Bach entlang, vorbei an der Heydenm\u00fchle und der leider bauf\u00e4lligen Kulisse der Fernsehserie \u201eDie Drombuschs\u201c. Vorbei an Lengfeld nach Habitzheim, \u00fcber Send nach Klein-Zimmern, dann nach Gro\u00df-Zimmern, weiter nach Dieburg nach M\u00fcnster und \u00fcber die Thomash\u00fctte zur\u00fcck zum Ausgangspunkt. In Urberach hielt die Gruppe kurz an, dankte dem Tourenf\u00fchrer Fokko Vogelsang f\u00fcr die sch\u00f6ne Radtour durch das Reinheimer H\u00fcgelland und trat die Heimreise an. Und nicht zuletzt hoffen wir nat\u00fcrlich, dass unsere zus\u00e4tzliche Radtour, die uns viele Freunde gemacht hat, zu unserem positiven Ergebnis beitr\u00e4gt.<\/p>\n\n\n\n<div class=\"wp-block-jetpack-slideshow aligncenter\" data-effect=\"slide\"><div class=\"wp-block-jetpack-slideshow_container swiper-container\"><ul class=\"wp-block-jetpack-slideshow_swiper-wrapper swiper-wrapper\"><li class=\"wp-block-jetpack-slideshow_slide swiper-slide\"><figure><img data-recalc-dims=\"1\" loading=\"lazy\" decoding=\"async\" width=\"1200\" height=\"900\" alt=\"\" class=\"wp-block-jetpack-slideshow_image wp-image-24664\" data-id=\"24664\" src=\"https:\/\/i0.wp.com\/www.quartier-waldacker.de\/wp-content\/uploads\/2024\/06\/Treffpunkt1.jpg?resize=1200%2C900&#038;ssl=1\" srcset=\"https:\/\/i0.wp.com\/www.quartier-waldacker.de\/wp-content\/uploads\/2024\/06\/Treffpunkt1.jpg?w=1280&amp;ssl=1 1280w, https:\/\/i0.wp.com\/www.quartier-waldacker.de\/wp-content\/uploads\/2024\/06\/Treffpunkt1.jpg?resize=300%2C225&amp;ssl=1 300w, https:\/\/i0.wp.com\/www.quartier-waldacker.de\/wp-content\/uploads\/2024\/06\/Treffpunkt1.jpg?resize=1024%2C768&amp;ssl=1 1024w, https:\/\/i0.wp.com\/www.quartier-waldacker.de\/wp-content\/uploads\/2024\/06\/Treffpunkt1.jpg?resize=768%2C576&amp;ssl=1 768w\" sizes=\"(max-width: 1200px) 100vw, 1200px\" \/><figcaption class=\"wp-block-jetpack-slideshow_caption gallery-caption\">Treffpunkt Bahnhof Urberach<\/figcaption><\/figure><\/li><li class=\"wp-block-jetpack-slideshow_slide swiper-slide\"><figure><img data-recalc-dims=\"1\" loading=\"lazy\" decoding=\"async\" width=\"960\" height=\"1280\" alt=\"\" class=\"wp-block-jetpack-slideshow_image wp-image-24662\" data-id=\"24662\" src=\"https:\/\/i0.wp.com\/www.quartier-waldacker.de\/wp-content\/uploads\/2024\/06\/Wisente.jpg?resize=960%2C1280&#038;ssl=1\" srcset=\"https:\/\/i0.wp.com\/www.quartier-waldacker.de\/wp-content\/uploads\/2024\/06\/Wisente.jpg?w=960&amp;ssl=1 960w, https:\/\/i0.wp.com\/www.quartier-waldacker.de\/wp-content\/uploads\/2024\/06\/Wisente.jpg?resize=225%2C300&amp;ssl=1 225w, https:\/\/i0.wp.com\/www.quartier-waldacker.de\/wp-content\/uploads\/2024\/06\/Wisente.jpg?resize=768%2C1024&amp;ssl=1 768w\" sizes=\"(max-width: 960px) 100vw, 960px\" \/><figcaption class=\"wp-block-jetpack-slideshow_caption gallery-caption\">Wisente<\/figcaption><\/figure><\/li><li class=\"wp-block-jetpack-slideshow_slide swiper-slide\"><figure><img data-recalc-dims=\"1\" loading=\"lazy\" decoding=\"async\" width=\"1200\" height=\"900\" alt=\"\" class=\"wp-block-jetpack-slideshow_image wp-image-24661\" data-id=\"24661\" src=\"https:\/\/i0.wp.com\/www.quartier-waldacker.de\/wp-content\/uploads\/2024\/06\/Tourenfuehrer.jpg?resize=1200%2C900&#038;ssl=1\" srcset=\"https:\/\/i0.wp.com\/www.quartier-waldacker.de\/wp-content\/uploads\/2024\/06\/Tourenfuehrer.jpg?w=1280&amp;ssl=1 1280w, https:\/\/i0.wp.com\/www.quartier-waldacker.de\/wp-content\/uploads\/2024\/06\/Tourenfuehrer.jpg?resize=300%2C225&amp;ssl=1 300w, https:\/\/i0.wp.com\/www.quartier-waldacker.de\/wp-content\/uploads\/2024\/06\/Tourenfuehrer.jpg?resize=1024%2C768&amp;ssl=1 1024w, https:\/\/i0.wp.com\/www.quartier-waldacker.de\/wp-content\/uploads\/2024\/06\/Tourenfuehrer.jpg?resize=768%2C576&amp;ssl=1 768w\" sizes=\"(max-width: 1200px) 100vw, 1200px\" \/><figcaption class=\"wp-block-jetpack-slideshow_caption gallery-caption\">Unsere Tourenleiter<\/figcaption><\/figure><\/li><li class=\"wp-block-jetpack-slideshow_slide swiper-slide\"><figure><img data-recalc-dims=\"1\" loading=\"lazy\" decoding=\"async\" width=\"1200\" height=\"900\" alt=\"\" class=\"wp-block-jetpack-slideshow_image wp-image-24658\" data-id=\"24658\" src=\"https:\/\/i0.wp.com\/www.quartier-waldacker.de\/wp-content\/uploads\/2024\/06\/Mohnfeld.jpg?resize=1200%2C900&#038;ssl=1\" srcset=\"https:\/\/i0.wp.com\/www.quartier-waldacker.de\/wp-content\/uploads\/2024\/06\/Mohnfeld.jpg?w=1280&amp;ssl=1 1280w, https:\/\/i0.wp.com\/www.quartier-waldacker.de\/wp-content\/uploads\/2024\/06\/Mohnfeld.jpg?resize=300%2C225&amp;ssl=1 300w, https:\/\/i0.wp.com\/www.quartier-waldacker.de\/wp-content\/uploads\/2024\/06\/Mohnfeld.jpg?resize=1024%2C768&amp;ssl=1 1024w, https:\/\/i0.wp.com\/www.quartier-waldacker.de\/wp-content\/uploads\/2024\/06\/Mohnfeld.jpg?resize=768%2C576&amp;ssl=1 768w\" sizes=\"(max-width: 1200px) 100vw, 1200px\" \/><figcaption class=\"wp-block-jetpack-slideshow_caption gallery-caption\">Mohnfeld mit Spessart im Hindergrund <\/figcaption><\/figure><\/li><li class=\"wp-block-jetpack-slideshow_slide swiper-slide\"><figure><img data-recalc-dims=\"1\" loading=\"lazy\" decoding=\"async\" width=\"1200\" height=\"900\" alt=\"\" class=\"wp-block-jetpack-slideshow_image wp-image-24659\" data-id=\"24659\" src=\"https:\/\/i0.wp.com\/www.quartier-waldacker.de\/wp-content\/uploads\/2024\/06\/Otzberg.jpg?resize=1200%2C900&#038;ssl=1\" srcset=\"https:\/\/i0.wp.com\/www.quartier-waldacker.de\/wp-content\/uploads\/2024\/06\/Otzberg.jpg?w=1280&amp;ssl=1 1280w, https:\/\/i0.wp.com\/www.quartier-waldacker.de\/wp-content\/uploads\/2024\/06\/Otzberg.jpg?resize=300%2C225&amp;ssl=1 300w, https:\/\/i0.wp.com\/www.quartier-waldacker.de\/wp-content\/uploads\/2024\/06\/Otzberg.jpg?resize=1024%2C768&amp;ssl=1 1024w, https:\/\/i0.wp.com\/www.quartier-waldacker.de\/wp-content\/uploads\/2024\/06\/Otzberg.jpg?resize=768%2C576&amp;ssl=1 768w\" sizes=\"(max-width: 1200px) 100vw, 1200px\" \/><figcaption class=\"wp-block-jetpack-slideshow_caption gallery-caption\">Otzberg<\/figcaption><\/figure><\/li><li class=\"wp-block-jetpack-slideshow_slide swiper-slide\"><figure><img data-recalc-dims=\"1\" loading=\"lazy\" decoding=\"async\" width=\"1200\" height=\"900\" alt=\"\" class=\"wp-block-jetpack-slideshow_image wp-image-24660\" data-id=\"24660\" src=\"https:\/\/i0.wp.com\/www.quartier-waldacker.de\/wp-content\/uploads\/2024\/06\/Panorama.jpg?resize=1200%2C900&#038;ssl=1\" srcset=\"https:\/\/i0.wp.com\/www.quartier-waldacker.de\/wp-content\/uploads\/2024\/06\/Panorama.jpg?w=1280&amp;ssl=1 1280w, https:\/\/i0.wp.com\/www.quartier-waldacker.de\/wp-content\/uploads\/2024\/06\/Panorama.jpg?resize=300%2C225&amp;ssl=1 300w, https:\/\/i0.wp.com\/www.quartier-waldacker.de\/wp-content\/uploads\/2024\/06\/Panorama.jpg?resize=1024%2C768&amp;ssl=1 1024w, https:\/\/i0.wp.com\/www.quartier-waldacker.de\/wp-content\/uploads\/2024\/06\/Panorama.jpg?resize=768%2C576&amp;ssl=1 768w\" sizes=\"(max-width: 1200px) 100vw, 1200px\" \/><figcaption class=\"wp-block-jetpack-slideshow_caption gallery-caption\">Odenwald<\/figcaption><\/figure><\/li><li class=\"wp-block-jetpack-slideshow_slide swiper-slide\"><figure><img data-recalc-dims=\"1\" loading=\"lazy\" decoding=\"async\" width=\"1200\" height=\"675\" alt=\"\" class=\"wp-block-jetpack-slideshow_image wp-image-24650\" data-id=\"24650\" src=\"https:\/\/i0.wp.com\/www.quartier-waldacker.de\/wp-content\/uploads\/2024\/06\/Aufstieg.jpg?resize=1200%2C675&#038;ssl=1\" srcset=\"https:\/\/i0.wp.com\/www.quartier-waldacker.de\/wp-content\/uploads\/2024\/06\/Aufstieg.jpg?w=1280&amp;ssl=1 1280w, https:\/\/i0.wp.com\/www.quartier-waldacker.de\/wp-content\/uploads\/2024\/06\/Aufstieg.jpg?resize=300%2C169&amp;ssl=1 300w, https:\/\/i0.wp.com\/www.quartier-waldacker.de\/wp-content\/uploads\/2024\/06\/Aufstieg.jpg?resize=1024%2C576&amp;ssl=1 1024w, https:\/\/i0.wp.com\/www.quartier-waldacker.de\/wp-content\/uploads\/2024\/06\/Aufstieg.jpg?resize=768%2C432&amp;ssl=1 768w\" sizes=\"(max-width: 1200px) 100vw, 1200px\" \/><figcaption class=\"wp-block-jetpack-slideshow_caption gallery-caption\">Anstieg <\/figcaption><\/figure><\/li><li class=\"wp-block-jetpack-slideshow_slide swiper-slide\"><figure><img data-recalc-dims=\"1\" loading=\"lazy\" decoding=\"async\" width=\"1200\" height=\"900\" alt=\"\" class=\"wp-block-jetpack-slideshow_image wp-image-24651\" data-id=\"24651\" src=\"https:\/\/i0.wp.com\/www.quartier-waldacker.de\/wp-content\/uploads\/2024\/06\/DerAnstieg.jpg?resize=1200%2C900&#038;ssl=1\" srcset=\"https:\/\/i0.wp.com\/www.quartier-waldacker.de\/wp-content\/uploads\/2024\/06\/DerAnstieg.jpg?w=1280&amp;ssl=1 1280w, https:\/\/i0.wp.com\/www.quartier-waldacker.de\/wp-content\/uploads\/2024\/06\/DerAnstieg.jpg?resize=300%2C225&amp;ssl=1 300w, https:\/\/i0.wp.com\/www.quartier-waldacker.de\/wp-content\/uploads\/2024\/06\/DerAnstieg.jpg?resize=1024%2C768&amp;ssl=1 1024w, https:\/\/i0.wp.com\/www.quartier-waldacker.de\/wp-content\/uploads\/2024\/06\/DerAnstieg.jpg?resize=768%2C576&amp;ssl=1 768w\" sizes=\"(max-width: 1200px) 100vw, 1200px\" \/><figcaption class=\"wp-block-jetpack-slideshow_caption gallery-caption\">Anstieg<\/figcaption><\/figure><\/li><li class=\"wp-block-jetpack-slideshow_slide swiper-slide\"><figure><img data-recalc-dims=\"1\" loading=\"lazy\" decoding=\"async\" width=\"1200\" height=\"675\" alt=\"\" class=\"wp-block-jetpack-slideshow_image wp-image-24653\" data-id=\"24653\" src=\"https:\/\/i0.wp.com\/www.quartier-waldacker.de\/wp-content\/uploads\/2024\/06\/Hundertmorgen-Stuebchen.jpg?resize=1200%2C675&#038;ssl=1\" srcset=\"https:\/\/i0.wp.com\/www.quartier-waldacker.de\/wp-content\/uploads\/2024\/06\/Hundertmorgen-Stuebchen.jpg?w=1280&amp;ssl=1 1280w, https:\/\/i0.wp.com\/www.quartier-waldacker.de\/wp-content\/uploads\/2024\/06\/Hundertmorgen-Stuebchen.jpg?resize=300%2C169&amp;ssl=1 300w, https:\/\/i0.wp.com\/www.quartier-waldacker.de\/wp-content\/uploads\/2024\/06\/Hundertmorgen-Stuebchen.jpg?resize=1024%2C576&amp;ssl=1 1024w, https:\/\/i0.wp.com\/www.quartier-waldacker.de\/wp-content\/uploads\/2024\/06\/Hundertmorgen-Stuebchen.jpg?resize=768%2C432&amp;ssl=1 768w\" sizes=\"(max-width: 1200px) 100vw, 1200px\" \/><figcaption class=\"wp-block-jetpack-slideshow_caption gallery-caption\">Hundertmorgen-St\u00fcbchen<\/figcaption><\/figure><\/li><li class=\"wp-block-jetpack-slideshow_slide swiper-slide\"><figure><img data-recalc-dims=\"1\" loading=\"lazy\" decoding=\"async\" width=\"1200\" height=\"740\" alt=\"\" class=\"wp-block-jetpack-slideshow_image wp-image-24654\" data-id=\"24654\" src=\"https:\/\/i0.wp.com\/www.quartier-waldacker.de\/wp-content\/uploads\/2024\/06\/Hundertmorgen-Stuebchen1.jpg?resize=1200%2C740&#038;ssl=1\" srcset=\"https:\/\/i0.wp.com\/www.quartier-waldacker.de\/wp-content\/uploads\/2024\/06\/Hundertmorgen-Stuebchen1.jpg?w=1280&amp;ssl=1 1280w, https:\/\/i0.wp.com\/www.quartier-waldacker.de\/wp-content\/uploads\/2024\/06\/Hundertmorgen-Stuebchen1.jpg?resize=300%2C185&amp;ssl=1 300w, https:\/\/i0.wp.com\/www.quartier-waldacker.de\/wp-content\/uploads\/2024\/06\/Hundertmorgen-Stuebchen1.jpg?resize=1024%2C631&amp;ssl=1 1024w, https:\/\/i0.wp.com\/www.quartier-waldacker.de\/wp-content\/uploads\/2024\/06\/Hundertmorgen-Stuebchen1.jpg?resize=768%2C473&amp;ssl=1 768w\" sizes=\"(max-width: 1200px) 100vw, 1200px\" \/><figcaption class=\"wp-block-jetpack-slideshow_caption gallery-caption\">Natur<\/figcaption><\/figure><\/li><li class=\"wp-block-jetpack-slideshow_slide swiper-slide\"><figure><img data-recalc-dims=\"1\" loading=\"lazy\" decoding=\"async\" width=\"1200\" height=\"697\" alt=\"\" class=\"wp-block-jetpack-slideshow_image wp-image-24652\" data-id=\"24652\" src=\"https:\/\/i0.wp.com\/www.quartier-waldacker.de\/wp-content\/uploads\/2024\/06\/Fahrrad-und-Pferde.jpg?resize=1200%2C697&#038;ssl=1\" srcset=\"https:\/\/i0.wp.com\/www.quartier-waldacker.de\/wp-content\/uploads\/2024\/06\/Fahrrad-und-Pferde.jpg?w=1280&amp;ssl=1 1280w, https:\/\/i0.wp.com\/www.quartier-waldacker.de\/wp-content\/uploads\/2024\/06\/Fahrrad-und-Pferde.jpg?resize=300%2C174&amp;ssl=1 300w, https:\/\/i0.wp.com\/www.quartier-waldacker.de\/wp-content\/uploads\/2024\/06\/Fahrrad-und-Pferde.jpg?resize=1024%2C594&amp;ssl=1 1024w, https:\/\/i0.wp.com\/www.quartier-waldacker.de\/wp-content\/uploads\/2024\/06\/Fahrrad-und-Pferde.jpg?resize=768%2C446&amp;ssl=1 768w\" sizes=\"(max-width: 1200px) 100vw, 1200px\" \/><figcaption class=\"wp-block-jetpack-slideshow_caption gallery-caption\">Natur und das Moderne<\/figcaption><\/figure><\/li><li class=\"wp-block-jetpack-slideshow_slide swiper-slide\"><figure><img data-recalc-dims=\"1\" loading=\"lazy\" decoding=\"async\" width=\"1200\" height=\"675\" alt=\"\" class=\"wp-block-jetpack-slideshow_image wp-image-24655\" data-id=\"24655\" src=\"https:\/\/i0.wp.com\/www.quartier-waldacker.de\/wp-content\/uploads\/2024\/06\/Hundertmorgen-Stuebchen-2.jpg?resize=1200%2C675&#038;ssl=1\" srcset=\"https:\/\/i0.wp.com\/www.quartier-waldacker.de\/wp-content\/uploads\/2024\/06\/Hundertmorgen-Stuebchen-2.jpg?w=1280&amp;ssl=1 1280w, https:\/\/i0.wp.com\/www.quartier-waldacker.de\/wp-content\/uploads\/2024\/06\/Hundertmorgen-Stuebchen-2.jpg?resize=300%2C169&amp;ssl=1 300w, https:\/\/i0.wp.com\/www.quartier-waldacker.de\/wp-content\/uploads\/2024\/06\/Hundertmorgen-Stuebchen-2.jpg?resize=1024%2C576&amp;ssl=1 1024w, https:\/\/i0.wp.com\/www.quartier-waldacker.de\/wp-content\/uploads\/2024\/06\/Hundertmorgen-Stuebchen-2.jpg?resize=768%2C432&amp;ssl=1 768w\" sizes=\"(max-width: 1200px) 100vw, 1200px\" \/><figcaption class=\"wp-block-jetpack-slideshow_caption gallery-caption\">BeiGaumenfreuden mit Spezialit\u00e4ten aus Hessenm Hess. Vespern<\/figcaption><\/figure><\/li><li class=\"wp-block-jetpack-slideshow_slide swiper-slide\"><figure><img data-recalc-dims=\"1\" loading=\"lazy\" decoding=\"async\" width=\"1200\" height=\"900\" alt=\"\" class=\"wp-block-jetpack-slideshow_image wp-image-24656\" data-id=\"24656\" src=\"https:\/\/i0.wp.com\/www.quartier-waldacker.de\/wp-content\/uploads\/2024\/06\/Hundertmorgen-Stuebchen-3.jpg?resize=1200%2C900&#038;ssl=1\" srcset=\"https:\/\/i0.wp.com\/www.quartier-waldacker.de\/wp-content\/uploads\/2024\/06\/Hundertmorgen-Stuebchen-3.jpg?w=1280&amp;ssl=1 1280w, https:\/\/i0.wp.com\/www.quartier-waldacker.de\/wp-content\/uploads\/2024\/06\/Hundertmorgen-Stuebchen-3.jpg?resize=300%2C225&amp;ssl=1 300w, https:\/\/i0.wp.com\/www.quartier-waldacker.de\/wp-content\/uploads\/2024\/06\/Hundertmorgen-Stuebchen-3.jpg?resize=1024%2C768&amp;ssl=1 1024w, https:\/\/i0.wp.com\/www.quartier-waldacker.de\/wp-content\/uploads\/2024\/06\/Hundertmorgen-Stuebchen-3.jpg?resize=768%2C576&amp;ssl=1 768w\" sizes=\"(max-width: 1200px) 100vw, 1200px\" \/><figcaption class=\"wp-block-jetpack-slideshow_caption gallery-caption\">Gaumenfreuden mit Spezialit\u00e4ten aus Hessen<\/figcaption><\/figure><\/li><li class=\"wp-block-jetpack-slideshow_slide swiper-slide\"><figure><img data-recalc-dims=\"1\" loading=\"lazy\" decoding=\"async\" width=\"1200\" height=\"900\" alt=\"\" class=\"wp-block-jetpack-slideshow_image wp-image-24657\" data-id=\"24657\" src=\"https:\/\/i0.wp.com\/www.quartier-waldacker.de\/wp-content\/uploads\/2024\/06\/KaffeeundKuchen.jpg?resize=1200%2C900&#038;ssl=1\" srcset=\"https:\/\/i0.wp.com\/www.quartier-waldacker.de\/wp-content\/uploads\/2024\/06\/KaffeeundKuchen.jpg?w=1280&amp;ssl=1 1280w, https:\/\/i0.wp.com\/www.quartier-waldacker.de\/wp-content\/uploads\/2024\/06\/KaffeeundKuchen.jpg?resize=300%2C225&amp;ssl=1 300w, https:\/\/i0.wp.com\/www.quartier-waldacker.de\/wp-content\/uploads\/2024\/06\/KaffeeundKuchen.jpg?resize=1024%2C768&amp;ssl=1 1024w, https:\/\/i0.wp.com\/www.quartier-waldacker.de\/wp-content\/uploads\/2024\/06\/KaffeeundKuchen.jpg?resize=768%2C576&amp;ssl=1 768w\" sizes=\"(max-width: 1200px) 100vw, 1200px\" \/><figcaption class=\"wp-block-jetpack-slideshow_caption gallery-caption\">Gaumenfreuden f\u00fcr Genie\u00dfer<\/figcaption><\/figure><\/li><\/ul><a class=\"wp-block-jetpack-slideshow_button-prev swiper-button-prev swiper-button-white\" role=\"button\"><\/a><a class=\"wp-block-jetpack-slideshow_button-next swiper-button-next swiper-button-white\" role=\"button\"><\/a><a aria-label=\"Pause Slideshow\" class=\"wp-block-jetpack-slideshow_button-pause\" role=\"button\"><\/a><div class=\"wp-block-jetpack-slideshow_pagination swiper-pagination swiper-pagination-white\"><\/div><\/div><\/div>\n\n\n\n<p>Bilder: Marina, Reinhold u. Johannes<\/p>\n\n\n<div class=\"gb-container gb-container-8265dd4b\">\n\n\t\t<div id=\"maps-marker-pro-32474541\" class=\"maps-marker-pro mmp-list-below\" style=\"width: 640px;\">\n\t\t\t<div id=\"mmp-map-wrap-32474541\" class=\"mmp-map-wrap\">\n\t\t\t\t\t\t\t\t\t<div id=\"mmp-panel-32474541\" class=\"mmp-panel\"><\/div>\n\t\t\t\t\t\t\t\t<div id=\"mmp-map-32474541\" class=\"mmp-map\" style=\"height: 480px;\"><\/div>\n\t\t\t\t\t\t\t\t\t<div id=\"mmp-chart-wrap-32474541\" class=\"mmp-gpx-chart-wrap\" style=\"height: 200px;\"><\/div>\n\t\t\t\t\t\t\t<\/div>\n\t\t\t\t\t\t\t<div id=\"mmp-list-32474541\" class=\"mmp-list\" style=\"flex-basis: 400px;\"><\/div>\n\t\t\t\t\t<\/div>\n\t\t\n\n<\/div>","protected":false},"excerpt":{"rendered":"<p>Aktion Stadtradeln R\u00f6dermark &#8211; &#8220;Kilometer sammeln f\u00fcr R\u00f6dermark&#8221; aus diesem Anlass wurde von Gerhard Elsesser am Samstag, den 22. Juni zu einer Extraradtour aufgerufen. Die Wettervorhersage war nicht so rosig, aber die Radfahrenden sind das gewohnt. Der Tourenleiter an diesem Tag war Fokko Vogelsang. Um 11.00 Uhr trafen sich 15 Unentwegte am Bahnhof Urberach und &#8230; <a title=\"Radtour zu den Hundertmorgen St\u00fcbchen bei Reinheim (74 km)\" class=\"read-more\" href=\"https:\/\/www.quartier-waldacker.de\/?p=24648\" aria-label=\"Mehr Informationen \u00fcber Radtour zu den Hundertmorgen St\u00fcbchen bei Reinheim (74 km)\">Weiterlesen<\/a><\/p>\n","protected":false},"author":5,"featured_media":23902,"comment_status":"open","ping_status":"closed","sticky":false,"template":"","format":"standard","meta":{"generate_page_header":"","_jetpack_memberships_contains_paid_content":false,"footnotes":""},"categories":[126],"tags":[197,203,317],"class_list":["post-24648","post","type-post","status-publish","format-standard","has-post-thumbnail","hentry","category-radtouren","tag-radfahren","tag-radtouren","tag-roedermark"],"jetpack_featured_media_url":"https:\/\/i0.wp.com\/www.quartier-waldacker.de\/wp-content\/uploads\/2017\/03\/Header_Gruppe_2024_ab2024.jpg?fit=1280%2C300&ssl=1","jetpack-related-posts":[{"id":27773,"url":"https:\/\/www.quartier-waldacker.de\/?p=27773","url_meta":{"origin":24648,"position":0},"title":"Radtour nach Gro\u00df\u2011Zimmern und zum Reinheimer Teich (51 km)","author":"Johannes","date":"12. April 2026","format":false,"excerpt":"\ud83c\udf24\ufe0f\u00a0Perfektes Radelwetter am 10. April 2026 Bei gem\u00fctlichen 14 Grad und einer wolkigen Decke \u00fcber dem Hessenland startete die Gruppe p\u00fcnktlich um 11 Uhr am Bahnhof Urberach. Eine fr\u00f6hliche Truppe von 20 motivierten Radlerinnen und Radlern versammelte sich unter der erfahrenen F\u00fchrung von Gerhard Elsesser und dem allseits beliebten Schlu\u00dfmann\u2026","rel":"","context":"In &quot;Radtouren&quot;","block_context":{"text":"Radtouren","link":"https:\/\/www.quartier-waldacker.de\/?cat=126"},"img":{"alt_text":"","src":"https:\/\/i0.wp.com\/www.quartier-waldacker.de\/wp-content\/uploads\/2026\/03\/Header_Gruppe_2026sr.jpg?fit=1200%2C281&ssl=1&resize=350%2C200","width":350,"height":200,"srcset":"https:\/\/i0.wp.com\/www.quartier-waldacker.de\/wp-content\/uploads\/2026\/03\/Header_Gruppe_2026sr.jpg?fit=1200%2C281&ssl=1&resize=350%2C200 1x, https:\/\/i0.wp.com\/www.quartier-waldacker.de\/wp-content\/uploads\/2026\/03\/Header_Gruppe_2026sr.jpg?fit=1200%2C281&ssl=1&resize=525%2C300 1.5x, https:\/\/i0.wp.com\/www.quartier-waldacker.de\/wp-content\/uploads\/2026\/03\/Header_Gruppe_2026sr.jpg?fit=1200%2C281&ssl=1&resize=700%2C400 2x, https:\/\/i0.wp.com\/www.quartier-waldacker.de\/wp-content\/uploads\/2026\/03\/Header_Gruppe_2026sr.jpg?fit=1200%2C281&ssl=1&resize=1050%2C600 3x"},"classes":[]},{"id":26904,"url":"https:\/\/www.quartier-waldacker.de\/?p=26904","url_meta":{"origin":24648,"position":1},"title":"Radtour \u00fcber die Mainbr\u00fccken von Frankfurt","author":"Johannes","date":"8. Juni 2025","format":false,"excerpt":"Eine Radtour \u00fcber die Mainbr\u00fccken in Frankfurt klingt nach einer gro\u00dfartigen M\u00f6glichkeit, die Stadt aus verschiedenen Perspektiven zu erleben! Es gibt zahlreiche sch\u00f6ne Routen entlang des Mains, die uns die Skyline und die verschiedenen Stadtteile n\u00e4herbringen. Eine davon wir hier vorgestellt.Start: Zu dieser Radtour, die von Alfred Grosmann erarbeitet und\u2026","rel":"","context":"In &quot;Radtouren&quot;","block_context":{"text":"Radtouren","link":"https:\/\/www.quartier-waldacker.de\/?cat=126"},"img":{"alt_text":"","src":"https:\/\/i0.wp.com\/www.quartier-waldacker.de\/wp-content\/uploads\/2025\/03\/Header_Gruppe_2025sr.jpg?fit=1200%2C281&ssl=1&resize=350%2C200","width":350,"height":200,"srcset":"https:\/\/i0.wp.com\/www.quartier-waldacker.de\/wp-content\/uploads\/2025\/03\/Header_Gruppe_2025sr.jpg?fit=1200%2C281&ssl=1&resize=350%2C200 1x, https:\/\/i0.wp.com\/www.quartier-waldacker.de\/wp-content\/uploads\/2025\/03\/Header_Gruppe_2025sr.jpg?fit=1200%2C281&ssl=1&resize=525%2C300 1.5x, https:\/\/i0.wp.com\/www.quartier-waldacker.de\/wp-content\/uploads\/2025\/03\/Header_Gruppe_2025sr.jpg?fit=1200%2C281&ssl=1&resize=700%2C400 2x, https:\/\/i0.wp.com\/www.quartier-waldacker.de\/wp-content\/uploads\/2025\/03\/Header_Gruppe_2025sr.jpg?fit=1200%2C281&ssl=1&resize=1050%2C600 3x"},"classes":[]},{"id":27378,"url":"https:\/\/www.quartier-waldacker.de\/?p=27378","url_meta":{"origin":24648,"position":2},"title":"Die Radler der Quartiers-Gruppe beenden die Saison 2025","author":"Johannes","date":"16. November 2025","format":false,"excerpt":"Bei noch vergleichsweise guten Wetterbedingungen traten am 14.11.2025 22 Radlerinnen und Radler ihre letzte Radtour f\u00fcr das Jahr 2025 an. Heute stand jedoch nur eine kleine Tour auf dem Programm, denn um 12 Uhr war ein Essen im Restaurant Sterkel geplant. Auch Frau Ziesecke von der \u201eOffenbach Post\u201d war beim\u2026","rel":"","context":"In &quot;Radtouren&quot;","block_context":{"text":"Radtouren","link":"https:\/\/www.quartier-waldacker.de\/?cat=126"},"img":{"alt_text":"","src":"https:\/\/i0.wp.com\/www.quartier-waldacker.de\/wp-content\/uploads\/2025\/03\/Header_Gruppe_2025sr.jpg?fit=1200%2C281&ssl=1&resize=350%2C200","width":350,"height":200,"srcset":"https:\/\/i0.wp.com\/www.quartier-waldacker.de\/wp-content\/uploads\/2025\/03\/Header_Gruppe_2025sr.jpg?fit=1200%2C281&ssl=1&resize=350%2C200 1x, https:\/\/i0.wp.com\/www.quartier-waldacker.de\/wp-content\/uploads\/2025\/03\/Header_Gruppe_2025sr.jpg?fit=1200%2C281&ssl=1&resize=525%2C300 1.5x, https:\/\/i0.wp.com\/www.quartier-waldacker.de\/wp-content\/uploads\/2025\/03\/Header_Gruppe_2025sr.jpg?fit=1200%2C281&ssl=1&resize=700%2C400 2x, https:\/\/i0.wp.com\/www.quartier-waldacker.de\/wp-content\/uploads\/2025\/03\/Header_Gruppe_2025sr.jpg?fit=1200%2C281&ssl=1&resize=1050%2C600 3x"},"classes":[]},{"id":25074,"url":"https:\/\/www.quartier-waldacker.de\/?p=25074","url_meta":{"origin":24648,"position":3},"title":"Radtour zur Mainspitz bei Mainz Kostheim (85 km)","author":"Johannes","date":"10. August 2024","format":false,"excerpt":"Bei optimalen Radfahrbedingungen machten sich am 09. August 2024 insgesamt 17 Radlerinnen und Radler auf den Weg zu dieser sch\u00f6nen Rhein-Main-Radtour. Da die gesamte Radtour hin und zur\u00fcck eine L\u00e4nge von ca. 140 km haben w\u00fcrde, wurde Hochheim am Main als Startpunkt f\u00fcr die Radtour festgelegt. Die Anreise erfolgte mit\u2026","rel":"","context":"In &quot;Radtouren&quot;","block_context":{"text":"Radtouren","link":"https:\/\/www.quartier-waldacker.de\/?cat=126"},"img":{"alt_text":"","src":"https:\/\/i0.wp.com\/www.quartier-waldacker.de\/wp-content\/uploads\/2017\/03\/Header_Gruppe_2024_ab2024.jpg?fit=1200%2C281&ssl=1&resize=350%2C200","width":350,"height":200,"srcset":"https:\/\/i0.wp.com\/www.quartier-waldacker.de\/wp-content\/uploads\/2017\/03\/Header_Gruppe_2024_ab2024.jpg?fit=1200%2C281&ssl=1&resize=350%2C200 1x, https:\/\/i0.wp.com\/www.quartier-waldacker.de\/wp-content\/uploads\/2017\/03\/Header_Gruppe_2024_ab2024.jpg?fit=1200%2C281&ssl=1&resize=525%2C300 1.5x, https:\/\/i0.wp.com\/www.quartier-waldacker.de\/wp-content\/uploads\/2017\/03\/Header_Gruppe_2024_ab2024.jpg?fit=1200%2C281&ssl=1&resize=700%2C400 2x, https:\/\/i0.wp.com\/www.quartier-waldacker.de\/wp-content\/uploads\/2017\/03\/Header_Gruppe_2024_ab2024.jpg?fit=1200%2C281&ssl=1&resize=1050%2C600 3x"},"classes":[]},{"id":25677,"url":"https:\/\/www.quartier-waldacker.de\/?p=25677","url_meta":{"origin":24648,"position":4},"title":"Kleine \u00dcberraschungs-Radtour in die n\u00e4here Umgebung von R\u00f6dermark (ca.40 km)","author":"Johannes","date":"26. Oktober 2024","format":false,"excerpt":"Start:Am 25. Oktober haben sich 22 Radler*innen am 50. Breitengrad in Waldacker getroffen, um an der angek\u00fcndigte \u00dcberraschungs-Radtour teilzunehmen. Das Wetter war perfekt zum Fahrradfahren. Aber heute war es nicht wie sonst. Eine Hiobsbotschaft, die am Vorabend die Runde machte, traf die Gruppe hart. Sie sorgte f\u00fcr viel Gespr\u00e4chsstoff. Unser\u2026","rel":"","context":"In &quot;Radtouren&quot;","block_context":{"text":"Radtouren","link":"https:\/\/www.quartier-waldacker.de\/?cat=126"},"img":{"alt_text":"","src":"https:\/\/i0.wp.com\/www.quartier-waldacker.de\/wp-content\/uploads\/2017\/03\/Header_Gruppe_2024_ab2024.jpg?fit=1200%2C281&ssl=1&resize=350%2C200","width":350,"height":200,"srcset":"https:\/\/i0.wp.com\/www.quartier-waldacker.de\/wp-content\/uploads\/2017\/03\/Header_Gruppe_2024_ab2024.jpg?fit=1200%2C281&ssl=1&resize=350%2C200 1x, https:\/\/i0.wp.com\/www.quartier-waldacker.de\/wp-content\/uploads\/2017\/03\/Header_Gruppe_2024_ab2024.jpg?fit=1200%2C281&ssl=1&resize=525%2C300 1.5x, https:\/\/i0.wp.com\/www.quartier-waldacker.de\/wp-content\/uploads\/2017\/03\/Header_Gruppe_2024_ab2024.jpg?fit=1200%2C281&ssl=1&resize=700%2C400 2x, https:\/\/i0.wp.com\/www.quartier-waldacker.de\/wp-content\/uploads\/2017\/03\/Header_Gruppe_2024_ab2024.jpg?fit=1200%2C281&ssl=1&resize=1050%2C600 3x"},"classes":[]},{"id":24116,"url":"https:\/\/www.quartier-waldacker.de\/?p=24116","url_meta":{"origin":24648,"position":5},"title":"Radtour zum Hamburger Fischmarkt in Aschaffenburg (68km)","author":"Johannes","date":"28. April 2024","format":false,"excerpt":"Nach der Schlechtwetterphase der vergangenen Woche konnten die Radler vom Quartier Waldacker am 26. April endlich ihre Tour zum Aschaffenburger Fischmarkt starten. Vom Treffpunkt \u201eRentnerb\u00e4nken\u201c in Ober-Roden machten sich 19 Radlerinnen und Radler auf den Weg.Zun\u00e4chst wurde in Richtung Rodgau\/Dudenhofen gefahren, dann \u00fcber den Herbert Klee Weg nach Zellhausen. Nach\u2026","rel":"","context":"In &quot;Radtouren&quot;","block_context":{"text":"Radtouren","link":"https:\/\/www.quartier-waldacker.de\/?cat=126"},"img":{"alt_text":"","src":"https:\/\/i0.wp.com\/www.quartier-waldacker.de\/wp-content\/uploads\/2024\/03\/Header_Gruppe_2024sr1.jpg?fit=1200%2C281&ssl=1&resize=350%2C200","width":350,"height":200,"srcset":"https:\/\/i0.wp.com\/www.quartier-waldacker.de\/wp-content\/uploads\/2024\/03\/Header_Gruppe_2024sr1.jpg?fit=1200%2C281&ssl=1&resize=350%2C200 1x, https:\/\/i0.wp.com\/www.quartier-waldacker.de\/wp-content\/uploads\/2024\/03\/Header_Gruppe_2024sr1.jpg?fit=1200%2C281&ssl=1&resize=525%2C300 1.5x, https:\/\/i0.wp.com\/www.quartier-waldacker.de\/wp-content\/uploads\/2024\/03\/Header_Gruppe_2024sr1.jpg?fit=1200%2C281&ssl=1&resize=700%2C400 2x, https:\/\/i0.wp.com\/www.quartier-waldacker.de\/wp-content\/uploads\/2024\/03\/Header_Gruppe_2024sr1.jpg?fit=1200%2C281&ssl=1&resize=1050%2C600 3x"},"classes":[]}],"jetpack_sharing_enabled":true,"rttpg_featured_image_url":{"full":["https:\/\/i0.wp.com\/www.quartier-waldacker.de\/wp-content\/uploads\/2017\/03\/Header_Gruppe_2024_ab2024.jpg?fit=1280%2C300&ssl=1",1280,300,false],"landscape":["https:\/\/www.quartier-waldacker.de\/wp-content\/uploads\/2017\/03\/Header_Gruppe_2024_ab2024.jpg",1280,300,false],"portraits":["https:\/\/www.quartier-waldacker.de\/wp-content\/uploads\/2017\/03\/Header_Gruppe_2024_ab2024.jpg",1280,300,false],"thumbnail":["https:\/\/i0.wp.com\/www.quartier-waldacker.de\/wp-content\/uploads\/2017\/03\/Header_Gruppe_2024_ab2024.jpg?resize=150%2C150&ssl=1",150,150,true],"medium":["https:\/\/i0.wp.com\/www.quartier-waldacker.de\/wp-content\/uploads\/2017\/03\/Header_Gruppe_2024_ab2024.jpg?fit=300%2C70&ssl=1",300,70,true],"large":["https:\/\/i0.wp.com\/www.quartier-waldacker.de\/wp-content\/uploads\/2017\/03\/Header_Gruppe_2024_ab2024.jpg?fit=1024%2C240&ssl=1",1024,240,true],"1536x1536":["https:\/\/i0.wp.com\/www.quartier-waldacker.de\/wp-content\/uploads\/2017\/03\/Header_Gruppe_2024_ab2024.jpg?fit=1280%2C300&ssl=1",1280,300,true],"2048x2048":["https:\/\/i0.wp.com\/www.quartier-waldacker.de\/wp-content\/uploads\/2017\/03\/Header_Gruppe_2024_ab2024.jpg?fit=1280%2C300&ssl=1",1280,300,true]},"rttpg_author":{"display_name":"Johannes","author_link":"https:\/\/www.quartier-waldacker.de\/?author=5"},"rttpg_comment":2,"rttpg_category":"<a href=\"https:\/\/www.quartier-waldacker.de\/?cat=126\" rel=\"category\">Radtouren<\/a>","rttpg_excerpt":"Aktion Stadtradeln R\u00f6dermark &#8211; &#8220;Kilometer sammeln f\u00fcr R\u00f6dermark&#8221; aus diesem Anlass wurde von Gerhard Elsesser am Samstag, den 22. Juni zu einer Extraradtour aufgerufen. Die Wettervorhersage war nicht so rosig, aber die Radfahrenden sind das gewohnt. Der Tourenleiter an diesem Tag war Fokko Vogelsang. Um 11.00 Uhr trafen sich 15 Unentwegte am Bahnhof Urberach und&hellip;","_links":{"self":[{"href":"https:\/\/www.quartier-waldacker.de\/index.php?rest_route=\/wp\/v2\/posts\/24648","targetHints":{"allow":["GET"]}}],"collection":[{"href":"https:\/\/www.quartier-waldacker.de\/index.php?rest_route=\/wp\/v2\/posts"}],"about":[{"href":"https:\/\/www.quartier-waldacker.de\/index.php?rest_route=\/wp\/v2\/types\/post"}],"author":[{"embeddable":true,"href":"https:\/\/www.quartier-waldacker.de\/index.php?rest_route=\/wp\/v2\/users\/5"}],"replies":[{"embeddable":true,"href":"https:\/\/www.quartier-waldacker.de\/index.php?rest_route=%2Fwp%2Fv2%2Fcomments&post=24648"}],"version-history":[{"count":0,"href":"https:\/\/www.quartier-waldacker.de\/index.php?rest_route=\/wp\/v2\/posts\/24648\/revisions"}],"wp:featuredmedia":[{"embeddable":true,"href":"https:\/\/www.quartier-waldacker.de\/index.php?rest_route=\/wp\/v2\/media\/23902"}],"wp:attachment":[{"href":"https:\/\/www.quartier-waldacker.de\/index.php?rest_route=%2Fwp%2Fv2%2Fmedia&parent=24648"}],"wp:term":[{"taxonomy":"category","embeddable":true,"href":"https:\/\/www.quartier-waldacker.de\/index.php?rest_route=%2Fwp%2Fv2%2Fcategories&post=24648"},{"taxonomy":"post_tag","embeddable":true,"href":"https:\/\/www.quartier-waldacker.de\/index.php?rest_route=%2Fwp%2Fv2%2Ftags&post=24648"}],"curies":[{"name":"wp","href":"https:\/\/api.w.org\/{rel}","templated":true}]}}