{"id":24382,"date":"2024-05-25T16:54:17","date_gmt":"2024-05-25T14:54:17","guid":{"rendered":"https:\/\/www.quartier-waldacker.de\/?p=24382"},"modified":"2024-06-01T14:38:09","modified_gmt":"2024-06-01T12:38:09","slug":"radtour-zum-freizeitzentrum-spiessfeld-bei-dieburg","status":"publish","type":"post","link":"https:\/\/www.quartier-waldacker.de\/?p=24382","title":{"rendered":"Radtour zum Freizeitzentrum Spie\u00dffeld bei Dieburg (53 km)"},"content":{"rendered":"\n<p class=\"has-medium-font-size\">Die diesj\u00e4hrige Fahrradsaison begann verregnet und setzt sich fast w\u00f6chentlich freitags fort. So auch am 24.05.2024. Trotzdem sind 20 Freiluftaktivisten aufgebrochen, in der Hoffnung, dass ab 12 Uhr der Dauerregen aufh\u00f6rt. Am heutigen Treffpunkt an den Rentnerb\u00e4nken in Ober-Roden trafen sich, wie bereits erw\u00e4hnt, 20 Radler. Nach einer kurzen Beratung \u00fcber die bevorstehende Tour und Einkehrm\u00f6glichkeiten einigte man sich auf ein Lokal in Hergertshausen. Dort wurde angefragt, ob 20 G\u00e4ste willkommen seien, was vom Wirt der Gastst\u00e4tte zum \u201eEdelsch\u00fctz\u201c auch bejaht wurde. So wurde der noch etwas feuchte Weg \u00fcber Eppertshausen nach Hergertshausen angetreten. Wie angek\u00fcndigt, hatte der Regen zwischenzeitlich aufgeh\u00f6rt, kurze sonnige Momente kamen auf und die Fahrt verlief zufriedenstellend. Nach etwa einer Stunde erreichte die Gruppe das Restaurant \u201eEdelsch\u00fctz\u201c in Hergertshausen, wo sie bereits erwartet wurden. Hier wurde ein Mittagsmen\u00fc angeboten und es wurden auch andere leckere italienische Gerichte serviert. Nach einem guten Mittagessen wurde die Fahrt in Richtung M\u00fcnster fortgesetzt. M\u00fcnster wurde umfahren, Dieburg passiert, riesige Spargelfelder durchquert und schlie\u00dflich wurde das Freizeitzentrum Spie\u00dffeld erreicht. Die Freizeitanlage Spie\u00dffeld in Dieburg ist ein beliebter Anziehungspunkt f\u00fcr Familien mit Kindern. Die Lage ist sehr idyllisch an einem kleinen See, an dem sich unz\u00e4hlige G\u00e4nse und Enten tummeln. Neben mehreren Grillm\u00f6glichkeiten steht den Kindern ein gro\u00dfer Spielplatz zur Verf\u00fcgung. Auch Outdoor-Fitnessger\u00e4te f\u00fcr Erwachsene sind hier zu finden. Wer Hunger oder Durst versp\u00fcrt, kann sich am Kiosk vor Ort st\u00e4rken. Hier konnten sich die Radlerinnen und Radler bei Kuchen, Kaffee und anderen Erfrischungsgetr\u00e4nken st\u00e4rken und Kraft tanken f\u00fcr den folgenden Anstieg zum Naturfreundehaus Moret. Die Steigung ist eine m\u00e4\u00dfig bis stark ansteigende Strecke \u00fcber eine L\u00e4nge von ca. 2,5 km bis auf eine H\u00f6he von 227 m. Eine Herausforderung f\u00fcr Nicht-E-Biker, die unter Umst\u00e4nden gezwungen sein werden, das Fahrzeug zu schieben. Oben angekommen gab es nach der Anstrengung eine kurze Verschnaufpause. Dann folgte eine erholsame Abfahrt in Richtung Messel. In Messel trennten sich die Kollegen aus Offenthal und der Rest fuhr \u00fcber den R\u00f6derm\u00e4rker-Messel-Radwanderweg nach Urberach. Dort l\u00f6ste sich der Rest der Gruppe auf. Der heutige Tourenleiter, Planer und Motivator Gerhard Elsesser hatte mit Unterst\u00fctzung von Schlussmann Reinhold Harnoth aus einer nicht gerade vielversprechenden Situation doch noch etwas ganz Gro\u00dfes gemacht. Danke Gerhard! Danke Reinhold!<\/p>\n\n\n\n<div class=\"wp-block-jetpack-slideshow aligncenter\"><div data-autoplay=\"true\" data-delay=\"4\" data-effect=\"fade\"><div class=\"wp-block-jetpack-slideshow_container swiper-container\"><ul class=\"wp-block-jetpack-slideshow_swiper-wrapper swiper-wrapper\"><li class=\"wp-block-jetpack-slideshow_slide swiper-slide\"><figure><img data-recalc-dims=\"1\" loading=\"lazy\" decoding=\"async\" width=\"1200\" height=\"900\" alt=\"\" class=\"wp-block-jetpack-slideshow_image wp-image-24393\" data-id=\"24393\" src=\"https:\/\/i0.wp.com\/www.quartier-waldacker.de\/wp-content\/uploads\/2024\/05\/Start-Rentnerbaenke-2.jpg?resize=1200%2C900&#038;ssl=1\" srcset=\"https:\/\/i0.wp.com\/www.quartier-waldacker.de\/wp-content\/uploads\/2024\/05\/Start-Rentnerbaenke-2.jpg?w=1280&amp;ssl=1 1280w, https:\/\/i0.wp.com\/www.quartier-waldacker.de\/wp-content\/uploads\/2024\/05\/Start-Rentnerbaenke-2.jpg?resize=300%2C225&amp;ssl=1 300w, https:\/\/i0.wp.com\/www.quartier-waldacker.de\/wp-content\/uploads\/2024\/05\/Start-Rentnerbaenke-2.jpg?resize=1024%2C768&amp;ssl=1 1024w, https:\/\/i0.wp.com\/www.quartier-waldacker.de\/wp-content\/uploads\/2024\/05\/Start-Rentnerbaenke-2.jpg?resize=768%2C576&amp;ssl=1 768w\" sizes=\"(max-width: 1200px) 100vw, 1200px\" \/><figcaption class=\"wp-block-jetpack-slideshow_caption gallery-caption\">Treffpunkt Rentnerb\u00e4nke Ober-Roden<\/figcaption><\/figure><\/li><li class=\"wp-block-jetpack-slideshow_slide swiper-slide\"><figure><img data-recalc-dims=\"1\" loading=\"lazy\" decoding=\"async\" width=\"960\" height=\"1280\" alt=\"\" class=\"wp-block-jetpack-slideshow_image wp-image-24394\" data-id=\"24394\" src=\"https:\/\/i0.wp.com\/www.quartier-waldacker.de\/wp-content\/uploads\/2024\/05\/Start-Rentnerbaenke-3.jpg?resize=960%2C1280&#038;ssl=1\" srcset=\"https:\/\/i0.wp.com\/www.quartier-waldacker.de\/wp-content\/uploads\/2024\/05\/Start-Rentnerbaenke-3.jpg?w=960&amp;ssl=1 960w, https:\/\/i0.wp.com\/www.quartier-waldacker.de\/wp-content\/uploads\/2024\/05\/Start-Rentnerbaenke-3.jpg?resize=225%2C300&amp;ssl=1 225w, https:\/\/i0.wp.com\/www.quartier-waldacker.de\/wp-content\/uploads\/2024\/05\/Start-Rentnerbaenke-3.jpg?resize=768%2C1024&amp;ssl=1 768w\" sizes=\"(max-width: 960px) 100vw, 960px\" \/><figcaption class=\"wp-block-jetpack-slideshow_caption gallery-caption\">Warten auf die Ankunft des Chefs<\/figcaption><\/figure><\/li><li class=\"wp-block-jetpack-slideshow_slide swiper-slide\"><figure><img data-recalc-dims=\"1\" loading=\"lazy\" decoding=\"async\" width=\"1200\" height=\"900\" alt=\"\" class=\"wp-block-jetpack-slideshow_image wp-image-24391\" data-id=\"24391\" src=\"https:\/\/i0.wp.com\/www.quartier-waldacker.de\/wp-content\/uploads\/2024\/05\/Lokal-Edelschuetz.jpg?resize=1200%2C900&#038;ssl=1\" srcset=\"https:\/\/i0.wp.com\/www.quartier-waldacker.de\/wp-content\/uploads\/2024\/05\/Lokal-Edelschuetz.jpg?w=1280&amp;ssl=1 1280w, https:\/\/i0.wp.com\/www.quartier-waldacker.de\/wp-content\/uploads\/2024\/05\/Lokal-Edelschuetz.jpg?resize=300%2C225&amp;ssl=1 300w, https:\/\/i0.wp.com\/www.quartier-waldacker.de\/wp-content\/uploads\/2024\/05\/Lokal-Edelschuetz.jpg?resize=1024%2C768&amp;ssl=1 1024w, https:\/\/i0.wp.com\/www.quartier-waldacker.de\/wp-content\/uploads\/2024\/05\/Lokal-Edelschuetz.jpg?resize=768%2C576&amp;ssl=1 768w\" sizes=\"(max-width: 1200px) 100vw, 1200px\" \/><figcaption class=\"wp-block-jetpack-slideshow_caption gallery-caption\">Restaurant Edelsch\u00fctz<\/figcaption><\/figure><\/li><li class=\"wp-block-jetpack-slideshow_slide swiper-slide\"><figure><img data-recalc-dims=\"1\" loading=\"lazy\" decoding=\"async\" width=\"1200\" height=\"900\" alt=\"\" class=\"wp-block-jetpack-slideshow_image wp-image-24387\" data-id=\"24387\" src=\"https:\/\/i0.wp.com\/www.quartier-waldacker.de\/wp-content\/uploads\/2024\/05\/Edelschuetz-2.jpg?resize=1200%2C900&#038;ssl=1\" srcset=\"https:\/\/i0.wp.com\/www.quartier-waldacker.de\/wp-content\/uploads\/2024\/05\/Edelschuetz-2.jpg?w=1280&amp;ssl=1 1280w, https:\/\/i0.wp.com\/www.quartier-waldacker.de\/wp-content\/uploads\/2024\/05\/Edelschuetz-2.jpg?resize=300%2C225&amp;ssl=1 300w, https:\/\/i0.wp.com\/www.quartier-waldacker.de\/wp-content\/uploads\/2024\/05\/Edelschuetz-2.jpg?resize=1024%2C768&amp;ssl=1 1024w, https:\/\/i0.wp.com\/www.quartier-waldacker.de\/wp-content\/uploads\/2024\/05\/Edelschuetz-2.jpg?resize=768%2C576&amp;ssl=1 768w\" sizes=\"(max-width: 1200px) 100vw, 1200px\" \/><figcaption class=\"wp-block-jetpack-slideshow_caption gallery-caption\">Headquarter<\/figcaption><\/figure><\/li><li class=\"wp-block-jetpack-slideshow_slide swiper-slide\"><figure><img data-recalc-dims=\"1\" loading=\"lazy\" decoding=\"async\" width=\"1200\" height=\"900\" alt=\"\" class=\"wp-block-jetpack-slideshow_image wp-image-24386\" data-id=\"24386\" src=\"https:\/\/i0.wp.com\/www.quartier-waldacker.de\/wp-content\/uploads\/2024\/05\/Edelschuetz-1.jpg?resize=1200%2C900&#038;ssl=1\" srcset=\"https:\/\/i0.wp.com\/www.quartier-waldacker.de\/wp-content\/uploads\/2024\/05\/Edelschuetz-1.jpg?w=1280&amp;ssl=1 1280w, https:\/\/i0.wp.com\/www.quartier-waldacker.de\/wp-content\/uploads\/2024\/05\/Edelschuetz-1.jpg?resize=300%2C225&amp;ssl=1 300w, https:\/\/i0.wp.com\/www.quartier-waldacker.de\/wp-content\/uploads\/2024\/05\/Edelschuetz-1.jpg?resize=1024%2C768&amp;ssl=1 1024w, https:\/\/i0.wp.com\/www.quartier-waldacker.de\/wp-content\/uploads\/2024\/05\/Edelschuetz-1.jpg?resize=768%2C576&amp;ssl=1 768w\" sizes=\"(max-width: 1200px) 100vw, 1200px\" \/><figcaption class=\"wp-block-jetpack-slideshow_caption gallery-caption\">Was sollen wir nur essen?<\/figcaption><\/figure><\/li><li class=\"wp-block-jetpack-slideshow_slide swiper-slide\"><figure><img data-recalc-dims=\"1\" loading=\"lazy\" decoding=\"async\" width=\"1200\" height=\"900\" alt=\"\" class=\"wp-block-jetpack-slideshow_image wp-image-24388\" data-id=\"24388\" src=\"https:\/\/i0.wp.com\/www.quartier-waldacker.de\/wp-content\/uploads\/2024\/05\/Edelschuetz-3.jpg?resize=1200%2C900&#038;ssl=1\" srcset=\"https:\/\/i0.wp.com\/www.quartier-waldacker.de\/wp-content\/uploads\/2024\/05\/Edelschuetz-3.jpg?w=1280&amp;ssl=1 1280w, https:\/\/i0.wp.com\/www.quartier-waldacker.de\/wp-content\/uploads\/2024\/05\/Edelschuetz-3.jpg?resize=300%2C225&amp;ssl=1 300w, https:\/\/i0.wp.com\/www.quartier-waldacker.de\/wp-content\/uploads\/2024\/05\/Edelschuetz-3.jpg?resize=1024%2C768&amp;ssl=1 1024w, https:\/\/i0.wp.com\/www.quartier-waldacker.de\/wp-content\/uploads\/2024\/05\/Edelschuetz-3.jpg?resize=768%2C576&amp;ssl=1 768w\" sizes=\"(max-width: 1200px) 100vw, 1200px\" \/><figcaption class=\"wp-block-jetpack-slideshow_caption gallery-caption\">Heute gibs Schnitzel und vieles mehr<\/figcaption><\/figure><\/li><li class=\"wp-block-jetpack-slideshow_slide swiper-slide\"><figure><img data-recalc-dims=\"1\" loading=\"lazy\" decoding=\"async\" width=\"1200\" height=\"900\" alt=\"\" class=\"wp-block-jetpack-slideshow_image wp-image-24399\" data-id=\"24399\" src=\"https:\/\/i0.wp.com\/www.quartier-waldacker.de\/wp-content\/uploads\/2024\/05\/Wildblumenwiese-bei-Dieburg.jpg?resize=1200%2C900&#038;ssl=1\" srcset=\"https:\/\/i0.wp.com\/www.quartier-waldacker.de\/wp-content\/uploads\/2024\/05\/Wildblumenwiese-bei-Dieburg.jpg?w=1280&amp;ssl=1 1280w, https:\/\/i0.wp.com\/www.quartier-waldacker.de\/wp-content\/uploads\/2024\/05\/Wildblumenwiese-bei-Dieburg.jpg?resize=300%2C225&amp;ssl=1 300w, https:\/\/i0.wp.com\/www.quartier-waldacker.de\/wp-content\/uploads\/2024\/05\/Wildblumenwiese-bei-Dieburg.jpg?resize=1024%2C768&amp;ssl=1 1024w, https:\/\/i0.wp.com\/www.quartier-waldacker.de\/wp-content\/uploads\/2024\/05\/Wildblumenwiese-bei-Dieburg.jpg?resize=768%2C576&amp;ssl=1 768w\" sizes=\"(max-width: 1200px) 100vw, 1200px\" \/><figcaption class=\"wp-block-jetpack-slideshow_caption gallery-caption\">Wildblumenwiese bei Dieburg<\/figcaption><\/figure><\/li><li class=\"wp-block-jetpack-slideshow_slide swiper-slide\"><figure><img data-recalc-dims=\"1\" loading=\"lazy\" decoding=\"async\" width=\"1200\" height=\"900\" alt=\"\" class=\"wp-block-jetpack-slideshow_image wp-image-24389\" data-id=\"24389\" src=\"https:\/\/i0.wp.com\/www.quartier-waldacker.de\/wp-content\/uploads\/2024\/05\/Freizeitzentrum-Spiessfeld-1.jpg?resize=1200%2C900&#038;ssl=1\" srcset=\"https:\/\/i0.wp.com\/www.quartier-waldacker.de\/wp-content\/uploads\/2024\/05\/Freizeitzentrum-Spiessfeld-1.jpg?w=1280&amp;ssl=1 1280w, https:\/\/i0.wp.com\/www.quartier-waldacker.de\/wp-content\/uploads\/2024\/05\/Freizeitzentrum-Spiessfeld-1.jpg?resize=300%2C225&amp;ssl=1 300w, https:\/\/i0.wp.com\/www.quartier-waldacker.de\/wp-content\/uploads\/2024\/05\/Freizeitzentrum-Spiessfeld-1.jpg?resize=1024%2C768&amp;ssl=1 1024w, https:\/\/i0.wp.com\/www.quartier-waldacker.de\/wp-content\/uploads\/2024\/05\/Freizeitzentrum-Spiessfeld-1.jpg?resize=768%2C576&amp;ssl=1 768w\" sizes=\"(max-width: 1200px) 100vw, 1200px\" \/><figcaption class=\"wp-block-jetpack-slideshow_caption gallery-caption\">Freizeitzentrum Spie\u00dffeld<\/figcaption><\/figure><\/li><li class=\"wp-block-jetpack-slideshow_slide swiper-slide\"><figure><img data-recalc-dims=\"1\" loading=\"lazy\" decoding=\"async\" width=\"1200\" height=\"900\" alt=\"\" class=\"wp-block-jetpack-slideshow_image wp-image-24390\" data-id=\"24390\" src=\"https:\/\/i0.wp.com\/www.quartier-waldacker.de\/wp-content\/uploads\/2024\/05\/Freizeitzentrum-Spiessfeld-2.jpg?resize=1200%2C900&#038;ssl=1\" srcset=\"https:\/\/i0.wp.com\/www.quartier-waldacker.de\/wp-content\/uploads\/2024\/05\/Freizeitzentrum-Spiessfeld-2.jpg?w=1280&amp;ssl=1 1280w, https:\/\/i0.wp.com\/www.quartier-waldacker.de\/wp-content\/uploads\/2024\/05\/Freizeitzentrum-Spiessfeld-2.jpg?resize=300%2C225&amp;ssl=1 300w, https:\/\/i0.wp.com\/www.quartier-waldacker.de\/wp-content\/uploads\/2024\/05\/Freizeitzentrum-Spiessfeld-2.jpg?resize=1024%2C768&amp;ssl=1 1024w, https:\/\/i0.wp.com\/www.quartier-waldacker.de\/wp-content\/uploads\/2024\/05\/Freizeitzentrum-Spiessfeld-2.jpg?resize=768%2C576&amp;ssl=1 768w\" sizes=\"(max-width: 1200px) 100vw, 1200px\" \/><figcaption class=\"wp-block-jetpack-slideshow_caption gallery-caption\">Freizeitzentrum Spie\u00dffeld<\/figcaption><\/figure><\/li><li class=\"wp-block-jetpack-slideshow_slide swiper-slide\"><figure><img data-recalc-dims=\"1\" loading=\"lazy\" decoding=\"async\" width=\"960\" height=\"1280\" alt=\"\" class=\"wp-block-jetpack-slideshow_image wp-image-24384\" data-id=\"24384\" src=\"https:\/\/i0.wp.com\/www.quartier-waldacker.de\/wp-content\/uploads\/2024\/05\/Aufstieg-zum-Moret-Huegel.jpg?resize=960%2C1280&#038;ssl=1\" srcset=\"https:\/\/i0.wp.com\/www.quartier-waldacker.de\/wp-content\/uploads\/2024\/05\/Aufstieg-zum-Moret-Huegel.jpg?w=960&amp;ssl=1 960w, https:\/\/i0.wp.com\/www.quartier-waldacker.de\/wp-content\/uploads\/2024\/05\/Aufstieg-zum-Moret-Huegel.jpg?resize=225%2C300&amp;ssl=1 225w, https:\/\/i0.wp.com\/www.quartier-waldacker.de\/wp-content\/uploads\/2024\/05\/Aufstieg-zum-Moret-Huegel.jpg?resize=768%2C1024&amp;ssl=1 768w\" sizes=\"(max-width: 960px) 100vw, 960px\" \/><figcaption class=\"wp-block-jetpack-slideshow_caption gallery-caption\">Anstieg zum Moreth\u00fcgel<\/figcaption><\/figure><\/li><li class=\"wp-block-jetpack-slideshow_slide swiper-slide\"><figure><img data-recalc-dims=\"1\" loading=\"lazy\" decoding=\"async\" width=\"1200\" height=\"900\" alt=\"\" class=\"wp-block-jetpack-slideshow_image wp-image-24395\" data-id=\"24395\" src=\"https:\/\/i0.wp.com\/www.quartier-waldacker.de\/wp-content\/uploads\/2024\/05\/Auf-dem-Moret-Huegfel.jpg?resize=1200%2C900&#038;ssl=1\" srcset=\"https:\/\/i0.wp.com\/www.quartier-waldacker.de\/wp-content\/uploads\/2024\/05\/Auf-dem-Moret-Huegfel.jpg?w=1280&amp;ssl=1 1280w, https:\/\/i0.wp.com\/www.quartier-waldacker.de\/wp-content\/uploads\/2024\/05\/Auf-dem-Moret-Huegfel.jpg?resize=300%2C225&amp;ssl=1 300w, https:\/\/i0.wp.com\/www.quartier-waldacker.de\/wp-content\/uploads\/2024\/05\/Auf-dem-Moret-Huegfel.jpg?resize=1024%2C768&amp;ssl=1 1024w, https:\/\/i0.wp.com\/www.quartier-waldacker.de\/wp-content\/uploads\/2024\/05\/Auf-dem-Moret-Huegfel.jpg?resize=768%2C576&amp;ssl=1 768w\" sizes=\"(max-width: 1200px) 100vw, 1200px\" \/><figcaption class=\"wp-block-jetpack-slideshow_caption gallery-caption\">Am Naturfreundehaus Moret<\/figcaption><\/figure><\/li><li class=\"wp-block-jetpack-slideshow_slide swiper-slide\"><figure><img data-recalc-dims=\"1\" loading=\"lazy\" decoding=\"async\" width=\"1200\" height=\"900\" alt=\"\" class=\"wp-block-jetpack-slideshow_image wp-image-24385\" data-id=\"24385\" src=\"https:\/\/i0.wp.com\/www.quartier-waldacker.de\/wp-content\/uploads\/2024\/05\/Bahnuebergang-Messel.jpg?resize=1200%2C900&#038;ssl=1\" srcset=\"https:\/\/i0.wp.com\/www.quartier-waldacker.de\/wp-content\/uploads\/2024\/05\/Bahnuebergang-Messel.jpg?w=1416&amp;ssl=1 1416w, https:\/\/i0.wp.com\/www.quartier-waldacker.de\/wp-content\/uploads\/2024\/05\/Bahnuebergang-Messel.jpg?resize=300%2C225&amp;ssl=1 300w, https:\/\/i0.wp.com\/www.quartier-waldacker.de\/wp-content\/uploads\/2024\/05\/Bahnuebergang-Messel.jpg?resize=1024%2C768&amp;ssl=1 1024w, https:\/\/i0.wp.com\/www.quartier-waldacker.de\/wp-content\/uploads\/2024\/05\/Bahnuebergang-Messel.jpg?resize=768%2C576&amp;ssl=1 768w\" sizes=\"(max-width: 1200px) 100vw, 1200px\" \/><figcaption class=\"wp-block-jetpack-slideshow_caption gallery-caption\">Bahn\u00fcbergang Messel<\/figcaption><\/figure><\/li><\/ul><a class=\"wp-block-jetpack-slideshow_button-prev swiper-button-prev swiper-button-white\" role=\"button\"><\/a><a class=\"wp-block-jetpack-slideshow_button-next swiper-button-next swiper-button-white\" role=\"button\"><\/a><a aria-label=\"Pause Slideshow\" class=\"wp-block-jetpack-slideshow_button-pause\" role=\"button\"><\/a><div class=\"wp-block-jetpack-slideshow_pagination swiper-pagination swiper-pagination-white\"><\/div><\/div><\/div><\/div>\n\n\n\n<p><strong>Bilder:<\/strong> Reinhold, Liliane, Moni. Johannes<\/p>\n\n\n<div class=\"gb-container gb-container-344fb834 alignwide\">\n\n\t\t<div id=\"maps-marker-pro-4a5bfecb\" class=\"maps-marker-pro mmp-list-below\" style=\"width: 640px;\">\n\t\t\t<div id=\"mmp-map-wrap-4a5bfecb\" class=\"mmp-map-wrap\">\n\t\t\t\t\t\t\t\t\t<div id=\"mmp-panel-4a5bfecb\" class=\"mmp-panel\"><\/div>\n\t\t\t\t\t\t\t\t<div id=\"mmp-map-4a5bfecb\" class=\"mmp-map\" style=\"height: 480px;\"><\/div>\n\t\t\t\t\t\t\t\t\t<div id=\"mmp-chart-wrap-4a5bfecb\" class=\"mmp-gpx-chart-wrap\" style=\"height: 200px;\"><\/div>\n\t\t\t\t\t\t\t<\/div>\n\t\t\t\t\t\t\t<div id=\"mmp-list-4a5bfecb\" class=\"mmp-list\" style=\"flex-basis: 400px;\"><\/div>\n\t\t\t\t\t<\/div>\n\t\t\n\n<\/div>","protected":false},"excerpt":{"rendered":"<p>Die diesj\u00e4hrige Fahrradsaison begann verregnet und setzt sich fast w\u00f6chentlich freitags fort. So auch am 24.05.2024. Trotzdem sind 20 Freiluftaktivisten aufgebrochen, in der Hoffnung, dass ab 12 Uhr der Dauerregen aufh\u00f6rt. Am heutigen Treffpunkt an den Rentnerb\u00e4nken in Ober-Roden trafen sich, wie bereits erw\u00e4hnt, 20 Radler. Nach einer kurzen Beratung \u00fcber die bevorstehende Tour und &#8230; <a title=\"Radtour zum Freizeitzentrum Spie\u00dffeld bei Dieburg (53 km)\" class=\"read-more\" href=\"https:\/\/www.quartier-waldacker.de\/?p=24382\" aria-label=\"Mehr Informationen \u00fcber Radtour zum Freizeitzentrum Spie\u00dffeld bei Dieburg (53 km)\">Weiterlesen<\/a><\/p>\n","protected":false},"author":5,"featured_media":23902,"comment_status":"open","ping_status":"closed","sticky":false,"template":"","format":"standard","meta":{"generate_page_header":"","_jetpack_memberships_contains_paid_content":false,"footnotes":""},"categories":[126],"tags":[197,203,317],"class_list":["post-24382","post","type-post","status-publish","format-standard","has-post-thumbnail","hentry","category-radtouren","tag-radfahren","tag-radtouren","tag-roedermark"],"jetpack_featured_media_url":"https:\/\/i0.wp.com\/www.quartier-waldacker.de\/wp-content\/uploads\/2017\/03\/Header_Gruppe_2024_ab2024.jpg?fit=1280%2C300&ssl=1","jetpack-related-posts":[{"id":26587,"url":"https:\/\/www.quartier-waldacker.de\/?p=26587","url_meta":{"origin":24382,"position":0},"title":"Die Saison 2025 hat begonnen (ca. 40 km)","author":"Johannes","date":"16. M\u00e4rz 2025","format":false,"excerpt":"Start: F\u00fcnfzehn Hartgesottene starteten am 14. M\u00e4rz trotz ung\u00fcnstiger Wetterprognosen und 5 Grad Celsius zu ihrer ersten Radtour des Jahres. Aus allen Stadtteilen und aus Dietzenbach waren sie zum Startpunkt 50. Breitengrad in Waldacker gekommen. Auch die Presse war zugegen. Nach einer kurzen Begr\u00fc\u00dfung durch den Tourenleiter Gerhard Elsesser ging\u2026","rel":"","context":"In &quot;Radtouren&quot;","block_context":{"text":"Radtouren","link":"https:\/\/www.quartier-waldacker.de\/?cat=126"},"img":{"alt_text":"","src":"https:\/\/i0.wp.com\/www.quartier-waldacker.de\/wp-content\/uploads\/2025\/03\/Header_Gruppe_2025sr.jpg?fit=1200%2C281&ssl=1&resize=350%2C200","width":350,"height":200,"srcset":"https:\/\/i0.wp.com\/www.quartier-waldacker.de\/wp-content\/uploads\/2025\/03\/Header_Gruppe_2025sr.jpg?fit=1200%2C281&ssl=1&resize=350%2C200 1x, https:\/\/i0.wp.com\/www.quartier-waldacker.de\/wp-content\/uploads\/2025\/03\/Header_Gruppe_2025sr.jpg?fit=1200%2C281&ssl=1&resize=525%2C300 1.5x, https:\/\/i0.wp.com\/www.quartier-waldacker.de\/wp-content\/uploads\/2025\/03\/Header_Gruppe_2025sr.jpg?fit=1200%2C281&ssl=1&resize=700%2C400 2x, https:\/\/i0.wp.com\/www.quartier-waldacker.de\/wp-content\/uploads\/2025\/03\/Header_Gruppe_2025sr.jpg?fit=1200%2C281&ssl=1&resize=1050%2C600 3x"},"classes":[]},{"id":25677,"url":"https:\/\/www.quartier-waldacker.de\/?p=25677","url_meta":{"origin":24382,"position":1},"title":"Kleine \u00dcberraschungs-Radtour in die n\u00e4here Umgebung von R\u00f6dermark (ca.40 km)","author":"Johannes","date":"26. Oktober 2024","format":false,"excerpt":"Start:Am 25. Oktober haben sich 22 Radler*innen am 50. Breitengrad in Waldacker getroffen, um an der angek\u00fcndigte \u00dcberraschungs-Radtour teilzunehmen. Das Wetter war perfekt zum Fahrradfahren. Aber heute war es nicht wie sonst. Eine Hiobsbotschaft, die am Vorabend die Runde machte, traf die Gruppe hart. Sie sorgte f\u00fcr viel Gespr\u00e4chsstoff. Unser\u2026","rel":"","context":"In &quot;Radtouren&quot;","block_context":{"text":"Radtouren","link":"https:\/\/www.quartier-waldacker.de\/?cat=126"},"img":{"alt_text":"","src":"https:\/\/i0.wp.com\/www.quartier-waldacker.de\/wp-content\/uploads\/2017\/03\/Header_Gruppe_2024_ab2024.jpg?fit=1200%2C281&ssl=1&resize=350%2C200","width":350,"height":200,"srcset":"https:\/\/i0.wp.com\/www.quartier-waldacker.de\/wp-content\/uploads\/2017\/03\/Header_Gruppe_2024_ab2024.jpg?fit=1200%2C281&ssl=1&resize=350%2C200 1x, https:\/\/i0.wp.com\/www.quartier-waldacker.de\/wp-content\/uploads\/2017\/03\/Header_Gruppe_2024_ab2024.jpg?fit=1200%2C281&ssl=1&resize=525%2C300 1.5x, https:\/\/i0.wp.com\/www.quartier-waldacker.de\/wp-content\/uploads\/2017\/03\/Header_Gruppe_2024_ab2024.jpg?fit=1200%2C281&ssl=1&resize=700%2C400 2x, https:\/\/i0.wp.com\/www.quartier-waldacker.de\/wp-content\/uploads\/2017\/03\/Header_Gruppe_2024_ab2024.jpg?fit=1200%2C281&ssl=1&resize=1050%2C600 3x"},"classes":[]},{"id":25434,"url":"https:\/\/www.quartier-waldacker.de\/?p=25434","url_meta":{"origin":24382,"position":2},"title":"Alternative Radtour nach Langen und Umgebung (50km)","author":"Johannes","date":"28. September 2024","format":false,"excerpt":"Start:Am Freitag, den 27. September trafen sich 18 Unentwegte um 11.00 Uhr am Bahnhof Urberach zur obligatorischen Freitagstour. Bei der einleitenden kurzen Tourenbesprechung durch den Tourenleiter Gerhard Elsesser wurde die geplante Radtour nach Nauheim wetterbedingt abgesagt. Am Vortag hatte es in der Region stark geregnet und auch f\u00fcr den heutigen\u2026","rel":"","context":"In &quot;Radtouren&quot;","block_context":{"text":"Radtouren","link":"https:\/\/www.quartier-waldacker.de\/?cat=126"},"img":{"alt_text":"","src":"https:\/\/i0.wp.com\/www.quartier-waldacker.de\/wp-content\/uploads\/2017\/03\/Header_Gruppe_2024_ab2024.jpg?fit=1200%2C281&ssl=1&resize=350%2C200","width":350,"height":200,"srcset":"https:\/\/i0.wp.com\/www.quartier-waldacker.de\/wp-content\/uploads\/2017\/03\/Header_Gruppe_2024_ab2024.jpg?fit=1200%2C281&ssl=1&resize=350%2C200 1x, https:\/\/i0.wp.com\/www.quartier-waldacker.de\/wp-content\/uploads\/2017\/03\/Header_Gruppe_2024_ab2024.jpg?fit=1200%2C281&ssl=1&resize=525%2C300 1.5x, https:\/\/i0.wp.com\/www.quartier-waldacker.de\/wp-content\/uploads\/2017\/03\/Header_Gruppe_2024_ab2024.jpg?fit=1200%2C281&ssl=1&resize=700%2C400 2x, https:\/\/i0.wp.com\/www.quartier-waldacker.de\/wp-content\/uploads\/2017\/03\/Header_Gruppe_2024_ab2024.jpg?fit=1200%2C281&ssl=1&resize=1050%2C600 3x"},"classes":[]},{"id":26642,"url":"https:\/\/www.quartier-waldacker.de\/?p=26642","url_meta":{"origin":24382,"position":3},"title":"Radtour nach Egelsbach zum Rewe Markt (ca. 47 km)","author":"Johannes","date":"30. M\u00e4rz 2025","format":false,"excerpt":"Start, Hinweg:Am 28. M\u00e4rz, einem herrlichen Freitagmorgen bei Sonnenschein und 17 Grad Celsius, machten sich 26 Radlerinnen und Radler auf den Weg zum heutigen Startpunkt um 11.30 Uhr am Bahnhof Offenthal. Die Teilnehmer aus Waldacker starteten bereits um 11 Uhr am B\u00fcrgertreff Waldacker. Nachdem alle am Treffpunkt eingetroffen waren, erl\u00e4uterte\u2026","rel":"","context":"In &quot;Radtouren&quot;","block_context":{"text":"Radtouren","link":"https:\/\/www.quartier-waldacker.de\/?cat=126"},"img":{"alt_text":"","src":"https:\/\/i0.wp.com\/www.quartier-waldacker.de\/wp-content\/uploads\/2025\/03\/Header_Gruppe_2025sr.jpg?fit=1200%2C281&ssl=1&resize=350%2C200","width":350,"height":200,"srcset":"https:\/\/i0.wp.com\/www.quartier-waldacker.de\/wp-content\/uploads\/2025\/03\/Header_Gruppe_2025sr.jpg?fit=1200%2C281&ssl=1&resize=350%2C200 1x, https:\/\/i0.wp.com\/www.quartier-waldacker.de\/wp-content\/uploads\/2025\/03\/Header_Gruppe_2025sr.jpg?fit=1200%2C281&ssl=1&resize=525%2C300 1.5x, https:\/\/i0.wp.com\/www.quartier-waldacker.de\/wp-content\/uploads\/2025\/03\/Header_Gruppe_2025sr.jpg?fit=1200%2C281&ssl=1&resize=700%2C400 2x, https:\/\/i0.wp.com\/www.quartier-waldacker.de\/wp-content\/uploads\/2025\/03\/Header_Gruppe_2025sr.jpg?fit=1200%2C281&ssl=1&resize=1050%2C600 3x"},"classes":[]},{"id":22404,"url":"https:\/\/www.quartier-waldacker.de\/?p=22404","url_meta":{"origin":24382,"position":4},"title":"Radtour \u00fcber M\u00fcnster nach Babenhausen (44 km)","author":"admin","date":"9. April 2023","format":false,"excerpt":"Radlerbericht von Johannes Nach zwei verregneten Freitagen starteten die Radler der Quartiersgruppe am Karfreitag wieder durch. Bei tiefh\u00e4ngenden Wolken trafen sich 14 Verwegenen mit ihren E-Bikes am B\u00fcrgertreff Waldacker bzw. an den Rentnerb\u00e4nken. Zun\u00e4chst f\u00fchrte unser heutiger Tourenleiter Fokko durch den Wald beim Breidert an Eppertshausen vorbei in Richtung M\u00fcnster.\u2026","rel":"","context":"In &quot;Radtouren&quot;","block_context":{"text":"Radtouren","link":"https:\/\/www.quartier-waldacker.de\/?cat=126"},"img":{"alt_text":"","src":"https:\/\/i0.wp.com\/www.quartier-waldacker.de\/wp-content\/uploads\/2023\/03\/Header_Gruppe.jpg?fit=1200%2C281&ssl=1&resize=350%2C200","width":350,"height":200,"srcset":"https:\/\/i0.wp.com\/www.quartier-waldacker.de\/wp-content\/uploads\/2023\/03\/Header_Gruppe.jpg?fit=1200%2C281&ssl=1&resize=350%2C200 1x, https:\/\/i0.wp.com\/www.quartier-waldacker.de\/wp-content\/uploads\/2023\/03\/Header_Gruppe.jpg?fit=1200%2C281&ssl=1&resize=525%2C300 1.5x, https:\/\/i0.wp.com\/www.quartier-waldacker.de\/wp-content\/uploads\/2023\/03\/Header_Gruppe.jpg?fit=1200%2C281&ssl=1&resize=700%2C400 2x, https:\/\/i0.wp.com\/www.quartier-waldacker.de\/wp-content\/uploads\/2023\/03\/Header_Gruppe.jpg?fit=1200%2C281&ssl=1&resize=1050%2C600 3x"},"classes":[]},{"id":25283,"url":"https:\/\/www.quartier-waldacker.de\/?p=25283","url_meta":{"origin":24382,"position":5},"title":"Bier Hannes &#8211; Historie und Genuss am Fechenheimer Leinpfad (Radtour 50 km)","author":"Johannes","date":"15. September 2024","format":false,"excerpt":"Start:Nach der Hitzeperiode der K\u00e4lteschock. Am Freitag, den 13.09.2024 bei 12 Grad Celsius starteten 18 Radlerinnen und Radler vom Treffpunkt 50. Breitegrad bei Waldacker. Nach einer kurzen Erl\u00e4uterung \u00fcber den Streckenverlauf durch Gerhard Elsesser, den Planer und Guide der heutigen Tour, machen sich die Radlerinnen und Radler auf den Weg.\u2026","rel":"","context":"In &quot;Radtouren&quot;","block_context":{"text":"Radtouren","link":"https:\/\/www.quartier-waldacker.de\/?cat=126"},"img":{"alt_text":"","src":"https:\/\/i0.wp.com\/www.quartier-waldacker.de\/wp-content\/uploads\/2024\/03\/Header_Gruppe_2024sr1.jpg?fit=1200%2C281&ssl=1&resize=350%2C200","width":350,"height":200,"srcset":"https:\/\/i0.wp.com\/www.quartier-waldacker.de\/wp-content\/uploads\/2024\/03\/Header_Gruppe_2024sr1.jpg?fit=1200%2C281&ssl=1&resize=350%2C200 1x, https:\/\/i0.wp.com\/www.quartier-waldacker.de\/wp-content\/uploads\/2024\/03\/Header_Gruppe_2024sr1.jpg?fit=1200%2C281&ssl=1&resize=525%2C300 1.5x, https:\/\/i0.wp.com\/www.quartier-waldacker.de\/wp-content\/uploads\/2024\/03\/Header_Gruppe_2024sr1.jpg?fit=1200%2C281&ssl=1&resize=700%2C400 2x, https:\/\/i0.wp.com\/www.quartier-waldacker.de\/wp-content\/uploads\/2024\/03\/Header_Gruppe_2024sr1.jpg?fit=1200%2C281&ssl=1&resize=1050%2C600 3x"},"classes":[]}],"jetpack_sharing_enabled":true,"rttpg_featured_image_url":{"full":["https:\/\/i0.wp.com\/www.quartier-waldacker.de\/wp-content\/uploads\/2017\/03\/Header_Gruppe_2024_ab2024.jpg?fit=1280%2C300&ssl=1",1280,300,false],"landscape":["https:\/\/www.quartier-waldacker.de\/wp-content\/uploads\/2017\/03\/Header_Gruppe_2024_ab2024.jpg",1280,300,false],"portraits":["https:\/\/www.quartier-waldacker.de\/wp-content\/uploads\/2017\/03\/Header_Gruppe_2024_ab2024.jpg",1280,300,false],"thumbnail":["https:\/\/i0.wp.com\/www.quartier-waldacker.de\/wp-content\/uploads\/2017\/03\/Header_Gruppe_2024_ab2024.jpg?resize=150%2C150&ssl=1",150,150,true],"medium":["https:\/\/i0.wp.com\/www.quartier-waldacker.de\/wp-content\/uploads\/2017\/03\/Header_Gruppe_2024_ab2024.jpg?fit=300%2C70&ssl=1",300,70,true],"large":["https:\/\/i0.wp.com\/www.quartier-waldacker.de\/wp-content\/uploads\/2017\/03\/Header_Gruppe_2024_ab2024.jpg?fit=1024%2C240&ssl=1",1024,240,true],"1536x1536":["https:\/\/i0.wp.com\/www.quartier-waldacker.de\/wp-content\/uploads\/2017\/03\/Header_Gruppe_2024_ab2024.jpg?fit=1280%2C300&ssl=1",1280,300,true],"2048x2048":["https:\/\/i0.wp.com\/www.quartier-waldacker.de\/wp-content\/uploads\/2017\/03\/Header_Gruppe_2024_ab2024.jpg?fit=1280%2C300&ssl=1",1280,300,true]},"rttpg_author":{"display_name":"Johannes","author_link":"https:\/\/www.quartier-waldacker.de\/?author=5"},"rttpg_comment":0,"rttpg_category":"<a href=\"https:\/\/www.quartier-waldacker.de\/?cat=126\" rel=\"category\">Radtouren<\/a>","rttpg_excerpt":"Die diesj\u00e4hrige Fahrradsaison begann verregnet und setzt sich fast w\u00f6chentlich freitags fort. So auch am 24.05.2024. Trotzdem sind 20 Freiluftaktivisten aufgebrochen, in der Hoffnung, dass ab 12 Uhr der Dauerregen aufh\u00f6rt. Am heutigen Treffpunkt an den Rentnerb\u00e4nken in Ober-Roden trafen sich, wie bereits erw\u00e4hnt, 20 Radler. Nach einer kurzen Beratung \u00fcber die bevorstehende Tour und&hellip;","_links":{"self":[{"href":"https:\/\/www.quartier-waldacker.de\/index.php?rest_route=\/wp\/v2\/posts\/24382","targetHints":{"allow":["GET"]}}],"collection":[{"href":"https:\/\/www.quartier-waldacker.de\/index.php?rest_route=\/wp\/v2\/posts"}],"about":[{"href":"https:\/\/www.quartier-waldacker.de\/index.php?rest_route=\/wp\/v2\/types\/post"}],"author":[{"embeddable":true,"href":"https:\/\/www.quartier-waldacker.de\/index.php?rest_route=\/wp\/v2\/users\/5"}],"replies":[{"embeddable":true,"href":"https:\/\/www.quartier-waldacker.de\/index.php?rest_route=%2Fwp%2Fv2%2Fcomments&post=24382"}],"version-history":[{"count":0,"href":"https:\/\/www.quartier-waldacker.de\/index.php?rest_route=\/wp\/v2\/posts\/24382\/revisions"}],"wp:featuredmedia":[{"embeddable":true,"href":"https:\/\/www.quartier-waldacker.de\/index.php?rest_route=\/wp\/v2\/media\/23902"}],"wp:attachment":[{"href":"https:\/\/www.quartier-waldacker.de\/index.php?rest_route=%2Fwp%2Fv2%2Fmedia&parent=24382"}],"wp:term":[{"taxonomy":"category","embeddable":true,"href":"https:\/\/www.quartier-waldacker.de\/index.php?rest_route=%2Fwp%2Fv2%2Fcategories&post=24382"},{"taxonomy":"post_tag","embeddable":true,"href":"https:\/\/www.quartier-waldacker.de\/index.php?rest_route=%2Fwp%2Fv2%2Ftags&post=24382"}],"curies":[{"name":"wp","href":"https:\/\/api.w.org\/{rel}","templated":true}]}}