{"id":24256,"date":"2024-05-11T11:23:40","date_gmt":"2024-05-11T09:23:40","guid":{"rendered":"https:\/\/www.quartier-waldacker.de\/?p=24256"},"modified":"2024-06-01T15:18:42","modified_gmt":"2024-06-01T13:18:42","slug":"radtour-nach-raunheim-ins-bembelche-73-km","status":"publish","type":"post","link":"https:\/\/www.quartier-waldacker.de\/?p=24256","title":{"rendered":"Radtour nach Raunheim ins Bembelsche (73 km)"},"content":{"rendered":"\n\n<button id=\"listenButton1\" class=\"responsivevoice-button\" type=\"button\" value=\"Play\" title=\"ResponsiveVoice Tap to Start\/Stop Speech\"><span>&#128266; Vorlesen<\/span><\/button>\n        <script>\n            listenButton1.onclick = function(){\n                if(responsiveVoice.isPlaying()){\n                    responsiveVoice.cancel();\n                }else{\n                    responsiveVoice.speak(\"Der Wettergott meinte es gut mit den Waldackerer Radlerinnen und Radlern am Freitag, den 10.05.2024. Bei besten Radfahrbedingungen startete die Gruppe gegen 11 Uhr am Treffpunkt Bahnhof Offenthal in Richtung Egelsbach. Der heutige Tourenleiter Horst Zimmer, ein erfahrener Vielradler mit ca. 15000 km im Jahr, f\u00fchrte die 21-k\u00f6pfige Fahrradkarawane an. \u00dcber Egelsbach gings weiter nach M\u00f6rfelden an Ha\u00dfloch vorbei nach Raunheim. Das Bembelsche, das heutige Ziel der Tour, ist ein beliebtes Ausflugsziel f\u00fcr Radfahrer. Ein Landgasthof mit sch\u00f6ner Inneneinrichtung und gro\u00dfem Biergarten, der auch gr\u00f6\u00dferen Gruppen Platz bietet. Sehr beliebt bei den G\u00e4sten sind die abwechslungsreiche, \u00fcberwiegend hessische Speisekarte und die \u00fcppigen Portionen. Um die Verdauung der Speisen zu erleichtern, spendierte der Wirt zum Abschluss einen Obstler. Gut gest\u00e4rkt machten sich die Radlerinnen und Radler wieder auf den Heimweg in Richtung Walldorf. Kurz vor Walldorf an der Schutzh\u00fctte am Grundwiesensee ein Zwischenstopp. Gerhard Elsesser, der die Tour organisiert, m\u00f6chte ein paar Anmerkungen machen und weitere Neuigkeiten mitteilen. Zun\u00e4chst werden einige Fehlverhalten beim Fahren bem\u00e4ngelt, wie fehlende Richtungsanzeigen und das Nebeneinanderfahren auf schmalen Fahrspuren. Anschlie\u00dfend stellte er der Gruppe die Teilnahme und Mitwirkung am 35-j\u00e4hrigen Jubil\u00e4um des B\u00fcrgertreffs Waldacker am 7. Sept. 2024 vor und bat um deren Zustimmung. Dies wurde von der Mehrheit der Gruppe bejaht. Auch auf den am 2. Juni beginnenden dreiw\u00f6chigen Wettbewerb \u201eStadtradeln R\u00f6dermark\\\" wies er hin. Hier gilt es, den ersten Platz zu verteidigen. Des Weiteren gab er das Ziel der n\u00e4chsten Radtour bekannt, die am kommenden Freitag stattfinden wird. Die Fahrt geht nach Albstadt bei Alzenau, eine Strecke von ca. 70 km. Treffpunkt 11 Uhr an den Rentnerb\u00e4nken in Ober-Roden. Nach all diesen Neuigkeiten setzte sich die Gruppe wieder in Bewegung, zun\u00e4chst durch Walldorf, dann nach Langen und schlie\u00dflich nach Offenthal, wo sich die Gruppe aufl\u00f6ste. Die Gruppe bedankt sich bei dem Tourenf\u00fchrer Horst f\u00fcr die sehr gute Wegf\u00fchrung. Aufbruch in Offenthal1. ZwischenstoppAm BembelscheIm BembelscheIm BembelscheAn der Startbahn WestWildg\u00e4nsefamilieWildg\u00e4nsefamilieGrundwiesenseeGrundwisenseeh\u00fctteIn der Grundwisenseeh\u00fctteChef h\u00e4lt eine RedeZwischenstopp kurz vor Langen Bilder von: Reinhold; Johannes\", \"Deutsch Female\");\n                }\n            };\n        <\/script>\n    \n\n\n\n<p class=\"has-medium-font-size\">Der Wettergott meinte es gut mit den Waldackerer Radlerinnen und Radlern am Freitag, den 10.05.2024. Bei besten Radfahrbedingungen startete die Gruppe gegen 11 Uhr am Treffpunkt Bahnhof Offenthal in Richtung Egelsbach. Der heutige Tourenleiter Horst Zimmer, ein erfahrener Vielradler mit ca. 15000 km im Jahr, f\u00fchrte die 21-k\u00f6pfige Fahrradkarawane an. \u00dcber Egelsbach gings weiter nach M\u00f6rfelden an Ha\u00dfloch vorbei nach Raunheim. Das Bembelsche, das heutige Ziel der Tour, ist ein beliebtes Ausflugsziel f\u00fcr Radfahrer. Ein Landgasthof mit sch\u00f6ner Inneneinrichtung und gro\u00dfem Biergarten, der auch gr\u00f6\u00dferen Gruppen Platz bietet. Sehr beliebt bei den G\u00e4sten sind die abwechslungsreiche, \u00fcberwiegend hessische Speisekarte und die \u00fcppigen Portionen. Um die Verdauung der Speisen zu erleichtern, spendierte der Wirt zum Abschluss einen Obstler. Gut gest\u00e4rkt machten sich die Radlerinnen und Radler wieder auf den Heimweg in Richtung Walldorf. Kurz vor Walldorf an der Schutzh\u00fctte am Grundwiesensee ein Zwischenstopp. Gerhard Elsesser, der die Tour organisiert, m\u00f6chte ein paar Anmerkungen machen und weitere Neuigkeiten mitteilen. Zun\u00e4chst werden einige Fehlverhalten beim Fahren bem\u00e4ngelt, wie fehlende Richtungsanzeigen und das Nebeneinanderfahren auf schmalen Fahrspuren. Anschlie\u00dfend stellte er der Gruppe die Teilnahme und Mitwirkung am 35-j\u00e4hrigen Jubil\u00e4um des B\u00fcrgertreffs Waldacker am 7. Sept. 2024 vor und bat um deren Zustimmung. Dies wurde von der Mehrheit der Gruppe bejaht. Auch auf den am 2. Juni beginnenden dreiw\u00f6chigen Wettbewerb \u201eStadtradeln R\u00f6dermark&#8221; wies er hin. Hier gilt es, den ersten Platz zu verteidigen. Des Weiteren gab er das Ziel der n\u00e4chsten Radtour bekannt, die am kommenden Freitag stattfinden wird. Die Fahrt geht nach Albstadt bei Alzenau, eine Strecke von ca. 70 km. Treffpunkt 11 Uhr an den Rentnerb\u00e4nken in Ober-Roden. Nach all diesen Neuigkeiten setzte sich die Gruppe wieder in Bewegung, zun\u00e4chst durch Walldorf, dann nach Langen und schlie\u00dflich nach Offenthal, wo sich die Gruppe aufl\u00f6ste. Die Gruppe bedankt sich bei dem Tourenf\u00fchrer Horst f\u00fcr die sehr gute Wegf\u00fchrung.<\/p>\n\n\n\n<div class=\"wp-block-jetpack-slideshow aligncenter\"><div data-autoplay=\"true\" data-delay=\"3\" data-effect=\"slide\"><div class=\"wp-block-jetpack-slideshow_container swiper-container\"><ul class=\"wp-block-jetpack-slideshow_swiper-wrapper swiper-wrapper\"><li class=\"wp-block-jetpack-slideshow_slide swiper-slide\"><figure><img data-recalc-dims=\"1\" loading=\"lazy\" decoding=\"async\" width=\"1200\" height=\"900\" alt=\"\" class=\"wp-block-jetpack-slideshow_image wp-image-24273\" data-id=\"24273\" src=\"https:\/\/i0.wp.com\/www.quartier-waldacker.de\/wp-content\/uploads\/2024\/05\/Aufbruch.jpg?resize=1200%2C900&#038;ssl=1\" srcset=\"https:\/\/i0.wp.com\/www.quartier-waldacker.de\/wp-content\/uploads\/2024\/05\/Aufbruch.jpg?w=1280&amp;ssl=1 1280w, https:\/\/i0.wp.com\/www.quartier-waldacker.de\/wp-content\/uploads\/2024\/05\/Aufbruch.jpg?resize=300%2C225&amp;ssl=1 300w, https:\/\/i0.wp.com\/www.quartier-waldacker.de\/wp-content\/uploads\/2024\/05\/Aufbruch.jpg?resize=1024%2C768&amp;ssl=1 1024w, https:\/\/i0.wp.com\/www.quartier-waldacker.de\/wp-content\/uploads\/2024\/05\/Aufbruch.jpg?resize=768%2C576&amp;ssl=1 768w\" sizes=\"(max-width: 1200px) 100vw, 1200px\" \/><figcaption class=\"wp-block-jetpack-slideshow_caption gallery-caption\">Aufbruch in Offenthal<\/figcaption><\/figure><\/li><li class=\"wp-block-jetpack-slideshow_slide swiper-slide\"><figure><img data-recalc-dims=\"1\" loading=\"lazy\" decoding=\"async\" width=\"1200\" height=\"900\" alt=\"\" class=\"wp-block-jetpack-slideshow_image wp-image-24272\" data-id=\"24272\" src=\"https:\/\/i0.wp.com\/www.quartier-waldacker.de\/wp-content\/uploads\/2024\/05\/Zwischenstopp-1.jpg?resize=1200%2C900&#038;ssl=1\" srcset=\"https:\/\/i0.wp.com\/www.quartier-waldacker.de\/wp-content\/uploads\/2024\/05\/Zwischenstopp-1.jpg?w=1280&amp;ssl=1 1280w, https:\/\/i0.wp.com\/www.quartier-waldacker.de\/wp-content\/uploads\/2024\/05\/Zwischenstopp-1.jpg?resize=300%2C225&amp;ssl=1 300w, https:\/\/i0.wp.com\/www.quartier-waldacker.de\/wp-content\/uploads\/2024\/05\/Zwischenstopp-1.jpg?resize=1024%2C768&amp;ssl=1 1024w, https:\/\/i0.wp.com\/www.quartier-waldacker.de\/wp-content\/uploads\/2024\/05\/Zwischenstopp-1.jpg?resize=768%2C576&amp;ssl=1 768w\" sizes=\"(max-width: 1200px) 100vw, 1200px\" \/><figcaption class=\"wp-block-jetpack-slideshow_caption gallery-caption\">1. Zwischenstopp<\/figcaption><\/figure><\/li><li class=\"wp-block-jetpack-slideshow_slide swiper-slide\"><figure><img data-recalc-dims=\"1\" loading=\"lazy\" decoding=\"async\" width=\"1200\" height=\"845\" alt=\"\" class=\"wp-block-jetpack-slideshow_image wp-image-24261\" data-id=\"24261\" src=\"https:\/\/i0.wp.com\/www.quartier-waldacker.de\/wp-content\/uploads\/2024\/05\/Bembelsche.jpg?resize=1200%2C845&#038;ssl=1\" srcset=\"https:\/\/i0.wp.com\/www.quartier-waldacker.de\/wp-content\/uploads\/2024\/05\/Bembelsche.jpg?w=1280&amp;ssl=1 1280w, https:\/\/i0.wp.com\/www.quartier-waldacker.de\/wp-content\/uploads\/2024\/05\/Bembelsche.jpg?resize=300%2C211&amp;ssl=1 300w, https:\/\/i0.wp.com\/www.quartier-waldacker.de\/wp-content\/uploads\/2024\/05\/Bembelsche.jpg?resize=1024%2C721&amp;ssl=1 1024w, https:\/\/i0.wp.com\/www.quartier-waldacker.de\/wp-content\/uploads\/2024\/05\/Bembelsche.jpg?resize=768%2C541&amp;ssl=1 768w\" sizes=\"(max-width: 1200px) 100vw, 1200px\" \/><figcaption class=\"wp-block-jetpack-slideshow_caption gallery-caption\">Am Bembelsche<\/figcaption><\/figure><\/li><li class=\"wp-block-jetpack-slideshow_slide swiper-slide\"><figure><img data-recalc-dims=\"1\" loading=\"lazy\" decoding=\"async\" width=\"1200\" height=\"900\" alt=\"\" class=\"wp-block-jetpack-slideshow_image wp-image-24262\" data-id=\"24262\" src=\"https:\/\/i0.wp.com\/www.quartier-waldacker.de\/wp-content\/uploads\/2024\/05\/Bembelsche2.jpg?resize=1200%2C900&#038;ssl=1\" srcset=\"https:\/\/i0.wp.com\/www.quartier-waldacker.de\/wp-content\/uploads\/2024\/05\/Bembelsche2.jpg?w=1280&amp;ssl=1 1280w, https:\/\/i0.wp.com\/www.quartier-waldacker.de\/wp-content\/uploads\/2024\/05\/Bembelsche2.jpg?resize=300%2C225&amp;ssl=1 300w, https:\/\/i0.wp.com\/www.quartier-waldacker.de\/wp-content\/uploads\/2024\/05\/Bembelsche2.jpg?resize=1024%2C768&amp;ssl=1 1024w, https:\/\/i0.wp.com\/www.quartier-waldacker.de\/wp-content\/uploads\/2024\/05\/Bembelsche2.jpg?resize=768%2C576&amp;ssl=1 768w\" sizes=\"(max-width: 1200px) 100vw, 1200px\" \/><figcaption class=\"wp-block-jetpack-slideshow_caption gallery-caption\">Im Bembelsche<\/figcaption><\/figure><\/li><li class=\"wp-block-jetpack-slideshow_slide swiper-slide\"><figure><img data-recalc-dims=\"1\" loading=\"lazy\" decoding=\"async\" width=\"1200\" height=\"900\" alt=\"\" class=\"wp-block-jetpack-slideshow_image wp-image-24264\" data-id=\"24264\" src=\"https:\/\/i0.wp.com\/www.quartier-waldacker.de\/wp-content\/uploads\/2024\/05\/Bembelsche3.jpg?resize=1200%2C900&#038;ssl=1\" srcset=\"https:\/\/i0.wp.com\/www.quartier-waldacker.de\/wp-content\/uploads\/2024\/05\/Bembelsche3.jpg?w=1280&amp;ssl=1 1280w, https:\/\/i0.wp.com\/www.quartier-waldacker.de\/wp-content\/uploads\/2024\/05\/Bembelsche3.jpg?resize=300%2C225&amp;ssl=1 300w, https:\/\/i0.wp.com\/www.quartier-waldacker.de\/wp-content\/uploads\/2024\/05\/Bembelsche3.jpg?resize=1024%2C768&amp;ssl=1 1024w, https:\/\/i0.wp.com\/www.quartier-waldacker.de\/wp-content\/uploads\/2024\/05\/Bembelsche3.jpg?resize=768%2C576&amp;ssl=1 768w\" sizes=\"(max-width: 1200px) 100vw, 1200px\" \/><figcaption class=\"wp-block-jetpack-slideshow_caption gallery-caption\">Im Bembelsche<\/figcaption><\/figure><\/li><li class=\"wp-block-jetpack-slideshow_slide swiper-slide\"><figure><img data-recalc-dims=\"1\" loading=\"lazy\" decoding=\"async\" width=\"706\" height=\"1280\" alt=\"\" class=\"wp-block-jetpack-slideshow_image wp-image-24268\" data-id=\"24268\" src=\"https:\/\/i0.wp.com\/www.quartier-waldacker.de\/wp-content\/uploads\/2024\/05\/Startbahn-West.jpg?resize=706%2C1280&#038;ssl=1\" srcset=\"https:\/\/i0.wp.com\/www.quartier-waldacker.de\/wp-content\/uploads\/2024\/05\/Startbahn-West.jpg?w=706&amp;ssl=1 706w, https:\/\/i0.wp.com\/www.quartier-waldacker.de\/wp-content\/uploads\/2024\/05\/Startbahn-West.jpg?resize=165%2C300&amp;ssl=1 165w, https:\/\/i0.wp.com\/www.quartier-waldacker.de\/wp-content\/uploads\/2024\/05\/Startbahn-West.jpg?resize=565%2C1024&amp;ssl=1 565w\" sizes=\"(max-width: 706px) 100vw, 706px\" \/><figcaption class=\"wp-block-jetpack-slideshow_caption gallery-caption\">An der Startbahn West<\/figcaption><\/figure><\/li><li class=\"wp-block-jetpack-slideshow_slide swiper-slide\"><figure><img data-recalc-dims=\"1\" loading=\"lazy\" decoding=\"async\" width=\"1200\" height=\"900\" alt=\"\" class=\"wp-block-jetpack-slideshow_image wp-image-24270\" data-id=\"24270\" src=\"https:\/\/i0.wp.com\/www.quartier-waldacker.de\/wp-content\/uploads\/2024\/05\/Wildgaense.jpg?resize=1200%2C900&#038;ssl=1\" srcset=\"https:\/\/i0.wp.com\/www.quartier-waldacker.de\/wp-content\/uploads\/2024\/05\/Wildgaense.jpg?w=1280&amp;ssl=1 1280w, https:\/\/i0.wp.com\/www.quartier-waldacker.de\/wp-content\/uploads\/2024\/05\/Wildgaense.jpg?resize=300%2C225&amp;ssl=1 300w, https:\/\/i0.wp.com\/www.quartier-waldacker.de\/wp-content\/uploads\/2024\/05\/Wildgaense.jpg?resize=1024%2C768&amp;ssl=1 1024w, https:\/\/i0.wp.com\/www.quartier-waldacker.de\/wp-content\/uploads\/2024\/05\/Wildgaense.jpg?resize=768%2C576&amp;ssl=1 768w\" sizes=\"(max-width: 1200px) 100vw, 1200px\" \/><figcaption class=\"wp-block-jetpack-slideshow_caption gallery-caption\">Wildg\u00e4nsefamilie<\/figcaption><\/figure><\/li><li class=\"wp-block-jetpack-slideshow_slide swiper-slide\"><figure><img data-recalc-dims=\"1\" loading=\"lazy\" decoding=\"async\" width=\"960\" height=\"1280\" alt=\"\" class=\"wp-block-jetpack-slideshow_image wp-image-24271\" data-id=\"24271\" src=\"https:\/\/i0.wp.com\/www.quartier-waldacker.de\/wp-content\/uploads\/2024\/05\/Wildgaense1.jpg?resize=960%2C1280&#038;ssl=1\" srcset=\"https:\/\/i0.wp.com\/www.quartier-waldacker.de\/wp-content\/uploads\/2024\/05\/Wildgaense1.jpg?w=960&amp;ssl=1 960w, https:\/\/i0.wp.com\/www.quartier-waldacker.de\/wp-content\/uploads\/2024\/05\/Wildgaense1.jpg?resize=225%2C300&amp;ssl=1 225w, https:\/\/i0.wp.com\/www.quartier-waldacker.de\/wp-content\/uploads\/2024\/05\/Wildgaense1.jpg?resize=768%2C1024&amp;ssl=1 768w\" sizes=\"(max-width: 960px) 100vw, 960px\" \/><figcaption class=\"wp-block-jetpack-slideshow_caption gallery-caption\">Wildg\u00e4nsefamilie<\/figcaption><\/figure><\/li><li class=\"wp-block-jetpack-slideshow_slide swiper-slide\"><figure><img data-recalc-dims=\"1\" loading=\"lazy\" decoding=\"async\" width=\"1200\" height=\"900\" alt=\"\" class=\"wp-block-jetpack-slideshow_image wp-image-24265\" data-id=\"24265\" src=\"https:\/\/i0.wp.com\/www.quartier-waldacker.de\/wp-content\/uploads\/2024\/05\/Grundwiesensee.jpg?resize=1200%2C900&#038;ssl=1\" srcset=\"https:\/\/i0.wp.com\/www.quartier-waldacker.de\/wp-content\/uploads\/2024\/05\/Grundwiesensee.jpg?w=1280&amp;ssl=1 1280w, https:\/\/i0.wp.com\/www.quartier-waldacker.de\/wp-content\/uploads\/2024\/05\/Grundwiesensee.jpg?resize=300%2C225&amp;ssl=1 300w, https:\/\/i0.wp.com\/www.quartier-waldacker.de\/wp-content\/uploads\/2024\/05\/Grundwiesensee.jpg?resize=1024%2C768&amp;ssl=1 1024w, https:\/\/i0.wp.com\/www.quartier-waldacker.de\/wp-content\/uploads\/2024\/05\/Grundwiesensee.jpg?resize=768%2C576&amp;ssl=1 768w\" sizes=\"(max-width: 1200px) 100vw, 1200px\" \/><figcaption class=\"wp-block-jetpack-slideshow_caption gallery-caption\">Grundwiesensee<\/figcaption><\/figure><\/li><li class=\"wp-block-jetpack-slideshow_slide swiper-slide\"><figure><img data-recalc-dims=\"1\" loading=\"lazy\" decoding=\"async\" width=\"1200\" height=\"900\" alt=\"\" class=\"wp-block-jetpack-slideshow_image wp-image-24267\" data-id=\"24267\" src=\"https:\/\/i0.wp.com\/www.quartier-waldacker.de\/wp-content\/uploads\/2024\/05\/Grundwiesensee3.jpg?resize=1200%2C900&#038;ssl=1\" srcset=\"https:\/\/i0.wp.com\/www.quartier-waldacker.de\/wp-content\/uploads\/2024\/05\/Grundwiesensee3.jpg?w=1280&amp;ssl=1 1280w, https:\/\/i0.wp.com\/www.quartier-waldacker.de\/wp-content\/uploads\/2024\/05\/Grundwiesensee3.jpg?resize=300%2C225&amp;ssl=1 300w, https:\/\/i0.wp.com\/www.quartier-waldacker.de\/wp-content\/uploads\/2024\/05\/Grundwiesensee3.jpg?resize=1024%2C768&amp;ssl=1 1024w, https:\/\/i0.wp.com\/www.quartier-waldacker.de\/wp-content\/uploads\/2024\/05\/Grundwiesensee3.jpg?resize=768%2C576&amp;ssl=1 768w\" sizes=\"(max-width: 1200px) 100vw, 1200px\" \/><figcaption class=\"wp-block-jetpack-slideshow_caption gallery-caption\">Grundwisenseeh\u00fctte<\/figcaption><\/figure><\/li><li class=\"wp-block-jetpack-slideshow_slide swiper-slide\"><figure><img data-recalc-dims=\"1\" loading=\"lazy\" decoding=\"async\" width=\"1200\" height=\"900\" alt=\"\" class=\"wp-block-jetpack-slideshow_image wp-image-24263\" data-id=\"24263\" src=\"https:\/\/i0.wp.com\/www.quartier-waldacker.de\/wp-content\/uploads\/2024\/05\/Grundwiesenhuette1.jpg?resize=1200%2C900&#038;ssl=1\" srcset=\"https:\/\/i0.wp.com\/www.quartier-waldacker.de\/wp-content\/uploads\/2024\/05\/Grundwiesenhuette1.jpg?w=1280&amp;ssl=1 1280w, https:\/\/i0.wp.com\/www.quartier-waldacker.de\/wp-content\/uploads\/2024\/05\/Grundwiesenhuette1.jpg?resize=300%2C225&amp;ssl=1 300w, https:\/\/i0.wp.com\/www.quartier-waldacker.de\/wp-content\/uploads\/2024\/05\/Grundwiesenhuette1.jpg?resize=1024%2C768&amp;ssl=1 1024w, https:\/\/i0.wp.com\/www.quartier-waldacker.de\/wp-content\/uploads\/2024\/05\/Grundwiesenhuette1.jpg?resize=768%2C576&amp;ssl=1 768w\" sizes=\"(max-width: 1200px) 100vw, 1200px\" \/><figcaption class=\"wp-block-jetpack-slideshow_caption gallery-caption\">In der Grundwisenseeh\u00fctte<\/figcaption><\/figure><\/li><li class=\"wp-block-jetpack-slideshow_slide swiper-slide\"><figure><img data-recalc-dims=\"1\" loading=\"lazy\" decoding=\"async\" width=\"1200\" height=\"900\" alt=\"\" class=\"wp-block-jetpack-slideshow_image wp-image-24266\" data-id=\"24266\" src=\"https:\/\/i0.wp.com\/www.quartier-waldacker.de\/wp-content\/uploads\/2024\/05\/Grundwiesenhuette2.jpg?resize=1200%2C900&#038;ssl=1\" srcset=\"https:\/\/i0.wp.com\/www.quartier-waldacker.de\/wp-content\/uploads\/2024\/05\/Grundwiesenhuette2.jpg?w=1280&amp;ssl=1 1280w, https:\/\/i0.wp.com\/www.quartier-waldacker.de\/wp-content\/uploads\/2024\/05\/Grundwiesenhuette2.jpg?resize=300%2C225&amp;ssl=1 300w, https:\/\/i0.wp.com\/www.quartier-waldacker.de\/wp-content\/uploads\/2024\/05\/Grundwiesenhuette2.jpg?resize=1024%2C768&amp;ssl=1 1024w, https:\/\/i0.wp.com\/www.quartier-waldacker.de\/wp-content\/uploads\/2024\/05\/Grundwiesenhuette2.jpg?resize=768%2C576&amp;ssl=1 768w\" sizes=\"(max-width: 1200px) 100vw, 1200px\" \/><figcaption class=\"wp-block-jetpack-slideshow_caption gallery-caption\">Chef h\u00e4lt eine Rede<\/figcaption><\/figure><\/li><li class=\"wp-block-jetpack-slideshow_slide swiper-slide\"><figure><img data-recalc-dims=\"1\" loading=\"lazy\" decoding=\"async\" width=\"1200\" height=\"899\" alt=\"\" class=\"wp-block-jetpack-slideshow_image wp-image-24269\" data-id=\"24269\" src=\"https:\/\/i0.wp.com\/www.quartier-waldacker.de\/wp-content\/uploads\/2024\/05\/Unterwegs.jpg?resize=1200%2C899&#038;ssl=1\" srcset=\"https:\/\/i0.wp.com\/www.quartier-waldacker.de\/wp-content\/uploads\/2024\/05\/Unterwegs.jpg?w=1280&amp;ssl=1 1280w, https:\/\/i0.wp.com\/www.quartier-waldacker.de\/wp-content\/uploads\/2024\/05\/Unterwegs.jpg?resize=300%2C225&amp;ssl=1 300w, https:\/\/i0.wp.com\/www.quartier-waldacker.de\/wp-content\/uploads\/2024\/05\/Unterwegs.jpg?resize=1024%2C767&amp;ssl=1 1024w, https:\/\/i0.wp.com\/www.quartier-waldacker.de\/wp-content\/uploads\/2024\/05\/Unterwegs.jpg?resize=768%2C575&amp;ssl=1 768w\" sizes=\"(max-width: 1200px) 100vw, 1200px\" \/><figcaption class=\"wp-block-jetpack-slideshow_caption gallery-caption\">Zwischenstopp kurz vor Langen<\/figcaption><\/figure><\/li><\/ul><a class=\"wp-block-jetpack-slideshow_button-prev swiper-button-prev swiper-button-white\" role=\"button\"><\/a><a class=\"wp-block-jetpack-slideshow_button-next swiper-button-next swiper-button-white\" role=\"button\"><\/a><a aria-label=\"Pause Slideshow\" class=\"wp-block-jetpack-slideshow_button-pause\" role=\"button\"><\/a><div class=\"wp-block-jetpack-slideshow_pagination swiper-pagination swiper-pagination-white\"><\/div><\/div><\/div><\/div>\n\n\n\n<p>Bilder von: Reinhold; Johannes<\/p>\n\n\n<div class=\"gb-container gb-container-8774cea6\">\n\n\t\t<div id=\"maps-marker-pro-8370a835\" class=\"maps-marker-pro mmp-list-below\" style=\"width: 640px;\">\n\t\t\t<div id=\"mmp-map-wrap-8370a835\" class=\"mmp-map-wrap\">\n\t\t\t\t\t\t\t\t\t<div id=\"mmp-panel-8370a835\" class=\"mmp-panel\"><\/div>\n\t\t\t\t\t\t\t\t<div id=\"mmp-map-8370a835\" class=\"mmp-map\" style=\"height: 480px;\"><\/div>\n\t\t\t\t\t\t\t\t\t<div id=\"mmp-chart-wrap-8370a835\" class=\"mmp-gpx-chart-wrap\" style=\"height: 200px;\"><\/div>\n\t\t\t\t\t\t\t<\/div>\n\t\t\t\t\t\t\t<div id=\"mmp-list-8370a835\" class=\"mmp-list\" style=\"flex-basis: 400px;\"><\/div>\n\t\t\t\t\t<\/div>\n\t\t\n\n<\/div>","protected":false},"excerpt":{"rendered":"<p>Der Wettergott meinte es gut mit den Waldackerer Radlerinnen und Radlern am Freitag, den 10.05.2024. Bei besten Radfahrbedingungen startete die Gruppe gegen 11 Uhr am Treffpunkt Bahnhof Offenthal in Richtung Egelsbach. Der heutige Tourenleiter Horst Zimmer, ein erfahrener Vielradler mit ca. 15000 km im Jahr, f\u00fchrte die 21-k\u00f6pfige Fahrradkarawane an. \u00dcber Egelsbach gings weiter nach &#8230; <a title=\"Radtour nach Raunheim ins Bembelsche (73 km)\" class=\"read-more\" href=\"https:\/\/www.quartier-waldacker.de\/?p=24256\" aria-label=\"Mehr Informationen \u00fcber Radtour nach Raunheim ins Bembelsche (73 km)\">Weiterlesen<\/a><\/p>\n","protected":false},"author":5,"featured_media":23902,"comment_status":"open","ping_status":"closed","sticky":false,"template":"","format":"standard","meta":{"generate_page_header":"","_jetpack_memberships_contains_paid_content":false,"footnotes":""},"categories":[126],"tags":[197,203,317],"class_list":["post-24256","post","type-post","status-publish","format-standard","has-post-thumbnail","hentry","category-radtouren","tag-radfahren","tag-radtouren","tag-roedermark"],"jetpack_featured_media_url":"https:\/\/i0.wp.com\/www.quartier-waldacker.de\/wp-content\/uploads\/2017\/03\/Header_Gruppe_2024_ab2024.jpg?fit=1280%2C300&ssl=1","jetpack-related-posts":[{"id":26642,"url":"https:\/\/www.quartier-waldacker.de\/?p=26642","url_meta":{"origin":24256,"position":0},"title":"Radtour nach Egelsbach zum Rewe Markt (ca. 47 km)","author":"Johannes","date":"30. M\u00e4rz 2025","format":false,"excerpt":"Start, Hinweg:Am 28. M\u00e4rz, einem herrlichen Freitagmorgen bei Sonnenschein und 17 Grad Celsius, machten sich 26 Radlerinnen und Radler auf den Weg zum heutigen Startpunkt um 11.30 Uhr am Bahnhof Offenthal. Die Teilnehmer aus Waldacker starteten bereits um 11 Uhr am B\u00fcrgertreff Waldacker. Nachdem alle am Treffpunkt eingetroffen waren, erl\u00e4uterte\u2026","rel":"","context":"In &quot;Radtouren&quot;","block_context":{"text":"Radtouren","link":"https:\/\/www.quartier-waldacker.de\/?cat=126"},"img":{"alt_text":"","src":"https:\/\/i0.wp.com\/www.quartier-waldacker.de\/wp-content\/uploads\/2025\/03\/Header_Gruppe_2025sr.jpg?fit=1200%2C281&ssl=1&resize=350%2C200","width":350,"height":200,"srcset":"https:\/\/i0.wp.com\/www.quartier-waldacker.de\/wp-content\/uploads\/2025\/03\/Header_Gruppe_2025sr.jpg?fit=1200%2C281&ssl=1&resize=350%2C200 1x, https:\/\/i0.wp.com\/www.quartier-waldacker.de\/wp-content\/uploads\/2025\/03\/Header_Gruppe_2025sr.jpg?fit=1200%2C281&ssl=1&resize=525%2C300 1.5x, https:\/\/i0.wp.com\/www.quartier-waldacker.de\/wp-content\/uploads\/2025\/03\/Header_Gruppe_2025sr.jpg?fit=1200%2C281&ssl=1&resize=700%2C400 2x, https:\/\/i0.wp.com\/www.quartier-waldacker.de\/wp-content\/uploads\/2025\/03\/Header_Gruppe_2025sr.jpg?fit=1200%2C281&ssl=1&resize=1050%2C600 3x"},"classes":[]},{"id":22456,"url":"https:\/\/www.quartier-waldacker.de\/?p=22456","url_meta":{"origin":24256,"position":1},"title":"Radtour zum Bembelche nach Raunheim (73 km)","author":"admin","date":"30. April 2023","format":false,"excerpt":"Trotz schlechter Wettervorhersage machten sich 8 M\u00e4nner und 4 Frauen am Freitag, den 26.04.2023 auf den Weg zum Bembelche nach Raunheim. Die Gruppe wurde heute von unserem Vielfahrer Horst Z. (HoGeZi) gef\u00fchrt und trocken zum Ziel \u201eZum Bembelche\u201c in Raunheim gebracht. Ein Lokal mit interessanter Einrichtung und guter K\u00fcche. Der\u2026","rel":"","context":"In &quot;Radtouren&quot;","block_context":{"text":"Radtouren","link":"https:\/\/www.quartier-waldacker.de\/?cat=126"},"img":{"alt_text":"","src":"https:\/\/i0.wp.com\/www.quartier-waldacker.de\/wp-content\/uploads\/2023\/03\/Header_Gruppe.jpg?fit=1200%2C281&ssl=1&resize=350%2C200","width":350,"height":200,"srcset":"https:\/\/i0.wp.com\/www.quartier-waldacker.de\/wp-content\/uploads\/2023\/03\/Header_Gruppe.jpg?fit=1200%2C281&ssl=1&resize=350%2C200 1x, https:\/\/i0.wp.com\/www.quartier-waldacker.de\/wp-content\/uploads\/2023\/03\/Header_Gruppe.jpg?fit=1200%2C281&ssl=1&resize=525%2C300 1.5x, https:\/\/i0.wp.com\/www.quartier-waldacker.de\/wp-content\/uploads\/2023\/03\/Header_Gruppe.jpg?fit=1200%2C281&ssl=1&resize=700%2C400 2x, https:\/\/i0.wp.com\/www.quartier-waldacker.de\/wp-content\/uploads\/2023\/03\/Header_Gruppe.jpg?fit=1200%2C281&ssl=1&resize=1050%2C600 3x"},"classes":[]},{"id":24482,"url":"https:\/\/www.quartier-waldacker.de\/?p=24482","url_meta":{"origin":24256,"position":2},"title":"Radtour zum Steinrodsee bei Gr\u00e4fenhausen (62 km)","author":"Johannes","date":"1. Juni 2024","format":false,"excerpt":"Nachdem am 30. Mai die Welt noch nicht untergegangen war, trafen sich trotz der schlechten Wetterprognosen am n\u00e4chsten Tag 16 unentwegte Radlerinnen und Radler, um eine Radtour zu unternehmen. Wegen der Sperrung des Radweges neben der Dreieichbahn nach Offenthal musste der urspr\u00fcnglich geplante Startpunkt Bahnhof Offenthal verlegt werden. Unser erfahrener\u2026","rel":"","context":"In &quot;Radtouren&quot;","block_context":{"text":"Radtouren","link":"https:\/\/www.quartier-waldacker.de\/?cat=126"},"img":{"alt_text":"","src":"https:\/\/i0.wp.com\/www.quartier-waldacker.de\/wp-content\/uploads\/2017\/03\/Header_Gruppe_2024_ab2024.jpg?fit=1200%2C281&ssl=1&resize=350%2C200","width":350,"height":200,"srcset":"https:\/\/i0.wp.com\/www.quartier-waldacker.de\/wp-content\/uploads\/2017\/03\/Header_Gruppe_2024_ab2024.jpg?fit=1200%2C281&ssl=1&resize=350%2C200 1x, https:\/\/i0.wp.com\/www.quartier-waldacker.de\/wp-content\/uploads\/2017\/03\/Header_Gruppe_2024_ab2024.jpg?fit=1200%2C281&ssl=1&resize=525%2C300 1.5x, https:\/\/i0.wp.com\/www.quartier-waldacker.de\/wp-content\/uploads\/2017\/03\/Header_Gruppe_2024_ab2024.jpg?fit=1200%2C281&ssl=1&resize=700%2C400 2x, https:\/\/i0.wp.com\/www.quartier-waldacker.de\/wp-content\/uploads\/2017\/03\/Header_Gruppe_2024_ab2024.jpg?fit=1200%2C281&ssl=1&resize=1050%2C600 3x"},"classes":[]},{"id":24790,"url":"https:\/\/www.quartier-waldacker.de\/?p=24790","url_meta":{"origin":24256,"position":3},"title":"Radtour zum Naturfreundehaus in M\u00f6rfelden. (50 km)","author":"Johannes","date":"20. Juli 2024","format":false,"excerpt":"Das Wetter war uns am Freitag, den 19. Juli gut gesonnen. Drei\u00dfig Grad waren angesagt, es h\u00e4tte auch ein bisschen weniger sein k\u00f6nnen, so die Meinung des Einen oder Anderen, aber wir nehmen es wie es ist. Unser Vielfahrer Horst Z. hatte die Radtour schon hinter sich, bevor sich die\u2026","rel":"","context":"In &quot;Radtouren&quot;","block_context":{"text":"Radtouren","link":"https:\/\/www.quartier-waldacker.de\/?cat=126"},"img":{"alt_text":"","src":"https:\/\/i0.wp.com\/www.quartier-waldacker.de\/wp-content\/uploads\/2017\/03\/Header_Gruppe_2024_ab2024.jpg?fit=1200%2C281&ssl=1&resize=350%2C200","width":350,"height":200,"srcset":"https:\/\/i0.wp.com\/www.quartier-waldacker.de\/wp-content\/uploads\/2017\/03\/Header_Gruppe_2024_ab2024.jpg?fit=1200%2C281&ssl=1&resize=350%2C200 1x, https:\/\/i0.wp.com\/www.quartier-waldacker.de\/wp-content\/uploads\/2017\/03\/Header_Gruppe_2024_ab2024.jpg?fit=1200%2C281&ssl=1&resize=525%2C300 1.5x, https:\/\/i0.wp.com\/www.quartier-waldacker.de\/wp-content\/uploads\/2017\/03\/Header_Gruppe_2024_ab2024.jpg?fit=1200%2C281&ssl=1&resize=700%2C400 2x, https:\/\/i0.wp.com\/www.quartier-waldacker.de\/wp-content\/uploads\/2017\/03\/Header_Gruppe_2024_ab2024.jpg?fit=1200%2C281&ssl=1&resize=1050%2C600 3x"},"classes":[]},{"id":25207,"url":"https:\/\/www.quartier-waldacker.de\/?p=25207","url_meta":{"origin":24256,"position":4},"title":"Radtour nach Erzhausen ins B\u00fcrgerhaus (48 km)","author":"Johannes","date":"9. September 2024","format":false,"excerpt":"Am 06. September machten sich 18 Radfahrerinnen und Radfahrer bei gutem Wetter auf den Weg nach Erzhausen. Start war um 11 Uhr am Bahnhof Urberach. In Waldacker wurde eine halbe Stunde fr\u00fcher gestartet. Gef\u00fchrt wurde die Tour von Gerhard Elsesser. Schlussfahrer Reinhold Harnoth sorgte daf\u00fcr, dass niemand verloren ging. Der\u2026","rel":"","context":"In &quot;Radtouren&quot;","block_context":{"text":"Radtouren","link":"https:\/\/www.quartier-waldacker.de\/?cat=126"},"img":{"alt_text":"","src":"https:\/\/i0.wp.com\/www.quartier-waldacker.de\/wp-content\/uploads\/2024\/03\/Header_Gruppe_2024sr1.jpg?fit=1200%2C281&ssl=1&resize=350%2C200","width":350,"height":200,"srcset":"https:\/\/i0.wp.com\/www.quartier-waldacker.de\/wp-content\/uploads\/2024\/03\/Header_Gruppe_2024sr1.jpg?fit=1200%2C281&ssl=1&resize=350%2C200 1x, https:\/\/i0.wp.com\/www.quartier-waldacker.de\/wp-content\/uploads\/2024\/03\/Header_Gruppe_2024sr1.jpg?fit=1200%2C281&ssl=1&resize=525%2C300 1.5x, https:\/\/i0.wp.com\/www.quartier-waldacker.de\/wp-content\/uploads\/2024\/03\/Header_Gruppe_2024sr1.jpg?fit=1200%2C281&ssl=1&resize=700%2C400 2x, https:\/\/i0.wp.com\/www.quartier-waldacker.de\/wp-content\/uploads\/2024\/03\/Header_Gruppe_2024sr1.jpg?fit=1200%2C281&ssl=1&resize=1050%2C600 3x"},"classes":[]},{"id":25074,"url":"https:\/\/www.quartier-waldacker.de\/?p=25074","url_meta":{"origin":24256,"position":5},"title":"Radtour zur Mainspitz bei Mainz Kostheim (85 km)","author":"Johannes","date":"10. August 2024","format":false,"excerpt":"Bei optimalen Radfahrbedingungen machten sich am 09. August 2024 insgesamt 17 Radlerinnen und Radler auf den Weg zu dieser sch\u00f6nen Rhein-Main-Radtour. Da die gesamte Radtour hin und zur\u00fcck eine L\u00e4nge von ca. 140 km haben w\u00fcrde, wurde Hochheim am Main als Startpunkt f\u00fcr die Radtour festgelegt. Die Anreise erfolgte mit\u2026","rel":"","context":"In &quot;Radtouren&quot;","block_context":{"text":"Radtouren","link":"https:\/\/www.quartier-waldacker.de\/?cat=126"},"img":{"alt_text":"","src":"https:\/\/i0.wp.com\/www.quartier-waldacker.de\/wp-content\/uploads\/2017\/03\/Header_Gruppe_2024_ab2024.jpg?fit=1200%2C281&ssl=1&resize=350%2C200","width":350,"height":200,"srcset":"https:\/\/i0.wp.com\/www.quartier-waldacker.de\/wp-content\/uploads\/2017\/03\/Header_Gruppe_2024_ab2024.jpg?fit=1200%2C281&ssl=1&resize=350%2C200 1x, https:\/\/i0.wp.com\/www.quartier-waldacker.de\/wp-content\/uploads\/2017\/03\/Header_Gruppe_2024_ab2024.jpg?fit=1200%2C281&ssl=1&resize=525%2C300 1.5x, https:\/\/i0.wp.com\/www.quartier-waldacker.de\/wp-content\/uploads\/2017\/03\/Header_Gruppe_2024_ab2024.jpg?fit=1200%2C281&ssl=1&resize=700%2C400 2x, https:\/\/i0.wp.com\/www.quartier-waldacker.de\/wp-content\/uploads\/2017\/03\/Header_Gruppe_2024_ab2024.jpg?fit=1200%2C281&ssl=1&resize=1050%2C600 3x"},"classes":[]}],"jetpack_sharing_enabled":true,"rttpg_featured_image_url":{"full":["https:\/\/i0.wp.com\/www.quartier-waldacker.de\/wp-content\/uploads\/2017\/03\/Header_Gruppe_2024_ab2024.jpg?fit=1280%2C300&ssl=1",1280,300,false],"landscape":["https:\/\/www.quartier-waldacker.de\/wp-content\/uploads\/2017\/03\/Header_Gruppe_2024_ab2024.jpg",1280,300,false],"portraits":["https:\/\/www.quartier-waldacker.de\/wp-content\/uploads\/2017\/03\/Header_Gruppe_2024_ab2024.jpg",1280,300,false],"thumbnail":["https:\/\/i0.wp.com\/www.quartier-waldacker.de\/wp-content\/uploads\/2017\/03\/Header_Gruppe_2024_ab2024.jpg?resize=150%2C150&ssl=1",150,150,true],"medium":["https:\/\/i0.wp.com\/www.quartier-waldacker.de\/wp-content\/uploads\/2017\/03\/Header_Gruppe_2024_ab2024.jpg?fit=300%2C70&ssl=1",300,70,true],"large":["https:\/\/i0.wp.com\/www.quartier-waldacker.de\/wp-content\/uploads\/2017\/03\/Header_Gruppe_2024_ab2024.jpg?fit=1024%2C240&ssl=1",1024,240,true],"1536x1536":["https:\/\/i0.wp.com\/www.quartier-waldacker.de\/wp-content\/uploads\/2017\/03\/Header_Gruppe_2024_ab2024.jpg?fit=1280%2C300&ssl=1",1280,300,true],"2048x2048":["https:\/\/i0.wp.com\/www.quartier-waldacker.de\/wp-content\/uploads\/2017\/03\/Header_Gruppe_2024_ab2024.jpg?fit=1280%2C300&ssl=1",1280,300,true]},"rttpg_author":{"display_name":"Johannes","author_link":"https:\/\/www.quartier-waldacker.de\/?author=5"},"rttpg_comment":0,"rttpg_category":"<a href=\"https:\/\/www.quartier-waldacker.de\/?cat=126\" rel=\"category\">Radtouren<\/a>","rttpg_excerpt":"Der Wettergott meinte es gut mit den Waldackerer Radlerinnen und Radlern am Freitag, den 10.05.2024. Bei besten Radfahrbedingungen startete die Gruppe gegen 11 Uhr am Treffpunkt Bahnhof Offenthal in Richtung Egelsbach. Der heutige Tourenleiter Horst Zimmer, ein erfahrener Vielradler mit ca. 15000 km im Jahr, f\u00fchrte die 21-k\u00f6pfige Fahrradkarawane an. \u00dcber Egelsbach gings weiter nach&hellip;","_links":{"self":[{"href":"https:\/\/www.quartier-waldacker.de\/index.php?rest_route=\/wp\/v2\/posts\/24256","targetHints":{"allow":["GET"]}}],"collection":[{"href":"https:\/\/www.quartier-waldacker.de\/index.php?rest_route=\/wp\/v2\/posts"}],"about":[{"href":"https:\/\/www.quartier-waldacker.de\/index.php?rest_route=\/wp\/v2\/types\/post"}],"author":[{"embeddable":true,"href":"https:\/\/www.quartier-waldacker.de\/index.php?rest_route=\/wp\/v2\/users\/5"}],"replies":[{"embeddable":true,"href":"https:\/\/www.quartier-waldacker.de\/index.php?rest_route=%2Fwp%2Fv2%2Fcomments&post=24256"}],"version-history":[{"count":0,"href":"https:\/\/www.quartier-waldacker.de\/index.php?rest_route=\/wp\/v2\/posts\/24256\/revisions"}],"wp:featuredmedia":[{"embeddable":true,"href":"https:\/\/www.quartier-waldacker.de\/index.php?rest_route=\/wp\/v2\/media\/23902"}],"wp:attachment":[{"href":"https:\/\/www.quartier-waldacker.de\/index.php?rest_route=%2Fwp%2Fv2%2Fmedia&parent=24256"}],"wp:term":[{"taxonomy":"category","embeddable":true,"href":"https:\/\/www.quartier-waldacker.de\/index.php?rest_route=%2Fwp%2Fv2%2Fcategories&post=24256"},{"taxonomy":"post_tag","embeddable":true,"href":"https:\/\/www.quartier-waldacker.de\/index.php?rest_route=%2Fwp%2Fv2%2Ftags&post=24256"}],"curies":[{"name":"wp","href":"https:\/\/api.w.org\/{rel}","templated":true}]}}