{"id":24231,"date":"2024-05-04T14:41:15","date_gmt":"2024-05-04T12:41:15","guid":{"rendered":"https:\/\/www.quartier-waldacker.de\/?p=24231"},"modified":"2024-06-01T14:39:20","modified_gmt":"2024-06-01T12:39:20","slug":"radtour-zum-wartturm-bei-schaafheim","status":"publish","type":"post","link":"https:\/\/www.quartier-waldacker.de\/?p=24231","title":{"rendered":"Radtour zum Wartturm bei Schaafheim (55 km)"},"content":{"rendered":"<button id=\"listenButton1\" class=\"responsivevoice-button\" type=\"button\" value=\"Play\" title=\"ResponsiveVoice Tap to Start\/Stop Speech\"><span>&#128266; Vorlesen<\/span><\/button>\n        <script>\n            listenButton1.onclick = function(){\n                if(responsiveVoice.isPlaying()){\n                    responsiveVoice.cancel();\n                }else{\n                    responsiveVoice.speak(\"Einen Tag vor dem Start noch angenehmes Maiwetter. Nieselregen am Freitagmorgen beim Start in Waldacker. Regenkleidung war dringend erforderlich. Zum Treffpunkt Umspannwerk im Ortsteil Breidert fuhr die Gruppe Waldacker heute nur mit 2 Personen. Dort warteten die \u00fcbrigen 14 Radlerinnen und Radler. Inzwischen hatte es aber wieder zu regnen aufgeh\u00f6rt. Nach den einladenden Worten von Gerhard Elsesser, der die heutige Tour f\u00fchrte, machte sich die Gruppe auf den Weg in Richtung Eppertshausen, M\u00fcnster-Altheim, Harpertshausen und Langstadt. Im Wald zwischen Landstadt und Schaafheim entschloss sich ein Teil der Gruppe, das mitgebrachte Picknick in einer Waldh\u00fctte zu verzehren, w\u00e4hrend der andere Teil es vorzog, in Schaafheim in gem\u00fctlicher Runde im Lokal La Casa einzukehren. Eigentlich war ein Picknick auf dem Wartturm geplant, aber wie schon erw\u00e4hnt, war das Wetter f\u00fcr den einen oder anderen doch nicht so ganz nach dem Geschmack. Nach dem Mittagessen traf sich die zuvor getrennte Gruppe am Parkplatz des Restaurants La Casa zum Wartturmaufstieg. Der Anstieg auf den Wartturm ist sowohl f\u00fcr das E-Bike als auch f\u00fcr den Radler bzw. die Radlerin etwas anstrengender als gewohnt, stellt aber trotzdem keine allzu gro\u00dfe Herausforderung dar. Auf dem Wartturm angekommen, gab es eine Runde selbstgebrannten Apfelschnaps von Gerhard Nenner, einem Radler, der im letzten Jahr hinzugekommen war. Nach einer kurzen Pause in dieser luftigen H\u00f6he setzte sich die Gruppe wieder in Bewegung in Richtung Strau\u00dfenfarm. Auch hier wurde wieder eine kurze Pause eingelegt, um die Strau\u00dfe beobachten zu k\u00f6nnen. Danach begann die etwas rasante Abfahrt nach Schlierbach. Von dort ging es gem\u00fctlich weiter nach Kleestadt, Harpertshausen, Hergershausen und \u00fcber Eppertshausen zur\u00fcck zum Ausgangspunkt, wo sich die Gruppe wieder trennte. In Eppertshausen kurzer Zwischenstopp dort besuchte die Gruppe das Grab eines k\u00fcrzlich nach schwerer Krankheit verstorbenen Kollegen Gerhard Hasenzahl. Alles in allem wieder eine sch\u00f6ne Radtour unter der F\u00fchrung von Gerhard Elsesser. An der Kirche in HarpertshausenIm Restaurant La casaDer WartturmNicht die drei von der TankstelleDer Blick in die FerneDie Jungs mit ihren Maschinen Blick auf den TurmBlick vom TurmDie Strau\u00dfenKein Strau\u00df Bilder: Monika, Johannes\", \"Deutsch Female\");\n                }\n            };\n        <\/script>\n    \n\n\n\n<p class=\"has-medium-font-size\">Einen Tag vor dem Start noch angenehmes Maiwetter. Nieselregen am Freitagmorgen beim Start in Waldacker. Regenkleidung war dringend erforderlich. Zum Treffpunkt Umspannwerk im Ortsteil Breidert fuhr die Gruppe Waldacker heute nur mit 2 Personen. Dort warteten die \u00fcbrigen 14 Radlerinnen und Radler. Inzwischen hatte es aber wieder zu regnen aufgeh\u00f6rt. Nach den einladenden Worten von Gerhard Elsesser, der die heutige Tour f\u00fchrte, machte sich die Gruppe auf den Weg in Richtung Eppertshausen, M\u00fcnster-Altheim, Harpertshausen und Langstadt. Im Wald zwischen Landstadt und Schaafheim entschloss sich ein Teil der Gruppe, das mitgebrachte Picknick in einer Waldh\u00fctte zu verzehren, w\u00e4hrend der andere Teil es vorzog, in Schaafheim in gem\u00fctlicher Runde im Lokal La Casa einzukehren. Eigentlich war ein Picknick auf dem Wartturm geplant, aber wie schon erw\u00e4hnt, war das Wetter f\u00fcr den einen oder anderen doch nicht so ganz nach dem Geschmack. Nach dem Mittagessen traf sich die zuvor getrennte Gruppe am Parkplatz des Restaurants La Casa zum Wartturmaufstieg. Der Anstieg auf den Wartturm ist sowohl f\u00fcr das E-Bike als auch f\u00fcr den Radler bzw. die Radlerin etwas anstrengender als gewohnt, stellt aber trotzdem keine allzu gro\u00dfe Herausforderung dar. Auf dem Wartturm angekommen, gab es eine Runde selbstgebrannten Apfelschnaps von Gerhard Nenner, einem Radler, der im letzten Jahr hinzugekommen war. Nach einer kurzen Pause in dieser luftigen H\u00f6he setzte sich die Gruppe wieder in Bewegung in Richtung Strau\u00dfenfarm. Auch hier wurde wieder eine kurze Pause eingelegt, um die Strau\u00dfe beobachten zu k\u00f6nnen. Danach begann die etwas rasante Abfahrt nach Schlierbach. Von dort ging es gem\u00fctlich weiter nach Kleestadt, Harpertshausen, Hergershausen und \u00fcber Eppertshausen zur\u00fcck zum Ausgangspunkt, wo sich die Gruppe wieder trennte. In Eppertshausen kurzer Zwischenstopp dort besuchte die Gruppe das Grab eines k\u00fcrzlich nach schwerer Krankheit verstorbenen Kollegen Gerhard Hasenzahl. Alles in allem wieder eine sch\u00f6ne Radtour unter der F\u00fchrung von Gerhard Elsesser.<\/p>\n\n\n\n<div class=\"wp-block-jetpack-slideshow aligncenter is-style-rectangular\"><div data-autoplay=\"true\" data-delay=\"5\" data-effect=\"slide\"><div class=\"wp-block-jetpack-slideshow_container swiper-container\"><ul class=\"wp-block-jetpack-slideshow_swiper-wrapper swiper-wrapper\"><li class=\"wp-block-jetpack-slideshow_slide swiper-slide\"><figure><img data-recalc-dims=\"1\" loading=\"lazy\" decoding=\"async\" width=\"960\" height=\"1280\" alt=\"\" class=\"wp-block-jetpack-slideshow_image wp-image-24242\" data-id=\"24242\" src=\"https:\/\/i0.wp.com\/www.quartier-waldacker.de\/wp-content\/uploads\/2024\/05\/WhatsApp-Bild-2024-05-03-um-18.33.jpg?resize=960%2C1280&#038;ssl=1\" srcset=\"https:\/\/i0.wp.com\/www.quartier-waldacker.de\/wp-content\/uploads\/2024\/05\/WhatsApp-Bild-2024-05-03-um-18.33.jpg?w=960&amp;ssl=1 960w, https:\/\/i0.wp.com\/www.quartier-waldacker.de\/wp-content\/uploads\/2024\/05\/WhatsApp-Bild-2024-05-03-um-18.33.jpg?resize=225%2C300&amp;ssl=1 225w, https:\/\/i0.wp.com\/www.quartier-waldacker.de\/wp-content\/uploads\/2024\/05\/WhatsApp-Bild-2024-05-03-um-18.33.jpg?resize=768%2C1024&amp;ssl=1 768w\" sizes=\"(max-width: 960px) 100vw, 960px\" \/><figcaption class=\"wp-block-jetpack-slideshow_caption gallery-caption\">An der Kirche in Harpertshausen<\/figcaption><\/figure><\/li><li class=\"wp-block-jetpack-slideshow_slide swiper-slide\"><figure><img data-recalc-dims=\"1\" loading=\"lazy\" decoding=\"async\" width=\"1200\" height=\"900\" alt=\"\" class=\"wp-block-jetpack-slideshow_image wp-image-24233\" data-id=\"24233\" src=\"https:\/\/i0.wp.com\/www.quartier-waldacker.de\/wp-content\/uploads\/2024\/05\/La-Casa.jpg?resize=1200%2C900&#038;ssl=1\" srcset=\"https:\/\/i0.wp.com\/www.quartier-waldacker.de\/wp-content\/uploads\/2024\/05\/La-Casa.jpg?w=1280&amp;ssl=1 1280w, https:\/\/i0.wp.com\/www.quartier-waldacker.de\/wp-content\/uploads\/2024\/05\/La-Casa.jpg?resize=300%2C225&amp;ssl=1 300w, https:\/\/i0.wp.com\/www.quartier-waldacker.de\/wp-content\/uploads\/2024\/05\/La-Casa.jpg?resize=1024%2C768&amp;ssl=1 1024w, https:\/\/i0.wp.com\/www.quartier-waldacker.de\/wp-content\/uploads\/2024\/05\/La-Casa.jpg?resize=768%2C576&amp;ssl=1 768w\" sizes=\"(max-width: 1200px) 100vw, 1200px\" \/><figcaption class=\"wp-block-jetpack-slideshow_caption gallery-caption\">Im Restaurant La casa<\/figcaption><\/figure><\/li><li class=\"wp-block-jetpack-slideshow_slide swiper-slide\"><figure><img data-recalc-dims=\"1\" loading=\"lazy\" decoding=\"async\" width=\"960\" height=\"1280\" alt=\"\" class=\"wp-block-jetpack-slideshow_image wp-image-24236\" data-id=\"24236\" src=\"https:\/\/i0.wp.com\/www.quartier-waldacker.de\/wp-content\/uploads\/2024\/05\/Wartturm1.jpg?resize=960%2C1280&#038;ssl=1\" srcset=\"https:\/\/i0.wp.com\/www.quartier-waldacker.de\/wp-content\/uploads\/2024\/05\/Wartturm1.jpg?w=960&amp;ssl=1 960w, https:\/\/i0.wp.com\/www.quartier-waldacker.de\/wp-content\/uploads\/2024\/05\/Wartturm1.jpg?resize=225%2C300&amp;ssl=1 225w, https:\/\/i0.wp.com\/www.quartier-waldacker.de\/wp-content\/uploads\/2024\/05\/Wartturm1.jpg?resize=768%2C1024&amp;ssl=1 768w\" sizes=\"(max-width: 960px) 100vw, 960px\" \/><figcaption class=\"wp-block-jetpack-slideshow_caption gallery-caption\">Der Wartturm<\/figcaption><\/figure><\/li><li class=\"wp-block-jetpack-slideshow_slide swiper-slide\"><figure><img data-recalc-dims=\"1\" loading=\"lazy\" decoding=\"async\" width=\"960\" height=\"1280\" alt=\"\" class=\"wp-block-jetpack-slideshow_image wp-image-24235\" data-id=\"24235\" src=\"https:\/\/i0.wp.com\/www.quartier-waldacker.de\/wp-content\/uploads\/2024\/05\/Wartturm-2.jpg?resize=960%2C1280&#038;ssl=1\" srcset=\"https:\/\/i0.wp.com\/www.quartier-waldacker.de\/wp-content\/uploads\/2024\/05\/Wartturm-2.jpg?w=960&amp;ssl=1 960w, https:\/\/i0.wp.com\/www.quartier-waldacker.de\/wp-content\/uploads\/2024\/05\/Wartturm-2.jpg?resize=225%2C300&amp;ssl=1 225w, https:\/\/i0.wp.com\/www.quartier-waldacker.de\/wp-content\/uploads\/2024\/05\/Wartturm-2.jpg?resize=768%2C1024&amp;ssl=1 768w\" sizes=\"(max-width: 960px) 100vw, 960px\" \/><figcaption class=\"wp-block-jetpack-slideshow_caption gallery-caption\">Nicht die drei von der Tankstelle<\/figcaption><\/figure><\/li><li class=\"wp-block-jetpack-slideshow_slide swiper-slide\"><figure><img data-recalc-dims=\"1\" loading=\"lazy\" decoding=\"async\" width=\"960\" height=\"1280\" alt=\"\" class=\"wp-block-jetpack-slideshow_image wp-image-24237\" data-id=\"24237\" src=\"https:\/\/i0.wp.com\/www.quartier-waldacker.de\/wp-content\/uploads\/2024\/05\/Wartturm-3.jpg?resize=960%2C1280&#038;ssl=1\" srcset=\"https:\/\/i0.wp.com\/www.quartier-waldacker.de\/wp-content\/uploads\/2024\/05\/Wartturm-3.jpg?w=960&amp;ssl=1 960w, https:\/\/i0.wp.com\/www.quartier-waldacker.de\/wp-content\/uploads\/2024\/05\/Wartturm-3.jpg?resize=225%2C300&amp;ssl=1 225w, https:\/\/i0.wp.com\/www.quartier-waldacker.de\/wp-content\/uploads\/2024\/05\/Wartturm-3.jpg?resize=768%2C1024&amp;ssl=1 768w\" sizes=\"(max-width: 960px) 100vw, 960px\" \/><figcaption class=\"wp-block-jetpack-slideshow_caption gallery-caption\">Der Blick in die Ferne<\/figcaption><\/figure><\/li><li class=\"wp-block-jetpack-slideshow_slide swiper-slide\"><figure><img data-recalc-dims=\"1\" loading=\"lazy\" decoding=\"async\" width=\"960\" height=\"1280\" alt=\"\" class=\"wp-block-jetpack-slideshow_image wp-image-24238\" data-id=\"24238\" src=\"https:\/\/i0.wp.com\/www.quartier-waldacker.de\/wp-content\/uploads\/2024\/05\/Wartturm-4.jpg?resize=960%2C1280&#038;ssl=1\" srcset=\"https:\/\/i0.wp.com\/www.quartier-waldacker.de\/wp-content\/uploads\/2024\/05\/Wartturm-4.jpg?w=960&amp;ssl=1 960w, https:\/\/i0.wp.com\/www.quartier-waldacker.de\/wp-content\/uploads\/2024\/05\/Wartturm-4.jpg?resize=225%2C300&amp;ssl=1 225w, https:\/\/i0.wp.com\/www.quartier-waldacker.de\/wp-content\/uploads\/2024\/05\/Wartturm-4.jpg?resize=768%2C1024&amp;ssl=1 768w\" sizes=\"(max-width: 960px) 100vw, 960px\" \/><figcaption class=\"wp-block-jetpack-slideshow_caption gallery-caption\">Die Jungs mit ihren Maschinen <\/figcaption><\/figure><\/li><li class=\"wp-block-jetpack-slideshow_slide swiper-slide\"><figure><img data-recalc-dims=\"1\" loading=\"lazy\" decoding=\"async\" width=\"960\" height=\"1280\" alt=\"\" class=\"wp-block-jetpack-slideshow_image wp-image-24239\" data-id=\"24239\" src=\"https:\/\/i0.wp.com\/www.quartier-waldacker.de\/wp-content\/uploads\/2024\/05\/Wartturm-5.jpg?resize=960%2C1280&#038;ssl=1\" srcset=\"https:\/\/i0.wp.com\/www.quartier-waldacker.de\/wp-content\/uploads\/2024\/05\/Wartturm-5.jpg?w=960&amp;ssl=1 960w, https:\/\/i0.wp.com\/www.quartier-waldacker.de\/wp-content\/uploads\/2024\/05\/Wartturm-5.jpg?resize=225%2C300&amp;ssl=1 225w, https:\/\/i0.wp.com\/www.quartier-waldacker.de\/wp-content\/uploads\/2024\/05\/Wartturm-5.jpg?resize=768%2C1024&amp;ssl=1 768w\" sizes=\"(max-width: 960px) 100vw, 960px\" \/><figcaption class=\"wp-block-jetpack-slideshow_caption gallery-caption\">Blick auf den Turm<\/figcaption><\/figure><\/li><li class=\"wp-block-jetpack-slideshow_slide swiper-slide\"><figure><img data-recalc-dims=\"1\" loading=\"lazy\" decoding=\"async\" width=\"1200\" height=\"900\" alt=\"\" class=\"wp-block-jetpack-slideshow_image wp-image-24240\" data-id=\"24240\" src=\"https:\/\/i0.wp.com\/www.quartier-waldacker.de\/wp-content\/uploads\/2024\/05\/Wartturm-6.jpg?resize=1200%2C900&#038;ssl=1\" srcset=\"https:\/\/i0.wp.com\/www.quartier-waldacker.de\/wp-content\/uploads\/2024\/05\/Wartturm-6.jpg?w=1280&amp;ssl=1 1280w, https:\/\/i0.wp.com\/www.quartier-waldacker.de\/wp-content\/uploads\/2024\/05\/Wartturm-6.jpg?resize=300%2C225&amp;ssl=1 300w, https:\/\/i0.wp.com\/www.quartier-waldacker.de\/wp-content\/uploads\/2024\/05\/Wartturm-6.jpg?resize=1024%2C768&amp;ssl=1 1024w, https:\/\/i0.wp.com\/www.quartier-waldacker.de\/wp-content\/uploads\/2024\/05\/Wartturm-6.jpg?resize=768%2C576&amp;ssl=1 768w\" sizes=\"(max-width: 1200px) 100vw, 1200px\" \/><figcaption class=\"wp-block-jetpack-slideshow_caption gallery-caption\">Blick vom Turm<\/figcaption><\/figure><\/li><li class=\"wp-block-jetpack-slideshow_slide swiper-slide\"><figure><img data-recalc-dims=\"1\" loading=\"lazy\" decoding=\"async\" width=\"960\" height=\"1280\" alt=\"\" class=\"wp-block-jetpack-slideshow_image wp-image-24234\" data-id=\"24234\" src=\"https:\/\/i0.wp.com\/www.quartier-waldacker.de\/wp-content\/uploads\/2024\/05\/Straussen.jpg?resize=960%2C1280&#038;ssl=1\" srcset=\"https:\/\/i0.wp.com\/www.quartier-waldacker.de\/wp-content\/uploads\/2024\/05\/Straussen.jpg?w=960&amp;ssl=1 960w, https:\/\/i0.wp.com\/www.quartier-waldacker.de\/wp-content\/uploads\/2024\/05\/Straussen.jpg?resize=225%2C300&amp;ssl=1 225w, https:\/\/i0.wp.com\/www.quartier-waldacker.de\/wp-content\/uploads\/2024\/05\/Straussen.jpg?resize=768%2C1024&amp;ssl=1 768w\" sizes=\"(max-width: 960px) 100vw, 960px\" \/><figcaption class=\"wp-block-jetpack-slideshow_caption gallery-caption\">Die Strau\u00dfen<\/figcaption><\/figure><\/li><li class=\"wp-block-jetpack-slideshow_slide swiper-slide\"><figure><img data-recalc-dims=\"1\" loading=\"lazy\" decoding=\"async\" width=\"960\" height=\"1280\" alt=\"\" class=\"wp-block-jetpack-slideshow_image wp-image-24241\" data-id=\"24241\" src=\"https:\/\/i0.wp.com\/www.quartier-waldacker.de\/wp-content\/uploads\/2024\/05\/WhatsApp-Bild-2024-05-03-um-17.35.jpg?resize=960%2C1280&#038;ssl=1\" srcset=\"https:\/\/i0.wp.com\/www.quartier-waldacker.de\/wp-content\/uploads\/2024\/05\/WhatsApp-Bild-2024-05-03-um-17.35.jpg?w=960&amp;ssl=1 960w, https:\/\/i0.wp.com\/www.quartier-waldacker.de\/wp-content\/uploads\/2024\/05\/WhatsApp-Bild-2024-05-03-um-17.35.jpg?resize=225%2C300&amp;ssl=1 225w, https:\/\/i0.wp.com\/www.quartier-waldacker.de\/wp-content\/uploads\/2024\/05\/WhatsApp-Bild-2024-05-03-um-17.35.jpg?resize=768%2C1024&amp;ssl=1 768w\" sizes=\"(max-width: 960px) 100vw, 960px\" \/><figcaption class=\"wp-block-jetpack-slideshow_caption gallery-caption\">Kein Strau\u00df<\/figcaption><\/figure><\/li><\/ul><a class=\"wp-block-jetpack-slideshow_button-prev swiper-button-prev swiper-button-white\" role=\"button\"><\/a><a class=\"wp-block-jetpack-slideshow_button-next swiper-button-next swiper-button-white\" role=\"button\"><\/a><a aria-label=\"Pause Slideshow\" class=\"wp-block-jetpack-slideshow_button-pause\" role=\"button\"><\/a><div class=\"wp-block-jetpack-slideshow_pagination swiper-pagination swiper-pagination-white\"><\/div><\/div><\/div><\/div>\n\n\n\n<p>Bilder: Monika, Johannes<\/p>\n\n\n<div class=\"gb-container gb-container-5888caaa\">\n<div class=\"gb-container gb-container-0620774e\">\n\n\t\t<div id=\"maps-marker-pro-9e87b782\" class=\"maps-marker-pro mmp-list-below\" style=\"width: 640px;\">\n\t\t\t<div id=\"mmp-map-wrap-9e87b782\" class=\"mmp-map-wrap\">\n\t\t\t\t\t\t\t\t\t<div id=\"mmp-panel-9e87b782\" class=\"mmp-panel\"><\/div>\n\t\t\t\t\t\t\t\t<div id=\"mmp-map-9e87b782\" class=\"mmp-map\" style=\"height: 480px;\"><\/div>\n\t\t\t\t\t\t\t\t\t<div id=\"mmp-chart-wrap-9e87b782\" class=\"mmp-gpx-chart-wrap\" style=\"height: 200px;\"><\/div>\n\t\t\t\t\t\t\t<\/div>\n\t\t\t\t\t\t\t<div id=\"mmp-list-9e87b782\" class=\"mmp-list\" style=\"flex-basis: 400px;\"><\/div>\n\t\t\t\t\t<\/div>\n\t\t\n\n<\/div>\n<\/div>","protected":false},"excerpt":{"rendered":"<p>Einen Tag vor dem Start noch angenehmes Maiwetter. Nieselregen am Freitagmorgen beim Start in Waldacker. Regenkleidung war dringend erforderlich. Zum Treffpunkt Umspannwerk im Ortsteil Breidert fuhr die Gruppe Waldacker heute nur mit 2 Personen. Dort warteten die \u00fcbrigen 14 Radlerinnen und Radler. Inzwischen hatte es aber wieder zu regnen aufgeh\u00f6rt. Nach den einladenden Worten von &#8230; <a title=\"Radtour zum Wartturm bei Schaafheim (55 km)\" class=\"read-more\" href=\"https:\/\/www.quartier-waldacker.de\/?p=24231\" aria-label=\"Mehr Informationen \u00fcber Radtour zum Wartturm bei Schaafheim (55 km)\">Weiterlesen<\/a><\/p>\n","protected":false},"author":5,"featured_media":23902,"comment_status":"open","ping_status":"closed","sticky":false,"template":"","format":"standard","meta":{"generate_page_header":"","_jetpack_memberships_contains_paid_content":false,"footnotes":""},"categories":[126],"tags":[197,203,317],"class_list":["post-24231","post","type-post","status-publish","format-standard","has-post-thumbnail","hentry","category-radtouren","tag-radfahren","tag-radtouren","tag-roedermark"],"jetpack_featured_media_url":"https:\/\/i0.wp.com\/www.quartier-waldacker.de\/wp-content\/uploads\/2017\/03\/Header_Gruppe_2024_ab2024.jpg?fit=1280%2C300&ssl=1","jetpack-related-posts":[{"id":27048,"url":"https:\/\/www.quartier-waldacker.de\/?p=27048","url_meta":{"origin":24231,"position":0},"title":"Picknick am Wartturm bei Schaafsheim","author":"admin","date":"19. Juli 2025","format":false,"excerpt":"Bei bestem Radlerwetter starteten 18 Radlerinnen und Radler am 18.07.2025 am Schillerhaus in Urberach. Einige von ihnen hatten zuvor das Angebot des Schillerhauses \"Fr\u00fchst\u00fcck mit Schiller\" in Anspruch genommen. Hinweg: Die Route f\u00fchrte vom Schillerhaus in Richtung Eppertshausen und passierte dabei die Thomash\u00fctte. Weiter ging es \u00fcber M\u00fcnster, Harpertshausen und\u2026","rel":"","context":"In &quot;Radtouren&quot;","block_context":{"text":"Radtouren","link":"https:\/\/www.quartier-waldacker.de\/?cat=126"},"img":{"alt_text":"","src":"https:\/\/i0.wp.com\/www.quartier-waldacker.de\/wp-content\/uploads\/2025\/03\/Header_Gruppe_2025sr.jpg?fit=1200%2C281&ssl=1&resize=350%2C200","width":350,"height":200,"srcset":"https:\/\/i0.wp.com\/www.quartier-waldacker.de\/wp-content\/uploads\/2025\/03\/Header_Gruppe_2025sr.jpg?fit=1200%2C281&ssl=1&resize=350%2C200 1x, https:\/\/i0.wp.com\/www.quartier-waldacker.de\/wp-content\/uploads\/2025\/03\/Header_Gruppe_2025sr.jpg?fit=1200%2C281&ssl=1&resize=525%2C300 1.5x, https:\/\/i0.wp.com\/www.quartier-waldacker.de\/wp-content\/uploads\/2025\/03\/Header_Gruppe_2025sr.jpg?fit=1200%2C281&ssl=1&resize=700%2C400 2x, https:\/\/i0.wp.com\/www.quartier-waldacker.de\/wp-content\/uploads\/2025\/03\/Header_Gruppe_2025sr.jpg?fit=1200%2C281&ssl=1&resize=1050%2C600 3x"},"classes":[]},{"id":24891,"url":"https:\/\/www.quartier-waldacker.de\/?p=24891","url_meta":{"origin":24231,"position":1},"title":"Radtour nach Gro\u00dfostheim zur Heckenwirtschaft Ewald (ca. 64 km)","author":"Johannes","date":"27. Juli 2024","format":false,"excerpt":"Jetzt ist Heckezeit. Das hat Gerhard Elsesser zu einer Radtour nach Gro\u00dfostheim zur Heckenwirtschaft Ewald veranlasst. Am 26. Juli 2024 machten sich 17 Radlerinnen und Radler auf den Weg nach Gro\u00dfostheim. Da die Heckenwirtschaft erst ab 15:00 Uhr ge\u00f6ffnet hatte, wurde die Abfahrt um eine Stunde auf 12:00 Uhr verschoben.\u2026","rel":"","context":"In &quot;Radtouren&quot;","block_context":{"text":"Radtouren","link":"https:\/\/www.quartier-waldacker.de\/?cat=126"},"img":{"alt_text":"","src":"https:\/\/i0.wp.com\/www.quartier-waldacker.de\/wp-content\/uploads\/2017\/03\/Header_Gruppe_2024_ab2024.jpg?fit=1200%2C281&ssl=1&resize=350%2C200","width":350,"height":200,"srcset":"https:\/\/i0.wp.com\/www.quartier-waldacker.de\/wp-content\/uploads\/2017\/03\/Header_Gruppe_2024_ab2024.jpg?fit=1200%2C281&ssl=1&resize=350%2C200 1x, https:\/\/i0.wp.com\/www.quartier-waldacker.de\/wp-content\/uploads\/2017\/03\/Header_Gruppe_2024_ab2024.jpg?fit=1200%2C281&ssl=1&resize=525%2C300 1.5x, https:\/\/i0.wp.com\/www.quartier-waldacker.de\/wp-content\/uploads\/2017\/03\/Header_Gruppe_2024_ab2024.jpg?fit=1200%2C281&ssl=1&resize=700%2C400 2x, https:\/\/i0.wp.com\/www.quartier-waldacker.de\/wp-content\/uploads\/2017\/03\/Header_Gruppe_2024_ab2024.jpg?fit=1200%2C281&ssl=1&resize=1050%2C600 3x"},"classes":[]},{"id":25592,"url":"https:\/\/www.quartier-waldacker.de\/?p=25592","url_meta":{"origin":24231,"position":2},"title":"Radtour in die Umst\u00e4dter Weinberge (ca.51 km)","author":"Johannes","date":"19. Oktober 2024","format":false,"excerpt":"Start:Der Treffpunkt f\u00fcr die heutige Exkursion war an den \"Rentnerb\u00e4nken\" am Ortsrand von Ober-Roden. Laut Wettervorhersage sollte es trocken bleiben. Ab und zu sollte sich sogar die Sonne zeigen. Und so war es dann auch. Unser geplantes Einkehrlokal, das Restaurant Zum Lamm in Kleestadt, \u00f6ffnet normalerweise erst um 16 Uhr.\u2026","rel":"","context":"In &quot;Radtouren&quot;","block_context":{"text":"Radtouren","link":"https:\/\/www.quartier-waldacker.de\/?cat=126"},"img":{"alt_text":"","src":"https:\/\/i0.wp.com\/www.quartier-waldacker.de\/wp-content\/uploads\/2024\/03\/Header_Gruppe_2024sr1.jpg?fit=1200%2C281&ssl=1&resize=350%2C200","width":350,"height":200,"srcset":"https:\/\/i0.wp.com\/www.quartier-waldacker.de\/wp-content\/uploads\/2024\/03\/Header_Gruppe_2024sr1.jpg?fit=1200%2C281&ssl=1&resize=350%2C200 1x, https:\/\/i0.wp.com\/www.quartier-waldacker.de\/wp-content\/uploads\/2024\/03\/Header_Gruppe_2024sr1.jpg?fit=1200%2C281&ssl=1&resize=525%2C300 1.5x, https:\/\/i0.wp.com\/www.quartier-waldacker.de\/wp-content\/uploads\/2024\/03\/Header_Gruppe_2024sr1.jpg?fit=1200%2C281&ssl=1&resize=700%2C400 2x, https:\/\/i0.wp.com\/www.quartier-waldacker.de\/wp-content\/uploads\/2024\/03\/Header_Gruppe_2024sr1.jpg?fit=1200%2C281&ssl=1&resize=1050%2C600 3x"},"classes":[]},{"id":19526,"url":"https:\/\/www.quartier-waldacker.de\/?p=19526","url_meta":{"origin":24231,"position":3},"title":"Radsaison 2019 ist beendet","author":"admin","date":"24. November 2019","format":"image","excerpt":"Die allj\u00e4hrliche Saison der Radfahrer der Quartiersgruppe Waldacker beginnt und endet mit dem WumboR Rundweg. Am 22. Nov. gingen 20 unentwegte Radfahrer bei nass kaltem Wetter auf die letzte Tour. Anschlie\u00dfenden trafen sich die Biker\/innen in der Gastst\u00e4tte \u201eZum L\u00f6wen\u201c zu einer kleinen Abschluss Feier mit Ehrung der Meistteilnehmenden und\u2026","rel":"","context":"In &quot;AG-Radfahren&quot;","block_context":{"text":"AG-Radfahren","link":"https:\/\/www.quartier-waldacker.de\/?cat=202"},"img":{"alt_text":"","src":"https:\/\/i0.wp.com\/www.quartier-waldacker.de\/wp-content\/uploads\/2019\/11\/WA_Quartier_Rad_Abschluss19_02-300x203.jpg?resize=350%2C200&ssl=1","width":350,"height":200},"classes":[]},{"id":25434,"url":"https:\/\/www.quartier-waldacker.de\/?p=25434","url_meta":{"origin":24231,"position":4},"title":"Alternative Radtour nach Langen und Umgebung (50km)","author":"Johannes","date":"28. September 2024","format":false,"excerpt":"Start:Am Freitag, den 27. September trafen sich 18 Unentwegte um 11.00 Uhr am Bahnhof Urberach zur obligatorischen Freitagstour. Bei der einleitenden kurzen Tourenbesprechung durch den Tourenleiter Gerhard Elsesser wurde die geplante Radtour nach Nauheim wetterbedingt abgesagt. Am Vortag hatte es in der Region stark geregnet und auch f\u00fcr den heutigen\u2026","rel":"","context":"In &quot;Radtouren&quot;","block_context":{"text":"Radtouren","link":"https:\/\/www.quartier-waldacker.de\/?cat=126"},"img":{"alt_text":"","src":"https:\/\/i0.wp.com\/www.quartier-waldacker.de\/wp-content\/uploads\/2017\/03\/Header_Gruppe_2024_ab2024.jpg?fit=1200%2C281&ssl=1&resize=350%2C200","width":350,"height":200,"srcset":"https:\/\/i0.wp.com\/www.quartier-waldacker.de\/wp-content\/uploads\/2017\/03\/Header_Gruppe_2024_ab2024.jpg?fit=1200%2C281&ssl=1&resize=350%2C200 1x, https:\/\/i0.wp.com\/www.quartier-waldacker.de\/wp-content\/uploads\/2017\/03\/Header_Gruppe_2024_ab2024.jpg?fit=1200%2C281&ssl=1&resize=525%2C300 1.5x, https:\/\/i0.wp.com\/www.quartier-waldacker.de\/wp-content\/uploads\/2017\/03\/Header_Gruppe_2024_ab2024.jpg?fit=1200%2C281&ssl=1&resize=700%2C400 2x, https:\/\/i0.wp.com\/www.quartier-waldacker.de\/wp-content\/uploads\/2017\/03\/Header_Gruppe_2024_ab2024.jpg?fit=1200%2C281&ssl=1&resize=1050%2C600 3x"},"classes":[]},{"id":22568,"url":"https:\/\/www.quartier-waldacker.de\/?p=22568","url_meta":{"origin":24231,"position":5},"title":"Radtour nach Gro\u00dfostheim mit Einkehr im Weinhaus Becker (62 km)Rad","author":"admin","date":"28. Mai 2023","format":false,"excerpt":"27 Radlerinnen und Radler starteten am Freitag, den 26. Mai um 10.30 Uhr bei bestem Wetter. Auch unser langj\u00e4hriger Tourenbegleiter Gerhard H. aus Eppertshausen lie\u00df es sich trotz seiner schweren Krankheit nicht nehmen, mitzufahren, allerdings nur bis Schaafheim. Die Wiedersehensfreude unter den Radlerinnen und Radlern war gro\u00df. Gef\u00fchrt wurde die\u2026","rel":"","context":"In &quot;Radtouren&quot;","block_context":{"text":"Radtouren","link":"https:\/\/www.quartier-waldacker.de\/?cat=126"},"img":{"alt_text":"","src":"https:\/\/i0.wp.com\/www.quartier-waldacker.de\/wp-content\/uploads\/2023\/03\/Header_Gruppe.jpg?fit=1200%2C281&ssl=1&resize=350%2C200","width":350,"height":200,"srcset":"https:\/\/i0.wp.com\/www.quartier-waldacker.de\/wp-content\/uploads\/2023\/03\/Header_Gruppe.jpg?fit=1200%2C281&ssl=1&resize=350%2C200 1x, https:\/\/i0.wp.com\/www.quartier-waldacker.de\/wp-content\/uploads\/2023\/03\/Header_Gruppe.jpg?fit=1200%2C281&ssl=1&resize=525%2C300 1.5x, https:\/\/i0.wp.com\/www.quartier-waldacker.de\/wp-content\/uploads\/2023\/03\/Header_Gruppe.jpg?fit=1200%2C281&ssl=1&resize=700%2C400 2x, https:\/\/i0.wp.com\/www.quartier-waldacker.de\/wp-content\/uploads\/2023\/03\/Header_Gruppe.jpg?fit=1200%2C281&ssl=1&resize=1050%2C600 3x"},"classes":[]}],"jetpack_sharing_enabled":true,"rttpg_featured_image_url":{"full":["https:\/\/i0.wp.com\/www.quartier-waldacker.de\/wp-content\/uploads\/2017\/03\/Header_Gruppe_2024_ab2024.jpg?fit=1280%2C300&ssl=1",1280,300,false],"landscape":["https:\/\/www.quartier-waldacker.de\/wp-content\/uploads\/2017\/03\/Header_Gruppe_2024_ab2024.jpg",1280,300,false],"portraits":["https:\/\/www.quartier-waldacker.de\/wp-content\/uploads\/2017\/03\/Header_Gruppe_2024_ab2024.jpg",1280,300,false],"thumbnail":["https:\/\/i0.wp.com\/www.quartier-waldacker.de\/wp-content\/uploads\/2017\/03\/Header_Gruppe_2024_ab2024.jpg?resize=150%2C150&ssl=1",150,150,true],"medium":["https:\/\/i0.wp.com\/www.quartier-waldacker.de\/wp-content\/uploads\/2017\/03\/Header_Gruppe_2024_ab2024.jpg?fit=300%2C70&ssl=1",300,70,true],"large":["https:\/\/i0.wp.com\/www.quartier-waldacker.de\/wp-content\/uploads\/2017\/03\/Header_Gruppe_2024_ab2024.jpg?fit=1024%2C240&ssl=1",1024,240,true],"1536x1536":["https:\/\/i0.wp.com\/www.quartier-waldacker.de\/wp-content\/uploads\/2017\/03\/Header_Gruppe_2024_ab2024.jpg?fit=1280%2C300&ssl=1",1280,300,true],"2048x2048":["https:\/\/i0.wp.com\/www.quartier-waldacker.de\/wp-content\/uploads\/2017\/03\/Header_Gruppe_2024_ab2024.jpg?fit=1280%2C300&ssl=1",1280,300,true]},"rttpg_author":{"display_name":"Johannes","author_link":"https:\/\/www.quartier-waldacker.de\/?author=5"},"rttpg_comment":0,"rttpg_category":"<a href=\"https:\/\/www.quartier-waldacker.de\/?cat=126\" rel=\"category\">Radtouren<\/a>","rttpg_excerpt":"Einen Tag vor dem Start noch angenehmes Maiwetter. Nieselregen am Freitagmorgen beim Start in Waldacker. Regenkleidung war dringend erforderlich. Zum Treffpunkt Umspannwerk im Ortsteil Breidert fuhr die Gruppe Waldacker heute nur mit 2 Personen. Dort warteten die \u00fcbrigen 14 Radlerinnen und Radler. Inzwischen hatte es aber wieder zu regnen aufgeh\u00f6rt. Nach den einladenden Worten von&hellip;","_links":{"self":[{"href":"https:\/\/www.quartier-waldacker.de\/index.php?rest_route=\/wp\/v2\/posts\/24231","targetHints":{"allow":["GET"]}}],"collection":[{"href":"https:\/\/www.quartier-waldacker.de\/index.php?rest_route=\/wp\/v2\/posts"}],"about":[{"href":"https:\/\/www.quartier-waldacker.de\/index.php?rest_route=\/wp\/v2\/types\/post"}],"author":[{"embeddable":true,"href":"https:\/\/www.quartier-waldacker.de\/index.php?rest_route=\/wp\/v2\/users\/5"}],"replies":[{"embeddable":true,"href":"https:\/\/www.quartier-waldacker.de\/index.php?rest_route=%2Fwp%2Fv2%2Fcomments&post=24231"}],"version-history":[{"count":0,"href":"https:\/\/www.quartier-waldacker.de\/index.php?rest_route=\/wp\/v2\/posts\/24231\/revisions"}],"wp:featuredmedia":[{"embeddable":true,"href":"https:\/\/www.quartier-waldacker.de\/index.php?rest_route=\/wp\/v2\/media\/23902"}],"wp:attachment":[{"href":"https:\/\/www.quartier-waldacker.de\/index.php?rest_route=%2Fwp%2Fv2%2Fmedia&parent=24231"}],"wp:term":[{"taxonomy":"category","embeddable":true,"href":"https:\/\/www.quartier-waldacker.de\/index.php?rest_route=%2Fwp%2Fv2%2Fcategories&post=24231"},{"taxonomy":"post_tag","embeddable":true,"href":"https:\/\/www.quartier-waldacker.de\/index.php?rest_route=%2Fwp%2Fv2%2Ftags&post=24231"}],"curies":[{"name":"wp","href":"https:\/\/api.w.org\/{rel}","templated":true}]}}