{"id":23923,"date":"2024-04-15T20:32:40","date_gmt":"2024-04-15T18:32:40","guid":{"rendered":"https:\/\/www.quartier-waldacker.de\/?p=23923"},"modified":"2024-04-21T09:57:11","modified_gmt":"2024-04-21T07:57:11","slug":"habe-die-ehre-loriot-zum-100-geburtstag","status":"publish","type":"post","link":"https:\/\/www.quartier-waldacker.de\/?p=23923","title":{"rendered":"Habe die Ehre! \u00a0Loriot zum 100. Geburtstag"},"content":{"rendered":"<button id=\"listenButton1\" class=\"responsivevoice-button\" type=\"button\" value=\"Play\" title=\"ResponsiveVoice Tap to Start\/Stop Speech\"><span>&#128266; Vorlesen<\/span><\/button>\n        <script>\n            listenButton1.onclick = function(){\n                if(responsiveVoice.isPlaying()){\n                    responsiveVoice.cancel();\n                }else{\n                    responsiveVoice.speak(\"Die anf\u00e4ngliche Unruhe, wer denn alles kommen w\u00fcrde, verflog, als kurz nach 14 Uhr die ersten G\u00e4ste im B\u00fcrgertreff Waldacker eintrafen. Flei\u00dfige Mitarbeiterinnen und Freunde des Quartiers hatten f\u00fcr ausreichend Kaffee, Kuchen und Obstsalat gesorgt, so dass der Nachmittag zu Ehren des 100. Geburtstages von Vicco von B\u00fclow alias Loriot in geselliger Runde verbracht werden konnte. Die Besucher wurden durch die bekannten Anekdoten des ber\u00fchmten Humoristen, die an den W\u00e4nden des B\u00fcrgertreffs hingen, in die richtige Stimmung versetzt. Am Ende waren es \u00fcber 60 Besucher, was eine Erweiterung der Sitzpl\u00e4tze auf die Terrasse und den Garten erforderlich machte. Gl\u00fccklicherweise spielte das angenehme Fr\u00fchlingswetter den Organisatoren in die H\u00e4nde. Gegen 16.00 Uhr ert\u00f6nte zweimal der Theatergong, der zum Einlass in den Zuschauerraum aufforderte. F\u00fcr den heutigen H\u00f6hepunkt konnte Moderatorin Annemarie Eck die ehrenamtlichen Freizeitk\u00fcnstler Regina und Jochen Schick vom Verein Lesezeichen e.V. gewinnen. Nach den einleitenden Worten der Moderatorin und der Begr\u00fc\u00dfung der Ehreng\u00e4ste, Herrn B\u00fcrgermeister J\u00f6rg Rotter und dem f\u00fcr die Quartiersarbeit neu zust\u00e4ndigen Fachbereichsleiter f\u00fcr Kultur, Heimat und Europa, Herrn Thomas M\u00f6rsdorf, \u00fcbergab sie das Wort an die Freizeitk\u00fcnstler Frau Regina und Herr Jochen Schick. Ihr Repertoire umfasste unter anderem \\\"Die Garderobe\u201c, die legend\u00e4re Ente aus \u201eDr. M\u00fcller-L\u00fcdenscheidt in der Badewanne\u201c, eine Variante von \u201eBerta das Ei ist hart\u201c, \u201eDie Nudel\u201c, \u201eWeihnachtsgeschenk f\u00fcr Dicki Hoppenstedt\u201c, \\\"Der kaputte Fernseher\\\",\\\"Feierabend (ich will nur hier sitzen)\\\" und \u201eDer sprechende Hund\u201c. Zum Abschluss trug Jochen Schick noch den besonders schwierigen Text der \\\"zwei Cousinen\\\" vor. Die Sketche waren von Frau und Herrn Schick gut in Szene gesetzt. Die Zuh\u00f6rerinnen und Zuh\u00f6rer kamen aus dem Lachen gar nicht mehr heraus. Im Anschluss an die Auff\u00fchrung bedankte sich Annemarie Ecke bei den K\u00fcnstlern mit einem kleinen Pr\u00e4sent und lie\u00df im Publikum eine Spendenbox f\u00fcr den Verein Lesezeichen e.V. herumgehen. Alles in allem war es ein gelungener Nachmittag. Er schreit geradezu nach einer Fortsetzung. Ein gro\u00dfes Lob geht an das Organisationsteam, ein besonderer Dank geht an Annemarie Eck, Andrea Sobanski und an Ute Schmidt, die uns tatkr\u00e4ftig unterst\u00fctzt hatten Besuchen Sie uns auch auf Facebook: Quartier-waldacker.de Bitte klicken Sie auf ein Bild, um die Diashow zu starten. Bilder: Bodo\", \"Deutsch Female\");\n                }\n            };\n        <\/script>\n    \n\n\n\n<p><span style=\"font-size: 20px;\">Die anf\u00e4ngliche Unruhe, wer denn alles kommen w\u00fcrde, verflog, als kurz nach 14 Uhr die ersten G\u00e4ste im B\u00fcrgertreff Waldacker eintrafen. Flei\u00dfige Mitarbeiterinnen und Freunde des Quartiers hatten f\u00fcr ausreichend Kaffee, Kuchen und Obstsalat gesorgt, so dass der Nachmittag zu Ehren des 100. Geburtstages von Vicco von B\u00fclow alias Loriot in geselliger Runde verbracht werden konnte. Die Besucher wurden durch die bekannten Anekdoten des ber\u00fchmten Humoristen, die an den W\u00e4nden des B\u00fcrgertreffs hingen, in die richtige Stimmung versetzt. Am Ende waren es \u00fcber 60 Besucher, was eine Erweiterung der Sitzpl\u00e4tze auf die Terrasse und den Garten erforderlich machte. Gl\u00fccklicherweise spielte das angenehme Fr\u00fchlingswetter den Organisatoren in die H\u00e4nde. Gegen 16.00 Uhr ert\u00f6nte zweimal der Theatergong, der zum Einlass in den Zuschauerraum aufforderte. <\/span><br \/><span style=\"font-size: 20px;\">F\u00fcr den heutigen H\u00f6hepunkt konnte Moderatorin Annemarie Eck die ehrenamtlichen Freizeitk\u00fcnstler Regina und Jochen Schick vom Verein Lesezeichen e.V. gewinnen. Nach den einleitenden Worten der Moderatorin und der Begr\u00fc\u00dfung der Ehreng\u00e4ste, Herrn B\u00fcrgermeister J\u00f6rg Rotter und dem f\u00fcr die Quartiersarbeit neu zust\u00e4ndigen Fachbereichsleiter f\u00fcr Kultur, Heimat und Europa, Herrn Thomas M\u00f6rsdorf, \u00fcbergab sie das Wort an die Freizeitk\u00fcnstler Frau Regina und Herr Jochen Schick. Ihr Repertoire umfasste unter anderem &#8220;Die Garderobe\u201c, die legend\u00e4re Ente aus \u201eDr. M\u00fcller-L\u00fcdenscheidt in der Badewanne\u201c, eine Variante von \u201eBerta das Ei ist hart\u201c, \u201eDie Nudel\u201c, \u201eWeihnachtsgeschenk f\u00fcr Dicki Hoppenstedt\u201c, &#8220;Der kaputte Fernseher&#8221;,&#8221;Feierabend (ich will nur hier sitzen)&#8221; und \u201eDer sprechende Hund\u201c. Zum Abschluss trug Jochen Schick noch den besonders schwierigen Text der &#8220;zwei Cousinen&#8221; vor. Die Sketche waren von Frau und Herrn Schick gut in Szene gesetzt. Die Zuh\u00f6rerinnen und Zuh\u00f6rer kamen aus dem Lachen gar nicht mehr heraus. Im Anschluss an die Auff\u00fchrung bedankte sich Annemarie Ecke bei den K\u00fcnstlern mit einem kleinen Pr\u00e4sent und lie\u00df im Publikum eine Spendenbox f\u00fcr den Verein Lesezeichen e.V. herumgehen. Alles in allem war es ein gelungener Nachmittag. Er schreit geradezu nach einer Fortsetzung.<\/span><\/p>\n<p><span style=\"font-size: 20px;\">Ein gro\u00dfes Lob geht an das Organisationsteam, ein besonderer Dank geht an Annemarie Eck<strong>, <\/strong>Andrea Sobanski und an Ute Schmidt, die uns tatkr\u00e4ftig unterst\u00fctzt hatten<br \/><\/span><\/p>\n\n\n\n\n\n<p><strong>Besuchen Sie uns auch auf Facebook: Quartier-waldacker.de<\/strong><\/p>\n\n\n\n<p>Bitte klicken Sie auf ein Bild, um die Diashow zu starten.<\/p>\n\n\n\n<div class=\"wp-block-columns is-layout-flex wp-container-core-columns-is-layout-9d6595d7 wp-block-columns-is-layout-flex\">\n<div class=\"wp-block-column is-layout-flow wp-block-column-is-layout-flow\" style=\"flex-basis:100%\">\n<div class=\"wp-block-jetpack-tiled-gallery aligncenter is-style-rectangular\"><div class=\"tiled-gallery__gallery\"><div class=\"tiled-gallery__row\"><div class=\"tiled-gallery__col\" style=\"flex-basis:46.91873%\"><figure class=\"tiled-gallery__item\"><img decoding=\"async\" data-attachment-id=\"23940\" data-permalink=\"https:\/\/www.quartier-waldacker.de\/?attachment_id=23940\" data-orig-file=\"https:\/\/i0.wp.com\/www.quartier-waldacker.de\/wp-content\/uploads\/2024\/04\/Loriot02.jpg?fit=1600%2C1200&amp;ssl=1\" data-orig-size=\"1600,1200\" data-comments-opened=\"1\" data-image-meta=\"{&quot;aperture&quot;:&quot;0&quot;,&quot;credit&quot;:&quot;&quot;,&quot;camera&quot;:&quot;&quot;,&quot;caption&quot;:&quot;&quot;,&quot;created_timestamp&quot;:&quot;0&quot;,&quot;copyright&quot;:&quot;&quot;,&quot;focal_length&quot;:&quot;0&quot;,&quot;iso&quot;:&quot;0&quot;,&quot;shutter_speed&quot;:&quot;0&quot;,&quot;title&quot;:&quot;&quot;,&quot;orientation&quot;:&quot;0&quot;}\" data-image-title=\"Loriot02\" data-image-description=\"\" data-image-caption=\"\" data-large-file=\"https:\/\/i0.wp.com\/www.quartier-waldacker.de\/wp-content\/uploads\/2024\/04\/Loriot02.jpg?fit=1024%2C768&amp;ssl=1\" data-attachment-id=\"23940\" data-permalink=\"https:\/\/www.quartier-waldacker.de\/?attachment_id=23940\" data-orig-file=\"https:\/\/i0.wp.com\/www.quartier-waldacker.de\/wp-content\/uploads\/2024\/04\/Loriot02.jpg?fit=1600%2C1200&amp;ssl=1\" data-orig-size=\"1600,1200\" data-comments-opened=\"1\" data-image-meta=\"{&quot;aperture&quot;:&quot;0&quot;,&quot;credit&quot;:&quot;&quot;,&quot;camera&quot;:&quot;&quot;,&quot;caption&quot;:&quot;&quot;,&quot;created_timestamp&quot;:&quot;0&quot;,&quot;copyright&quot;:&quot;&quot;,&quot;focal_length&quot;:&quot;0&quot;,&quot;iso&quot;:&quot;0&quot;,&quot;shutter_speed&quot;:&quot;0&quot;,&quot;title&quot;:&quot;&quot;,&quot;orientation&quot;:&quot;0&quot;}\" data-image-title=\"Loriot02\" data-image-description=\"\" data-image-caption=\"\" data-large-file=\"https:\/\/i0.wp.com\/www.quartier-waldacker.de\/wp-content\/uploads\/2024\/04\/Loriot02.jpg?fit=1024%2C768&amp;ssl=1\" role=\"button\" tabindex=\"0\" aria-label=\"Open image 1 of 13 in full-screen\"srcset=\"https:\/\/i1.wp.com\/www.quartier-waldacker.de\/wp-content\/uploads\/2024\/04\/Loriot02-1024x768.jpg?strip=info&#038;w=600&#038;ssl=1 600w,https:\/\/i1.wp.com\/www.quartier-waldacker.de\/wp-content\/uploads\/2024\/04\/Loriot02-1024x768.jpg?strip=info&#038;w=900&#038;ssl=1 900w,https:\/\/i1.wp.com\/www.quartier-waldacker.de\/wp-content\/uploads\/2024\/04\/Loriot02-1024x768.jpg?strip=info&#038;w=1200&#038;ssl=1 1200w,https:\/\/i1.wp.com\/www.quartier-waldacker.de\/wp-content\/uploads\/2024\/04\/Loriot02-1024x768.jpg?strip=info&#038;w=1500&#038;ssl=1 1500w,https:\/\/i1.wp.com\/www.quartier-waldacker.de\/wp-content\/uploads\/2024\/04\/Loriot02-1024x768.jpg?strip=info&#038;w=1600&#038;ssl=1 1600w\" alt=\"\" data-height=\"1200\" data-id=\"23940\" data-link=\"https:\/\/www.quartier-waldacker.de\/?attachment_id=23940\" data-url=\"https:\/\/www.quartier-waldacker.de\/wp-content\/uploads\/2024\/04\/Loriot02-1024x768.jpg\" data-width=\"1600\" src=\"https:\/\/i1.wp.com\/www.quartier-waldacker.de\/wp-content\/uploads\/2024\/04\/Loriot02-1024x768.jpg?ssl=1\" data-amp-layout=\"responsive\"\/><\/figure><figure class=\"tiled-gallery__item\"><img decoding=\"async\" data-attachment-id=\"23942\" data-permalink=\"https:\/\/www.quartier-waldacker.de\/?attachment_id=23942\" data-orig-file=\"https:\/\/i0.wp.com\/www.quartier-waldacker.de\/wp-content\/uploads\/2024\/04\/Loriot04.jpg?fit=1600%2C1200&amp;ssl=1\" data-orig-size=\"1600,1200\" data-comments-opened=\"1\" data-image-meta=\"{&quot;aperture&quot;:&quot;0&quot;,&quot;credit&quot;:&quot;&quot;,&quot;camera&quot;:&quot;&quot;,&quot;caption&quot;:&quot;&quot;,&quot;created_timestamp&quot;:&quot;0&quot;,&quot;copyright&quot;:&quot;&quot;,&quot;focal_length&quot;:&quot;0&quot;,&quot;iso&quot;:&quot;0&quot;,&quot;shutter_speed&quot;:&quot;0&quot;,&quot;title&quot;:&quot;&quot;,&quot;orientation&quot;:&quot;0&quot;}\" data-image-title=\"Loriot04\" data-image-description=\"\" data-image-caption=\"\" data-large-file=\"https:\/\/i0.wp.com\/www.quartier-waldacker.de\/wp-content\/uploads\/2024\/04\/Loriot04.jpg?fit=1024%2C768&amp;ssl=1\" data-attachment-id=\"23942\" data-permalink=\"https:\/\/www.quartier-waldacker.de\/?attachment_id=23942\" data-orig-file=\"https:\/\/i0.wp.com\/www.quartier-waldacker.de\/wp-content\/uploads\/2024\/04\/Loriot04.jpg?fit=1600%2C1200&amp;ssl=1\" data-orig-size=\"1600,1200\" data-comments-opened=\"1\" data-image-meta=\"{&quot;aperture&quot;:&quot;0&quot;,&quot;credit&quot;:&quot;&quot;,&quot;camera&quot;:&quot;&quot;,&quot;caption&quot;:&quot;&quot;,&quot;created_timestamp&quot;:&quot;0&quot;,&quot;copyright&quot;:&quot;&quot;,&quot;focal_length&quot;:&quot;0&quot;,&quot;iso&quot;:&quot;0&quot;,&quot;shutter_speed&quot;:&quot;0&quot;,&quot;title&quot;:&quot;&quot;,&quot;orientation&quot;:&quot;0&quot;}\" data-image-title=\"Loriot04\" data-image-description=\"\" data-image-caption=\"\" data-large-file=\"https:\/\/i0.wp.com\/www.quartier-waldacker.de\/wp-content\/uploads\/2024\/04\/Loriot04.jpg?fit=1024%2C768&amp;ssl=1\" role=\"button\" tabindex=\"0\" aria-label=\"Open image 2 of 13 in full-screen\"srcset=\"https:\/\/i0.wp.com\/www.quartier-waldacker.de\/wp-content\/uploads\/2024\/04\/Loriot04-1024x768.jpg?strip=info&#038;w=600&#038;ssl=1 600w,https:\/\/i0.wp.com\/www.quartier-waldacker.de\/wp-content\/uploads\/2024\/04\/Loriot04-1024x768.jpg?strip=info&#038;w=900&#038;ssl=1 900w,https:\/\/i0.wp.com\/www.quartier-waldacker.de\/wp-content\/uploads\/2024\/04\/Loriot04-1024x768.jpg?strip=info&#038;w=1200&#038;ssl=1 1200w,https:\/\/i0.wp.com\/www.quartier-waldacker.de\/wp-content\/uploads\/2024\/04\/Loriot04-1024x768.jpg?strip=info&#038;w=1500&#038;ssl=1 1500w,https:\/\/i0.wp.com\/www.quartier-waldacker.de\/wp-content\/uploads\/2024\/04\/Loriot04-1024x768.jpg?strip=info&#038;w=1600&#038;ssl=1 1600w\" alt=\"\" data-height=\"1200\" data-id=\"23942\" data-link=\"https:\/\/www.quartier-waldacker.de\/?attachment_id=23942\" data-url=\"https:\/\/www.quartier-waldacker.de\/wp-content\/uploads\/2024\/04\/Loriot04-1024x768.jpg\" data-width=\"1600\" src=\"https:\/\/i0.wp.com\/www.quartier-waldacker.de\/wp-content\/uploads\/2024\/04\/Loriot04-1024x768.jpg?ssl=1\" data-amp-layout=\"responsive\"\/><\/figure><\/div><div class=\"tiled-gallery__col\" style=\"flex-basis:53.08127%\"><figure class=\"tiled-gallery__item\"><img decoding=\"async\" data-attachment-id=\"23939\" data-permalink=\"https:\/\/www.quartier-waldacker.de\/?attachment_id=23939\" data-orig-file=\"https:\/\/i0.wp.com\/www.quartier-waldacker.de\/wp-content\/uploads\/2024\/04\/Loriot01.jpg?fit=1200%2C1600&amp;ssl=1\" data-orig-size=\"1200,1600\" data-comments-opened=\"1\" data-image-meta=\"{&quot;aperture&quot;:&quot;0&quot;,&quot;credit&quot;:&quot;&quot;,&quot;camera&quot;:&quot;&quot;,&quot;caption&quot;:&quot;&quot;,&quot;created_timestamp&quot;:&quot;0&quot;,&quot;copyright&quot;:&quot;&quot;,&quot;focal_length&quot;:&quot;0&quot;,&quot;iso&quot;:&quot;0&quot;,&quot;shutter_speed&quot;:&quot;0&quot;,&quot;title&quot;:&quot;&quot;,&quot;orientation&quot;:&quot;0&quot;}\" data-image-title=\"Loriot01\" data-image-description=\"\" data-image-caption=\"\" data-large-file=\"https:\/\/i0.wp.com\/www.quartier-waldacker.de\/wp-content\/uploads\/2024\/04\/Loriot01.jpg?fit=768%2C1024&amp;ssl=1\" data-attachment-id=\"23939\" data-permalink=\"https:\/\/www.quartier-waldacker.de\/?attachment_id=23939\" data-orig-file=\"https:\/\/i0.wp.com\/www.quartier-waldacker.de\/wp-content\/uploads\/2024\/04\/Loriot01.jpg?fit=1200%2C1600&amp;ssl=1\" data-orig-size=\"1200,1600\" data-comments-opened=\"1\" data-image-meta=\"{&quot;aperture&quot;:&quot;0&quot;,&quot;credit&quot;:&quot;&quot;,&quot;camera&quot;:&quot;&quot;,&quot;caption&quot;:&quot;&quot;,&quot;created_timestamp&quot;:&quot;0&quot;,&quot;copyright&quot;:&quot;&quot;,&quot;focal_length&quot;:&quot;0&quot;,&quot;iso&quot;:&quot;0&quot;,&quot;shutter_speed&quot;:&quot;0&quot;,&quot;title&quot;:&quot;&quot;,&quot;orientation&quot;:&quot;0&quot;}\" data-image-title=\"Loriot01\" data-image-description=\"\" data-image-caption=\"\" data-large-file=\"https:\/\/i0.wp.com\/www.quartier-waldacker.de\/wp-content\/uploads\/2024\/04\/Loriot01.jpg?fit=768%2C1024&amp;ssl=1\" role=\"button\" tabindex=\"0\" aria-label=\"Open image 3 of 13 in full-screen\"srcset=\"https:\/\/i0.wp.com\/www.quartier-waldacker.de\/wp-content\/uploads\/2024\/04\/Loriot01-768x1024.jpg?strip=info&#038;w=600&#038;ssl=1 600w,https:\/\/i0.wp.com\/www.quartier-waldacker.de\/wp-content\/uploads\/2024\/04\/Loriot01-768x1024.jpg?strip=info&#038;w=900&#038;ssl=1 900w,https:\/\/i0.wp.com\/www.quartier-waldacker.de\/wp-content\/uploads\/2024\/04\/Loriot01-768x1024.jpg?strip=info&#038;w=1200&#038;ssl=1 1200w\" alt=\"\" data-height=\"1600\" data-id=\"23939\" data-link=\"https:\/\/www.quartier-waldacker.de\/?attachment_id=23939\" data-url=\"https:\/\/www.quartier-waldacker.de\/wp-content\/uploads\/2024\/04\/Loriot01-768x1024.jpg\" data-width=\"1200\" src=\"https:\/\/i0.wp.com\/www.quartier-waldacker.de\/wp-content\/uploads\/2024\/04\/Loriot01-768x1024.jpg?ssl=1\" data-amp-layout=\"responsive\"\/><\/figure><\/div><\/div><div class=\"tiled-gallery__row\"><div class=\"tiled-gallery__col\" style=\"flex-basis:66.76456%\"><figure class=\"tiled-gallery__item\"><img decoding=\"async\" data-attachment-id=\"23965\" data-permalink=\"https:\/\/www.quartier-waldacker.de\/?attachment_id=23965#main\" data-orig-file=\"https:\/\/i0.wp.com\/www.quartier-waldacker.de\/wp-content\/uploads\/2024\/04\/Anne_rotter-1.jpg?fit=1600%2C1200&amp;ssl=1\" data-orig-size=\"1600,1200\" data-comments-opened=\"1\" data-image-meta=\"{&quot;aperture&quot;:&quot;0&quot;,&quot;credit&quot;:&quot;&quot;,&quot;camera&quot;:&quot;&quot;,&quot;caption&quot;:&quot;&quot;,&quot;created_timestamp&quot;:&quot;0&quot;,&quot;copyright&quot;:&quot;&quot;,&quot;focal_length&quot;:&quot;0&quot;,&quot;iso&quot;:&quot;0&quot;,&quot;shutter_speed&quot;:&quot;0&quot;,&quot;title&quot;:&quot;&quot;,&quot;orientation&quot;:&quot;0&quot;}\" data-image-title=\"Anne_rotter-1\" data-image-description=\"\" data-image-caption=\"\" data-large-file=\"https:\/\/i0.wp.com\/www.quartier-waldacker.de\/wp-content\/uploads\/2024\/04\/Anne_rotter-1.jpg?fit=1024%2C768&amp;ssl=1\" data-attachment-id=\"23965\" data-permalink=\"https:\/\/www.quartier-waldacker.de\/?attachment_id=23965#main\" data-orig-file=\"https:\/\/i0.wp.com\/www.quartier-waldacker.de\/wp-content\/uploads\/2024\/04\/Anne_rotter-1.jpg?fit=1600%2C1200&amp;ssl=1\" data-orig-size=\"1600,1200\" data-comments-opened=\"1\" data-image-meta=\"{&quot;aperture&quot;:&quot;0&quot;,&quot;credit&quot;:&quot;&quot;,&quot;camera&quot;:&quot;&quot;,&quot;caption&quot;:&quot;&quot;,&quot;created_timestamp&quot;:&quot;0&quot;,&quot;copyright&quot;:&quot;&quot;,&quot;focal_length&quot;:&quot;0&quot;,&quot;iso&quot;:&quot;0&quot;,&quot;shutter_speed&quot;:&quot;0&quot;,&quot;title&quot;:&quot;&quot;,&quot;orientation&quot;:&quot;0&quot;}\" data-image-title=\"Anne_rotter-1\" data-image-description=\"\" data-image-caption=\"\" data-large-file=\"https:\/\/i0.wp.com\/www.quartier-waldacker.de\/wp-content\/uploads\/2024\/04\/Anne_rotter-1.jpg?fit=1024%2C768&amp;ssl=1\" role=\"button\" tabindex=\"0\" aria-label=\"Open image 4 of 13 in full-screen\"srcset=\"https:\/\/i2.wp.com\/www.quartier-waldacker.de\/wp-content\/uploads\/2024\/04\/Anne_rotter-1-1024x768.jpg?strip=info&#038;w=600&#038;ssl=1 600w,https:\/\/i2.wp.com\/www.quartier-waldacker.de\/wp-content\/uploads\/2024\/04\/Anne_rotter-1-1024x768.jpg?strip=info&#038;w=900&#038;ssl=1 900w,https:\/\/i2.wp.com\/www.quartier-waldacker.de\/wp-content\/uploads\/2024\/04\/Anne_rotter-1-1024x768.jpg?strip=info&#038;w=1200&#038;ssl=1 1200w,https:\/\/i2.wp.com\/www.quartier-waldacker.de\/wp-content\/uploads\/2024\/04\/Anne_rotter-1-1024x768.jpg?strip=info&#038;w=1500&#038;ssl=1 1500w,https:\/\/i2.wp.com\/www.quartier-waldacker.de\/wp-content\/uploads\/2024\/04\/Anne_rotter-1-1024x768.jpg?strip=info&#038;w=1600&#038;ssl=1 1600w\" alt=\"\" data-height=\"1200\" data-id=\"23965\" data-link=\"https:\/\/www.quartier-waldacker.de\/?attachment_id=23965#main\" data-url=\"https:\/\/www.quartier-waldacker.de\/wp-content\/uploads\/2024\/04\/Anne_rotter-1-1024x768.jpg\" data-width=\"1600\" src=\"https:\/\/i2.wp.com\/www.quartier-waldacker.de\/wp-content\/uploads\/2024\/04\/Anne_rotter-1-1024x768.jpg?ssl=1\" data-amp-layout=\"responsive\"\/><\/figure><\/div><div class=\"tiled-gallery__col\" style=\"flex-basis:33.23544%\"><figure class=\"tiled-gallery__item\"><img decoding=\"async\" data-attachment-id=\"23950\" data-permalink=\"https:\/\/www.quartier-waldacker.de\/?attachment_id=23950\" data-orig-file=\"https:\/\/i0.wp.com\/www.quartier-waldacker.de\/wp-content\/uploads\/2024\/04\/Loriot12.jpg?fit=1600%2C1200&amp;ssl=1\" data-orig-size=\"1600,1200\" data-comments-opened=\"1\" data-image-meta=\"{&quot;aperture&quot;:&quot;0&quot;,&quot;credit&quot;:&quot;&quot;,&quot;camera&quot;:&quot;&quot;,&quot;caption&quot;:&quot;&quot;,&quot;created_timestamp&quot;:&quot;0&quot;,&quot;copyright&quot;:&quot;&quot;,&quot;focal_length&quot;:&quot;0&quot;,&quot;iso&quot;:&quot;0&quot;,&quot;shutter_speed&quot;:&quot;0&quot;,&quot;title&quot;:&quot;&quot;,&quot;orientation&quot;:&quot;0&quot;}\" data-image-title=\"Loriot12\" data-image-description=\"\" data-image-caption=\"\" data-large-file=\"https:\/\/i0.wp.com\/www.quartier-waldacker.de\/wp-content\/uploads\/2024\/04\/Loriot12.jpg?fit=1024%2C768&amp;ssl=1\" data-attachment-id=\"23950\" data-permalink=\"https:\/\/www.quartier-waldacker.de\/?attachment_id=23950\" data-orig-file=\"https:\/\/i0.wp.com\/www.quartier-waldacker.de\/wp-content\/uploads\/2024\/04\/Loriot12.jpg?fit=1600%2C1200&amp;ssl=1\" data-orig-size=\"1600,1200\" data-comments-opened=\"1\" data-image-meta=\"{&quot;aperture&quot;:&quot;0&quot;,&quot;credit&quot;:&quot;&quot;,&quot;camera&quot;:&quot;&quot;,&quot;caption&quot;:&quot;&quot;,&quot;created_timestamp&quot;:&quot;0&quot;,&quot;copyright&quot;:&quot;&quot;,&quot;focal_length&quot;:&quot;0&quot;,&quot;iso&quot;:&quot;0&quot;,&quot;shutter_speed&quot;:&quot;0&quot;,&quot;title&quot;:&quot;&quot;,&quot;orientation&quot;:&quot;0&quot;}\" data-image-title=\"Loriot12\" data-image-description=\"\" data-image-caption=\"\" data-large-file=\"https:\/\/i0.wp.com\/www.quartier-waldacker.de\/wp-content\/uploads\/2024\/04\/Loriot12.jpg?fit=1024%2C768&amp;ssl=1\" role=\"button\" tabindex=\"0\" aria-label=\"Open image 5 of 13 in full-screen\"srcset=\"https:\/\/i1.wp.com\/www.quartier-waldacker.de\/wp-content\/uploads\/2024\/04\/Loriot12-1024x768.jpg?strip=info&#038;w=600&#038;ssl=1 600w,https:\/\/i1.wp.com\/www.quartier-waldacker.de\/wp-content\/uploads\/2024\/04\/Loriot12-1024x768.jpg?strip=info&#038;w=900&#038;ssl=1 900w,https:\/\/i1.wp.com\/www.quartier-waldacker.de\/wp-content\/uploads\/2024\/04\/Loriot12-1024x768.jpg?strip=info&#038;w=1200&#038;ssl=1 1200w,https:\/\/i1.wp.com\/www.quartier-waldacker.de\/wp-content\/uploads\/2024\/04\/Loriot12-1024x768.jpg?strip=info&#038;w=1500&#038;ssl=1 1500w,https:\/\/i1.wp.com\/www.quartier-waldacker.de\/wp-content\/uploads\/2024\/04\/Loriot12-1024x768.jpg?strip=info&#038;w=1600&#038;ssl=1 1600w\" alt=\"\" data-height=\"1200\" data-id=\"23950\" data-link=\"https:\/\/www.quartier-waldacker.de\/?attachment_id=23950\" data-url=\"https:\/\/www.quartier-waldacker.de\/wp-content\/uploads\/2024\/04\/Loriot12-1024x768.jpg\" data-width=\"1600\" src=\"https:\/\/i1.wp.com\/www.quartier-waldacker.de\/wp-content\/uploads\/2024\/04\/Loriot12-1024x768.jpg?ssl=1\" data-amp-layout=\"responsive\"\/><\/figure><figure class=\"tiled-gallery__item\"><img decoding=\"async\" data-attachment-id=\"23941\" data-permalink=\"https:\/\/www.quartier-waldacker.de\/?attachment_id=23941\" data-orig-file=\"https:\/\/i0.wp.com\/www.quartier-waldacker.de\/wp-content\/uploads\/2024\/04\/Loriot003.jpg?fit=1600%2C1200&amp;ssl=1\" data-orig-size=\"1600,1200\" data-comments-opened=\"1\" data-image-meta=\"{&quot;aperture&quot;:&quot;0&quot;,&quot;credit&quot;:&quot;&quot;,&quot;camera&quot;:&quot;&quot;,&quot;caption&quot;:&quot;&quot;,&quot;created_timestamp&quot;:&quot;0&quot;,&quot;copyright&quot;:&quot;&quot;,&quot;focal_length&quot;:&quot;0&quot;,&quot;iso&quot;:&quot;0&quot;,&quot;shutter_speed&quot;:&quot;0&quot;,&quot;title&quot;:&quot;&quot;,&quot;orientation&quot;:&quot;0&quot;}\" data-image-title=\"Loriot003\" data-image-description=\"\" data-image-caption=\"\" data-large-file=\"https:\/\/i0.wp.com\/www.quartier-waldacker.de\/wp-content\/uploads\/2024\/04\/Loriot003.jpg?fit=1024%2C768&amp;ssl=1\" data-attachment-id=\"23941\" data-permalink=\"https:\/\/www.quartier-waldacker.de\/?attachment_id=23941\" data-orig-file=\"https:\/\/i0.wp.com\/www.quartier-waldacker.de\/wp-content\/uploads\/2024\/04\/Loriot003.jpg?fit=1600%2C1200&amp;ssl=1\" data-orig-size=\"1600,1200\" data-comments-opened=\"1\" data-image-meta=\"{&quot;aperture&quot;:&quot;0&quot;,&quot;credit&quot;:&quot;&quot;,&quot;camera&quot;:&quot;&quot;,&quot;caption&quot;:&quot;&quot;,&quot;created_timestamp&quot;:&quot;0&quot;,&quot;copyright&quot;:&quot;&quot;,&quot;focal_length&quot;:&quot;0&quot;,&quot;iso&quot;:&quot;0&quot;,&quot;shutter_speed&quot;:&quot;0&quot;,&quot;title&quot;:&quot;&quot;,&quot;orientation&quot;:&quot;0&quot;}\" data-image-title=\"Loriot003\" data-image-description=\"\" data-image-caption=\"\" data-large-file=\"https:\/\/i0.wp.com\/www.quartier-waldacker.de\/wp-content\/uploads\/2024\/04\/Loriot003.jpg?fit=1024%2C768&amp;ssl=1\" role=\"button\" tabindex=\"0\" aria-label=\"Open image 6 of 13 in full-screen\"srcset=\"https:\/\/i0.wp.com\/www.quartier-waldacker.de\/wp-content\/uploads\/2024\/04\/Loriot003-1024x768.jpg?strip=info&#038;w=600&#038;ssl=1 600w,https:\/\/i0.wp.com\/www.quartier-waldacker.de\/wp-content\/uploads\/2024\/04\/Loriot003-1024x768.jpg?strip=info&#038;w=900&#038;ssl=1 900w,https:\/\/i0.wp.com\/www.quartier-waldacker.de\/wp-content\/uploads\/2024\/04\/Loriot003-1024x768.jpg?strip=info&#038;w=1200&#038;ssl=1 1200w,https:\/\/i0.wp.com\/www.quartier-waldacker.de\/wp-content\/uploads\/2024\/04\/Loriot003-1024x768.jpg?strip=info&#038;w=1500&#038;ssl=1 1500w,https:\/\/i0.wp.com\/www.quartier-waldacker.de\/wp-content\/uploads\/2024\/04\/Loriot003-1024x768.jpg?strip=info&#038;w=1600&#038;ssl=1 1600w\" alt=\"\" data-height=\"1200\" data-id=\"23941\" data-link=\"https:\/\/www.quartier-waldacker.de\/?attachment_id=23941\" data-url=\"https:\/\/www.quartier-waldacker.de\/wp-content\/uploads\/2024\/04\/Loriot003-1024x768.jpg\" data-width=\"1600\" src=\"https:\/\/i0.wp.com\/www.quartier-waldacker.de\/wp-content\/uploads\/2024\/04\/Loriot003-1024x768.jpg?ssl=1\" data-amp-layout=\"responsive\"\/><\/figure><\/div><\/div><div class=\"tiled-gallery__row\"><div class=\"tiled-gallery__col\" style=\"flex-basis:31.83616%\"><figure class=\"tiled-gallery__item\"><img decoding=\"async\" data-attachment-id=\"23929\" data-permalink=\"https:\/\/www.quartier-waldacker.de\/?attachment_id=23929\" data-orig-file=\"https:\/\/i0.wp.com\/www.quartier-waldacker.de\/wp-content\/uploads\/2024\/04\/Im-Garten.jpg?fit=1280%2C960&amp;ssl=1\" data-orig-size=\"1280,960\" data-comments-opened=\"1\" data-image-meta=\"{&quot;aperture&quot;:&quot;0&quot;,&quot;credit&quot;:&quot;&quot;,&quot;camera&quot;:&quot;&quot;,&quot;caption&quot;:&quot;&quot;,&quot;created_timestamp&quot;:&quot;0&quot;,&quot;copyright&quot;:&quot;&quot;,&quot;focal_length&quot;:&quot;0&quot;,&quot;iso&quot;:&quot;0&quot;,&quot;shutter_speed&quot;:&quot;0&quot;,&quot;title&quot;:&quot;&quot;,&quot;orientation&quot;:&quot;0&quot;}\" data-image-title=\"Im-Garten\" data-image-description=\"\" data-image-caption=\"\" data-large-file=\"https:\/\/i0.wp.com\/www.quartier-waldacker.de\/wp-content\/uploads\/2024\/04\/Im-Garten.jpg?fit=1024%2C768&amp;ssl=1\" data-attachment-id=\"23929\" data-permalink=\"https:\/\/www.quartier-waldacker.de\/?attachment_id=23929\" data-orig-file=\"https:\/\/i0.wp.com\/www.quartier-waldacker.de\/wp-content\/uploads\/2024\/04\/Im-Garten.jpg?fit=1280%2C960&amp;ssl=1\" data-orig-size=\"1280,960\" data-comments-opened=\"1\" data-image-meta=\"{&quot;aperture&quot;:&quot;0&quot;,&quot;credit&quot;:&quot;&quot;,&quot;camera&quot;:&quot;&quot;,&quot;caption&quot;:&quot;&quot;,&quot;created_timestamp&quot;:&quot;0&quot;,&quot;copyright&quot;:&quot;&quot;,&quot;focal_length&quot;:&quot;0&quot;,&quot;iso&quot;:&quot;0&quot;,&quot;shutter_speed&quot;:&quot;0&quot;,&quot;title&quot;:&quot;&quot;,&quot;orientation&quot;:&quot;0&quot;}\" data-image-title=\"Im-Garten\" data-image-description=\"\" data-image-caption=\"\" data-large-file=\"https:\/\/i0.wp.com\/www.quartier-waldacker.de\/wp-content\/uploads\/2024\/04\/Im-Garten.jpg?fit=1024%2C768&amp;ssl=1\" role=\"button\" tabindex=\"0\" aria-label=\"Open image 7 of 13 in full-screen\"srcset=\"https:\/\/i2.wp.com\/www.quartier-waldacker.de\/wp-content\/uploads\/2024\/04\/Im-Garten-1024x768.jpg?strip=info&#038;w=600&#038;ssl=1 600w,https:\/\/i2.wp.com\/www.quartier-waldacker.de\/wp-content\/uploads\/2024\/04\/Im-Garten-1024x768.jpg?strip=info&#038;w=900&#038;ssl=1 900w,https:\/\/i2.wp.com\/www.quartier-waldacker.de\/wp-content\/uploads\/2024\/04\/Im-Garten-1024x768.jpg?strip=info&#038;w=1200&#038;ssl=1 1200w,https:\/\/i2.wp.com\/www.quartier-waldacker.de\/wp-content\/uploads\/2024\/04\/Im-Garten-1024x768.jpg?strip=info&#038;w=1280&#038;ssl=1 1280w\" alt=\"\" data-height=\"960\" data-id=\"23929\" data-link=\"https:\/\/www.quartier-waldacker.de\/?attachment_id=23929\" data-url=\"https:\/\/www.quartier-waldacker.de\/wp-content\/uploads\/2024\/04\/Im-Garten-1024x768.jpg\" data-width=\"1280\" src=\"https:\/\/i2.wp.com\/www.quartier-waldacker.de\/wp-content\/uploads\/2024\/04\/Im-Garten-1024x768.jpg?ssl=1\" data-amp-layout=\"responsive\"\/><\/figure><\/div><div class=\"tiled-gallery__col\" style=\"flex-basis:36.32767%\"><figure class=\"tiled-gallery__item\"><img decoding=\"async\" data-attachment-id=\"23948\" data-permalink=\"https:\/\/www.quartier-waldacker.de\/?attachment_id=23948\" data-orig-file=\"https:\/\/i0.wp.com\/www.quartier-waldacker.de\/wp-content\/uploads\/2024\/04\/Loriot10.jpg?fit=1600%2C1051&amp;ssl=1\" data-orig-size=\"1600,1051\" data-comments-opened=\"1\" data-image-meta=\"{&quot;aperture&quot;:&quot;0&quot;,&quot;credit&quot;:&quot;&quot;,&quot;camera&quot;:&quot;&quot;,&quot;caption&quot;:&quot;&quot;,&quot;created_timestamp&quot;:&quot;0&quot;,&quot;copyright&quot;:&quot;&quot;,&quot;focal_length&quot;:&quot;0&quot;,&quot;iso&quot;:&quot;0&quot;,&quot;shutter_speed&quot;:&quot;0&quot;,&quot;title&quot;:&quot;&quot;,&quot;orientation&quot;:&quot;0&quot;}\" data-image-title=\"Loriot10\" data-image-description=\"\" data-image-caption=\"\" data-large-file=\"https:\/\/i0.wp.com\/www.quartier-waldacker.de\/wp-content\/uploads\/2024\/04\/Loriot10.jpg?fit=1024%2C673&amp;ssl=1\" data-attachment-id=\"23948\" data-permalink=\"https:\/\/www.quartier-waldacker.de\/?attachment_id=23948\" data-orig-file=\"https:\/\/i0.wp.com\/www.quartier-waldacker.de\/wp-content\/uploads\/2024\/04\/Loriot10.jpg?fit=1600%2C1051&amp;ssl=1\" data-orig-size=\"1600,1051\" data-comments-opened=\"1\" data-image-meta=\"{&quot;aperture&quot;:&quot;0&quot;,&quot;credit&quot;:&quot;&quot;,&quot;camera&quot;:&quot;&quot;,&quot;caption&quot;:&quot;&quot;,&quot;created_timestamp&quot;:&quot;0&quot;,&quot;copyright&quot;:&quot;&quot;,&quot;focal_length&quot;:&quot;0&quot;,&quot;iso&quot;:&quot;0&quot;,&quot;shutter_speed&quot;:&quot;0&quot;,&quot;title&quot;:&quot;&quot;,&quot;orientation&quot;:&quot;0&quot;}\" data-image-title=\"Loriot10\" data-image-description=\"\" data-image-caption=\"\" data-large-file=\"https:\/\/i0.wp.com\/www.quartier-waldacker.de\/wp-content\/uploads\/2024\/04\/Loriot10.jpg?fit=1024%2C673&amp;ssl=1\" role=\"button\" tabindex=\"0\" aria-label=\"Open image 8 of 13 in full-screen\"srcset=\"https:\/\/i1.wp.com\/www.quartier-waldacker.de\/wp-content\/uploads\/2024\/04\/Loriot10-1024x673.jpg?strip=info&#038;w=600&#038;ssl=1 600w,https:\/\/i1.wp.com\/www.quartier-waldacker.de\/wp-content\/uploads\/2024\/04\/Loriot10-1024x673.jpg?strip=info&#038;w=900&#038;ssl=1 900w,https:\/\/i1.wp.com\/www.quartier-waldacker.de\/wp-content\/uploads\/2024\/04\/Loriot10-1024x673.jpg?strip=info&#038;w=1200&#038;ssl=1 1200w,https:\/\/i1.wp.com\/www.quartier-waldacker.de\/wp-content\/uploads\/2024\/04\/Loriot10-1024x673.jpg?strip=info&#038;w=1500&#038;ssl=1 1500w,https:\/\/i1.wp.com\/www.quartier-waldacker.de\/wp-content\/uploads\/2024\/04\/Loriot10-1024x673.jpg?strip=info&#038;w=1600&#038;ssl=1 1600w\" alt=\"\" data-height=\"1051\" data-id=\"23948\" data-link=\"https:\/\/www.quartier-waldacker.de\/?attachment_id=23948\" data-url=\"https:\/\/www.quartier-waldacker.de\/wp-content\/uploads\/2024\/04\/Loriot10-1024x673.jpg\" data-width=\"1600\" src=\"https:\/\/i1.wp.com\/www.quartier-waldacker.de\/wp-content\/uploads\/2024\/04\/Loriot10-1024x673.jpg?ssl=1\" data-amp-layout=\"responsive\"\/><\/figure><\/div><div class=\"tiled-gallery__col\" style=\"flex-basis:31.83616%\"><figure class=\"tiled-gallery__item\"><img decoding=\"async\" data-attachment-id=\"23949\" data-permalink=\"https:\/\/www.quartier-waldacker.de\/?attachment_id=23949\" data-orig-file=\"https:\/\/i0.wp.com\/www.quartier-waldacker.de\/wp-content\/uploads\/2024\/04\/Loriot11.jpg?fit=1600%2C1200&amp;ssl=1\" data-orig-size=\"1600,1200\" data-comments-opened=\"1\" data-image-meta=\"{&quot;aperture&quot;:&quot;0&quot;,&quot;credit&quot;:&quot;&quot;,&quot;camera&quot;:&quot;&quot;,&quot;caption&quot;:&quot;&quot;,&quot;created_timestamp&quot;:&quot;0&quot;,&quot;copyright&quot;:&quot;&quot;,&quot;focal_length&quot;:&quot;0&quot;,&quot;iso&quot;:&quot;0&quot;,&quot;shutter_speed&quot;:&quot;0&quot;,&quot;title&quot;:&quot;&quot;,&quot;orientation&quot;:&quot;0&quot;}\" data-image-title=\"Loriot11\" data-image-description=\"\" data-image-caption=\"\" data-large-file=\"https:\/\/i0.wp.com\/www.quartier-waldacker.de\/wp-content\/uploads\/2024\/04\/Loriot11.jpg?fit=1024%2C768&amp;ssl=1\" data-attachment-id=\"23949\" data-permalink=\"https:\/\/www.quartier-waldacker.de\/?attachment_id=23949\" data-orig-file=\"https:\/\/i0.wp.com\/www.quartier-waldacker.de\/wp-content\/uploads\/2024\/04\/Loriot11.jpg?fit=1600%2C1200&amp;ssl=1\" data-orig-size=\"1600,1200\" data-comments-opened=\"1\" data-image-meta=\"{&quot;aperture&quot;:&quot;0&quot;,&quot;credit&quot;:&quot;&quot;,&quot;camera&quot;:&quot;&quot;,&quot;caption&quot;:&quot;&quot;,&quot;created_timestamp&quot;:&quot;0&quot;,&quot;copyright&quot;:&quot;&quot;,&quot;focal_length&quot;:&quot;0&quot;,&quot;iso&quot;:&quot;0&quot;,&quot;shutter_speed&quot;:&quot;0&quot;,&quot;title&quot;:&quot;&quot;,&quot;orientation&quot;:&quot;0&quot;}\" data-image-title=\"Loriot11\" data-image-description=\"\" data-image-caption=\"\" data-large-file=\"https:\/\/i0.wp.com\/www.quartier-waldacker.de\/wp-content\/uploads\/2024\/04\/Loriot11.jpg?fit=1024%2C768&amp;ssl=1\" role=\"button\" tabindex=\"0\" aria-label=\"Open image 9 of 13 in full-screen\"srcset=\"https:\/\/i1.wp.com\/www.quartier-waldacker.de\/wp-content\/uploads\/2024\/04\/Loriot11-1024x768.jpg?strip=info&#038;w=600&#038;ssl=1 600w,https:\/\/i1.wp.com\/www.quartier-waldacker.de\/wp-content\/uploads\/2024\/04\/Loriot11-1024x768.jpg?strip=info&#038;w=900&#038;ssl=1 900w,https:\/\/i1.wp.com\/www.quartier-waldacker.de\/wp-content\/uploads\/2024\/04\/Loriot11-1024x768.jpg?strip=info&#038;w=1200&#038;ssl=1 1200w,https:\/\/i1.wp.com\/www.quartier-waldacker.de\/wp-content\/uploads\/2024\/04\/Loriot11-1024x768.jpg?strip=info&#038;w=1500&#038;ssl=1 1500w,https:\/\/i1.wp.com\/www.quartier-waldacker.de\/wp-content\/uploads\/2024\/04\/Loriot11-1024x768.jpg?strip=info&#038;w=1600&#038;ssl=1 1600w\" alt=\"\" data-height=\"1200\" data-id=\"23949\" data-link=\"https:\/\/www.quartier-waldacker.de\/?attachment_id=23949\" data-url=\"https:\/\/www.quartier-waldacker.de\/wp-content\/uploads\/2024\/04\/Loriot11-1024x768.jpg\" data-width=\"1600\" src=\"https:\/\/i1.wp.com\/www.quartier-waldacker.de\/wp-content\/uploads\/2024\/04\/Loriot11-1024x768.jpg?ssl=1\" data-amp-layout=\"responsive\"\/><\/figure><\/div><\/div><div class=\"tiled-gallery__row\"><div class=\"tiled-gallery__col\" style=\"flex-basis:25.00000%\"><figure class=\"tiled-gallery__item\"><img decoding=\"async\" data-attachment-id=\"23947\" data-permalink=\"https:\/\/www.quartier-waldacker.de\/?attachment_id=23947\" data-orig-file=\"https:\/\/i0.wp.com\/www.quartier-waldacker.de\/wp-content\/uploads\/2024\/04\/Loriot09.jpg?fit=1600%2C1200&amp;ssl=1\" data-orig-size=\"1600,1200\" data-comments-opened=\"1\" data-image-meta=\"{&quot;aperture&quot;:&quot;0&quot;,&quot;credit&quot;:&quot;&quot;,&quot;camera&quot;:&quot;&quot;,&quot;caption&quot;:&quot;&quot;,&quot;created_timestamp&quot;:&quot;0&quot;,&quot;copyright&quot;:&quot;&quot;,&quot;focal_length&quot;:&quot;0&quot;,&quot;iso&quot;:&quot;0&quot;,&quot;shutter_speed&quot;:&quot;0&quot;,&quot;title&quot;:&quot;&quot;,&quot;orientation&quot;:&quot;0&quot;}\" data-image-title=\"Loriot09\" data-image-description=\"\" data-image-caption=\"\" data-large-file=\"https:\/\/i0.wp.com\/www.quartier-waldacker.de\/wp-content\/uploads\/2024\/04\/Loriot09.jpg?fit=1024%2C768&amp;ssl=1\" data-attachment-id=\"23947\" data-permalink=\"https:\/\/www.quartier-waldacker.de\/?attachment_id=23947\" data-orig-file=\"https:\/\/i0.wp.com\/www.quartier-waldacker.de\/wp-content\/uploads\/2024\/04\/Loriot09.jpg?fit=1600%2C1200&amp;ssl=1\" data-orig-size=\"1600,1200\" data-comments-opened=\"1\" data-image-meta=\"{&quot;aperture&quot;:&quot;0&quot;,&quot;credit&quot;:&quot;&quot;,&quot;camera&quot;:&quot;&quot;,&quot;caption&quot;:&quot;&quot;,&quot;created_timestamp&quot;:&quot;0&quot;,&quot;copyright&quot;:&quot;&quot;,&quot;focal_length&quot;:&quot;0&quot;,&quot;iso&quot;:&quot;0&quot;,&quot;shutter_speed&quot;:&quot;0&quot;,&quot;title&quot;:&quot;&quot;,&quot;orientation&quot;:&quot;0&quot;}\" data-image-title=\"Loriot09\" data-image-description=\"\" data-image-caption=\"\" data-large-file=\"https:\/\/i0.wp.com\/www.quartier-waldacker.de\/wp-content\/uploads\/2024\/04\/Loriot09.jpg?fit=1024%2C768&amp;ssl=1\" role=\"button\" tabindex=\"0\" aria-label=\"Open image 10 of 13 in full-screen\"srcset=\"https:\/\/i0.wp.com\/www.quartier-waldacker.de\/wp-content\/uploads\/2024\/04\/Loriot09-1024x768.jpg?strip=info&#038;w=600&#038;ssl=1 600w,https:\/\/i0.wp.com\/www.quartier-waldacker.de\/wp-content\/uploads\/2024\/04\/Loriot09-1024x768.jpg?strip=info&#038;w=900&#038;ssl=1 900w,https:\/\/i0.wp.com\/www.quartier-waldacker.de\/wp-content\/uploads\/2024\/04\/Loriot09-1024x768.jpg?strip=info&#038;w=1200&#038;ssl=1 1200w,https:\/\/i0.wp.com\/www.quartier-waldacker.de\/wp-content\/uploads\/2024\/04\/Loriot09-1024x768.jpg?strip=info&#038;w=1500&#038;ssl=1 1500w,https:\/\/i0.wp.com\/www.quartier-waldacker.de\/wp-content\/uploads\/2024\/04\/Loriot09-1024x768.jpg?strip=info&#038;w=1600&#038;ssl=1 1600w\" alt=\"\" data-height=\"1200\" data-id=\"23947\" data-link=\"https:\/\/www.quartier-waldacker.de\/?attachment_id=23947\" data-url=\"https:\/\/www.quartier-waldacker.de\/wp-content\/uploads\/2024\/04\/Loriot09-1024x768.jpg\" data-width=\"1600\" src=\"https:\/\/i0.wp.com\/www.quartier-waldacker.de\/wp-content\/uploads\/2024\/04\/Loriot09-1024x768.jpg?ssl=1\" data-amp-layout=\"responsive\"\/><\/figure><\/div><div class=\"tiled-gallery__col\" style=\"flex-basis:25.00000%\"><figure class=\"tiled-gallery__item\"><img decoding=\"async\" data-attachment-id=\"23946\" data-permalink=\"https:\/\/www.quartier-waldacker.de\/?attachment_id=23946\" data-orig-file=\"https:\/\/i0.wp.com\/www.quartier-waldacker.de\/wp-content\/uploads\/2024\/04\/Loriot08.jpg?fit=1600%2C1200&amp;ssl=1\" data-orig-size=\"1600,1200\" data-comments-opened=\"1\" data-image-meta=\"{&quot;aperture&quot;:&quot;0&quot;,&quot;credit&quot;:&quot;&quot;,&quot;camera&quot;:&quot;&quot;,&quot;caption&quot;:&quot;&quot;,&quot;created_timestamp&quot;:&quot;0&quot;,&quot;copyright&quot;:&quot;&quot;,&quot;focal_length&quot;:&quot;0&quot;,&quot;iso&quot;:&quot;0&quot;,&quot;shutter_speed&quot;:&quot;0&quot;,&quot;title&quot;:&quot;&quot;,&quot;orientation&quot;:&quot;0&quot;}\" data-image-title=\"Loriot08\" data-image-description=\"\" data-image-caption=\"\" data-large-file=\"https:\/\/i0.wp.com\/www.quartier-waldacker.de\/wp-content\/uploads\/2024\/04\/Loriot08.jpg?fit=1024%2C768&amp;ssl=1\" data-attachment-id=\"23946\" data-permalink=\"https:\/\/www.quartier-waldacker.de\/?attachment_id=23946\" data-orig-file=\"https:\/\/i0.wp.com\/www.quartier-waldacker.de\/wp-content\/uploads\/2024\/04\/Loriot08.jpg?fit=1600%2C1200&amp;ssl=1\" data-orig-size=\"1600,1200\" data-comments-opened=\"1\" data-image-meta=\"{&quot;aperture&quot;:&quot;0&quot;,&quot;credit&quot;:&quot;&quot;,&quot;camera&quot;:&quot;&quot;,&quot;caption&quot;:&quot;&quot;,&quot;created_timestamp&quot;:&quot;0&quot;,&quot;copyright&quot;:&quot;&quot;,&quot;focal_length&quot;:&quot;0&quot;,&quot;iso&quot;:&quot;0&quot;,&quot;shutter_speed&quot;:&quot;0&quot;,&quot;title&quot;:&quot;&quot;,&quot;orientation&quot;:&quot;0&quot;}\" data-image-title=\"Loriot08\" data-image-description=\"\" data-image-caption=\"\" data-large-file=\"https:\/\/i0.wp.com\/www.quartier-waldacker.de\/wp-content\/uploads\/2024\/04\/Loriot08.jpg?fit=1024%2C768&amp;ssl=1\" role=\"button\" tabindex=\"0\" aria-label=\"Open image 11 of 13 in full-screen\"srcset=\"https:\/\/i0.wp.com\/www.quartier-waldacker.de\/wp-content\/uploads\/2024\/04\/Loriot08-1024x768.jpg?strip=info&#038;w=600&#038;ssl=1 600w,https:\/\/i0.wp.com\/www.quartier-waldacker.de\/wp-content\/uploads\/2024\/04\/Loriot08-1024x768.jpg?strip=info&#038;w=900&#038;ssl=1 900w,https:\/\/i0.wp.com\/www.quartier-waldacker.de\/wp-content\/uploads\/2024\/04\/Loriot08-1024x768.jpg?strip=info&#038;w=1200&#038;ssl=1 1200w,https:\/\/i0.wp.com\/www.quartier-waldacker.de\/wp-content\/uploads\/2024\/04\/Loriot08-1024x768.jpg?strip=info&#038;w=1500&#038;ssl=1 1500w,https:\/\/i0.wp.com\/www.quartier-waldacker.de\/wp-content\/uploads\/2024\/04\/Loriot08-1024x768.jpg?strip=info&#038;w=1600&#038;ssl=1 1600w\" alt=\"\" data-height=\"1200\" data-id=\"23946\" data-link=\"https:\/\/www.quartier-waldacker.de\/?attachment_id=23946\" data-url=\"https:\/\/www.quartier-waldacker.de\/wp-content\/uploads\/2024\/04\/Loriot08-1024x768.jpg\" data-width=\"1600\" src=\"https:\/\/i0.wp.com\/www.quartier-waldacker.de\/wp-content\/uploads\/2024\/04\/Loriot08-1024x768.jpg?ssl=1\" data-amp-layout=\"responsive\"\/><\/figure><\/div><div class=\"tiled-gallery__col\" style=\"flex-basis:25.00000%\"><figure class=\"tiled-gallery__item\"><img decoding=\"async\" data-attachment-id=\"23943\" data-permalink=\"https:\/\/www.quartier-waldacker.de\/?attachment_id=23943\" data-orig-file=\"https:\/\/i0.wp.com\/www.quartier-waldacker.de\/wp-content\/uploads\/2024\/04\/Loriot05.jpg?fit=1600%2C1200&amp;ssl=1\" data-orig-size=\"1600,1200\" data-comments-opened=\"1\" data-image-meta=\"{&quot;aperture&quot;:&quot;0&quot;,&quot;credit&quot;:&quot;&quot;,&quot;camera&quot;:&quot;&quot;,&quot;caption&quot;:&quot;&quot;,&quot;created_timestamp&quot;:&quot;0&quot;,&quot;copyright&quot;:&quot;&quot;,&quot;focal_length&quot;:&quot;0&quot;,&quot;iso&quot;:&quot;0&quot;,&quot;shutter_speed&quot;:&quot;0&quot;,&quot;title&quot;:&quot;&quot;,&quot;orientation&quot;:&quot;0&quot;}\" data-image-title=\"Loriot05\" data-image-description=\"\" data-image-caption=\"\" data-large-file=\"https:\/\/i0.wp.com\/www.quartier-waldacker.de\/wp-content\/uploads\/2024\/04\/Loriot05.jpg?fit=1024%2C768&amp;ssl=1\" data-attachment-id=\"23943\" data-permalink=\"https:\/\/www.quartier-waldacker.de\/?attachment_id=23943\" data-orig-file=\"https:\/\/i0.wp.com\/www.quartier-waldacker.de\/wp-content\/uploads\/2024\/04\/Loriot05.jpg?fit=1600%2C1200&amp;ssl=1\" data-orig-size=\"1600,1200\" data-comments-opened=\"1\" data-image-meta=\"{&quot;aperture&quot;:&quot;0&quot;,&quot;credit&quot;:&quot;&quot;,&quot;camera&quot;:&quot;&quot;,&quot;caption&quot;:&quot;&quot;,&quot;created_timestamp&quot;:&quot;0&quot;,&quot;copyright&quot;:&quot;&quot;,&quot;focal_length&quot;:&quot;0&quot;,&quot;iso&quot;:&quot;0&quot;,&quot;shutter_speed&quot;:&quot;0&quot;,&quot;title&quot;:&quot;&quot;,&quot;orientation&quot;:&quot;0&quot;}\" data-image-title=\"Loriot05\" data-image-description=\"\" data-image-caption=\"\" data-large-file=\"https:\/\/i0.wp.com\/www.quartier-waldacker.de\/wp-content\/uploads\/2024\/04\/Loriot05.jpg?fit=1024%2C768&amp;ssl=1\" role=\"button\" tabindex=\"0\" aria-label=\"Open image 12 of 13 in full-screen\"srcset=\"https:\/\/i0.wp.com\/www.quartier-waldacker.de\/wp-content\/uploads\/2024\/04\/Loriot05-1024x768.jpg?strip=info&#038;w=600&#038;ssl=1 600w,https:\/\/i0.wp.com\/www.quartier-waldacker.de\/wp-content\/uploads\/2024\/04\/Loriot05-1024x768.jpg?strip=info&#038;w=900&#038;ssl=1 900w,https:\/\/i0.wp.com\/www.quartier-waldacker.de\/wp-content\/uploads\/2024\/04\/Loriot05-1024x768.jpg?strip=info&#038;w=1200&#038;ssl=1 1200w,https:\/\/i0.wp.com\/www.quartier-waldacker.de\/wp-content\/uploads\/2024\/04\/Loriot05-1024x768.jpg?strip=info&#038;w=1500&#038;ssl=1 1500w,https:\/\/i0.wp.com\/www.quartier-waldacker.de\/wp-content\/uploads\/2024\/04\/Loriot05-1024x768.jpg?strip=info&#038;w=1600&#038;ssl=1 1600w\" alt=\"\" data-height=\"1200\" data-id=\"23943\" data-link=\"https:\/\/www.quartier-waldacker.de\/?attachment_id=23943\" data-url=\"https:\/\/www.quartier-waldacker.de\/wp-content\/uploads\/2024\/04\/Loriot05-1024x768.jpg\" data-width=\"1600\" src=\"https:\/\/i0.wp.com\/www.quartier-waldacker.de\/wp-content\/uploads\/2024\/04\/Loriot05-1024x768.jpg?ssl=1\" data-amp-layout=\"responsive\"\/><\/figure><\/div><div class=\"tiled-gallery__col\" style=\"flex-basis:25.00000%\"><figure class=\"tiled-gallery__item\"><img decoding=\"async\" data-attachment-id=\"23966\" data-permalink=\"https:\/\/www.quartier-waldacker.de\/?attachment_id=23966#main\" data-orig-file=\"https:\/\/i0.wp.com\/www.quartier-waldacker.de\/wp-content\/uploads\/2024\/04\/Loriot07-1.jpg?fit=1600%2C1200&amp;ssl=1\" data-orig-size=\"1600,1200\" data-comments-opened=\"1\" data-image-meta=\"{&quot;aperture&quot;:&quot;0&quot;,&quot;credit&quot;:&quot;&quot;,&quot;camera&quot;:&quot;&quot;,&quot;caption&quot;:&quot;&quot;,&quot;created_timestamp&quot;:&quot;0&quot;,&quot;copyright&quot;:&quot;&quot;,&quot;focal_length&quot;:&quot;0&quot;,&quot;iso&quot;:&quot;0&quot;,&quot;shutter_speed&quot;:&quot;0&quot;,&quot;title&quot;:&quot;&quot;,&quot;orientation&quot;:&quot;0&quot;}\" data-image-title=\"Loriot07-1\" data-image-description=\"\" data-image-caption=\"\" data-large-file=\"https:\/\/i0.wp.com\/www.quartier-waldacker.de\/wp-content\/uploads\/2024\/04\/Loriot07-1.jpg?fit=1024%2C768&amp;ssl=1\" data-attachment-id=\"23966\" data-permalink=\"https:\/\/www.quartier-waldacker.de\/?attachment_id=23966#main\" data-orig-file=\"https:\/\/i0.wp.com\/www.quartier-waldacker.de\/wp-content\/uploads\/2024\/04\/Loriot07-1.jpg?fit=1600%2C1200&amp;ssl=1\" data-orig-size=\"1600,1200\" data-comments-opened=\"1\" data-image-meta=\"{&quot;aperture&quot;:&quot;0&quot;,&quot;credit&quot;:&quot;&quot;,&quot;camera&quot;:&quot;&quot;,&quot;caption&quot;:&quot;&quot;,&quot;created_timestamp&quot;:&quot;0&quot;,&quot;copyright&quot;:&quot;&quot;,&quot;focal_length&quot;:&quot;0&quot;,&quot;iso&quot;:&quot;0&quot;,&quot;shutter_speed&quot;:&quot;0&quot;,&quot;title&quot;:&quot;&quot;,&quot;orientation&quot;:&quot;0&quot;}\" data-image-title=\"Loriot07-1\" data-image-description=\"\" data-image-caption=\"\" data-large-file=\"https:\/\/i0.wp.com\/www.quartier-waldacker.de\/wp-content\/uploads\/2024\/04\/Loriot07-1.jpg?fit=1024%2C768&amp;ssl=1\" role=\"button\" tabindex=\"0\" aria-label=\"Open image 13 of 13 in full-screen\"srcset=\"https:\/\/i1.wp.com\/www.quartier-waldacker.de\/wp-content\/uploads\/2024\/04\/Loriot07-1-1024x768.jpg?strip=info&#038;w=600&#038;ssl=1 600w,https:\/\/i1.wp.com\/www.quartier-waldacker.de\/wp-content\/uploads\/2024\/04\/Loriot07-1-1024x768.jpg?strip=info&#038;w=900&#038;ssl=1 900w,https:\/\/i1.wp.com\/www.quartier-waldacker.de\/wp-content\/uploads\/2024\/04\/Loriot07-1-1024x768.jpg?strip=info&#038;w=1200&#038;ssl=1 1200w,https:\/\/i1.wp.com\/www.quartier-waldacker.de\/wp-content\/uploads\/2024\/04\/Loriot07-1-1024x768.jpg?strip=info&#038;w=1500&#038;ssl=1 1500w,https:\/\/i1.wp.com\/www.quartier-waldacker.de\/wp-content\/uploads\/2024\/04\/Loriot07-1-1024x768.jpg?strip=info&#038;w=1600&#038;ssl=1 1600w\" alt=\"\" data-height=\"1200\" data-id=\"23966\" data-link=\"https:\/\/www.quartier-waldacker.de\/?attachment_id=23966#main\" data-url=\"https:\/\/www.quartier-waldacker.de\/wp-content\/uploads\/2024\/04\/Loriot07-1-1024x768.jpg\" data-width=\"1600\" src=\"https:\/\/i1.wp.com\/www.quartier-waldacker.de\/wp-content\/uploads\/2024\/04\/Loriot07-1-1024x768.jpg?ssl=1\" data-amp-layout=\"responsive\"\/><\/figure><\/div><\/div><\/div><\/div>\n<\/div>\n<\/div>\n\n\n\n<p>Bilder: Bodo<\/p>\n","protected":false},"excerpt":{"rendered":"<p>Die anf\u00e4ngliche Unruhe, wer denn alles kommen w\u00fcrde, verflog, als kurz nach 14 Uhr die ersten G\u00e4ste im B\u00fcrgertreff Waldacker eintrafen. Flei\u00dfige Mitarbeiterinnen und Freunde des Quartiers hatten f\u00fcr ausreichend Kaffee, Kuchen und Obstsalat gesorgt, so dass der Nachmittag zu Ehren des 100. Geburtstages von Vicco von B\u00fclow alias Loriot in geselliger Runde verbracht werden &#8230; <a title=\"Habe die Ehre! \u00a0Loriot zum 100. Geburtstag\" class=\"read-more\" href=\"https:\/\/www.quartier-waldacker.de\/?p=23923\" aria-label=\"Mehr Informationen \u00fcber Habe die Ehre! \u00a0Loriot zum 100. Geburtstag\">Weiterlesen<\/a><\/p>\n","protected":false},"author":5,"featured_media":23938,"comment_status":"open","ping_status":"closed","sticky":false,"template":"","format":"standard","meta":{"generate_page_header":"","_jetpack_memberships_contains_paid_content":false,"footnotes":""},"categories":[193],"tags":[],"class_list":["post-23923","post","type-post","status-publish","format-standard","has-post-thumbnail","hentry","category-vortraege"],"jetpack_featured_media_url":"https:\/\/i0.wp.com\/www.quartier-waldacker.de\/wp-content\/uploads\/2024\/04\/Header-Loriot-zum-100_1280u.jpg?fit=1280%2C300&ssl=1","jetpack-related-posts":[{"id":23641,"url":"https:\/\/www.quartier-waldacker.de\/?p=23641","url_meta":{"origin":23923,"position":0},"title":"&#8220;Holleri Du D\u00f6del Di&#8221; \u2013 100 Jahre Loriot","author":"Johannes","date":"20. M\u00e4rz 2024","format":false,"excerpt":"Vicco von B\u00fclow alias Loriot w\u00e4re am 12. November 2023 100 Jahre alt geworden. Dieser herausragende Humorist, Schauspieler und Karikaturist hat Generationen mit seinen Knollennasen-Karikaturen, Sketchen und Filmen gepr\u00e4gt. Seine Werke sind voller unvergesslicher S\u00e4tze wie \u201cFr\u00fcher war mehr Lametta\u201d, \u201cM\u00e4nner und Frauen passen einfach nicht zusammen\u201d oder \u201cIch lasse\u2026","rel":"","context":"In &quot;Kultur\/Kunst&quot;","block_context":{"text":"Kultur\/Kunst","link":"https:\/\/www.quartier-waldacker.de\/?cat=161"},"img":{"alt_text":"","src":"https:\/\/i0.wp.com\/www.quartier-waldacker.de\/wp-content\/uploads\/2024\/03\/Header-Loriot-1280_neu1.jpg?fit=1200%2C281&ssl=1&resize=350%2C200","width":350,"height":200,"srcset":"https:\/\/i0.wp.com\/www.quartier-waldacker.de\/wp-content\/uploads\/2024\/03\/Header-Loriot-1280_neu1.jpg?fit=1200%2C281&ssl=1&resize=350%2C200 1x, https:\/\/i0.wp.com\/www.quartier-waldacker.de\/wp-content\/uploads\/2024\/03\/Header-Loriot-1280_neu1.jpg?fit=1200%2C281&ssl=1&resize=525%2C300 1.5x, https:\/\/i0.wp.com\/www.quartier-waldacker.de\/wp-content\/uploads\/2024\/03\/Header-Loriot-1280_neu1.jpg?fit=1200%2C281&ssl=1&resize=700%2C400 2x, https:\/\/i0.wp.com\/www.quartier-waldacker.de\/wp-content\/uploads\/2024\/03\/Header-Loriot-1280_neu1.jpg?fit=1200%2C281&ssl=1&resize=1050%2C600 3x"},"classes":[]},{"id":20273,"url":"https:\/\/www.quartier-waldacker.de\/?p=20273","url_meta":{"origin":23923,"position":1},"title":"Die Kugeln rollen wieder!","author":"admin","date":"13. Mai 2021","format":"image","excerpt":"Am Freitag dem 21. Mai, beginnt die Boule- Saison 2021 der Quartiersgruppe Waldacker. Interessierte am Boule- Spiel treffen sich - Corona bedingt - mit Maske bei spielbarem Wetter immer freitags ab 17 Uhr auf dem Mehrgenerationen - Spielplatz \u201eAm Lerchenberg\u201c. Das Quartier Waldacker l\u00e4dt alle recht herzlich ein, die Spa\u00df\u2026","rel":"","context":"In &quot;Boule - Spiel&quot;","block_context":{"text":"Boule - Spiel","link":"https:\/\/www.quartier-waldacker.de\/?cat=63"},"img":{"alt_text":"","src":"https:\/\/i0.wp.com\/www.quartier-waldacker.de\/wp-content\/uploads\/2018\/04\/Boulespiel.jpg?fit=1200%2C281&ssl=1&resize=350%2C200","width":350,"height":200,"srcset":"https:\/\/i0.wp.com\/www.quartier-waldacker.de\/wp-content\/uploads\/2018\/04\/Boulespiel.jpg?fit=1200%2C281&ssl=1&resize=350%2C200 1x, https:\/\/i0.wp.com\/www.quartier-waldacker.de\/wp-content\/uploads\/2018\/04\/Boulespiel.jpg?fit=1200%2C281&ssl=1&resize=525%2C300 1.5x, https:\/\/i0.wp.com\/www.quartier-waldacker.de\/wp-content\/uploads\/2018\/04\/Boulespiel.jpg?fit=1200%2C281&ssl=1&resize=700%2C400 2x, https:\/\/i0.wp.com\/www.quartier-waldacker.de\/wp-content\/uploads\/2018\/04\/Boulespiel.jpg?fit=1200%2C281&ssl=1&resize=1050%2C600 3x"},"classes":[]},{"id":24042,"url":"https:\/\/www.quartier-waldacker.de\/?p=24042","url_meta":{"origin":23923,"position":2},"title":"Die etwas andere Claude-Monet-Ausstellung","author":"Johannes","date":"24. April 2024","format":false,"excerpt":"An einem sonnigen Aprilnachmittag sind 13 Kunstinteressierte aus R\u00f6dermark nach Frankfurt Heddernheim aufgebrochen, um die Ausstellung \u201eMonets Garten\u201c in der Kunstfabrik zu besuchen. Eine multimediale 360 Grad Erlebnisreise durch die Geschichte und Werke des begnadeten einmaligen K\u00fcnstlers Claude Monets, einem der gr\u00f6\u00dften Maler des letzten Jahrhunderts und Begr\u00fcnder des Impressionismus.\u2026","rel":"","context":"In &quot;Kultur\/Kunst&quot;","block_context":{"text":"Kultur\/Kunst","link":"https:\/\/www.quartier-waldacker.de\/?cat=161"},"img":{"alt_text":"","src":"https:\/\/i0.wp.com\/www.quartier-waldacker.de\/wp-content\/uploads\/2024\/04\/Header_CMS.jpg?fit=1200%2C281&ssl=1&resize=350%2C200","width":350,"height":200,"srcset":"https:\/\/i0.wp.com\/www.quartier-waldacker.de\/wp-content\/uploads\/2024\/04\/Header_CMS.jpg?fit=1200%2C281&ssl=1&resize=350%2C200 1x, https:\/\/i0.wp.com\/www.quartier-waldacker.de\/wp-content\/uploads\/2024\/04\/Header_CMS.jpg?fit=1200%2C281&ssl=1&resize=525%2C300 1.5x, https:\/\/i0.wp.com\/www.quartier-waldacker.de\/wp-content\/uploads\/2024\/04\/Header_CMS.jpg?fit=1200%2C281&ssl=1&resize=700%2C400 2x, https:\/\/i0.wp.com\/www.quartier-waldacker.de\/wp-content\/uploads\/2024\/04\/Header_CMS.jpg?fit=1200%2C281&ssl=1&resize=1050%2C600 3x"},"classes":[]},{"id":22988,"url":"https:\/\/www.quartier-waldacker.de\/?p=22988","url_meta":{"origin":23923,"position":3},"title":"Sommerfest bei den Quartier-Waldacker Radler","author":"admin","date":"15. August 2023","format":false,"excerpt":"Am Samstag, den 12.08.2023 trafen sich um 15.00 Uhr 34 Radlerinnen und Radler zum ersten Mal im Garten des B\u00fcrgertreff-Waldacker zum Sommerfest. Das Wetter war bis zum Beginn des Festes wechselhaft, stabilisierte sich aber im Laufe des Nachmittags weitestgehend, so dass einem guten Verlauf bei angenehmen Temperaturen nichts mehr im\u2026","rel":"","context":"In &quot;AG-Radfahren&quot;","block_context":{"text":"AG-Radfahren","link":"https:\/\/www.quartier-waldacker.de\/?cat=202"},"img":{"alt_text":"","src":"https:\/\/i0.wp.com\/www.quartier-waldacker.de\/wp-content\/uploads\/2022\/08\/Somfest1.jpg?fit=1200%2C281&ssl=1&resize=350%2C200","width":350,"height":200,"srcset":"https:\/\/i0.wp.com\/www.quartier-waldacker.de\/wp-content\/uploads\/2022\/08\/Somfest1.jpg?fit=1200%2C281&ssl=1&resize=350%2C200 1x, https:\/\/i0.wp.com\/www.quartier-waldacker.de\/wp-content\/uploads\/2022\/08\/Somfest1.jpg?fit=1200%2C281&ssl=1&resize=525%2C300 1.5x, https:\/\/i0.wp.com\/www.quartier-waldacker.de\/wp-content\/uploads\/2022\/08\/Somfest1.jpg?fit=1200%2C281&ssl=1&resize=700%2C400 2x, https:\/\/i0.wp.com\/www.quartier-waldacker.de\/wp-content\/uploads\/2022\/08\/Somfest1.jpg?fit=1200%2C281&ssl=1&resize=1050%2C600 3x"},"classes":[]},{"id":26859,"url":"https:\/\/www.quartier-waldacker.de\/?p=26859","url_meta":{"origin":23923,"position":4},"title":"Sommerfest 2025 der Quartiersradler","author":"Johannes","date":"20. Mai 2025","format":false,"excerpt":"Das Organisationsteam der Quartier Waldacker Radler Reinhold Harnoth, Gerhard Elsesser, Joh. Ohnesorg und Bettina Brugger lud am 17.05.2025 um 14:30 Uhr zum diesj\u00e4hrigen Sommerfest ein. Wie auch ein Jahr zuvor fand es im Garten des B\u00fcrgertreffs Waldacker statt. Auch diesmal war wieder reichlich f\u00fcr ausreichend Getr\u00e4nke, Grillgut, Salate, Kuchen und\u2026","rel":"","context":"In &quot;AG-Radfahren&quot;","block_context":{"text":"AG-Radfahren","link":"https:\/\/www.quartier-waldacker.de\/?cat=202"},"img":{"alt_text":"","src":"https:\/\/i0.wp.com\/www.quartier-waldacker.de\/wp-content\/uploads\/2022\/08\/Somfest.jpg?fit=1200%2C281&ssl=1&resize=350%2C200","width":350,"height":200,"srcset":"https:\/\/i0.wp.com\/www.quartier-waldacker.de\/wp-content\/uploads\/2022\/08\/Somfest.jpg?fit=1200%2C281&ssl=1&resize=350%2C200 1x, https:\/\/i0.wp.com\/www.quartier-waldacker.de\/wp-content\/uploads\/2022\/08\/Somfest.jpg?fit=1200%2C281&ssl=1&resize=525%2C300 1.5x, https:\/\/i0.wp.com\/www.quartier-waldacker.de\/wp-content\/uploads\/2022\/08\/Somfest.jpg?fit=1200%2C281&ssl=1&resize=700%2C400 2x, https:\/\/i0.wp.com\/www.quartier-waldacker.de\/wp-content\/uploads\/2022\/08\/Somfest.jpg?fit=1200%2C281&ssl=1&resize=1050%2C600 3x"},"classes":[]},{"id":27515,"url":"https:\/\/www.quartier-waldacker.de\/?p=27515","url_meta":{"origin":23923,"position":5},"title":"Ein Nachmittag voller W\u00e4rme: Das Winter-Caf\u00e9 im B\u00fcrgertreff Waldacker","author":"Johannes","date":"24. Februar 2026","format":false,"excerpt":"W\u00e4hrend am Sonntag, den 22. Februar 2026, der Regen an die Fenster des B\u00fcrgertreffs Waldacker klopfte, herrschte innen eine ganz andere Atmosph\u00e4re: die behagliche W\u00e4rme eines geselligen Kaffeenachmittags. Dem gut besuchten Martins-Caf\u00e9 im November folgend, hatte die Quartiersgruppe Waldacker erneut zum Winter-Caf\u00e9 eingeladen, und trotz des unbest\u00e4ndigen Wetters fanden \u00fcber\u2026","rel":"","context":"In &quot;Events&quot;","block_context":{"text":"Events","link":"https:\/\/www.quartier-waldacker.de\/?cat=170"},"img":{"alt_text":"","src":"https:\/\/i0.wp.com\/www.quartier-waldacker.de\/wp-content\/uploads\/2024\/10\/Header_Kuchen.jpg?fit=1200%2C281&ssl=1&resize=350%2C200","width":350,"height":200,"srcset":"https:\/\/i0.wp.com\/www.quartier-waldacker.de\/wp-content\/uploads\/2024\/10\/Header_Kuchen.jpg?fit=1200%2C281&ssl=1&resize=350%2C200 1x, https:\/\/i0.wp.com\/www.quartier-waldacker.de\/wp-content\/uploads\/2024\/10\/Header_Kuchen.jpg?fit=1200%2C281&ssl=1&resize=525%2C300 1.5x, https:\/\/i0.wp.com\/www.quartier-waldacker.de\/wp-content\/uploads\/2024\/10\/Header_Kuchen.jpg?fit=1200%2C281&ssl=1&resize=700%2C400 2x, https:\/\/i0.wp.com\/www.quartier-waldacker.de\/wp-content\/uploads\/2024\/10\/Header_Kuchen.jpg?fit=1200%2C281&ssl=1&resize=1050%2C600 3x"},"classes":[]}],"jetpack_sharing_enabled":true,"rttpg_featured_image_url":{"full":["https:\/\/i0.wp.com\/www.quartier-waldacker.de\/wp-content\/uploads\/2024\/04\/Header-Loriot-zum-100_1280u.jpg?fit=1280%2C300&ssl=1",1280,300,false],"landscape":["https:\/\/www.quartier-waldacker.de\/wp-content\/uploads\/2024\/04\/Header-Loriot-zum-100_1280u.jpg",1280,300,false],"portraits":["https:\/\/www.quartier-waldacker.de\/wp-content\/uploads\/2024\/04\/Header-Loriot-zum-100_1280u.jpg",1280,300,false],"thumbnail":["https:\/\/i0.wp.com\/www.quartier-waldacker.de\/wp-content\/uploads\/2024\/04\/Header-Loriot-zum-100_1280u.jpg?resize=150%2C150&ssl=1",150,150,true],"medium":["https:\/\/i0.wp.com\/www.quartier-waldacker.de\/wp-content\/uploads\/2024\/04\/Header-Loriot-zum-100_1280u.jpg?fit=300%2C70&ssl=1",300,70,true],"large":["https:\/\/i0.wp.com\/www.quartier-waldacker.de\/wp-content\/uploads\/2024\/04\/Header-Loriot-zum-100_1280u.jpg?fit=1024%2C240&ssl=1",1024,240,true],"1536x1536":["https:\/\/i0.wp.com\/www.quartier-waldacker.de\/wp-content\/uploads\/2024\/04\/Header-Loriot-zum-100_1280u.jpg?fit=1280%2C300&ssl=1",1280,300,true],"2048x2048":["https:\/\/i0.wp.com\/www.quartier-waldacker.de\/wp-content\/uploads\/2024\/04\/Header-Loriot-zum-100_1280u.jpg?fit=1280%2C300&ssl=1",1280,300,true]},"rttpg_author":{"display_name":"Johannes","author_link":"https:\/\/www.quartier-waldacker.de\/?author=5"},"rttpg_comment":2,"rttpg_category":"<a href=\"https:\/\/www.quartier-waldacker.de\/?cat=193\" rel=\"category\">Vortr\u00e4ge<\/a>","rttpg_excerpt":"Die anf\u00e4ngliche Unruhe, wer denn alles kommen w\u00fcrde, verflog, als kurz nach 14 Uhr die ersten G\u00e4ste im B\u00fcrgertreff Waldacker eintrafen. Flei\u00dfige Mitarbeiterinnen und Freunde des Quartiers hatten f\u00fcr ausreichend Kaffee, Kuchen und Obstsalat gesorgt, so dass der Nachmittag zu Ehren des 100. Geburtstages von Vicco von B\u00fclow alias Loriot in geselliger Runde verbracht werden&hellip;","_links":{"self":[{"href":"https:\/\/www.quartier-waldacker.de\/index.php?rest_route=\/wp\/v2\/posts\/23923","targetHints":{"allow":["GET"]}}],"collection":[{"href":"https:\/\/www.quartier-waldacker.de\/index.php?rest_route=\/wp\/v2\/posts"}],"about":[{"href":"https:\/\/www.quartier-waldacker.de\/index.php?rest_route=\/wp\/v2\/types\/post"}],"author":[{"embeddable":true,"href":"https:\/\/www.quartier-waldacker.de\/index.php?rest_route=\/wp\/v2\/users\/5"}],"replies":[{"embeddable":true,"href":"https:\/\/www.quartier-waldacker.de\/index.php?rest_route=%2Fwp%2Fv2%2Fcomments&post=23923"}],"version-history":[{"count":0,"href":"https:\/\/www.quartier-waldacker.de\/index.php?rest_route=\/wp\/v2\/posts\/23923\/revisions"}],"wp:featuredmedia":[{"embeddable":true,"href":"https:\/\/www.quartier-waldacker.de\/index.php?rest_route=\/wp\/v2\/media\/23938"}],"wp:attachment":[{"href":"https:\/\/www.quartier-waldacker.de\/index.php?rest_route=%2Fwp%2Fv2%2Fmedia&parent=23923"}],"wp:term":[{"taxonomy":"category","embeddable":true,"href":"https:\/\/www.quartier-waldacker.de\/index.php?rest_route=%2Fwp%2Fv2%2Fcategories&post=23923"},{"taxonomy":"post_tag","embeddable":true,"href":"https:\/\/www.quartier-waldacker.de\/index.php?rest_route=%2Fwp%2Fv2%2Ftags&post=23923"}],"curies":[{"name":"wp","href":"https:\/\/api.w.org\/{rel}","templated":true}]}}