{"id":23667,"date":"2024-03-23T16:50:07","date_gmt":"2024-03-23T15:50:07","guid":{"rendered":"https:\/\/www.quartier-waldacker.de\/?p=23667"},"modified":"2024-03-24T16:23:35","modified_gmt":"2024-03-24T15:23:35","slug":"fruehjahrputz-an-der-pflanzparzelle-am-buchrain-hauptstrasse","status":"publish","type":"post","link":"https:\/\/www.quartier-waldacker.de\/?p=23667","title":{"rendered":"Fr\u00fchjahrputz an der Pflanzparzelle \u201e Am Buchrain\/Hauptstra\u00dfe\u201c"},"content":{"rendered":"\n<p class=\"has-medium-font-size\">Wenn die Forsythien bl\u00fchen, ist es Zeit f\u00fcr den R\u00fcckschnitt der Rosen und damit f\u00fcr den Beginn der g\u00e4rtnerischen Arbeiten f\u00fcr die AG-Gr\u00fcn in der Parzelle &#8220;Am Buchrain&#8217;\/Hauptstra\u00dfe&#8221;. Zwei Mitglieder der Quartiersgruppe trafen sich am 22. M\u00e4rz um 14.00 Uhr mit Schere, Hacke und Abfalls\u00e4cken bewaffnet an der Parzelle. Bei den Rosen wurden zun\u00e4chst die sich kreuzenden Triebe, die d\u00fcnnen, nicht bl\u00fctentragenden Triebe, die \u00fcberfl\u00fcssigen Seitentriebe, die verletzten oder erfrorenen Triebe bis ins gesunde Holz zur\u00fcckgeschnitten und die kranken, infizierten oder abgestorbenen Triebe entfernt. Durch den vielen Regen im letzten Jahr ist einiges wild gewachsen und musste stark zur\u00fcckgeschnitten werden. Als n\u00e4chstes wurde der Boden der Parzelle mit der Hacke aufgelockert und von dem Wildwuchs der verschiedenen Gr\u00e4ser bzw. Unkraut befreit. Insgesamt sind 3 gro\u00dfe M\u00fclls\u00e4cke mit Gartenabf\u00e4llen angefallen, die am kommenden Samstag im Wertstoffhof Kapellenstra\u00dfe entsorgt werden m\u00fcssen. Nachtr\u00e4glich wird von Ursula R. noch D\u00fcnger f\u00fcr die Rosen besorgt und demn\u00e4chst ausges\u00e4t. Das waren ca. 2 Std. harte Arbeit<\/p>\n\n\n\n<figure class=\"wp-block-gallery has-nested-images columns-default is-cropped wp-block-gallery-2 is-layout-flex wp-block-gallery-is-layout-flex\">\n<figure class=\"wp-block-image size-large\"><img data-recalc-dims=\"1\" loading=\"lazy\" decoding=\"async\" width=\"1024\" height=\"768\" data-attachment-id=\"23669\" data-permalink=\"https:\/\/www.quartier-waldacker.de\/?attachment_id=23669#main\" data-orig-file=\"https:\/\/i0.wp.com\/www.quartier-waldacker.de\/wp-content\/uploads\/2024\/03\/Parzelle_vorher.jpg?fit=1280%2C960&amp;ssl=1\" data-orig-size=\"1280,960\" data-comments-opened=\"1\" data-image-meta=\"{&quot;aperture&quot;:&quot;0&quot;,&quot;credit&quot;:&quot;&quot;,&quot;camera&quot;:&quot;&quot;,&quot;caption&quot;:&quot;&quot;,&quot;created_timestamp&quot;:&quot;0&quot;,&quot;copyright&quot;:&quot;&quot;,&quot;focal_length&quot;:&quot;0&quot;,&quot;iso&quot;:&quot;0&quot;,&quot;shutter_speed&quot;:&quot;0&quot;,&quot;title&quot;:&quot;&quot;,&quot;orientation&quot;:&quot;0&quot;}\" data-image-title=\"Parzelle_vorher\" data-image-description=\"\" data-image-caption=\"\" data-large-file=\"https:\/\/i0.wp.com\/www.quartier-waldacker.de\/wp-content\/uploads\/2024\/03\/Parzelle_vorher.jpg?fit=1024%2C768&amp;ssl=1\" data-id=\"23669\" src=\"https:\/\/i0.wp.com\/www.quartier-waldacker.de\/wp-content\/uploads\/2024\/03\/Parzelle_vorher.jpg?resize=1024%2C768&#038;ssl=1\" alt=\"\" class=\"wp-image-23669\" srcset=\"https:\/\/i0.wp.com\/www.quartier-waldacker.de\/wp-content\/uploads\/2024\/03\/Parzelle_vorher.jpg?resize=1024%2C768&amp;ssl=1 1024w, https:\/\/i0.wp.com\/www.quartier-waldacker.de\/wp-content\/uploads\/2024\/03\/Parzelle_vorher.jpg?resize=300%2C225&amp;ssl=1 300w, https:\/\/i0.wp.com\/www.quartier-waldacker.de\/wp-content\/uploads\/2024\/03\/Parzelle_vorher.jpg?resize=768%2C576&amp;ssl=1 768w, https:\/\/i0.wp.com\/www.quartier-waldacker.de\/wp-content\/uploads\/2024\/03\/Parzelle_vorher.jpg?w=1280&amp;ssl=1 1280w\" sizes=\"auto, (max-width: 1024px) 100vw, 1024px\" \/><\/figure>\n\n\n\n<figure class=\"wp-block-image size-large\"><img data-recalc-dims=\"1\" loading=\"lazy\" decoding=\"async\" width=\"1024\" height=\"768\" data-attachment-id=\"23668\" data-permalink=\"https:\/\/www.quartier-waldacker.de\/?attachment_id=23668#main\" data-orig-file=\"https:\/\/i0.wp.com\/www.quartier-waldacker.de\/wp-content\/uploads\/2024\/03\/Parzelle_nacher2.jpg?fit=1280%2C960&amp;ssl=1\" data-orig-size=\"1280,960\" data-comments-opened=\"1\" data-image-meta=\"{&quot;aperture&quot;:&quot;0&quot;,&quot;credit&quot;:&quot;&quot;,&quot;camera&quot;:&quot;&quot;,&quot;caption&quot;:&quot;&quot;,&quot;created_timestamp&quot;:&quot;0&quot;,&quot;copyright&quot;:&quot;&quot;,&quot;focal_length&quot;:&quot;0&quot;,&quot;iso&quot;:&quot;0&quot;,&quot;shutter_speed&quot;:&quot;0&quot;,&quot;title&quot;:&quot;&quot;,&quot;orientation&quot;:&quot;0&quot;}\" data-image-title=\"Parzelle_nacher2\" data-image-description=\"\" data-image-caption=\"\" data-large-file=\"https:\/\/i0.wp.com\/www.quartier-waldacker.de\/wp-content\/uploads\/2024\/03\/Parzelle_nacher2.jpg?fit=1024%2C768&amp;ssl=1\" data-id=\"23668\" src=\"https:\/\/i0.wp.com\/www.quartier-waldacker.de\/wp-content\/uploads\/2024\/03\/Parzelle_nacher2.jpg?resize=1024%2C768&#038;ssl=1\" alt=\"\" class=\"wp-image-23668\" srcset=\"https:\/\/i0.wp.com\/www.quartier-waldacker.de\/wp-content\/uploads\/2024\/03\/Parzelle_nacher2.jpg?resize=1024%2C768&amp;ssl=1 1024w, https:\/\/i0.wp.com\/www.quartier-waldacker.de\/wp-content\/uploads\/2024\/03\/Parzelle_nacher2.jpg?resize=300%2C225&amp;ssl=1 300w, https:\/\/i0.wp.com\/www.quartier-waldacker.de\/wp-content\/uploads\/2024\/03\/Parzelle_nacher2.jpg?resize=768%2C576&amp;ssl=1 768w, https:\/\/i0.wp.com\/www.quartier-waldacker.de\/wp-content\/uploads\/2024\/03\/Parzelle_nacher2.jpg?w=1280&amp;ssl=1 1280w\" sizes=\"auto, (max-width: 1024px) 100vw, 1024px\" \/><\/figure>\n\n\n\n<figure class=\"wp-block-image size-large\"><img data-recalc-dims=\"1\" loading=\"lazy\" decoding=\"async\" width=\"1024\" height=\"768\" data-attachment-id=\"23670\" data-permalink=\"https:\/\/www.quartier-waldacker.de\/?attachment_id=23670#main\" data-orig-file=\"https:\/\/i0.wp.com\/www.quartier-waldacker.de\/wp-content\/uploads\/2024\/03\/Parzelle_nachher.jpg?fit=1280%2C960&amp;ssl=1\" data-orig-size=\"1280,960\" data-comments-opened=\"1\" data-image-meta=\"{&quot;aperture&quot;:&quot;0&quot;,&quot;credit&quot;:&quot;&quot;,&quot;camera&quot;:&quot;&quot;,&quot;caption&quot;:&quot;&quot;,&quot;created_timestamp&quot;:&quot;0&quot;,&quot;copyright&quot;:&quot;&quot;,&quot;focal_length&quot;:&quot;0&quot;,&quot;iso&quot;:&quot;0&quot;,&quot;shutter_speed&quot;:&quot;0&quot;,&quot;title&quot;:&quot;&quot;,&quot;orientation&quot;:&quot;0&quot;}\" data-image-title=\"Parzelle_nachher\" data-image-description=\"\" data-image-caption=\"\" data-large-file=\"https:\/\/i0.wp.com\/www.quartier-waldacker.de\/wp-content\/uploads\/2024\/03\/Parzelle_nachher.jpg?fit=1024%2C768&amp;ssl=1\" data-id=\"23670\" src=\"https:\/\/i0.wp.com\/www.quartier-waldacker.de\/wp-content\/uploads\/2024\/03\/Parzelle_nachher.jpg?resize=1024%2C768&#038;ssl=1\" alt=\"\" class=\"wp-image-23670\" srcset=\"https:\/\/i0.wp.com\/www.quartier-waldacker.de\/wp-content\/uploads\/2024\/03\/Parzelle_nachher.jpg?resize=1024%2C768&amp;ssl=1 1024w, https:\/\/i0.wp.com\/www.quartier-waldacker.de\/wp-content\/uploads\/2024\/03\/Parzelle_nachher.jpg?resize=300%2C225&amp;ssl=1 300w, https:\/\/i0.wp.com\/www.quartier-waldacker.de\/wp-content\/uploads\/2024\/03\/Parzelle_nachher.jpg?resize=768%2C576&amp;ssl=1 768w, https:\/\/i0.wp.com\/www.quartier-waldacker.de\/wp-content\/uploads\/2024\/03\/Parzelle_nachher.jpg?w=1280&amp;ssl=1 1280w\" sizes=\"auto, (max-width: 1024px) 100vw, 1024px\" \/><\/figure>\n<\/figure>\n\n\n\n<p class=\"has-base-background-color has-background has-medium-font-size\"><strong>Anmerkung:<\/strong> F\u00fcr den Herbst sollte sich die Gruppe Gedanken \u00fcber die Neubepflanzung machen. Der Lavendel ist alt und hat einige L\u00fccken. Alternativ kann auch etwas Neues gepflanzt werden.<\/p>\n\n\n\n<p>Besuchen Sie uns auf Facebook Quartier-Waldacker<\/p>\n","protected":false},"excerpt":{"rendered":"<p>Wenn die Forsythien bl\u00fchen, ist es Zeit f\u00fcr den R\u00fcckschnitt der Rosen und damit f\u00fcr den Beginn der g\u00e4rtnerischen Arbeiten f\u00fcr die AG-Gr\u00fcn in der Parzelle &#8220;Am Buchrain&#8217;\/Hauptstra\u00dfe&#8221;. Zwei Mitglieder der Quartiersgruppe trafen sich am 22. M\u00e4rz um 14.00 Uhr mit Schere, Hacke und Abfalls\u00e4cken bewaffnet an der Parzelle. Bei den Rosen wurden zun\u00e4chst die &#8230; <a title=\"Fr\u00fchjahrputz an der Pflanzparzelle \u201e Am Buchrain\/Hauptstra\u00dfe\u201c\" class=\"read-more\" href=\"https:\/\/www.quartier-waldacker.de\/?p=23667\" aria-label=\"Mehr Informationen \u00fcber Fr\u00fchjahrputz an der Pflanzparzelle \u201e Am Buchrain\/Hauptstra\u00dfe\u201c\">Weiterlesen<\/a><\/p>\n","protected":false},"author":5,"featured_media":19305,"comment_status":"open","ping_status":"closed","sticky":false,"template":"","format":"standard","meta":{"generate_page_header":"","_jetpack_memberships_contains_paid_content":false,"footnotes":""},"categories":[188],"tags":[],"class_list":["post-23667","post","type-post","status-publish","format-standard","has-post-thumbnail","hentry","category-ag-gruen"],"jetpack_featured_media_url":"https:\/\/i0.wp.com\/www.quartier-waldacker.de\/wp-content\/uploads\/2019\/08\/Header_Blumeninder-Stadt1380.jpg?fit=1380%2C300&ssl=1","jetpack-related-posts":[{"id":4882,"url":"https:\/\/www.quartier-waldacker.de\/?p=4882","url_meta":{"origin":23667,"position":0},"title":"Waldacker soll bl\u00fchen &#8211; Gr\u00fcnpatenschaft","author":"Johannes","date":"24. Februar 2014","format":false,"excerpt":"Die Stadt R\u00f6dermark bietet B\u00fcrgerinnen und B\u00fcrgern, die ihr Wohnumfeld versch\u00f6nern wollen, eine Gr\u00fcnpatenschaft f\u00fcr \u00f6ffentliche Pl\u00e4tze im Stadtgebiet an. In Waldacker gibt es zwei st\u00e4dtischen Anlagen, Ecke Hauptstra\u00dfe\/Lindenweg und Ecke An der H\u00fchnerecke-J\u00e4gerstra\u00dfe, die von Gr\u00fcnpaten bepflanzt, gepflegt und bew\u00e4ssert werden k\u00f6nnen, siehe Bericht in der Dreieich-Zeitung. Die anderen\u2026","rel":"","context":"In &quot;AG-Gr\u00fcn&quot;","block_context":{"text":"AG-Gr\u00fcn","link":"https:\/\/www.quartier-waldacker.de\/?cat=188"},"img":{"alt_text":"","src":"https:\/\/i0.wp.com\/www.quartier-waldacker.de\/wp-content\/uploads\/2014\/02\/P1060886_2.jpg?resize=350%2C200&ssl=1","width":350,"height":200},"classes":[]},{"id":4057,"url":"https:\/\/www.quartier-waldacker.de\/?p=4057","url_meta":{"origin":23667,"position":1},"title":"Waldacker &#8211; Bl\u00fcht auf!","author":"Johannes","date":"21. November 2013","format":false,"excerpt":"Waldacker soll - ein Jahr nach der gro\u00dfen Baustelle - sch\u00f6ner werden. Das ist der Wunsch vieler Anwohner\/innen und der Quartiersgruppe. Die h\u00e4sslichen, nicht einladenden, mit Unkraut \u00fcberwucherten Verkehrsinseln auf der Hauptstra\u00dfe sollen mit h\u00fcbschen anspruchslosen, bodendeckenden \u00a0Str\u00e4ucher bepflanzt werden. Auch den anderen Gr\u00fcnfl\u00e4chen im Stadtteil m\u00f6chte die Quartiersgruppe mit\u2026","rel":"","context":"In &quot;AG-Gr\u00fcn&quot;","block_context":{"text":"AG-Gr\u00fcn","link":"https:\/\/www.quartier-waldacker.de\/?cat=188"},"img":{"alt_text":"","src":"https:\/\/i0.wp.com\/www.quartier-waldacker.de\/wp-content\/uploads\/2013\/11\/P1060178-Kopie.jpg?resize=350%2C200&ssl=1","width":350,"height":200,"srcset":"https:\/\/i0.wp.com\/www.quartier-waldacker.de\/wp-content\/uploads\/2013\/11\/P1060178-Kopie.jpg?resize=350%2C200&ssl=1 1x, https:\/\/i0.wp.com\/www.quartier-waldacker.de\/wp-content\/uploads\/2013\/11\/P1060178-Kopie.jpg?resize=525%2C300&ssl=1 1.5x, https:\/\/i0.wp.com\/www.quartier-waldacker.de\/wp-content\/uploads\/2013\/11\/P1060178-Kopie.jpg?resize=700%2C400&ssl=1 2x, https:\/\/i0.wp.com\/www.quartier-waldacker.de\/wp-content\/uploads\/2013\/11\/P1060178-Kopie.jpg?resize=1050%2C600&ssl=1 3x, https:\/\/i0.wp.com\/www.quartier-waldacker.de\/wp-content\/uploads\/2013\/11\/P1060178-Kopie.jpg?resize=1400%2C800&ssl=1 4x"},"classes":[]},{"id":6547,"url":"https:\/\/www.quartier-waldacker.de\/?p=6547","url_meta":{"origin":23667,"position":2},"title":"Abenteuerliche Radwegef\u00fchrung","author":"Johannes","date":"4. Oktober 2014","format":false,"excerpt":"Seit der von allen beteiligten Beh\u00f6rden genehmigten Planung der Ortsdurchfahrt streiten sich die Verantwortlichen gleich um die richtige Umsetzung des eigentlich beschlossenen Radverkehr- F\u00fchrungskonzeptes entlang der Hauptstra\u00dfe in Waldacker. Das Ergebnis ist Fehlverhalten von Radfahrern mit Gef\u00e4hrdung von Fu\u00dfg\u00e4ngern und Radfahrern. Die st\u00e4ndigen Verst\u00f6\u00dfe gegen die StVO (verbotenes Fahren auf\u2026","rel":"","context":"In &quot;Radwegef\u00fchrung&quot;","block_context":{"text":"Radwegef\u00fchrung","link":"https:\/\/www.quartier-waldacker.de\/?cat=130"},"img":{"alt_text":"","src":"https:\/\/i0.wp.com\/www.quartier-waldacker.de\/wp-content\/uploads\/2014\/10\/P1070298_web-300x169.jpg?resize=350%2C200&ssl=1","width":350,"height":200},"classes":[]},{"id":7623,"url":"https:\/\/www.quartier-waldacker.de\/?p=7623","url_meta":{"origin":23667,"position":3},"title":"Osterdekoration der Waldackerer Kids begr\u00fc\u00dft den Fr\u00fchling","author":"Johannes","date":"24. M\u00e4rz 2015","format":false,"excerpt":"Unser Stadtteil soll interessanter und sch\u00f6ner werden, nach diesem Motto planten und bastelten die Kinder aus dem Kindergarten Waldacker \u00f6sterliche Skulpturen. Gemeinsam mit der Quartiersgruppe Waldacker wurde die Gr\u00fcnfl\u00e4che Am Buchrain\/Hauptstra\u00dfe als geeigneter Standort ausgemacht, um das Selbsthergestellte zu pr\u00e4sentieren. Nach zwei Wochen intensiver und kreativer Bastelzeit war es endlich\u2026","rel":"","context":"In &quot;Kita-Waldacker&quot;","block_context":{"text":"Kita-Waldacker","link":"https:\/\/www.quartier-waldacker.de\/?cat=194"},"img":{"alt_text":"","src":"https:\/\/i0.wp.com\/www.quartier-waldacker.de\/wp-content\/uploads\/2015\/03\/KIGA00.jpg?fit=640%2C480&ssl=1&resize=350%2C200","width":350,"height":200,"srcset":"https:\/\/i0.wp.com\/www.quartier-waldacker.de\/wp-content\/uploads\/2015\/03\/KIGA00.jpg?fit=640%2C480&ssl=1&resize=350%2C200 1x, https:\/\/i0.wp.com\/www.quartier-waldacker.de\/wp-content\/uploads\/2015\/03\/KIGA00.jpg?fit=640%2C480&ssl=1&resize=525%2C300 1.5x"},"classes":[]},{"id":9933,"url":"https:\/\/www.quartier-waldacker.de\/?p=9933","url_meta":{"origin":23667,"position":4},"title":"Osteraktion an der Gr\u00fcnfl\u00e4che Am Buchrain \u2013 Kindergarten Waldacker sagt \u201eDankesch\u00f6n\u201c","author":"admin","date":"12. April 2016","format":false,"excerpt":"Ein Beitrag von Sandra Seibert F\u00fcr die gemeinsame Osteraktion von Kindergarten und Quartiersgruppe hat sich der Kindergarten Amselstra\u00dfe ganz herzlich bei der Quartiersgruppe bedankt. Als kleines Dankesch\u00f6n bekam die Quartiersgruppe Waldacker eine von den Kindern handsignierte Gru\u00df-Karte mit Osteraktionsbild und einem fetten Dankesch\u00f6n f\u00fcr die tolle Unterst\u00fctzung und Zusammenarbeit dieser\u2026","rel":"","context":"In &quot;Kita-Waldacker&quot;","block_context":{"text":"Kita-Waldacker","link":"https:\/\/www.quartier-waldacker.de\/?cat=194"},"img":{"alt_text":"Scan_20160406_550_780","src":"https:\/\/i0.wp.com\/www.quartier-waldacker.de\/wp-content\/uploads\/2016\/04\/Scan_20160406_550_780-212x300.jpg?resize=350%2C200&ssl=1","width":350,"height":200},"classes":[]},{"id":24083,"url":"https:\/\/www.quartier-waldacker.de\/?p=24083","url_meta":{"origin":23667,"position":5},"title":"Aktivit\u00e4ten der Quartiersgruppe Waldacker in einer Zeitleiste aufgelistet.","author":"Johannes","date":"25. April 2024","format":false,"excerpt":"Nov. 2011 Zukunftswerkstadt Alle Waldackerer, die das 60. Lebensjahr vollendet haben, wurden von Herrn W. Geiken -Weigh von der Stadt R\u00f6dermark in die Zukunftswerkstadt eingeladen. Januar 2012 Gr\u00fcndung der \"Quariersgruppe Waldacker\" Aus der Zukunftswerkstadt entstand Quartiers-Waldacker Februar 2012 Seniorenfahrt zum Film des Monat Einmal im Monat f\u00e4hrt Herr B\u00e4rmann mit\u2026","rel":"","context":"With 1 comment","block_context":{"text":"With 1 comment","link":"https:\/\/www.quartier-waldacker.de\/?p=24083#comments"},"img":{"alt_text":"","src":"https:\/\/i0.wp.com\/www.quartier-waldacker.de\/wp-content\/uploads\/2024\/04\/Quartier_Historie.jpg?fit=1200%2C281&ssl=1&resize=350%2C200","width":350,"height":200,"srcset":"https:\/\/i0.wp.com\/www.quartier-waldacker.de\/wp-content\/uploads\/2024\/04\/Quartier_Historie.jpg?fit=1200%2C281&ssl=1&resize=350%2C200 1x, https:\/\/i0.wp.com\/www.quartier-waldacker.de\/wp-content\/uploads\/2024\/04\/Quartier_Historie.jpg?fit=1200%2C281&ssl=1&resize=525%2C300 1.5x, https:\/\/i0.wp.com\/www.quartier-waldacker.de\/wp-content\/uploads\/2024\/04\/Quartier_Historie.jpg?fit=1200%2C281&ssl=1&resize=700%2C400 2x, https:\/\/i0.wp.com\/www.quartier-waldacker.de\/wp-content\/uploads\/2024\/04\/Quartier_Historie.jpg?fit=1200%2C281&ssl=1&resize=1050%2C600 3x"},"classes":[]}],"jetpack_sharing_enabled":true,"rttpg_featured_image_url":{"full":["https:\/\/i0.wp.com\/www.quartier-waldacker.de\/wp-content\/uploads\/2019\/08\/Header_Blumeninder-Stadt1380.jpg?fit=1380%2C300&ssl=1",1380,300,false],"landscape":["https:\/\/www.quartier-waldacker.de\/wp-content\/uploads\/2019\/08\/Header_Blumeninder-Stadt1380.jpg",1380,300,false],"portraits":["https:\/\/www.quartier-waldacker.de\/wp-content\/uploads\/2019\/08\/Header_Blumeninder-Stadt1380.jpg",1380,300,false],"thumbnail":["https:\/\/i0.wp.com\/www.quartier-waldacker.de\/wp-content\/uploads\/2019\/08\/Header_Blumeninder-Stadt1380.jpg?resize=150%2C150&ssl=1",150,150,true],"medium":["https:\/\/i0.wp.com\/www.quartier-waldacker.de\/wp-content\/uploads\/2019\/08\/Header_Blumeninder-Stadt1380.jpg?fit=300%2C65&ssl=1",300,65,true],"large":["https:\/\/i0.wp.com\/www.quartier-waldacker.de\/wp-content\/uploads\/2019\/08\/Header_Blumeninder-Stadt1380.jpg?fit=1024%2C223&ssl=1",1024,223,true],"1536x1536":["https:\/\/i0.wp.com\/www.quartier-waldacker.de\/wp-content\/uploads\/2019\/08\/Header_Blumeninder-Stadt1380.jpg?fit=1380%2C300&ssl=1",1380,300,true],"2048x2048":["https:\/\/i0.wp.com\/www.quartier-waldacker.de\/wp-content\/uploads\/2019\/08\/Header_Blumeninder-Stadt1380.jpg?fit=1380%2C300&ssl=1",1380,300,true]},"rttpg_author":{"display_name":"Johannes","author_link":"https:\/\/www.quartier-waldacker.de\/?author=5"},"rttpg_comment":2,"rttpg_category":"<a href=\"https:\/\/www.quartier-waldacker.de\/?cat=188\" rel=\"category\">AG-Gr\u00fcn<\/a>","rttpg_excerpt":"Wenn die Forsythien bl\u00fchen, ist es Zeit f\u00fcr den R\u00fcckschnitt der Rosen und damit f\u00fcr den Beginn der g\u00e4rtnerischen Arbeiten f\u00fcr die AG-Gr\u00fcn in der Parzelle &#8220;Am Buchrain&#8217;\/Hauptstra\u00dfe&#8221;. Zwei Mitglieder der Quartiersgruppe trafen sich am 22. M\u00e4rz um 14.00 Uhr mit Schere, Hacke und Abfalls\u00e4cken bewaffnet an der Parzelle. Bei den Rosen wurden zun\u00e4chst die&hellip;","_links":{"self":[{"href":"https:\/\/www.quartier-waldacker.de\/index.php?rest_route=\/wp\/v2\/posts\/23667","targetHints":{"allow":["GET"]}}],"collection":[{"href":"https:\/\/www.quartier-waldacker.de\/index.php?rest_route=\/wp\/v2\/posts"}],"about":[{"href":"https:\/\/www.quartier-waldacker.de\/index.php?rest_route=\/wp\/v2\/types\/post"}],"author":[{"embeddable":true,"href":"https:\/\/www.quartier-waldacker.de\/index.php?rest_route=\/wp\/v2\/users\/5"}],"replies":[{"embeddable":true,"href":"https:\/\/www.quartier-waldacker.de\/index.php?rest_route=%2Fwp%2Fv2%2Fcomments&post=23667"}],"version-history":[{"count":0,"href":"https:\/\/www.quartier-waldacker.de\/index.php?rest_route=\/wp\/v2\/posts\/23667\/revisions"}],"wp:featuredmedia":[{"embeddable":true,"href":"https:\/\/www.quartier-waldacker.de\/index.php?rest_route=\/wp\/v2\/media\/19305"}],"wp:attachment":[{"href":"https:\/\/www.quartier-waldacker.de\/index.php?rest_route=%2Fwp%2Fv2%2Fmedia&parent=23667"}],"wp:term":[{"taxonomy":"category","embeddable":true,"href":"https:\/\/www.quartier-waldacker.de\/index.php?rest_route=%2Fwp%2Fv2%2Fcategories&post=23667"},{"taxonomy":"post_tag","embeddable":true,"href":"https:\/\/www.quartier-waldacker.de\/index.php?rest_route=%2Fwp%2Fv2%2Ftags&post=23667"}],"curies":[{"name":"wp","href":"https:\/\/api.w.org\/{rel}","templated":true}]}}