{"id":23641,"date":"2024-03-20T21:23:26","date_gmt":"2024-03-20T20:23:26","guid":{"rendered":"https:\/\/www.quartier-waldacker.de\/?p=23641"},"modified":"2024-04-12T17:39:59","modified_gmt":"2024-04-12T15:39:59","slug":"holleri-du-doedel-di-100-jahre-loriot","status":"publish","type":"post","link":"https:\/\/www.quartier-waldacker.de\/?p=23641","title":{"rendered":"&#8220;Holleri Du D\u00f6del Di&#8221; \u2013 100 Jahre Loriot"},"content":{"rendered":"\n<p><span style=\"font-size: 20px;\">Vicco von B\u00fclow alias Loriot w\u00e4re am 12. November 2023 100 Jahre alt geworden. Dieser herausragende Humorist, Schauspieler und Karikaturist hat Generationen mit seinen Knollennasen-Karikaturen, Sketchen und Filmen gepr\u00e4gt. Seine Werke sind voller unvergesslicher S\u00e4tze wie \u201cFr\u00fcher war mehr Lametta\u201d, \u201cM\u00e4nner und Frauen passen einfach nicht zusammen\u201d oder \u201cIch lasse mir doch von einem Fernsehger\u00e4t nicht vorschreiben, wo ich hinsehen soll.\u201d.<\/span><br><br><span style=\"font-size: 20px;\"><a href=\"https:\/\/i0.wp.com\/www.quartier-waldacker.de\/wp-content\/uploads\/2024\/03\/To_alle.jpg?ssl=1\" target=\"_blank\" rel=\"noopener\"><img data-recalc-dims=\"1\" loading=\"lazy\" decoding=\"async\" class=\"alignright\" src=\"https:\/\/i0.wp.com\/www.quartier-waldacker.de\/wp-content\/uploads\/2024\/03\/To_alle.jpg?resize=376%2C282&#038;ssl=1\" alt=\"\" width=\"376\" height=\"282\"><\/a>Das Caricaturen Museum in Frankfurt zeigt von Sept. 2023 bis Mai 2024 seine Werke. Aus diesem Anlass machten sich am 19. M\u00e4rz 10 Loriot-Freundinnen und -Freunde mit der S-Bahn auf den Weg nach Frankfurt, um die Werke eines der gr\u00f6\u00dften Humoristen Deutschlands zu bewundern, eines K\u00fcnstlers, der die deutsche Humorszene ma\u00dfgeblich gepr\u00e4gt hat und dessen Einfluss bis heute in der Welt der Humoristen sp\u00fcrbar ist. <\/span><br><span style=\"font-size: 20px;\">Zu sehen waren Loriots detailreiche, auf das Wesentliche konzentrierte Zeichnungen mit den ber\u00fchmten Knollennasenm\u00e4nnchen, die zu seinem Markenzeichen geworden sind. Zahlreiche Exponate erstrecken sich \u00fcber den Ausstellungsbereich des Museums, der sich \u00fcber zwei Etagen erstreckt.<\/span><br><span style=\"font-size: 20px;\">Ein gro\u00dfer Teil der Werke war uns als Besucherinnen und Besucher nat\u00fcrlich aus dem Fernsehen und aus Zeitschriften bekannt. Was uns aber besonders aufgefallen war: Was verbindet Loriot mit der Oper Martha? Die Frage war f\u00fcr uns vor Ort nicht zu kl\u00e4ren. Bei nachtr\u00e4glichen Rechnereien stellte sich heraus. Loriot f\u00fchrte Regie bei Auff\u00fchrungen von zwei Opern: \u201cMartha\u201d in Stuttgart (1986) und \u201cDer Freisch\u00fctz\u201d in Ludwigsburg (1988). Hier zeigt sich wie vielseitig und kreativ seine k\u00fcnstlerische Arbeit war.<\/span><br><span style=\"font-size: 20px;\">Der Abschluss des k\u00fcnstlerischen Nachmittags war ein Besuch in einem Caf\u00e9 in der N\u00e4he.<\/span><br><span style=\"font-size: 20px;\">Die Exkursion wurde von Magret Schierenbeck organisiert und durchgef\u00fchrt.<\/span><br><br><\/p>\n\n\n\n<p class=\"has-base-background-color has-background has-medium-font-size\"><strong>Hinweis:<\/strong><br><br>Zu Ehren des gro\u00dfen Humoristen, Schauspielers und Karikaturisten veranstaltet die Quartiersgruppe Waldacker am 14.04.2024 um 14.30 Uhr im B\u00fcrgertreff Waldacker eine kleine Veranstaltung mit Sketcheinlagen und Kaffee und Kuchen.<\/p>\n\n\n\n<p>Bitte klicken Sie auf ein Bild, um die Diashow zu starten.<\/p>\n\n\n\n<figure class=\"wp-block-gallery has-nested-images columns-default is-cropped has-contrast-3-background-color has-background wp-block-gallery-2 is-layout-flex wp-block-gallery-is-layout-flex\">\n<figure class=\"wp-block-image size-large is-style-default\"><a href=\"https:\/\/i0.wp.com\/www.quartier-waldacker.de\/wp-content\/uploads\/2024\/03\/EXPo9.jpg?ssl=1\" target=\"_blank\" rel=\"noopener\"><img data-recalc-dims=\"1\" loading=\"lazy\" decoding=\"async\" width=\"1024\" height=\"768\" data-attachment-id=\"23661\" data-permalink=\"https:\/\/www.quartier-waldacker.de\/?attachment_id=23661#main\" data-orig-file=\"https:\/\/i0.wp.com\/www.quartier-waldacker.de\/wp-content\/uploads\/2024\/03\/EXPo9.jpg?fit=1280%2C960&amp;ssl=1\" data-orig-size=\"1280,960\" data-comments-opened=\"1\" data-image-meta=\"{&quot;aperture&quot;:&quot;0&quot;,&quot;credit&quot;:&quot;&quot;,&quot;camera&quot;:&quot;&quot;,&quot;caption&quot;:&quot;&quot;,&quot;created_timestamp&quot;:&quot;0&quot;,&quot;copyright&quot;:&quot;&quot;,&quot;focal_length&quot;:&quot;0&quot;,&quot;iso&quot;:&quot;0&quot;,&quot;shutter_speed&quot;:&quot;0&quot;,&quot;title&quot;:&quot;&quot;,&quot;orientation&quot;:&quot;0&quot;}\" data-image-title=\"EXPo9\" data-image-description=\"\" data-image-caption=\"\" data-large-file=\"https:\/\/i0.wp.com\/www.quartier-waldacker.de\/wp-content\/uploads\/2024\/03\/EXPo9.jpg?fit=1024%2C768&amp;ssl=1\" data-id=\"23661\" src=\"https:\/\/i0.wp.com\/www.quartier-waldacker.de\/wp-content\/uploads\/2024\/03\/EXPo9.jpg?resize=1024%2C768&#038;ssl=1\" alt=\"\" class=\"wp-image-23661\" srcset=\"https:\/\/i0.wp.com\/www.quartier-waldacker.de\/wp-content\/uploads\/2024\/03\/EXPo9.jpg?resize=1024%2C768&amp;ssl=1 1024w, https:\/\/i0.wp.com\/www.quartier-waldacker.de\/wp-content\/uploads\/2024\/03\/EXPo9.jpg?resize=300%2C225&amp;ssl=1 300w, https:\/\/i0.wp.com\/www.quartier-waldacker.de\/wp-content\/uploads\/2024\/03\/EXPo9.jpg?resize=768%2C576&amp;ssl=1 768w, https:\/\/i0.wp.com\/www.quartier-waldacker.de\/wp-content\/uploads\/2024\/03\/EXPo9.jpg?w=1280&amp;ssl=1 1280w\" sizes=\"auto, (max-width: 1024px) 100vw, 1024px\" \/><\/a><\/figure>\n\n\n\n<figure class=\"wp-block-image size-large\"><a href=\"https:\/\/i0.wp.com\/www.quartier-waldacker.de\/wp-content\/uploads\/2024\/03\/CMF_Blick_in_die_Ausstellung_Loriot_4_c_Britta_Frenz.jpg?ssl=1\" target=\"_blank\" rel=\"noopener\"><img data-recalc-dims=\"1\" loading=\"lazy\" decoding=\"async\" width=\"900\" height=\"600\" data-attachment-id=\"23649\" data-permalink=\"https:\/\/www.quartier-waldacker.de\/?attachment_id=23649#main\" data-orig-file=\"https:\/\/i0.wp.com\/www.quartier-waldacker.de\/wp-content\/uploads\/2024\/03\/CMF_Blick_in_die_Ausstellung_Loriot_4_c_Britta_Frenz.jpg?fit=900%2C600&amp;ssl=1\" data-orig-size=\"900,600\" data-comments-opened=\"1\" data-image-meta=\"{&quot;aperture&quot;:&quot;0&quot;,&quot;credit&quot;:&quot;&quot;,&quot;camera&quot;:&quot;&quot;,&quot;caption&quot;:&quot;&quot;,&quot;created_timestamp&quot;:&quot;0&quot;,&quot;copyright&quot;:&quot;brittafrenz.de&quot;,&quot;focal_length&quot;:&quot;0&quot;,&quot;iso&quot;:&quot;0&quot;,&quot;shutter_speed&quot;:&quot;0&quot;,&quot;title&quot;:&quot;&quot;,&quot;orientation&quot;:&quot;0&quot;}\" data-image-title=\"CMF_Blick_in_die_Ausstellung_Loriot_4_c_Britta_Frenz\" data-image-description=\"\" data-image-caption=\"&lt;p&gt;Blick in die Ausstellung (c)_Britta_Frenz&lt;\/p&gt;\n\" data-large-file=\"https:\/\/i0.wp.com\/www.quartier-waldacker.de\/wp-content\/uploads\/2024\/03\/CMF_Blick_in_die_Ausstellung_Loriot_4_c_Britta_Frenz.jpg?fit=900%2C600&amp;ssl=1\" data-id=\"23649\" src=\"https:\/\/i0.wp.com\/www.quartier-waldacker.de\/wp-content\/uploads\/2024\/03\/CMF_Blick_in_die_Ausstellung_Loriot_4_c_Britta_Frenz.jpg?resize=900%2C600&#038;ssl=1\" alt=\"\" class=\"wp-image-23649\" srcset=\"https:\/\/i0.wp.com\/www.quartier-waldacker.de\/wp-content\/uploads\/2024\/03\/CMF_Blick_in_die_Ausstellung_Loriot_4_c_Britta_Frenz.jpg?w=900&amp;ssl=1 900w, https:\/\/i0.wp.com\/www.quartier-waldacker.de\/wp-content\/uploads\/2024\/03\/CMF_Blick_in_die_Ausstellung_Loriot_4_c_Britta_Frenz.jpg?resize=300%2C200&amp;ssl=1 300w, https:\/\/i0.wp.com\/www.quartier-waldacker.de\/wp-content\/uploads\/2024\/03\/CMF_Blick_in_die_Ausstellung_Loriot_4_c_Britta_Frenz.jpg?resize=768%2C512&amp;ssl=1 768w\" sizes=\"auto, (max-width: 900px) 100vw, 900px\" \/><\/a><figcaption class=\"wp-element-caption\">Blick in die Ausstellung (c)_Britta_Frenz<\/figcaption><\/figure>\n\n\n\n<figure class=\"wp-block-image size-large\"><a href=\"https:\/\/i0.wp.com\/www.quartier-waldacker.de\/wp-content\/uploads\/2024\/03\/EXPo8.jpg?ssl=1\" target=\"_blank\" rel=\"noopener\"><img data-recalc-dims=\"1\" loading=\"lazy\" decoding=\"async\" width=\"1024\" height=\"768\" data-attachment-id=\"23660\" data-permalink=\"https:\/\/www.quartier-waldacker.de\/?attachment_id=23660#main\" data-orig-file=\"https:\/\/i0.wp.com\/www.quartier-waldacker.de\/wp-content\/uploads\/2024\/03\/EXPo8.jpg?fit=1280%2C960&amp;ssl=1\" data-orig-size=\"1280,960\" data-comments-opened=\"1\" data-image-meta=\"{&quot;aperture&quot;:&quot;0&quot;,&quot;credit&quot;:&quot;&quot;,&quot;camera&quot;:&quot;&quot;,&quot;caption&quot;:&quot;&quot;,&quot;created_timestamp&quot;:&quot;0&quot;,&quot;copyright&quot;:&quot;&quot;,&quot;focal_length&quot;:&quot;0&quot;,&quot;iso&quot;:&quot;0&quot;,&quot;shutter_speed&quot;:&quot;0&quot;,&quot;title&quot;:&quot;&quot;,&quot;orientation&quot;:&quot;0&quot;}\" data-image-title=\"EXPo8\" data-image-description=\"\" data-image-caption=\"\" data-large-file=\"https:\/\/i0.wp.com\/www.quartier-waldacker.de\/wp-content\/uploads\/2024\/03\/EXPo8.jpg?fit=1024%2C768&amp;ssl=1\" data-id=\"23660\" src=\"https:\/\/i0.wp.com\/www.quartier-waldacker.de\/wp-content\/uploads\/2024\/03\/EXPo8.jpg?resize=1024%2C768&#038;ssl=1\" alt=\"\" class=\"wp-image-23660\" srcset=\"https:\/\/i0.wp.com\/www.quartier-waldacker.de\/wp-content\/uploads\/2024\/03\/EXPo8.jpg?resize=1024%2C768&amp;ssl=1 1024w, https:\/\/i0.wp.com\/www.quartier-waldacker.de\/wp-content\/uploads\/2024\/03\/EXPo8.jpg?resize=300%2C225&amp;ssl=1 300w, https:\/\/i0.wp.com\/www.quartier-waldacker.de\/wp-content\/uploads\/2024\/03\/EXPo8.jpg?resize=768%2C576&amp;ssl=1 768w, https:\/\/i0.wp.com\/www.quartier-waldacker.de\/wp-content\/uploads\/2024\/03\/EXPo8.jpg?w=1280&amp;ssl=1 1280w\" sizes=\"auto, (max-width: 1024px) 100vw, 1024px\" \/><\/a><\/figure>\n\n\n\n<figure class=\"wp-block-image size-large\"><a href=\"https:\/\/i0.wp.com\/www.quartier-waldacker.de\/wp-content\/uploads\/2024\/03\/EXPo5.jpg?ssl=1\" target=\"_blank\" rel=\"noopener\"><img data-recalc-dims=\"1\" loading=\"lazy\" decoding=\"async\" width=\"1024\" height=\"768\" data-attachment-id=\"23656\" data-permalink=\"https:\/\/www.quartier-waldacker.de\/?attachment_id=23656#main\" data-orig-file=\"https:\/\/i0.wp.com\/www.quartier-waldacker.de\/wp-content\/uploads\/2024\/03\/EXPo5.jpg?fit=1280%2C960&amp;ssl=1\" data-orig-size=\"1280,960\" data-comments-opened=\"1\" data-image-meta=\"{&quot;aperture&quot;:&quot;0&quot;,&quot;credit&quot;:&quot;&quot;,&quot;camera&quot;:&quot;&quot;,&quot;caption&quot;:&quot;&quot;,&quot;created_timestamp&quot;:&quot;0&quot;,&quot;copyright&quot;:&quot;&quot;,&quot;focal_length&quot;:&quot;0&quot;,&quot;iso&quot;:&quot;0&quot;,&quot;shutter_speed&quot;:&quot;0&quot;,&quot;title&quot;:&quot;&quot;,&quot;orientation&quot;:&quot;0&quot;}\" data-image-title=\"EXPo5\" data-image-description=\"\" data-image-caption=\"\" data-large-file=\"https:\/\/i0.wp.com\/www.quartier-waldacker.de\/wp-content\/uploads\/2024\/03\/EXPo5.jpg?fit=1024%2C768&amp;ssl=1\" data-id=\"23656\" src=\"https:\/\/i0.wp.com\/www.quartier-waldacker.de\/wp-content\/uploads\/2024\/03\/EXPo5.jpg?resize=1024%2C768&#038;ssl=1\" alt=\"\" class=\"wp-image-23656\" srcset=\"https:\/\/i0.wp.com\/www.quartier-waldacker.de\/wp-content\/uploads\/2024\/03\/EXPo5.jpg?resize=1024%2C768&amp;ssl=1 1024w, https:\/\/i0.wp.com\/www.quartier-waldacker.de\/wp-content\/uploads\/2024\/03\/EXPo5.jpg?resize=300%2C225&amp;ssl=1 300w, https:\/\/i0.wp.com\/www.quartier-waldacker.de\/wp-content\/uploads\/2024\/03\/EXPo5.jpg?resize=768%2C576&amp;ssl=1 768w, https:\/\/i0.wp.com\/www.quartier-waldacker.de\/wp-content\/uploads\/2024\/03\/EXPo5.jpg?w=1280&amp;ssl=1 1280w\" sizes=\"auto, (max-width: 1024px) 100vw, 1024px\" \/><\/a><\/figure>\n\n\n\n<figure class=\"wp-block-image size-large\"><a href=\"https:\/\/i0.wp.com\/www.quartier-waldacker.de\/wp-content\/uploads\/2024\/03\/EXPo7.jpg?ssl=1\" target=\"_blank\" rel=\"noopener\"><img data-recalc-dims=\"1\" loading=\"lazy\" decoding=\"async\" width=\"768\" height=\"1024\" data-attachment-id=\"23657\" data-permalink=\"https:\/\/www.quartier-waldacker.de\/?attachment_id=23657#main\" data-orig-file=\"https:\/\/i0.wp.com\/www.quartier-waldacker.de\/wp-content\/uploads\/2024\/03\/EXPo7.jpg?fit=960%2C1280&amp;ssl=1\" data-orig-size=\"960,1280\" data-comments-opened=\"1\" data-image-meta=\"{&quot;aperture&quot;:&quot;0&quot;,&quot;credit&quot;:&quot;&quot;,&quot;camera&quot;:&quot;&quot;,&quot;caption&quot;:&quot;&quot;,&quot;created_timestamp&quot;:&quot;0&quot;,&quot;copyright&quot;:&quot;&quot;,&quot;focal_length&quot;:&quot;0&quot;,&quot;iso&quot;:&quot;0&quot;,&quot;shutter_speed&quot;:&quot;0&quot;,&quot;title&quot;:&quot;&quot;,&quot;orientation&quot;:&quot;0&quot;}\" data-image-title=\"EXPo7\" data-image-description=\"\" data-image-caption=\"\" data-large-file=\"https:\/\/i0.wp.com\/www.quartier-waldacker.de\/wp-content\/uploads\/2024\/03\/EXPo7.jpg?fit=768%2C1024&amp;ssl=1\" data-id=\"23657\" src=\"https:\/\/i0.wp.com\/www.quartier-waldacker.de\/wp-content\/uploads\/2024\/03\/EXPo7.jpg?resize=768%2C1024&#038;ssl=1\" alt=\"\" class=\"wp-image-23657\" srcset=\"https:\/\/i0.wp.com\/www.quartier-waldacker.de\/wp-content\/uploads\/2024\/03\/EXPo7.jpg?resize=768%2C1024&amp;ssl=1 768w, https:\/\/i0.wp.com\/www.quartier-waldacker.de\/wp-content\/uploads\/2024\/03\/EXPo7.jpg?resize=225%2C300&amp;ssl=1 225w, https:\/\/i0.wp.com\/www.quartier-waldacker.de\/wp-content\/uploads\/2024\/03\/EXPo7.jpg?w=960&amp;ssl=1 960w\" sizes=\"auto, (max-width: 768px) 100vw, 768px\" \/><\/a><\/figure>\n\n\n\n<figure class=\"wp-block-image size-large\"><a href=\"https:\/\/i0.wp.com\/www.quartier-waldacker.de\/wp-content\/uploads\/2024\/03\/EXPo6.jpg?ssl=1\" target=\"_blank\" rel=\"noopener\"><img data-recalc-dims=\"1\" loading=\"lazy\" decoding=\"async\" width=\"768\" height=\"1024\" data-attachment-id=\"23658\" data-permalink=\"https:\/\/www.quartier-waldacker.de\/?attachment_id=23658#main\" data-orig-file=\"https:\/\/i0.wp.com\/www.quartier-waldacker.de\/wp-content\/uploads\/2024\/03\/EXPo6.jpg?fit=960%2C1280&amp;ssl=1\" data-orig-size=\"960,1280\" data-comments-opened=\"1\" data-image-meta=\"{&quot;aperture&quot;:&quot;0&quot;,&quot;credit&quot;:&quot;&quot;,&quot;camera&quot;:&quot;&quot;,&quot;caption&quot;:&quot;&quot;,&quot;created_timestamp&quot;:&quot;0&quot;,&quot;copyright&quot;:&quot;&quot;,&quot;focal_length&quot;:&quot;0&quot;,&quot;iso&quot;:&quot;0&quot;,&quot;shutter_speed&quot;:&quot;0&quot;,&quot;title&quot;:&quot;&quot;,&quot;orientation&quot;:&quot;0&quot;}\" data-image-title=\"EXPo6\" data-image-description=\"\" data-image-caption=\"\" data-large-file=\"https:\/\/i0.wp.com\/www.quartier-waldacker.de\/wp-content\/uploads\/2024\/03\/EXPo6.jpg?fit=768%2C1024&amp;ssl=1\" data-id=\"23658\" src=\"https:\/\/i0.wp.com\/www.quartier-waldacker.de\/wp-content\/uploads\/2024\/03\/EXPo6.jpg?resize=768%2C1024&#038;ssl=1\" alt=\"\" class=\"wp-image-23658\" srcset=\"https:\/\/i0.wp.com\/www.quartier-waldacker.de\/wp-content\/uploads\/2024\/03\/EXPo6.jpg?resize=768%2C1024&amp;ssl=1 768w, https:\/\/i0.wp.com\/www.quartier-waldacker.de\/wp-content\/uploads\/2024\/03\/EXPo6.jpg?resize=225%2C300&amp;ssl=1 225w, https:\/\/i0.wp.com\/www.quartier-waldacker.de\/wp-content\/uploads\/2024\/03\/EXPo6.jpg?w=960&amp;ssl=1 960w\" sizes=\"auto, (max-width: 768px) 100vw, 768px\" \/><\/a><\/figure>\n\n\n\n<figure class=\"wp-block-image size-large\"><a href=\"https:\/\/i0.wp.com\/www.quartier-waldacker.de\/wp-content\/uploads\/2024\/03\/To_alle-1.jpg?ssl=1\" target=\"_blank\" rel=\"noopener\"><img data-recalc-dims=\"1\" loading=\"lazy\" decoding=\"async\" width=\"1024\" height=\"768\" data-attachment-id=\"23655\" data-permalink=\"https:\/\/www.quartier-waldacker.de\/?attachment_id=23655#main\" data-orig-file=\"https:\/\/i0.wp.com\/www.quartier-waldacker.de\/wp-content\/uploads\/2024\/03\/To_alle-1.jpg?fit=1280%2C960&amp;ssl=1\" data-orig-size=\"1280,960\" data-comments-opened=\"1\" data-image-meta=\"{&quot;aperture&quot;:&quot;0&quot;,&quot;credit&quot;:&quot;&quot;,&quot;camera&quot;:&quot;&quot;,&quot;caption&quot;:&quot;&quot;,&quot;created_timestamp&quot;:&quot;0&quot;,&quot;copyright&quot;:&quot;&quot;,&quot;focal_length&quot;:&quot;0&quot;,&quot;iso&quot;:&quot;0&quot;,&quot;shutter_speed&quot;:&quot;0&quot;,&quot;title&quot;:&quot;&quot;,&quot;orientation&quot;:&quot;0&quot;}\" data-image-title=\"To_alle-1\" data-image-description=\"\" data-image-caption=\"&lt;p&gt;Wir&lt;\/p&gt;\n\" data-large-file=\"https:\/\/i0.wp.com\/www.quartier-waldacker.de\/wp-content\/uploads\/2024\/03\/To_alle-1.jpg?fit=1024%2C768&amp;ssl=1\" data-id=\"23655\" src=\"https:\/\/i0.wp.com\/www.quartier-waldacker.de\/wp-content\/uploads\/2024\/03\/To_alle-1.jpg?resize=1024%2C768&#038;ssl=1\" alt=\"\" class=\"wp-image-23655\" srcset=\"https:\/\/i0.wp.com\/www.quartier-waldacker.de\/wp-content\/uploads\/2024\/03\/To_alle-1.jpg?resize=1024%2C768&amp;ssl=1 1024w, https:\/\/i0.wp.com\/www.quartier-waldacker.de\/wp-content\/uploads\/2024\/03\/To_alle-1.jpg?resize=300%2C225&amp;ssl=1 300w, https:\/\/i0.wp.com\/www.quartier-waldacker.de\/wp-content\/uploads\/2024\/03\/To_alle-1.jpg?resize=768%2C576&amp;ssl=1 768w, https:\/\/i0.wp.com\/www.quartier-waldacker.de\/wp-content\/uploads\/2024\/03\/To_alle-1.jpg?w=1280&amp;ssl=1 1280w\" sizes=\"auto, (max-width: 1024px) 100vw, 1024px\" \/><\/a><figcaption class=\"wp-element-caption\">Wir<\/figcaption><\/figure>\n\n\n\n<figure class=\"wp-block-image size-large\"><img data-recalc-dims=\"1\" loading=\"lazy\" decoding=\"async\" width=\"1024\" height=\"498\" data-attachment-id=\"23674\" data-permalink=\"https:\/\/www.quartier-waldacker.de\/?attachment_id=23674#main\" data-orig-file=\"https:\/\/i0.wp.com\/www.quartier-waldacker.de\/wp-content\/uploads\/2024\/03\/TeamLori.jpg?fit=1280%2C622&amp;ssl=1\" data-orig-size=\"1280,622\" data-comments-opened=\"1\" data-image-meta=\"{&quot;aperture&quot;:&quot;0&quot;,&quot;credit&quot;:&quot;&quot;,&quot;camera&quot;:&quot;&quot;,&quot;caption&quot;:&quot;&quot;,&quot;created_timestamp&quot;:&quot;0&quot;,&quot;copyright&quot;:&quot;&quot;,&quot;focal_length&quot;:&quot;0&quot;,&quot;iso&quot;:&quot;0&quot;,&quot;shutter_speed&quot;:&quot;0&quot;,&quot;title&quot;:&quot;&quot;,&quot;orientation&quot;:&quot;0&quot;}\" data-image-title=\"TeamLori\" data-image-description=\"\" data-image-caption=\"\" data-large-file=\"https:\/\/i0.wp.com\/www.quartier-waldacker.de\/wp-content\/uploads\/2024\/03\/TeamLori.jpg?fit=1024%2C498&amp;ssl=1\" data-id=\"23674\" src=\"https:\/\/i0.wp.com\/www.quartier-waldacker.de\/wp-content\/uploads\/2024\/03\/TeamLori.jpg?resize=1024%2C498&#038;ssl=1\" alt=\"\" class=\"wp-image-23674\" srcset=\"https:\/\/i0.wp.com\/www.quartier-waldacker.de\/wp-content\/uploads\/2024\/03\/TeamLori.jpg?resize=1024%2C498&amp;ssl=1 1024w, https:\/\/i0.wp.com\/www.quartier-waldacker.de\/wp-content\/uploads\/2024\/03\/TeamLori.jpg?resize=300%2C146&amp;ssl=1 300w, https:\/\/i0.wp.com\/www.quartier-waldacker.de\/wp-content\/uploads\/2024\/03\/TeamLori.jpg?resize=768%2C373&amp;ssl=1 768w, https:\/\/i0.wp.com\/www.quartier-waldacker.de\/wp-content\/uploads\/2024\/03\/TeamLori.jpg?w=1280&amp;ssl=1 1280w\" sizes=\"auto, (max-width: 1024px) 100vw, 1024px\" \/><\/figure>\n\n\n\n<figure class=\"wp-block-image size-large\"><a href=\"https:\/\/i0.wp.com\/www.quartier-waldacker.de\/wp-content\/uploads\/2024\/03\/EXP8.jpg?ssl=1\" target=\"_blank\" rel=\"noopener\"><img data-recalc-dims=\"1\" loading=\"lazy\" decoding=\"async\" width=\"1024\" height=\"768\" data-attachment-id=\"23659\" data-permalink=\"https:\/\/www.quartier-waldacker.de\/?attachment_id=23659#main\" data-orig-file=\"https:\/\/i0.wp.com\/www.quartier-waldacker.de\/wp-content\/uploads\/2024\/03\/EXP8.jpg?fit=1280%2C960&amp;ssl=1\" data-orig-size=\"1280,960\" data-comments-opened=\"1\" data-image-meta=\"{&quot;aperture&quot;:&quot;0&quot;,&quot;credit&quot;:&quot;&quot;,&quot;camera&quot;:&quot;&quot;,&quot;caption&quot;:&quot;&quot;,&quot;created_timestamp&quot;:&quot;0&quot;,&quot;copyright&quot;:&quot;&quot;,&quot;focal_length&quot;:&quot;0&quot;,&quot;iso&quot;:&quot;0&quot;,&quot;shutter_speed&quot;:&quot;0&quot;,&quot;title&quot;:&quot;&quot;,&quot;orientation&quot;:&quot;0&quot;}\" data-image-title=\"EXP8\" data-image-description=\"\" data-image-caption=\"\" data-large-file=\"https:\/\/i0.wp.com\/www.quartier-waldacker.de\/wp-content\/uploads\/2024\/03\/EXP8.jpg?fit=1024%2C768&amp;ssl=1\" data-id=\"23659\" src=\"https:\/\/i0.wp.com\/www.quartier-waldacker.de\/wp-content\/uploads\/2024\/03\/EXP8.jpg?resize=1024%2C768&#038;ssl=1\" alt=\"\" class=\"wp-image-23659\" srcset=\"https:\/\/i0.wp.com\/www.quartier-waldacker.de\/wp-content\/uploads\/2024\/03\/EXP8.jpg?resize=1024%2C768&amp;ssl=1 1024w, https:\/\/i0.wp.com\/www.quartier-waldacker.de\/wp-content\/uploads\/2024\/03\/EXP8.jpg?resize=300%2C225&amp;ssl=1 300w, https:\/\/i0.wp.com\/www.quartier-waldacker.de\/wp-content\/uploads\/2024\/03\/EXP8.jpg?resize=768%2C576&amp;ssl=1 768w, https:\/\/i0.wp.com\/www.quartier-waldacker.de\/wp-content\/uploads\/2024\/03\/EXP8.jpg?w=1280&amp;ssl=1 1280w\" sizes=\"auto, (max-width: 1024px) 100vw, 1024px\" \/><\/a><\/figure>\n<\/figure>\n\n\n\n\n\n<p>Besuchen Sie uns auch auf Facebook Quartier-Waldacker<\/p>\n","protected":false},"excerpt":{"rendered":"<p>Vicco von B\u00fclow alias Loriot w\u00e4re am 12. November 2023 100 Jahre alt geworden. Dieser herausragende Humorist, Schauspieler und Karikaturist hat Generationen mit seinen Knollennasen-Karikaturen, Sketchen und Filmen gepr\u00e4gt. Seine Werke sind voller unvergesslicher S\u00e4tze wie \u201cFr\u00fcher war mehr Lametta\u201d, \u201cM\u00e4nner und Frauen passen einfach nicht zusammen\u201d oder \u201cIch lasse mir doch von einem Fernsehger\u00e4t &#8230; <a title=\"&#8220;Holleri Du D\u00f6del Di&#8221; \u2013 100 Jahre Loriot\" class=\"read-more\" href=\"https:\/\/www.quartier-waldacker.de\/?p=23641\" aria-label=\"Mehr Informationen \u00fcber &#8220;Holleri Du D\u00f6del Di&#8221; \u2013 100 Jahre Loriot\">Weiterlesen<\/a><\/p>\n","protected":false},"author":5,"featured_media":23680,"comment_status":"open","ping_status":"closed","sticky":false,"template":"","format":"standard","meta":{"generate_page_header":"","_jetpack_memberships_contains_paid_content":false,"footnotes":""},"categories":[161],"tags":[216],"class_list":["post-23641","post","type-post","status-publish","format-standard","has-post-thumbnail","hentry","category-kultur","tag-ausstellung"],"jetpack_featured_media_url":"https:\/\/i0.wp.com\/www.quartier-waldacker.de\/wp-content\/uploads\/2024\/03\/Header-Loriot-1280_neu1.jpg?fit=1280%2C300&ssl=1","jetpack-related-posts":[{"id":23923,"url":"https:\/\/www.quartier-waldacker.de\/?p=23923","url_meta":{"origin":23641,"position":0},"title":"Habe die Ehre! \u00a0Loriot zum 100. Geburtstag","author":"Johannes","date":"15. April 2024","format":false,"excerpt":"Die anf\u00e4ngliche Unruhe, wer denn alles kommen w\u00fcrde, verflog, als kurz nach 14 Uhr die ersten G\u00e4ste im B\u00fcrgertreff Waldacker eintrafen. Flei\u00dfige Mitarbeiterinnen und Freunde des Quartiers hatten f\u00fcr ausreichend Kaffee, Kuchen und Obstsalat gesorgt, so dass der Nachmittag zu Ehren des 100. Geburtstages von Vicco von B\u00fclow alias Loriot\u2026","rel":"","context":"In &quot;Vortr\u00e4ge&quot;","block_context":{"text":"Vortr\u00e4ge","link":"https:\/\/www.quartier-waldacker.de\/?cat=193"},"img":{"alt_text":"","src":"https:\/\/i0.wp.com\/www.quartier-waldacker.de\/wp-content\/uploads\/2024\/04\/Header-Loriot-zum-100_1280u.jpg?fit=1200%2C281&ssl=1&resize=350%2C200","width":350,"height":200,"srcset":"https:\/\/i0.wp.com\/www.quartier-waldacker.de\/wp-content\/uploads\/2024\/04\/Header-Loriot-zum-100_1280u.jpg?fit=1200%2C281&ssl=1&resize=350%2C200 1x, https:\/\/i0.wp.com\/www.quartier-waldacker.de\/wp-content\/uploads\/2024\/04\/Header-Loriot-zum-100_1280u.jpg?fit=1200%2C281&ssl=1&resize=525%2C300 1.5x, https:\/\/i0.wp.com\/www.quartier-waldacker.de\/wp-content\/uploads\/2024\/04\/Header-Loriot-zum-100_1280u.jpg?fit=1200%2C281&ssl=1&resize=700%2C400 2x, https:\/\/i0.wp.com\/www.quartier-waldacker.de\/wp-content\/uploads\/2024\/04\/Header-Loriot-zum-100_1280u.jpg?fit=1200%2C281&ssl=1&resize=1050%2C600 3x"},"classes":[]},{"id":24042,"url":"https:\/\/www.quartier-waldacker.de\/?p=24042","url_meta":{"origin":23641,"position":1},"title":"Die etwas andere Claude-Monet-Ausstellung","author":"Johannes","date":"24. April 2024","format":false,"excerpt":"An einem sonnigen Aprilnachmittag sind 13 Kunstinteressierte aus R\u00f6dermark nach Frankfurt Heddernheim aufgebrochen, um die Ausstellung \u201eMonets Garten\u201c in der Kunstfabrik zu besuchen. Eine multimediale 360 Grad Erlebnisreise durch die Geschichte und Werke des begnadeten einmaligen K\u00fcnstlers Claude Monets, einem der gr\u00f6\u00dften Maler des letzten Jahrhunderts und Begr\u00fcnder des Impressionismus.\u2026","rel":"","context":"In &quot;Kultur\/Kunst&quot;","block_context":{"text":"Kultur\/Kunst","link":"https:\/\/www.quartier-waldacker.de\/?cat=161"},"img":{"alt_text":"","src":"https:\/\/i0.wp.com\/www.quartier-waldacker.de\/wp-content\/uploads\/2024\/04\/Header_CMS.jpg?fit=1200%2C281&ssl=1&resize=350%2C200","width":350,"height":200,"srcset":"https:\/\/i0.wp.com\/www.quartier-waldacker.de\/wp-content\/uploads\/2024\/04\/Header_CMS.jpg?fit=1200%2C281&ssl=1&resize=350%2C200 1x, https:\/\/i0.wp.com\/www.quartier-waldacker.de\/wp-content\/uploads\/2024\/04\/Header_CMS.jpg?fit=1200%2C281&ssl=1&resize=525%2C300 1.5x, https:\/\/i0.wp.com\/www.quartier-waldacker.de\/wp-content\/uploads\/2024\/04\/Header_CMS.jpg?fit=1200%2C281&ssl=1&resize=700%2C400 2x, https:\/\/i0.wp.com\/www.quartier-waldacker.de\/wp-content\/uploads\/2024\/04\/Header_CMS.jpg?fit=1200%2C281&ssl=1&resize=1050%2C600 3x"},"classes":[]},{"id":16672,"url":"https:\/\/www.quartier-waldacker.de\/?p=16672","url_meta":{"origin":23641,"position":2},"title":"GLANZ UND ELEND IN DER WEIMARER REPUBLIK","author":"admin","date":"6. Januar 2018","format":false,"excerpt":"\u00a0 \u00a0EINE GESELLSCHAFT IM SPIEGEL IHRER ZEIT: DIE SCHIRN KUNSTHALLE FRANKFURT PR\u00c4SENTIERT EINE GROSSE THEMEN-AUSSTELLUNG ZUR KUNST IN DER WEIMARER REPUBLIK \u201eDie Schirn setzt mit \u201aGlanz und Elend in der Weimarer Republik\u2018 ein Gegengewicht zu den bereits vielfach gezeigten Ausstellungen \u00fcber die \u201agoldenen\u2018 1920er-Jahre und wirft einen Blick auf das\u2026","rel":"","context":"In &quot;Kultur\/Kunst&quot;","block_context":{"text":"Kultur\/Kunst","link":"https:\/\/www.quartier-waldacker.de\/?cat=161"},"img":{"alt_text":"","src":"https:\/\/i0.wp.com\/www.quartier-waldacker.de\/wp-content\/uploads\/2017\/10\/Museum_Einladung.jpg?fit=1200%2C252&ssl=1&resize=350%2C200","width":350,"height":200,"srcset":"https:\/\/i0.wp.com\/www.quartier-waldacker.de\/wp-content\/uploads\/2017\/10\/Museum_Einladung.jpg?fit=1200%2C252&ssl=1&resize=350%2C200 1x, https:\/\/i0.wp.com\/www.quartier-waldacker.de\/wp-content\/uploads\/2017\/10\/Museum_Einladung.jpg?fit=1200%2C252&ssl=1&resize=525%2C300 1.5x, https:\/\/i0.wp.com\/www.quartier-waldacker.de\/wp-content\/uploads\/2017\/10\/Museum_Einladung.jpg?fit=1200%2C252&ssl=1&resize=700%2C400 2x, https:\/\/i0.wp.com\/www.quartier-waldacker.de\/wp-content\/uploads\/2017\/10\/Museum_Einladung.jpg?fit=1200%2C252&ssl=1&resize=1050%2C600 3x"},"classes":[]},{"id":25650,"url":"https:\/\/www.quartier-waldacker.de\/?p=25650","url_meta":{"origin":23641,"position":3},"title":"\u201eIhr seid schuld, dass es mir so gut geht!\u201c","author":"admin","date":"23. Oktober 2024","format":false,"excerpt":"Beitrag von Christine Ziesecke - Offenbach Post Die Lebenserwartung steigt; immer mehr B\u00fcrgerinnen und B\u00fcrger erreichen die Grenze des 90. Lebensjahres und mehr. Doch wohl wenige sind \u2013 geistig wie k\u00f6rperlich - so fit wie Roman Wei\u00dfenberger, der am Montag im B\u00fcrgertreff eine kleine Geburtstagsfeier ausgerichtet bekam. Die Fahrradgruppe, die\u2026","rel":"","context":"In &quot;AG-Radfahren&quot;","block_context":{"text":"AG-Radfahren","link":"https:\/\/www.quartier-waldacker.de\/?cat=202"},"img":{"alt_text":"","src":"https:\/\/i0.wp.com\/www.quartier-waldacker.de\/wp-content\/uploads\/2024\/10\/GB95-_1280.jpg?fit=1200%2C281&ssl=1&resize=350%2C200","width":350,"height":200,"srcset":"https:\/\/i0.wp.com\/www.quartier-waldacker.de\/wp-content\/uploads\/2024\/10\/GB95-_1280.jpg?fit=1200%2C281&ssl=1&resize=350%2C200 1x, https:\/\/i0.wp.com\/www.quartier-waldacker.de\/wp-content\/uploads\/2024\/10\/GB95-_1280.jpg?fit=1200%2C281&ssl=1&resize=525%2C300 1.5x, https:\/\/i0.wp.com\/www.quartier-waldacker.de\/wp-content\/uploads\/2024\/10\/GB95-_1280.jpg?fit=1200%2C281&ssl=1&resize=700%2C400 2x, https:\/\/i0.wp.com\/www.quartier-waldacker.de\/wp-content\/uploads\/2024\/10\/GB95-_1280.jpg?fit=1200%2C281&ssl=1&resize=1050%2C600 3x"},"classes":[]},{"id":14290,"url":"https:\/\/www.quartier-waldacker.de\/?p=14290","url_meta":{"origin":23641,"position":4},"title":"Als Fotografien zur Kunst wurden \u2013 Die Becher Klasse","author":"Johannes","date":"23. Juli 2017","format":false,"excerpt":"[siteorigin_widget class=\"SiteOrigin_Widget_Image_Widget\"][\/siteorigin_widget] Was heute mit Photoshop und Instagram normal erscheint, war bis in die 70er-Jahre technisch und inhaltlich unm\u00f6glich: Fotografien galten als ein Abbild der Realit\u00e4t - eine eigene Kunstform waren sie jedoch nicht. Dann kamen Bernd und Hilla Becher. Das Ehepaar Becher lehrte ab 1976 f\u00fcr 20 Jahre an\u2026","rel":"","context":"In &quot;Kultur\/Kunst&quot;","block_context":{"text":"Kultur\/Kunst","link":"https:\/\/www.quartier-waldacker.de\/?cat=161"},"img":{"alt_text":"","src":"https:\/\/i0.wp.com\/www.quartier-waldacker.de\/wp-content\/uploads\/2017\/06\/Museum9.jpg?fit=1200%2C252&ssl=1&resize=350%2C200","width":350,"height":200,"srcset":"https:\/\/i0.wp.com\/www.quartier-waldacker.de\/wp-content\/uploads\/2017\/06\/Museum9.jpg?fit=1200%2C252&ssl=1&resize=350%2C200 1x, https:\/\/i0.wp.com\/www.quartier-waldacker.de\/wp-content\/uploads\/2017\/06\/Museum9.jpg?fit=1200%2C252&ssl=1&resize=525%2C300 1.5x, https:\/\/i0.wp.com\/www.quartier-waldacker.de\/wp-content\/uploads\/2017\/06\/Museum9.jpg?fit=1200%2C252&ssl=1&resize=700%2C400 2x, https:\/\/i0.wp.com\/www.quartier-waldacker.de\/wp-content\/uploads\/2017\/06\/Museum9.jpg?fit=1200%2C252&ssl=1&resize=1050%2C600 3x"},"classes":[]},{"id":19479,"url":"https:\/\/www.quartier-waldacker.de\/?p=19479","url_meta":{"origin":23641,"position":5},"title":"Workshop \u201eSenioren, PC und Internet erfolgreich gestartet.","author":"admin","date":"23. Oktober 2019","format":false,"excerpt":"Damit Senioren\/innen bei der Digitalisierung nicht auf der Strecke bleiben bietet die Quartiersgruppe Waldacker zu 6. Mal den Workshop \u201eSenioren, PC und Internet\u201c an. Wir das Team von \u201eSenioren, PC und Internet versuchen zu vermitteln, dass man, wenn man nun nicht gerade mit dem Hammer draufschl\u00e4gt oder eine Cola \u00fcber\u2026","rel":"","context":"In &quot;Workshop&quot;","block_context":{"text":"Workshop","link":"https:\/\/www.quartier-waldacker.de\/?cat=172"},"img":{"alt_text":"","src":"https:\/\/i0.wp.com\/www.quartier-waldacker.de\/wp-content\/uploads\/2017\/09\/PC_Hilfe-f%C3%BCr-Seniore1n.jpg?fit=1200%2C446&ssl=1&resize=350%2C200","width":350,"height":200,"srcset":"https:\/\/i0.wp.com\/www.quartier-waldacker.de\/wp-content\/uploads\/2017\/09\/PC_Hilfe-f%C3%BCr-Seniore1n.jpg?fit=1200%2C446&ssl=1&resize=350%2C200 1x, https:\/\/i0.wp.com\/www.quartier-waldacker.de\/wp-content\/uploads\/2017\/09\/PC_Hilfe-f%C3%BCr-Seniore1n.jpg?fit=1200%2C446&ssl=1&resize=525%2C300 1.5x, https:\/\/i0.wp.com\/www.quartier-waldacker.de\/wp-content\/uploads\/2017\/09\/PC_Hilfe-f%C3%BCr-Seniore1n.jpg?fit=1200%2C446&ssl=1&resize=700%2C400 2x, https:\/\/i0.wp.com\/www.quartier-waldacker.de\/wp-content\/uploads\/2017\/09\/PC_Hilfe-f%C3%BCr-Seniore1n.jpg?fit=1200%2C446&ssl=1&resize=1050%2C600 3x"},"classes":[]}],"jetpack_sharing_enabled":true,"rttpg_featured_image_url":{"full":["https:\/\/i0.wp.com\/www.quartier-waldacker.de\/wp-content\/uploads\/2024\/03\/Header-Loriot-1280_neu1.jpg?fit=1280%2C300&ssl=1",1280,300,false],"landscape":["https:\/\/www.quartier-waldacker.de\/wp-content\/uploads\/2024\/03\/Header-Loriot-1280_neu1.jpg",1280,300,false],"portraits":["https:\/\/www.quartier-waldacker.de\/wp-content\/uploads\/2024\/03\/Header-Loriot-1280_neu1.jpg",1280,300,false],"thumbnail":["https:\/\/i0.wp.com\/www.quartier-waldacker.de\/wp-content\/uploads\/2024\/03\/Header-Loriot-1280_neu1.jpg?resize=150%2C150&ssl=1",150,150,true],"medium":["https:\/\/i0.wp.com\/www.quartier-waldacker.de\/wp-content\/uploads\/2024\/03\/Header-Loriot-1280_neu1.jpg?fit=300%2C70&ssl=1",300,70,true],"large":["https:\/\/i0.wp.com\/www.quartier-waldacker.de\/wp-content\/uploads\/2024\/03\/Header-Loriot-1280_neu1.jpg?fit=1024%2C240&ssl=1",1024,240,true],"1536x1536":["https:\/\/i0.wp.com\/www.quartier-waldacker.de\/wp-content\/uploads\/2024\/03\/Header-Loriot-1280_neu1.jpg?fit=1280%2C300&ssl=1",1280,300,true],"2048x2048":["https:\/\/i0.wp.com\/www.quartier-waldacker.de\/wp-content\/uploads\/2024\/03\/Header-Loriot-1280_neu1.jpg?fit=1280%2C300&ssl=1",1280,300,true]},"rttpg_author":{"display_name":"Johannes","author_link":"https:\/\/www.quartier-waldacker.de\/?author=5"},"rttpg_comment":1,"rttpg_category":"<a href=\"https:\/\/www.quartier-waldacker.de\/?cat=161\" rel=\"category\">Kultur\/Kunst<\/a>","rttpg_excerpt":"Vicco von B\u00fclow alias Loriot w\u00e4re am 12. November 2023 100 Jahre alt geworden. Dieser herausragende Humorist, Schauspieler und Karikaturist hat Generationen mit seinen Knollennasen-Karikaturen, Sketchen und Filmen gepr\u00e4gt. Seine Werke sind voller unvergesslicher S\u00e4tze wie \u201cFr\u00fcher war mehr Lametta\u201d, \u201cM\u00e4nner und Frauen passen einfach nicht zusammen\u201d oder \u201cIch lasse mir doch von einem Fernsehger\u00e4t&hellip;","_links":{"self":[{"href":"https:\/\/www.quartier-waldacker.de\/index.php?rest_route=\/wp\/v2\/posts\/23641","targetHints":{"allow":["GET"]}}],"collection":[{"href":"https:\/\/www.quartier-waldacker.de\/index.php?rest_route=\/wp\/v2\/posts"}],"about":[{"href":"https:\/\/www.quartier-waldacker.de\/index.php?rest_route=\/wp\/v2\/types\/post"}],"author":[{"embeddable":true,"href":"https:\/\/www.quartier-waldacker.de\/index.php?rest_route=\/wp\/v2\/users\/5"}],"replies":[{"embeddable":true,"href":"https:\/\/www.quartier-waldacker.de\/index.php?rest_route=%2Fwp%2Fv2%2Fcomments&post=23641"}],"version-history":[{"count":0,"href":"https:\/\/www.quartier-waldacker.de\/index.php?rest_route=\/wp\/v2\/posts\/23641\/revisions"}],"wp:featuredmedia":[{"embeddable":true,"href":"https:\/\/www.quartier-waldacker.de\/index.php?rest_route=\/wp\/v2\/media\/23680"}],"wp:attachment":[{"href":"https:\/\/www.quartier-waldacker.de\/index.php?rest_route=%2Fwp%2Fv2%2Fmedia&parent=23641"}],"wp:term":[{"taxonomy":"category","embeddable":true,"href":"https:\/\/www.quartier-waldacker.de\/index.php?rest_route=%2Fwp%2Fv2%2Fcategories&post=23641"},{"taxonomy":"post_tag","embeddable":true,"href":"https:\/\/www.quartier-waldacker.de\/index.php?rest_route=%2Fwp%2Fv2%2Ftags&post=23641"}],"curies":[{"name":"wp","href":"https:\/\/api.w.org\/{rel}","templated":true}]}}