{"id":23604,"date":"2024-03-16T18:18:00","date_gmt":"2024-03-16T17:18:00","guid":{"rendered":"https:\/\/www.quartier-waldacker.de\/?p=23604"},"modified":"2024-06-01T14:44:13","modified_gmt":"2024-06-01T12:44:13","slug":"mit-regen-in-die-neue-saison-2024","status":"publish","type":"post","link":"https:\/\/www.quartier-waldacker.de\/?p=23604","title":{"rendered":"Mit Regen in die neue Saison 2024 (35 km)"},"content":{"rendered":"\n<p class=\"has-medium-font-size\">Ohne den obligatorischen Startpunkt B\u00fcrgertreff Waldacker und ohne Presse fand der diesj\u00e4hrige Start in die neue Saison 2024 statt. Grund daf\u00fcr war, dass einige Teilnehmerinnen und Teilnehmer das Angebot des Schillerhauses \u201eFr\u00fchst\u00fcck im Schillerhaus\u201c, das dort jeden zweiten Freitag im Monat stattfindet, in Anspruch nahmen. Allgemeiner Start war um 12.30 Uhr. 15 Teilnehmerinnen und Teilnehmer hatten sich trotz der schlechten Wettervorhersage auf den Weg gemacht. Einige hatten von vornherein ihre Regensachen angezogen, andere hofften, dass sich das Wetter bessern w\u00fcrde. P\u00fcnktlich zur Abfahrt hatte sich das Wetter dann aber doch noch zum Schlechteren gewendet und es fing an zu nieseln. Dennoch machte sich die Gruppe auf den Weg \u00fcber die Bulau nach Dietzenbach. In Dietzenbach angekommen, war der Regen so stark, dass eine Zwangspause eingelegt werden musste. Wegen ungeeigneter Kleidung hatten bereits zwei Teilnehmer aufgegeben. Nach einer kurzen Pause in der Dietzenbacher Innenstadt lie\u00df der Regen nach, so dass die Tour Richtung Offenbach weiterging. Zun\u00e4chst ging es am Ortsrand von Gravenbruch entlang und dann an den Sportanlagen Rosenh\u00f6he vorbei zum Wetterpark in Offenbach. Bis dahin waren von Gerhard, dem heutigen Tourenleiter, gut befahrbare Radwege ausgesucht worden. Nach einer kurzen Rast am Wetterpark-Pavillon ging es zur\u00fcck \u00fcber Tempelsee nach Heusenstamm und von dort zum Hofgut Patershausen. Auf diesem Abschnitt wurden die bisher geschonten Fahrr\u00e4der total verschmutzt. In der N\u00e4he des Hofguts hatte ein unbekannter K\u00fcnstler Holzskulpturen aufgestellt, die hier auf der Homepage bestaunt werden k\u00f6nnen. Inzwischen hatte sich das Wetter so weit gebessert, dass sich sogar die Sonne zeigte. In der N\u00e4he von Waldacker teilte sich die Gruppe auf und man verabredete sich f\u00fcr die n\u00e4chste Radtour am kommenden Freitag.<strong><em> Es bewahrheitete sich wieder einmal: Es gibt kein schlechtes Wetter, es gibt nur schlechte Kleidung.<\/em><\/strong><\/p>\n\n\n\n<div class=\"wp-block-jetpack-tiled-gallery aligncenter is-style-rectangular\"><div class=\"tiled-gallery__gallery\"><div class=\"tiled-gallery__row\"><div class=\"tiled-gallery__col\" style=\"flex-basis:46.91873%\"><figure class=\"tiled-gallery__item\"><img decoding=\"async\" data-attachment-id=\"23617\" data-permalink=\"https:\/\/www.quartier-waldacker.de\/?attachment_id=23617#main\" data-orig-file=\"https:\/\/i0.wp.com\/www.quartier-waldacker.de\/wp-content\/uploads\/2024\/03\/Team03.jpg?fit=1280%2C960&amp;ssl=1\" data-orig-size=\"1280,960\" data-comments-opened=\"1\" data-image-meta=\"{&quot;aperture&quot;:&quot;0&quot;,&quot;credit&quot;:&quot;&quot;,&quot;camera&quot;:&quot;&quot;,&quot;caption&quot;:&quot;&quot;,&quot;created_timestamp&quot;:&quot;0&quot;,&quot;copyright&quot;:&quot;&quot;,&quot;focal_length&quot;:&quot;0&quot;,&quot;iso&quot;:&quot;0&quot;,&quot;shutter_speed&quot;:&quot;0&quot;,&quot;title&quot;:&quot;&quot;,&quot;orientation&quot;:&quot;0&quot;}\" data-image-title=\"Team03\" data-image-description=\"\" data-image-caption=\"\" data-large-file=\"https:\/\/i0.wp.com\/www.quartier-waldacker.de\/wp-content\/uploads\/2024\/03\/Team03.jpg?fit=1024%2C768&amp;ssl=1\" data-attachment-id=\"23617\" data-permalink=\"https:\/\/www.quartier-waldacker.de\/?attachment_id=23617#main\" data-orig-file=\"https:\/\/i0.wp.com\/www.quartier-waldacker.de\/wp-content\/uploads\/2024\/03\/Team03.jpg?fit=1280%2C960&amp;ssl=1\" data-orig-size=\"1280,960\" data-comments-opened=\"1\" data-image-meta=\"{&quot;aperture&quot;:&quot;0&quot;,&quot;credit&quot;:&quot;&quot;,&quot;camera&quot;:&quot;&quot;,&quot;caption&quot;:&quot;&quot;,&quot;created_timestamp&quot;:&quot;0&quot;,&quot;copyright&quot;:&quot;&quot;,&quot;focal_length&quot;:&quot;0&quot;,&quot;iso&quot;:&quot;0&quot;,&quot;shutter_speed&quot;:&quot;0&quot;,&quot;title&quot;:&quot;&quot;,&quot;orientation&quot;:&quot;0&quot;}\" data-image-title=\"Team03\" data-image-description=\"\" data-image-caption=\"\" data-large-file=\"https:\/\/i0.wp.com\/www.quartier-waldacker.de\/wp-content\/uploads\/2024\/03\/Team03.jpg?fit=1024%2C768&amp;ssl=1\" role=\"button\" tabindex=\"0\" aria-label=\"Open image 1 of 11 in full-screen\"srcset=\"https:\/\/i1.wp.com\/www.quartier-waldacker.de\/wp-content\/uploads\/2024\/03\/Team03-1024x768.jpg?strip=info&#038;w=600&#038;ssl=1 600w,https:\/\/i1.wp.com\/www.quartier-waldacker.de\/wp-content\/uploads\/2024\/03\/Team03-1024x768.jpg?strip=info&#038;w=900&#038;ssl=1 900w,https:\/\/i1.wp.com\/www.quartier-waldacker.de\/wp-content\/uploads\/2024\/03\/Team03-1024x768.jpg?strip=info&#038;w=1200&#038;ssl=1 1200w,https:\/\/i1.wp.com\/www.quartier-waldacker.de\/wp-content\/uploads\/2024\/03\/Team03-1024x768.jpg?strip=info&#038;w=1280&#038;ssl=1 1280w\" alt=\"\" data-height=\"960\" data-id=\"23617\" data-link=\"https:\/\/www.quartier-waldacker.de\/?attachment_id=23617#main\" data-url=\"https:\/\/www.quartier-waldacker.de\/wp-content\/uploads\/2024\/03\/Team03-1024x768.jpg\" data-width=\"1280\" src=\"https:\/\/i1.wp.com\/www.quartier-waldacker.de\/wp-content\/uploads\/2024\/03\/Team03-1024x768.jpg?ssl=1\" data-amp-layout=\"responsive\"\/><\/figure><figure class=\"tiled-gallery__item\"><img decoding=\"async\" data-attachment-id=\"23614\" data-permalink=\"https:\/\/www.quartier-waldacker.de\/?attachment_id=23614#main\" data-orig-file=\"https:\/\/i0.wp.com\/www.quartier-waldacker.de\/wp-content\/uploads\/2024\/03\/Pause.jpg?fit=1280%2C960&amp;ssl=1\" data-orig-size=\"1280,960\" data-comments-opened=\"1\" data-image-meta=\"{&quot;aperture&quot;:&quot;0&quot;,&quot;credit&quot;:&quot;&quot;,&quot;camera&quot;:&quot;&quot;,&quot;caption&quot;:&quot;&quot;,&quot;created_timestamp&quot;:&quot;0&quot;,&quot;copyright&quot;:&quot;&quot;,&quot;focal_length&quot;:&quot;0&quot;,&quot;iso&quot;:&quot;0&quot;,&quot;shutter_speed&quot;:&quot;0&quot;,&quot;title&quot;:&quot;&quot;,&quot;orientation&quot;:&quot;0&quot;}\" data-image-title=\"Pause\" data-image-description=\"\" data-image-caption=\"\" data-large-file=\"https:\/\/i0.wp.com\/www.quartier-waldacker.de\/wp-content\/uploads\/2024\/03\/Pause.jpg?fit=1024%2C768&amp;ssl=1\" data-attachment-id=\"23614\" data-permalink=\"https:\/\/www.quartier-waldacker.de\/?attachment_id=23614#main\" data-orig-file=\"https:\/\/i0.wp.com\/www.quartier-waldacker.de\/wp-content\/uploads\/2024\/03\/Pause.jpg?fit=1280%2C960&amp;ssl=1\" data-orig-size=\"1280,960\" data-comments-opened=\"1\" data-image-meta=\"{&quot;aperture&quot;:&quot;0&quot;,&quot;credit&quot;:&quot;&quot;,&quot;camera&quot;:&quot;&quot;,&quot;caption&quot;:&quot;&quot;,&quot;created_timestamp&quot;:&quot;0&quot;,&quot;copyright&quot;:&quot;&quot;,&quot;focal_length&quot;:&quot;0&quot;,&quot;iso&quot;:&quot;0&quot;,&quot;shutter_speed&quot;:&quot;0&quot;,&quot;title&quot;:&quot;&quot;,&quot;orientation&quot;:&quot;0&quot;}\" data-image-title=\"Pause\" data-image-description=\"\" data-image-caption=\"\" data-large-file=\"https:\/\/i0.wp.com\/www.quartier-waldacker.de\/wp-content\/uploads\/2024\/03\/Pause.jpg?fit=1024%2C768&amp;ssl=1\" role=\"button\" tabindex=\"0\" aria-label=\"Open image 2 of 11 in full-screen\"srcset=\"https:\/\/i0.wp.com\/www.quartier-waldacker.de\/wp-content\/uploads\/2024\/03\/Pause-1024x768.jpg?strip=info&#038;w=600&#038;ssl=1 600w,https:\/\/i0.wp.com\/www.quartier-waldacker.de\/wp-content\/uploads\/2024\/03\/Pause-1024x768.jpg?strip=info&#038;w=900&#038;ssl=1 900w,https:\/\/i0.wp.com\/www.quartier-waldacker.de\/wp-content\/uploads\/2024\/03\/Pause-1024x768.jpg?strip=info&#038;w=1200&#038;ssl=1 1200w,https:\/\/i0.wp.com\/www.quartier-waldacker.de\/wp-content\/uploads\/2024\/03\/Pause-1024x768.jpg?strip=info&#038;w=1280&#038;ssl=1 1280w\" alt=\"\" data-height=\"960\" data-id=\"23614\" data-link=\"https:\/\/www.quartier-waldacker.de\/?attachment_id=23614#main\" data-url=\"https:\/\/www.quartier-waldacker.de\/wp-content\/uploads\/2024\/03\/Pause-1024x768.jpg\" data-width=\"1280\" src=\"https:\/\/i0.wp.com\/www.quartier-waldacker.de\/wp-content\/uploads\/2024\/03\/Pause-1024x768.jpg?ssl=1\" data-amp-layout=\"responsive\"\/><\/figure><\/div><div class=\"tiled-gallery__col\" style=\"flex-basis:53.08127%\"><figure class=\"tiled-gallery__item\"><img decoding=\"async\" data-attachment-id=\"23611\" data-permalink=\"https:\/\/www.quartier-waldacker.de\/?attachment_id=23611#main\" data-orig-file=\"https:\/\/i0.wp.com\/www.quartier-waldacker.de\/wp-content\/uploads\/2024\/03\/Fig06.jpg?fit=960%2C1280&amp;ssl=1\" data-orig-size=\"960,1280\" data-comments-opened=\"1\" data-image-meta=\"{&quot;aperture&quot;:&quot;0&quot;,&quot;credit&quot;:&quot;&quot;,&quot;camera&quot;:&quot;&quot;,&quot;caption&quot;:&quot;&quot;,&quot;created_timestamp&quot;:&quot;0&quot;,&quot;copyright&quot;:&quot;&quot;,&quot;focal_length&quot;:&quot;0&quot;,&quot;iso&quot;:&quot;0&quot;,&quot;shutter_speed&quot;:&quot;0&quot;,&quot;title&quot;:&quot;&quot;,&quot;orientation&quot;:&quot;0&quot;}\" data-image-title=\"Fig06\" data-image-description=\"\" data-image-caption=\"\" data-large-file=\"https:\/\/i0.wp.com\/www.quartier-waldacker.de\/wp-content\/uploads\/2024\/03\/Fig06.jpg?fit=768%2C1024&amp;ssl=1\" data-attachment-id=\"23611\" data-permalink=\"https:\/\/www.quartier-waldacker.de\/?attachment_id=23611#main\" data-orig-file=\"https:\/\/i0.wp.com\/www.quartier-waldacker.de\/wp-content\/uploads\/2024\/03\/Fig06.jpg?fit=960%2C1280&amp;ssl=1\" data-orig-size=\"960,1280\" data-comments-opened=\"1\" data-image-meta=\"{&quot;aperture&quot;:&quot;0&quot;,&quot;credit&quot;:&quot;&quot;,&quot;camera&quot;:&quot;&quot;,&quot;caption&quot;:&quot;&quot;,&quot;created_timestamp&quot;:&quot;0&quot;,&quot;copyright&quot;:&quot;&quot;,&quot;focal_length&quot;:&quot;0&quot;,&quot;iso&quot;:&quot;0&quot;,&quot;shutter_speed&quot;:&quot;0&quot;,&quot;title&quot;:&quot;&quot;,&quot;orientation&quot;:&quot;0&quot;}\" data-image-title=\"Fig06\" data-image-description=\"\" data-image-caption=\"\" data-large-file=\"https:\/\/i0.wp.com\/www.quartier-waldacker.de\/wp-content\/uploads\/2024\/03\/Fig06.jpg?fit=768%2C1024&amp;ssl=1\" role=\"button\" tabindex=\"0\" aria-label=\"Open image 3 of 11 in full-screen\"srcset=\"https:\/\/i2.wp.com\/www.quartier-waldacker.de\/wp-content\/uploads\/2024\/03\/Fig06-768x1024.jpg?strip=info&#038;w=600&#038;ssl=1 600w,https:\/\/i2.wp.com\/www.quartier-waldacker.de\/wp-content\/uploads\/2024\/03\/Fig06-768x1024.jpg?strip=info&#038;w=900&#038;ssl=1 900w,https:\/\/i2.wp.com\/www.quartier-waldacker.de\/wp-content\/uploads\/2024\/03\/Fig06-768x1024.jpg?strip=info&#038;w=960&#038;ssl=1 960w\" alt=\"\" data-height=\"1280\" data-id=\"23611\" data-link=\"https:\/\/www.quartier-waldacker.de\/?attachment_id=23611#main\" data-url=\"https:\/\/www.quartier-waldacker.de\/wp-content\/uploads\/2024\/03\/Fig06-768x1024.jpg\" data-width=\"960\" src=\"https:\/\/i2.wp.com\/www.quartier-waldacker.de\/wp-content\/uploads\/2024\/03\/Fig06-768x1024.jpg?ssl=1\" data-amp-layout=\"responsive\"\/><\/figure><\/div><\/div><div class=\"tiled-gallery__row\"><div class=\"tiled-gallery__col\" style=\"flex-basis:26.49210%\"><figure class=\"tiled-gallery__item\"><img decoding=\"async\" data-attachment-id=\"23606\" data-permalink=\"https:\/\/www.quartier-waldacker.de\/?attachment_id=23606#main\" data-orig-file=\"https:\/\/i0.wp.com\/www.quartier-waldacker.de\/wp-content\/uploads\/2024\/03\/Fig01.jpg?fit=960%2C1280&amp;ssl=1\" data-orig-size=\"960,1280\" data-comments-opened=\"1\" data-image-meta=\"{&quot;aperture&quot;:&quot;0&quot;,&quot;credit&quot;:&quot;&quot;,&quot;camera&quot;:&quot;&quot;,&quot;caption&quot;:&quot;&quot;,&quot;created_timestamp&quot;:&quot;0&quot;,&quot;copyright&quot;:&quot;&quot;,&quot;focal_length&quot;:&quot;0&quot;,&quot;iso&quot;:&quot;0&quot;,&quot;shutter_speed&quot;:&quot;0&quot;,&quot;title&quot;:&quot;&quot;,&quot;orientation&quot;:&quot;0&quot;}\" data-image-title=\"Fig01\" data-image-description=\"\" data-image-caption=\"\" data-large-file=\"https:\/\/i0.wp.com\/www.quartier-waldacker.de\/wp-content\/uploads\/2024\/03\/Fig01.jpg?fit=768%2C1024&amp;ssl=1\" data-attachment-id=\"23606\" data-permalink=\"https:\/\/www.quartier-waldacker.de\/?attachment_id=23606#main\" data-orig-file=\"https:\/\/i0.wp.com\/www.quartier-waldacker.de\/wp-content\/uploads\/2024\/03\/Fig01.jpg?fit=960%2C1280&amp;ssl=1\" data-orig-size=\"960,1280\" data-comments-opened=\"1\" data-image-meta=\"{&quot;aperture&quot;:&quot;0&quot;,&quot;credit&quot;:&quot;&quot;,&quot;camera&quot;:&quot;&quot;,&quot;caption&quot;:&quot;&quot;,&quot;created_timestamp&quot;:&quot;0&quot;,&quot;copyright&quot;:&quot;&quot;,&quot;focal_length&quot;:&quot;0&quot;,&quot;iso&quot;:&quot;0&quot;,&quot;shutter_speed&quot;:&quot;0&quot;,&quot;title&quot;:&quot;&quot;,&quot;orientation&quot;:&quot;0&quot;}\" data-image-title=\"Fig01\" data-image-description=\"\" data-image-caption=\"\" data-large-file=\"https:\/\/i0.wp.com\/www.quartier-waldacker.de\/wp-content\/uploads\/2024\/03\/Fig01.jpg?fit=768%2C1024&amp;ssl=1\" role=\"button\" tabindex=\"0\" aria-label=\"Open image 4 of 11 in full-screen\"srcset=\"https:\/\/i2.wp.com\/www.quartier-waldacker.de\/wp-content\/uploads\/2024\/03\/Fig01-768x1024.jpg?strip=info&#038;w=600&#038;ssl=1 600w,https:\/\/i2.wp.com\/www.quartier-waldacker.de\/wp-content\/uploads\/2024\/03\/Fig01-768x1024.jpg?strip=info&#038;w=900&#038;ssl=1 900w,https:\/\/i2.wp.com\/www.quartier-waldacker.de\/wp-content\/uploads\/2024\/03\/Fig01-768x1024.jpg?strip=info&#038;w=960&#038;ssl=1 960w\" alt=\"\" data-height=\"1280\" data-id=\"23606\" data-link=\"https:\/\/www.quartier-waldacker.de\/?attachment_id=23606#main\" data-url=\"https:\/\/www.quartier-waldacker.de\/wp-content\/uploads\/2024\/03\/Fig01-768x1024.jpg\" data-width=\"960\" src=\"https:\/\/i2.wp.com\/www.quartier-waldacker.de\/wp-content\/uploads\/2024\/03\/Fig01-768x1024.jpg?ssl=1\" data-amp-layout=\"responsive\"\/><\/figure><\/div><div class=\"tiled-gallery__col\" style=\"flex-basis:47.01580%\"><figure class=\"tiled-gallery__item\"><img decoding=\"async\" data-attachment-id=\"23616\" data-permalink=\"https:\/\/www.quartier-waldacker.de\/?attachment_id=23616#main\" data-orig-file=\"https:\/\/i0.wp.com\/www.quartier-waldacker.de\/wp-content\/uploads\/2024\/03\/Team02.jpg?fit=1280%2C960&amp;ssl=1\" data-orig-size=\"1280,960\" data-comments-opened=\"1\" data-image-meta=\"{&quot;aperture&quot;:&quot;0&quot;,&quot;credit&quot;:&quot;&quot;,&quot;camera&quot;:&quot;&quot;,&quot;caption&quot;:&quot;&quot;,&quot;created_timestamp&quot;:&quot;0&quot;,&quot;copyright&quot;:&quot;&quot;,&quot;focal_length&quot;:&quot;0&quot;,&quot;iso&quot;:&quot;0&quot;,&quot;shutter_speed&quot;:&quot;0&quot;,&quot;title&quot;:&quot;&quot;,&quot;orientation&quot;:&quot;0&quot;}\" data-image-title=\"Team02\" data-image-description=\"\" data-image-caption=\"\" data-large-file=\"https:\/\/i0.wp.com\/www.quartier-waldacker.de\/wp-content\/uploads\/2024\/03\/Team02.jpg?fit=1024%2C768&amp;ssl=1\" data-attachment-id=\"23616\" data-permalink=\"https:\/\/www.quartier-waldacker.de\/?attachment_id=23616#main\" data-orig-file=\"https:\/\/i0.wp.com\/www.quartier-waldacker.de\/wp-content\/uploads\/2024\/03\/Team02.jpg?fit=1280%2C960&amp;ssl=1\" data-orig-size=\"1280,960\" data-comments-opened=\"1\" data-image-meta=\"{&quot;aperture&quot;:&quot;0&quot;,&quot;credit&quot;:&quot;&quot;,&quot;camera&quot;:&quot;&quot;,&quot;caption&quot;:&quot;&quot;,&quot;created_timestamp&quot;:&quot;0&quot;,&quot;copyright&quot;:&quot;&quot;,&quot;focal_length&quot;:&quot;0&quot;,&quot;iso&quot;:&quot;0&quot;,&quot;shutter_speed&quot;:&quot;0&quot;,&quot;title&quot;:&quot;&quot;,&quot;orientation&quot;:&quot;0&quot;}\" data-image-title=\"Team02\" data-image-description=\"\" data-image-caption=\"\" data-large-file=\"https:\/\/i0.wp.com\/www.quartier-waldacker.de\/wp-content\/uploads\/2024\/03\/Team02.jpg?fit=1024%2C768&amp;ssl=1\" role=\"button\" tabindex=\"0\" aria-label=\"Open image 5 of 11 in full-screen\"srcset=\"https:\/\/i0.wp.com\/www.quartier-waldacker.de\/wp-content\/uploads\/2024\/03\/Team02-1024x768.jpg?strip=info&#038;w=600&#038;ssl=1 600w,https:\/\/i0.wp.com\/www.quartier-waldacker.de\/wp-content\/uploads\/2024\/03\/Team02-1024x768.jpg?strip=info&#038;w=900&#038;ssl=1 900w,https:\/\/i0.wp.com\/www.quartier-waldacker.de\/wp-content\/uploads\/2024\/03\/Team02-1024x768.jpg?strip=info&#038;w=1200&#038;ssl=1 1200w,https:\/\/i0.wp.com\/www.quartier-waldacker.de\/wp-content\/uploads\/2024\/03\/Team02-1024x768.jpg?strip=info&#038;w=1280&#038;ssl=1 1280w\" alt=\"\" data-height=\"960\" data-id=\"23616\" data-link=\"https:\/\/www.quartier-waldacker.de\/?attachment_id=23616#main\" data-url=\"https:\/\/www.quartier-waldacker.de\/wp-content\/uploads\/2024\/03\/Team02-1024x768.jpg\" data-width=\"1280\" src=\"https:\/\/i0.wp.com\/www.quartier-waldacker.de\/wp-content\/uploads\/2024\/03\/Team02-1024x768.jpg?ssl=1\" data-amp-layout=\"responsive\"\/><\/figure><\/div><div class=\"tiled-gallery__col\" style=\"flex-basis:26.49210%\"><figure class=\"tiled-gallery__item\"><img decoding=\"async\" data-attachment-id=\"23607\" data-permalink=\"https:\/\/www.quartier-waldacker.de\/?attachment_id=23607#main\" data-orig-file=\"https:\/\/i0.wp.com\/www.quartier-waldacker.de\/wp-content\/uploads\/2024\/03\/Fig02.jpg?fit=960%2C1280&amp;ssl=1\" data-orig-size=\"960,1280\" data-comments-opened=\"1\" data-image-meta=\"{&quot;aperture&quot;:&quot;0&quot;,&quot;credit&quot;:&quot;&quot;,&quot;camera&quot;:&quot;&quot;,&quot;caption&quot;:&quot;&quot;,&quot;created_timestamp&quot;:&quot;0&quot;,&quot;copyright&quot;:&quot;&quot;,&quot;focal_length&quot;:&quot;0&quot;,&quot;iso&quot;:&quot;0&quot;,&quot;shutter_speed&quot;:&quot;0&quot;,&quot;title&quot;:&quot;&quot;,&quot;orientation&quot;:&quot;0&quot;}\" data-image-title=\"Fig02\" data-image-description=\"\" data-image-caption=\"\" data-large-file=\"https:\/\/i0.wp.com\/www.quartier-waldacker.de\/wp-content\/uploads\/2024\/03\/Fig02.jpg?fit=768%2C1024&amp;ssl=1\" data-attachment-id=\"23607\" data-permalink=\"https:\/\/www.quartier-waldacker.de\/?attachment_id=23607#main\" data-orig-file=\"https:\/\/i0.wp.com\/www.quartier-waldacker.de\/wp-content\/uploads\/2024\/03\/Fig02.jpg?fit=960%2C1280&amp;ssl=1\" data-orig-size=\"960,1280\" data-comments-opened=\"1\" data-image-meta=\"{&quot;aperture&quot;:&quot;0&quot;,&quot;credit&quot;:&quot;&quot;,&quot;camera&quot;:&quot;&quot;,&quot;caption&quot;:&quot;&quot;,&quot;created_timestamp&quot;:&quot;0&quot;,&quot;copyright&quot;:&quot;&quot;,&quot;focal_length&quot;:&quot;0&quot;,&quot;iso&quot;:&quot;0&quot;,&quot;shutter_speed&quot;:&quot;0&quot;,&quot;title&quot;:&quot;&quot;,&quot;orientation&quot;:&quot;0&quot;}\" data-image-title=\"Fig02\" data-image-description=\"\" data-image-caption=\"\" data-large-file=\"https:\/\/i0.wp.com\/www.quartier-waldacker.de\/wp-content\/uploads\/2024\/03\/Fig02.jpg?fit=768%2C1024&amp;ssl=1\" role=\"button\" tabindex=\"0\" aria-label=\"Open image 6 of 11 in full-screen\"srcset=\"https:\/\/i0.wp.com\/www.quartier-waldacker.de\/wp-content\/uploads\/2024\/03\/Fig02-768x1024.jpg?strip=info&#038;w=600&#038;ssl=1 600w,https:\/\/i0.wp.com\/www.quartier-waldacker.de\/wp-content\/uploads\/2024\/03\/Fig02-768x1024.jpg?strip=info&#038;w=900&#038;ssl=1 900w,https:\/\/i0.wp.com\/www.quartier-waldacker.de\/wp-content\/uploads\/2024\/03\/Fig02-768x1024.jpg?strip=info&#038;w=960&#038;ssl=1 960w\" alt=\"\" data-height=\"1280\" data-id=\"23607\" data-link=\"https:\/\/www.quartier-waldacker.de\/?attachment_id=23607#main\" data-url=\"https:\/\/www.quartier-waldacker.de\/wp-content\/uploads\/2024\/03\/Fig02-768x1024.jpg\" data-width=\"960\" src=\"https:\/\/i0.wp.com\/www.quartier-waldacker.de\/wp-content\/uploads\/2024\/03\/Fig02-768x1024.jpg?ssl=1\" data-amp-layout=\"responsive\"\/><\/figure><\/div><\/div><div class=\"tiled-gallery__row\"><div class=\"tiled-gallery__col\" style=\"flex-basis:50.00000%\"><figure class=\"tiled-gallery__item\"><img decoding=\"async\" data-attachment-id=\"23608\" data-permalink=\"https:\/\/www.quartier-waldacker.de\/?attachment_id=23608#main\" data-orig-file=\"https:\/\/i0.wp.com\/www.quartier-waldacker.de\/wp-content\/uploads\/2024\/03\/Fig03.jpg?fit=960%2C1280&amp;ssl=1\" data-orig-size=\"960,1280\" data-comments-opened=\"1\" data-image-meta=\"{&quot;aperture&quot;:&quot;0&quot;,&quot;credit&quot;:&quot;&quot;,&quot;camera&quot;:&quot;&quot;,&quot;caption&quot;:&quot;&quot;,&quot;created_timestamp&quot;:&quot;0&quot;,&quot;copyright&quot;:&quot;&quot;,&quot;focal_length&quot;:&quot;0&quot;,&quot;iso&quot;:&quot;0&quot;,&quot;shutter_speed&quot;:&quot;0&quot;,&quot;title&quot;:&quot;&quot;,&quot;orientation&quot;:&quot;0&quot;}\" data-image-title=\"Fig03\" data-image-description=\"\" data-image-caption=\"\" data-large-file=\"https:\/\/i0.wp.com\/www.quartier-waldacker.de\/wp-content\/uploads\/2024\/03\/Fig03.jpg?fit=768%2C1024&amp;ssl=1\" data-attachment-id=\"23608\" data-permalink=\"https:\/\/www.quartier-waldacker.de\/?attachment_id=23608#main\" data-orig-file=\"https:\/\/i0.wp.com\/www.quartier-waldacker.de\/wp-content\/uploads\/2024\/03\/Fig03.jpg?fit=960%2C1280&amp;ssl=1\" data-orig-size=\"960,1280\" data-comments-opened=\"1\" data-image-meta=\"{&quot;aperture&quot;:&quot;0&quot;,&quot;credit&quot;:&quot;&quot;,&quot;camera&quot;:&quot;&quot;,&quot;caption&quot;:&quot;&quot;,&quot;created_timestamp&quot;:&quot;0&quot;,&quot;copyright&quot;:&quot;&quot;,&quot;focal_length&quot;:&quot;0&quot;,&quot;iso&quot;:&quot;0&quot;,&quot;shutter_speed&quot;:&quot;0&quot;,&quot;title&quot;:&quot;&quot;,&quot;orientation&quot;:&quot;0&quot;}\" data-image-title=\"Fig03\" data-image-description=\"\" data-image-caption=\"\" data-large-file=\"https:\/\/i0.wp.com\/www.quartier-waldacker.de\/wp-content\/uploads\/2024\/03\/Fig03.jpg?fit=768%2C1024&amp;ssl=1\" role=\"button\" tabindex=\"0\" aria-label=\"Open image 7 of 11 in full-screen\"srcset=\"https:\/\/i1.wp.com\/www.quartier-waldacker.de\/wp-content\/uploads\/2024\/03\/Fig03-768x1024.jpg?strip=info&#038;w=600&#038;ssl=1 600w,https:\/\/i1.wp.com\/www.quartier-waldacker.de\/wp-content\/uploads\/2024\/03\/Fig03-768x1024.jpg?strip=info&#038;w=900&#038;ssl=1 900w,https:\/\/i1.wp.com\/www.quartier-waldacker.de\/wp-content\/uploads\/2024\/03\/Fig03-768x1024.jpg?strip=info&#038;w=960&#038;ssl=1 960w\" alt=\"\" data-height=\"1280\" data-id=\"23608\" data-link=\"https:\/\/www.quartier-waldacker.de\/?attachment_id=23608#main\" data-url=\"https:\/\/www.quartier-waldacker.de\/wp-content\/uploads\/2024\/03\/Fig03-768x1024.jpg\" data-width=\"960\" src=\"https:\/\/i1.wp.com\/www.quartier-waldacker.de\/wp-content\/uploads\/2024\/03\/Fig03-768x1024.jpg?ssl=1\" data-amp-layout=\"responsive\"\/><\/figure><\/div><div class=\"tiled-gallery__col\" style=\"flex-basis:50.00000%\"><figure class=\"tiled-gallery__item\"><img decoding=\"async\" data-attachment-id=\"23610\" data-permalink=\"https:\/\/www.quartier-waldacker.de\/?attachment_id=23610#main\" data-orig-file=\"https:\/\/i0.wp.com\/www.quartier-waldacker.de\/wp-content\/uploads\/2024\/03\/Fig05.jpg?fit=960%2C1280&amp;ssl=1\" data-orig-size=\"960,1280\" data-comments-opened=\"1\" data-image-meta=\"{&quot;aperture&quot;:&quot;0&quot;,&quot;credit&quot;:&quot;&quot;,&quot;camera&quot;:&quot;&quot;,&quot;caption&quot;:&quot;&quot;,&quot;created_timestamp&quot;:&quot;0&quot;,&quot;copyright&quot;:&quot;&quot;,&quot;focal_length&quot;:&quot;0&quot;,&quot;iso&quot;:&quot;0&quot;,&quot;shutter_speed&quot;:&quot;0&quot;,&quot;title&quot;:&quot;&quot;,&quot;orientation&quot;:&quot;0&quot;}\" data-image-title=\"Fig05\" data-image-description=\"\" data-image-caption=\"\" data-large-file=\"https:\/\/i0.wp.com\/www.quartier-waldacker.de\/wp-content\/uploads\/2024\/03\/Fig05.jpg?fit=768%2C1024&amp;ssl=1\" data-attachment-id=\"23610\" data-permalink=\"https:\/\/www.quartier-waldacker.de\/?attachment_id=23610#main\" data-orig-file=\"https:\/\/i0.wp.com\/www.quartier-waldacker.de\/wp-content\/uploads\/2024\/03\/Fig05.jpg?fit=960%2C1280&amp;ssl=1\" data-orig-size=\"960,1280\" data-comments-opened=\"1\" data-image-meta=\"{&quot;aperture&quot;:&quot;0&quot;,&quot;credit&quot;:&quot;&quot;,&quot;camera&quot;:&quot;&quot;,&quot;caption&quot;:&quot;&quot;,&quot;created_timestamp&quot;:&quot;0&quot;,&quot;copyright&quot;:&quot;&quot;,&quot;focal_length&quot;:&quot;0&quot;,&quot;iso&quot;:&quot;0&quot;,&quot;shutter_speed&quot;:&quot;0&quot;,&quot;title&quot;:&quot;&quot;,&quot;orientation&quot;:&quot;0&quot;}\" data-image-title=\"Fig05\" data-image-description=\"\" data-image-caption=\"\" data-large-file=\"https:\/\/i0.wp.com\/www.quartier-waldacker.de\/wp-content\/uploads\/2024\/03\/Fig05.jpg?fit=768%2C1024&amp;ssl=1\" role=\"button\" tabindex=\"0\" aria-label=\"Open image 8 of 11 in full-screen\"srcset=\"https:\/\/i2.wp.com\/www.quartier-waldacker.de\/wp-content\/uploads\/2024\/03\/Fig05-768x1024.jpg?strip=info&#038;w=600&#038;ssl=1 600w,https:\/\/i2.wp.com\/www.quartier-waldacker.de\/wp-content\/uploads\/2024\/03\/Fig05-768x1024.jpg?strip=info&#038;w=900&#038;ssl=1 900w,https:\/\/i2.wp.com\/www.quartier-waldacker.de\/wp-content\/uploads\/2024\/03\/Fig05-768x1024.jpg?strip=info&#038;w=960&#038;ssl=1 960w\" alt=\"\" data-height=\"1280\" data-id=\"23610\" data-link=\"https:\/\/www.quartier-waldacker.de\/?attachment_id=23610#main\" data-url=\"https:\/\/www.quartier-waldacker.de\/wp-content\/uploads\/2024\/03\/Fig05-768x1024.jpg\" data-width=\"960\" src=\"https:\/\/i2.wp.com\/www.quartier-waldacker.de\/wp-content\/uploads\/2024\/03\/Fig05-768x1024.jpg?ssl=1\" data-amp-layout=\"responsive\"\/><\/figure><\/div><\/div><div class=\"tiled-gallery__row\"><div class=\"tiled-gallery__col\" style=\"flex-basis:33.39116%\"><figure class=\"tiled-gallery__item\"><img decoding=\"async\" data-attachment-id=\"23609\" data-permalink=\"https:\/\/www.quartier-waldacker.de\/?attachment_id=23609#main\" data-orig-file=\"https:\/\/i0.wp.com\/www.quartier-waldacker.de\/wp-content\/uploads\/2024\/03\/Fig04.jpg?fit=960%2C1280&amp;ssl=1\" data-orig-size=\"960,1280\" data-comments-opened=\"1\" data-image-meta=\"{&quot;aperture&quot;:&quot;0&quot;,&quot;credit&quot;:&quot;&quot;,&quot;camera&quot;:&quot;&quot;,&quot;caption&quot;:&quot;&quot;,&quot;created_timestamp&quot;:&quot;0&quot;,&quot;copyright&quot;:&quot;&quot;,&quot;focal_length&quot;:&quot;0&quot;,&quot;iso&quot;:&quot;0&quot;,&quot;shutter_speed&quot;:&quot;0&quot;,&quot;title&quot;:&quot;&quot;,&quot;orientation&quot;:&quot;0&quot;}\" data-image-title=\"Fig04\" data-image-description=\"\" data-image-caption=\"\" data-large-file=\"https:\/\/i0.wp.com\/www.quartier-waldacker.de\/wp-content\/uploads\/2024\/03\/Fig04.jpg?fit=768%2C1024&amp;ssl=1\" data-attachment-id=\"23609\" data-permalink=\"https:\/\/www.quartier-waldacker.de\/?attachment_id=23609#main\" data-orig-file=\"https:\/\/i0.wp.com\/www.quartier-waldacker.de\/wp-content\/uploads\/2024\/03\/Fig04.jpg?fit=960%2C1280&amp;ssl=1\" data-orig-size=\"960,1280\" data-comments-opened=\"1\" data-image-meta=\"{&quot;aperture&quot;:&quot;0&quot;,&quot;credit&quot;:&quot;&quot;,&quot;camera&quot;:&quot;&quot;,&quot;caption&quot;:&quot;&quot;,&quot;created_timestamp&quot;:&quot;0&quot;,&quot;copyright&quot;:&quot;&quot;,&quot;focal_length&quot;:&quot;0&quot;,&quot;iso&quot;:&quot;0&quot;,&quot;shutter_speed&quot;:&quot;0&quot;,&quot;title&quot;:&quot;&quot;,&quot;orientation&quot;:&quot;0&quot;}\" data-image-title=\"Fig04\" data-image-description=\"\" data-image-caption=\"\" data-large-file=\"https:\/\/i0.wp.com\/www.quartier-waldacker.de\/wp-content\/uploads\/2024\/03\/Fig04.jpg?fit=768%2C1024&amp;ssl=1\" role=\"button\" tabindex=\"0\" aria-label=\"Open image 9 of 11 in full-screen\"srcset=\"https:\/\/i1.wp.com\/www.quartier-waldacker.de\/wp-content\/uploads\/2024\/03\/Fig04-768x1024.jpg?strip=info&#038;w=600&#038;ssl=1 600w,https:\/\/i1.wp.com\/www.quartier-waldacker.de\/wp-content\/uploads\/2024\/03\/Fig04-768x1024.jpg?strip=info&#038;w=900&#038;ssl=1 900w,https:\/\/i1.wp.com\/www.quartier-waldacker.de\/wp-content\/uploads\/2024\/03\/Fig04-768x1024.jpg?strip=info&#038;w=960&#038;ssl=1 960w\" alt=\"\" data-height=\"1280\" data-id=\"23609\" data-link=\"https:\/\/www.quartier-waldacker.de\/?attachment_id=23609#main\" data-url=\"https:\/\/www.quartier-waldacker.de\/wp-content\/uploads\/2024\/03\/Fig04-768x1024.jpg\" data-width=\"960\" src=\"https:\/\/i1.wp.com\/www.quartier-waldacker.de\/wp-content\/uploads\/2024\/03\/Fig04-768x1024.jpg?ssl=1\" data-amp-layout=\"responsive\"\/><\/figure><\/div><div class=\"tiled-gallery__col\" style=\"flex-basis:33.39116%\"><figure class=\"tiled-gallery__item\"><img decoding=\"async\" data-attachment-id=\"23612\" data-permalink=\"https:\/\/www.quartier-waldacker.de\/?attachment_id=23612#main\" data-orig-file=\"https:\/\/i0.wp.com\/www.quartier-waldacker.de\/wp-content\/uploads\/2024\/03\/Fig07.jpg?fit=960%2C1280&amp;ssl=1\" data-orig-size=\"960,1280\" data-comments-opened=\"1\" data-image-meta=\"{&quot;aperture&quot;:&quot;0&quot;,&quot;credit&quot;:&quot;&quot;,&quot;camera&quot;:&quot;&quot;,&quot;caption&quot;:&quot;&quot;,&quot;created_timestamp&quot;:&quot;0&quot;,&quot;copyright&quot;:&quot;&quot;,&quot;focal_length&quot;:&quot;0&quot;,&quot;iso&quot;:&quot;0&quot;,&quot;shutter_speed&quot;:&quot;0&quot;,&quot;title&quot;:&quot;&quot;,&quot;orientation&quot;:&quot;0&quot;}\" data-image-title=\"Fig07\" data-image-description=\"\" data-image-caption=\"\" data-large-file=\"https:\/\/i0.wp.com\/www.quartier-waldacker.de\/wp-content\/uploads\/2024\/03\/Fig07.jpg?fit=768%2C1024&amp;ssl=1\" data-attachment-id=\"23612\" data-permalink=\"https:\/\/www.quartier-waldacker.de\/?attachment_id=23612#main\" data-orig-file=\"https:\/\/i0.wp.com\/www.quartier-waldacker.de\/wp-content\/uploads\/2024\/03\/Fig07.jpg?fit=960%2C1280&amp;ssl=1\" data-orig-size=\"960,1280\" data-comments-opened=\"1\" data-image-meta=\"{&quot;aperture&quot;:&quot;0&quot;,&quot;credit&quot;:&quot;&quot;,&quot;camera&quot;:&quot;&quot;,&quot;caption&quot;:&quot;&quot;,&quot;created_timestamp&quot;:&quot;0&quot;,&quot;copyright&quot;:&quot;&quot;,&quot;focal_length&quot;:&quot;0&quot;,&quot;iso&quot;:&quot;0&quot;,&quot;shutter_speed&quot;:&quot;0&quot;,&quot;title&quot;:&quot;&quot;,&quot;orientation&quot;:&quot;0&quot;}\" data-image-title=\"Fig07\" data-image-description=\"\" data-image-caption=\"\" data-large-file=\"https:\/\/i0.wp.com\/www.quartier-waldacker.de\/wp-content\/uploads\/2024\/03\/Fig07.jpg?fit=768%2C1024&amp;ssl=1\" role=\"button\" tabindex=\"0\" aria-label=\"Open image 10 of 11 in full-screen\"srcset=\"https:\/\/i0.wp.com\/www.quartier-waldacker.de\/wp-content\/uploads\/2024\/03\/Fig07-768x1024.jpg?strip=info&#038;w=600&#038;ssl=1 600w,https:\/\/i0.wp.com\/www.quartier-waldacker.de\/wp-content\/uploads\/2024\/03\/Fig07-768x1024.jpg?strip=info&#038;w=900&#038;ssl=1 900w,https:\/\/i0.wp.com\/www.quartier-waldacker.de\/wp-content\/uploads\/2024\/03\/Fig07-768x1024.jpg?strip=info&#038;w=960&#038;ssl=1 960w\" alt=\"\" data-height=\"1280\" data-id=\"23612\" data-link=\"https:\/\/www.quartier-waldacker.de\/?attachment_id=23612#main\" data-url=\"https:\/\/www.quartier-waldacker.de\/wp-content\/uploads\/2024\/03\/Fig07-768x1024.jpg\" data-width=\"960\" src=\"https:\/\/i0.wp.com\/www.quartier-waldacker.de\/wp-content\/uploads\/2024\/03\/Fig07-768x1024.jpg?ssl=1\" data-amp-layout=\"responsive\"\/><\/figure><\/div><div class=\"tiled-gallery__col\" style=\"flex-basis:33.21768%\"><figure class=\"tiled-gallery__item\"><img decoding=\"async\" data-attachment-id=\"23613\" data-permalink=\"https:\/\/www.quartier-waldacker.de\/?attachment_id=23613#main\" data-orig-file=\"https:\/\/i0.wp.com\/www.quartier-waldacker.de\/wp-content\/uploads\/2024\/03\/Fig08.jpg?fit=955%2C1280&amp;ssl=1\" data-orig-size=\"955,1280\" data-comments-opened=\"1\" data-image-meta=\"{&quot;aperture&quot;:&quot;0&quot;,&quot;credit&quot;:&quot;&quot;,&quot;camera&quot;:&quot;&quot;,&quot;caption&quot;:&quot;&quot;,&quot;created_timestamp&quot;:&quot;0&quot;,&quot;copyright&quot;:&quot;&quot;,&quot;focal_length&quot;:&quot;0&quot;,&quot;iso&quot;:&quot;0&quot;,&quot;shutter_speed&quot;:&quot;0&quot;,&quot;title&quot;:&quot;&quot;,&quot;orientation&quot;:&quot;0&quot;}\" data-image-title=\"Fig08\" data-image-description=\"\" data-image-caption=\"\" data-large-file=\"https:\/\/i0.wp.com\/www.quartier-waldacker.de\/wp-content\/uploads\/2024\/03\/Fig08.jpg?fit=764%2C1024&amp;ssl=1\" data-attachment-id=\"23613\" data-permalink=\"https:\/\/www.quartier-waldacker.de\/?attachment_id=23613#main\" data-orig-file=\"https:\/\/i0.wp.com\/www.quartier-waldacker.de\/wp-content\/uploads\/2024\/03\/Fig08.jpg?fit=955%2C1280&amp;ssl=1\" data-orig-size=\"955,1280\" data-comments-opened=\"1\" data-image-meta=\"{&quot;aperture&quot;:&quot;0&quot;,&quot;credit&quot;:&quot;&quot;,&quot;camera&quot;:&quot;&quot;,&quot;caption&quot;:&quot;&quot;,&quot;created_timestamp&quot;:&quot;0&quot;,&quot;copyright&quot;:&quot;&quot;,&quot;focal_length&quot;:&quot;0&quot;,&quot;iso&quot;:&quot;0&quot;,&quot;shutter_speed&quot;:&quot;0&quot;,&quot;title&quot;:&quot;&quot;,&quot;orientation&quot;:&quot;0&quot;}\" data-image-title=\"Fig08\" data-image-description=\"\" data-image-caption=\"\" data-large-file=\"https:\/\/i0.wp.com\/www.quartier-waldacker.de\/wp-content\/uploads\/2024\/03\/Fig08.jpg?fit=764%2C1024&amp;ssl=1\" role=\"button\" tabindex=\"0\" aria-label=\"Open image 11 of 11 in full-screen\"srcset=\"https:\/\/i2.wp.com\/www.quartier-waldacker.de\/wp-content\/uploads\/2024\/03\/Fig08-764x1024.jpg?strip=info&#038;w=600&#038;ssl=1 600w,https:\/\/i2.wp.com\/www.quartier-waldacker.de\/wp-content\/uploads\/2024\/03\/Fig08-764x1024.jpg?strip=info&#038;w=900&#038;ssl=1 900w,https:\/\/i2.wp.com\/www.quartier-waldacker.de\/wp-content\/uploads\/2024\/03\/Fig08-764x1024.jpg?strip=info&#038;w=955&#038;ssl=1 955w\" alt=\"\" data-height=\"1280\" data-id=\"23613\" data-link=\"https:\/\/www.quartier-waldacker.de\/?attachment_id=23613#main\" data-url=\"https:\/\/www.quartier-waldacker.de\/wp-content\/uploads\/2024\/03\/Fig08-764x1024.jpg\" data-width=\"955\" src=\"https:\/\/i2.wp.com\/www.quartier-waldacker.de\/wp-content\/uploads\/2024\/03\/Fig08-764x1024.jpg?ssl=1\" data-amp-layout=\"responsive\"\/><\/figure><\/div><\/div><\/div><\/div>\n\n\n<div class=\"gb-container gb-container-218493e2\">\n<div class=\"gb-container gb-container-cb863040\">\n\n\t\t<div id=\"maps-marker-pro-0dc9761d\" class=\"maps-marker-pro mmp-list-below\" style=\"width: 640px;\">\n\t\t\t<div id=\"mmp-map-wrap-0dc9761d\" class=\"mmp-map-wrap\">\n\t\t\t\t\t\t\t\t\t<div id=\"mmp-panel-0dc9761d\" class=\"mmp-panel\"><\/div>\n\t\t\t\t\t\t\t\t<div id=\"mmp-map-0dc9761d\" class=\"mmp-map\" style=\"height: 480px;\"><\/div>\n\t\t\t\t\t\t\t\t\t<div id=\"mmp-chart-wrap-0dc9761d\" class=\"mmp-gpx-chart-wrap\" style=\"height: 200px;\"><\/div>\n\t\t\t\t\t\t\t<\/div>\n\t\t\t\t\t\t\t<div id=\"mmp-list-0dc9761d\" class=\"mmp-list\" style=\"flex-basis: 400px;\"><\/div>\n\t\t\t\t\t<\/div>\n\t\t\n\n<\/div>\n<\/div>","protected":false},"excerpt":{"rendered":"<p>Ohne den obligatorischen Startpunkt B\u00fcrgertreff Waldacker und ohne Presse fand der diesj\u00e4hrige Start in die neue Saison 2024 statt. Grund daf\u00fcr war, dass einige Teilnehmerinnen und Teilnehmer das Angebot des Schillerhauses \u201eFr\u00fchst\u00fcck im Schillerhaus\u201c, das dort jeden zweiten Freitag im Monat stattfindet, in Anspruch nahmen. Allgemeiner Start war um 12.30 Uhr. 15 Teilnehmerinnen und Teilnehmer &#8230; <a title=\"Mit Regen in die neue Saison 2024 (35 km)\" class=\"read-more\" href=\"https:\/\/www.quartier-waldacker.de\/?p=23604\" aria-label=\"Mehr Informationen \u00fcber Mit Regen in die neue Saison 2024 (35 km)\">Weiterlesen<\/a><\/p>\n","protected":false},"author":5,"featured_media":23636,"comment_status":"open","ping_status":"closed","sticky":false,"template":"","format":"standard","meta":{"generate_page_header":"","_jetpack_memberships_contains_paid_content":false,"footnotes":""},"categories":[126],"tags":[197,203,317],"class_list":["post-23604","post","type-post","status-publish","format-standard","has-post-thumbnail","hentry","category-radtouren","tag-radfahren","tag-radtouren","tag-roedermark"],"jetpack_featured_media_url":"https:\/\/i0.wp.com\/www.quartier-waldacker.de\/wp-content\/uploads\/2024\/03\/Header_Gruppe_2024sr1.jpg?fit=1280%2C300&ssl=1","jetpack-related-posts":[{"id":23561,"url":"https:\/\/www.quartier-waldacker.de\/?p=23561","url_meta":{"origin":23604,"position":0},"title":"Saison 2023 beendet \u2013 Start frei in die neue Saison 2024","author":"Johannes","date":"25. Februar 2024","format":false,"excerpt":"Bericht von J.Ohnesorg Zu ihrem j\u00e4hrlichen Auftakttreffen trafen sich die Radler aus dem Quartier Waldacker am 24.02.2024 im Schillerhaus in Urberach. Die Organisatoren Gerhard Elsesser und Reinhold Harnoth hatten wieder f\u00fcr das leibliche Wohl gesorgt. Verschiedene Rindsw\u00fcrste und Salate, die von einigen Radlerinnen und Radler mitgebracht wurden, standen auf dem\u2026","rel":"","context":"In &quot;AG-Radfahren&quot;","block_context":{"text":"AG-Radfahren","link":"https:\/\/www.quartier-waldacker.de\/?cat=202"},"img":{"alt_text":"","src":"https:\/\/i0.wp.com\/www.quartier-waldacker.de\/wp-content\/uploads\/2023\/03\/Header_Gruppe.jpg?fit=1200%2C281&ssl=1&resize=350%2C200","width":350,"height":200,"srcset":"https:\/\/i0.wp.com\/www.quartier-waldacker.de\/wp-content\/uploads\/2023\/03\/Header_Gruppe.jpg?fit=1200%2C281&ssl=1&resize=350%2C200 1x, https:\/\/i0.wp.com\/www.quartier-waldacker.de\/wp-content\/uploads\/2023\/03\/Header_Gruppe.jpg?fit=1200%2C281&ssl=1&resize=525%2C300 1.5x, https:\/\/i0.wp.com\/www.quartier-waldacker.de\/wp-content\/uploads\/2023\/03\/Header_Gruppe.jpg?fit=1200%2C281&ssl=1&resize=700%2C400 2x, https:\/\/i0.wp.com\/www.quartier-waldacker.de\/wp-content\/uploads\/2023\/03\/Header_Gruppe.jpg?fit=1200%2C281&ssl=1&resize=1050%2C600 3x"},"classes":[]},{"id":26497,"url":"https:\/\/www.quartier-waldacker.de\/?p=26497","url_meta":{"origin":23604,"position":1},"title":"Quartiers-Radler starten in die 11. Saison!","author":"admin","date":"17. Februar 2025","format":false,"excerpt":"Wie schon seit einigen Jahren trafen sich die Radlerinnen und Radler der Stadtteilgruppe Waldacker Mitte Februar 2025, dieses Jahr am 15. Februar, zum obligatorischen Auftakttreffen im Schillerhaus in Urberach. Zu diesem Treffen haben eingeladen die Organisatoren Gerhard Elsesser und Reinhold Harnoth. F\u00fcr die Gestaltung des Nachmittags konnten die Organisatoren die\u2026","rel":"","context":"In &quot;AG-Radfahren&quot;","block_context":{"text":"AG-Radfahren","link":"https:\/\/www.quartier-waldacker.de\/?cat=202"},"img":{"alt_text":"","src":"https:\/\/i0.wp.com\/www.quartier-waldacker.de\/wp-content\/uploads\/2025\/02\/ezgif.com-animated-gif-maker1.gif?fit=1200%2C281&ssl=1&resize=350%2C200","width":350,"height":200,"srcset":"https:\/\/i0.wp.com\/www.quartier-waldacker.de\/wp-content\/uploads\/2025\/02\/ezgif.com-animated-gif-maker1.gif?fit=1200%2C281&ssl=1&resize=350%2C200 1x, https:\/\/i0.wp.com\/www.quartier-waldacker.de\/wp-content\/uploads\/2025\/02\/ezgif.com-animated-gif-maker1.gif?fit=1200%2C281&ssl=1&resize=525%2C300 1.5x, https:\/\/i0.wp.com\/www.quartier-waldacker.de\/wp-content\/uploads\/2025\/02\/ezgif.com-animated-gif-maker1.gif?fit=1200%2C281&ssl=1&resize=700%2C400 2x, https:\/\/i0.wp.com\/www.quartier-waldacker.de\/wp-content\/uploads\/2025\/02\/ezgif.com-animated-gif-maker1.gif?fit=1200%2C281&ssl=1&resize=1050%2C600 3x"},"classes":[]},{"id":22629,"url":"https:\/\/www.quartier-waldacker.de\/?p=22629","url_meta":{"origin":23604,"position":2},"title":"Radtour \u00fcber Mainflingen nach Alzenau (65 km)Rad","author":"admin","date":"4. Juni 2023","format":false,"excerpt":"Die Radtour startete bei bestem Wetter mit blauem Himmel und Sonnenschein. Nur der kalte Wind \u00fcberraschte einige Teilnehmerinnen und Teilnehmer. 15 Radler machten sich vom 2 Treffpunkt an den Rentnerb\u00e4nken auf den Weg. Zuerst \u00fcber Dudenhofen, dann \u00fcber den Herbert Klee Weg nach Zellhausen und weiter nach Mainflingen. \u00dcber die\u2026","rel":"","context":"In &quot;Radtouren&quot;","block_context":{"text":"Radtouren","link":"https:\/\/www.quartier-waldacker.de\/?cat=126"},"img":{"alt_text":"","src":"https:\/\/i0.wp.com\/www.quartier-waldacker.de\/wp-content\/uploads\/2023\/03\/Header_Gruppe.jpg?fit=1200%2C281&ssl=1&resize=350%2C200","width":350,"height":200,"srcset":"https:\/\/i0.wp.com\/www.quartier-waldacker.de\/wp-content\/uploads\/2023\/03\/Header_Gruppe.jpg?fit=1200%2C281&ssl=1&resize=350%2C200 1x, https:\/\/i0.wp.com\/www.quartier-waldacker.de\/wp-content\/uploads\/2023\/03\/Header_Gruppe.jpg?fit=1200%2C281&ssl=1&resize=525%2C300 1.5x, https:\/\/i0.wp.com\/www.quartier-waldacker.de\/wp-content\/uploads\/2023\/03\/Header_Gruppe.jpg?fit=1200%2C281&ssl=1&resize=700%2C400 2x, https:\/\/i0.wp.com\/www.quartier-waldacker.de\/wp-content\/uploads\/2023\/03\/Header_Gruppe.jpg?fit=1200%2C281&ssl=1&resize=1050%2C600 3x"},"classes":[]},{"id":19526,"url":"https:\/\/www.quartier-waldacker.de\/?p=19526","url_meta":{"origin":23604,"position":3},"title":"Radsaison 2019 ist beendet","author":"admin","date":"24. November 2019","format":"image","excerpt":"Die allj\u00e4hrliche Saison der Radfahrer der Quartiersgruppe Waldacker beginnt und endet mit dem WumboR Rundweg. Am 22. Nov. gingen 20 unentwegte Radfahrer bei nass kaltem Wetter auf die letzte Tour. Anschlie\u00dfenden trafen sich die Biker\/innen in der Gastst\u00e4tte \u201eZum L\u00f6wen\u201c zu einer kleinen Abschluss Feier mit Ehrung der Meistteilnehmenden und\u2026","rel":"","context":"In &quot;AG-Radfahren&quot;","block_context":{"text":"AG-Radfahren","link":"https:\/\/www.quartier-waldacker.de\/?cat=202"},"img":{"alt_text":"","src":"https:\/\/i0.wp.com\/www.quartier-waldacker.de\/wp-content\/uploads\/2019\/11\/WA_Quartier_Rad_Abschluss19_02-300x203.jpg?resize=350%2C200&ssl=1","width":350,"height":200},"classes":[]},{"id":25968,"url":"https:\/\/www.quartier-waldacker.de\/?p=25968","url_meta":{"origin":23604,"position":4},"title":"Saisonausklang bei den Quartierradlern-Waldacker","author":"Johannes","date":"16. November 2024","format":false,"excerpt":"StartBei etwas nebligem Wetter und Temperaturen um die 10 Grad Celsius trafen sich am 15. November 20 Radlerinnen und Radler am 50. Breitengrad bei Waldacker zur letzten Radtour der Saison 2024. Gerhard Elsesser, der die heutige Tour geplant und organisiert hatte, erkl\u00e4rte kurz den Verlauf der Tour und schon ging\u2026","rel":"","context":"In &quot;Radtouren&quot;","block_context":{"text":"Radtouren","link":"https:\/\/www.quartier-waldacker.de\/?cat=126"},"img":{"alt_text":"","src":"https:\/\/i0.wp.com\/www.quartier-waldacker.de\/wp-content\/uploads\/2017\/03\/Header_Gruppe_2024_ab2024.jpg?fit=1200%2C281&ssl=1&resize=350%2C200","width":350,"height":200,"srcset":"https:\/\/i0.wp.com\/www.quartier-waldacker.de\/wp-content\/uploads\/2017\/03\/Header_Gruppe_2024_ab2024.jpg?fit=1200%2C281&ssl=1&resize=350%2C200 1x, https:\/\/i0.wp.com\/www.quartier-waldacker.de\/wp-content\/uploads\/2017\/03\/Header_Gruppe_2024_ab2024.jpg?fit=1200%2C281&ssl=1&resize=525%2C300 1.5x, https:\/\/i0.wp.com\/www.quartier-waldacker.de\/wp-content\/uploads\/2017\/03\/Header_Gruppe_2024_ab2024.jpg?fit=1200%2C281&ssl=1&resize=700%2C400 2x, https:\/\/i0.wp.com\/www.quartier-waldacker.de\/wp-content\/uploads\/2017\/03\/Header_Gruppe_2024_ab2024.jpg?fit=1200%2C281&ssl=1&resize=1050%2C600 3x"},"classes":[]},{"id":22529,"url":"https:\/\/www.quartier-waldacker.de\/?p=22529","url_meta":{"origin":23604,"position":5},"title":"Radtour nach Kleinostheim (66 km)","author":"admin","date":"14. Mai 2023","format":false,"excerpt":"Dicke Wolken hingen am Freitag, 12. Mai 2023 am Himmel. Start war um 11 Uhr f\u00fcr die Waldackerer und Dietzenbacher am B\u00fcrgertreff. F\u00fcr die anderen Teilnehmerinnen und Teilnehmer ging es um 11.30 Uhr an den Rentnerb\u00e4nken bei Ober-Roden los. Auf den Weg nach Kleinostheim machten sich insgesamt 18 Radler. Unser\u2026","rel":"","context":"In &quot;Radtouren&quot;","block_context":{"text":"Radtouren","link":"https:\/\/www.quartier-waldacker.de\/?cat=126"},"img":{"alt_text":"","src":"https:\/\/i0.wp.com\/www.quartier-waldacker.de\/wp-content\/uploads\/2023\/03\/Header_Gruppe.jpg?fit=1200%2C281&ssl=1&resize=350%2C200","width":350,"height":200,"srcset":"https:\/\/i0.wp.com\/www.quartier-waldacker.de\/wp-content\/uploads\/2023\/03\/Header_Gruppe.jpg?fit=1200%2C281&ssl=1&resize=350%2C200 1x, https:\/\/i0.wp.com\/www.quartier-waldacker.de\/wp-content\/uploads\/2023\/03\/Header_Gruppe.jpg?fit=1200%2C281&ssl=1&resize=525%2C300 1.5x, https:\/\/i0.wp.com\/www.quartier-waldacker.de\/wp-content\/uploads\/2023\/03\/Header_Gruppe.jpg?fit=1200%2C281&ssl=1&resize=700%2C400 2x, https:\/\/i0.wp.com\/www.quartier-waldacker.de\/wp-content\/uploads\/2023\/03\/Header_Gruppe.jpg?fit=1200%2C281&ssl=1&resize=1050%2C600 3x"},"classes":[]}],"jetpack_sharing_enabled":true,"rttpg_featured_image_url":{"full":["https:\/\/i0.wp.com\/www.quartier-waldacker.de\/wp-content\/uploads\/2024\/03\/Header_Gruppe_2024sr1.jpg?fit=1280%2C300&ssl=1",1280,300,false],"landscape":["https:\/\/www.quartier-waldacker.de\/wp-content\/uploads\/2024\/03\/Header_Gruppe_2024sr1.jpg",1280,300,false],"portraits":["https:\/\/www.quartier-waldacker.de\/wp-content\/uploads\/2024\/03\/Header_Gruppe_2024sr1.jpg",1280,300,false],"thumbnail":["https:\/\/i0.wp.com\/www.quartier-waldacker.de\/wp-content\/uploads\/2024\/03\/Header_Gruppe_2024sr1.jpg?resize=150%2C150&ssl=1",150,150,true],"medium":["https:\/\/i0.wp.com\/www.quartier-waldacker.de\/wp-content\/uploads\/2024\/03\/Header_Gruppe_2024sr1.jpg?fit=300%2C70&ssl=1",300,70,true],"large":["https:\/\/i0.wp.com\/www.quartier-waldacker.de\/wp-content\/uploads\/2024\/03\/Header_Gruppe_2024sr1.jpg?fit=1024%2C240&ssl=1",1024,240,true],"1536x1536":["https:\/\/i0.wp.com\/www.quartier-waldacker.de\/wp-content\/uploads\/2024\/03\/Header_Gruppe_2024sr1.jpg?fit=1280%2C300&ssl=1",1280,300,true],"2048x2048":["https:\/\/i0.wp.com\/www.quartier-waldacker.de\/wp-content\/uploads\/2024\/03\/Header_Gruppe_2024sr1.jpg?fit=1280%2C300&ssl=1",1280,300,true]},"rttpg_author":{"display_name":"Johannes","author_link":"https:\/\/www.quartier-waldacker.de\/?author=5"},"rttpg_comment":2,"rttpg_category":"<a href=\"https:\/\/www.quartier-waldacker.de\/?cat=126\" rel=\"category\">Radtouren<\/a>","rttpg_excerpt":"Ohne den obligatorischen Startpunkt B\u00fcrgertreff Waldacker und ohne Presse fand der diesj\u00e4hrige Start in die neue Saison 2024 statt. Grund daf\u00fcr war, dass einige Teilnehmerinnen und Teilnehmer das Angebot des Schillerhauses \u201eFr\u00fchst\u00fcck im Schillerhaus\u201c, das dort jeden zweiten Freitag im Monat stattfindet, in Anspruch nahmen. Allgemeiner Start war um 12.30 Uhr. 15 Teilnehmerinnen und Teilnehmer&hellip;","_links":{"self":[{"href":"https:\/\/www.quartier-waldacker.de\/index.php?rest_route=\/wp\/v2\/posts\/23604","targetHints":{"allow":["GET"]}}],"collection":[{"href":"https:\/\/www.quartier-waldacker.de\/index.php?rest_route=\/wp\/v2\/posts"}],"about":[{"href":"https:\/\/www.quartier-waldacker.de\/index.php?rest_route=\/wp\/v2\/types\/post"}],"author":[{"embeddable":true,"href":"https:\/\/www.quartier-waldacker.de\/index.php?rest_route=\/wp\/v2\/users\/5"}],"replies":[{"embeddable":true,"href":"https:\/\/www.quartier-waldacker.de\/index.php?rest_route=%2Fwp%2Fv2%2Fcomments&post=23604"}],"version-history":[{"count":0,"href":"https:\/\/www.quartier-waldacker.de\/index.php?rest_route=\/wp\/v2\/posts\/23604\/revisions"}],"wp:featuredmedia":[{"embeddable":true,"href":"https:\/\/www.quartier-waldacker.de\/index.php?rest_route=\/wp\/v2\/media\/23636"}],"wp:attachment":[{"href":"https:\/\/www.quartier-waldacker.de\/index.php?rest_route=%2Fwp%2Fv2%2Fmedia&parent=23604"}],"wp:term":[{"taxonomy":"category","embeddable":true,"href":"https:\/\/www.quartier-waldacker.de\/index.php?rest_route=%2Fwp%2Fv2%2Fcategories&post=23604"},{"taxonomy":"post_tag","embeddable":true,"href":"https:\/\/www.quartier-waldacker.de\/index.php?rest_route=%2Fwp%2Fv2%2Ftags&post=23604"}],"curies":[{"name":"wp","href":"https:\/\/api.w.org\/{rel}","templated":true}]}}