{"id":23561,"date":"2024-02-25T15:29:34","date_gmt":"2024-02-25T14:29:34","guid":{"rendered":"https:\/\/www.quartier-waldacker.de\/?p=23561"},"modified":"2024-03-24T16:24:04","modified_gmt":"2024-03-24T15:24:04","slug":"saison-2023-beendet-start-frei-in-die-neue-saison-2024","status":"publish","type":"post","link":"https:\/\/www.quartier-waldacker.de\/?p=23561","title":{"rendered":"Saison 2023 beendet \u2013 Start frei in die neue Saison 2024"},"content":{"rendered":"\n<p>Bericht von J.Ohnesorg<\/p>\n\n\n\n<p><span style=\"font-size: 16px;\"><a href=\"https:\/\/i0.wp.com\/www.quartier-waldacker.de\/wp-content\/uploads\/2024\/02\/Nachm1.jpg?ssl=1\" target=\"_blank\" rel=\"noopener\"><img data-recalc-dims=\"1\" loading=\"lazy\" decoding=\"async\" class=\"alignleft\" src=\"https:\/\/i0.wp.com\/www.quartier-waldacker.de\/wp-content\/uploads\/2024\/02\/Nachm1.jpg?resize=219%2C164&#038;ssl=1\" alt=\"\" width=\"219\" height=\"164\" \/><\/a>Zu ihrem j\u00e4hrlichen Auftakttreffen trafen sich die Radler aus dem Quartier Waldacker am 24.02.2024 im Schillerhaus in Urberach. Die Organisatoren Gerhard Elsesser und Reinhold Harnoth hatten wieder f\u00fcr das leibliche Wohl gesorgt. Verschiedene Rindsw\u00fcrste und Salate, die von einigen Radlerinnen und Radler mitgebracht wurden, standen auf dem Speiseplan. Zur Untermalung des Nachmittags zeigte Reinhold Hornoth mehr als 1.300 Fotos aus der vergangenen Saison.<\/span><\/p>\n<p><span style=\"font-size: 16px;\">Gerhard Elsesser begr\u00fc\u00dfte die zahlreich erschienenen Teilnehmerinnen und Teilnehmer. In seiner Begr\u00fc\u00dfungsrede bedankte er sich f\u00fcr den positiven Verlauf der vergangenen Saison.<\/span><\/p>\n<p><span style=\"font-size: 16px;\">F\u00fcr den Start der Saison 2024 wurde Mitte M\u00e4rz (15.03.) ins Auge gefasst mit der Einschr\u00e4nkung wie ist die Wetterlage und wie sind die Waldwege befahrbar. Diese sind durch lang anhaltende Regenperioden v\u00f6llig aufgeweicht und teilweise nicht befahrbar. Ein definitiver Starttermin und Treffpunkt wird den Teilnehmern rechtzeitig per WhatsApp, Email, Presse und hier auf der Homepage <a href=\"https:\/\/www.quartier-waldacker.de\">www.Quartier-Waldacker.de<\/a> mitgeteilt.<\/span><\/p>\n<p><span style=\"font-size: 16px;\">Im Anschluss daran war die Er\u00f6ffnung des Buffets. W\u00e4hrend des Essens gab Reinhold Harnoth einige Leistungszahlen der vergangenen Saison bekannt.<\/span><\/p>\n<p><span style=\"font-size: 16px;\"><b>Hier die Zahlen:<\/b> Es wurden 32 Radtouren durchgef\u00fchrt, 4 Radtouren wurden wegen schlechtem Wetter abgesagt. An den Touren nahmen 46 verschiedene Radlerinnen und Radler teil. Eine Frau hat an allen 32 Touren teilgenommen. Insgesamt haben 618 Radfahrerinnen und Radfahrer teilgenommen. Das sind durchschnittlich 19,3 Radlerinnen und Radler pro Tour. Insgesamt wurden 2002 km zur\u00fcckgelegt, was einer durchschnittlichen Strecke von 62,5 km entspricht. Mit 94 km war die Tour durch das Kinzigtal die l\u00e4ngste. Und als Kr\u00f6nung der letzten Saison wurde der 1. Platz beim Stadtradeln erreicht.<\/span><\/p>\n<p><a href=\"https:\/\/i0.wp.com\/www.quartier-waldacker.de\/wp-content\/uploads\/2024\/02\/Rob2.jpg?ssl=1\" target=\"_blank\" rel=\"noopener\"><img data-recalc-dims=\"1\" loading=\"lazy\" decoding=\"async\" class=\"alignleft\" src=\"https:\/\/i0.wp.com\/www.quartier-waldacker.de\/wp-content\/uploads\/2024\/02\/Rob2.jpg?resize=112%2C150&#038;ssl=1\" alt=\"\" width=\"112\" height=\"150\" \/><\/a><span style=\"font-size: 16px;\">Nach dem Essen ging es zum allgemeinen Plausch \u00fcber. Man unterhielt sich \u00fcber Gott und die Welt. Der H\u00f6hepunkt des Nachmittags war dann die Vorf\u00fchrung von Horst Richter mit seinem Roboterhund. Dem er in der langen Zeit der Dunkelheit das Laufen beigebracht hat. Eine tolle Leistung! Gegen 20.00 Uhr l\u00f6ste sich die Gruppe auf. Dem Organisationsteam Gerhard Elsesser und Reinhold Harnoth war wieder einmal ein perfekter Nachmittag gelungen. Herzlichen Dank! Der Stadt R\u00f6dermark sei f\u00fcr die Ausstattung ebenfalls gedankt.<br \/><\/span><\/p>\n\n\n","protected":false},"excerpt":{"rendered":"<p>Bericht von J.Ohnesorg Zu ihrem j\u00e4hrlichen Auftakttreffen trafen sich die Radler aus dem Quartier Waldacker am 24.02.2024 im Schillerhaus in Urberach. Die Organisatoren Gerhard Elsesser und Reinhold Harnoth hatten wieder f\u00fcr das leibliche Wohl gesorgt. Verschiedene Rindsw\u00fcrste und Salate, die von einigen Radlerinnen und Radler mitgebracht wurden, standen auf dem Speiseplan. Zur Untermalung des Nachmittags &#8230; <a title=\"Saison 2023 beendet \u2013 Start frei in die neue Saison 2024\" class=\"read-more\" href=\"https:\/\/www.quartier-waldacker.de\/?p=23561\" aria-label=\"Mehr Informationen \u00fcber Saison 2023 beendet \u2013 Start frei in die neue Saison 2024\">Weiterlesen<\/a><\/p>\n","protected":false},"author":5,"featured_media":22240,"comment_status":"open","ping_status":"closed","sticky":false,"template":"","format":"standard","meta":{"generate_page_header":"","_jetpack_memberships_contains_paid_content":false,"footnotes":""},"categories":[202,1],"tags":[],"class_list":["post-23561","post","type-post","status-publish","format-standard","has-post-thumbnail","hentry","category-radfahren","category-uncategorized"],"jetpack_featured_media_url":"https:\/\/i0.wp.com\/www.quartier-waldacker.de\/wp-content\/uploads\/2023\/03\/Header_Gruppe.jpg?fit=1280%2C300&ssl=1","jetpack-related-posts":[{"id":26497,"url":"https:\/\/www.quartier-waldacker.de\/?p=26497","url_meta":{"origin":23561,"position":0},"title":"Quartiers-Radler starten in die 11. Saison!","author":"admin","date":"17. Februar 2025","format":false,"excerpt":"Wie schon seit einigen Jahren trafen sich die Radlerinnen und Radler der Stadtteilgruppe Waldacker Mitte Februar 2025, dieses Jahr am 15. Februar, zum obligatorischen Auftakttreffen im Schillerhaus in Urberach. Zu diesem Treffen haben eingeladen die Organisatoren Gerhard Elsesser und Reinhold Harnoth. F\u00fcr die Gestaltung des Nachmittags konnten die Organisatoren die\u2026","rel":"","context":"In &quot;AG-Radfahren&quot;","block_context":{"text":"AG-Radfahren","link":"https:\/\/www.quartier-waldacker.de\/?cat=202"},"img":{"alt_text":"","src":"https:\/\/i0.wp.com\/www.quartier-waldacker.de\/wp-content\/uploads\/2025\/02\/ezgif.com-animated-gif-maker1.gif?fit=1200%2C281&ssl=1&resize=350%2C200","width":350,"height":200,"srcset":"https:\/\/i0.wp.com\/www.quartier-waldacker.de\/wp-content\/uploads\/2025\/02\/ezgif.com-animated-gif-maker1.gif?fit=1200%2C281&ssl=1&resize=350%2C200 1x, https:\/\/i0.wp.com\/www.quartier-waldacker.de\/wp-content\/uploads\/2025\/02\/ezgif.com-animated-gif-maker1.gif?fit=1200%2C281&ssl=1&resize=525%2C300 1.5x, https:\/\/i0.wp.com\/www.quartier-waldacker.de\/wp-content\/uploads\/2025\/02\/ezgif.com-animated-gif-maker1.gif?fit=1200%2C281&ssl=1&resize=700%2C400 2x, https:\/\/i0.wp.com\/www.quartier-waldacker.de\/wp-content\/uploads\/2025\/02\/ezgif.com-animated-gif-maker1.gif?fit=1200%2C281&ssl=1&resize=1050%2C600 3x"},"classes":[]},{"id":27565,"url":"https:\/\/www.quartier-waldacker.de\/?p=27565","url_meta":{"origin":23561,"position":1},"title":"Fr\u00fchlingserwachen bei den Quartier-Waldacker-Radlern","author":"Johannes","date":"3. M\u00e4rz 2026","format":false,"excerpt":"Bei idealem Fr\u00fchlingswetter \u2013 dem perfekten \u201eRadlerwetter\u201c \u2013 kamen die Quartier-Waldacker-Radler am 28. Februar 2026 um 14 Uhr im Schillerhaus zu ihrem traditionellen Fr\u00fchjahrstreffen zusammen. Ein Organisationsteam hatte bereits Wochen vorher die Planung \u00fcbernommen und f\u00fcr ausreichend Getr\u00e4nke sowie das leibliche Wohl gesorgt.Auf dem Buffet fanden sich verschiedene Salate wie\u2026","rel":"","context":"In &quot;AG-Radfahren&quot;","block_context":{"text":"AG-Radfahren","link":"https:\/\/www.quartier-waldacker.de\/?cat=202"},"img":{"alt_text":"","src":"https:\/\/i0.wp.com\/www.quartier-waldacker.de\/wp-content\/uploads\/2026\/03\/Header_Gruppe_2026sr.jpg?fit=1200%2C281&ssl=1&resize=350%2C200","width":350,"height":200,"srcset":"https:\/\/i0.wp.com\/www.quartier-waldacker.de\/wp-content\/uploads\/2026\/03\/Header_Gruppe_2026sr.jpg?fit=1200%2C281&ssl=1&resize=350%2C200 1x, https:\/\/i0.wp.com\/www.quartier-waldacker.de\/wp-content\/uploads\/2026\/03\/Header_Gruppe_2026sr.jpg?fit=1200%2C281&ssl=1&resize=525%2C300 1.5x, https:\/\/i0.wp.com\/www.quartier-waldacker.de\/wp-content\/uploads\/2026\/03\/Header_Gruppe_2026sr.jpg?fit=1200%2C281&ssl=1&resize=700%2C400 2x, https:\/\/i0.wp.com\/www.quartier-waldacker.de\/wp-content\/uploads\/2026\/03\/Header_Gruppe_2026sr.jpg?fit=1200%2C281&ssl=1&resize=1050%2C600 3x"},"classes":[]},{"id":25968,"url":"https:\/\/www.quartier-waldacker.de\/?p=25968","url_meta":{"origin":23561,"position":2},"title":"Saisonausklang bei den Quartierradlern-Waldacker","author":"Johannes","date":"16. November 2024","format":false,"excerpt":"StartBei etwas nebligem Wetter und Temperaturen um die 10 Grad Celsius trafen sich am 15. November 20 Radlerinnen und Radler am 50. Breitengrad bei Waldacker zur letzten Radtour der Saison 2024. Gerhard Elsesser, der die heutige Tour geplant und organisiert hatte, erkl\u00e4rte kurz den Verlauf der Tour und schon ging\u2026","rel":"","context":"In &quot;Radtouren&quot;","block_context":{"text":"Radtouren","link":"https:\/\/www.quartier-waldacker.de\/?cat=126"},"img":{"alt_text":"","src":"https:\/\/i0.wp.com\/www.quartier-waldacker.de\/wp-content\/uploads\/2017\/03\/Header_Gruppe_2024_ab2024.jpg?fit=1200%2C281&ssl=1&resize=350%2C200","width":350,"height":200,"srcset":"https:\/\/i0.wp.com\/www.quartier-waldacker.de\/wp-content\/uploads\/2017\/03\/Header_Gruppe_2024_ab2024.jpg?fit=1200%2C281&ssl=1&resize=350%2C200 1x, https:\/\/i0.wp.com\/www.quartier-waldacker.de\/wp-content\/uploads\/2017\/03\/Header_Gruppe_2024_ab2024.jpg?fit=1200%2C281&ssl=1&resize=525%2C300 1.5x, https:\/\/i0.wp.com\/www.quartier-waldacker.de\/wp-content\/uploads\/2017\/03\/Header_Gruppe_2024_ab2024.jpg?fit=1200%2C281&ssl=1&resize=700%2C400 2x, https:\/\/i0.wp.com\/www.quartier-waldacker.de\/wp-content\/uploads\/2017\/03\/Header_Gruppe_2024_ab2024.jpg?fit=1200%2C281&ssl=1&resize=1050%2C600 3x"},"classes":[]},{"id":20491,"url":"https:\/\/www.quartier-waldacker.de\/?p=20491","url_meta":{"origin":23561,"position":3},"title":"Trotz allem eine erfolgreiche Radler-Saison!","author":"admin","date":"14. November 2021","format":"image","excerpt":"Begonnen hat die diesj\u00e4hrige Radfahr-Saison Corona bedingt erst am 14 Mai mit 20 Radfahrhungrigen nach Babenhausen\/Stockstadt.\u00a0 Selbstverpflegung war angesagt da die Gartenlokalit\u00e4ten wegen den zu diesen Zeitpunkt bestehenden Einschr\u00e4nkungen geschlossen waren. Ab Juni bis Ende Oktober auf Grund der g\u00fcnstigeren Corona Bestimmungen war eine Einkehr in der Au\u00dfen-Gastronomie m\u00f6glich und\u2026","rel":"","context":"In &quot;AG-Radfahren&quot;","block_context":{"text":"AG-Radfahren","link":"https:\/\/www.quartier-waldacker.de\/?cat=202"},"img":{"alt_text":"","src":"https:\/\/i0.wp.com\/www.quartier-waldacker.de\/wp-content\/uploads\/2021\/07\/RadHead_neu.jpg?fit=1200%2C281&ssl=1&resize=350%2C200","width":350,"height":200,"srcset":"https:\/\/i0.wp.com\/www.quartier-waldacker.de\/wp-content\/uploads\/2021\/07\/RadHead_neu.jpg?fit=1200%2C281&ssl=1&resize=350%2C200 1x, https:\/\/i0.wp.com\/www.quartier-waldacker.de\/wp-content\/uploads\/2021\/07\/RadHead_neu.jpg?fit=1200%2C281&ssl=1&resize=525%2C300 1.5x, https:\/\/i0.wp.com\/www.quartier-waldacker.de\/wp-content\/uploads\/2021\/07\/RadHead_neu.jpg?fit=1200%2C281&ssl=1&resize=700%2C400 2x, https:\/\/i0.wp.com\/www.quartier-waldacker.de\/wp-content\/uploads\/2021\/07\/RadHead_neu.jpg?fit=1200%2C281&ssl=1&resize=1050%2C600 3x"},"classes":[]},{"id":27378,"url":"https:\/\/www.quartier-waldacker.de\/?p=27378","url_meta":{"origin":23561,"position":4},"title":"Die Radler der Quartiers-Gruppe beenden die Saison 2025","author":"Johannes","date":"16. November 2025","format":false,"excerpt":"Bei noch vergleichsweise guten Wetterbedingungen traten am 14.11.2025 22 Radlerinnen und Radler ihre letzte Radtour f\u00fcr das Jahr 2025 an. Heute stand jedoch nur eine kleine Tour auf dem Programm, denn um 12 Uhr war ein Essen im Restaurant Sterkel geplant. Auch Frau Ziesecke von der \u201eOffenbach Post\u201d war beim\u2026","rel":"","context":"In &quot;Radtouren&quot;","block_context":{"text":"Radtouren","link":"https:\/\/www.quartier-waldacker.de\/?cat=126"},"img":{"alt_text":"","src":"https:\/\/i0.wp.com\/www.quartier-waldacker.de\/wp-content\/uploads\/2025\/03\/Header_Gruppe_2025sr.jpg?fit=1200%2C281&ssl=1&resize=350%2C200","width":350,"height":200,"srcset":"https:\/\/i0.wp.com\/www.quartier-waldacker.de\/wp-content\/uploads\/2025\/03\/Header_Gruppe_2025sr.jpg?fit=1200%2C281&ssl=1&resize=350%2C200 1x, https:\/\/i0.wp.com\/www.quartier-waldacker.de\/wp-content\/uploads\/2025\/03\/Header_Gruppe_2025sr.jpg?fit=1200%2C281&ssl=1&resize=525%2C300 1.5x, https:\/\/i0.wp.com\/www.quartier-waldacker.de\/wp-content\/uploads\/2025\/03\/Header_Gruppe_2025sr.jpg?fit=1200%2C281&ssl=1&resize=700%2C400 2x, https:\/\/i0.wp.com\/www.quartier-waldacker.de\/wp-content\/uploads\/2025\/03\/Header_Gruppe_2025sr.jpg?fit=1200%2C281&ssl=1&resize=1050%2C600 3x"},"classes":[]},{"id":22109,"url":"https:\/\/www.quartier-waldacker.de\/?p=22109","url_meta":{"origin":23561,"position":5},"title":"Jahresabschluss Feier 2022 der Radgruppe Quartier-Waldacker","author":"admin","date":"16. Februar 2023","format":false,"excerpt":"Die Jahresabschluss Feier 2022 der Radler fand am 11.02.2023 um 15 Uhr im Schillerhaus in Urberach statt. Die Stadt R\u00f6dermark hat der Radgruppe die R\u00e4umlichkeit unentgeltlich zur Verf\u00fcgung gestellt. Gerhard Elsesser er\u00f6ffnete die kleine Feier und dankte den anwesenden 27 Radlern und deren teilweise mitanwesenden Ehepartner f\u00fcr ihr Erscheinen. Danach\u2026","rel":"","context":"In &quot;AG-Radfahren&quot;","block_context":{"text":"AG-Radfahren","link":"https:\/\/www.quartier-waldacker.de\/?cat=202"},"img":{"alt_text":"","src":"https:\/\/i0.wp.com\/www.quartier-waldacker.de\/wp-content\/uploads\/2021\/07\/RadHead_neu.jpg?fit=1200%2C281&ssl=1&resize=350%2C200","width":350,"height":200,"srcset":"https:\/\/i0.wp.com\/www.quartier-waldacker.de\/wp-content\/uploads\/2021\/07\/RadHead_neu.jpg?fit=1200%2C281&ssl=1&resize=350%2C200 1x, https:\/\/i0.wp.com\/www.quartier-waldacker.de\/wp-content\/uploads\/2021\/07\/RadHead_neu.jpg?fit=1200%2C281&ssl=1&resize=525%2C300 1.5x, https:\/\/i0.wp.com\/www.quartier-waldacker.de\/wp-content\/uploads\/2021\/07\/RadHead_neu.jpg?fit=1200%2C281&ssl=1&resize=700%2C400 2x, https:\/\/i0.wp.com\/www.quartier-waldacker.de\/wp-content\/uploads\/2021\/07\/RadHead_neu.jpg?fit=1200%2C281&ssl=1&resize=1050%2C600 3x"},"classes":[]}],"jetpack_sharing_enabled":true,"rttpg_featured_image_url":{"full":["https:\/\/i0.wp.com\/www.quartier-waldacker.de\/wp-content\/uploads\/2023\/03\/Header_Gruppe.jpg?fit=1280%2C300&ssl=1",1280,300,false],"landscape":["https:\/\/www.quartier-waldacker.de\/wp-content\/uploads\/2023\/03\/Header_Gruppe.jpg",1280,300,false],"portraits":["https:\/\/www.quartier-waldacker.de\/wp-content\/uploads\/2023\/03\/Header_Gruppe.jpg",1280,300,false],"thumbnail":["https:\/\/i0.wp.com\/www.quartier-waldacker.de\/wp-content\/uploads\/2023\/03\/Header_Gruppe.jpg?resize=150%2C150&ssl=1",150,150,true],"medium":["https:\/\/i0.wp.com\/www.quartier-waldacker.de\/wp-content\/uploads\/2023\/03\/Header_Gruppe.jpg?fit=300%2C70&ssl=1",300,70,true],"large":["https:\/\/i0.wp.com\/www.quartier-waldacker.de\/wp-content\/uploads\/2023\/03\/Header_Gruppe.jpg?fit=1024%2C240&ssl=1",1024,240,true],"1536x1536":["https:\/\/i0.wp.com\/www.quartier-waldacker.de\/wp-content\/uploads\/2023\/03\/Header_Gruppe.jpg?fit=1280%2C300&ssl=1",1280,300,true],"2048x2048":["https:\/\/i0.wp.com\/www.quartier-waldacker.de\/wp-content\/uploads\/2023\/03\/Header_Gruppe.jpg?fit=1280%2C300&ssl=1",1280,300,true]},"rttpg_author":{"display_name":"Johannes","author_link":"https:\/\/www.quartier-waldacker.de\/?author=5"},"rttpg_comment":1,"rttpg_category":"<a href=\"https:\/\/www.quartier-waldacker.de\/?cat=202\" rel=\"category\">AG-Radfahren<\/a> <a href=\"https:\/\/www.quartier-waldacker.de\/?cat=1\" rel=\"category\">Allgemein<\/a>","rttpg_excerpt":"Bericht von J.Ohnesorg Zu ihrem j\u00e4hrlichen Auftakttreffen trafen sich die Radler aus dem Quartier Waldacker am 24.02.2024 im Schillerhaus in Urberach. Die Organisatoren Gerhard Elsesser und Reinhold Harnoth hatten wieder f\u00fcr das leibliche Wohl gesorgt. Verschiedene Rindsw\u00fcrste und Salate, die von einigen Radlerinnen und Radler mitgebracht wurden, standen auf dem Speiseplan. Zur Untermalung des Nachmittags&hellip;","_links":{"self":[{"href":"https:\/\/www.quartier-waldacker.de\/index.php?rest_route=\/wp\/v2\/posts\/23561","targetHints":{"allow":["GET"]}}],"collection":[{"href":"https:\/\/www.quartier-waldacker.de\/index.php?rest_route=\/wp\/v2\/posts"}],"about":[{"href":"https:\/\/www.quartier-waldacker.de\/index.php?rest_route=\/wp\/v2\/types\/post"}],"author":[{"embeddable":true,"href":"https:\/\/www.quartier-waldacker.de\/index.php?rest_route=\/wp\/v2\/users\/5"}],"replies":[{"embeddable":true,"href":"https:\/\/www.quartier-waldacker.de\/index.php?rest_route=%2Fwp%2Fv2%2Fcomments&post=23561"}],"version-history":[{"count":0,"href":"https:\/\/www.quartier-waldacker.de\/index.php?rest_route=\/wp\/v2\/posts\/23561\/revisions"}],"wp:featuredmedia":[{"embeddable":true,"href":"https:\/\/www.quartier-waldacker.de\/index.php?rest_route=\/wp\/v2\/media\/22240"}],"wp:attachment":[{"href":"https:\/\/www.quartier-waldacker.de\/index.php?rest_route=%2Fwp%2Fv2%2Fmedia&parent=23561"}],"wp:term":[{"taxonomy":"category","embeddable":true,"href":"https:\/\/www.quartier-waldacker.de\/index.php?rest_route=%2Fwp%2Fv2%2Fcategories&post=23561"},{"taxonomy":"post_tag","embeddable":true,"href":"https:\/\/www.quartier-waldacker.de\/index.php?rest_route=%2Fwp%2Fv2%2Ftags&post=23561"}],"curies":[{"name":"wp","href":"https:\/\/api.w.org\/{rel}","templated":true}]}}