{"id":23526,"date":"2024-02-19T10:35:47","date_gmt":"2024-02-19T09:35:47","guid":{"rendered":"https:\/\/www.quartier-waldacker.de\/?p=23526"},"modified":"2024-06-01T15:19:48","modified_gmt":"2024-06-01T13:19:48","slug":"gegen-einsamkeit-und-soziale-isolation","status":"publish","type":"post","link":"https:\/\/www.quartier-waldacker.de\/?p=23526","title":{"rendered":"Gegen Einsamkeit und soziale Isolation"},"content":{"rendered":"\n<p class=\"has-medium-font-size\"><strong>Ein Beitrag der Quartiersaktivistin Annemarie Eck!<\/strong><\/p>\n\n\n\n<p><img data-recalc-dims=\"1\" loading=\"lazy\" decoding=\"async\" class=\"alignleft\" src=\"https:\/\/i0.wp.com\/www.quartier-waldacker.de\/wp-content\/uploads\/2024\/02\/Annem_01.jpg?resize=86%2C108&#038;ssl=1\" alt=\"\" width=\"86\" height=\"108\" \/><span style=\"font-size: 20px;\">Durch verschiedene Ereignisse in der letzten Zeit ist mir erst richtig bewusst geworden, was die Stadtteilgruppen, auch Quartiersgruppen genannt, alles f\u00fcr die Menschen in R\u00f6dermark leisten. Das Angebot der Quartiersgruppe Waldacker z.B. umfasst folgende Aktivit\u00e4ten:<\/span><\/p>\n\n\n\n<ul class=\"wp-block-list\">\n<li class=\"has-medium-font-size\">Treffen jeden 1. Dienstag im Monat im <a href=\"https:\/\/www.quartier-waldacker.de\/?location=waldacker\">B\u00fcrgertreff Waldacker<\/a><\/li>\n\n\n\n<li class=\"has-medium-font-size\">PC-Kurse f\u00fcr Seniorinnen und Senioren<\/li>\n\n\n\n<li class=\"has-medium-font-size\">Pflege der Gr\u00fcnfl\u00e4che an der Ortseinfahrt<\/li>\n\n\n\n<li class=\"has-medium-font-size\">von Fr\u00fchjahr bis Herbst jeden Freitag Fahrradtouren<\/li>\n\n\n\n<li class=\"has-medium-font-size\">Nordic Walking jeden Freitag<\/li>\n\n\n\n<li class=\"has-medium-font-size\">SpaWa (Spazier-Wandern) jeden Donnerstag<\/li>\n\n\n\n<li class=\"has-medium-font-size\">von Fr\u00fchjahr bis Herbst jeden Freitag Boule<\/li>\n\n\n\n<li class=\"has-medium-font-size\">Qi Gong im <a href=\"https:\/\/www.quartier-waldacker.de\/?location=waldacker\">B\u00fcrgertreff Waldacker<\/a><\/li>\n\n\n\n<li class=\"has-medium-font-size\">Museumsbesuche<\/li>\n\n\n\n<li class=\"has-medium-font-size\">alle 2 Wochen gemeinsam in der Gruppe Essen gehen<\/li>\n<\/ul>\n\n\n\n<p class=\"has-medium-font-size\">Mit all diesen M\u00f6glichkeiten bieten wir den B\u00fcrgerinnen und B\u00fcrgern die Gelegenheit, andere Menschen kennen zu lernen und gemeinsam Spa\u00df zu haben. Auf unserer Homepage <a href=\"https:\/\/www.Quartier-Waldacker.de\">https:\/\/www.Quartier-Waldacker.de<\/a> und unserer Facebook-Seite <a href=\"https:\/\/www.facebook.com\/groups\/585915016950290\">Quartier-Waldacker.de<\/a> finden Sie weitere Informationen und Termine.<\/p>\n\n\n\n<p class=\"has-medium-font-size\">Fr\u00fcher kannte ich in R\u00f6dermark nur die Leute aus meiner unmittelbaren Nachbarschaft. Seitdem ich in der Quartiersgruppe Waldacker mitmache und an den Aktivit\u00e4ten teilnehme, habe ich einen gro\u00dfen, guten und netten Bekanntenkreis. Es wird nicht nur gemeinsam etwas unternommen, sondern man holt sich auch Rat und hilft sich gegenseitig<\/p>\n\n\n\n<p class=\"has-medium-font-size\"><strong>Ein Beispiel:<\/strong> Bei einer Veranstaltung kam ich mit meiner Nachbarin ins Gespr\u00e4ch und erz\u00e4hlte ihr, dass wir alle 2 Wochen in wechselnden Lokalen zum Essen gehen <strong><em>&#8220;Kulinarische Reise in und um R\u00f6dermark&#8221;<\/em><\/strong>. Da wollte sie gerne mitmachen. So kam es, dass sie eine Frau kennen lernte, die unsere <strong><em>Nordic Walking<\/em><\/strong> Gruppe leitet = sie ist dabei. Als n\u00e4chstes erfuhr sie beim Essen im Gespr\u00e4ch, dass es in R\u00f6dermark eine Handarbeitsgruppe gibt, da war sie dann auch dabei. Auf diese Art und Weise ergeben sich &#8211; wenn man will &#8211; viele weitere M\u00f6glichkeiten.<\/p>\n\n\n\n<p class=\"has-medium-font-size\">Gegen die zunehmende Vereinsamung gibt es u.a. Programme des Bundesministeriums f\u00fcr Familie, Senioren, Frauen und Jugend. Es gibt sogar ein Bundesmodellprogramm mit Mitteln der Europ\u00e4ischen Union &#8220;<a href=\"https:\/\/www.esf.de\/portal\/DE\/ESF-Plus-2021-2027\/Foerderprogramme\/bmfsfj\/staerkung_aeltere.html\">St\u00e4rkung der Teilhabe \u00e4lterer Menschen &#8211; Wege aus der Einsamkeit und sozialen Isolation im Alter<\/a>&#8220;.<\/p>\n\n\n\n<p class=\"has-medium-font-size\">Das leisten wir als Quartiersgruppen schon lange ehrenamtlich f\u00fcr unsere Stadtteile und nicht nur &#8211; aber auch &#8211; f\u00fcr \u00e4ltere Menschen.<\/p>\n\n\n\n<p class=\"has-medium-font-size\">Mit dieser Publikation verbinde ich die Hoffnung, dass noch mehr Menschen auf die M\u00f6glichkeiten aufmerksam werden, die es hier bei uns gibt.<\/p>\n","protected":false},"excerpt":{"rendered":"<p>Ein Beitrag der Quartiersaktivistin Annemarie Eck! Durch verschiedene Ereignisse in der letzten Zeit ist mir erst richtig bewusst geworden, was die Stadtteilgruppen, auch Quartiersgruppen genannt, alles f\u00fcr die Menschen in R\u00f6dermark leisten. Das Angebot der Quartiersgruppe Waldacker z.B. umfasst folgende Aktivit\u00e4ten: Mit all diesen M\u00f6glichkeiten bieten wir den B\u00fcrgerinnen und B\u00fcrgern die Gelegenheit, andere Menschen &#8230; <a title=\"Gegen Einsamkeit und soziale Isolation\" class=\"read-more\" href=\"https:\/\/www.quartier-waldacker.de\/?p=23526\" aria-label=\"Mehr Informationen \u00fcber Gegen Einsamkeit und soziale Isolation\">Weiterlesen<\/a><\/p>\n","protected":false},"author":93,"featured_media":23529,"comment_status":"open","ping_status":"closed","sticky":false,"template":"","format":"standard","meta":{"generate_page_header":"","_jetpack_memberships_contains_paid_content":false,"footnotes":""},"categories":[184],"tags":[310,311,312],"class_list":["post-23526","post","type-post","status-publish","format-standard","has-post-thumbnail","hentry","category-buergerschaftliches-engagement","tag-einsamkeit","tag-sozial","tag-soziales-engagement"],"jetpack_featured_media_url":"https:\/\/i0.wp.com\/www.quartier-waldacker.de\/wp-content\/uploads\/2024\/02\/Header_annm780.jpg?fit=780%2C300&ssl=1","jetpack-related-posts":[{"id":25237,"url":"https:\/\/www.quartier-waldacker.de\/?p=25237","url_meta":{"origin":23526,"position":0},"title":"35 Jahre B\u00fcrgertreff Waldacker","author":"Johannes","date":"14. September 2024","format":false,"excerpt":"Der B\u00fcrgertreff Waldacker ist ein stadtteil\u00fcbergreifender Treffpunkt f\u00fcr Jung und Alt und erfreut die Waldackerer. Am 14. August 1989 fand die offizielle \u00dcbergabe des B\u00fcrgertreffs in Waldacker durch den Architekten Hans Lang statt. Die Quartiersmanagerin Andrea Sobanski, hat zusammen mit ihrem Team das etwas versp\u00e4tete Jubil\u00e4um f\u00fcr den 7. September\u2026","rel":"","context":"In &quot;AG-B\u00fcrgertreff&quot;","block_context":{"text":"AG-B\u00fcrgertreff","link":"https:\/\/www.quartier-waldacker.de\/?cat=192"},"img":{"alt_text":"","src":"https:\/\/i0.wp.com\/www.quartier-waldacker.de\/wp-content\/uploads\/2024\/09\/35-Jahre-Buergertreff.jpg?fit=1200%2C281&ssl=1&resize=350%2C200","width":350,"height":200,"srcset":"https:\/\/i0.wp.com\/www.quartier-waldacker.de\/wp-content\/uploads\/2024\/09\/35-Jahre-Buergertreff.jpg?fit=1200%2C281&ssl=1&resize=350%2C200 1x, https:\/\/i0.wp.com\/www.quartier-waldacker.de\/wp-content\/uploads\/2024\/09\/35-Jahre-Buergertreff.jpg?fit=1200%2C281&ssl=1&resize=525%2C300 1.5x, https:\/\/i0.wp.com\/www.quartier-waldacker.de\/wp-content\/uploads\/2024\/09\/35-Jahre-Buergertreff.jpg?fit=1200%2C281&ssl=1&resize=700%2C400 2x, https:\/\/i0.wp.com\/www.quartier-waldacker.de\/wp-content\/uploads\/2024\/09\/35-Jahre-Buergertreff.jpg?fit=1200%2C281&ssl=1&resize=1050%2C600 3x"},"classes":[]},{"id":7846,"url":"https:\/\/www.quartier-waldacker.de\/?p=7846","url_meta":{"origin":23526,"position":1},"title":"Waldacker hat gefeiert \u2013 Ein Streifzug durch die Festmeile.","author":"Johannes","date":"23. Juni 2015","format":false,"excerpt":"Vier Stunden Aufbauarbeiten, rund um Waldacker dicke Regenwolken jedoch in Waldacker selbst bestes Wetter zum Feiern. Bei angenehmen Temperaturen und herzliche einleitende Worte von B\u00fcrgermeister Roland Kern, Erster Stadtrat J\u00f6rg Rotter und Quartierssprecherin Marisa Haring startete die Quartiersgruppe Waldacker ihr zweites Stadtteilfest. Von der Amselstra\u00dfe bis Lindenweg wurde ein buntes\u2026","rel":"","context":"In &quot;Feste&quot;","block_context":{"text":"Feste","link":"https:\/\/www.quartier-waldacker.de\/?cat=16"},"img":{"alt_text":"Foto: Christine Ziesecke","src":"https:\/\/i0.wp.com\/www.quartier-waldacker.de\/wp-content\/uploads\/2015\/06\/WA_32-200x300.jpg?resize=350%2C200&ssl=1","width":350,"height":200},"classes":[]},{"id":26573,"url":"https:\/\/www.quartier-waldacker.de\/?p=26573","url_meta":{"origin":23526,"position":2},"title":"Siedlergemeinschaft und die Quartiersgruppe treffen sich!","author":"admin","date":"16. M\u00e4rz 2025","format":false,"excerpt":"Ein Beitrag von Silvia Rebell Am Mittwoch, den 12. M\u00e4rz, fand ein sch\u00f6nes und inspirierendes Zusammentreffen der\u00a0Quartiersgruppe Waldacker und\u00a0der\u00a0Siedlergemeinschaft R\u00f6dermark-Waldacker\u00a0statt. In geselliger Runde kamen nicht nur die\u00a0aktiven Seniorinnen und Senioren zusammen, die sich bereits mit gro\u00dfem Engagement in der Quartiersarbeit einbringen. Sie gestalten regelm\u00e4\u00dfig Programme und Veranstaltungen, die auf ihre\u2026","rel":"","context":"In \"2025\"","block_context":{"text":"2025","link":"https:\/\/www.quartier-waldacker.de\/?tag=2025"},"img":{"alt_text":"","src":"https:\/\/i0.wp.com\/www.quartier-waldacker.de\/wp-content\/uploads\/2025\/03\/Headers_gemeinsam1280.jpg?fit=1200%2C281&ssl=1&resize=350%2C200","width":350,"height":200,"srcset":"https:\/\/i0.wp.com\/www.quartier-waldacker.de\/wp-content\/uploads\/2025\/03\/Headers_gemeinsam1280.jpg?fit=1200%2C281&ssl=1&resize=350%2C200 1x, https:\/\/i0.wp.com\/www.quartier-waldacker.de\/wp-content\/uploads\/2025\/03\/Headers_gemeinsam1280.jpg?fit=1200%2C281&ssl=1&resize=525%2C300 1.5x, https:\/\/i0.wp.com\/www.quartier-waldacker.de\/wp-content\/uploads\/2025\/03\/Headers_gemeinsam1280.jpg?fit=1200%2C281&ssl=1&resize=700%2C400 2x, https:\/\/i0.wp.com\/www.quartier-waldacker.de\/wp-content\/uploads\/2025\/03\/Headers_gemeinsam1280.jpg?fit=1200%2C281&ssl=1&resize=1050%2C600 3x"},"classes":[]},{"id":7807,"url":"https:\/\/www.quartier-waldacker.de\/?p=7807","url_meta":{"origin":23526,"position":3},"title":"Waldacker feiert in und um den B\u00fcrgertreff","author":"Johannes","date":"1. Juni 2015","format":false,"excerpt":"Die Quartiersgruppe Waldacker organisiert und feiert, unter der Schirmherrschaft von B\u00fcrgermeister Roland Kern, mit ans\u00e4ssigen Vereinen, Initiativen und Gemeinschaften aus Waldacker ein B\u00fcrgerfest in und um den B\u00fcrgertreff. Das Fest findet am\u00a0 Samstag den13.06.2015 von 12 bis 18 Uhr statt. Nach dem gro\u00dfartigen Erfolg des Stra\u00dfenfestes im Oktober 2012 soll\u2026","rel":"","context":"In &quot;Feste&quot;","block_context":{"text":"Feste","link":"https:\/\/www.quartier-waldacker.de\/?cat=16"},"img":{"alt_text":"Plakat_Web_Vers_final","src":"https:\/\/i0.wp.com\/www.quartier-waldacker.de\/wp-content\/uploads\/2015\/05\/Plakat_Web_Vers_final-212x300.jpg?resize=350%2C200&ssl=1","width":350,"height":200},"classes":[]},{"id":24083,"url":"https:\/\/www.quartier-waldacker.de\/?p=24083","url_meta":{"origin":23526,"position":4},"title":"Aktivit\u00e4ten der Quartiersgruppe Waldacker in einer Zeitleiste aufgelistet.","author":"Johannes","date":"25. April 2024","format":false,"excerpt":"Nov. 2011 Zukunftswerkstadt Alle Waldackerer, die das 60. Lebensjahr vollendet haben, wurden von Herrn W. Geiken -Weigh von der Stadt R\u00f6dermark in die Zukunftswerkstadt eingeladen. Januar 2012 Gr\u00fcndung der \"Quariersgruppe Waldacker\" Aus der Zukunftswerkstadt entstand Quartiers-Waldacker Februar 2012 Seniorenfahrt zum Film des Monat Einmal im Monat f\u00e4hrt Herr B\u00e4rmann mit\u2026","rel":"","context":"With 1 comment","block_context":{"text":"With 1 comment","link":"https:\/\/www.quartier-waldacker.de\/?p=24083#comments"},"img":{"alt_text":"","src":"https:\/\/i0.wp.com\/www.quartier-waldacker.de\/wp-content\/uploads\/2024\/04\/Quartier_Historie.jpg?fit=1200%2C281&ssl=1&resize=350%2C200","width":350,"height":200,"srcset":"https:\/\/i0.wp.com\/www.quartier-waldacker.de\/wp-content\/uploads\/2024\/04\/Quartier_Historie.jpg?fit=1200%2C281&ssl=1&resize=350%2C200 1x, https:\/\/i0.wp.com\/www.quartier-waldacker.de\/wp-content\/uploads\/2024\/04\/Quartier_Historie.jpg?fit=1200%2C281&ssl=1&resize=525%2C300 1.5x, https:\/\/i0.wp.com\/www.quartier-waldacker.de\/wp-content\/uploads\/2024\/04\/Quartier_Historie.jpg?fit=1200%2C281&ssl=1&resize=700%2C400 2x, https:\/\/i0.wp.com\/www.quartier-waldacker.de\/wp-content\/uploads\/2024\/04\/Quartier_Historie.jpg?fit=1200%2C281&ssl=1&resize=1050%2C600 3x"},"classes":[]},{"id":19295,"url":"https:\/\/www.quartier-waldacker.de\/?p=19295","url_meta":{"origin":23526,"position":5},"title":"Ein Schlaraffenland f\u00fcr Insekten","author":"admin","date":"14. August 2019","format":false,"excerpt":"Statement von Uschi Roebke\u00a0 und Klaus Huthmann zum Blogbeitrag \u201cNatur zur\u00fcck in die Stadt\u201c Ein hervorragendes Beispiel f\u00fcr ehrenamtliches \u00f6kologisches Engagement f\u00fcr R\u00f6dermark unter dem Motto: \u201cNatur zur\u00fcck in die Stadt\u201c findet man im s\u00fcdlichen Entree des Stadtteils Waldacker. Dort hat die Arbeitsgruppe \u201eAG Gr\u00fcn\u201c der Quartiersgruppe Waldacker bereits in\u2026","rel":"","context":"In &quot;AG-Gr\u00fcn&quot;","block_context":{"text":"AG-Gr\u00fcn","link":"https:\/\/www.quartier-waldacker.de\/?cat=188"},"img":{"alt_text":"","src":"https:\/\/i0.wp.com\/www.quartier-waldacker.de\/wp-content\/uploads\/2019\/08\/Header_Blumeninder-Stadt1380.jpg?fit=1200%2C261&ssl=1&resize=350%2C200","width":350,"height":200,"srcset":"https:\/\/i0.wp.com\/www.quartier-waldacker.de\/wp-content\/uploads\/2019\/08\/Header_Blumeninder-Stadt1380.jpg?fit=1200%2C261&ssl=1&resize=350%2C200 1x, https:\/\/i0.wp.com\/www.quartier-waldacker.de\/wp-content\/uploads\/2019\/08\/Header_Blumeninder-Stadt1380.jpg?fit=1200%2C261&ssl=1&resize=525%2C300 1.5x, https:\/\/i0.wp.com\/www.quartier-waldacker.de\/wp-content\/uploads\/2019\/08\/Header_Blumeninder-Stadt1380.jpg?fit=1200%2C261&ssl=1&resize=700%2C400 2x, https:\/\/i0.wp.com\/www.quartier-waldacker.de\/wp-content\/uploads\/2019\/08\/Header_Blumeninder-Stadt1380.jpg?fit=1200%2C261&ssl=1&resize=1050%2C600 3x"},"classes":[]}],"jetpack_sharing_enabled":true,"rttpg_featured_image_url":{"full":["https:\/\/i0.wp.com\/www.quartier-waldacker.de\/wp-content\/uploads\/2024\/02\/Header_annm780.jpg?fit=780%2C300&ssl=1",780,300,false],"landscape":["https:\/\/www.quartier-waldacker.de\/wp-content\/uploads\/2024\/02\/Header_annm780.jpg",780,300,false],"portraits":["https:\/\/www.quartier-waldacker.de\/wp-content\/uploads\/2024\/02\/Header_annm780.jpg",780,300,false],"thumbnail":["https:\/\/i0.wp.com\/www.quartier-waldacker.de\/wp-content\/uploads\/2024\/02\/Header_annm780.jpg?resize=150%2C150&ssl=1",150,150,true],"medium":["https:\/\/i0.wp.com\/www.quartier-waldacker.de\/wp-content\/uploads\/2024\/02\/Header_annm780.jpg?fit=300%2C115&ssl=1",300,115,true],"large":["https:\/\/i0.wp.com\/www.quartier-waldacker.de\/wp-content\/uploads\/2024\/02\/Header_annm780.jpg?fit=780%2C300&ssl=1",780,300,true],"1536x1536":["https:\/\/i0.wp.com\/www.quartier-waldacker.de\/wp-content\/uploads\/2024\/02\/Header_annm780.jpg?fit=780%2C300&ssl=1",780,300,true],"2048x2048":["https:\/\/i0.wp.com\/www.quartier-waldacker.de\/wp-content\/uploads\/2024\/02\/Header_annm780.jpg?fit=780%2C300&ssl=1",780,300,true]},"rttpg_author":{"display_name":"kroschka","author_link":"https:\/\/www.quartier-waldacker.de\/?author=93"},"rttpg_comment":2,"rttpg_category":"<a href=\"https:\/\/www.quartier-waldacker.de\/?cat=184\" rel=\"category\">B\u00fcrgerschaftliches Engagement<\/a>","rttpg_excerpt":"Ein Beitrag der Quartiersaktivistin Annemarie Eck! Durch verschiedene Ereignisse in der letzten Zeit ist mir erst richtig bewusst geworden, was die Stadtteilgruppen, auch Quartiersgruppen genannt, alles f\u00fcr die Menschen in R\u00f6dermark leisten. Das Angebot der Quartiersgruppe Waldacker z.B. umfasst folgende Aktivit\u00e4ten: Mit all diesen M\u00f6glichkeiten bieten wir den B\u00fcrgerinnen und B\u00fcrgern die Gelegenheit, andere Menschen&hellip;","_links":{"self":[{"href":"https:\/\/www.quartier-waldacker.de\/index.php?rest_route=\/wp\/v2\/posts\/23526","targetHints":{"allow":["GET"]}}],"collection":[{"href":"https:\/\/www.quartier-waldacker.de\/index.php?rest_route=\/wp\/v2\/posts"}],"about":[{"href":"https:\/\/www.quartier-waldacker.de\/index.php?rest_route=\/wp\/v2\/types\/post"}],"author":[{"embeddable":true,"href":"https:\/\/www.quartier-waldacker.de\/index.php?rest_route=\/wp\/v2\/users\/93"}],"replies":[{"embeddable":true,"href":"https:\/\/www.quartier-waldacker.de\/index.php?rest_route=%2Fwp%2Fv2%2Fcomments&post=23526"}],"version-history":[{"count":0,"href":"https:\/\/www.quartier-waldacker.de\/index.php?rest_route=\/wp\/v2\/posts\/23526\/revisions"}],"wp:featuredmedia":[{"embeddable":true,"href":"https:\/\/www.quartier-waldacker.de\/index.php?rest_route=\/wp\/v2\/media\/23529"}],"wp:attachment":[{"href":"https:\/\/www.quartier-waldacker.de\/index.php?rest_route=%2Fwp%2Fv2%2Fmedia&parent=23526"}],"wp:term":[{"taxonomy":"category","embeddable":true,"href":"https:\/\/www.quartier-waldacker.de\/index.php?rest_route=%2Fwp%2Fv2%2Fcategories&post=23526"},{"taxonomy":"post_tag","embeddable":true,"href":"https:\/\/www.quartier-waldacker.de\/index.php?rest_route=%2Fwp%2Fv2%2Ftags&post=23526"}],"curies":[{"name":"wp","href":"https:\/\/api.w.org\/{rel}","templated":true}]}}