{"id":22395,"date":"2023-04-06T20:35:17","date_gmt":"2023-04-06T18:35:17","guid":{"rendered":"https:\/\/www.quartier-waldacker.de\/?p=22395"},"modified":"2023-04-06T20:35:20","modified_gmt":"2023-04-06T18:35:20","slug":"besuch-im-romantikmuseum","status":"publish","type":"post","link":"https:\/\/www.quartier-waldacker.de\/?p=22395","title":{"rendered":"Besuch im Romantikmuseum"},"content":{"rendered":"\n<p class=\"has-medium-font-size\">Das deutsche Romantik-Museum pr\u00e4sentiert einzigartige Originale mit innovativen Ausstellungsformen, die die Zeit der Romantik als Schl\u00fcsselepoche erfahrbar machen. Es ist weltweit das erste Museum, das sich der Epoche der Romantik als Ganzes widmet. Unsere Quartieraktivistin Margret Schierenbeck organisiert f\u00fcr den <strong>09.Mai 2023<\/strong> einen Besuch des Museum&nbsp; in Frankfurt. Eine vorherige Anmeldung ist wegen begrenzter Teilnehmerzahl unbedingt notwendig. Interessierte&nbsp; melden sich bitte bis <strong>2. Mai<\/strong> per E-Mail&nbsp; <a href=\"mailto:museumstour@quartier-waldacker.de\">museumstour@quartier-waldacker.de<\/a>&nbsp; bei unserer Organisatorin an.<br><strong>Tipp:<\/strong> Zum problemlosen Anmelden benutzen Sie bitte den oben <strong>blau <\/strong>aufgef\u00fchrten E-Mail Link.<br><br><strong>Geneinsame Anfahrt:<\/strong> Treffpunkt: 13:40 Uhr, S-Bahn-Station Dietzenbach-Mitte-Bahnhof. <strong>Abfahrt:<\/strong> 13.51 Uhr, Ankunft Frankfurt-Hauptwache 14:17 Uhr, danach ca. 10-Minuten Fu\u00dfweg zum Museum.<br><br><strong>Unkostenbeitrag:<\/strong> Anfahrt + Eintritt + 60 min\u00fctige F\u00fchrung <strong>ca. 30 \u20ac<\/strong>, bitte bar mitbringen.<\/p>\n\n\n\n<p class=\"has-medium-font-size\"><br><\/p>\n","protected":false},"excerpt":{"rendered":"<p>Das deutsche Romantik-Museum pr\u00e4sentiert einzigartige Originale mit innovativen Ausstellungsformen, die die Zeit der Romantik als Schl\u00fcsselepoche erfahrbar machen. Es ist weltweit das erste Museum, das sich der Epoche der Romantik als Ganzes widmet. Unsere Quartieraktivistin Margret Schierenbeck organisiert f\u00fcr den 09.Mai 2023 einen Besuch des Museum&nbsp; in Frankfurt. Eine vorherige Anmeldung ist wegen begrenzter Teilnehmerzahl &#8230; <a title=\"Besuch im Romantikmuseum\" class=\"read-more\" href=\"https:\/\/www.quartier-waldacker.de\/?p=22395\" aria-label=\"Mehr Informationen \u00fcber Besuch im Romantikmuseum\">Weiterlesen<\/a><\/p>\n","protected":false},"author":1,"featured_media":13543,"comment_status":"open","ping_status":"closed","sticky":false,"template":"","format":"standard","meta":{"generate_page_header":"","_jetpack_memberships_contains_paid_content":false,"footnotes":""},"categories":[168,161],"tags":[],"class_list":["post-22395","post","type-post","status-publish","format-standard","has-post-thumbnail","hentry","category-freizeitsport","category-kultur"],"jetpack_featured_media_url":"https:\/\/i0.wp.com\/www.quartier-waldacker.de\/wp-content\/uploads\/2017\/06\/Museum9.jpg?fit=1380%2C290&ssl=1","jetpack-related-posts":[{"id":23641,"url":"https:\/\/www.quartier-waldacker.de\/?p=23641","url_meta":{"origin":22395,"position":0},"title":"&#8220;Holleri Du D\u00f6del Di&#8221; \u2013 100 Jahre Loriot","author":"Johannes","date":"20. M\u00e4rz 2024","format":false,"excerpt":"Vicco von B\u00fclow alias Loriot w\u00e4re am 12. November 2023 100 Jahre alt geworden. Dieser herausragende Humorist, Schauspieler und Karikaturist hat Generationen mit seinen Knollennasen-Karikaturen, Sketchen und Filmen gepr\u00e4gt. Seine Werke sind voller unvergesslicher S\u00e4tze wie \u201cFr\u00fcher war mehr Lametta\u201d, \u201cM\u00e4nner und Frauen passen einfach nicht zusammen\u201d oder \u201cIch lasse\u2026","rel":"","context":"In &quot;Kultur\/Kunst&quot;","block_context":{"text":"Kultur\/Kunst","link":"https:\/\/www.quartier-waldacker.de\/?cat=161"},"img":{"alt_text":"","src":"https:\/\/i0.wp.com\/www.quartier-waldacker.de\/wp-content\/uploads\/2024\/03\/Header-Loriot-1280_neu1.jpg?fit=1200%2C281&ssl=1&resize=350%2C200","width":350,"height":200,"srcset":"https:\/\/i0.wp.com\/www.quartier-waldacker.de\/wp-content\/uploads\/2024\/03\/Header-Loriot-1280_neu1.jpg?fit=1200%2C281&ssl=1&resize=350%2C200 1x, https:\/\/i0.wp.com\/www.quartier-waldacker.de\/wp-content\/uploads\/2024\/03\/Header-Loriot-1280_neu1.jpg?fit=1200%2C281&ssl=1&resize=525%2C300 1.5x, https:\/\/i0.wp.com\/www.quartier-waldacker.de\/wp-content\/uploads\/2024\/03\/Header-Loriot-1280_neu1.jpg?fit=1200%2C281&ssl=1&resize=700%2C400 2x, https:\/\/i0.wp.com\/www.quartier-waldacker.de\/wp-content\/uploads\/2024\/03\/Header-Loriot-1280_neu1.jpg?fit=1200%2C281&ssl=1&resize=1050%2C600 3x"},"classes":[]},{"id":16672,"url":"https:\/\/www.quartier-waldacker.de\/?p=16672","url_meta":{"origin":22395,"position":1},"title":"GLANZ UND ELEND IN DER WEIMARER REPUBLIK","author":"admin","date":"6. Januar 2018","format":false,"excerpt":"\u00a0 \u00a0EINE GESELLSCHAFT IM SPIEGEL IHRER ZEIT: DIE SCHIRN KUNSTHALLE FRANKFURT PR\u00c4SENTIERT EINE GROSSE THEMEN-AUSSTELLUNG ZUR KUNST IN DER WEIMARER REPUBLIK \u201eDie Schirn setzt mit \u201aGlanz und Elend in der Weimarer Republik\u2018 ein Gegengewicht zu den bereits vielfach gezeigten Ausstellungen \u00fcber die \u201agoldenen\u2018 1920er-Jahre und wirft einen Blick auf das\u2026","rel":"","context":"In &quot;Kultur\/Kunst&quot;","block_context":{"text":"Kultur\/Kunst","link":"https:\/\/www.quartier-waldacker.de\/?cat=161"},"img":{"alt_text":"","src":"https:\/\/i0.wp.com\/www.quartier-waldacker.de\/wp-content\/uploads\/2017\/10\/Museum_Einladung.jpg?fit=1200%2C252&ssl=1&resize=350%2C200","width":350,"height":200,"srcset":"https:\/\/i0.wp.com\/www.quartier-waldacker.de\/wp-content\/uploads\/2017\/10\/Museum_Einladung.jpg?fit=1200%2C252&ssl=1&resize=350%2C200 1x, https:\/\/i0.wp.com\/www.quartier-waldacker.de\/wp-content\/uploads\/2017\/10\/Museum_Einladung.jpg?fit=1200%2C252&ssl=1&resize=525%2C300 1.5x, https:\/\/i0.wp.com\/www.quartier-waldacker.de\/wp-content\/uploads\/2017\/10\/Museum_Einladung.jpg?fit=1200%2C252&ssl=1&resize=700%2C400 2x, https:\/\/i0.wp.com\/www.quartier-waldacker.de\/wp-content\/uploads\/2017\/10\/Museum_Einladung.jpg?fit=1200%2C252&ssl=1&resize=1050%2C600 3x"},"classes":[]},{"id":7420,"url":"https:\/\/www.quartier-waldacker.de\/?p=7420","url_meta":{"origin":22395,"position":2},"title":"Kostenloses Augentraining f\u00fcr Senioren und Seniorinnen im B\u00fcrgertreff Waldacker","author":"admin","date":"30. Januar 2015","format":false,"excerpt":"Am 13. Februar 2015 und an zwei weiteren Terminen findet von 15.00 Uhr bis 16.00 Uhr im B\u00fcrgertreff Waldacker unter der Leitung von Angelika Tank ein kostenloses Augentraining statt. Sie lernen in diesem Kurs M\u00f6glichkeiten kennen, Ihren Augen zum besseren und entspannten Sehen zu verhelfen. Gezeigt werden alternative Methoden, wie\u2026","rel":"","context":"In &quot;Fitness&quot;","block_context":{"text":"Fitness","link":"https:\/\/www.quartier-waldacker.de\/?cat=187"},"img":{"alt_text":"","src":"https:\/\/i0.wp.com\/www.quartier-waldacker.de\/wp-content\/uploads\/2015\/01\/Aug-300x200.jpg?resize=350%2C200&ssl=1","width":350,"height":200},"classes":[]},{"id":5713,"url":"https:\/\/www.quartier-waldacker.de\/?p=5713","url_meta":{"origin":22395,"position":3},"title":"Mit dem Rad nach Dreieichenhain \u2013Tour 7","author":"Johannes","date":"30. Juni 2014","format":false,"excerpt":"Am kommenden Freitag den 4. Juli f\u00fchrt eine weitere Radtour der Quartiersgruppe \u00fcber Dietzenbach, durch die liebevoll restaurierten Altstadtgassen, am\u00a0Aussichtsturm vorbei \u00fcber Gut Neuhof\/Golfplatz nach Dreieichenhain.\u00a0\u201eAuf der Hub\u201c in G\u00f6tzenhain bietet sich ein toller Ausblick auf die Skyline von Frankfurt. In Dreieichenhain angekommen, besteht die M\u00f6glichkeit die Besichtigung der\u00a0Burg Hayn\u2026","rel":"","context":"In &quot;Radtouren&quot;","block_context":{"text":"Radtouren","link":"https:\/\/www.quartier-waldacker.de\/?cat=126"},"img":{"alt_text":"P1070216_Web","src":"https:\/\/i0.wp.com\/www.quartier-waldacker.de\/wp-content\/uploads\/2014\/06\/P1070216_Web.jpg?resize=350%2C200&ssl=1","width":350,"height":200},"classes":[]},{"id":24891,"url":"https:\/\/www.quartier-waldacker.de\/?p=24891","url_meta":{"origin":22395,"position":4},"title":"Radtour nach Gro\u00dfostheim zur Heckenwirtschaft Ewald (ca. 64 km)","author":"Johannes","date":"27. Juli 2024","format":false,"excerpt":"Jetzt ist Heckezeit. Das hat Gerhard Elsesser zu einer Radtour nach Gro\u00dfostheim zur Heckenwirtschaft Ewald veranlasst. Am 26. Juli 2024 machten sich 17 Radlerinnen und Radler auf den Weg nach Gro\u00dfostheim. Da die Heckenwirtschaft erst ab 15:00 Uhr ge\u00f6ffnet hatte, wurde die Abfahrt um eine Stunde auf 12:00 Uhr verschoben.\u2026","rel":"","context":"In &quot;Radtouren&quot;","block_context":{"text":"Radtouren","link":"https:\/\/www.quartier-waldacker.de\/?cat=126"},"img":{"alt_text":"","src":"https:\/\/i0.wp.com\/www.quartier-waldacker.de\/wp-content\/uploads\/2017\/03\/Header_Gruppe_2024_ab2024.jpg?fit=1200%2C281&ssl=1&resize=350%2C200","width":350,"height":200,"srcset":"https:\/\/i0.wp.com\/www.quartier-waldacker.de\/wp-content\/uploads\/2017\/03\/Header_Gruppe_2024_ab2024.jpg?fit=1200%2C281&ssl=1&resize=350%2C200 1x, https:\/\/i0.wp.com\/www.quartier-waldacker.de\/wp-content\/uploads\/2017\/03\/Header_Gruppe_2024_ab2024.jpg?fit=1200%2C281&ssl=1&resize=525%2C300 1.5x, https:\/\/i0.wp.com\/www.quartier-waldacker.de\/wp-content\/uploads\/2017\/03\/Header_Gruppe_2024_ab2024.jpg?fit=1200%2C281&ssl=1&resize=700%2C400 2x, https:\/\/i0.wp.com\/www.quartier-waldacker.de\/wp-content\/uploads\/2017\/03\/Header_Gruppe_2024_ab2024.jpg?fit=1200%2C281&ssl=1&resize=1050%2C600 3x"},"classes":[]},{"id":17082,"url":"https:\/\/www.quartier-waldacker.de\/?p=17082","url_meta":{"origin":22395,"position":5},"title":"Ein gelungener Infoabend der Radfahrer","author":"admin","date":"16. Januar 2018","format":false,"excerpt":"Die Radfahrgruppe der Quartiersgruppe Waldacker lud alle Tourenteilnehmer und Interessierte zu einem Info-Abend am 12. Januar 2018 in den B\u00fcrgertreff Waldacker ein. 25 Freunde und Freundinnen des Radsportes trafen sich um 18 Uhr zu einem sehr sehenswerten Tourenr\u00fcckblick 2017. F\u00fcr das leibliche Wohl wurde mit jeder Menge K\u00f6stlichkeiten und ausreichend\u2026","rel":"","context":"In &quot;AG-Radfahren&quot;","block_context":{"text":"AG-Radfahren","link":"https:\/\/www.quartier-waldacker.de\/?cat=202"},"img":{"alt_text":"","src":"https:\/\/i0.wp.com\/www.quartier-waldacker.de\/wp-content\/uploads\/2018\/01\/Infoabend2018_1-300x169.jpg?resize=350%2C200&ssl=1","width":350,"height":200},"classes":[]}],"jetpack_sharing_enabled":true,"rttpg_featured_image_url":{"full":["https:\/\/i0.wp.com\/www.quartier-waldacker.de\/wp-content\/uploads\/2017\/06\/Museum9.jpg?fit=1380%2C290&ssl=1",1380,290,false],"landscape":["https:\/\/www.quartier-waldacker.de\/wp-content\/uploads\/2017\/06\/Museum9.jpg",1380,290,false],"portraits":["https:\/\/www.quartier-waldacker.de\/wp-content\/uploads\/2017\/06\/Museum9.jpg",1380,290,false],"thumbnail":["https:\/\/i0.wp.com\/www.quartier-waldacker.de\/wp-content\/uploads\/2017\/06\/Museum9.jpg?resize=150%2C150&ssl=1",150,150,true],"medium":["https:\/\/i0.wp.com\/www.quartier-waldacker.de\/wp-content\/uploads\/2017\/06\/Museum9.jpg?fit=300%2C63&ssl=1",300,63,true],"large":["https:\/\/i0.wp.com\/www.quartier-waldacker.de\/wp-content\/uploads\/2017\/06\/Museum9.jpg?fit=1024%2C215&ssl=1",1024,215,true],"1536x1536":["https:\/\/i0.wp.com\/www.quartier-waldacker.de\/wp-content\/uploads\/2017\/06\/Museum9.jpg?fit=1380%2C290&ssl=1",1380,290,true],"2048x2048":["https:\/\/i0.wp.com\/www.quartier-waldacker.de\/wp-content\/uploads\/2017\/06\/Museum9.jpg?fit=1380%2C290&ssl=1",1380,290,true]},"rttpg_author":{"display_name":"admin","author_link":"https:\/\/www.quartier-waldacker.de\/?author=1"},"rttpg_comment":0,"rttpg_category":"<a href=\"https:\/\/www.quartier-waldacker.de\/?cat=168\" rel=\"category\">Freizeit\/Sport\/Kultur<\/a> <a href=\"https:\/\/www.quartier-waldacker.de\/?cat=161\" rel=\"category\">Kultur\/Kunst<\/a>","rttpg_excerpt":"Das deutsche Romantik-Museum pr\u00e4sentiert einzigartige Originale mit innovativen Ausstellungsformen, die die Zeit der Romantik als Schl\u00fcsselepoche erfahrbar machen. Es ist weltweit das erste Museum, das sich der Epoche der Romantik als Ganzes widmet. Unsere Quartieraktivistin Margret Schierenbeck organisiert f\u00fcr den 09.Mai 2023 einen Besuch des Museum&nbsp; in Frankfurt. Eine vorherige Anmeldung ist wegen begrenzter Teilnehmerzahl&hellip;","_links":{"self":[{"href":"https:\/\/www.quartier-waldacker.de\/index.php?rest_route=\/wp\/v2\/posts\/22395","targetHints":{"allow":["GET"]}}],"collection":[{"href":"https:\/\/www.quartier-waldacker.de\/index.php?rest_route=\/wp\/v2\/posts"}],"about":[{"href":"https:\/\/www.quartier-waldacker.de\/index.php?rest_route=\/wp\/v2\/types\/post"}],"author":[{"embeddable":true,"href":"https:\/\/www.quartier-waldacker.de\/index.php?rest_route=\/wp\/v2\/users\/1"}],"replies":[{"embeddable":true,"href":"https:\/\/www.quartier-waldacker.de\/index.php?rest_route=%2Fwp%2Fv2%2Fcomments&post=22395"}],"version-history":[{"count":0,"href":"https:\/\/www.quartier-waldacker.de\/index.php?rest_route=\/wp\/v2\/posts\/22395\/revisions"}],"wp:featuredmedia":[{"embeddable":true,"href":"https:\/\/www.quartier-waldacker.de\/index.php?rest_route=\/wp\/v2\/media\/13543"}],"wp:attachment":[{"href":"https:\/\/www.quartier-waldacker.de\/index.php?rest_route=%2Fwp%2Fv2%2Fmedia&parent=22395"}],"wp:term":[{"taxonomy":"category","embeddable":true,"href":"https:\/\/www.quartier-waldacker.de\/index.php?rest_route=%2Fwp%2Fv2%2Fcategories&post=22395"},{"taxonomy":"post_tag","embeddable":true,"href":"https:\/\/www.quartier-waldacker.de\/index.php?rest_route=%2Fwp%2Fv2%2Ftags&post=22395"}],"curies":[{"name":"wp","href":"https:\/\/api.w.org\/{rel}","templated":true}]}}