{"id":22329,"date":"2023-03-20T10:12:41","date_gmt":"2023-03-20T09:12:41","guid":{"rendered":"https:\/\/www.quartier-waldacker.de\/?p=22329"},"modified":"2024-08-06T09:19:29","modified_gmt":"2024-08-06T07:19:29","slug":"nordic-walking-termine","status":"publish","type":"post","link":"https:\/\/www.quartier-waldacker.de\/?p=22329","title":{"rendered":"Nordic Walking &#8211; Termine"},"content":{"rendered":"\n<p><strong>Wir starten immer am B\u00fcrgertreff Waldacker<\/strong><\/p>\n<div class=\"em em-view-container\" id=\"em-view-1698258858\" data-view=\"list-grouped\">\r\n\t<div class=\"em pixelbones em-list em-events-list em-events-list-grouped\" id=\"em-events-list-grouped-1698258858\">\r\n\t<h2>Mai 2026<\/h2>\n<p>08.05.2026 um 10:00 - 11:30 Uhr<br \/><strong><a href=\"https:\/\/www.quartier-waldacker.de\/?event=nordic-walking-22-2026-05-08\">Nordic Walking<\/a><\/strong><\/p>\n\n<p>15.05.2026 um 10:00 - 11:30 Uhr<br \/><strong><a href=\"https:\/\/www.quartier-waldacker.de\/?event=nordic-walking-22-2026-05-15\">Nordic Walking<\/a><\/strong><\/p>\n\n<p>22.05.2026 um 10:00 - 11:30 Uhr<br \/><strong><a href=\"https:\/\/www.quartier-waldacker.de\/?event=nordic-walking-22-2026-05-22\">Nordic Walking<\/a><\/strong><\/p>\n\n<p>29.05.2026 um 10:00 - 11:30 Uhr<br \/><strong><a href=\"https:\/\/www.quartier-waldacker.de\/?event=nordic-walking-22-2026-05-29\">Nordic Walking<\/a><\/strong><\/p>\n<h2>Juni 2026<\/h2>\n<p>05.06.2026 um 10:00 - 11:30 Uhr<br \/><strong><a href=\"https:\/\/www.quartier-waldacker.de\/?event=nordic-walking-22-2026-06-05\">Nordic Walking<\/a><\/strong><\/p>\n\n<p>12.06.2026 um 10:00 - 11:30 Uhr<br \/><strong><a href=\"https:\/\/www.quartier-waldacker.de\/?event=nordic-walking-22-2026-06-12\">Nordic Walking<\/a><\/strong><\/p>\n\n<p>19.06.2026 um 10:00 - 11:30 Uhr<br \/><strong><a href=\"https:\/\/www.quartier-waldacker.de\/?event=nordic-walking-22-2026-06-19\">Nordic Walking<\/a><\/strong><\/p>\n\n<p>26.06.2026 um 10:00 - 11:30 Uhr<br \/><strong><a href=\"https:\/\/www.quartier-waldacker.de\/?event=nordic-walking-22-2026-06-26\">Nordic Walking<\/a><\/strong><\/p>\n<h2>Juli 2026<\/h2>\n<p>03.07.2026 um 10:00 - 11:30 Uhr<br \/><strong><a href=\"https:\/\/www.quartier-waldacker.de\/?event=nordic-walking-22-2026-07-03\">Nordic Walking<\/a><\/strong><\/p>\n\n<p>10.07.2026 um 10:00 - 11:30 Uhr<br \/><strong><a href=\"https:\/\/www.quartier-waldacker.de\/?event=nordic-walking-22-2026-07-10\">Nordic Walking<\/a><\/strong><\/p>\n<div class=\"em-pagination \" data-em-ajax=\"id=1698258858&amp;category=80\"> <span class=\"page-numbers current\">1<\/span> <a class=\"page-numbers\" href=\"\/index.php?rest_route=\/wp\/v2\/posts\/22329&#038;pno=2\" title=\"2\">2<\/a>  <a class=\"page-numbers\" href=\"\/index.php?rest_route=\/wp\/v2\/posts\/22329&#038;pno=3\" title=\"3\">3<\/a>  <a class=\"next page-numbers\" href=\"\/index.php?rest_route=\/wp\/v2\/posts\/22329&#038;pno=2\" title=\"2\">&gt;<\/a>  <\/div>\t<\/div>\r\n<\/div>\n<p>\u00a0<\/p>\n<p>\u00a0<\/p>\n<p>\u00a0<\/p>\n","protected":false},"excerpt":{"rendered":"<p>Wir starten immer am B\u00fcrgertreff Waldacker \u00a0 \u00a0 \u00a0<\/p>\n","protected":false},"author":1,"featured_media":0,"comment_status":"open","ping_status":"closed","sticky":false,"template":"","format":"standard","meta":{"generate_page_header":"","_jetpack_memberships_contains_paid_content":false,"footnotes":""},"categories":[1],"tags":[],"class_list":["post-22329","post","type-post","status-publish","format-standard","hentry","category-uncategorized"],"jetpack_featured_media_url":"","jetpack-related-posts":[{"id":22185,"url":"https:\/\/www.quartier-waldacker.de\/?p=22185","url_meta":{"origin":22329,"position":0},"title":"Qigong &#8211; Termine","author":"admin","date":"1. M\u00e4rz 2023","format":false,"excerpt":"","rel":"","context":"In &quot;Freizeit\/Sport\/Kultur&quot;","block_context":{"text":"Freizeit\/Sport\/Kultur","link":"https:\/\/www.quartier-waldacker.de\/?cat=168"},"img":{"alt_text":"","src":"https:\/\/i0.wp.com\/www.quartier-waldacker.de\/wp-content\/uploads\/2022\/09\/Heat_Qigong.jpg?fit=1200%2C281&ssl=1&resize=350%2C200","width":350,"height":200,"srcset":"https:\/\/i0.wp.com\/www.quartier-waldacker.de\/wp-content\/uploads\/2022\/09\/Heat_Qigong.jpg?fit=1200%2C281&ssl=1&resize=350%2C200 1x, https:\/\/i0.wp.com\/www.quartier-waldacker.de\/wp-content\/uploads\/2022\/09\/Heat_Qigong.jpg?fit=1200%2C281&ssl=1&resize=525%2C300 1.5x, https:\/\/i0.wp.com\/www.quartier-waldacker.de\/wp-content\/uploads\/2022\/09\/Heat_Qigong.jpg?fit=1200%2C281&ssl=1&resize=700%2C400 2x, https:\/\/i0.wp.com\/www.quartier-waldacker.de\/wp-content\/uploads\/2022\/09\/Heat_Qigong.jpg?fit=1200%2C281&ssl=1&resize=1050%2C600 3x"},"classes":[]},{"id":22331,"url":"https:\/\/www.quartier-waldacker.de\/?p=22331","url_meta":{"origin":22329,"position":1},"title":"Spazier-Wandern Termine","author":"admin","date":"20. M\u00e4rz 2023","format":false,"excerpt":"Wir starten immer am B\u00fcrgertreff Waldacker \u00a0","rel":"","context":"Similar post","block_context":{"text":"Similar post","link":""},"img":{"alt_text":"","src":"","width":0,"height":0},"classes":[]},{"id":26484,"url":"https:\/\/www.quartier-waldacker.de\/?p=26484","url_meta":{"origin":22329,"position":2},"title":"Training mit smovey-Ringen &#8211; Termine","author":"admin","date":"13. Februar 2025","format":false,"excerpt":"Wir starten immer am B\u00fcrgertreff Waldacker","rel":"","context":"In \"Smovey-Ringe. Gymnastik\"","block_context":{"text":"Smovey-Ringe. Gymnastik","link":"https:\/\/www.quartier-waldacker.de\/?tag=smovey-ringe-gymnastik"},"img":{"alt_text":"","src":"","width":0,"height":0},"classes":[]},{"id":13491,"url":"https:\/\/www.quartier-waldacker.de\/?p=13491","url_meta":{"origin":22329,"position":3},"title":"AG &#8211; Museumstouren","author":"admin","date":"19. Juni 2017","format":false,"excerpt":"Sind Sie daran interessiert, Kunst sehen zu lernen, sie in zeitgeschichtliche Zusammenh\u00e4nge einzuordnen und K\u00fcnstler und ihre Intentionen zu erkl\u00e4ren? Die AG Museum der Quartiersgruppe Waldacker organisiert in unregelm\u00e4\u00dfigen Abst\u00e4nden Museumsbesuche zu aktuellen Ausstellungen in der Schirn, im St\u00e4del, im MMK, im Caricaturen Museum und in anderen Museen. Die Teilnehmer\u2026","rel":"","context":"In &quot;Arbeitsgruppen&quot;","block_context":{"text":"Arbeitsgruppen","link":"https:\/\/www.quartier-waldacker.de\/?cat=196"},"img":{"alt_text":"","src":"https:\/\/i0.wp.com\/www.quartier-waldacker.de\/wp-content\/uploads\/2017\/06\/Museum9.jpg?fit=1200%2C252&ssl=1&resize=350%2C200","width":350,"height":200,"srcset":"https:\/\/i0.wp.com\/www.quartier-waldacker.de\/wp-content\/uploads\/2017\/06\/Museum9.jpg?fit=1200%2C252&ssl=1&resize=350%2C200 1x, https:\/\/i0.wp.com\/www.quartier-waldacker.de\/wp-content\/uploads\/2017\/06\/Museum9.jpg?fit=1200%2C252&ssl=1&resize=525%2C300 1.5x, https:\/\/i0.wp.com\/www.quartier-waldacker.de\/wp-content\/uploads\/2017\/06\/Museum9.jpg?fit=1200%2C252&ssl=1&resize=700%2C400 2x, https:\/\/i0.wp.com\/www.quartier-waldacker.de\/wp-content\/uploads\/2017\/06\/Museum9.jpg?fit=1200%2C252&ssl=1&resize=1050%2C600 3x"},"classes":[]}],"jetpack_sharing_enabled":true,"rttpg_featured_image_url":null,"rttpg_author":{"display_name":"admin","author_link":"https:\/\/www.quartier-waldacker.de\/?author=1"},"rttpg_comment":0,"rttpg_category":"<a href=\"https:\/\/www.quartier-waldacker.de\/?cat=1\" rel=\"category\">Allgemein<\/a>","rttpg_excerpt":"Wir starten immer am B\u00fcrgertreff Waldacker \u00a0 \u00a0 \u00a0","_links":{"self":[{"href":"https:\/\/www.quartier-waldacker.de\/index.php?rest_route=\/wp\/v2\/posts\/22329","targetHints":{"allow":["GET"]}}],"collection":[{"href":"https:\/\/www.quartier-waldacker.de\/index.php?rest_route=\/wp\/v2\/posts"}],"about":[{"href":"https:\/\/www.quartier-waldacker.de\/index.php?rest_route=\/wp\/v2\/types\/post"}],"author":[{"embeddable":true,"href":"https:\/\/www.quartier-waldacker.de\/index.php?rest_route=\/wp\/v2\/users\/1"}],"replies":[{"embeddable":true,"href":"https:\/\/www.quartier-waldacker.de\/index.php?rest_route=%2Fwp%2Fv2%2Fcomments&post=22329"}],"version-history":[{"count":1,"href":"https:\/\/www.quartier-waldacker.de\/index.php?rest_route=\/wp\/v2\/posts\/22329\/revisions"}],"predecessor-version":[{"id":26485,"href":"https:\/\/www.quartier-waldacker.de\/index.php?rest_route=\/wp\/v2\/posts\/22329\/revisions\/26485"}],"wp:attachment":[{"href":"https:\/\/www.quartier-waldacker.de\/index.php?rest_route=%2Fwp%2Fv2%2Fmedia&parent=22329"}],"wp:term":[{"taxonomy":"category","embeddable":true,"href":"https:\/\/www.quartier-waldacker.de\/index.php?rest_route=%2Fwp%2Fv2%2Fcategories&post=22329"},{"taxonomy":"post_tag","embeddable":true,"href":"https:\/\/www.quartier-waldacker.de\/index.php?rest_route=%2Fwp%2Fv2%2Ftags&post=22329"}],"curies":[{"name":"wp","href":"https:\/\/api.w.org\/{rel}","templated":true}]}}