{"id":22235,"date":"2023-03-01T14:30:50","date_gmt":"2023-03-01T13:30:50","guid":{"rendered":"https:\/\/www.quartier-waldacker.de\/?p=22235"},"modified":"2023-03-01T16:04:28","modified_gmt":"2023-03-01T15:04:28","slug":"radtourenplan","status":"publish","type":"post","link":"https:\/\/www.quartier-waldacker.de\/?p=22235","title":{"rendered":"Radtourenplan"},"content":{"rendered":"\n\n\n<p class=\"has-medium-font-size\">F\u00fcr 2023 wird es aus Gr\u00fcnden der gro\u00dfen Teilnehmeranzahl und damit verbundenen &nbsp;Einkehr-Problematik keinen&nbsp; \u00bd Jahres<strong>\u2013<\/strong>Routenplan geben. Die n\u00e4chste(n) Radtour(en) wird bzw. werden zeitnah hier auf der Homepage und dem bisher bekannten Teilnehmerkreis per E-Mail bzw. WhatsApp bekannt gegeben.<\/p>\n","protected":false},"excerpt":{"rendered":"<p>F\u00fcr 2023 wird es aus Gr\u00fcnden der gro\u00dfen Teilnehmeranzahl und damit verbundenen &nbsp;Einkehr-Problematik keinen&nbsp; \u00bd Jahres\u2013Routenplan geben. Die n\u00e4chste(n) Radtour(en) wird bzw. werden zeitnah hier auf der Homepage und dem bisher bekannten Teilnehmerkreis per E-Mail bzw. WhatsApp bekannt gegeben.<\/p>\n","protected":false},"author":1,"featured_media":22240,"comment_status":"open","ping_status":"closed","sticky":false,"template":"","format":"standard","meta":{"generate_page_header":"","_jetpack_memberships_contains_paid_content":false,"footnotes":""},"categories":[202],"tags":[],"class_list":["post-22235","post","type-post","status-publish","format-standard","has-post-thumbnail","hentry","category-radfahren"],"jetpack_featured_media_url":"https:\/\/i0.wp.com\/www.quartier-waldacker.de\/wp-content\/uploads\/2023\/03\/Header_Gruppe.jpg?fit=1280%2C300&ssl=1","jetpack-related-posts":[{"id":19479,"url":"https:\/\/www.quartier-waldacker.de\/?p=19479","url_meta":{"origin":22235,"position":0},"title":"Workshop \u201eSenioren, PC und Internet erfolgreich gestartet.","author":"admin","date":"23. Oktober 2019","format":false,"excerpt":"Damit Senioren\/innen bei der Digitalisierung nicht auf der Strecke bleiben bietet die Quartiersgruppe Waldacker zu 6. Mal den Workshop \u201eSenioren, PC und Internet\u201c an. Wir das Team von \u201eSenioren, PC und Internet versuchen zu vermitteln, dass man, wenn man nun nicht gerade mit dem Hammer draufschl\u00e4gt oder eine Cola \u00fcber\u2026","rel":"","context":"In &quot;Workshop&quot;","block_context":{"text":"Workshop","link":"https:\/\/www.quartier-waldacker.de\/?cat=172"},"img":{"alt_text":"","src":"https:\/\/i0.wp.com\/www.quartier-waldacker.de\/wp-content\/uploads\/2017\/09\/PC_Hilfe-f%C3%BCr-Seniore1n.jpg?fit=1200%2C446&ssl=1&resize=350%2C200","width":350,"height":200,"srcset":"https:\/\/i0.wp.com\/www.quartier-waldacker.de\/wp-content\/uploads\/2017\/09\/PC_Hilfe-f%C3%BCr-Seniore1n.jpg?fit=1200%2C446&ssl=1&resize=350%2C200 1x, https:\/\/i0.wp.com\/www.quartier-waldacker.de\/wp-content\/uploads\/2017\/09\/PC_Hilfe-f%C3%BCr-Seniore1n.jpg?fit=1200%2C446&ssl=1&resize=525%2C300 1.5x, https:\/\/i0.wp.com\/www.quartier-waldacker.de\/wp-content\/uploads\/2017\/09\/PC_Hilfe-f%C3%BCr-Seniore1n.jpg?fit=1200%2C446&ssl=1&resize=700%2C400 2x, https:\/\/i0.wp.com\/www.quartier-waldacker.de\/wp-content\/uploads\/2017\/09\/PC_Hilfe-f%C3%BCr-Seniore1n.jpg?fit=1200%2C446&ssl=1&resize=1050%2C600 3x"},"classes":[]},{"id":23264,"url":"https:\/\/www.quartier-waldacker.de\/?p=23264","url_meta":{"origin":22235,"position":1},"title":"Boule-Saison 2023 beendet","author":"Johannes","date":"10. November 2023","format":false,"excerpt":"Die Boulespielerinnen und Boulespieler der Quartiersgruppe Waldacker sind aufgrund der zunehmend schlechten Wetterbedingungen und -prognosen dazu \u00fcbergegangen, den Spielbetrieb im Jahr 2023 einzustellen.Der Beginn der neuen Boule-Saison 2024 wird rechtzeitig auf unserer Homepage bzw. auf Facebook und in den lokalen Zeitungen bekannt gegeben.https:\/\/www.facebook.com\/ Foto: Bodo Berger","rel":"","context":"In &quot;Boule - Spiel&quot;","block_context":{"text":"Boule - Spiel","link":"https:\/\/www.quartier-waldacker.de\/?cat=63"},"img":{"alt_text":"","src":"https:\/\/i0.wp.com\/www.quartier-waldacker.de\/wp-content\/uploads\/2022\/08\/Unbenannt-3.jpg?fit=1200%2C288&ssl=1&resize=350%2C200","width":350,"height":200,"srcset":"https:\/\/i0.wp.com\/www.quartier-waldacker.de\/wp-content\/uploads\/2022\/08\/Unbenannt-3.jpg?fit=1200%2C288&ssl=1&resize=350%2C200 1x, https:\/\/i0.wp.com\/www.quartier-waldacker.de\/wp-content\/uploads\/2022\/08\/Unbenannt-3.jpg?fit=1200%2C288&ssl=1&resize=525%2C300 1.5x, https:\/\/i0.wp.com\/www.quartier-waldacker.de\/wp-content\/uploads\/2022\/08\/Unbenannt-3.jpg?fit=1200%2C288&ssl=1&resize=700%2C400 2x, https:\/\/i0.wp.com\/www.quartier-waldacker.de\/wp-content\/uploads\/2022\/08\/Unbenannt-3.jpg?fit=1200%2C288&ssl=1&resize=1050%2C600 3x"},"classes":[]},{"id":23667,"url":"https:\/\/www.quartier-waldacker.de\/?p=23667","url_meta":{"origin":22235,"position":2},"title":"Fr\u00fchjahrputz an der Pflanzparzelle \u201e Am Buchrain\/Hauptstra\u00dfe\u201c","author":"Johannes","date":"23. M\u00e4rz 2024","format":false,"excerpt":"Wenn die Forsythien bl\u00fchen, ist es Zeit f\u00fcr den R\u00fcckschnitt der Rosen und damit f\u00fcr den Beginn der g\u00e4rtnerischen Arbeiten f\u00fcr die AG-Gr\u00fcn in der Parzelle \"Am Buchrain'\/Hauptstra\u00dfe\". Zwei Mitglieder der Quartiersgruppe trafen sich am 22. M\u00e4rz um 14.00 Uhr mit Schere, Hacke und Abfalls\u00e4cken bewaffnet an der Parzelle. Bei\u2026","rel":"","context":"In &quot;AG-Gr\u00fcn&quot;","block_context":{"text":"AG-Gr\u00fcn","link":"https:\/\/www.quartier-waldacker.de\/?cat=188"},"img":{"alt_text":"","src":"https:\/\/i0.wp.com\/www.quartier-waldacker.de\/wp-content\/uploads\/2019\/08\/Header_Blumeninder-Stadt1380.jpg?fit=1200%2C261&ssl=1&resize=350%2C200","width":350,"height":200,"srcset":"https:\/\/i0.wp.com\/www.quartier-waldacker.de\/wp-content\/uploads\/2019\/08\/Header_Blumeninder-Stadt1380.jpg?fit=1200%2C261&ssl=1&resize=350%2C200 1x, https:\/\/i0.wp.com\/www.quartier-waldacker.de\/wp-content\/uploads\/2019\/08\/Header_Blumeninder-Stadt1380.jpg?fit=1200%2C261&ssl=1&resize=525%2C300 1.5x, https:\/\/i0.wp.com\/www.quartier-waldacker.de\/wp-content\/uploads\/2019\/08\/Header_Blumeninder-Stadt1380.jpg?fit=1200%2C261&ssl=1&resize=700%2C400 2x, https:\/\/i0.wp.com\/www.quartier-waldacker.de\/wp-content\/uploads\/2019\/08\/Header_Blumeninder-Stadt1380.jpg?fit=1200%2C261&ssl=1&resize=1050%2C600 3x"},"classes":[]},{"id":19740,"url":"https:\/\/www.quartier-waldacker.de\/?p=19740","url_meta":{"origin":22235,"position":3},"title":"Der Coronavirus  hat nun auch R\u00f6dermark erreicht!","author":"admin","date":"14. M\u00e4rz 2020","format":false,"excerpt":"Leider ist das eingetreten was wir alle bef\u00fcrchtet haben. In Waldacker sind 2 Personen mit dem Coronavirus infiziert. Ein Bus mit Skiurlauber wurde bis zur Kl\u00e4rung der Situation den h\u00e4uslichen Verbleib empfohlen. Die Folge ist: die Stadt hat aus Vorsichtsma\u00dfnahme ab dem kommenden Montag die st\u00e4dtische R\u00e4umlichkeiten wie der B\u00fcrgertreff\u2026","rel":"","context":"In \"Caronavirus\"","block_context":{"text":"Caronavirus","link":"https:\/\/www.quartier-waldacker.de\/?tag=caronavirus"},"img":{"alt_text":"","src":"https:\/\/i0.wp.com\/www.quartier-waldacker.de\/wp-content\/uploads\/2020\/03\/Header_Corona1280.jpg?fit=1200%2C261&ssl=1&resize=350%2C200","width":350,"height":200,"srcset":"https:\/\/i0.wp.com\/www.quartier-waldacker.de\/wp-content\/uploads\/2020\/03\/Header_Corona1280.jpg?fit=1200%2C261&ssl=1&resize=350%2C200 1x, https:\/\/i0.wp.com\/www.quartier-waldacker.de\/wp-content\/uploads\/2020\/03\/Header_Corona1280.jpg?fit=1200%2C261&ssl=1&resize=525%2C300 1.5x, https:\/\/i0.wp.com\/www.quartier-waldacker.de\/wp-content\/uploads\/2020\/03\/Header_Corona1280.jpg?fit=1200%2C261&ssl=1&resize=700%2C400 2x, https:\/\/i0.wp.com\/www.quartier-waldacker.de\/wp-content\/uploads\/2020\/03\/Header_Corona1280.jpg?fit=1200%2C261&ssl=1&resize=1050%2C600 3x"},"classes":[]},{"id":19427,"url":"https:\/\/www.quartier-waldacker.de\/?p=19427","url_meta":{"origin":22235,"position":4},"title":"Workshop &#8211; &#8220;Senioren, PC und Internet&#8221; startet zum 6. Mal","author":"admin","date":"23. September 2019","format":false,"excerpt":"Ein Computer\/Smartphone bzw. Tablet ist heutzutage als Standardeinrichtung in fast jedem Haushalt und dient als Lexikon, Abwickeln von Bankgesch\u00e4ften, Einkaufen im Internet und Konversation. Also ein Ger\u00e4t, das unser Alltagsleben erheblich erleichtert soll und kann. Ein Team der Quartiersgruppe Waldacker vermittelt Ihnen in ihren Workshops die vielen Funktionen dieser Ger\u00e4te\u2026","rel":"","context":"In &quot;Workshop&quot;","block_context":{"text":"Workshop","link":"https:\/\/www.quartier-waldacker.de\/?cat=172"},"img":{"alt_text":"","src":"https:\/\/i0.wp.com\/www.quartier-waldacker.de\/wp-content\/uploads\/2019\/09\/Header-PC.jpg?fit=1200%2C281&ssl=1&resize=350%2C200","width":350,"height":200,"srcset":"https:\/\/i0.wp.com\/www.quartier-waldacker.de\/wp-content\/uploads\/2019\/09\/Header-PC.jpg?fit=1200%2C281&ssl=1&resize=350%2C200 1x, https:\/\/i0.wp.com\/www.quartier-waldacker.de\/wp-content\/uploads\/2019\/09\/Header-PC.jpg?fit=1200%2C281&ssl=1&resize=525%2C300 1.5x, https:\/\/i0.wp.com\/www.quartier-waldacker.de\/wp-content\/uploads\/2019\/09\/Header-PC.jpg?fit=1200%2C281&ssl=1&resize=700%2C400 2x, https:\/\/i0.wp.com\/www.quartier-waldacker.de\/wp-content\/uploads\/2019\/09\/Header-PC.jpg?fit=1200%2C281&ssl=1&resize=1050%2C600 3x"},"classes":[]},{"id":22109,"url":"https:\/\/www.quartier-waldacker.de\/?p=22109","url_meta":{"origin":22235,"position":5},"title":"Jahresabschluss Feier 2022 der Radgruppe Quartier-Waldacker","author":"admin","date":"16. Februar 2023","format":false,"excerpt":"Die Jahresabschluss Feier 2022 der Radler fand am 11.02.2023 um 15 Uhr im Schillerhaus in Urberach statt. Die Stadt R\u00f6dermark hat der Radgruppe die R\u00e4umlichkeit unentgeltlich zur Verf\u00fcgung gestellt. Gerhard Elsesser er\u00f6ffnete die kleine Feier und dankte den anwesenden 27 Radlern und deren teilweise mitanwesenden Ehepartner f\u00fcr ihr Erscheinen. Danach\u2026","rel":"","context":"In &quot;AG-Radfahren&quot;","block_context":{"text":"AG-Radfahren","link":"https:\/\/www.quartier-waldacker.de\/?cat=202"},"img":{"alt_text":"","src":"https:\/\/i0.wp.com\/www.quartier-waldacker.de\/wp-content\/uploads\/2021\/07\/RadHead_neu.jpg?fit=1200%2C281&ssl=1&resize=350%2C200","width":350,"height":200,"srcset":"https:\/\/i0.wp.com\/www.quartier-waldacker.de\/wp-content\/uploads\/2021\/07\/RadHead_neu.jpg?fit=1200%2C281&ssl=1&resize=350%2C200 1x, https:\/\/i0.wp.com\/www.quartier-waldacker.de\/wp-content\/uploads\/2021\/07\/RadHead_neu.jpg?fit=1200%2C281&ssl=1&resize=525%2C300 1.5x, https:\/\/i0.wp.com\/www.quartier-waldacker.de\/wp-content\/uploads\/2021\/07\/RadHead_neu.jpg?fit=1200%2C281&ssl=1&resize=700%2C400 2x, https:\/\/i0.wp.com\/www.quartier-waldacker.de\/wp-content\/uploads\/2021\/07\/RadHead_neu.jpg?fit=1200%2C281&ssl=1&resize=1050%2C600 3x"},"classes":[]}],"jetpack_sharing_enabled":true,"rttpg_featured_image_url":{"full":["https:\/\/i0.wp.com\/www.quartier-waldacker.de\/wp-content\/uploads\/2023\/03\/Header_Gruppe.jpg?fit=1280%2C300&ssl=1",1280,300,false],"landscape":["https:\/\/www.quartier-waldacker.de\/wp-content\/uploads\/2023\/03\/Header_Gruppe.jpg",1280,300,false],"portraits":["https:\/\/www.quartier-waldacker.de\/wp-content\/uploads\/2023\/03\/Header_Gruppe.jpg",1280,300,false],"thumbnail":["https:\/\/i0.wp.com\/www.quartier-waldacker.de\/wp-content\/uploads\/2023\/03\/Header_Gruppe.jpg?resize=150%2C150&ssl=1",150,150,true],"medium":["https:\/\/i0.wp.com\/www.quartier-waldacker.de\/wp-content\/uploads\/2023\/03\/Header_Gruppe.jpg?fit=300%2C70&ssl=1",300,70,true],"large":["https:\/\/i0.wp.com\/www.quartier-waldacker.de\/wp-content\/uploads\/2023\/03\/Header_Gruppe.jpg?fit=1024%2C240&ssl=1",1024,240,true],"1536x1536":["https:\/\/i0.wp.com\/www.quartier-waldacker.de\/wp-content\/uploads\/2023\/03\/Header_Gruppe.jpg?fit=1280%2C300&ssl=1",1280,300,true],"2048x2048":["https:\/\/i0.wp.com\/www.quartier-waldacker.de\/wp-content\/uploads\/2023\/03\/Header_Gruppe.jpg?fit=1280%2C300&ssl=1",1280,300,true]},"rttpg_author":{"display_name":"admin","author_link":"https:\/\/www.quartier-waldacker.de\/?author=1"},"rttpg_comment":0,"rttpg_category":"<a href=\"https:\/\/www.quartier-waldacker.de\/?cat=202\" rel=\"category\">AG-Radfahren<\/a>","rttpg_excerpt":"F\u00fcr 2023 wird es aus Gr\u00fcnden der gro\u00dfen Teilnehmeranzahl und damit verbundenen &nbsp;Einkehr-Problematik keinen&nbsp; \u00bd Jahres\u2013Routenplan geben. Die n\u00e4chste(n) Radtour(en) wird bzw. werden zeitnah hier auf der Homepage und dem bisher bekannten Teilnehmerkreis per E-Mail bzw. WhatsApp bekannt gegeben.","_links":{"self":[{"href":"https:\/\/www.quartier-waldacker.de\/index.php?rest_route=\/wp\/v2\/posts\/22235","targetHints":{"allow":["GET"]}}],"collection":[{"href":"https:\/\/www.quartier-waldacker.de\/index.php?rest_route=\/wp\/v2\/posts"}],"about":[{"href":"https:\/\/www.quartier-waldacker.de\/index.php?rest_route=\/wp\/v2\/types\/post"}],"author":[{"embeddable":true,"href":"https:\/\/www.quartier-waldacker.de\/index.php?rest_route=\/wp\/v2\/users\/1"}],"replies":[{"embeddable":true,"href":"https:\/\/www.quartier-waldacker.de\/index.php?rest_route=%2Fwp%2Fv2%2Fcomments&post=22235"}],"version-history":[{"count":0,"href":"https:\/\/www.quartier-waldacker.de\/index.php?rest_route=\/wp\/v2\/posts\/22235\/revisions"}],"wp:featuredmedia":[{"embeddable":true,"href":"https:\/\/www.quartier-waldacker.de\/index.php?rest_route=\/wp\/v2\/media\/22240"}],"wp:attachment":[{"href":"https:\/\/www.quartier-waldacker.de\/index.php?rest_route=%2Fwp%2Fv2%2Fmedia&parent=22235"}],"wp:term":[{"taxonomy":"category","embeddable":true,"href":"https:\/\/www.quartier-waldacker.de\/index.php?rest_route=%2Fwp%2Fv2%2Fcategories&post=22235"},{"taxonomy":"post_tag","embeddable":true,"href":"https:\/\/www.quartier-waldacker.de\/index.php?rest_route=%2Fwp%2Fv2%2Ftags&post=22235"}],"curies":[{"name":"wp","href":"https:\/\/api.w.org\/{rel}","templated":true}]}}