{"id":21284,"date":"2023-01-09T16:44:43","date_gmt":"2023-01-09T15:44:43","guid":{"rendered":"https:\/\/www.quartier-waldacker.de\/?p=21284"},"modified":"2023-01-09T17:11:33","modified_gmt":"2023-01-09T16:11:33","slug":"fit-ins-neue-jahr-starten-einladung-zum-schnuppertraining","status":"publish","type":"post","link":"https:\/\/www.quartier-waldacker.de\/?p=21284","title":{"rendered":"Fit ins neue Jahr starten! &#8211; Einladung zum &#8220;Schnuppertraining&#8221;"},"content":{"rendered":"<p style=\"text-align: right;\"><button id=\"listenButton1\" class=\"responsivevoice-button\" type=\"button\" value=\"Play\" title=\"ResponsiveVoice Tap to Start\/Stop Speech\"><span>&#128266; Vorlesen<\/span><\/button>\n        <script>\n            listenButton1.onclick = function(){\n                if(responsiveVoice.isPlaying()){\n                    responsiveVoice.cancel();\n                }else{\n                    responsiveVoice.speak(\"Ein Beitrag von Ute Schmidt Die Quartiersgruppe in Waldacker bietet ab Freitag, den 20. Januar f\u00fcr sportlich Interessierte ihre regelm\u00e4\u00dfige Walking-Runde an. Die Walker treffen sich freitags um 10 Uhr am B\u00fcrgertreff Waldacker in der Goethestra\u00dfe 39. Die Laufstrecke beginnt und endet dort. Sie betr\u00e4gt ca. 5 km und wird in 1,5 Stunden absolviert. Alle, die fit ins neue Jahr starten m\u00f6chten, sind herzlich eingeladen, hier unverbindlich mitzumachen. Eine Anmeldung ist nicht erforderlich, die Teilnahme ist kostenfrei. Bei Regen entf\u00e4llt der Termin. Weitere Informationen zu den vielf\u00e4ltigen Aktionen finden Sie hier auf unserer Homepage.\", \"Deutsch Female\");\n                }\n            };\n        <\/script>\n    \n<p>Ein Beitrag von Ute Schmidt<\/p>\n<p><span style=\"font-size: 20px;\">Die Quartiersgruppe in Waldacker bietet ab Freitag, den 20. Januar f\u00fcr sportlich Interessierte ihre regelm\u00e4\u00dfige Walking-Runde an. Die Walker treffen sich freitags um 10 Uhr am B\u00fcrgertreff Waldacker in der Goethestra\u00dfe 39. Die Laufstrecke beginnt und endet dort. Sie betr\u00e4gt ca. 5 km und wird in 1,5 Stunden absolviert. Alle, die fit ins neue Jahr starten m\u00f6chten, sind herzlich eingeladen, hier unverbindlich mitzumachen. Eine Anmeldung ist nicht erforderlich, die Teilnahme ist kostenfrei. Bei Regen entf\u00e4llt der Termin. Weitere Informationen zu den vielf\u00e4ltigen Aktionen finden Sie hier auf unserer Homepage.<\/span><\/p>\n","protected":false},"excerpt":{"rendered":"<p>Ein Beitrag von Ute Schmidt Die Quartiersgruppe in Waldacker bietet ab Freitag, den 20. Januar f\u00fcr sportlich Interessierte ihre regelm\u00e4\u00dfige Walking-Runde an. Die Walker treffen sich freitags um 10 Uhr am B\u00fcrgertreff Waldacker in der Goethestra\u00dfe 39. Die Laufstrecke beginnt und endet dort. Sie betr\u00e4gt ca. 5 km und wird in 1,5 Stunden absolviert. Alle, &#8230; <a title=\"Fit ins neue Jahr starten! &#8211; Einladung zum &#8220;Schnuppertraining&#8221;\" class=\"read-more\" href=\"https:\/\/www.quartier-waldacker.de\/?p=21284\" aria-label=\"Mehr Informationen \u00fcber Fit ins neue Jahr starten! &#8211; Einladung zum &#8220;Schnuppertraining&#8221;\">Weiterlesen<\/a><\/p>\n","protected":false},"author":1,"featured_media":10901,"comment_status":"open","ping_status":"closed","sticky":false,"template":"","format":"standard","meta":{"generate_page_header":"","_jetpack_memberships_contains_paid_content":false,"footnotes":""},"categories":[41],"tags":[],"class_list":["post-21284","post","type-post","status-publish","format-standard","has-post-thumbnail","hentry","category-nordic-walking"],"jetpack_featured_media_url":"https:\/\/i0.wp.com\/www.quartier-waldacker.de\/wp-content\/uploads\/2016\/12\/Nordic-walking.jpg?fit=1380%2C290&ssl=1","jetpack-related-posts":[{"id":23508,"url":"https:\/\/www.quartier-waldacker.de\/?p=23508","url_meta":{"origin":21284,"position":0},"title":"Senioren Schlemmen rund um R\u00f6dermark","author":"admin","date":"31. Januar 2024","format":false,"excerpt":"Die \"Kulinarische Reise in und um R\u00f6dermark\" - organisiert von der Quartiergruppe-Waldacker - ist gut ins neue Jahr gestartet. Sechs neue Interessenten kamen zuletzt hinzu. So kamen im Januar 41 Personen in den Genuss eines guten Essens in netter Gesellschaft. Es w\u00e4ren 50 Personen gewesen, wenn es in der einen\u2026","rel":"","context":"Similar post","block_context":{"text":"Similar post","link":""},"img":{"alt_text":"","src":"https:\/\/i0.wp.com\/www.quartier-waldacker.de\/wp-content\/uploads\/2018\/01\/Essen-7-Gabeln-_Rahmen.png?fit=1200%2C281&ssl=1&resize=350%2C200","width":350,"height":200,"srcset":"https:\/\/i0.wp.com\/www.quartier-waldacker.de\/wp-content\/uploads\/2018\/01\/Essen-7-Gabeln-_Rahmen.png?fit=1200%2C281&ssl=1&resize=350%2C200 1x, https:\/\/i0.wp.com\/www.quartier-waldacker.de\/wp-content\/uploads\/2018\/01\/Essen-7-Gabeln-_Rahmen.png?fit=1200%2C281&ssl=1&resize=525%2C300 1.5x, https:\/\/i0.wp.com\/www.quartier-waldacker.de\/wp-content\/uploads\/2018\/01\/Essen-7-Gabeln-_Rahmen.png?fit=1200%2C281&ssl=1&resize=700%2C400 2x, https:\/\/i0.wp.com\/www.quartier-waldacker.de\/wp-content\/uploads\/2018\/01\/Essen-7-Gabeln-_Rahmen.png?fit=1200%2C281&ssl=1&resize=1050%2C600 3x"},"classes":[]},{"id":22251,"url":"https:\/\/www.quartier-waldacker.de\/?p=22251","url_meta":{"origin":21284,"position":1},"title":"\u201eFit in den Fr\u00fchling\u201c","author":"admin","date":"1. M\u00e4rz 2023","format":false,"excerpt":"Ein Beitrag von Ute SchmidtDie Quartiersgruppe in Waldacker l\u00e4dt zum Mitmachen ein und bietet Interessierten zwei unterschiedliche Walking-Gruppen an.Die neue Einsteiger-Gruppe unter Margret Schierenbeck startet ab Donnerstag, 2. M\u00e4rz um 10 Uhr. Die Route ist auch f\u00fcr Anf\u00e4nger und unge\u00fcbte Personen geeignet, die sich langsam steigern m\u00f6chten.Die Laufzeit betr\u00e4gt ca.\u2026","rel":"","context":"In &quot;Fitness&quot;","block_context":{"text":"Fitness","link":"https:\/\/www.quartier-waldacker.de\/?cat=187"},"img":{"alt_text":"","src":"https:\/\/i0.wp.com\/www.quartier-waldacker.de\/wp-content\/uploads\/2023\/02\/SpazWand.jpg?fit=1200%2C281&ssl=1&resize=350%2C200","width":350,"height":200,"srcset":"https:\/\/i0.wp.com\/www.quartier-waldacker.de\/wp-content\/uploads\/2023\/02\/SpazWand.jpg?fit=1200%2C281&ssl=1&resize=350%2C200 1x, https:\/\/i0.wp.com\/www.quartier-waldacker.de\/wp-content\/uploads\/2023\/02\/SpazWand.jpg?fit=1200%2C281&ssl=1&resize=525%2C300 1.5x, https:\/\/i0.wp.com\/www.quartier-waldacker.de\/wp-content\/uploads\/2023\/02\/SpazWand.jpg?fit=1200%2C281&ssl=1&resize=700%2C400 2x, https:\/\/i0.wp.com\/www.quartier-waldacker.de\/wp-content\/uploads\/2023\/02\/SpazWand.jpg?fit=1200%2C281&ssl=1&resize=1050%2C600 3x"},"classes":[]},{"id":26573,"url":"https:\/\/www.quartier-waldacker.de\/?p=26573","url_meta":{"origin":21284,"position":2},"title":"Siedlergemeinschaft und die Quartiersgruppe treffen sich!","author":"admin","date":"16. M\u00e4rz 2025","format":false,"excerpt":"Ein Beitrag von Silvia Rebell Am Mittwoch, den 12. M\u00e4rz, fand ein sch\u00f6nes und inspirierendes Zusammentreffen der\u00a0Quartiersgruppe Waldacker und\u00a0der\u00a0Siedlergemeinschaft R\u00f6dermark-Waldacker\u00a0statt. In geselliger Runde kamen nicht nur die\u00a0aktiven Seniorinnen und Senioren zusammen, die sich bereits mit gro\u00dfem Engagement in der Quartiersarbeit einbringen. Sie gestalten regelm\u00e4\u00dfig Programme und Veranstaltungen, die auf ihre\u2026","rel":"","context":"In \"2025\"","block_context":{"text":"2025","link":"https:\/\/www.quartier-waldacker.de\/?tag=2025"},"img":{"alt_text":"","src":"https:\/\/i0.wp.com\/www.quartier-waldacker.de\/wp-content\/uploads\/2025\/03\/Headers_gemeinsam1280.jpg?fit=1200%2C281&ssl=1&resize=350%2C200","width":350,"height":200,"srcset":"https:\/\/i0.wp.com\/www.quartier-waldacker.de\/wp-content\/uploads\/2025\/03\/Headers_gemeinsam1280.jpg?fit=1200%2C281&ssl=1&resize=350%2C200 1x, https:\/\/i0.wp.com\/www.quartier-waldacker.de\/wp-content\/uploads\/2025\/03\/Headers_gemeinsam1280.jpg?fit=1200%2C281&ssl=1&resize=525%2C300 1.5x, https:\/\/i0.wp.com\/www.quartier-waldacker.de\/wp-content\/uploads\/2025\/03\/Headers_gemeinsam1280.jpg?fit=1200%2C281&ssl=1&resize=700%2C400 2x, https:\/\/i0.wp.com\/www.quartier-waldacker.de\/wp-content\/uploads\/2025\/03\/Headers_gemeinsam1280.jpg?fit=1200%2C281&ssl=1&resize=1050%2C600 3x"},"classes":[]},{"id":27001,"url":"https:\/\/www.quartier-waldacker.de\/?p=27001","url_meta":{"origin":21284,"position":3},"title":"Stadtradeln 2025","author":"admin","date":"5. Juli 2025","format":false,"excerpt":"STADTRADELN gibt es seit dem Jahr 2008. Es wurde als bundesweiter Wettbewerb vom Klima-B\u00fcndnis ins Leben gerufen, dem gr\u00f6\u00dften kommunalen Netzwerk zum Klimaschutz in Europa. Ziel der Aktion ist es, Menschen dazu zu motivieren, im Alltag m\u00f6glichst viele Wege mit dem Fahrrad zur\u00fcckzulegen \u2013 f\u00fcr den Klimaschutz, die eigene Gesundheit\u2026","rel":"","context":"In &quot;AG-Radfahren&quot;","block_context":{"text":"AG-Radfahren","link":"https:\/\/www.quartier-waldacker.de\/?cat=202"},"img":{"alt_text":"","src":"https:\/\/i0.wp.com\/www.quartier-waldacker.de\/wp-content\/uploads\/2025\/07\/Header_Citybykel-2025.jpg?fit=1200%2C281&ssl=1&resize=350%2C200","width":350,"height":200,"srcset":"https:\/\/i0.wp.com\/www.quartier-waldacker.de\/wp-content\/uploads\/2025\/07\/Header_Citybykel-2025.jpg?fit=1200%2C281&ssl=1&resize=350%2C200 1x, https:\/\/i0.wp.com\/www.quartier-waldacker.de\/wp-content\/uploads\/2025\/07\/Header_Citybykel-2025.jpg?fit=1200%2C281&ssl=1&resize=525%2C300 1.5x, https:\/\/i0.wp.com\/www.quartier-waldacker.de\/wp-content\/uploads\/2025\/07\/Header_Citybykel-2025.jpg?fit=1200%2C281&ssl=1&resize=700%2C400 2x, https:\/\/i0.wp.com\/www.quartier-waldacker.de\/wp-content\/uploads\/2025\/07\/Header_Citybykel-2025.jpg?fit=1200%2C281&ssl=1&resize=1050%2C600 3x"},"classes":[]},{"id":10664,"url":"https:\/\/www.quartier-waldacker.de\/?p=10664","url_meta":{"origin":21284,"position":4},"title":"Goldener Lenker f\u00fcr 31 Touren in diesem Jahr","author":"admin","date":"25. November 2016","format":false,"excerpt":"Unentwegte Pedalritter der Quartiersgruppe Waldacker radeln noch immer Ein Beitrag von Christine Ziesecke Waldacker Erst gab es den verschlafenen Ortsteil Waldacker, dann gab\u2019s dort\u00a0eine aktive Quartiersgruppe, und dann fand sich aus dieser Gruppe heraus eine sehr aktive Radlergruppe. Diese Truppe ist so aktiv, dass sie am liebsten ihre allfreit\u00e4glichen Touren\u2026","rel":"","context":"In &quot;AG-Radfahren&quot;","block_context":{"text":"AG-Radfahren","link":"https:\/\/www.quartier-waldacker.de\/?cat=202"},"img":{"alt_text":"","src":"https:\/\/i0.wp.com\/www.quartier-waldacker.de\/wp-content\/uploads\/2016\/11\/RadHeader.jpg?fit=1200%2C281&ssl=1&resize=350%2C200","width":350,"height":200,"srcset":"https:\/\/i0.wp.com\/www.quartier-waldacker.de\/wp-content\/uploads\/2016\/11\/RadHeader.jpg?fit=1200%2C281&ssl=1&resize=350%2C200 1x, https:\/\/i0.wp.com\/www.quartier-waldacker.de\/wp-content\/uploads\/2016\/11\/RadHeader.jpg?fit=1200%2C281&ssl=1&resize=525%2C300 1.5x, https:\/\/i0.wp.com\/www.quartier-waldacker.de\/wp-content\/uploads\/2016\/11\/RadHeader.jpg?fit=1200%2C281&ssl=1&resize=700%2C400 2x, https:\/\/i0.wp.com\/www.quartier-waldacker.de\/wp-content\/uploads\/2016\/11\/RadHeader.jpg?fit=1200%2C281&ssl=1&resize=1050%2C600 3x"},"classes":[]},{"id":23195,"url":"https:\/\/www.quartier-waldacker.de\/?p=23195","url_meta":{"origin":21284,"position":5},"title":"Boule ein Spiel das Spa\u00df macht","author":"admin","date":"7. Oktober 2023","format":false,"excerpt":"Ein Beitrag von Annemarie Eck Dieses Jahr war es manchmal zu hei\u00df (die von der Stadt versprochenen 2 B\u00e4ume sind noch nicht gepflanzt) oder - noch \u00f6fter - die Bahn war nass (das platscht dann so, wenn die Kugeln landen). So war es leider oft so, dass freitags auf dem\u2026","rel":"","context":"In &quot;Boule - Spiel&quot;","block_context":{"text":"Boule - Spiel","link":"https:\/\/www.quartier-waldacker.de\/?cat=63"},"img":{"alt_text":"","src":"https:\/\/i0.wp.com\/www.quartier-waldacker.de\/wp-content\/uploads\/2018\/04\/Boulespiel.jpg?fit=1200%2C281&ssl=1&resize=350%2C200","width":350,"height":200,"srcset":"https:\/\/i0.wp.com\/www.quartier-waldacker.de\/wp-content\/uploads\/2018\/04\/Boulespiel.jpg?fit=1200%2C281&ssl=1&resize=350%2C200 1x, https:\/\/i0.wp.com\/www.quartier-waldacker.de\/wp-content\/uploads\/2018\/04\/Boulespiel.jpg?fit=1200%2C281&ssl=1&resize=525%2C300 1.5x, https:\/\/i0.wp.com\/www.quartier-waldacker.de\/wp-content\/uploads\/2018\/04\/Boulespiel.jpg?fit=1200%2C281&ssl=1&resize=700%2C400 2x, https:\/\/i0.wp.com\/www.quartier-waldacker.de\/wp-content\/uploads\/2018\/04\/Boulespiel.jpg?fit=1200%2C281&ssl=1&resize=1050%2C600 3x"},"classes":[]}],"jetpack_sharing_enabled":true,"rttpg_featured_image_url":{"full":["https:\/\/i0.wp.com\/www.quartier-waldacker.de\/wp-content\/uploads\/2016\/12\/Nordic-walking.jpg?fit=1380%2C290&ssl=1",1380,290,false],"landscape":["https:\/\/www.quartier-waldacker.de\/wp-content\/uploads\/2016\/12\/Nordic-walking.jpg",1380,290,false],"portraits":["https:\/\/www.quartier-waldacker.de\/wp-content\/uploads\/2016\/12\/Nordic-walking.jpg",1380,290,false],"thumbnail":["https:\/\/i0.wp.com\/www.quartier-waldacker.de\/wp-content\/uploads\/2016\/12\/Nordic-walking.jpg?resize=150%2C150&ssl=1",150,150,true],"medium":["https:\/\/i0.wp.com\/www.quartier-waldacker.de\/wp-content\/uploads\/2016\/12\/Nordic-walking.jpg?fit=300%2C63&ssl=1",300,63,true],"large":["https:\/\/i0.wp.com\/www.quartier-waldacker.de\/wp-content\/uploads\/2016\/12\/Nordic-walking.jpg?fit=1024%2C215&ssl=1",1024,215,true],"1536x1536":["https:\/\/i0.wp.com\/www.quartier-waldacker.de\/wp-content\/uploads\/2016\/12\/Nordic-walking.jpg?fit=1380%2C290&ssl=1",1380,290,true],"2048x2048":["https:\/\/i0.wp.com\/www.quartier-waldacker.de\/wp-content\/uploads\/2016\/12\/Nordic-walking.jpg?fit=1380%2C290&ssl=1",1380,290,true]},"rttpg_author":{"display_name":"admin","author_link":"https:\/\/www.quartier-waldacker.de\/?author=1"},"rttpg_comment":0,"rttpg_category":"<a href=\"https:\/\/www.quartier-waldacker.de\/?cat=41\" rel=\"category\">Nordic Walking<\/a>","rttpg_excerpt":"Ein Beitrag von Ute Schmidt Die Quartiersgruppe in Waldacker bietet ab Freitag, den 20. Januar f\u00fcr sportlich Interessierte ihre regelm\u00e4\u00dfige Walking-Runde an. Die Walker treffen sich freitags um 10 Uhr am B\u00fcrgertreff Waldacker in der Goethestra\u00dfe 39. Die Laufstrecke beginnt und endet dort. Sie betr\u00e4gt ca. 5 km und wird in 1,5 Stunden absolviert. Alle,&hellip;","_links":{"self":[{"href":"https:\/\/www.quartier-waldacker.de\/index.php?rest_route=\/wp\/v2\/posts\/21284","targetHints":{"allow":["GET"]}}],"collection":[{"href":"https:\/\/www.quartier-waldacker.de\/index.php?rest_route=\/wp\/v2\/posts"}],"about":[{"href":"https:\/\/www.quartier-waldacker.de\/index.php?rest_route=\/wp\/v2\/types\/post"}],"author":[{"embeddable":true,"href":"https:\/\/www.quartier-waldacker.de\/index.php?rest_route=\/wp\/v2\/users\/1"}],"replies":[{"embeddable":true,"href":"https:\/\/www.quartier-waldacker.de\/index.php?rest_route=%2Fwp%2Fv2%2Fcomments&post=21284"}],"version-history":[{"count":0,"href":"https:\/\/www.quartier-waldacker.de\/index.php?rest_route=\/wp\/v2\/posts\/21284\/revisions"}],"wp:featuredmedia":[{"embeddable":true,"href":"https:\/\/www.quartier-waldacker.de\/index.php?rest_route=\/wp\/v2\/media\/10901"}],"wp:attachment":[{"href":"https:\/\/www.quartier-waldacker.de\/index.php?rest_route=%2Fwp%2Fv2%2Fmedia&parent=21284"}],"wp:term":[{"taxonomy":"category","embeddable":true,"href":"https:\/\/www.quartier-waldacker.de\/index.php?rest_route=%2Fwp%2Fv2%2Fcategories&post=21284"},{"taxonomy":"post_tag","embeddable":true,"href":"https:\/\/www.quartier-waldacker.de\/index.php?rest_route=%2Fwp%2Fv2%2Ftags&post=21284"}],"curies":[{"name":"wp","href":"https:\/\/api.w.org\/{rel}","templated":true}]}}