{"id":21120,"date":"2022-10-12T17:35:05","date_gmt":"2022-10-12T15:35:05","guid":{"rendered":"https:\/\/www.quartier-waldacker.de\/?p=21120"},"modified":"2024-06-11T12:56:42","modified_gmt":"2024-06-11T10:56:42","slug":"stadtradeln-2022-radgruppe-quartier-waldacker-radelt-fuer-ein-gutes-klima","status":"publish","type":"post","link":"https:\/\/www.quartier-waldacker.de\/?p=21120","title":{"rendered":"Stadtradeln 2022 \u2013 Radgruppe Quartier-Waldacker radelt f\u00fcr ein gutes Klima!"},"content":{"rendered":"<p><span style=\"font-size: 20px;\">Das diesj\u00e4hrige Stadtradeln startete am 9.Sept mit 27 Teams und endete am 24. Sept. Das Wetter war in der 2. Woche regnerisch, windig und unangenehm. So verblieben eigentlich nur 2 Wochen zum ausgiebigen Radeln.<\/span><\/p>\n<p><span style=\"font-size: 20px;\">Am 7. Oktober war die offizielle Abschluss-Veranstaltung von STADTRADELN 2022 bei einem Glas Wein oder sonstigen Getr\u00e4nken im Dinjer Hof (sch\u00f6nes Ambiente) in Ober-Roden. Die Radgruppe Quartier-Waldacker erschien fast komplett zur Veranstaltung.\u00a0 Durch die Veranstaltung f\u00fchrte ADFC Vorstand-Stellvertreter Christian Beers, die Ehrung vollzog B\u00fcrgermeister J\u00fcrgen Rotter mit Alpenveilchen und Urkunden. Geehrt wurde zun\u00e4chst die gr\u00f6\u00dfte und die kleinste Teilnehmergruppe, die Ev. Kirchengemeinde mit 48 <img data-recalc-dims=\"1\" loading=\"lazy\" decoding=\"async\" data-attachment-id=\"21123\" data-permalink=\"https:\/\/www.quartier-waldacker.de\/?attachment_id=21123#main\" data-orig-file=\"https:\/\/i0.wp.com\/www.quartier-waldacker.de\/wp-content\/uploads\/2022\/10\/Ehrung-5_2022.jpg?fit=1599%2C899&amp;ssl=1\" data-orig-size=\"1599,899\" data-comments-opened=\"1\" data-image-meta=\"{&quot;aperture&quot;:&quot;0&quot;,&quot;credit&quot;:&quot;&quot;,&quot;camera&quot;:&quot;&quot;,&quot;caption&quot;:&quot;&quot;,&quot;created_timestamp&quot;:&quot;0&quot;,&quot;copyright&quot;:&quot;&quot;,&quot;focal_length&quot;:&quot;0&quot;,&quot;iso&quot;:&quot;0&quot;,&quot;shutter_speed&quot;:&quot;0&quot;,&quot;title&quot;:&quot;&quot;,&quot;orientation&quot;:&quot;1&quot;}\" data-image-title=\"Ehrung 5_2022\" data-image-description=\"\" data-image-caption=\"\" data-large-file=\"https:\/\/i0.wp.com\/www.quartier-waldacker.de\/wp-content\/uploads\/2022\/10\/Ehrung-5_2022.jpg?fit=1024%2C576&amp;ssl=1\" class=\"size-medium wp-image-21123 alignright\" src=\"https:\/\/i0.wp.com\/www.quartier-waldacker.de\/wp-content\/uploads\/2022\/10\/Ehrung-5_2022.jpg?resize=300%2C169&#038;ssl=1\" alt=\"\" width=\"300\" height=\"169\" srcset=\"https:\/\/i0.wp.com\/www.quartier-waldacker.de\/wp-content\/uploads\/2022\/10\/Ehrung-5_2022.jpg?resize=300%2C169&amp;ssl=1 300w, https:\/\/i0.wp.com\/www.quartier-waldacker.de\/wp-content\/uploads\/2022\/10\/Ehrung-5_2022.jpg?resize=1024%2C576&amp;ssl=1 1024w, https:\/\/i0.wp.com\/www.quartier-waldacker.de\/wp-content\/uploads\/2022\/10\/Ehrung-5_2022.jpg?resize=768%2C432&amp;ssl=1 768w, https:\/\/i0.wp.com\/www.quartier-waldacker.de\/wp-content\/uploads\/2022\/10\/Ehrung-5_2022.jpg?resize=1536%2C864&amp;ssl=1 1536w, https:\/\/i0.wp.com\/www.quartier-waldacker.de\/wp-content\/uploads\/2022\/10\/Ehrung-5_2022.jpg?w=1599&amp;ssl=1 1599w\" sizes=\"auto, (max-width: 300px) 100vw, 300px\" \/>Teilnehmern und Team Wiesenklee mit 2 Teilnehmern. Danach \u00fcbernahm Gerhard Elsesser \u00a0&#8211; stellvertretend f\u00fcr unser Organisator Reinhold Harnoth &#8211; vom B\u00fcrgermeister die Urkunde plus Alpenveilchen f\u00fcr die Gesamtleistung der Radgruppe Quartier-Waldacker. Monika Grohmann &#8211; die Beste aus der Radgruppe &#8211; erhielt f\u00fcr ihre Spitzenleistung von 1435 gefahrenen Kilometern ebenso eine Urkunde und Alpenveilchen. Beide Urkunden waren mit der Auszeichnung \u201eGold\u201c versehen. Last but not least &#8211; Thorsten Heusinger vom Team Wiesenklee empfing eine Ehrung f\u00fcr die meistgefahrene Kilometer pro Person.<\/span><\/p>\n<p><span style=\"font-size: 20px;\"><img data-recalc-dims=\"1\" loading=\"lazy\" decoding=\"async\" data-attachment-id=\"21121\" data-permalink=\"https:\/\/www.quartier-waldacker.de\/?attachment_id=21121#main\" data-orig-file=\"https:\/\/i0.wp.com\/www.quartier-waldacker.de\/wp-content\/uploads\/2022\/10\/Radlergruppe1280.jpg?fit=1280%2C960&amp;ssl=1\" data-orig-size=\"1280,960\" data-comments-opened=\"1\" data-image-meta=\"{&quot;aperture&quot;:&quot;0&quot;,&quot;credit&quot;:&quot;&quot;,&quot;camera&quot;:&quot;&quot;,&quot;caption&quot;:&quot;&quot;,&quot;created_timestamp&quot;:&quot;0&quot;,&quot;copyright&quot;:&quot;&quot;,&quot;focal_length&quot;:&quot;0&quot;,&quot;iso&quot;:&quot;0&quot;,&quot;shutter_speed&quot;:&quot;0&quot;,&quot;title&quot;:&quot;&quot;,&quot;orientation&quot;:&quot;0&quot;}\" data-image-title=\"Radlergruppe1280\" data-image-description=\"\" data-image-caption=\"\" data-large-file=\"https:\/\/i0.wp.com\/www.quartier-waldacker.de\/wp-content\/uploads\/2022\/10\/Radlergruppe1280.jpg?fit=1024%2C768&amp;ssl=1\" class=\"size-medium wp-image-21121 alignleft\" src=\"https:\/\/i0.wp.com\/www.quartier-waldacker.de\/wp-content\/uploads\/2022\/10\/Radlergruppe1280.jpg?resize=300%2C225&#038;ssl=1\" alt=\"\" width=\"300\" height=\"225\" srcset=\"https:\/\/i0.wp.com\/www.quartier-waldacker.de\/wp-content\/uploads\/2022\/10\/Radlergruppe1280.jpg?resize=300%2C225&amp;ssl=1 300w, https:\/\/i0.wp.com\/www.quartier-waldacker.de\/wp-content\/uploads\/2022\/10\/Radlergruppe1280.jpg?resize=1024%2C768&amp;ssl=1 1024w, https:\/\/i0.wp.com\/www.quartier-waldacker.de\/wp-content\/uploads\/2022\/10\/Radlergruppe1280.jpg?resize=768%2C576&amp;ssl=1 768w, https:\/\/i0.wp.com\/www.quartier-waldacker.de\/wp-content\/uploads\/2022\/10\/Radlergruppe1280.jpg?w=1280&amp;ssl=1 1280w\" sizes=\"auto, (max-width: 300px) 100vw, 300px\" \/>Das Jahr 2022 war f\u00fcr unsere Radler und Radlerinnen ein gutes erfolgreiches Jahr. Erster Platz f\u00fcr die Radgruppe vom Quartier-Waldacker\u00a0 beim Stadtradeln R\u00f6dermark mit 23 Teilnehmern und 12053 gefahrenen Kilometern mit einer durchschnittlichen Fahrleistung von 524 km\/ Radler bzw. Radlerinnen, und das alles trotz der schon erw\u00e4hnten teilweisen schlechten\u00a0 Wetterbedingungen. Geplant war, den f\u00fcnften Platz zu behalten, wenn m\u00f6glich ein, zwei Pl\u00e4tze nach vorne zu r\u00fccken. Von diesem tollen Ergebnis war die Gruppe selbst \u00fcberrascht. Super Leistung! Ein\u00a0 \u00a0besonderes Lob an die Routenplaner Gerhard Elsesser und Horst Zimmer.<\/span><\/p>\n<p><span style=\"font-size: 20px;\"><strong>Weitere Zahlen: <\/strong><\/span><\/p>\n<p><span style=\"font-size: 20px;\">Gesamt gefahrene Kilometer in R\u00f6dermark \u00a0\u00a0\u00a0\u00a0 67906 km\u00a0<\/span><\/p>\n<p><span style=\"font-size: 20px;\">Rang 53 in Hessen und Rang 815 im gesamten Deutschland<\/span><\/p>\n<div class=\"tiled-gallery type-rectangular tiled-gallery-unresized\" data-original-width=\"1200\" data-carousel-extra='{&quot;blog_id&quot;:1,&quot;permalink&quot;:&quot;https:\\\/\\\/www.quartier-waldacker.de\\\/?p=21120&quot;,&quot;likes_blog_id&quot;:42826531}' itemscope itemtype=\"http:\/\/schema.org\/ImageGallery\" > <div class=\"gallery-row\" style=\"width: 1200px; height: 243px;\" data-original-width=\"1200\" data-original-height=\"243\" > <div class=\"gallery-group images-1\" style=\"width: 173px; height: 243px;\" data-original-width=\"173\" data-original-height=\"243\" > <div class=\"tiled-gallery-item tiled-gallery-item-small\" itemprop=\"associatedMedia\" itemscope itemtype=\"http:\/\/schema.org\/ImageObject\"> <a href=\"https:\/\/www.quartier-waldacker.de\/?attachment_id=21136#main\" border=\"0\" itemprop=\"url\"> <meta itemprop=\"width\" content=\"169\"> <meta itemprop=\"height\" content=\"239\"> <img decoding=\"async\" class=\"\" data-attachment-id=\"21136\" data-orig-file=\"https:\/\/www.quartier-waldacker.de\/wp-content\/uploads\/2022\/10\/Urkunde_2022.jpg\" data-orig-size=\"586,830\" data-comments-opened=\"1\" data-image-meta=\"{&quot;aperture&quot;:&quot;0&quot;,&quot;credit&quot;:&quot;&quot;,&quot;camera&quot;:&quot;&quot;,&quot;caption&quot;:&quot;&quot;,&quot;created_timestamp&quot;:&quot;0&quot;,&quot;copyright&quot;:&quot;&quot;,&quot;focal_length&quot;:&quot;0&quot;,&quot;iso&quot;:&quot;0&quot;,&quot;shutter_speed&quot;:&quot;0&quot;,&quot;title&quot;:&quot;&quot;,&quot;orientation&quot;:&quot;1&quot;}\" data-image-title=\"Urkunde_2022\" data-image-description=\"\" data-medium-file=\"https:\/\/i0.wp.com\/www.quartier-waldacker.de\/wp-content\/uploads\/2022\/10\/Urkunde_2022.jpg?fit=212%2C300&#038;ssl=1\" data-large-file=\"https:\/\/i0.wp.com\/www.quartier-waldacker.de\/wp-content\/uploads\/2022\/10\/Urkunde_2022.jpg?fit=586%2C830&#038;ssl=1\" src=\"https:\/\/i0.wp.com\/www.quartier-waldacker.de\/wp-content\/uploads\/2022\/10\/Urkunde_2022.jpg?w=169&#038;h=239&#038;ssl=1\" srcset=\"https:\/\/i0.wp.com\/www.quartier-waldacker.de\/wp-content\/uploads\/2022\/10\/Urkunde_2022.jpg?w=586&amp;ssl=1 586w, https:\/\/i0.wp.com\/www.quartier-waldacker.de\/wp-content\/uploads\/2022\/10\/Urkunde_2022.jpg?resize=212%2C300&amp;ssl=1 212w\" width=\"169\" height=\"239\" loading=\"lazy\" data-original-width=\"169\" data-original-height=\"239\" itemprop=\"http:\/\/schema.org\/image\" title=\"Urkunde_2022\" alt=\"Urkunde_2022\" style=\"width: 169px; height: 239px;\" \/> <\/a> <\/div> <\/div> <!-- close group --> <div class=\"gallery-group images-1\" style=\"width: 200px; height: 243px;\" data-original-width=\"200\" data-original-height=\"243\" > <div class=\"tiled-gallery-item tiled-gallery-item-small\" itemprop=\"associatedMedia\" itemscope itemtype=\"http:\/\/schema.org\/ImageObject\"> <a href=\"https:\/\/www.quartier-waldacker.de\/?attachment_id=21135#main\" border=\"0\" itemprop=\"url\"> <meta itemprop=\"width\" content=\"196\"> <meta itemprop=\"height\" content=\"239\"> <img decoding=\"async\" class=\"\" data-attachment-id=\"21135\" data-orig-file=\"https:\/\/www.quartier-waldacker.de\/wp-content\/uploads\/2022\/10\/Moni_Urkunde2022.jpg\" data-orig-size=\"586,712\" data-comments-opened=\"1\" data-image-meta=\"{&quot;aperture&quot;:&quot;0&quot;,&quot;credit&quot;:&quot;&quot;,&quot;camera&quot;:&quot;&quot;,&quot;caption&quot;:&quot;&quot;,&quot;created_timestamp&quot;:&quot;0&quot;,&quot;copyright&quot;:&quot;&quot;,&quot;focal_length&quot;:&quot;0&quot;,&quot;iso&quot;:&quot;0&quot;,&quot;shutter_speed&quot;:&quot;0&quot;,&quot;title&quot;:&quot;&quot;,&quot;orientation&quot;:&quot;1&quot;}\" data-image-title=\"Moni_Urkunde2022\" data-image-description=\"\" data-medium-file=\"https:\/\/i0.wp.com\/www.quartier-waldacker.de\/wp-content\/uploads\/2022\/10\/Moni_Urkunde2022.jpg?fit=247%2C300&#038;ssl=1\" data-large-file=\"https:\/\/i0.wp.com\/www.quartier-waldacker.de\/wp-content\/uploads\/2022\/10\/Moni_Urkunde2022.jpg?fit=586%2C712&#038;ssl=1\" src=\"https:\/\/i0.wp.com\/www.quartier-waldacker.de\/wp-content\/uploads\/2022\/10\/Moni_Urkunde2022.jpg?w=196&#038;h=239&#038;ssl=1\" srcset=\"https:\/\/i0.wp.com\/www.quartier-waldacker.de\/wp-content\/uploads\/2022\/10\/Moni_Urkunde2022.jpg?w=586&amp;ssl=1 586w, https:\/\/i0.wp.com\/www.quartier-waldacker.de\/wp-content\/uploads\/2022\/10\/Moni_Urkunde2022.jpg?resize=247%2C300&amp;ssl=1 247w\" width=\"196\" height=\"239\" loading=\"lazy\" data-original-width=\"196\" data-original-height=\"239\" itemprop=\"http:\/\/schema.org\/image\" title=\"Moni_Urkunde2022\" alt=\"Moni_Urkunde2022\" style=\"width: 196px; height: 239px;\" \/> <\/a> <\/div> <\/div> <!-- close group --> <div class=\"gallery-group images-1\" style=\"width: 322px; height: 243px;\" data-original-width=\"322\" data-original-height=\"243\" > <div class=\"tiled-gallery-item tiled-gallery-item-large\" itemprop=\"associatedMedia\" itemscope itemtype=\"http:\/\/schema.org\/ImageObject\"> <a href=\"https:\/\/www.quartier-waldacker.de\/?attachment_id=21134#main\" border=\"0\" itemprop=\"url\"> <meta itemprop=\"width\" content=\"318\"> <meta itemprop=\"height\" content=\"239\"> <img decoding=\"async\" class=\"\" data-attachment-id=\"21134\" data-orig-file=\"https:\/\/www.quartier-waldacker.de\/wp-content\/uploads\/2022\/10\/Ehrung-10_2022.jpg\" data-orig-size=\"1024,768\" data-comments-opened=\"1\" data-image-meta=\"{&quot;aperture&quot;:&quot;0&quot;,&quot;credit&quot;:&quot;&quot;,&quot;camera&quot;:&quot;&quot;,&quot;caption&quot;:&quot;&quot;,&quot;created_timestamp&quot;:&quot;0&quot;,&quot;copyright&quot;:&quot;&quot;,&quot;focal_length&quot;:&quot;0&quot;,&quot;iso&quot;:&quot;0&quot;,&quot;shutter_speed&quot;:&quot;0&quot;,&quot;title&quot;:&quot;&quot;,&quot;orientation&quot;:&quot;1&quot;}\" data-image-title=\"Ehrung 10_2022\" data-image-description=\"\" data-medium-file=\"https:\/\/i0.wp.com\/www.quartier-waldacker.de\/wp-content\/uploads\/2022\/10\/Ehrung-10_2022.jpg?fit=300%2C225&#038;ssl=1\" data-large-file=\"https:\/\/i0.wp.com\/www.quartier-waldacker.de\/wp-content\/uploads\/2022\/10\/Ehrung-10_2022.jpg?fit=1024%2C768&#038;ssl=1\" src=\"https:\/\/i0.wp.com\/www.quartier-waldacker.de\/wp-content\/uploads\/2022\/10\/Ehrung-10_2022.jpg?w=318&#038;h=239&#038;ssl=1\" srcset=\"https:\/\/i0.wp.com\/www.quartier-waldacker.de\/wp-content\/uploads\/2022\/10\/Ehrung-10_2022.jpg?w=1024&amp;ssl=1 1024w, https:\/\/i0.wp.com\/www.quartier-waldacker.de\/wp-content\/uploads\/2022\/10\/Ehrung-10_2022.jpg?resize=300%2C225&amp;ssl=1 300w, https:\/\/i0.wp.com\/www.quartier-waldacker.de\/wp-content\/uploads\/2022\/10\/Ehrung-10_2022.jpg?resize=768%2C576&amp;ssl=1 768w\" width=\"318\" height=\"239\" loading=\"lazy\" data-original-width=\"318\" data-original-height=\"239\" itemprop=\"http:\/\/schema.org\/image\" title=\"Ehrung 10_2022\" alt=\"Ehrung 10_2022\" style=\"width: 318px; height: 239px;\" \/> <\/a> <\/div> <\/div> <!-- close group --> <div class=\"gallery-group images-1\" style=\"width: 322px; height: 243px;\" data-original-width=\"322\" data-original-height=\"243\" > <div class=\"tiled-gallery-item tiled-gallery-item-large\" itemprop=\"associatedMedia\" itemscope itemtype=\"http:\/\/schema.org\/ImageObject\"> <a href=\"https:\/\/www.quartier-waldacker.de\/?attachment_id=21133#main\" border=\"0\" itemprop=\"url\"> <meta itemprop=\"width\" content=\"318\"> <meta itemprop=\"height\" content=\"239\"> <img decoding=\"async\" class=\"\" data-attachment-id=\"21133\" data-orig-file=\"https:\/\/www.quartier-waldacker.de\/wp-content\/uploads\/2022\/10\/Ehrung-8_2022.jpg\" data-orig-size=\"1024,768\" data-comments-opened=\"1\" data-image-meta=\"{&quot;aperture&quot;:&quot;0&quot;,&quot;credit&quot;:&quot;&quot;,&quot;camera&quot;:&quot;&quot;,&quot;caption&quot;:&quot;&quot;,&quot;created_timestamp&quot;:&quot;0&quot;,&quot;copyright&quot;:&quot;&quot;,&quot;focal_length&quot;:&quot;0&quot;,&quot;iso&quot;:&quot;0&quot;,&quot;shutter_speed&quot;:&quot;0&quot;,&quot;title&quot;:&quot;&quot;,&quot;orientation&quot;:&quot;1&quot;}\" data-image-title=\"Ehrung 8_2022\" data-image-description=\"\" data-medium-file=\"https:\/\/i0.wp.com\/www.quartier-waldacker.de\/wp-content\/uploads\/2022\/10\/Ehrung-8_2022.jpg?fit=300%2C225&#038;ssl=1\" data-large-file=\"https:\/\/i0.wp.com\/www.quartier-waldacker.de\/wp-content\/uploads\/2022\/10\/Ehrung-8_2022.jpg?fit=1024%2C768&#038;ssl=1\" src=\"https:\/\/i0.wp.com\/www.quartier-waldacker.de\/wp-content\/uploads\/2022\/10\/Ehrung-8_2022.jpg?w=318&#038;h=239&#038;ssl=1\" srcset=\"https:\/\/i0.wp.com\/www.quartier-waldacker.de\/wp-content\/uploads\/2022\/10\/Ehrung-8_2022.jpg?w=1024&amp;ssl=1 1024w, https:\/\/i0.wp.com\/www.quartier-waldacker.de\/wp-content\/uploads\/2022\/10\/Ehrung-8_2022.jpg?resize=300%2C225&amp;ssl=1 300w, https:\/\/i0.wp.com\/www.quartier-waldacker.de\/wp-content\/uploads\/2022\/10\/Ehrung-8_2022.jpg?resize=768%2C576&amp;ssl=1 768w\" width=\"318\" height=\"239\" loading=\"lazy\" data-original-width=\"318\" data-original-height=\"239\" itemprop=\"http:\/\/schema.org\/image\" title=\"Ehrung 8_2022\" alt=\"Ehrung 8_2022\" style=\"width: 318px; height: 239px;\" \/> <\/a> <\/div> <\/div> <!-- close group --> <div class=\"gallery-group images-1\" style=\"width: 183px; height: 243px;\" data-original-width=\"183\" data-original-height=\"243\" > <div class=\"tiled-gallery-item tiled-gallery-item-small\" itemprop=\"associatedMedia\" itemscope itemtype=\"http:\/\/schema.org\/ImageObject\"> <a href=\"https:\/\/www.quartier-waldacker.de\/?attachment_id=21132#main\" border=\"0\" itemprop=\"url\"> <meta itemprop=\"width\" content=\"179\"> <meta itemprop=\"height\" content=\"239\"> <img decoding=\"async\" class=\"\" data-attachment-id=\"21132\" data-orig-file=\"https:\/\/www.quartier-waldacker.de\/wp-content\/uploads\/2022\/10\/Ehrung-7_2022.jpg\" data-orig-size=\"768,1024\" data-comments-opened=\"1\" data-image-meta=\"{&quot;aperture&quot;:&quot;0&quot;,&quot;credit&quot;:&quot;&quot;,&quot;camera&quot;:&quot;&quot;,&quot;caption&quot;:&quot;&quot;,&quot;created_timestamp&quot;:&quot;0&quot;,&quot;copyright&quot;:&quot;&quot;,&quot;focal_length&quot;:&quot;0&quot;,&quot;iso&quot;:&quot;0&quot;,&quot;shutter_speed&quot;:&quot;0&quot;,&quot;title&quot;:&quot;&quot;,&quot;orientation&quot;:&quot;1&quot;}\" data-image-title=\"Ehrung 7_2022\" data-image-description=\"\" data-medium-file=\"https:\/\/i0.wp.com\/www.quartier-waldacker.de\/wp-content\/uploads\/2022\/10\/Ehrung-7_2022.jpg?fit=225%2C300&#038;ssl=1\" data-large-file=\"https:\/\/i0.wp.com\/www.quartier-waldacker.de\/wp-content\/uploads\/2022\/10\/Ehrung-7_2022.jpg?fit=768%2C1024&#038;ssl=1\" src=\"https:\/\/i0.wp.com\/www.quartier-waldacker.de\/wp-content\/uploads\/2022\/10\/Ehrung-7_2022.jpg?w=179&#038;h=239&#038;ssl=1\" srcset=\"https:\/\/i0.wp.com\/www.quartier-waldacker.de\/wp-content\/uploads\/2022\/10\/Ehrung-7_2022.jpg?w=768&amp;ssl=1 768w, https:\/\/i0.wp.com\/www.quartier-waldacker.de\/wp-content\/uploads\/2022\/10\/Ehrung-7_2022.jpg?resize=225%2C300&amp;ssl=1 225w\" width=\"179\" height=\"239\" loading=\"lazy\" data-original-width=\"179\" data-original-height=\"239\" itemprop=\"http:\/\/schema.org\/image\" title=\"Ehrung 7_2022\" alt=\"Ehrung 7_2022\" style=\"width: 179px; height: 239px;\" \/> <\/a> <\/div> <\/div> <!-- close group --> <\/div> <!-- close row --> <div class=\"gallery-row\" style=\"width: 1200px; height: 389px;\" data-original-width=\"1200\" data-original-height=\"389\" > <div class=\"gallery-group images-1\" style=\"width: 293px; height: 389px;\" data-original-width=\"293\" data-original-height=\"389\" > <div class=\"tiled-gallery-item tiled-gallery-item-large\" itemprop=\"associatedMedia\" itemscope itemtype=\"http:\/\/schema.org\/ImageObject\"> <a href=\"https:\/\/www.quartier-waldacker.de\/?attachment_id=21131#main\" border=\"0\" itemprop=\"url\"> <meta itemprop=\"width\" content=\"289\"> <meta itemprop=\"height\" content=\"385\"> <img decoding=\"async\" class=\"\" data-attachment-id=\"21131\" data-orig-file=\"https:\/\/www.quartier-waldacker.de\/wp-content\/uploads\/2022\/10\/Ehrung-6_2022.jpg\" data-orig-size=\"768,1024\" data-comments-opened=\"1\" data-image-meta=\"{&quot;aperture&quot;:&quot;0&quot;,&quot;credit&quot;:&quot;&quot;,&quot;camera&quot;:&quot;&quot;,&quot;caption&quot;:&quot;&quot;,&quot;created_timestamp&quot;:&quot;0&quot;,&quot;copyright&quot;:&quot;&quot;,&quot;focal_length&quot;:&quot;0&quot;,&quot;iso&quot;:&quot;0&quot;,&quot;shutter_speed&quot;:&quot;0&quot;,&quot;title&quot;:&quot;&quot;,&quot;orientation&quot;:&quot;1&quot;}\" data-image-title=\"Ehrung 6_2022\" data-image-description=\"\" data-medium-file=\"https:\/\/i0.wp.com\/www.quartier-waldacker.de\/wp-content\/uploads\/2022\/10\/Ehrung-6_2022.jpg?fit=225%2C300&#038;ssl=1\" data-large-file=\"https:\/\/i0.wp.com\/www.quartier-waldacker.de\/wp-content\/uploads\/2022\/10\/Ehrung-6_2022.jpg?fit=768%2C1024&#038;ssl=1\" src=\"https:\/\/i0.wp.com\/www.quartier-waldacker.de\/wp-content\/uploads\/2022\/10\/Ehrung-6_2022.jpg?w=289&#038;h=385&#038;ssl=1\" srcset=\"https:\/\/i0.wp.com\/www.quartier-waldacker.de\/wp-content\/uploads\/2022\/10\/Ehrung-6_2022.jpg?w=768&amp;ssl=1 768w, https:\/\/i0.wp.com\/www.quartier-waldacker.de\/wp-content\/uploads\/2022\/10\/Ehrung-6_2022.jpg?resize=225%2C300&amp;ssl=1 225w\" width=\"289\" height=\"385\" loading=\"lazy\" data-original-width=\"289\" data-original-height=\"385\" itemprop=\"http:\/\/schema.org\/image\" title=\"Ehrung 6_2022\" alt=\"Ehrung 6_2022\" style=\"width: 289px; height: 385px;\" \/> <\/a> <\/div> <\/div> <!-- close group --> <div class=\"gallery-group images-1\" style=\"width: 265px; height: 389px;\" data-original-width=\"265\" data-original-height=\"389\" > <div class=\"tiled-gallery-item tiled-gallery-item-large\" itemprop=\"associatedMedia\" itemscope itemtype=\"http:\/\/schema.org\/ImageObject\"> <a href=\"https:\/\/www.quartier-waldacker.de\/?attachment_id=21130#main\" border=\"0\" itemprop=\"url\"> <meta itemprop=\"width\" content=\"261\"> <meta itemprop=\"height\" content=\"385\"> <img decoding=\"async\" class=\"\" data-attachment-id=\"21130\" data-orig-file=\"https:\/\/www.quartier-waldacker.de\/wp-content\/uploads\/2022\/10\/Ehrung-2_2022.jpg\" data-orig-size=\"1084,1600\" data-comments-opened=\"1\" data-image-meta=\"{&quot;aperture&quot;:&quot;0&quot;,&quot;credit&quot;:&quot;&quot;,&quot;camera&quot;:&quot;&quot;,&quot;caption&quot;:&quot;&quot;,&quot;created_timestamp&quot;:&quot;0&quot;,&quot;copyright&quot;:&quot;&quot;,&quot;focal_length&quot;:&quot;0&quot;,&quot;iso&quot;:&quot;0&quot;,&quot;shutter_speed&quot;:&quot;0&quot;,&quot;title&quot;:&quot;&quot;,&quot;orientation&quot;:&quot;1&quot;}\" data-image-title=\"Ehrung 2_2022\" data-image-description=\"\" data-medium-file=\"https:\/\/i0.wp.com\/www.quartier-waldacker.de\/wp-content\/uploads\/2022\/10\/Ehrung-2_2022.jpg?fit=203%2C300&#038;ssl=1\" data-large-file=\"https:\/\/i0.wp.com\/www.quartier-waldacker.de\/wp-content\/uploads\/2022\/10\/Ehrung-2_2022.jpg?fit=694%2C1024&#038;ssl=1\" src=\"https:\/\/i0.wp.com\/www.quartier-waldacker.de\/wp-content\/uploads\/2022\/10\/Ehrung-2_2022.jpg?w=261&#038;h=385&#038;ssl=1\" srcset=\"https:\/\/i0.wp.com\/www.quartier-waldacker.de\/wp-content\/uploads\/2022\/10\/Ehrung-2_2022.jpg?w=1084&amp;ssl=1 1084w, https:\/\/i0.wp.com\/www.quartier-waldacker.de\/wp-content\/uploads\/2022\/10\/Ehrung-2_2022.jpg?resize=203%2C300&amp;ssl=1 203w, https:\/\/i0.wp.com\/www.quartier-waldacker.de\/wp-content\/uploads\/2022\/10\/Ehrung-2_2022.jpg?resize=694%2C1024&amp;ssl=1 694w, https:\/\/i0.wp.com\/www.quartier-waldacker.de\/wp-content\/uploads\/2022\/10\/Ehrung-2_2022.jpg?resize=768%2C1134&amp;ssl=1 768w, https:\/\/i0.wp.com\/www.quartier-waldacker.de\/wp-content\/uploads\/2022\/10\/Ehrung-2_2022.jpg?resize=1041%2C1536&amp;ssl=1 1041w\" width=\"261\" height=\"385\" loading=\"lazy\" data-original-width=\"261\" data-original-height=\"385\" itemprop=\"http:\/\/schema.org\/image\" title=\"Ehrung 2_2022\" alt=\"Ehrung 2_2022\" style=\"width: 261px; height: 385px;\" \/> <\/a> <\/div> <\/div> <!-- close group --> <div class=\"gallery-group images-1\" style=\"width: 642px; height: 389px;\" data-original-width=\"642\" data-original-height=\"389\" > <div class=\"tiled-gallery-item tiled-gallery-item-large\" itemprop=\"associatedMedia\" itemscope itemtype=\"http:\/\/schema.org\/ImageObject\"> <a href=\"https:\/\/www.quartier-waldacker.de\/?attachment_id=21129#main\" border=\"0\" itemprop=\"url\"> <meta itemprop=\"width\" content=\"638\"> <meta itemprop=\"height\" content=\"385\"> <img decoding=\"async\" class=\"\" data-attachment-id=\"21129\" data-orig-file=\"https:\/\/www.quartier-waldacker.de\/wp-content\/uploads\/2022\/10\/Ehrung-4_2022.jpg\" data-orig-size=\"1600,967\" data-comments-opened=\"1\" data-image-meta=\"{&quot;aperture&quot;:&quot;0&quot;,&quot;credit&quot;:&quot;&quot;,&quot;camera&quot;:&quot;&quot;,&quot;caption&quot;:&quot;&quot;,&quot;created_timestamp&quot;:&quot;0&quot;,&quot;copyright&quot;:&quot;&quot;,&quot;focal_length&quot;:&quot;0&quot;,&quot;iso&quot;:&quot;0&quot;,&quot;shutter_speed&quot;:&quot;0&quot;,&quot;title&quot;:&quot;&quot;,&quot;orientation&quot;:&quot;1&quot;}\" data-image-title=\"Ehrung 4_2022\" data-image-description=\"\" data-medium-file=\"https:\/\/i0.wp.com\/www.quartier-waldacker.de\/wp-content\/uploads\/2022\/10\/Ehrung-4_2022.jpg?fit=300%2C181&#038;ssl=1\" data-large-file=\"https:\/\/i0.wp.com\/www.quartier-waldacker.de\/wp-content\/uploads\/2022\/10\/Ehrung-4_2022.jpg?fit=1024%2C619&#038;ssl=1\" src=\"https:\/\/i0.wp.com\/www.quartier-waldacker.de\/wp-content\/uploads\/2022\/10\/Ehrung-4_2022.jpg?w=638&#038;h=385&#038;ssl=1\" srcset=\"https:\/\/i0.wp.com\/www.quartier-waldacker.de\/wp-content\/uploads\/2022\/10\/Ehrung-4_2022.jpg?w=1600&amp;ssl=1 1600w, https:\/\/i0.wp.com\/www.quartier-waldacker.de\/wp-content\/uploads\/2022\/10\/Ehrung-4_2022.jpg?resize=300%2C181&amp;ssl=1 300w, https:\/\/i0.wp.com\/www.quartier-waldacker.de\/wp-content\/uploads\/2022\/10\/Ehrung-4_2022.jpg?resize=1024%2C619&amp;ssl=1 1024w, https:\/\/i0.wp.com\/www.quartier-waldacker.de\/wp-content\/uploads\/2022\/10\/Ehrung-4_2022.jpg?resize=768%2C464&amp;ssl=1 768w, https:\/\/i0.wp.com\/www.quartier-waldacker.de\/wp-content\/uploads\/2022\/10\/Ehrung-4_2022.jpg?resize=1536%2C928&amp;ssl=1 1536w\" width=\"638\" height=\"385\" loading=\"lazy\" data-original-width=\"638\" data-original-height=\"385\" itemprop=\"http:\/\/schema.org\/image\" title=\"Ehrung 4_2022\" alt=\"Ehrung 4_2022\" style=\"width: 638px; height: 385px;\" \/> <\/a> <\/div> <\/div> <!-- close group --> <\/div> <!-- close row --> <div class=\"gallery-row\" style=\"width: 1200px; height: 581px;\" data-original-width=\"1200\" data-original-height=\"581\" > <div class=\"gallery-group images-1\" style=\"width: 814px; height: 581px;\" data-original-width=\"814\" data-original-height=\"581\" > <div class=\"tiled-gallery-item tiled-gallery-item-large\" itemprop=\"associatedMedia\" itemscope itemtype=\"http:\/\/schema.org\/ImageObject\"> <a href=\"https:\/\/www.quartier-waldacker.de\/?attachment_id=21128#main\" border=\"0\" itemprop=\"url\"> <meta itemprop=\"width\" content=\"810\"> <meta itemprop=\"height\" content=\"577\"> <img decoding=\"async\" class=\"\" data-attachment-id=\"21128\" data-orig-file=\"https:\/\/www.quartier-waldacker.de\/wp-content\/uploads\/2022\/10\/Ehrung-3_2022.jpg\" data-orig-size=\"1600,1141\" data-comments-opened=\"1\" data-image-meta=\"{&quot;aperture&quot;:&quot;0&quot;,&quot;credit&quot;:&quot;&quot;,&quot;camera&quot;:&quot;&quot;,&quot;caption&quot;:&quot;&quot;,&quot;created_timestamp&quot;:&quot;0&quot;,&quot;copyright&quot;:&quot;&quot;,&quot;focal_length&quot;:&quot;0&quot;,&quot;iso&quot;:&quot;0&quot;,&quot;shutter_speed&quot;:&quot;0&quot;,&quot;title&quot;:&quot;&quot;,&quot;orientation&quot;:&quot;1&quot;}\" data-image-title=\"Ehrung 3_2022\" data-image-description=\"\" data-medium-file=\"https:\/\/i0.wp.com\/www.quartier-waldacker.de\/wp-content\/uploads\/2022\/10\/Ehrung-3_2022.jpg?fit=300%2C214&#038;ssl=1\" data-large-file=\"https:\/\/i0.wp.com\/www.quartier-waldacker.de\/wp-content\/uploads\/2022\/10\/Ehrung-3_2022.jpg?fit=1024%2C730&#038;ssl=1\" src=\"https:\/\/i0.wp.com\/www.quartier-waldacker.de\/wp-content\/uploads\/2022\/10\/Ehrung-3_2022.jpg?w=810&#038;h=577&#038;ssl=1\" srcset=\"https:\/\/i0.wp.com\/www.quartier-waldacker.de\/wp-content\/uploads\/2022\/10\/Ehrung-3_2022.jpg?w=1600&amp;ssl=1 1600w, https:\/\/i0.wp.com\/www.quartier-waldacker.de\/wp-content\/uploads\/2022\/10\/Ehrung-3_2022.jpg?resize=300%2C214&amp;ssl=1 300w, https:\/\/i0.wp.com\/www.quartier-waldacker.de\/wp-content\/uploads\/2022\/10\/Ehrung-3_2022.jpg?resize=1024%2C730&amp;ssl=1 1024w, https:\/\/i0.wp.com\/www.quartier-waldacker.de\/wp-content\/uploads\/2022\/10\/Ehrung-3_2022.jpg?resize=768%2C548&amp;ssl=1 768w, https:\/\/i0.wp.com\/www.quartier-waldacker.de\/wp-content\/uploads\/2022\/10\/Ehrung-3_2022.jpg?resize=1536%2C1095&amp;ssl=1 1536w\" width=\"810\" height=\"577\" loading=\"lazy\" data-original-width=\"810\" data-original-height=\"577\" itemprop=\"http:\/\/schema.org\/image\" title=\"Ehrung 3_2022\" alt=\"Ehrung 3_2022\" style=\"width: 810px; height: 577px;\" \/> <\/a> <\/div> <\/div> <!-- close group --> <div class=\"gallery-group images-2\" style=\"width: 386px; height: 581px;\" data-original-width=\"386\" data-original-height=\"581\" > <div class=\"tiled-gallery-item tiled-gallery-item-large\" itemprop=\"associatedMedia\" itemscope itemtype=\"http:\/\/schema.org\/ImageObject\"> <a href=\"https:\/\/www.quartier-waldacker.de\/?attachment_id=21127#main\" border=\"0\" itemprop=\"url\"> <meta itemprop=\"width\" content=\"382\"> <meta itemprop=\"height\" content=\"287\"> <img decoding=\"async\" class=\"\" data-attachment-id=\"21127\" data-orig-file=\"https:\/\/www.quartier-waldacker.de\/wp-content\/uploads\/2022\/10\/1EF62FDE-311A-442A-A870-D8ACA48143EE-scaled.jpeg\" data-orig-size=\"2560,1920\" data-comments-opened=\"1\" data-image-meta=\"{&quot;aperture&quot;:&quot;0&quot;,&quot;credit&quot;:&quot;&quot;,&quot;camera&quot;:&quot;&quot;,&quot;caption&quot;:&quot;&quot;,&quot;created_timestamp&quot;:&quot;0&quot;,&quot;copyright&quot;:&quot;&quot;,&quot;focal_length&quot;:&quot;0&quot;,&quot;iso&quot;:&quot;0&quot;,&quot;shutter_speed&quot;:&quot;0&quot;,&quot;title&quot;:&quot;&quot;,&quot;orientation&quot;:&quot;1&quot;}\" data-image-title=\"1EF62FDE-311A-442A-A870-D8ACA48143EE\" data-image-description=\"\" data-medium-file=\"https:\/\/i0.wp.com\/www.quartier-waldacker.de\/wp-content\/uploads\/2022\/10\/1EF62FDE-311A-442A-A870-D8ACA48143EE-scaled.jpeg?fit=300%2C225&#038;ssl=1\" data-large-file=\"https:\/\/i0.wp.com\/www.quartier-waldacker.de\/wp-content\/uploads\/2022\/10\/1EF62FDE-311A-442A-A870-D8ACA48143EE-scaled.jpeg?fit=1024%2C768&#038;ssl=1\" src=\"https:\/\/i0.wp.com\/www.quartier-waldacker.de\/wp-content\/uploads\/2022\/10\/1EF62FDE-311A-442A-A870-D8ACA48143EE-scaled.jpeg?w=382&#038;h=287&#038;ssl=1\" srcset=\"https:\/\/i0.wp.com\/www.quartier-waldacker.de\/wp-content\/uploads\/2022\/10\/1EF62FDE-311A-442A-A870-D8ACA48143EE-scaled.jpeg?w=2560&amp;ssl=1 2560w, https:\/\/i0.wp.com\/www.quartier-waldacker.de\/wp-content\/uploads\/2022\/10\/1EF62FDE-311A-442A-A870-D8ACA48143EE-scaled.jpeg?resize=300%2C225&amp;ssl=1 300w, https:\/\/i0.wp.com\/www.quartier-waldacker.de\/wp-content\/uploads\/2022\/10\/1EF62FDE-311A-442A-A870-D8ACA48143EE-scaled.jpeg?resize=1024%2C768&amp;ssl=1 1024w, https:\/\/i0.wp.com\/www.quartier-waldacker.de\/wp-content\/uploads\/2022\/10\/1EF62FDE-311A-442A-A870-D8ACA48143EE-scaled.jpeg?resize=768%2C576&amp;ssl=1 768w, https:\/\/i0.wp.com\/www.quartier-waldacker.de\/wp-content\/uploads\/2022\/10\/1EF62FDE-311A-442A-A870-D8ACA48143EE-scaled.jpeg?resize=1536%2C1152&amp;ssl=1 1536w, https:\/\/i0.wp.com\/www.quartier-waldacker.de\/wp-content\/uploads\/2022\/10\/1EF62FDE-311A-442A-A870-D8ACA48143EE-scaled.jpeg?resize=2048%2C1536&amp;ssl=1 2048w, https:\/\/i0.wp.com\/www.quartier-waldacker.de\/wp-content\/uploads\/2022\/10\/1EF62FDE-311A-442A-A870-D8ACA48143EE-scaled.jpeg?w=2400&amp;ssl=1 2400w\" width=\"382\" height=\"287\" loading=\"lazy\" data-original-width=\"382\" data-original-height=\"287\" itemprop=\"http:\/\/schema.org\/image\" title=\"1EF62FDE-311A-442A-A870-D8ACA48143EE\" alt=\"1EF62FDE-311A-442A-A870-D8ACA48143EE\" style=\"width: 382px; height: 287px;\" \/> <\/a> <\/div> <div class=\"tiled-gallery-item tiled-gallery-item-large\" itemprop=\"associatedMedia\" itemscope itemtype=\"http:\/\/schema.org\/ImageObject\"> <a href=\"https:\/\/www.quartier-waldacker.de\/?attachment_id=21126#main\" border=\"0\" itemprop=\"url\"> <meta itemprop=\"width\" content=\"382\"> <meta itemprop=\"height\" content=\"286\"> <img decoding=\"async\" class=\"\" data-attachment-id=\"21126\" data-orig-file=\"https:\/\/www.quartier-waldacker.de\/wp-content\/uploads\/2022\/10\/86C2D446-FC44-4FF1-9B51-C4EE0E1E1042-scaled.jpeg\" data-orig-size=\"2560,1920\" data-comments-opened=\"1\" data-image-meta=\"{&quot;aperture&quot;:&quot;0&quot;,&quot;credit&quot;:&quot;&quot;,&quot;camera&quot;:&quot;&quot;,&quot;caption&quot;:&quot;&quot;,&quot;created_timestamp&quot;:&quot;0&quot;,&quot;copyright&quot;:&quot;&quot;,&quot;focal_length&quot;:&quot;0&quot;,&quot;iso&quot;:&quot;0&quot;,&quot;shutter_speed&quot;:&quot;0&quot;,&quot;title&quot;:&quot;&quot;,&quot;orientation&quot;:&quot;1&quot;}\" data-image-title=\"86C2D446-FC44-4FF1-9B51-C4EE0E1E1042\" data-image-description=\"\" data-medium-file=\"https:\/\/i0.wp.com\/www.quartier-waldacker.de\/wp-content\/uploads\/2022\/10\/86C2D446-FC44-4FF1-9B51-C4EE0E1E1042-scaled.jpeg?fit=300%2C225&#038;ssl=1\" data-large-file=\"https:\/\/i0.wp.com\/www.quartier-waldacker.de\/wp-content\/uploads\/2022\/10\/86C2D446-FC44-4FF1-9B51-C4EE0E1E1042-scaled.jpeg?fit=1024%2C768&#038;ssl=1\" src=\"https:\/\/i0.wp.com\/www.quartier-waldacker.de\/wp-content\/uploads\/2022\/10\/86C2D446-FC44-4FF1-9B51-C4EE0E1E1042-scaled.jpeg?w=382&#038;h=286&#038;ssl=1\" srcset=\"https:\/\/i0.wp.com\/www.quartier-waldacker.de\/wp-content\/uploads\/2022\/10\/86C2D446-FC44-4FF1-9B51-C4EE0E1E1042-scaled.jpeg?w=2560&amp;ssl=1 2560w, https:\/\/i0.wp.com\/www.quartier-waldacker.de\/wp-content\/uploads\/2022\/10\/86C2D446-FC44-4FF1-9B51-C4EE0E1E1042-scaled.jpeg?resize=300%2C225&amp;ssl=1 300w, https:\/\/i0.wp.com\/www.quartier-waldacker.de\/wp-content\/uploads\/2022\/10\/86C2D446-FC44-4FF1-9B51-C4EE0E1E1042-scaled.jpeg?resize=1024%2C768&amp;ssl=1 1024w, https:\/\/i0.wp.com\/www.quartier-waldacker.de\/wp-content\/uploads\/2022\/10\/86C2D446-FC44-4FF1-9B51-C4EE0E1E1042-scaled.jpeg?resize=768%2C576&amp;ssl=1 768w, https:\/\/i0.wp.com\/www.quartier-waldacker.de\/wp-content\/uploads\/2022\/10\/86C2D446-FC44-4FF1-9B51-C4EE0E1E1042-scaled.jpeg?resize=1536%2C1152&amp;ssl=1 1536w, https:\/\/i0.wp.com\/www.quartier-waldacker.de\/wp-content\/uploads\/2022\/10\/86C2D446-FC44-4FF1-9B51-C4EE0E1E1042-scaled.jpeg?resize=2048%2C1536&amp;ssl=1 2048w, https:\/\/i0.wp.com\/www.quartier-waldacker.de\/wp-content\/uploads\/2022\/10\/86C2D446-FC44-4FF1-9B51-C4EE0E1E1042-scaled.jpeg?w=2400&amp;ssl=1 2400w\" width=\"382\" height=\"286\" loading=\"lazy\" data-original-width=\"382\" data-original-height=\"286\" itemprop=\"http:\/\/schema.org\/image\" title=\"86C2D446-FC44-4FF1-9B51-C4EE0E1E1042\" alt=\"86C2D446-FC44-4FF1-9B51-C4EE0E1E1042\" style=\"width: 382px; height: 286px;\" \/> <\/a> <\/div> <\/div> <!-- close group --> <\/div> <!-- close row --> <div class=\"gallery-row\" style=\"width: 1200px; height: 980px;\" data-original-width=\"1200\" data-original-height=\"980\" > <div class=\"gallery-group images-2\" style=\"width: 745px; height: 980px;\" data-original-width=\"745\" data-original-height=\"980\" > <div class=\"tiled-gallery-item tiled-gallery-item-large\" itemprop=\"associatedMedia\" itemscope itemtype=\"http:\/\/schema.org\/ImageObject\"> <a href=\"https:\/\/www.quartier-waldacker.de\/?attachment_id=21123#main\" border=\"0\" itemprop=\"url\"> <meta itemprop=\"width\" content=\"741\"> <meta itemprop=\"height\" content=\"416\"> <img decoding=\"async\" class=\"\" data-attachment-id=\"21123\" data-orig-file=\"https:\/\/www.quartier-waldacker.de\/wp-content\/uploads\/2022\/10\/Ehrung-5_2022.jpg\" data-orig-size=\"1599,899\" data-comments-opened=\"1\" data-image-meta=\"{&quot;aperture&quot;:&quot;0&quot;,&quot;credit&quot;:&quot;&quot;,&quot;camera&quot;:&quot;&quot;,&quot;caption&quot;:&quot;&quot;,&quot;created_timestamp&quot;:&quot;0&quot;,&quot;copyright&quot;:&quot;&quot;,&quot;focal_length&quot;:&quot;0&quot;,&quot;iso&quot;:&quot;0&quot;,&quot;shutter_speed&quot;:&quot;0&quot;,&quot;title&quot;:&quot;&quot;,&quot;orientation&quot;:&quot;1&quot;}\" data-image-title=\"Ehrung 5_2022\" data-image-description=\"\" data-medium-file=\"https:\/\/i0.wp.com\/www.quartier-waldacker.de\/wp-content\/uploads\/2022\/10\/Ehrung-5_2022.jpg?fit=300%2C169&#038;ssl=1\" data-large-file=\"https:\/\/i0.wp.com\/www.quartier-waldacker.de\/wp-content\/uploads\/2022\/10\/Ehrung-5_2022.jpg?fit=1024%2C576&#038;ssl=1\" src=\"https:\/\/i0.wp.com\/www.quartier-waldacker.de\/wp-content\/uploads\/2022\/10\/Ehrung-5_2022.jpg?w=741&#038;h=416&#038;ssl=1\" srcset=\"https:\/\/i0.wp.com\/www.quartier-waldacker.de\/wp-content\/uploads\/2022\/10\/Ehrung-5_2022.jpg?w=1599&amp;ssl=1 1599w, https:\/\/i0.wp.com\/www.quartier-waldacker.de\/wp-content\/uploads\/2022\/10\/Ehrung-5_2022.jpg?resize=300%2C169&amp;ssl=1 300w, https:\/\/i0.wp.com\/www.quartier-waldacker.de\/wp-content\/uploads\/2022\/10\/Ehrung-5_2022.jpg?resize=1024%2C576&amp;ssl=1 1024w, https:\/\/i0.wp.com\/www.quartier-waldacker.de\/wp-content\/uploads\/2022\/10\/Ehrung-5_2022.jpg?resize=768%2C432&amp;ssl=1 768w, https:\/\/i0.wp.com\/www.quartier-waldacker.de\/wp-content\/uploads\/2022\/10\/Ehrung-5_2022.jpg?resize=1536%2C864&amp;ssl=1 1536w\" width=\"741\" height=\"416\" loading=\"lazy\" data-original-width=\"741\" data-original-height=\"416\" itemprop=\"http:\/\/schema.org\/image\" title=\"Ehrung 5_2022\" alt=\"Ehrung 5_2022\" style=\"width: 741px; height: 416px;\" \/> <\/a> <\/div> <div class=\"tiled-gallery-item tiled-gallery-item-large\" itemprop=\"associatedMedia\" itemscope itemtype=\"http:\/\/schema.org\/ImageObject\"> <a href=\"https:\/\/www.quartier-waldacker.de\/?attachment_id=21121#main\" border=\"0\" itemprop=\"url\"> <meta itemprop=\"width\" content=\"741\"> <meta itemprop=\"height\" content=\"556\"> <img decoding=\"async\" class=\"\" data-attachment-id=\"21121\" data-orig-file=\"https:\/\/www.quartier-waldacker.de\/wp-content\/uploads\/2022\/10\/Radlergruppe1280.jpg\" data-orig-size=\"1280,960\" data-comments-opened=\"1\" data-image-meta=\"{&quot;aperture&quot;:&quot;0&quot;,&quot;credit&quot;:&quot;&quot;,&quot;camera&quot;:&quot;&quot;,&quot;caption&quot;:&quot;&quot;,&quot;created_timestamp&quot;:&quot;0&quot;,&quot;copyright&quot;:&quot;&quot;,&quot;focal_length&quot;:&quot;0&quot;,&quot;iso&quot;:&quot;0&quot;,&quot;shutter_speed&quot;:&quot;0&quot;,&quot;title&quot;:&quot;&quot;,&quot;orientation&quot;:&quot;0&quot;}\" data-image-title=\"Radlergruppe1280\" data-image-description=\"\" data-medium-file=\"https:\/\/i0.wp.com\/www.quartier-waldacker.de\/wp-content\/uploads\/2022\/10\/Radlergruppe1280.jpg?fit=300%2C225&#038;ssl=1\" data-large-file=\"https:\/\/i0.wp.com\/www.quartier-waldacker.de\/wp-content\/uploads\/2022\/10\/Radlergruppe1280.jpg?fit=1024%2C768&#038;ssl=1\" src=\"https:\/\/i0.wp.com\/www.quartier-waldacker.de\/wp-content\/uploads\/2022\/10\/Radlergruppe1280.jpg?w=741&#038;h=556&#038;ssl=1\" srcset=\"https:\/\/i0.wp.com\/www.quartier-waldacker.de\/wp-content\/uploads\/2022\/10\/Radlergruppe1280.jpg?w=1280&amp;ssl=1 1280w, https:\/\/i0.wp.com\/www.quartier-waldacker.de\/wp-content\/uploads\/2022\/10\/Radlergruppe1280.jpg?resize=300%2C225&amp;ssl=1 300w, https:\/\/i0.wp.com\/www.quartier-waldacker.de\/wp-content\/uploads\/2022\/10\/Radlergruppe1280.jpg?resize=1024%2C768&amp;ssl=1 1024w, https:\/\/i0.wp.com\/www.quartier-waldacker.de\/wp-content\/uploads\/2022\/10\/Radlergruppe1280.jpg?resize=768%2C576&amp;ssl=1 768w\" width=\"741\" height=\"556\" loading=\"lazy\" data-original-width=\"741\" data-original-height=\"556\" itemprop=\"http:\/\/schema.org\/image\" title=\"Radlergruppe1280\" alt=\"Radlergruppe1280\" style=\"width: 741px; height: 556px;\" \/> <\/a> <\/div> <\/div> <!-- close group --> <div class=\"gallery-group images-1\" style=\"width: 455px; height: 980px;\" data-original-width=\"455\" data-original-height=\"980\" > <div class=\"tiled-gallery-item tiled-gallery-item-large\" itemprop=\"associatedMedia\" itemscope itemtype=\"http:\/\/schema.org\/ImageObject\"> <a href=\"https:\/\/www.quartier-waldacker.de\/?attachment_id=21140\" border=\"0\" itemprop=\"url\"> <meta itemprop=\"width\" content=\"451\"> <meta itemprop=\"height\" content=\"976\"> <img decoding=\"async\" class=\"\" data-attachment-id=\"21140\" data-orig-file=\"https:\/\/www.quartier-waldacker.de\/wp-content\/uploads\/2022\/10\/Tab_2022.png\" data-orig-size=\"1170,2532\" data-comments-opened=\"1\" data-image-meta=\"{&quot;aperture&quot;:&quot;0&quot;,&quot;credit&quot;:&quot;&quot;,&quot;camera&quot;:&quot;&quot;,&quot;caption&quot;:&quot;&quot;,&quot;created_timestamp&quot;:&quot;0&quot;,&quot;copyright&quot;:&quot;&quot;,&quot;focal_length&quot;:&quot;0&quot;,&quot;iso&quot;:&quot;0&quot;,&quot;shutter_speed&quot;:&quot;0&quot;,&quot;title&quot;:&quot;&quot;,&quot;orientation&quot;:&quot;0&quot;}\" data-image-title=\"Tab_2022\" data-image-description=\"\" data-medium-file=\"https:\/\/i0.wp.com\/www.quartier-waldacker.de\/wp-content\/uploads\/2022\/10\/Tab_2022.png?fit=139%2C300&#038;ssl=1\" data-large-file=\"https:\/\/i0.wp.com\/www.quartier-waldacker.de\/wp-content\/uploads\/2022\/10\/Tab_2022.png?fit=473%2C1024&#038;ssl=1\" src=\"https:\/\/i0.wp.com\/www.quartier-waldacker.de\/wp-content\/uploads\/2022\/10\/Tab_2022.png?w=451&#038;h=976&#038;ssl=1\" srcset=\"https:\/\/i0.wp.com\/www.quartier-waldacker.de\/wp-content\/uploads\/2022\/10\/Tab_2022.png?w=1170&amp;ssl=1 1170w, https:\/\/i0.wp.com\/www.quartier-waldacker.de\/wp-content\/uploads\/2022\/10\/Tab_2022.png?resize=139%2C300&amp;ssl=1 139w, https:\/\/i0.wp.com\/www.quartier-waldacker.de\/wp-content\/uploads\/2022\/10\/Tab_2022.png?resize=473%2C1024&amp;ssl=1 473w, https:\/\/i0.wp.com\/www.quartier-waldacker.de\/wp-content\/uploads\/2022\/10\/Tab_2022.png?resize=768%2C1662&amp;ssl=1 768w, https:\/\/i0.wp.com\/www.quartier-waldacker.de\/wp-content\/uploads\/2022\/10\/Tab_2022.png?resize=710%2C1536&amp;ssl=1 710w, https:\/\/i0.wp.com\/www.quartier-waldacker.de\/wp-content\/uploads\/2022\/10\/Tab_2022.png?resize=946%2C2048&amp;ssl=1 946w\" width=\"451\" height=\"976\" loading=\"lazy\" data-original-width=\"451\" data-original-height=\"976\" itemprop=\"http:\/\/schema.org\/image\" title=\"Tab_2022\" alt=\"Tab_2022\" style=\"width: 451px; height: 976px;\" \/> <\/a> <\/div> <\/div> <!-- close group --> <\/div> <!-- close row --> <\/div>\n","protected":false},"excerpt":{"rendered":"<p>Das diesj\u00e4hrige Stadtradeln startete am 9.Sept mit 27 Teams und endete am 24. Sept. Das Wetter war in der 2. Woche regnerisch, windig und unangenehm. So verblieben eigentlich nur 2 Wochen zum ausgiebigen Radeln. Am 7. Oktober war die offizielle Abschluss-Veranstaltung von STADTRADELN 2022 bei einem Glas Wein oder sonstigen Getr\u00e4nken im Dinjer Hof (sch\u00f6nes &#8230; <a title=\"Stadtradeln 2022 \u2013 Radgruppe Quartier-Waldacker radelt f\u00fcr ein gutes Klima!\" class=\"read-more\" href=\"https:\/\/www.quartier-waldacker.de\/?p=21120\" aria-label=\"Mehr Informationen \u00fcber Stadtradeln 2022 \u2013 Radgruppe Quartier-Waldacker radelt f\u00fcr ein gutes Klima!\">Weiterlesen<\/a><\/p>\n","protected":false},"author":1,"featured_media":21139,"comment_status":"open","ping_status":"closed","sticky":false,"template":"","format":"standard","meta":{"generate_page_header":"","_jetpack_memberships_contains_paid_content":false,"footnotes":""},"categories":[202],"tags":[318,183],"class_list":["post-21120","post","type-post","status-publish","format-standard","has-post-thumbnail","hentry","category-radfahren","tag-auszeichnung","tag-ehrung"],"jetpack_featured_media_url":"https:\/\/i0.wp.com\/www.quartier-waldacker.de\/wp-content\/uploads\/2022\/10\/Header_Citybykel.jpg?fit=1280%2C300&ssl=1","jetpack-related-posts":[{"id":20316,"url":"https:\/\/www.quartier-waldacker.de\/?p=20316","url_meta":{"origin":21120,"position":0},"title":"Radeln f\u00fcr das Klima &#8211; Stadtradeln 2021","author":"admin","date":"18. Juli 2021","format":"image","excerpt":"Die Radgruppe Quartier-Waldacker hat auch dieses Jahr wieder am \u00fcberregionalen Stadtradeln vom 6. bis 19. Juni teilgenommen und belegte mit 19 Teilnehmern den 5. Platz. Gefahren wurden insgesamt 7694 km. Im Schnitt ist jeder 405 km geradelt. Die meisten Kilometer im Team hat unser Kollege und Radfreund aus Offenthal Horst\u2026","rel":"","context":"In &quot;AG-Radfahren&quot;","block_context":{"text":"AG-Radfahren","link":"https:\/\/www.quartier-waldacker.de\/?cat=202"},"img":{"alt_text":"","src":"https:\/\/i0.wp.com\/www.quartier-waldacker.de\/wp-content\/uploads\/2021\/07\/RadHead_neu.jpg?fit=1200%2C281&ssl=1&resize=350%2C200","width":350,"height":200,"srcset":"https:\/\/i0.wp.com\/www.quartier-waldacker.de\/wp-content\/uploads\/2021\/07\/RadHead_neu.jpg?fit=1200%2C281&ssl=1&resize=350%2C200 1x, https:\/\/i0.wp.com\/www.quartier-waldacker.de\/wp-content\/uploads\/2021\/07\/RadHead_neu.jpg?fit=1200%2C281&ssl=1&resize=525%2C300 1.5x, https:\/\/i0.wp.com\/www.quartier-waldacker.de\/wp-content\/uploads\/2021\/07\/RadHead_neu.jpg?fit=1200%2C281&ssl=1&resize=700%2C400 2x, https:\/\/i0.wp.com\/www.quartier-waldacker.de\/wp-content\/uploads\/2021\/07\/RadHead_neu.jpg?fit=1200%2C281&ssl=1&resize=1050%2C600 3x"},"classes":[]},{"id":24915,"url":"https:\/\/www.quartier-waldacker.de\/?p=24915","url_meta":{"origin":21120,"position":1},"title":"Ziel wurde verfehlt, aber dennoch hervorragende Leistung","author":"admin","date":"29. Juli 2024","format":false,"excerpt":"Die Stadt R\u00f6dermark hat auch in diesem Jahr wieder zum Stadtradeln in der Zeit vom 02.06. bis 22.06. aufgerufen. Von der \"Radgruppe Quartier Waldacker\" nahmen 32 Radlerinnen und Radler teil. Ziel war es, in dem Zeitraum so viele Kilometer wie m\u00f6glich mit dem Fahrrad zur\u00fcckzulegen. F\u00fcr die Radgruppe Quartier Waldacker\u2026","rel":"","context":"In &quot;AG-Radfahren&quot;","block_context":{"text":"AG-Radfahren","link":"https:\/\/www.quartier-waldacker.de\/?cat=202"},"img":{"alt_text":"","src":"https:\/\/i0.wp.com\/www.quartier-waldacker.de\/wp-content\/uploads\/2024\/05\/Header_Stadtradeln2024.jpg?fit=1200%2C281&ssl=1&resize=350%2C200","width":350,"height":200,"srcset":"https:\/\/i0.wp.com\/www.quartier-waldacker.de\/wp-content\/uploads\/2024\/05\/Header_Stadtradeln2024.jpg?fit=1200%2C281&ssl=1&resize=350%2C200 1x, https:\/\/i0.wp.com\/www.quartier-waldacker.de\/wp-content\/uploads\/2024\/05\/Header_Stadtradeln2024.jpg?fit=1200%2C281&ssl=1&resize=525%2C300 1.5x, https:\/\/i0.wp.com\/www.quartier-waldacker.de\/wp-content\/uploads\/2024\/05\/Header_Stadtradeln2024.jpg?fit=1200%2C281&ssl=1&resize=700%2C400 2x, https:\/\/i0.wp.com\/www.quartier-waldacker.de\/wp-content\/uploads\/2024\/05\/Header_Stadtradeln2024.jpg?fit=1200%2C281&ssl=1&resize=1050%2C600 3x"},"classes":[]},{"id":27565,"url":"https:\/\/www.quartier-waldacker.de\/?p=27565","url_meta":{"origin":21120,"position":2},"title":"Fr\u00fchlingserwachen bei den Quartier-Waldacker-Radlern","author":"Johannes","date":"3. M\u00e4rz 2026","format":false,"excerpt":"Bei idealem Fr\u00fchlingswetter \u2013 dem perfekten \u201eRadlerwetter\u201c \u2013 kamen die Quartier-Waldacker-Radler am 28. Februar 2026 um 14 Uhr im Schillerhaus zu ihrem traditionellen Fr\u00fchjahrstreffen zusammen. Ein Organisationsteam hatte bereits Wochen vorher die Planung \u00fcbernommen und f\u00fcr ausreichend Getr\u00e4nke sowie das leibliche Wohl gesorgt.Auf dem Buffet fanden sich verschiedene Salate wie\u2026","rel":"","context":"In &quot;AG-Radfahren&quot;","block_context":{"text":"AG-Radfahren","link":"https:\/\/www.quartier-waldacker.de\/?cat=202"},"img":{"alt_text":"","src":"https:\/\/i0.wp.com\/www.quartier-waldacker.de\/wp-content\/uploads\/2026\/03\/Header_Gruppe_2026sr.jpg?fit=1200%2C281&ssl=1&resize=350%2C200","width":350,"height":200,"srcset":"https:\/\/i0.wp.com\/www.quartier-waldacker.de\/wp-content\/uploads\/2026\/03\/Header_Gruppe_2026sr.jpg?fit=1200%2C281&ssl=1&resize=350%2C200 1x, https:\/\/i0.wp.com\/www.quartier-waldacker.de\/wp-content\/uploads\/2026\/03\/Header_Gruppe_2026sr.jpg?fit=1200%2C281&ssl=1&resize=525%2C300 1.5x, https:\/\/i0.wp.com\/www.quartier-waldacker.de\/wp-content\/uploads\/2026\/03\/Header_Gruppe_2026sr.jpg?fit=1200%2C281&ssl=1&resize=700%2C400 2x, https:\/\/i0.wp.com\/www.quartier-waldacker.de\/wp-content\/uploads\/2026\/03\/Header_Gruppe_2026sr.jpg?fit=1200%2C281&ssl=1&resize=1050%2C600 3x"},"classes":[]},{"id":27001,"url":"https:\/\/www.quartier-waldacker.de\/?p=27001","url_meta":{"origin":21120,"position":3},"title":"Stadtradeln 2025","author":"admin","date":"5. Juli 2025","format":false,"excerpt":"STADTRADELN gibt es seit dem Jahr 2008. Es wurde als bundesweiter Wettbewerb vom Klima-B\u00fcndnis ins Leben gerufen, dem gr\u00f6\u00dften kommunalen Netzwerk zum Klimaschutz in Europa. Ziel der Aktion ist es, Menschen dazu zu motivieren, im Alltag m\u00f6glichst viele Wege mit dem Fahrrad zur\u00fcckzulegen \u2013 f\u00fcr den Klimaschutz, die eigene Gesundheit\u2026","rel":"","context":"In &quot;AG-Radfahren&quot;","block_context":{"text":"AG-Radfahren","link":"https:\/\/www.quartier-waldacker.de\/?cat=202"},"img":{"alt_text":"","src":"https:\/\/i0.wp.com\/www.quartier-waldacker.de\/wp-content\/uploads\/2025\/07\/Header_Citybykel-2025.jpg?fit=1200%2C281&ssl=1&resize=350%2C200","width":350,"height":200,"srcset":"https:\/\/i0.wp.com\/www.quartier-waldacker.de\/wp-content\/uploads\/2025\/07\/Header_Citybykel-2025.jpg?fit=1200%2C281&ssl=1&resize=350%2C200 1x, https:\/\/i0.wp.com\/www.quartier-waldacker.de\/wp-content\/uploads\/2025\/07\/Header_Citybykel-2025.jpg?fit=1200%2C281&ssl=1&resize=525%2C300 1.5x, https:\/\/i0.wp.com\/www.quartier-waldacker.de\/wp-content\/uploads\/2025\/07\/Header_Citybykel-2025.jpg?fit=1200%2C281&ssl=1&resize=700%2C400 2x, https:\/\/i0.wp.com\/www.quartier-waldacker.de\/wp-content\/uploads\/2025\/07\/Header_Citybykel-2025.jpg?fit=1200%2C281&ssl=1&resize=1050%2C600 3x"},"classes":[]},{"id":22899,"url":"https:\/\/www.quartier-waldacker.de\/?p=22899","url_meta":{"origin":21120,"position":4},"title":"Stadtradeln 2023 \u2013 Tolle Bilanz f\u00fcr Radlergruppe Quartier-Waldacker","author":"admin","date":"2. August 2023","format":false,"excerpt":"Im Gegensatz zum Vorjahr, als das Stadtradeln Mitte September bei regnerischem und windigem Wetter stattfand, fand das diesj\u00e4hrige Stadtradeln vom 11. Juni bis 1. Juli bei extremer Hitze statt. Insgesamt nahmen 23 Teams teil. Bei der Fahrradgruppe Quartier-Waldacker waren 25 Seniorinnen und Senioren aktiv beteiligt. Der \u00e4lteste Teilnehmer war 93\u2026","rel":"","context":"In &quot;AG-Radfahren&quot;","block_context":{"text":"AG-Radfahren","link":"https:\/\/www.quartier-waldacker.de\/?cat=202"},"img":{"alt_text":"","src":"https:\/\/i0.wp.com\/www.quartier-waldacker.de\/wp-content\/uploads\/2023\/08\/Header_Stadtradeln2023.jpg?fit=1200%2C281&ssl=1&resize=350%2C200","width":350,"height":200,"srcset":"https:\/\/i0.wp.com\/www.quartier-waldacker.de\/wp-content\/uploads\/2023\/08\/Header_Stadtradeln2023.jpg?fit=1200%2C281&ssl=1&resize=350%2C200 1x, https:\/\/i0.wp.com\/www.quartier-waldacker.de\/wp-content\/uploads\/2023\/08\/Header_Stadtradeln2023.jpg?fit=1200%2C281&ssl=1&resize=525%2C300 1.5x, https:\/\/i0.wp.com\/www.quartier-waldacker.de\/wp-content\/uploads\/2023\/08\/Header_Stadtradeln2023.jpg?fit=1200%2C281&ssl=1&resize=700%2C400 2x, https:\/\/i0.wp.com\/www.quartier-waldacker.de\/wp-content\/uploads\/2023\/08\/Header_Stadtradeln2023.jpg?fit=1200%2C281&ssl=1&resize=1050%2C600 3x"},"classes":[]},{"id":22109,"url":"https:\/\/www.quartier-waldacker.de\/?p=22109","url_meta":{"origin":21120,"position":5},"title":"Jahresabschluss Feier 2022 der Radgruppe Quartier-Waldacker","author":"admin","date":"16. Februar 2023","format":false,"excerpt":"Die Jahresabschluss Feier 2022 der Radler fand am 11.02.2023 um 15 Uhr im Schillerhaus in Urberach statt. Die Stadt R\u00f6dermark hat der Radgruppe die R\u00e4umlichkeit unentgeltlich zur Verf\u00fcgung gestellt. Gerhard Elsesser er\u00f6ffnete die kleine Feier und dankte den anwesenden 27 Radlern und deren teilweise mitanwesenden Ehepartner f\u00fcr ihr Erscheinen. Danach\u2026","rel":"","context":"In &quot;AG-Radfahren&quot;","block_context":{"text":"AG-Radfahren","link":"https:\/\/www.quartier-waldacker.de\/?cat=202"},"img":{"alt_text":"","src":"https:\/\/i0.wp.com\/www.quartier-waldacker.de\/wp-content\/uploads\/2021\/07\/RadHead_neu.jpg?fit=1200%2C281&ssl=1&resize=350%2C200","width":350,"height":200,"srcset":"https:\/\/i0.wp.com\/www.quartier-waldacker.de\/wp-content\/uploads\/2021\/07\/RadHead_neu.jpg?fit=1200%2C281&ssl=1&resize=350%2C200 1x, https:\/\/i0.wp.com\/www.quartier-waldacker.de\/wp-content\/uploads\/2021\/07\/RadHead_neu.jpg?fit=1200%2C281&ssl=1&resize=525%2C300 1.5x, https:\/\/i0.wp.com\/www.quartier-waldacker.de\/wp-content\/uploads\/2021\/07\/RadHead_neu.jpg?fit=1200%2C281&ssl=1&resize=700%2C400 2x, https:\/\/i0.wp.com\/www.quartier-waldacker.de\/wp-content\/uploads\/2021\/07\/RadHead_neu.jpg?fit=1200%2C281&ssl=1&resize=1050%2C600 3x"},"classes":[]}],"jetpack_sharing_enabled":true,"rttpg_featured_image_url":{"full":["https:\/\/i0.wp.com\/www.quartier-waldacker.de\/wp-content\/uploads\/2022\/10\/Header_Citybykel.jpg?fit=1280%2C300&ssl=1",1280,300,false],"landscape":["https:\/\/www.quartier-waldacker.de\/wp-content\/uploads\/2022\/10\/Header_Citybykel.jpg",1280,300,false],"portraits":["https:\/\/www.quartier-waldacker.de\/wp-content\/uploads\/2022\/10\/Header_Citybykel.jpg",1280,300,false],"thumbnail":["https:\/\/i0.wp.com\/www.quartier-waldacker.de\/wp-content\/uploads\/2022\/10\/Header_Citybykel.jpg?resize=150%2C150&ssl=1",150,150,true],"medium":["https:\/\/i0.wp.com\/www.quartier-waldacker.de\/wp-content\/uploads\/2022\/10\/Header_Citybykel.jpg?fit=300%2C70&ssl=1",300,70,true],"large":["https:\/\/i0.wp.com\/www.quartier-waldacker.de\/wp-content\/uploads\/2022\/10\/Header_Citybykel.jpg?fit=1024%2C240&ssl=1",1024,240,true],"1536x1536":["https:\/\/i0.wp.com\/www.quartier-waldacker.de\/wp-content\/uploads\/2022\/10\/Header_Citybykel.jpg?fit=1280%2C300&ssl=1",1280,300,true],"2048x2048":["https:\/\/i0.wp.com\/www.quartier-waldacker.de\/wp-content\/uploads\/2022\/10\/Header_Citybykel.jpg?fit=1280%2C300&ssl=1",1280,300,true]},"rttpg_author":{"display_name":"admin","author_link":"https:\/\/www.quartier-waldacker.de\/?author=1"},"rttpg_comment":1,"rttpg_category":"<a href=\"https:\/\/www.quartier-waldacker.de\/?cat=202\" rel=\"category\">AG-Radfahren<\/a>","rttpg_excerpt":"Das diesj\u00e4hrige Stadtradeln startete am 9.Sept mit 27 Teams und endete am 24. Sept. Das Wetter war in der 2. Woche regnerisch, windig und unangenehm. So verblieben eigentlich nur 2 Wochen zum ausgiebigen Radeln. Am 7. Oktober war die offizielle Abschluss-Veranstaltung von STADTRADELN 2022 bei einem Glas Wein oder sonstigen Getr\u00e4nken im Dinjer Hof (sch\u00f6nes&hellip;","_links":{"self":[{"href":"https:\/\/www.quartier-waldacker.de\/index.php?rest_route=\/wp\/v2\/posts\/21120","targetHints":{"allow":["GET"]}}],"collection":[{"href":"https:\/\/www.quartier-waldacker.de\/index.php?rest_route=\/wp\/v2\/posts"}],"about":[{"href":"https:\/\/www.quartier-waldacker.de\/index.php?rest_route=\/wp\/v2\/types\/post"}],"author":[{"embeddable":true,"href":"https:\/\/www.quartier-waldacker.de\/index.php?rest_route=\/wp\/v2\/users\/1"}],"replies":[{"embeddable":true,"href":"https:\/\/www.quartier-waldacker.de\/index.php?rest_route=%2Fwp%2Fv2%2Fcomments&post=21120"}],"version-history":[{"count":0,"href":"https:\/\/www.quartier-waldacker.de\/index.php?rest_route=\/wp\/v2\/posts\/21120\/revisions"}],"wp:featuredmedia":[{"embeddable":true,"href":"https:\/\/www.quartier-waldacker.de\/index.php?rest_route=\/wp\/v2\/media\/21139"}],"wp:attachment":[{"href":"https:\/\/www.quartier-waldacker.de\/index.php?rest_route=%2Fwp%2Fv2%2Fmedia&parent=21120"}],"wp:term":[{"taxonomy":"category","embeddable":true,"href":"https:\/\/www.quartier-waldacker.de\/index.php?rest_route=%2Fwp%2Fv2%2Fcategories&post=21120"},{"taxonomy":"post_tag","embeddable":true,"href":"https:\/\/www.quartier-waldacker.de\/index.php?rest_route=%2Fwp%2Fv2%2Ftags&post=21120"}],"curies":[{"name":"wp","href":"https:\/\/api.w.org\/{rel}","templated":true}]}}