{"id":20947,"date":"2022-08-21T10:26:48","date_gmt":"2022-08-21T08:26:48","guid":{"rendered":"https:\/\/www.quartier-waldacker.de\/?p=20947"},"modified":"2022-08-21T17:03:49","modified_gmt":"2022-08-21T15:03:49","slug":"auf-der-boule-bahn-tut-sich-was","status":"publish","type":"post","link":"https:\/\/www.quartier-waldacker.de\/?p=20947","title":{"rendered":"Auf der Boule-Bahn tut sich was!"},"content":{"rendered":"<p style=\"text-align: right;\"><button id=\"listenButton1\" class=\"responsivevoice-button\" type=\"button\" value=\"Play\" title=\"ResponsiveVoice Tap to Start\/Stop Speech\"><span>&#128266; Vorlesen<\/span><\/button>\n        <script>\n            listenButton1.onclick = function(){\n                if(responsiveVoice.isPlaying()){\n                    responsiveVoice.cancel();\n                }else{\n                    responsiveVoice.speak(\"Bericht von Annemarie Eck Die letzten 2 Freitage (ab 16 Uhr) \u00a0war mal auf unserer Boulebahn richtig was los. Wir waren am 12.08.22 zu 6., und da wir 3 M\u00e4nner und 3 Frauen waren, kam die Idee auf, einen Wettkampf M\u00e4nner gegen Frauen zu machen. Es waren Bodo + David (Enkel von Margret) + Ernst, und Annemarie + Irmgard + Margret. Wie immer schon, wurde mit jeweils 2 Kugeln geboult. Der \\\"Kampf\\\" ging bis 13 und sehr zur \u00dcberraschung der M\u00e4nner, gewannen die Frauen mit 13 : 3. Den M\u00e4nnern wurde dann eine Revanche zugestanden (wegen Hitze und Zeit nur bis 6) und nach einem Stand von 5 : 5 konnten auch dieses Match die Frauen mit 6 : 5 f\u00fcr sich entscheiden. Am 19.08.22 - bei sehr gutem Boulewetter - waren wir zu 4. = Bodo + Ernst und Irmgard + Margret. So wurde wieder ein Wettkampf gew\u00fcnscht, auf Wunsch der M\u00e4nner mit je 3 Kugeln. Die M\u00e4nner wollten diesmal den \\\"Kampf\\\" f\u00fcr sich entscheiden. Das Ergebnis = 13 : 8 f\u00fcr die Frauen. Absolut fairerweise gratulierten die M\u00e4nner den Frauen \\\"das habt ihr euch verdient\\\". Waren also sehr lebhafter Nachmittage ! Wir sind gespannt, wie es weiter geht und w\u00fcrden uns \u00fcber weitere \\\"Boulende\\\" freuen.\", \"Deutsch Female\");\n                }\n            };\n        <\/script>\n    \n<p><span style=\"font-size: 20px;\">Bericht von Annemarie Eck<\/span><\/p>\n<p><span style=\"font-size: 20px;\">Die letzten 2 Freitage (ab 16 Uhr) \u00a0war mal auf unserer Boulebahn richtig was los. Wir waren am 12.08.22 zu 6., und da wir 3 M\u00e4nner und 3 Frauen waren, kam die Idee auf, einen Wettkampf M\u00e4nner gegen Frauen zu machen. Es waren Bodo + David (Enkel von Margret) + Ernst, und Annemarie + Irmgard + Margret. Wie immer schon, wurde mit jeweils 2 Kugeln geboult. Der &#8220;Kampf&#8221; ging bis 13 und sehr zur \u00dcberraschung der M\u00e4nner, gewannen die Frauen mit 13 : 3. Den M\u00e4nnern wurde dann eine Revanche zugestanden (wegen Hitze und Zeit nur bis 6) und nach einem Stand von 5 : 5 konnten auch dieses Match die Frauen mit 6 : 5 f\u00fcr sich entscheiden.<\/span><\/p>\n<p><span style=\"font-size: 20px;\">Am 19.08.22 &#8211; bei sehr gutem Boulewetter &#8211; waren wir zu 4. = Bodo + Ernst und Irmgard + Margret. So wurde wieder ein Wettkampf gew\u00fcnscht, auf Wunsch der M\u00e4nner mit je 3 Kugeln. Die M\u00e4nner wollten diesmal den &#8220;Kampf&#8221; f\u00fcr sich entscheiden. Das Ergebnis = 13 : 8 f\u00fcr die Frauen.<\/span><\/p>\n<p><span style=\"font-size: 20px;\">Absolut fairerweise gratulierten die M\u00e4nner den Frauen &#8220;das habt ihr euch verdient&#8221;.<\/span><\/p>\n<p><span style=\"font-size: 20px;\">Waren also sehr lebhafter Nachmittage ! Wir sind gespannt, wie es weiter geht und w\u00fcrden uns \u00fcber weitere &#8220;Boulende&#8221; freuen.<\/span><\/p>\n<p>&nbsp;<\/p>\n","protected":false},"excerpt":{"rendered":"<p>Bericht von Annemarie Eck Die letzten 2 Freitage (ab 16 Uhr) \u00a0war mal auf unserer Boulebahn richtig was los. Wir waren am 12.08.22 zu 6., und da wir 3 M\u00e4nner und 3 Frauen waren, kam die Idee auf, einen Wettkampf M\u00e4nner gegen Frauen zu machen. Es waren Bodo + David (Enkel von Margret) + Ernst, &#8230; <a title=\"Auf der Boule-Bahn tut sich was!\" class=\"read-more\" href=\"https:\/\/www.quartier-waldacker.de\/?p=20947\" aria-label=\"Mehr Informationen \u00fcber Auf der Boule-Bahn tut sich was!\">Weiterlesen<\/a><\/p>\n","protected":false},"author":1,"featured_media":20951,"comment_status":"open","ping_status":"closed","sticky":false,"template":"","format":"standard","meta":{"generate_page_header":"","_jetpack_memberships_contains_paid_content":false,"footnotes":""},"categories":[63],"tags":[218],"class_list":["post-20947","post","type-post","status-publish","format-standard","has-post-thumbnail","hentry","category-boule-spiel","tag-boule-spiel"],"jetpack_featured_media_url":"https:\/\/i0.wp.com\/www.quartier-waldacker.de\/wp-content\/uploads\/2022\/08\/Unbenannt-3.jpg?fit=1250%2C300&ssl=1","jetpack-related-posts":[{"id":25196,"url":"https:\/\/www.quartier-waldacker.de\/?p=25196","url_meta":{"origin":20947,"position":0},"title":"Boule &#8211; Nachrichten &#8211; 06.09.2024","author":"Bodo","date":"7. September 2024","format":false,"excerpt":"Auch am vergangenen Freitag gab es wieder spannende Wettk\u00e4mpfe in der Waldacker-Arena! Das hat es schon lange nicht mehr gegeben, M\u00e4nner gegen Frauen, und zwar als erstes Lutz und Bodo gegen Kristina, Margret und Ingrid. Wie geht das, zwei gegen drei, fragt Ihr Euch? Durch einen Vorschlag von Lutz aber\u2026","rel":"","context":"In &quot;Boule - Spiel&quot;","block_context":{"text":"Boule - Spiel","link":"https:\/\/www.quartier-waldacker.de\/?cat=63"},"img":{"alt_text":"","src":"https:\/\/i0.wp.com\/www.quartier-waldacker.de\/wp-content\/uploads\/2022\/08\/Boule-Header2.jpg?fit=780%2C300&ssl=1&resize=350%2C200","width":350,"height":200,"srcset":"https:\/\/i0.wp.com\/www.quartier-waldacker.de\/wp-content\/uploads\/2022\/08\/Boule-Header2.jpg?fit=780%2C300&ssl=1&resize=350%2C200 1x, https:\/\/i0.wp.com\/www.quartier-waldacker.de\/wp-content\/uploads\/2022\/08\/Boule-Header2.jpg?fit=780%2C300&ssl=1&resize=525%2C300 1.5x, https:\/\/i0.wp.com\/www.quartier-waldacker.de\/wp-content\/uploads\/2022\/08\/Boule-Header2.jpg?fit=780%2C300&ssl=1&resize=700%2C400 2x"},"classes":[]},{"id":23225,"url":"https:\/\/www.quartier-waldacker.de\/?p=23225","url_meta":{"origin":20947,"position":1},"title":"Pflanzelemente &#8220;Am Buchain&#8221; zur\u00fcck geschnitten","author":"Johannes","date":"23. Oktober 2023","format":false,"excerpt":"Ein Beitrag von Annemarie Eck Bei gerade noch sch\u00f6nem Wetter am Mittwochmittag, 18.10.23, waren 2 Frauen der Stadtteilgruppe Waldacker flei\u00dfig. Auf \"unserer\" gro\u00dfen Gr\u00fcnfl\u00e4che am Ortseingang von Waldacker (von Ober Roden kommend) musste dringend viel verbl\u00fchter Lavendel geschnitten werden. Einige kamen mit dem Auto oder zu Fu\u00df vorbei, aber Hilfe\u2026","rel":"","context":"In &quot;AG-Gr\u00fcn&quot;","block_context":{"text":"AG-Gr\u00fcn","link":"https:\/\/www.quartier-waldacker.de\/?cat=188"},"img":{"alt_text":"","src":"https:\/\/i0.wp.com\/www.quartier-waldacker.de\/wp-content\/uploads\/2018\/02\/AG_Gruen1380_300_bearbeitet-3.jpg?fit=1200%2C281&ssl=1&resize=350%2C200","width":350,"height":200,"srcset":"https:\/\/i0.wp.com\/www.quartier-waldacker.de\/wp-content\/uploads\/2018\/02\/AG_Gruen1380_300_bearbeitet-3.jpg?fit=1200%2C281&ssl=1&resize=350%2C200 1x, https:\/\/i0.wp.com\/www.quartier-waldacker.de\/wp-content\/uploads\/2018\/02\/AG_Gruen1380_300_bearbeitet-3.jpg?fit=1200%2C281&ssl=1&resize=525%2C300 1.5x, https:\/\/i0.wp.com\/www.quartier-waldacker.de\/wp-content\/uploads\/2018\/02\/AG_Gruen1380_300_bearbeitet-3.jpg?fit=1200%2C281&ssl=1&resize=700%2C400 2x, https:\/\/i0.wp.com\/www.quartier-waldacker.de\/wp-content\/uploads\/2018\/02\/AG_Gruen1380_300_bearbeitet-3.jpg?fit=1200%2C281&ssl=1&resize=1050%2C600 3x"},"classes":[]},{"id":23088,"url":"https:\/\/www.quartier-waldacker.de\/?p=23088","url_meta":{"origin":20947,"position":2},"title":"Erste Baumelbank f\u00fcr die Boulespieler eingeweiht","author":"admin","date":"19. September 2023","format":false,"excerpt":"Die von der Quartiergruppe Waldacker gespendete und langersehnte Baumelbank ist endlich da. Am Bouleplatz auf dem Mehrgenerationenspielplatz \u201eAm Lerchenberg\u201c wurde die erste offizielle Baumelbank f\u00fcr R\u00f6dermark in Waldacker Anfang der 37. KW vom Bauhof der Stadt R\u00f6dermark aufgestellt. Die offizielle Einweihung fand am 14.09.2023 um 15 Uhr statt. Anwesend waren\u2026","rel":"","context":"In &quot;Boule - Spiel&quot;","block_context":{"text":"Boule - Spiel","link":"https:\/\/www.quartier-waldacker.de\/?cat=63"},"img":{"alt_text":"","src":"https:\/\/i0.wp.com\/www.quartier-waldacker.de\/wp-content\/uploads\/2023\/09\/Header_BB.jpg?fit=780%2C300&ssl=1&resize=350%2C200","width":350,"height":200,"srcset":"https:\/\/i0.wp.com\/www.quartier-waldacker.de\/wp-content\/uploads\/2023\/09\/Header_BB.jpg?fit=780%2C300&ssl=1&resize=350%2C200 1x, https:\/\/i0.wp.com\/www.quartier-waldacker.de\/wp-content\/uploads\/2023\/09\/Header_BB.jpg?fit=780%2C300&ssl=1&resize=525%2C300 1.5x, https:\/\/i0.wp.com\/www.quartier-waldacker.de\/wp-content\/uploads\/2023\/09\/Header_BB.jpg?fit=780%2C300&ssl=1&resize=700%2C400 2x"},"classes":[]},{"id":23641,"url":"https:\/\/www.quartier-waldacker.de\/?p=23641","url_meta":{"origin":20947,"position":3},"title":"&#8220;Holleri Du D\u00f6del Di&#8221; \u2013 100 Jahre Loriot","author":"Johannes","date":"20. M\u00e4rz 2024","format":false,"excerpt":"Vicco von B\u00fclow alias Loriot w\u00e4re am 12. November 2023 100 Jahre alt geworden. Dieser herausragende Humorist, Schauspieler und Karikaturist hat Generationen mit seinen Knollennasen-Karikaturen, Sketchen und Filmen gepr\u00e4gt. Seine Werke sind voller unvergesslicher S\u00e4tze wie \u201cFr\u00fcher war mehr Lametta\u201d, \u201cM\u00e4nner und Frauen passen einfach nicht zusammen\u201d oder \u201cIch lasse\u2026","rel":"","context":"In &quot;Kultur\/Kunst&quot;","block_context":{"text":"Kultur\/Kunst","link":"https:\/\/www.quartier-waldacker.de\/?cat=161"},"img":{"alt_text":"","src":"https:\/\/i0.wp.com\/www.quartier-waldacker.de\/wp-content\/uploads\/2024\/03\/Header-Loriot-1280_neu1.jpg?fit=1200%2C281&ssl=1&resize=350%2C200","width":350,"height":200,"srcset":"https:\/\/i0.wp.com\/www.quartier-waldacker.de\/wp-content\/uploads\/2024\/03\/Header-Loriot-1280_neu1.jpg?fit=1200%2C281&ssl=1&resize=350%2C200 1x, https:\/\/i0.wp.com\/www.quartier-waldacker.de\/wp-content\/uploads\/2024\/03\/Header-Loriot-1280_neu1.jpg?fit=1200%2C281&ssl=1&resize=525%2C300 1.5x, https:\/\/i0.wp.com\/www.quartier-waldacker.de\/wp-content\/uploads\/2024\/03\/Header-Loriot-1280_neu1.jpg?fit=1200%2C281&ssl=1&resize=700%2C400 2x, https:\/\/i0.wp.com\/www.quartier-waldacker.de\/wp-content\/uploads\/2024\/03\/Header-Loriot-1280_neu1.jpg?fit=1200%2C281&ssl=1&resize=1050%2C600 3x"},"classes":[]},{"id":27667,"url":"https:\/\/www.quartier-waldacker.de\/?p=27667","url_meta":{"origin":20947,"position":4},"title":"Sonne satt und Pasta: Radtour nach Babenhausen (46 km)","author":"Johannes","date":"22. M\u00e4rz 2026","format":false,"excerpt":"Ein sonniger Tag ist ideal, um mit dem Fahrrad zu fahren. Was f\u00fcr ein perfekter Fr\u00fchlingsauftakt! Am 20. M\u00e4rz 2026 versammelten sich bei strahlendem Radlerwetter 22 fahrradbegeisterte Frauen und M\u00e4nner an den Rentnerb\u00e4nken nahe des Kl\u00e4rwerks in Ober-Roden. Die Vorfreude war sp\u00fcrbar - endlich wieder eine gemeinsame Tour! Tourenplaner und\u2026","rel":"","context":"In &quot;Radtouren&quot;","block_context":{"text":"Radtouren","link":"https:\/\/www.quartier-waldacker.de\/?cat=126"},"img":{"alt_text":"","src":"https:\/\/i0.wp.com\/www.quartier-waldacker.de\/wp-content\/uploads\/2026\/03\/Header_Gruppe_2026sr.jpg?fit=1200%2C281&ssl=1&resize=350%2C200","width":350,"height":200,"srcset":"https:\/\/i0.wp.com\/www.quartier-waldacker.de\/wp-content\/uploads\/2026\/03\/Header_Gruppe_2026sr.jpg?fit=1200%2C281&ssl=1&resize=350%2C200 1x, https:\/\/i0.wp.com\/www.quartier-waldacker.de\/wp-content\/uploads\/2026\/03\/Header_Gruppe_2026sr.jpg?fit=1200%2C281&ssl=1&resize=525%2C300 1.5x, https:\/\/i0.wp.com\/www.quartier-waldacker.de\/wp-content\/uploads\/2026\/03\/Header_Gruppe_2026sr.jpg?fit=1200%2C281&ssl=1&resize=700%2C400 2x, https:\/\/i0.wp.com\/www.quartier-waldacker.de\/wp-content\/uploads\/2026\/03\/Header_Gruppe_2026sr.jpg?fit=1200%2C281&ssl=1&resize=1050%2C600 3x"},"classes":[]},{"id":22899,"url":"https:\/\/www.quartier-waldacker.de\/?p=22899","url_meta":{"origin":20947,"position":5},"title":"Stadtradeln 2023 \u2013 Tolle Bilanz f\u00fcr Radlergruppe Quartier-Waldacker","author":"admin","date":"2. August 2023","format":false,"excerpt":"Im Gegensatz zum Vorjahr, als das Stadtradeln Mitte September bei regnerischem und windigem Wetter stattfand, fand das diesj\u00e4hrige Stadtradeln vom 11. Juni bis 1. Juli bei extremer Hitze statt. Insgesamt nahmen 23 Teams teil. Bei der Fahrradgruppe Quartier-Waldacker waren 25 Seniorinnen und Senioren aktiv beteiligt. Der \u00e4lteste Teilnehmer war 93\u2026","rel":"","context":"In &quot;AG-Radfahren&quot;","block_context":{"text":"AG-Radfahren","link":"https:\/\/www.quartier-waldacker.de\/?cat=202"},"img":{"alt_text":"","src":"https:\/\/i0.wp.com\/www.quartier-waldacker.de\/wp-content\/uploads\/2023\/08\/Header_Stadtradeln2023.jpg?fit=1200%2C281&ssl=1&resize=350%2C200","width":350,"height":200,"srcset":"https:\/\/i0.wp.com\/www.quartier-waldacker.de\/wp-content\/uploads\/2023\/08\/Header_Stadtradeln2023.jpg?fit=1200%2C281&ssl=1&resize=350%2C200 1x, https:\/\/i0.wp.com\/www.quartier-waldacker.de\/wp-content\/uploads\/2023\/08\/Header_Stadtradeln2023.jpg?fit=1200%2C281&ssl=1&resize=525%2C300 1.5x, https:\/\/i0.wp.com\/www.quartier-waldacker.de\/wp-content\/uploads\/2023\/08\/Header_Stadtradeln2023.jpg?fit=1200%2C281&ssl=1&resize=700%2C400 2x, https:\/\/i0.wp.com\/www.quartier-waldacker.de\/wp-content\/uploads\/2023\/08\/Header_Stadtradeln2023.jpg?fit=1200%2C281&ssl=1&resize=1050%2C600 3x"},"classes":[]}],"jetpack_sharing_enabled":true,"rttpg_featured_image_url":{"full":["https:\/\/i0.wp.com\/www.quartier-waldacker.de\/wp-content\/uploads\/2022\/08\/Unbenannt-3.jpg?fit=1250%2C300&ssl=1",1250,300,false],"landscape":["https:\/\/www.quartier-waldacker.de\/wp-content\/uploads\/2022\/08\/Unbenannt-3.jpg",1250,300,false],"portraits":["https:\/\/www.quartier-waldacker.de\/wp-content\/uploads\/2022\/08\/Unbenannt-3.jpg",1250,300,false],"thumbnail":["https:\/\/i0.wp.com\/www.quartier-waldacker.de\/wp-content\/uploads\/2022\/08\/Unbenannt-3.jpg?resize=150%2C150&ssl=1",150,150,true],"medium":["https:\/\/i0.wp.com\/www.quartier-waldacker.de\/wp-content\/uploads\/2022\/08\/Unbenannt-3.jpg?fit=300%2C72&ssl=1",300,72,true],"large":["https:\/\/i0.wp.com\/www.quartier-waldacker.de\/wp-content\/uploads\/2022\/08\/Unbenannt-3.jpg?fit=1024%2C246&ssl=1",1024,246,true],"1536x1536":["https:\/\/i0.wp.com\/www.quartier-waldacker.de\/wp-content\/uploads\/2022\/08\/Unbenannt-3.jpg?fit=1250%2C300&ssl=1",1250,300,true],"2048x2048":["https:\/\/i0.wp.com\/www.quartier-waldacker.de\/wp-content\/uploads\/2022\/08\/Unbenannt-3.jpg?fit=1250%2C300&ssl=1",1250,300,true]},"rttpg_author":{"display_name":"admin","author_link":"https:\/\/www.quartier-waldacker.de\/?author=1"},"rttpg_comment":0,"rttpg_category":"<a href=\"https:\/\/www.quartier-waldacker.de\/?cat=63\" rel=\"category\">Boule - Spiel<\/a>","rttpg_excerpt":"Bericht von Annemarie Eck Die letzten 2 Freitage (ab 16 Uhr) \u00a0war mal auf unserer Boulebahn richtig was los. Wir waren am 12.08.22 zu 6., und da wir 3 M\u00e4nner und 3 Frauen waren, kam die Idee auf, einen Wettkampf M\u00e4nner gegen Frauen zu machen. Es waren Bodo + David (Enkel von Margret) + Ernst,&hellip;","_links":{"self":[{"href":"https:\/\/www.quartier-waldacker.de\/index.php?rest_route=\/wp\/v2\/posts\/20947","targetHints":{"allow":["GET"]}}],"collection":[{"href":"https:\/\/www.quartier-waldacker.de\/index.php?rest_route=\/wp\/v2\/posts"}],"about":[{"href":"https:\/\/www.quartier-waldacker.de\/index.php?rest_route=\/wp\/v2\/types\/post"}],"author":[{"embeddable":true,"href":"https:\/\/www.quartier-waldacker.de\/index.php?rest_route=\/wp\/v2\/users\/1"}],"replies":[{"embeddable":true,"href":"https:\/\/www.quartier-waldacker.de\/index.php?rest_route=%2Fwp%2Fv2%2Fcomments&post=20947"}],"version-history":[{"count":0,"href":"https:\/\/www.quartier-waldacker.de\/index.php?rest_route=\/wp\/v2\/posts\/20947\/revisions"}],"wp:featuredmedia":[{"embeddable":true,"href":"https:\/\/www.quartier-waldacker.de\/index.php?rest_route=\/wp\/v2\/media\/20951"}],"wp:attachment":[{"href":"https:\/\/www.quartier-waldacker.de\/index.php?rest_route=%2Fwp%2Fv2%2Fmedia&parent=20947"}],"wp:term":[{"taxonomy":"category","embeddable":true,"href":"https:\/\/www.quartier-waldacker.de\/index.php?rest_route=%2Fwp%2Fv2%2Fcategories&post=20947"},{"taxonomy":"post_tag","embeddable":true,"href":"https:\/\/www.quartier-waldacker.de\/index.php?rest_route=%2Fwp%2Fv2%2Ftags&post=20947"}],"curies":[{"name":"wp","href":"https:\/\/api.w.org\/{rel}","templated":true}]}}