{"id":20858,"date":"2022-07-26T13:17:27","date_gmt":"2022-07-26T11:17:27","guid":{"rendered":"https:\/\/www.quartier-waldacker.de\/?p=20858"},"modified":"2022-08-12T16:35:01","modified_gmt":"2022-08-12T14:35:01","slug":"quartier-waldacker-feiert-10-jaehriges-jubilaeum","status":"publish","type":"post","link":"https:\/\/www.quartier-waldacker.de\/?p=20858","title":{"rendered":"Quartier &#8211; Waldacker feiert 10 j\u00e4hriges Jubil\u00e4um"},"content":{"rendered":"<p style=\"text-align: right;\" data-wp-editing=\"1\"><button id=\"listenButton1\" class=\"responsivevoice-button\" type=\"button\" value=\"Play\" title=\"ResponsiveVoice Tap to Start\/Stop Speech\"><span>&#128266; Vorlesen<\/span><\/button>\n        <script>\n            listenButton1.onclick = function(){\n                if(responsiveVoice.isPlaying()){\n                    responsiveVoice.cancel();\n                }else{\n                    responsiveVoice.speak(\"Autorin: Ute Schmidt Am Samstag, 23. Juli feierten wir mit leichter Versp\u00e4tung unser 10-j\u00e4hriges Jubil\u00e4um nach. Bei guter Laune und strahlendem Sonnenschein wurde in geselliger Runde im Sch\u00fctzenhaus Diana ein fr\u00f6hliches Geburtstagsfest gefeiert. Besonders freuten wir uns \u00fcber die Teilnahme von Ehrenb\u00fcrgermeister Roland Kern und Wolfgang Geiken-Weigt, den fr\u00fcheren st\u00e4dtischen Fachabteilungsleiter Senioren, Sozialer Dienst. Beide hatten sich vor vielen Jahren in R\u00f6dermark f\u00fcr das b\u00fcrgerschaftliche Engagement stark gemacht und die damit verbundene, wertvolle Quartiersarbeit auf den Weg gebracht! Beide sind sich einig, in Waldacker alles richtig gemacht zu haben! Auch unsere Erste Stadtr\u00e4tin Andrea Sch\u00fclner besuchte uns gemeinsam mit der Fachbereichsleitung Soziales, Susanne Kaludra, und \u00fcberbrachte ihre guten W\u00fcnsche f\u00fcr die n\u00e4chsten Jahre. Wir bedanken uns herzlich bei unserem Orga-Team sowie Gerhard Loos und Annemarie Eck. Gerhard berichtete in seiner kurzweiligen Geburtstagsrede von den Anf\u00e4ngen bis hin zu den heutigen Aktionen. Und Annemarie, unsere Moderatorin und Projektverantwortliche der \\\"Kulinarischen Reise\\\" erfreute uns alle mit einem selbstgeschriebenen Gedicht. Wir sagen besten Dank f\u00fcr die vielen gemeinsamen tollen Stunden mit Euch, f\u00fcr Eurer gro\u00dfartiges Engagement und f\u00fcr ein bessere Leben und gutes Miteinander in Waldacker! Was ist Quartiersarbeit - Quartiersarbeit hilft allen sich n\u00e4her zu kommen, Projekte gemeinsam zu gestalten, ohne Zwang zu feiern und etwas Sinnvolles zu unternehmen. Alle B\u00fcrger und B\u00fcrgerinnen die sich f\u00fcr sowas interessieren sind \u00a0der Gruppe herzlich willkommen. 10 Jahre Quartier-Waldacker \u2192 Bitte hier klicken - Quartier\u00a0 Chronik! 10 Jahre Quartier-Waldacker Video\u2192 Bildergalerie \u2192 \u00a0Zu den Bildern - Bitte hier klicken! Jubil\u00e4umsrede von Annemarie Eck\u2192\u00a0 Bitte hier klicken!\", \"Deutsch Female\");\n                }\n            };\n        <\/script>\n    \n<p data-wp-editing=\"1\">Autorin: Ute Schmidt<\/p>\n<p data-wp-editing=\"1\"><span style=\"font-size: 20px;\"><img data-recalc-dims=\"1\" loading=\"lazy\" decoding=\"async\" data-attachment-id=\"20889\" data-permalink=\"https:\/\/www.quartier-waldacker.de\/?attachment_id=20889#main\" data-orig-file=\"https:\/\/i0.wp.com\/www.quartier-waldacker.de\/wp-content\/uploads\/2022\/07\/IMG_6756_1280_1-1.jpg?fit=1280%2C686&amp;ssl=1\" data-orig-size=\"1280,686\" data-comments-opened=\"1\" data-image-meta=\"{&quot;aperture&quot;:&quot;0&quot;,&quot;credit&quot;:&quot;&quot;,&quot;camera&quot;:&quot;&quot;,&quot;caption&quot;:&quot;&quot;,&quot;created_timestamp&quot;:&quot;0&quot;,&quot;copyright&quot;:&quot;&quot;,&quot;focal_length&quot;:&quot;0&quot;,&quot;iso&quot;:&quot;0&quot;,&quot;shutter_speed&quot;:&quot;0&quot;,&quot;title&quot;:&quot;&quot;,&quot;orientation&quot;:&quot;0&quot;}\" data-image-title=\"IMG_6756_1280_1\" data-image-description=\"\" data-image-caption=\"\" data-large-file=\"https:\/\/i0.wp.com\/www.quartier-waldacker.de\/wp-content\/uploads\/2022\/07\/IMG_6756_1280_1-1.jpg?fit=1024%2C549&amp;ssl=1\" class=\"wp-image-20889 alignleft\" src=\"https:\/\/i0.wp.com\/www.quartier-waldacker.de\/wp-content\/uploads\/2022\/07\/IMG_6756_1280_1-1.jpg?resize=427%2C229&#038;ssl=1\" alt=\"\" width=\"427\" height=\"229\" srcset=\"https:\/\/i0.wp.com\/www.quartier-waldacker.de\/wp-content\/uploads\/2022\/07\/IMG_6756_1280_1-1.jpg?resize=300%2C161&amp;ssl=1 300w, https:\/\/i0.wp.com\/www.quartier-waldacker.de\/wp-content\/uploads\/2022\/07\/IMG_6756_1280_1-1.jpg?resize=1024%2C549&amp;ssl=1 1024w, https:\/\/i0.wp.com\/www.quartier-waldacker.de\/wp-content\/uploads\/2022\/07\/IMG_6756_1280_1-1.jpg?resize=768%2C412&amp;ssl=1 768w, https:\/\/i0.wp.com\/www.quartier-waldacker.de\/wp-content\/uploads\/2022\/07\/IMG_6756_1280_1-1.jpg?w=1280&amp;ssl=1 1280w\" sizes=\"auto, (max-width: 427px) 100vw, 427px\" \/>Am Samstag, 23. Juli feierten wir mit leichter Versp\u00e4tung unser 10-j\u00e4hriges Jubil\u00e4um nach. Bei guter Laune und strahlendem Sonnenschein wurde in geselliger Runde im Sch\u00fctzenhaus Diana ein fr\u00f6hliches Geburtstagsfest gefeiert. Besonders freuten wir uns \u00fcber die Teilnahme von Ehrenb\u00fcrgermeister Roland Kern und Wolfgang Geiken-Weigt, den fr\u00fcheren st\u00e4dtischen Fachabteilungsleiter Senioren, Sozialer Dienst. Beide hatten sich vor vielen Jahren in R\u00f6dermark f\u00fcr das b\u00fcrgerschaftliche Engagement stark gemacht und die damit verbundene, wertvolle Quartiersarbeit auf den Weg gebracht! Beide sind sich einig, in Waldacker alles richtig gemacht zu haben! Auch unsere Erste Stadtr\u00e4tin Andrea Sch\u00fclner besuchte uns gemeinsam mit der Fachbereichsleitung Soziales, Susanne Kaludra, und \u00fcberbrachte ihre guten W\u00fcnsche f\u00fcr die n\u00e4chsten Jahre.<\/span><\/p>\n<p><span style=\"font-size: 20px;\">Wir bedanken uns herzlich bei unserem Orga-Team sowie Gerhard Loos und Annemarie Eck. Gerhard berichtete in seiner kurzweiligen Geburtstagsrede von den Anf\u00e4ngen bis hin zu den heutigen Aktionen. Und Annemarie, unsere Moderatorin und Projektverantwortliche der &#8220;Kulinarischen Reise&#8221; erfreute uns alle mit einem selbstgeschriebenen Gedicht. Wir sagen besten Dank f\u00fcr die vielen gemeinsamen tollen Stunden mit Euch, f\u00fcr Eurer gro\u00dfartiges Engagement und f\u00fcr ein bessere Leben und gutes Miteinander in Waldacker!<br \/>\n<\/span><\/p>\n<p><span style=\"font-size: 20px;\">Was ist Quartiersarbeit &#8211; Quartiersarbeit hilft allen sich n\u00e4her zu kommen, Projekte gemeinsam zu gestalten, ohne Zwang zu feiern und etwas Sinnvolles zu unternehmen. Alle B\u00fcrger und B\u00fcrgerinnen die sich f\u00fcr sowas interessieren sind \u00a0der Gruppe herzlich willkommen.<\/span><\/p>\n<p><span style=\"font-size: 24px;\">10 Jahre Quartier-Waldacker<\/span> \u2192 <a href=\"https:\/\/www.quartier-waldacker.de\/?page_id=20834\" target=\"_blank\" rel=\"noopener\"><span style=\"font-size: 20px;\">Bitte hier klicken &#8211; Quartier\u00a0 Chronik!<\/span><\/a><\/p>\n<p><span style=\"font-size: 20px;\">10 Jahre Quartier-Waldacker Video\u2192 <\/span><span style=\"font-size: 20px;\"><a href=\"https:\/\/youtu.be\/H06wUlq77RY\"><img data-recalc-dims=\"1\" loading=\"lazy\" decoding=\"async\" class=\"alignnone\" src=\"https:\/\/i0.wp.com\/www.quartier-waldacker.de\/wp-content\/uploads\/2022\/08\/camera-gc0798d45a_1280.png?resize=40%2C39&#038;ssl=1\" alt=\"\" width=\"40\" height=\"39\" \/><\/a><\/span><\/p>\n<p><span style=\"font-size: 24px;\">Bildergalerie \u2192<span style=\"font-size: 20px;\"> \u00a0<a href=\"https:\/\/www.quartier-waldacker.de\/?page_id=20868\" target=\"_blank\" rel=\"noopener\">Zu den Bildern &#8211; Bitte hier klicken!<\/a><\/span><br \/>\n<\/span><\/p>\n<p><span style=\"font-size: 24px;\">Jubil\u00e4umsrede von Annemarie Eck\u2192\u00a0<span style=\"font-size: 20px;\"> <a href=\"https:\/\/www.quartier-waldacker.de\/?page_id=20874\" target=\"_blank\" rel=\"noopener\">Bitte hier klicken!<\/a><\/span><\/span><\/p>\n<p>&nbsp;<\/p>\n","protected":false},"excerpt":{"rendered":"<p>Autorin: Ute Schmidt Am Samstag, 23. Juli feierten wir mit leichter Versp\u00e4tung unser 10-j\u00e4hriges Jubil\u00e4um nach. Bei guter Laune und strahlendem Sonnenschein wurde in geselliger Runde im Sch\u00fctzenhaus Diana ein fr\u00f6hliches Geburtstagsfest gefeiert. Besonders freuten wir uns \u00fcber die Teilnahme von Ehrenb\u00fcrgermeister Roland Kern und Wolfgang Geiken-Weigt, den fr\u00fcheren st\u00e4dtischen Fachabteilungsleiter Senioren, Sozialer Dienst. Beide &#8230; <a title=\"Quartier &#8211; Waldacker feiert 10 j\u00e4hriges Jubil\u00e4um\" class=\"read-more\" href=\"https:\/\/www.quartier-waldacker.de\/?p=20858\" aria-label=\"Mehr Informationen \u00fcber Quartier &#8211; Waldacker feiert 10 j\u00e4hriges Jubil\u00e4um\">Weiterlesen<\/a><\/p>\n","protected":false},"author":1,"featured_media":20863,"comment_status":"open","ping_status":"closed","sticky":false,"template":"","format":"standard","meta":{"generate_page_header":"","_jetpack_memberships_contains_paid_content":false,"footnotes":""},"categories":[1,170,16],"tags":[289,288,118],"class_list":["post-20858","post","type-post","status-publish","format-standard","has-post-thumbnail","hentry","category-uncategorized","category-events","category-feste","tag-quartier","tag-ueber-uns","tag-waldacker"],"jetpack_featured_media_url":"https:\/\/i0.wp.com\/www.quartier-waldacker.de\/wp-content\/uploads\/2022\/07\/Header_10JQW.jpg?fit=1280%2C300&ssl=1","jetpack-related-posts":[{"id":27142,"url":"https:\/\/www.quartier-waldacker.de\/?p=27142","url_meta":{"origin":20858,"position":0},"title":"\u201eKulinarische Reise durch und um R\u00f6dermark\u201c feiert ihre 200. Jubil\u00e4umsschmaus","author":"admin","date":"22. August 2025","format":false,"excerpt":"Beitrag und Bilder aus der Offenbach Post von Christine Ziesecke Waldacker \u201eQuartier Waldacker \u2013 gemeinsam aktiv, ein Team, ein Ziel!\u201c So steht es auf der Homepage der Quartiersgruppe Waldacker, einer \u201eGruppe von engagierten B\u00fcrgern aus Waldacker, die versucht, das Leben in Waldacker annehmlicher zu gestalten.\u201c Mitmachen kann jeder, solange es\u2026","rel":"","context":"In &quot;B\u00fcrgerschaftliches Engagement&quot;","block_context":{"text":"B\u00fcrgerschaftliches Engagement","link":"https:\/\/www.quartier-waldacker.de\/?cat=184"},"img":{"alt_text":"","src":"https:\/\/i0.wp.com\/www.quartier-waldacker.de\/wp-content\/uploads\/2025\/08\/Header-200-Essen-5-GabelV1n.jpg?fit=960%2C300&ssl=1&resize=350%2C200","width":350,"height":200,"srcset":"https:\/\/i0.wp.com\/www.quartier-waldacker.de\/wp-content\/uploads\/2025\/08\/Header-200-Essen-5-GabelV1n.jpg?fit=960%2C300&ssl=1&resize=350%2C200 1x, https:\/\/i0.wp.com\/www.quartier-waldacker.de\/wp-content\/uploads\/2025\/08\/Header-200-Essen-5-GabelV1n.jpg?fit=960%2C300&ssl=1&resize=525%2C300 1.5x, https:\/\/i0.wp.com\/www.quartier-waldacker.de\/wp-content\/uploads\/2025\/08\/Header-200-Essen-5-GabelV1n.jpg?fit=960%2C300&ssl=1&resize=700%2C400 2x"},"classes":[]},{"id":25237,"url":"https:\/\/www.quartier-waldacker.de\/?p=25237","url_meta":{"origin":20858,"position":1},"title":"35 Jahre B\u00fcrgertreff Waldacker","author":"Johannes","date":"14. September 2024","format":false,"excerpt":"Der B\u00fcrgertreff Waldacker ist ein stadtteil\u00fcbergreifender Treffpunkt f\u00fcr Jung und Alt und erfreut die Waldackerer. Am 14. August 1989 fand die offizielle \u00dcbergabe des B\u00fcrgertreffs in Waldacker durch den Architekten Hans Lang statt. Die Quartiersmanagerin Andrea Sobanski, hat zusammen mit ihrem Team das etwas versp\u00e4tete Jubil\u00e4um f\u00fcr den 7. September\u2026","rel":"","context":"In &quot;AG-B\u00fcrgertreff&quot;","block_context":{"text":"AG-B\u00fcrgertreff","link":"https:\/\/www.quartier-waldacker.de\/?cat=192"},"img":{"alt_text":"","src":"https:\/\/i0.wp.com\/www.quartier-waldacker.de\/wp-content\/uploads\/2024\/09\/35-Jahre-Buergertreff.jpg?fit=1200%2C281&ssl=1&resize=350%2C200","width":350,"height":200,"srcset":"https:\/\/i0.wp.com\/www.quartier-waldacker.de\/wp-content\/uploads\/2024\/09\/35-Jahre-Buergertreff.jpg?fit=1200%2C281&ssl=1&resize=350%2C200 1x, https:\/\/i0.wp.com\/www.quartier-waldacker.de\/wp-content\/uploads\/2024\/09\/35-Jahre-Buergertreff.jpg?fit=1200%2C281&ssl=1&resize=525%2C300 1.5x, https:\/\/i0.wp.com\/www.quartier-waldacker.de\/wp-content\/uploads\/2024\/09\/35-Jahre-Buergertreff.jpg?fit=1200%2C281&ssl=1&resize=700%2C400 2x, https:\/\/i0.wp.com\/www.quartier-waldacker.de\/wp-content\/uploads\/2024\/09\/35-Jahre-Buergertreff.jpg?fit=1200%2C281&ssl=1&resize=1050%2C600 3x"},"classes":[]},{"id":20390,"url":"https:\/\/www.quartier-waldacker.de\/?p=20390","url_meta":{"origin":20858,"position":2},"title":"100 mal &#8211;  Essen in geselliger Runde","author":"admin","date":"23. August 2021","format":"image","excerpt":"Arbeitsgruppen der Quartiersgruppe Waldacker sind bekannt f\u00fcr ihre Aktivit\u00e4ten wie z.B. die AG-Gr\u00fcn, PC-Workshop Senioren, PC und Internet, Kulturabende, Boulespiele, Radfahrgruppe Waldacker und weitere. Doch letzten Freitag hatte eine Arbeitsgruppe ein rundes Jubil\u00e4um 100-mal \u201eKulinarische Reise durch und um R\u00f6dermark\u201c. 2016 kam die Idee auf, man k\u00f6nnte doch ab und\u2026","rel":"","context":"In &quot;Geselligkeit&quot;","block_context":{"text":"Geselligkeit","link":"https:\/\/www.quartier-waldacker.de\/?cat=171"},"img":{"alt_text":"","src":"https:\/\/i0.wp.com\/www.quartier-waldacker.de\/wp-content\/uploads\/2018\/01\/Essen-7-Gabeln-_Rahmen.png?fit=1200%2C281&ssl=1&resize=350%2C200","width":350,"height":200,"srcset":"https:\/\/i0.wp.com\/www.quartier-waldacker.de\/wp-content\/uploads\/2018\/01\/Essen-7-Gabeln-_Rahmen.png?fit=1200%2C281&ssl=1&resize=350%2C200 1x, https:\/\/i0.wp.com\/www.quartier-waldacker.de\/wp-content\/uploads\/2018\/01\/Essen-7-Gabeln-_Rahmen.png?fit=1200%2C281&ssl=1&resize=525%2C300 1.5x, https:\/\/i0.wp.com\/www.quartier-waldacker.de\/wp-content\/uploads\/2018\/01\/Essen-7-Gabeln-_Rahmen.png?fit=1200%2C281&ssl=1&resize=700%2C400 2x, https:\/\/i0.wp.com\/www.quartier-waldacker.de\/wp-content\/uploads\/2018\/01\/Essen-7-Gabeln-_Rahmen.png?fit=1200%2C281&ssl=1&resize=1050%2C600 3x"},"classes":[]},{"id":14055,"url":"https:\/\/www.quartier-waldacker.de\/?p=14055","url_meta":{"origin":20858,"position":3},"title":"Radtour\u2013 Zur R\u00fcckerbacher Schlucht \u00fcber Klein-Ostheim (78 km)","author":"admin","date":"7. Juli 2017","format":false,"excerpt":"Beitrag und Bilder von Reinhold HarnothStart war 12 Uhr am B\u00fcrgertreff Waldacker, kurz danach trafen wir unsere Freunde aus den anderen Stadteilen am Kl\u00e4rwerk\/ Rentnerb\u00e4nke in Ober-Roden. Gemeinsam fuhren wir in Richtung Dudenhofen \u00fcber Rollwald und Niederroden. In Dudenhofen, Herbert-Klee-Weg in Richtung Babenhausen \/Harreshausen an der sch\u00f6nen Eiche in Harreshausen\u2026","rel":"","context":"In &quot;Radtouren&quot;","block_context":{"text":"Radtouren","link":"https:\/\/www.quartier-waldacker.de\/?cat=126"},"img":{"alt_text":"","src":"https:\/\/i0.wp.com\/www.quartier-waldacker.de\/wp-content\/uploads\/2017\/07\/Header_Radtour-18.jpg?fit=1200%2C261&ssl=1&resize=350%2C200","width":350,"height":200,"srcset":"https:\/\/i0.wp.com\/www.quartier-waldacker.de\/wp-content\/uploads\/2017\/07\/Header_Radtour-18.jpg?fit=1200%2C261&ssl=1&resize=350%2C200 1x, https:\/\/i0.wp.com\/www.quartier-waldacker.de\/wp-content\/uploads\/2017\/07\/Header_Radtour-18.jpg?fit=1200%2C261&ssl=1&resize=525%2C300 1.5x, https:\/\/i0.wp.com\/www.quartier-waldacker.de\/wp-content\/uploads\/2017\/07\/Header_Radtour-18.jpg?fit=1200%2C261&ssl=1&resize=700%2C400 2x, https:\/\/i0.wp.com\/www.quartier-waldacker.de\/wp-content\/uploads\/2017\/07\/Header_Radtour-18.jpg?fit=1200%2C261&ssl=1&resize=1050%2C600 3x"},"classes":[]},{"id":3939,"url":"https:\/\/www.quartier-waldacker.de\/?p=3939","url_meta":{"origin":20858,"position":4},"title":"Einkaufen in Waldacker","author":"Johannes","date":"13. November 2013","format":false,"excerpt":"Wie wir wissen ist die allgemeine Versorgung unserer nicht mobilen Mitb\u00fcrger und Mitb\u00fcrgerinnen mit und ohne Handicap ein gro\u00dfes Defizit. Die teilweise ruhige etwas abgelegene Wohnlage in Waldacker hat ihren Preis. Wer in jungen Jahre hierher gezogen ist, weg aus der Stadt, merkt im Alter was ihm fehlt. Ohne Auto\u2026","rel":"","context":"In &quot;Einkaufen in Waldacker&quot;","block_context":{"text":"Einkaufen in Waldacker","link":"https:\/\/www.quartier-waldacker.de\/?cat=98"},"img":{"alt_text":"By: Udaios","src":"https:\/\/i0.wp.com\/www.quartier-waldacker.de\/wp-content\/uploads\/2013\/10\/5665052626_faa9e8af8b-150x150.jpg?resize=350%2C200&ssl=1","width":350,"height":200},"classes":[]},{"id":26390,"url":"https:\/\/www.quartier-waldacker.de\/?p=26390","url_meta":{"origin":20858,"position":5},"title":"B\u00fcrgertreff wird zum Winter- Caf\u00e9","author":"Johannes","date":"3. Februar 2025","format":false,"excerpt":"Gelungene Kaffeetafel - mit selbstgebackenen 9 Kuchen \u2013 u. A. K\u00e4sekuchen und Linzertorte und auch Windbeuteln, Muffins, frischen Waffeln und anderen leckeren K\u00f6stlichkeiten startete die Quartiersgruppe-Waldacker ihren 2. Kaffeenachmittag im B\u00fcrgertreff. Bei herrlichen kalten aber sonnigen Wetter kamen am 2. Februar \u00fcber 70 G\u00e4ste aus Waldacker und anderen Stadtteilen im\u2026","rel":"","context":"In &quot;Geselligkeit&quot;","block_context":{"text":"Geselligkeit","link":"https:\/\/www.quartier-waldacker.de\/?cat=171"},"img":{"alt_text":"","src":"https:\/\/i0.wp.com\/www.quartier-waldacker.de\/wp-content\/uploads\/2025\/02\/Header_Buergertr1280.jpg?fit=1200%2C281&ssl=1&resize=350%2C200","width":350,"height":200,"srcset":"https:\/\/i0.wp.com\/www.quartier-waldacker.de\/wp-content\/uploads\/2025\/02\/Header_Buergertr1280.jpg?fit=1200%2C281&ssl=1&resize=350%2C200 1x, https:\/\/i0.wp.com\/www.quartier-waldacker.de\/wp-content\/uploads\/2025\/02\/Header_Buergertr1280.jpg?fit=1200%2C281&ssl=1&resize=525%2C300 1.5x, https:\/\/i0.wp.com\/www.quartier-waldacker.de\/wp-content\/uploads\/2025\/02\/Header_Buergertr1280.jpg?fit=1200%2C281&ssl=1&resize=700%2C400 2x, https:\/\/i0.wp.com\/www.quartier-waldacker.de\/wp-content\/uploads\/2025\/02\/Header_Buergertr1280.jpg?fit=1200%2C281&ssl=1&resize=1050%2C600 3x"},"classes":[]}],"jetpack_sharing_enabled":true,"rttpg_featured_image_url":{"full":["https:\/\/i0.wp.com\/www.quartier-waldacker.de\/wp-content\/uploads\/2022\/07\/Header_10JQW.jpg?fit=1280%2C300&ssl=1",1280,300,false],"landscape":["https:\/\/www.quartier-waldacker.de\/wp-content\/uploads\/2022\/07\/Header_10JQW.jpg",1280,300,false],"portraits":["https:\/\/www.quartier-waldacker.de\/wp-content\/uploads\/2022\/07\/Header_10JQW.jpg",1280,300,false],"thumbnail":["https:\/\/i0.wp.com\/www.quartier-waldacker.de\/wp-content\/uploads\/2022\/07\/Header_10JQW.jpg?resize=150%2C150&ssl=1",150,150,true],"medium":["https:\/\/i0.wp.com\/www.quartier-waldacker.de\/wp-content\/uploads\/2022\/07\/Header_10JQW.jpg?fit=300%2C70&ssl=1",300,70,true],"large":["https:\/\/i0.wp.com\/www.quartier-waldacker.de\/wp-content\/uploads\/2022\/07\/Header_10JQW.jpg?fit=1024%2C240&ssl=1",1024,240,true],"1536x1536":["https:\/\/i0.wp.com\/www.quartier-waldacker.de\/wp-content\/uploads\/2022\/07\/Header_10JQW.jpg?fit=1280%2C300&ssl=1",1280,300,true],"2048x2048":["https:\/\/i0.wp.com\/www.quartier-waldacker.de\/wp-content\/uploads\/2022\/07\/Header_10JQW.jpg?fit=1280%2C300&ssl=1",1280,300,true]},"rttpg_author":{"display_name":"admin","author_link":"https:\/\/www.quartier-waldacker.de\/?author=1"},"rttpg_comment":0,"rttpg_category":"<a href=\"https:\/\/www.quartier-waldacker.de\/?cat=1\" rel=\"category\">Allgemein<\/a> <a href=\"https:\/\/www.quartier-waldacker.de\/?cat=170\" rel=\"category\">Events<\/a> <a href=\"https:\/\/www.quartier-waldacker.de\/?cat=16\" rel=\"category\">Feste<\/a>","rttpg_excerpt":"Autorin: Ute Schmidt Am Samstag, 23. Juli feierten wir mit leichter Versp\u00e4tung unser 10-j\u00e4hriges Jubil\u00e4um nach. Bei guter Laune und strahlendem Sonnenschein wurde in geselliger Runde im Sch\u00fctzenhaus Diana ein fr\u00f6hliches Geburtstagsfest gefeiert. Besonders freuten wir uns \u00fcber die Teilnahme von Ehrenb\u00fcrgermeister Roland Kern und Wolfgang Geiken-Weigt, den fr\u00fcheren st\u00e4dtischen Fachabteilungsleiter Senioren, Sozialer Dienst. Beide&hellip;","_links":{"self":[{"href":"https:\/\/www.quartier-waldacker.de\/index.php?rest_route=\/wp\/v2\/posts\/20858","targetHints":{"allow":["GET"]}}],"collection":[{"href":"https:\/\/www.quartier-waldacker.de\/index.php?rest_route=\/wp\/v2\/posts"}],"about":[{"href":"https:\/\/www.quartier-waldacker.de\/index.php?rest_route=\/wp\/v2\/types\/post"}],"author":[{"embeddable":true,"href":"https:\/\/www.quartier-waldacker.de\/index.php?rest_route=\/wp\/v2\/users\/1"}],"replies":[{"embeddable":true,"href":"https:\/\/www.quartier-waldacker.de\/index.php?rest_route=%2Fwp%2Fv2%2Fcomments&post=20858"}],"version-history":[{"count":0,"href":"https:\/\/www.quartier-waldacker.de\/index.php?rest_route=\/wp\/v2\/posts\/20858\/revisions"}],"wp:featuredmedia":[{"embeddable":true,"href":"https:\/\/www.quartier-waldacker.de\/index.php?rest_route=\/wp\/v2\/media\/20863"}],"wp:attachment":[{"href":"https:\/\/www.quartier-waldacker.de\/index.php?rest_route=%2Fwp%2Fv2%2Fmedia&parent=20858"}],"wp:term":[{"taxonomy":"category","embeddable":true,"href":"https:\/\/www.quartier-waldacker.de\/index.php?rest_route=%2Fwp%2Fv2%2Fcategories&post=20858"},{"taxonomy":"post_tag","embeddable":true,"href":"https:\/\/www.quartier-waldacker.de\/index.php?rest_route=%2Fwp%2Fv2%2Ftags&post=20858"}],"curies":[{"name":"wp","href":"https:\/\/api.w.org\/{rel}","templated":true}]}}