{"id":20491,"date":"2021-11-14T09:50:46","date_gmt":"2021-11-14T08:50:46","guid":{"rendered":"https:\/\/www.quartier-waldacker.de\/?p=20491"},"modified":"2023-01-14T10:04:35","modified_gmt":"2023-01-14T09:04:35","slug":"trotz-allem-eine-erfolgreiche-radler-saison","status":"publish","type":"post","link":"https:\/\/www.quartier-waldacker.de\/?p=20491","title":{"rendered":"Trotz allem eine erfolgreiche Radler-Saison!"},"content":{"rendered":"\n<div class=\"wp-block-group\"><div class=\"wp-block-group__inner-container is-layout-constrained wp-block-group-is-layout-constrained\">\n<p class=\"has-text-align-right\"><button id=\"listenButton1\" class=\"responsivevoice-button\" type=\"button\" value=\"Play\" title=\"ResponsiveVoice Tap to Start\/Stop Speech\"><span>&#128266; Vorlesen<\/span><\/button>\n        <script>\n            listenButton1.onclick = function(){\n                if(responsiveVoice.isPlaying()){\n                    responsiveVoice.cancel();\n                }else{\n                    responsiveVoice.speak(\"Begonnen hat die diesj\u00e4hrige Radfahr-Saison Corona bedingt erst am 14 Mai mit 20 Radfahrhungrigen nach Babenhausen\/Stockstadt. Selbstverpflegung war angesagt da die Gartenlokalit\u00e4ten wegen den zu diesen Zeitpunkt bestehenden Einschr\u00e4nkungen geschlossen waren. Ab Juni bis Ende Oktober auf Grund der g\u00fcnstigeren Corona Bestimmungen war eine Einkehr in der Au\u00dfen-Gastronomie m\u00f6glich und mit Begeisterung von den Radlern\/innen angenommen. Insgesamt konnten 24 Touren trotz der oben erw\u00e4hnten Anlaufschwierigkeiten mit 1400 km geradelt werden. Im Schnitt fuhren 18 Radler\/innen pro unternommene Tour mit. Mittlerweile ist die Gruppe auf 32 Personen angewachsen, davon 14 weiblich und 18 m\u00e4nnlich. Gefahren wird mit E-Bikes mit einer Ausnahme. Die Radler kommen vorwiegend aus R\u00f6dermark und aus den umliegenden Orten bzw. St\u00e4dten wie Eppersthausen, Offenthal und Dietzenbach.Im Juni nahm die Gruppe erfolgreich beim Stadtradeln teil und belegte den 3. Platz Der \u00e4ltesten Radfahrer (92 Jahren) bei diesem Stadtradeln kam aus unserer Gruppe und wurde vom B\u00fcrgermeister Rotter geehrt (wir berichteten dar\u00fcber, siehe hier). Pandemiebedingt verzichteten die Initiatoren diesj\u00e4hrig auf einem Tourenplan und legten jeweils w\u00f6chentlich die n\u00e4chste Tour mit Startzeit, Treffpunkt und Ziel fest. Am 5. November unternahmen 7 Radler eine kurze Abschlussfahrt nach M\u00fcnster \u00fcber Eppersthausen und zur\u00fcck. Anschlie\u00dfend trafen sie sich mit dem Rest der Gruppe bei einem gemeinsamen Essen in der Gastst\u00e4tte Laguna. Reinhold Harnroth unterhielt die Gruppe mit einer Bilderschau und mit etwas Statistik \u00fcber die vergangene Saison. Horst Richter bedankte sich im Namen der Radlergruppe bei dem Planungsteam Reinhold Harnroth und Gerhard Elsesser f\u00fcr ihr hervorragendes Engagement. Wir alle schauen positiv in die neue Saison und hoffen auf uneingeschr\u00e4nktes Radler-Vergn\u00fcgen. Letzte Radtour 2021 - Zwischenstopp bei M\u00fcnster Gruppenbild 2021 Radlergruppe Quartier-Waldacker\", \"Deutsch Female\");\n                }\n            };\n        <\/script>\n    \n\n\n\n<p><span style=\"font-size: 20px; font-family: arial, helvetica, sans-serif;\">Begonnen hat die diesj\u00e4hrige Radfahr-Saison Corona bedingt erst am 14 Mai mit 20 Radfahrhungrigen nach Babenhausen\/Stockstadt.&nbsp; Selbstverpflegung war angesagt da die Gartenlokalit\u00e4ten wegen den zu diesen Zeitpunkt bestehenden Einschr\u00e4nkungen geschlossen waren. Ab Juni bis Ende Oktober auf Grund der g\u00fcnstigeren Corona Bestimmungen war eine Einkehr in der Au\u00dfen-Gastronomie m\u00f6glich und mit Begeisterung von den Radlern\/innen angenommen.<\/span><\/p>\n\n\n\n<p><span style=\"font-size: 20px; font-family: arial, helvetica, sans-serif;\">Insgesamt konnten 24 Touren trotz der oben erw\u00e4hnten Anlaufschwierigkeiten mit 1400 km geradelt werden. Im Schnitt fuhren 18 Radler\/innen pro unternommene Tour mit. Mittlerweile ist die Gruppe auf 32 Personen angewachsen, davon 14 weiblich und 18 m\u00e4nnlich. Gefahren wird mit E-Bikes mit einer Ausnahme. Die Radler kommen vorwiegend aus R\u00f6dermark und aus den umliegenden Orten bzw. St\u00e4dten wie Eppersthausen, Offenthal und Dietzenbach.<\/span><br><span style=\"font-size: 20px; font-family: arial, helvetica, sans-serif;\">Im Juni nahm die Gruppe erfolgreich beim Stadtradeln teil und belegte den 3. Platz Der \u00e4ltesten Radfahrer (92 Jahren) bei diesem Stadtradeln kam aus unserer Gruppe und wurde vom B\u00fcrgermeister Rotter geehrt (wir berichteten dar\u00fcber, siehe hier).<\/span><\/p>\n\n\n\n<p><span style=\"font-size: 20px; font-family: arial, helvetica, sans-serif;\">Pandemiebedingt verzichteten die Initiatoren diesj\u00e4hrig auf einem Tourenplan und legten jeweils w\u00f6chentlich die n\u00e4chste Tour mit Startzeit, Treffpunkt &nbsp;und Ziel fest.<\/span><\/p>\n\n\n\n<p><span style=\"font-size: 20px; font-family: arial, helvetica, sans-serif;\">Am 5. November unternahmen 7 Radler eine kurze Abschlussfahrt nach M\u00fcnster \u00fcber Eppersthausen und zur\u00fcck. Anschlie\u00dfend trafen sie sich mit dem Rest der Gruppe bei einem gemeinsamen Essen in der Gastst\u00e4tte Laguna. Reinhold Harnroth &nbsp;unterhielt die Gruppe mit einer Bilderschau und mit etwas Statistik \u00fcber die vergangene Saison. Horst Richter bedankte sich im Namen der Radlergruppe bei dem Planungsteam Reinhold Harnroth und Gerhard Elsesser f\u00fcr ihr hervorragendes Engagement.<\/span><\/p>\n\n\n\n<p><span style=\"font-size: 20px; font-family: arial, helvetica, sans-serif;\">Wir alle schauen positiv in die neue Saison und hoffen auf uneingeschr\u00e4nktes Radler-Vergn\u00fcgen.<\/span><\/p>\n<\/div><\/div>\n\n\n\n<div class=\"wp-block-group is-content-justification-center is-nowrap is-layout-flex wp-container-core-group-is-layout-94bc23d7 wp-block-group-is-layout-flex\"><div class=\"wp-block-image\">\n<figure class=\"aligncenter\"><a href=\"https:\/\/i0.wp.com\/www.quartier-waldacker.de\/wp-content\/uploads\/2021\/11\/9F2AF78E-BFB4-4853-B5D7-6206F3915B77-408-0000014AE6E919EB.jpg?ssl=1\"><img data-recalc-dims=\"1\" loading=\"lazy\" decoding=\"async\" width=\"300\" height=\"225\" data-attachment-id=\"20492\" data-permalink=\"https:\/\/www.quartier-waldacker.de\/?attachment_id=20492#main\" data-orig-file=\"https:\/\/i0.wp.com\/www.quartier-waldacker.de\/wp-content\/uploads\/2021\/11\/9F2AF78E-BFB4-4853-B5D7-6206F3915B77-408-0000014AE6E919EB.jpg?fit=2016%2C1512&amp;ssl=1\" data-orig-size=\"2016,1512\" data-comments-opened=\"1\" data-image-meta=\"{&quot;aperture&quot;:&quot;1.5&quot;,&quot;credit&quot;:&quot;&quot;,&quot;camera&quot;:&quot;iPhone 13 Pro&quot;,&quot;caption&quot;:&quot;&quot;,&quot;created_timestamp&quot;:&quot;1636128157&quot;,&quot;copyright&quot;:&quot;&quot;,&quot;focal_length&quot;:&quot;5.7&quot;,&quot;iso&quot;:&quot;32&quot;,&quot;shutter_speed&quot;:&quot;0.0072992700729927&quot;,&quot;title&quot;:&quot;&quot;,&quot;orientation&quot;:&quot;1&quot;}\" data-image-title=\"9F2AF78E-BFB4-4853-B5D7-6206F3915B77-408-0000014AE6E919EB\" data-image-description=\"\" data-image-caption=\"\" data-large-file=\"https:\/\/i0.wp.com\/www.quartier-waldacker.de\/wp-content\/uploads\/2021\/11\/9F2AF78E-BFB4-4853-B5D7-6206F3915B77-408-0000014AE6E919EB.jpg?fit=1024%2C768&amp;ssl=1\" src=\"https:\/\/i0.wp.com\/www.quartier-waldacker.de\/wp-content\/uploads\/2021\/11\/9F2AF78E-BFB4-4853-B5D7-6206F3915B77-408-0000014AE6E919EB.jpg?resize=300%2C225&#038;ssl=1\" alt=\"Letzte Radtour 2021\" class=\"wp-image-20492\" srcset=\"https:\/\/i0.wp.com\/www.quartier-waldacker.de\/wp-content\/uploads\/2021\/11\/9F2AF78E-BFB4-4853-B5D7-6206F3915B77-408-0000014AE6E919EB.jpg?resize=300%2C225&amp;ssl=1 300w, https:\/\/i0.wp.com\/www.quartier-waldacker.de\/wp-content\/uploads\/2021\/11\/9F2AF78E-BFB4-4853-B5D7-6206F3915B77-408-0000014AE6E919EB.jpg?resize=1024%2C768&amp;ssl=1 1024w, https:\/\/i0.wp.com\/www.quartier-waldacker.de\/wp-content\/uploads\/2021\/11\/9F2AF78E-BFB4-4853-B5D7-6206F3915B77-408-0000014AE6E919EB.jpg?resize=768%2C576&amp;ssl=1 768w, https:\/\/i0.wp.com\/www.quartier-waldacker.de\/wp-content\/uploads\/2021\/11\/9F2AF78E-BFB4-4853-B5D7-6206F3915B77-408-0000014AE6E919EB.jpg?resize=1536%2C1152&amp;ssl=1 1536w, https:\/\/i0.wp.com\/www.quartier-waldacker.de\/wp-content\/uploads\/2021\/11\/9F2AF78E-BFB4-4853-B5D7-6206F3915B77-408-0000014AE6E919EB.jpg?w=2016&amp;ssl=1 2016w\" sizes=\"auto, (max-width: 300px) 100vw, 300px\" \/><\/a><figcaption class=\"wp-element-caption\">Letzte Radtour 2021 &#8211; Zwischenstopp bei M\u00fcnster<\/figcaption><\/figure>\n<\/div>\n\n<div class=\"wp-block-image\">\n<figure class=\"aligncenter\"><a href=\"https:\/\/i0.wp.com\/www.quartier-waldacker.de\/wp-content\/uploads\/2021\/11\/IMG_5165.jpg?ssl=1\"><img data-recalc-dims=\"1\" loading=\"lazy\" decoding=\"async\" width=\"300\" height=\"225\" data-attachment-id=\"20493\" data-permalink=\"https:\/\/www.quartier-waldacker.de\/?attachment_id=20493#main\" data-orig-file=\"https:\/\/i0.wp.com\/www.quartier-waldacker.de\/wp-content\/uploads\/2021\/11\/IMG_5165.jpg?fit=2016%2C1512&amp;ssl=1\" data-orig-size=\"2016,1512\" data-comments-opened=\"1\" data-image-meta=\"{&quot;aperture&quot;:&quot;1.5&quot;,&quot;credit&quot;:&quot;&quot;,&quot;camera&quot;:&quot;iPhone 13 Pro&quot;,&quot;caption&quot;:&quot;&quot;,&quot;created_timestamp&quot;:&quot;1636139378&quot;,&quot;copyright&quot;:&quot;&quot;,&quot;focal_length&quot;:&quot;5.7&quot;,&quot;iso&quot;:&quot;500&quot;,&quot;shutter_speed&quot;:&quot;0.04&quot;,&quot;title&quot;:&quot;&quot;,&quot;orientation&quot;:&quot;1&quot;}\" data-image-title=\"IMG_5165\" data-image-description=\"\" data-image-caption=\"\" data-large-file=\"https:\/\/i0.wp.com\/www.quartier-waldacker.de\/wp-content\/uploads\/2021\/11\/IMG_5165.jpg?fit=1024%2C768&amp;ssl=1\" src=\"https:\/\/i0.wp.com\/www.quartier-waldacker.de\/wp-content\/uploads\/2021\/11\/IMG_5165.jpg?resize=300%2C225&#038;ssl=1\" alt=\"Gemeinsam Feiern\" class=\"wp-image-20493\" srcset=\"https:\/\/i0.wp.com\/www.quartier-waldacker.de\/wp-content\/uploads\/2021\/11\/IMG_5165.jpg?resize=300%2C225&amp;ssl=1 300w, https:\/\/i0.wp.com\/www.quartier-waldacker.de\/wp-content\/uploads\/2021\/11\/IMG_5165.jpg?resize=1024%2C768&amp;ssl=1 1024w, https:\/\/i0.wp.com\/www.quartier-waldacker.de\/wp-content\/uploads\/2021\/11\/IMG_5165.jpg?resize=768%2C576&amp;ssl=1 768w, https:\/\/i0.wp.com\/www.quartier-waldacker.de\/wp-content\/uploads\/2021\/11\/IMG_5165.jpg?resize=1536%2C1152&amp;ssl=1 1536w, https:\/\/i0.wp.com\/www.quartier-waldacker.de\/wp-content\/uploads\/2021\/11\/IMG_5165.jpg?w=2016&amp;ssl=1 2016w\" sizes=\"auto, (max-width: 300px) 100vw, 300px\" \/><\/a><figcaption class=\"wp-element-caption\">Gruppenbild 2021 Radlergruppe Quartier-Waldacker<\/figcaption><\/figure>\n<\/div><\/div>\n","protected":false},"excerpt":{"rendered":"<p>Begonnen hat die diesj\u00e4hrige Radfahr-Saison Corona bedingt erst am 14 Mai mit 20 Radfahrhungrigen nach Babenhausen\/Stockstadt.&nbsp; Selbstverpflegung war angesagt da die Gartenlokalit\u00e4ten wegen den zu diesen Zeitpunkt bestehenden Einschr\u00e4nkungen geschlossen waren. Ab Juni bis Ende Oktober auf Grund der g\u00fcnstigeren Corona Bestimmungen war eine Einkehr in der Au\u00dfen-Gastronomie m\u00f6glich und mit Begeisterung von den Radlern\/innen &#8230; <a title=\"Trotz allem eine erfolgreiche Radler-Saison!\" class=\"read-more\" href=\"https:\/\/www.quartier-waldacker.de\/?p=20491\" aria-label=\"Mehr Informationen \u00fcber Trotz allem eine erfolgreiche Radler-Saison!\">Weiterlesen<\/a><\/p>\n","protected":false},"author":1,"featured_media":20329,"comment_status":"open","ping_status":"closed","sticky":false,"template":"","format":"image","meta":{"generate_page_header":"","_jetpack_memberships_contains_paid_content":false,"footnotes":""},"categories":[202],"tags":[283],"class_list":["post-20491","post","type-post","status-publish","format-image","has-post-thumbnail","hentry","category-radfahren","tag-saison-2021","post_format-post-format-image"],"jetpack_featured_media_url":"https:\/\/i0.wp.com\/www.quartier-waldacker.de\/wp-content\/uploads\/2021\/07\/RadHead_neu.jpg?fit=1280%2C300&ssl=1","jetpack-related-posts":[{"id":22109,"url":"https:\/\/www.quartier-waldacker.de\/?p=22109","url_meta":{"origin":20491,"position":0},"title":"Jahresabschluss Feier 2022 der Radgruppe Quartier-Waldacker","author":"admin","date":"16. Februar 2023","format":false,"excerpt":"Die Jahresabschluss Feier 2022 der Radler fand am 11.02.2023 um 15 Uhr im Schillerhaus in Urberach statt. Die Stadt R\u00f6dermark hat der Radgruppe die R\u00e4umlichkeit unentgeltlich zur Verf\u00fcgung gestellt. Gerhard Elsesser er\u00f6ffnete die kleine Feier und dankte den anwesenden 27 Radlern und deren teilweise mitanwesenden Ehepartner f\u00fcr ihr Erscheinen. Danach\u2026","rel":"","context":"In &quot;AG-Radfahren&quot;","block_context":{"text":"AG-Radfahren","link":"https:\/\/www.quartier-waldacker.de\/?cat=202"},"img":{"alt_text":"","src":"https:\/\/i0.wp.com\/www.quartier-waldacker.de\/wp-content\/uploads\/2021\/07\/RadHead_neu.jpg?fit=1200%2C281&ssl=1&resize=350%2C200","width":350,"height":200,"srcset":"https:\/\/i0.wp.com\/www.quartier-waldacker.de\/wp-content\/uploads\/2021\/07\/RadHead_neu.jpg?fit=1200%2C281&ssl=1&resize=350%2C200 1x, https:\/\/i0.wp.com\/www.quartier-waldacker.de\/wp-content\/uploads\/2021\/07\/RadHead_neu.jpg?fit=1200%2C281&ssl=1&resize=525%2C300 1.5x, https:\/\/i0.wp.com\/www.quartier-waldacker.de\/wp-content\/uploads\/2021\/07\/RadHead_neu.jpg?fit=1200%2C281&ssl=1&resize=700%2C400 2x, https:\/\/i0.wp.com\/www.quartier-waldacker.de\/wp-content\/uploads\/2021\/07\/RadHead_neu.jpg?fit=1200%2C281&ssl=1&resize=1050%2C600 3x"},"classes":[]},{"id":23561,"url":"https:\/\/www.quartier-waldacker.de\/?p=23561","url_meta":{"origin":20491,"position":1},"title":"Saison 2023 beendet \u2013 Start frei in die neue Saison 2024","author":"Johannes","date":"25. Februar 2024","format":false,"excerpt":"Bericht von J.Ohnesorg Zu ihrem j\u00e4hrlichen Auftakttreffen trafen sich die Radler aus dem Quartier Waldacker am 24.02.2024 im Schillerhaus in Urberach. Die Organisatoren Gerhard Elsesser und Reinhold Harnoth hatten wieder f\u00fcr das leibliche Wohl gesorgt. Verschiedene Rindsw\u00fcrste und Salate, die von einigen Radlerinnen und Radler mitgebracht wurden, standen auf dem\u2026","rel":"","context":"In &quot;AG-Radfahren&quot;","block_context":{"text":"AG-Radfahren","link":"https:\/\/www.quartier-waldacker.de\/?cat=202"},"img":{"alt_text":"","src":"https:\/\/i0.wp.com\/www.quartier-waldacker.de\/wp-content\/uploads\/2023\/03\/Header_Gruppe.jpg?fit=1200%2C281&ssl=1&resize=350%2C200","width":350,"height":200,"srcset":"https:\/\/i0.wp.com\/www.quartier-waldacker.de\/wp-content\/uploads\/2023\/03\/Header_Gruppe.jpg?fit=1200%2C281&ssl=1&resize=350%2C200 1x, https:\/\/i0.wp.com\/www.quartier-waldacker.de\/wp-content\/uploads\/2023\/03\/Header_Gruppe.jpg?fit=1200%2C281&ssl=1&resize=525%2C300 1.5x, https:\/\/i0.wp.com\/www.quartier-waldacker.de\/wp-content\/uploads\/2023\/03\/Header_Gruppe.jpg?fit=1200%2C281&ssl=1&resize=700%2C400 2x, https:\/\/i0.wp.com\/www.quartier-waldacker.de\/wp-content\/uploads\/2023\/03\/Header_Gruppe.jpg?fit=1200%2C281&ssl=1&resize=1050%2C600 3x"},"classes":[]},{"id":26497,"url":"https:\/\/www.quartier-waldacker.de\/?p=26497","url_meta":{"origin":20491,"position":2},"title":"Quartiers-Radler starten in die 11. Saison!","author":"admin","date":"17. Februar 2025","format":false,"excerpt":"Wie schon seit einigen Jahren trafen sich die Radlerinnen und Radler der Stadtteilgruppe Waldacker Mitte Februar 2025, dieses Jahr am 15. Februar, zum obligatorischen Auftakttreffen im Schillerhaus in Urberach. Zu diesem Treffen haben eingeladen die Organisatoren Gerhard Elsesser und Reinhold Harnoth. F\u00fcr die Gestaltung des Nachmittags konnten die Organisatoren die\u2026","rel":"","context":"In &quot;AG-Radfahren&quot;","block_context":{"text":"AG-Radfahren","link":"https:\/\/www.quartier-waldacker.de\/?cat=202"},"img":{"alt_text":"","src":"https:\/\/i0.wp.com\/www.quartier-waldacker.de\/wp-content\/uploads\/2025\/02\/ezgif.com-animated-gif-maker1.gif?fit=1200%2C281&ssl=1&resize=350%2C200","width":350,"height":200,"srcset":"https:\/\/i0.wp.com\/www.quartier-waldacker.de\/wp-content\/uploads\/2025\/02\/ezgif.com-animated-gif-maker1.gif?fit=1200%2C281&ssl=1&resize=350%2C200 1x, https:\/\/i0.wp.com\/www.quartier-waldacker.de\/wp-content\/uploads\/2025\/02\/ezgif.com-animated-gif-maker1.gif?fit=1200%2C281&ssl=1&resize=525%2C300 1.5x, https:\/\/i0.wp.com\/www.quartier-waldacker.de\/wp-content\/uploads\/2025\/02\/ezgif.com-animated-gif-maker1.gif?fit=1200%2C281&ssl=1&resize=700%2C400 2x, https:\/\/i0.wp.com\/www.quartier-waldacker.de\/wp-content\/uploads\/2025\/02\/ezgif.com-animated-gif-maker1.gif?fit=1200%2C281&ssl=1&resize=1050%2C600 3x"},"classes":[]},{"id":24915,"url":"https:\/\/www.quartier-waldacker.de\/?p=24915","url_meta":{"origin":20491,"position":3},"title":"Ziel wurde verfehlt, aber dennoch hervorragende Leistung","author":"admin","date":"29. Juli 2024","format":false,"excerpt":"Die Stadt R\u00f6dermark hat auch in diesem Jahr wieder zum Stadtradeln in der Zeit vom 02.06. bis 22.06. aufgerufen. Von der \"Radgruppe Quartier Waldacker\" nahmen 32 Radlerinnen und Radler teil. Ziel war es, in dem Zeitraum so viele Kilometer wie m\u00f6glich mit dem Fahrrad zur\u00fcckzulegen. F\u00fcr die Radgruppe Quartier Waldacker\u2026","rel":"","context":"In &quot;AG-Radfahren&quot;","block_context":{"text":"AG-Radfahren","link":"https:\/\/www.quartier-waldacker.de\/?cat=202"},"img":{"alt_text":"","src":"https:\/\/i0.wp.com\/www.quartier-waldacker.de\/wp-content\/uploads\/2024\/05\/Header_Stadtradeln2024.jpg?fit=1200%2C281&ssl=1&resize=350%2C200","width":350,"height":200,"srcset":"https:\/\/i0.wp.com\/www.quartier-waldacker.de\/wp-content\/uploads\/2024\/05\/Header_Stadtradeln2024.jpg?fit=1200%2C281&ssl=1&resize=350%2C200 1x, https:\/\/i0.wp.com\/www.quartier-waldacker.de\/wp-content\/uploads\/2024\/05\/Header_Stadtradeln2024.jpg?fit=1200%2C281&ssl=1&resize=525%2C300 1.5x, https:\/\/i0.wp.com\/www.quartier-waldacker.de\/wp-content\/uploads\/2024\/05\/Header_Stadtradeln2024.jpg?fit=1200%2C281&ssl=1&resize=700%2C400 2x, https:\/\/i0.wp.com\/www.quartier-waldacker.de\/wp-content\/uploads\/2024\/05\/Header_Stadtradeln2024.jpg?fit=1200%2C281&ssl=1&resize=1050%2C600 3x"},"classes":[]},{"id":27048,"url":"https:\/\/www.quartier-waldacker.de\/?p=27048","url_meta":{"origin":20491,"position":4},"title":"Picknick am Wartturm bei Schaafsheim","author":"admin","date":"19. Juli 2025","format":false,"excerpt":"Bei bestem Radlerwetter starteten 18 Radlerinnen und Radler am 18.07.2025 am Schillerhaus in Urberach. Einige von ihnen hatten zuvor das Angebot des Schillerhauses \"Fr\u00fchst\u00fcck mit Schiller\" in Anspruch genommen. Hinweg: Die Route f\u00fchrte vom Schillerhaus in Richtung Eppertshausen und passierte dabei die Thomash\u00fctte. Weiter ging es \u00fcber M\u00fcnster, Harpertshausen und\u2026","rel":"","context":"In &quot;Radtouren&quot;","block_context":{"text":"Radtouren","link":"https:\/\/www.quartier-waldacker.de\/?cat=126"},"img":{"alt_text":"","src":"https:\/\/i0.wp.com\/www.quartier-waldacker.de\/wp-content\/uploads\/2025\/03\/Header_Gruppe_2025sr.jpg?fit=1200%2C281&ssl=1&resize=350%2C200","width":350,"height":200,"srcset":"https:\/\/i0.wp.com\/www.quartier-waldacker.de\/wp-content\/uploads\/2025\/03\/Header_Gruppe_2025sr.jpg?fit=1200%2C281&ssl=1&resize=350%2C200 1x, https:\/\/i0.wp.com\/www.quartier-waldacker.de\/wp-content\/uploads\/2025\/03\/Header_Gruppe_2025sr.jpg?fit=1200%2C281&ssl=1&resize=525%2C300 1.5x, https:\/\/i0.wp.com\/www.quartier-waldacker.de\/wp-content\/uploads\/2025\/03\/Header_Gruppe_2025sr.jpg?fit=1200%2C281&ssl=1&resize=700%2C400 2x, https:\/\/i0.wp.com\/www.quartier-waldacker.de\/wp-content\/uploads\/2025\/03\/Header_Gruppe_2025sr.jpg?fit=1200%2C281&ssl=1&resize=1050%2C600 3x"},"classes":[]},{"id":27565,"url":"https:\/\/www.quartier-waldacker.de\/?p=27565","url_meta":{"origin":20491,"position":5},"title":"Fr\u00fchlingserwachen bei den Quartier-Waldacker-Radlern","author":"Johannes","date":"3. M\u00e4rz 2026","format":false,"excerpt":"Bei idealem Fr\u00fchlingswetter \u2013 dem perfekten \u201eRadlerwetter\u201c \u2013 kamen die Quartier-Waldacker-Radler am 28. Februar 2026 um 14 Uhr im Schillerhaus zu ihrem traditionellen Fr\u00fchjahrstreffen zusammen. Ein Organisationsteam hatte bereits Wochen vorher die Planung \u00fcbernommen und f\u00fcr ausreichend Getr\u00e4nke sowie das leibliche Wohl gesorgt.Auf dem Buffet fanden sich verschiedene Salate wie\u2026","rel":"","context":"In &quot;AG-Radfahren&quot;","block_context":{"text":"AG-Radfahren","link":"https:\/\/www.quartier-waldacker.de\/?cat=202"},"img":{"alt_text":"","src":"https:\/\/i0.wp.com\/www.quartier-waldacker.de\/wp-content\/uploads\/2026\/03\/Header_Gruppe_2026sr.jpg?fit=1200%2C281&ssl=1&resize=350%2C200","width":350,"height":200,"srcset":"https:\/\/i0.wp.com\/www.quartier-waldacker.de\/wp-content\/uploads\/2026\/03\/Header_Gruppe_2026sr.jpg?fit=1200%2C281&ssl=1&resize=350%2C200 1x, https:\/\/i0.wp.com\/www.quartier-waldacker.de\/wp-content\/uploads\/2026\/03\/Header_Gruppe_2026sr.jpg?fit=1200%2C281&ssl=1&resize=525%2C300 1.5x, https:\/\/i0.wp.com\/www.quartier-waldacker.de\/wp-content\/uploads\/2026\/03\/Header_Gruppe_2026sr.jpg?fit=1200%2C281&ssl=1&resize=700%2C400 2x, https:\/\/i0.wp.com\/www.quartier-waldacker.de\/wp-content\/uploads\/2026\/03\/Header_Gruppe_2026sr.jpg?fit=1200%2C281&ssl=1&resize=1050%2C600 3x"},"classes":[]}],"jetpack_sharing_enabled":true,"rttpg_featured_image_url":{"full":["https:\/\/i0.wp.com\/www.quartier-waldacker.de\/wp-content\/uploads\/2021\/07\/RadHead_neu.jpg?fit=1280%2C300&ssl=1",1280,300,false],"landscape":["https:\/\/www.quartier-waldacker.de\/wp-content\/uploads\/2021\/07\/RadHead_neu.jpg",1280,300,false],"portraits":["https:\/\/www.quartier-waldacker.de\/wp-content\/uploads\/2021\/07\/RadHead_neu.jpg",1280,300,false],"thumbnail":["https:\/\/i0.wp.com\/www.quartier-waldacker.de\/wp-content\/uploads\/2021\/07\/RadHead_neu.jpg?resize=150%2C150&ssl=1",150,150,true],"medium":["https:\/\/i0.wp.com\/www.quartier-waldacker.de\/wp-content\/uploads\/2021\/07\/RadHead_neu.jpg?fit=300%2C70&ssl=1",300,70,true],"large":["https:\/\/i0.wp.com\/www.quartier-waldacker.de\/wp-content\/uploads\/2021\/07\/RadHead_neu.jpg?fit=1024%2C240&ssl=1",1024,240,true],"1536x1536":["https:\/\/i0.wp.com\/www.quartier-waldacker.de\/wp-content\/uploads\/2021\/07\/RadHead_neu.jpg?fit=1280%2C300&ssl=1",1280,300,true],"2048x2048":["https:\/\/i0.wp.com\/www.quartier-waldacker.de\/wp-content\/uploads\/2021\/07\/RadHead_neu.jpg?fit=1280%2C300&ssl=1",1280,300,true]},"rttpg_author":{"display_name":"admin","author_link":"https:\/\/www.quartier-waldacker.de\/?author=1"},"rttpg_comment":0,"rttpg_category":"<a href=\"https:\/\/www.quartier-waldacker.de\/?cat=202\" rel=\"category\">AG-Radfahren<\/a>","rttpg_excerpt":"Begonnen hat die diesj\u00e4hrige Radfahr-Saison Corona bedingt erst am 14 Mai mit 20 Radfahrhungrigen nach Babenhausen\/Stockstadt.&nbsp; Selbstverpflegung war angesagt da die Gartenlokalit\u00e4ten wegen den zu diesen Zeitpunkt bestehenden Einschr\u00e4nkungen geschlossen waren. Ab Juni bis Ende Oktober auf Grund der g\u00fcnstigeren Corona Bestimmungen war eine Einkehr in der Au\u00dfen-Gastronomie m\u00f6glich und mit Begeisterung von den Radlern\/innen&hellip;","_links":{"self":[{"href":"https:\/\/www.quartier-waldacker.de\/index.php?rest_route=\/wp\/v2\/posts\/20491","targetHints":{"allow":["GET"]}}],"collection":[{"href":"https:\/\/www.quartier-waldacker.de\/index.php?rest_route=\/wp\/v2\/posts"}],"about":[{"href":"https:\/\/www.quartier-waldacker.de\/index.php?rest_route=\/wp\/v2\/types\/post"}],"author":[{"embeddable":true,"href":"https:\/\/www.quartier-waldacker.de\/index.php?rest_route=\/wp\/v2\/users\/1"}],"replies":[{"embeddable":true,"href":"https:\/\/www.quartier-waldacker.de\/index.php?rest_route=%2Fwp%2Fv2%2Fcomments&post=20491"}],"version-history":[{"count":0,"href":"https:\/\/www.quartier-waldacker.de\/index.php?rest_route=\/wp\/v2\/posts\/20491\/revisions"}],"wp:featuredmedia":[{"embeddable":true,"href":"https:\/\/www.quartier-waldacker.de\/index.php?rest_route=\/wp\/v2\/media\/20329"}],"wp:attachment":[{"href":"https:\/\/www.quartier-waldacker.de\/index.php?rest_route=%2Fwp%2Fv2%2Fmedia&parent=20491"}],"wp:term":[{"taxonomy":"category","embeddable":true,"href":"https:\/\/www.quartier-waldacker.de\/index.php?rest_route=%2Fwp%2Fv2%2Fcategories&post=20491"},{"taxonomy":"post_tag","embeddable":true,"href":"https:\/\/www.quartier-waldacker.de\/index.php?rest_route=%2Fwp%2Fv2%2Ftags&post=20491"}],"curies":[{"name":"wp","href":"https:\/\/api.w.org\/{rel}","templated":true}]}}