{"id":20390,"date":"2021-08-23T10:37:11","date_gmt":"2021-08-23T08:37:11","guid":{"rendered":"https:\/\/www.quartier-waldacker.de\/?p=20390"},"modified":"2021-08-23T11:52:37","modified_gmt":"2021-08-23T09:52:37","slug":"100-mal-essen-in-geselliger-runde","status":"publish","type":"post","link":"https:\/\/www.quartier-waldacker.de\/?p=20390","title":{"rendered":"100 mal &#8211;  Essen in geselliger Runde"},"content":{"rendered":"<p style=\"text-align: right;\"><button id=\"listenButton1\" class=\"responsivevoice-button\" type=\"button\" value=\"Play\" title=\"ResponsiveVoice Tap to Start\/Stop Speech\"><span>&#128266; Vorlesen<\/span><\/button>\n        <script>\n            listenButton1.onclick = function(){\n                if(responsiveVoice.isPlaying()){\n                    responsiveVoice.cancel();\n                }else{\n                    responsiveVoice.speak(\"Arbeitsgruppen der Quartiersgruppe Waldacker sind bekannt f\u00fcr ihre Aktivit\u00e4ten wie z.B. die AG-Gr\u00fcn, PC-Workshop Senioren, PC und Internet, Kulturabende, Boulespiele, Radfahrgruppe Waldacker und weitere. Doch letzten Freitag hatte eine Arbeitsgruppe ein rundes Jubil\u00e4um 100-mal \u201eKulinarische Reise durch und um R\u00f6dermark\u201c. 2016 kam die Idee auf, man k\u00f6nnte doch ab und zu mit Interessierten Essen gehen, da unter Anderem immer mehr Senioren alleine zu Hause sind. Besonders geeignet f\u00fcr die Organisation erschien Annemarie Eck, die ohnehin schon immer gerne gut Essen ging. Sie hat sich dann mit Freude dieses \\\"Arbeitsgebietes\\\" angenommen. Fast genau vor 5 Jahren am 15. August 2016 startete die Quartiersgruppe Waldacker zum 1. Mal das\u00a0 Projekt der \\\"Kulinarische Reise durch und um R\u00f6dermark\\\" gemeinsam mit netten Leuten -\u00a0 Essen gehen. Von da ab ging die Gruppe in 2 w\u00f6chentlichem Rhythmus abwechselnd in den verschiedensten Gastst\u00e4tten innerhalb R\u00f6dermark essen, auch Lokalvorschl\u00e4ge von Teilnehmenden wurden besucht. Mittlerweile hat sich die Interessentengruppe auf ca. 50 Personen, erh\u00f6ht. Nat\u00fcrlich k\u00f6nnen und wollen nicht alle 50 am einem Ereignis teilnehmen. Im Schnitt sind es bei einem Treffen 10 \u2013 14 Teilnehmende. Corona bedingt musste auch die Gruppe eine Zwangspause einlegen. Nachdem die Corona Hygieneregeln im Juli dieses Jahres gelockert wurden und alle Teilnehmenden zwischenzeitlich vollst\u00e4ndig geimpft sind, nahm die Gruppe der Genie\u00dfer am 22 Juli 2021 wieder ihr regelm\u00e4\u00dfiges Treffen in den unterschiedlichen vorerst nur Lokalit\u00e4ten mit Gartenbewirtung auf. Eine gro\u00dfartige Sache\u201c Weitere Interessierte k\u00f6nnen sich gerne per E-Mail melden unter annemarie@quartier-waldacker.de Die Quartiersgruppe Waldacker leistet mit ihrem Engagement in den Bereichen Handwerklichen Arbeiten, Kommunikation, Freizeitgestaltung, Bildung und Unterhaltung einen gro\u00dfen Dienst f\u00fcr die Senioren und Seniorinnen gerne auch f\u00fcr J\u00fcngere in und um R\u00f6dermark.\", \"Deutsch Female\");\n                }\n            };\n        <\/script>\n    \n<p><span style=\"font-size: 20px;\">Arbeitsgruppen der Quartiersgruppe Waldacker sind bekannt f\u00fcr ihre Aktivit\u00e4ten wie z.B. die AG-Gr\u00fcn, PC-Workshop Senioren, PC und Internet, Kulturabende, Boulespiele, Radfahrgruppe Waldacker und weitere. <br \/>\n<\/span><br \/>\n<span style=\"font-size: 20px;\"><a href=\"https:\/\/i0.wp.com\/www.quartier-waldacker.de\/wp-content\/uploads\/2021\/08\/KulinarischesEssen20082021-scaled.jpg?ssl=1\"><img data-recalc-dims=\"1\" loading=\"lazy\" decoding=\"async\" data-attachment-id=\"20391\" data-permalink=\"https:\/\/www.quartier-waldacker.de\/?attachment_id=20391#main\" data-orig-file=\"https:\/\/i0.wp.com\/www.quartier-waldacker.de\/wp-content\/uploads\/2021\/08\/KulinarischesEssen20082021-scaled.jpg?fit=2560%2C1920&amp;ssl=1\" data-orig-size=\"2560,1920\" data-comments-opened=\"1\" data-image-meta=\"{&quot;aperture&quot;:&quot;1.8&quot;,&quot;credit&quot;:&quot;&quot;,&quot;camera&quot;:&quot;iPhone 11&quot;,&quot;caption&quot;:&quot;&quot;,&quot;created_timestamp&quot;:&quot;1629482060&quot;,&quot;copyright&quot;:&quot;&quot;,&quot;focal_length&quot;:&quot;4.25&quot;,&quot;iso&quot;:&quot;64&quot;,&quot;shutter_speed&quot;:&quot;0.0082644628099174&quot;,&quot;title&quot;:&quot;&quot;,&quot;orientation&quot;:&quot;1&quot;}\" data-image-title=\"KulinarischesEssen20082021\" data-image-description=\"\" data-image-caption=\"\" data-large-file=\"https:\/\/i0.wp.com\/www.quartier-waldacker.de\/wp-content\/uploads\/2021\/08\/KulinarischesEssen20082021-scaled.jpg?fit=1024%2C768&amp;ssl=1\" class=\"alignleft wp-image-20391 size-medium\" src=\"https:\/\/i0.wp.com\/www.quartier-waldacker.de\/wp-content\/uploads\/2021\/08\/KulinarischesEssen20082021.jpg?resize=300%2C225&#038;ssl=1\" alt=\"\" width=\"300\" height=\"225\" srcset=\"https:\/\/i0.wp.com\/www.quartier-waldacker.de\/wp-content\/uploads\/2021\/08\/KulinarischesEssen20082021-scaled.jpg?resize=300%2C225&amp;ssl=1 300w, https:\/\/i0.wp.com\/www.quartier-waldacker.de\/wp-content\/uploads\/2021\/08\/KulinarischesEssen20082021-scaled.jpg?resize=1024%2C768&amp;ssl=1 1024w, https:\/\/i0.wp.com\/www.quartier-waldacker.de\/wp-content\/uploads\/2021\/08\/KulinarischesEssen20082021-scaled.jpg?resize=768%2C576&amp;ssl=1 768w, https:\/\/i0.wp.com\/www.quartier-waldacker.de\/wp-content\/uploads\/2021\/08\/KulinarischesEssen20082021-scaled.jpg?resize=1536%2C1152&amp;ssl=1 1536w, https:\/\/i0.wp.com\/www.quartier-waldacker.de\/wp-content\/uploads\/2021\/08\/KulinarischesEssen20082021-scaled.jpg?resize=2048%2C1536&amp;ssl=1 2048w, https:\/\/i0.wp.com\/www.quartier-waldacker.de\/wp-content\/uploads\/2021\/08\/KulinarischesEssen20082021-scaled.jpg?w=2400&amp;ssl=1 2400w\" sizes=\"auto, (max-width: 300px) 100vw, 300px\" \/><\/a>Doch letzten Freitag hatte eine Arbeitsgruppe ein rundes Jubil\u00e4um <\/span><br \/>\n<span style=\"font-size: 20px;\"><strong>100-mal <\/strong>\u201e<strong>Kulinarische Reise durch und um R\u00f6dermark<\/strong>\u201c.<\/span><br \/>\n<span style=\"font-size: 20px;\">2016 kam die Idee auf, man k\u00f6nnte doch ab und zu mit Interessierten Essen gehen, da unter Anderem immer mehr Senioren alleine zu Hause sind. Besonders geeignet f\u00fcr die Organisation erschien Annemarie Eck, die ohnehin schon immer gerne gut Essen ging. Sie hat sich dann mit Freude dieses &#8220;Arbeitsgebietes&#8221; angenommen.<\/span><\/p>\n<p><span style=\"font-size: 20px;\">Fast genau vor 5 Jahren am 15. August 2016 startete die Quartiersgruppe Waldacker zum 1. Mal das\u00a0 Projekt der <strong>&#8220;Kulinarische Reise <em>durch und um <\/em>R\u00f6dermark&#8221; <\/strong>gemeinsam mit netten Leuten &#8211;\u00a0 Essen gehen. Von da ab ging die Gruppe in 2 w\u00f6chentlichem Rhythmus abwechselnd in den verschiedensten Gastst\u00e4tten innerhalb R\u00f6dermark essen, auch Lokalvorschl\u00e4ge von Teilnehmenden wurden besucht. Mittlerweile hat sich die Interessentengruppe auf ca. 50 Personen, erh\u00f6ht. Nat\u00fcrlich k\u00f6nnen und wollen nicht alle 50 am einem Ereignis teilnehmen. Im Schnitt sind es bei einem Treffen 10 \u2013 14 Teilnehmende. Corona bedingt musste auch die Gruppe eine Zwangspause einlegen. Nachdem die Corona Hygieneregeln im Juli dieses Jahres gelockert wurden und alle Teilnehmenden zwischenzeitlich vollst\u00e4ndig geimpft sind, nahm die Gruppe der Genie\u00dfer am 22 Juli 2021 wieder ihr regelm\u00e4\u00dfiges Treffen in den unterschiedlichen vorerst nur Lokalit\u00e4ten mit Gartenbewirtung auf. <strong>Eine gro\u00dfartige Sache\u201c<br \/>\n<\/strong>Weitere Interessierte k\u00f6nnen sich gerne per E-Mail melden unter <a href=\"mailto:annemarie@quartier-waldacker.de\">annemarie@quartier-waldacker.de<\/a><\/span><\/p>\n<p><span style=\"font-size: 20px;\">Die Quartiersgruppe Waldacker leistet mit ihrem Engagement in den Bereichen Handwerklichen Arbeiten, Kommunikation, Freizeitgestaltung, Bildung und Unterhaltung einen gro\u00dfen Dienst f\u00fcr die Senioren und Seniorinnen gerne auch f\u00fcr J\u00fcngere in und um R\u00f6dermark.<\/span><\/p>\n","protected":false},"excerpt":{"rendered":"<p>Arbeitsgruppen der Quartiersgruppe Waldacker sind bekannt f\u00fcr ihre Aktivit\u00e4ten wie z.B. die AG-Gr\u00fcn, PC-Workshop Senioren, PC und Internet, Kulturabende, Boulespiele, Radfahrgruppe Waldacker und weitere. Doch letzten Freitag hatte eine Arbeitsgruppe ein rundes Jubil\u00e4um 100-mal \u201eKulinarische Reise durch und um R\u00f6dermark\u201c. 2016 kam die Idee auf, man k\u00f6nnte doch ab und zu mit Interessierten Essen gehen, &#8230; <a title=\"100 mal &#8211;  Essen in geselliger Runde\" class=\"read-more\" href=\"https:\/\/www.quartier-waldacker.de\/?p=20390\" aria-label=\"Mehr Informationen \u00fcber 100 mal &#8211;  Essen in geselliger Runde\">Weiterlesen<\/a><\/p>\n","protected":false},"author":1,"featured_media":17142,"comment_status":"open","ping_status":"closed","sticky":false,"template":"","format":"image","meta":{"generate_page_header":"","_jetpack_memberships_contains_paid_content":false,"footnotes":""},"categories":[171],"tags":[279,215],"class_list":["post-20390","post","type-post","status-publish","format-image","has-post-thumbnail","hentry","category-geselligkeit","tag-gemeinsam-essen-gehen","tag-schlemmen","post_format-post-format-image"],"jetpack_featured_media_url":"https:\/\/i0.wp.com\/www.quartier-waldacker.de\/wp-content\/uploads\/2018\/01\/Essen-7-Gabeln-_Rahmen.png?fit=1843%2C432&ssl=1","jetpack-related-posts":[{"id":23526,"url":"https:\/\/www.quartier-waldacker.de\/?p=23526","url_meta":{"origin":20390,"position":0},"title":"Gegen Einsamkeit und soziale Isolation","author":"kroschka","date":"19. Februar 2024","format":false,"excerpt":"Ein Beitrag der Quartiersaktivistin Annemarie Eck! Durch verschiedene Ereignisse in der letzten Zeit ist mir erst richtig bewusst geworden, was die Stadtteilgruppen, auch Quartiersgruppen genannt, alles f\u00fcr die Menschen in R\u00f6dermark leisten. Das Angebot der Quartiersgruppe Waldacker z.B. umfasst folgende Aktivit\u00e4ten: Treffen jeden 1. Dienstag im Monat im B\u00fcrgertreff Waldacker\u2026","rel":"","context":"In &quot;B\u00fcrgerschaftliches Engagement&quot;","block_context":{"text":"B\u00fcrgerschaftliches Engagement","link":"https:\/\/www.quartier-waldacker.de\/?cat=184"},"img":{"alt_text":"","src":"https:\/\/i0.wp.com\/www.quartier-waldacker.de\/wp-content\/uploads\/2024\/02\/Header_annm780.jpg?fit=780%2C300&ssl=1&resize=350%2C200","width":350,"height":200,"srcset":"https:\/\/i0.wp.com\/www.quartier-waldacker.de\/wp-content\/uploads\/2024\/02\/Header_annm780.jpg?fit=780%2C300&ssl=1&resize=350%2C200 1x, https:\/\/i0.wp.com\/www.quartier-waldacker.de\/wp-content\/uploads\/2024\/02\/Header_annm780.jpg?fit=780%2C300&ssl=1&resize=525%2C300 1.5x, https:\/\/i0.wp.com\/www.quartier-waldacker.de\/wp-content\/uploads\/2024\/02\/Header_annm780.jpg?fit=780%2C300&ssl=1&resize=700%2C400 2x"},"classes":[]},{"id":19479,"url":"https:\/\/www.quartier-waldacker.de\/?p=19479","url_meta":{"origin":20390,"position":1},"title":"Workshop \u201eSenioren, PC und Internet erfolgreich gestartet.","author":"admin","date":"23. Oktober 2019","format":false,"excerpt":"Damit Senioren\/innen bei der Digitalisierung nicht auf der Strecke bleiben bietet die Quartiersgruppe Waldacker zu 6. Mal den Workshop \u201eSenioren, PC und Internet\u201c an. Wir das Team von \u201eSenioren, PC und Internet versuchen zu vermitteln, dass man, wenn man nun nicht gerade mit dem Hammer draufschl\u00e4gt oder eine Cola \u00fcber\u2026","rel":"","context":"In &quot;Workshop&quot;","block_context":{"text":"Workshop","link":"https:\/\/www.quartier-waldacker.de\/?cat=172"},"img":{"alt_text":"","src":"https:\/\/i0.wp.com\/www.quartier-waldacker.de\/wp-content\/uploads\/2017\/09\/PC_Hilfe-f%C3%BCr-Seniore1n.jpg?fit=1200%2C446&ssl=1&resize=350%2C200","width":350,"height":200,"srcset":"https:\/\/i0.wp.com\/www.quartier-waldacker.de\/wp-content\/uploads\/2017\/09\/PC_Hilfe-f%C3%BCr-Seniore1n.jpg?fit=1200%2C446&ssl=1&resize=350%2C200 1x, https:\/\/i0.wp.com\/www.quartier-waldacker.de\/wp-content\/uploads\/2017\/09\/PC_Hilfe-f%C3%BCr-Seniore1n.jpg?fit=1200%2C446&ssl=1&resize=525%2C300 1.5x, https:\/\/i0.wp.com\/www.quartier-waldacker.de\/wp-content\/uploads\/2017\/09\/PC_Hilfe-f%C3%BCr-Seniore1n.jpg?fit=1200%2C446&ssl=1&resize=700%2C400 2x, https:\/\/i0.wp.com\/www.quartier-waldacker.de\/wp-content\/uploads\/2017\/09\/PC_Hilfe-f%C3%BCr-Seniore1n.jpg?fit=1200%2C446&ssl=1&resize=1050%2C600 3x"},"classes":[]},{"id":16698,"url":"https:\/\/www.quartier-waldacker.de\/?p=16698","url_meta":{"origin":20390,"position":2},"title":"Die PC-Workshopgruppen traf sich zum Jahresausklang 2017","author":"admin","date":"8. Januar 2018","format":false,"excerpt":"Alle Jahre wieder feiert die Arbeitsgruppe \u201eSenioren, PC und Internet\u201c den Jahresausklang. Diesmal trafen sich die Freuden der digitalen Herausforderung real in den \u201eK\u00f6niglich, Bayrische Stuben\u201c in Urberach zu einem gemeinsamen Essen. Die K\u00f6chin und Inhaberin Barbara hielt die 23 Workshop-Teilnehmer mit einem gutem Essen bei Laune. Danach\u00a0 wurde es\u2026","rel":"","context":"In &quot;Workshop&quot;","block_context":{"text":"Workshop","link":"https:\/\/www.quartier-waldacker.de\/?cat=172"},"img":{"alt_text":"","src":"https:\/\/i0.wp.com\/www.quartier-waldacker.de\/wp-content\/uploads\/2017\/12\/Chrstmas2017.jpg?fit=1200%2C281&ssl=1&resize=350%2C200","width":350,"height":200,"srcset":"https:\/\/i0.wp.com\/www.quartier-waldacker.de\/wp-content\/uploads\/2017\/12\/Chrstmas2017.jpg?fit=1200%2C281&ssl=1&resize=350%2C200 1x, https:\/\/i0.wp.com\/www.quartier-waldacker.de\/wp-content\/uploads\/2017\/12\/Chrstmas2017.jpg?fit=1200%2C281&ssl=1&resize=525%2C300 1.5x, https:\/\/i0.wp.com\/www.quartier-waldacker.de\/wp-content\/uploads\/2017\/12\/Chrstmas2017.jpg?fit=1200%2C281&ssl=1&resize=700%2C400 2x, https:\/\/i0.wp.com\/www.quartier-waldacker.de\/wp-content\/uploads\/2017\/12\/Chrstmas2017.jpg?fit=1200%2C281&ssl=1&resize=1050%2C600 3x"},"classes":[]},{"id":19427,"url":"https:\/\/www.quartier-waldacker.de\/?p=19427","url_meta":{"origin":20390,"position":3},"title":"Workshop &#8211; &#8220;Senioren, PC und Internet&#8221; startet zum 6. Mal","author":"admin","date":"23. September 2019","format":false,"excerpt":"Ein Computer\/Smartphone bzw. Tablet ist heutzutage als Standardeinrichtung in fast jedem Haushalt und dient als Lexikon, Abwickeln von Bankgesch\u00e4ften, Einkaufen im Internet und Konversation. Also ein Ger\u00e4t, das unser Alltagsleben erheblich erleichtert soll und kann. Ein Team der Quartiersgruppe Waldacker vermittelt Ihnen in ihren Workshops die vielen Funktionen dieser Ger\u00e4te\u2026","rel":"","context":"In &quot;Workshop&quot;","block_context":{"text":"Workshop","link":"https:\/\/www.quartier-waldacker.de\/?cat=172"},"img":{"alt_text":"","src":"https:\/\/i0.wp.com\/www.quartier-waldacker.de\/wp-content\/uploads\/2019\/09\/Header-PC.jpg?fit=1200%2C281&ssl=1&resize=350%2C200","width":350,"height":200,"srcset":"https:\/\/i0.wp.com\/www.quartier-waldacker.de\/wp-content\/uploads\/2019\/09\/Header-PC.jpg?fit=1200%2C281&ssl=1&resize=350%2C200 1x, https:\/\/i0.wp.com\/www.quartier-waldacker.de\/wp-content\/uploads\/2019\/09\/Header-PC.jpg?fit=1200%2C281&ssl=1&resize=525%2C300 1.5x, https:\/\/i0.wp.com\/www.quartier-waldacker.de\/wp-content\/uploads\/2019\/09\/Header-PC.jpg?fit=1200%2C281&ssl=1&resize=700%2C400 2x, https:\/\/i0.wp.com\/www.quartier-waldacker.de\/wp-content\/uploads\/2019\/09\/Header-PC.jpg?fit=1200%2C281&ssl=1&resize=1050%2C600 3x"},"classes":[]},{"id":21160,"url":"https:\/\/www.quartier-waldacker.de\/?p=21160","url_meta":{"origin":20390,"position":4},"title":"Workshop &#8220;Senioren,PC und Internet&#8221; startet nach Corona wieder durch,","author":"admin","date":"21. November 2022","format":false,"excerpt":"Bericht von Fr. Ziesecke OP-19.11.2022 \u201eAufbau-Workshop Senioren, PC und Internet\u201c bietet die Quartiersgruppe Waldacker 14-t\u00e4glich im B\u00fcrgertreff Waldacker an. Klingt anspruchsvoll, ist es auch. Es soll niemand die Damen und Herren gehobenen Alters untersch\u00e4tzen \u2013 sie sind allemal auf dem Laufenden, mal mit einer kurzen Zweifelsfalte auf der Stirn und\u2026","rel":"","context":"In &quot;Workshop&quot;","block_context":{"text":"Workshop","link":"https:\/\/www.quartier-waldacker.de\/?cat=172"},"img":{"alt_text":"","src":"https:\/\/i0.wp.com\/www.quartier-waldacker.de\/wp-content\/uploads\/2022\/10\/AUFBAU_Work.jpg?fit=1200%2C281&ssl=1&resize=350%2C200","width":350,"height":200,"srcset":"https:\/\/i0.wp.com\/www.quartier-waldacker.de\/wp-content\/uploads\/2022\/10\/AUFBAU_Work.jpg?fit=1200%2C281&ssl=1&resize=350%2C200 1x, https:\/\/i0.wp.com\/www.quartier-waldacker.de\/wp-content\/uploads\/2022\/10\/AUFBAU_Work.jpg?fit=1200%2C281&ssl=1&resize=525%2C300 1.5x, https:\/\/i0.wp.com\/www.quartier-waldacker.de\/wp-content\/uploads\/2022\/10\/AUFBAU_Work.jpg?fit=1200%2C281&ssl=1&resize=700%2C400 2x, https:\/\/i0.wp.com\/www.quartier-waldacker.de\/wp-content\/uploads\/2022\/10\/AUFBAU_Work.jpg?fit=1200%2C281&ssl=1&resize=1050%2C600 3x"},"classes":[]},{"id":6004,"url":"https:\/\/www.quartier-waldacker.de\/?p=6004","url_meta":{"origin":20390,"position":5},"title":"Senioren, PC und Internet","author":"Johannes","date":"30. September 2014","format":false,"excerpt":"Neue Informationstechnologien - wie das Internet - haben unsere Lebensbedingungen rasant ver\u00e4ndert. Das erworbene Wissen ist schnell veraltet - gerade im Bereich der neuen Medien \u2013 ein lebenslanges Lernen gewinnt in allen Lebensaltern eine enorme Bedeutung. Schon heute hat das Internet einen gro\u00dfen Stellenwert in unserem Leben eingenommen. Nicht nur\u2026","rel":"","context":"In &quot;Workshop&quot;","block_context":{"text":"Workshop","link":"https:\/\/www.quartier-waldacker.de\/?cat=172"},"img":{"alt_text":"Psi_00","src":"https:\/\/i0.wp.com\/www.quartier-waldacker.de\/wp-content\/uploads\/2014\/09\/Psi_00.png?resize=350%2C200&ssl=1","width":350,"height":200},"classes":[]}],"jetpack_sharing_enabled":true,"rttpg_featured_image_url":{"full":["https:\/\/i0.wp.com\/www.quartier-waldacker.de\/wp-content\/uploads\/2018\/01\/Essen-7-Gabeln-_Rahmen.png?fit=1843%2C432&ssl=1",1843,432,false],"landscape":["https:\/\/www.quartier-waldacker.de\/wp-content\/uploads\/2018\/01\/Essen-7-Gabeln-_Rahmen.png",1843,432,false],"portraits":["https:\/\/www.quartier-waldacker.de\/wp-content\/uploads\/2018\/01\/Essen-7-Gabeln-_Rahmen.png",1843,432,false],"thumbnail":["https:\/\/i0.wp.com\/www.quartier-waldacker.de\/wp-content\/uploads\/2018\/01\/Essen-7-Gabeln-_Rahmen.png?resize=150%2C150&ssl=1",150,150,true],"medium":["https:\/\/i0.wp.com\/www.quartier-waldacker.de\/wp-content\/uploads\/2018\/01\/Essen-7-Gabeln-_Rahmen.png?fit=300%2C70&ssl=1",300,70,true],"large":["https:\/\/i0.wp.com\/www.quartier-waldacker.de\/wp-content\/uploads\/2018\/01\/Essen-7-Gabeln-_Rahmen.png?fit=1024%2C240&ssl=1",1024,240,true],"1536x1536":["https:\/\/i0.wp.com\/www.quartier-waldacker.de\/wp-content\/uploads\/2018\/01\/Essen-7-Gabeln-_Rahmen.png?fit=1536%2C360&ssl=1",1536,360,true],"2048x2048":["https:\/\/i0.wp.com\/www.quartier-waldacker.de\/wp-content\/uploads\/2018\/01\/Essen-7-Gabeln-_Rahmen.png?fit=1843%2C432&ssl=1",1843,432,true]},"rttpg_author":{"display_name":"admin","author_link":"https:\/\/www.quartier-waldacker.de\/?author=1"},"rttpg_comment":0,"rttpg_category":"<a href=\"https:\/\/www.quartier-waldacker.de\/?cat=171\" rel=\"category\">Geselligkeit<\/a>","rttpg_excerpt":"Arbeitsgruppen der Quartiersgruppe Waldacker sind bekannt f\u00fcr ihre Aktivit\u00e4ten wie z.B. die AG-Gr\u00fcn, PC-Workshop Senioren, PC und Internet, Kulturabende, Boulespiele, Radfahrgruppe Waldacker und weitere. Doch letzten Freitag hatte eine Arbeitsgruppe ein rundes Jubil\u00e4um 100-mal \u201eKulinarische Reise durch und um R\u00f6dermark\u201c. 2016 kam die Idee auf, man k\u00f6nnte doch ab und zu mit Interessierten Essen gehen,&hellip;","_links":{"self":[{"href":"https:\/\/www.quartier-waldacker.de\/index.php?rest_route=\/wp\/v2\/posts\/20390","targetHints":{"allow":["GET"]}}],"collection":[{"href":"https:\/\/www.quartier-waldacker.de\/index.php?rest_route=\/wp\/v2\/posts"}],"about":[{"href":"https:\/\/www.quartier-waldacker.de\/index.php?rest_route=\/wp\/v2\/types\/post"}],"author":[{"embeddable":true,"href":"https:\/\/www.quartier-waldacker.de\/index.php?rest_route=\/wp\/v2\/users\/1"}],"replies":[{"embeddable":true,"href":"https:\/\/www.quartier-waldacker.de\/index.php?rest_route=%2Fwp%2Fv2%2Fcomments&post=20390"}],"version-history":[{"count":0,"href":"https:\/\/www.quartier-waldacker.de\/index.php?rest_route=\/wp\/v2\/posts\/20390\/revisions"}],"wp:featuredmedia":[{"embeddable":true,"href":"https:\/\/www.quartier-waldacker.de\/index.php?rest_route=\/wp\/v2\/media\/17142"}],"wp:attachment":[{"href":"https:\/\/www.quartier-waldacker.de\/index.php?rest_route=%2Fwp%2Fv2%2Fmedia&parent=20390"}],"wp:term":[{"taxonomy":"category","embeddable":true,"href":"https:\/\/www.quartier-waldacker.de\/index.php?rest_route=%2Fwp%2Fv2%2Fcategories&post=20390"},{"taxonomy":"post_tag","embeddable":true,"href":"https:\/\/www.quartier-waldacker.de\/index.php?rest_route=%2Fwp%2Fv2%2Ftags&post=20390"}],"curies":[{"name":"wp","href":"https:\/\/api.w.org\/{rel}","templated":true}]}}