{"id":19526,"date":"2019-11-24T17:22:27","date_gmt":"2019-11-24T16:22:27","guid":{"rendered":"https:\/\/www.quartier-waldacker.de\/?p=19526"},"modified":"2024-06-01T14:41:31","modified_gmt":"2024-06-01T12:41:31","slug":"radsaison-2018-ist-beendet","status":"publish","type":"post","link":"https:\/\/www.quartier-waldacker.de\/?p=19526","title":{"rendered":"Radsaison 2019 ist beendet"},"content":{"rendered":"<p style=\"text-align: right;\"><button id=\"listenButton1\" class=\"responsivevoice-button\" type=\"button\" value=\"Play\" title=\"ResponsiveVoice Tap to Start\/Stop Speech\"><span>&#128266; Vorlesen<\/span><\/button>\n        <script>\n            listenButton1.onclick = function(){\n                if(responsiveVoice.isPlaying()){\n                    responsiveVoice.cancel();\n                }else{\n                    responsiveVoice.speak(\"Die allj\u00e4hrliche Saison der Radfahrer der Quartiersgruppe Waldacker beginnt und endet mit dem WumboR Rundweg. Am 22. Nov. gingen 20 unentwegte Radfahrer bei nass kaltem Wetter auf die letzte Tour. Anschlie\u00dfenden trafen sich die Biker\/innen in der Gastst\u00e4tte \u201eZum L\u00f6wen\u201c zu einer kleinen Abschluss Feier mit Ehrung der Meistteilnehmenden und Danksagung an die Organisatoren. Der \u201eGoldenen Lenker\u201c, die Auszeichnung der Gruppe, ging dieses Jahr an Sieglinde Heckwolf mit 29 Teilnahmen, dicht gefolgt von Roman Wei\u00dfberger, Horst Richter und Wolfgang Wiezorek. Den Organisatoren Reinhold Harnoth der immer schaut, dass keiner verloren geht, Gerhard Elsesser der stets den richtigen Weg und das richtige Einkehrlokal findet und Christa Walter wurden ein herzliches Dankesch\u00f6n f\u00fcr ihren gro\u00dfartigen pers\u00f6nlichen Einsatz \u00a0durch Horst Richter ausgesprochen. Gerhard Elsesser und Reinhold Harnoth bedankten sich nochmals bei der gesamten Gruppe f\u00fcr ihr gro\u00dfartiges Engagement am Getr\u00e4nkestand und bei der Mithilfe am Kuchenverkauf beim Jubil\u00e4umsfest \u201e30 Jahr B\u00fcrgertreff Waldacker\u201c. Eine Gruppe die sich sehen lassen kann, hier einige Zahlen: Insgesamt wurden 36 von 39 geplanten Touren abgefahren. Begonnen hatte die diesj\u00e4hrige Saison am 1. M\u00e4rz. Insgesamt \u00fcbers Jahr fuhren 58 verschiedene Personen mit, davon 22 Frauen. Im Durchschnitt pro Tour nahmen 18 Teilnehmer\/innen teil, Spitze war jedoch 28 Personen. Der \u00e4lteste Teilnehmer wurde im Oktober 90 Jahr. Die Gesamt-Distanz \u00fcber alle Radtouren betr\u00e4gt etwa 1700 km. Die l\u00e4ngsten und auch mitunter die sch\u00f6nsten Touren waren die Touren zur Mainspitzdreieck (bei Gustavsburg) und zu den D\u00f6rsth\u00f6fen hinter Alzenau mit je ca. 75 km. Highlights dieser Saison waren: Der Jahresr\u00fcckblick auf 2018 am 25 Januar im B\u00fcrgertreff Waldacker mit Rindswurst, selbst gemachten Salaten, verschiedenen Getr\u00e4nken mit Musik und einer tollen B\u00edlderschau. Beim Stadtradeln belegte die Gruppe auf Anhieb den dritten Platz. Mitten in der Saison bescherte Wolfgang Wiezorek aus Offenthal der Radgruppe bei sommerlichen Wetter in seinem Garten einen tollen Grillnachmittag.\", \"Deutsch Female\");\n                }\n            };\n        <\/script>\n    \n<p><span style=\"font-size: 20px;\">Die allj\u00e4hrliche Saison der Radfahrer der Quartiersgruppe Waldacker beginnt und endet mit dem WumboR Rundweg. Am 22. Nov. gingen 20 unentwegte Radfahrer bei nass kaltem Wetter auf die letzte Tour. Anschlie\u00dfenden trafen sich die Biker\/innen in der Gastst\u00e4tte \u201eZum L\u00f6wen\u201c zu einer kleinen Abschluss Feier mit Ehrung der Meistteilnehmenden und Danksagung an die Organisatoren.<\/span><br \/>\n<span style=\"font-size: 20px;\">Der \u201eGoldenen Lenker\u201c, die Auszeichnung der Gruppe, ging dieses Jahr an <strong>Sieglinde Heckwolf <\/strong>mit 29 Teilnahmen, dicht gefolgt von Roman Wei\u00dfberger, Horst Richter und Wolfgang Wiezorek.<\/span><\/p>\n<figure id=\"attachment_19531\" aria-describedby=\"caption-attachment-19531\" style=\"width: 290px\" class=\"wp-caption alignleft\"><a href=\"https:\/\/i0.wp.com\/www.quartier-waldacker.de\/wp-content\/uploads\/2019\/11\/WA_Quartier_Rad_Abschluss19_02.jpg?ssl=1\"><img data-recalc-dims=\"1\" loading=\"lazy\" decoding=\"async\" data-attachment-id=\"19531\" data-permalink=\"https:\/\/www.quartier-waldacker.de\/?attachment_id=19531#main\" data-orig-file=\"https:\/\/i0.wp.com\/www.quartier-waldacker.de\/wp-content\/uploads\/2019\/11\/WA_Quartier_Rad_Abschluss19_02.jpg?fit=1380%2C934&amp;ssl=1\" data-orig-size=\"1380,934\" data-comments-opened=\"1\" data-image-meta=\"{&quot;aperture&quot;:&quot;0&quot;,&quot;credit&quot;:&quot;&quot;,&quot;camera&quot;:&quot;&quot;,&quot;caption&quot;:&quot;&quot;,&quot;created_timestamp&quot;:&quot;0&quot;,&quot;copyright&quot;:&quot;&quot;,&quot;focal_length&quot;:&quot;0&quot;,&quot;iso&quot;:&quot;0&quot;,&quot;shutter_speed&quot;:&quot;0&quot;,&quot;title&quot;:&quot;&quot;,&quot;orientation&quot;:&quot;0&quot;}\" data-image-title=\"WA_Quartier_Rad_Abschluss19_02\" data-image-description=\"\" data-image-caption=\"\" data-large-file=\"https:\/\/i0.wp.com\/www.quartier-waldacker.de\/wp-content\/uploads\/2019\/11\/WA_Quartier_Rad_Abschluss19_02.jpg?fit=1024%2C693&amp;ssl=1\" class=\"wp-image-19531 size-medium\" src=\"https:\/\/i0.wp.com\/www.quartier-waldacker.de\/wp-content\/uploads\/2019\/11\/WA_Quartier_Rad_Abschluss19_02.jpg?resize=300%2C203&#038;ssl=1\" alt=\"\" width=\"300\" height=\"203\" srcset=\"https:\/\/i0.wp.com\/www.quartier-waldacker.de\/wp-content\/uploads\/2019\/11\/WA_Quartier_Rad_Abschluss19_02.jpg?resize=300%2C203&amp;ssl=1 300w, https:\/\/i0.wp.com\/www.quartier-waldacker.de\/wp-content\/uploads\/2019\/11\/WA_Quartier_Rad_Abschluss19_02.jpg?resize=1024%2C693&amp;ssl=1 1024w, https:\/\/i0.wp.com\/www.quartier-waldacker.de\/wp-content\/uploads\/2019\/11\/WA_Quartier_Rad_Abschluss19_02.jpg?resize=768%2C520&amp;ssl=1 768w, https:\/\/i0.wp.com\/www.quartier-waldacker.de\/wp-content\/uploads\/2019\/11\/WA_Quartier_Rad_Abschluss19_02.jpg?w=1380&amp;ssl=1 1380w\" sizes=\"auto, (max-width: 300px) 100vw, 300px\" \/><\/a><figcaption id=\"caption-attachment-19531\" class=\"wp-caption-text\">Reinhold Harnoth \u00fcbergibt den &#8220;Goldenen Lenker&#8221; an Sieglinde Heckwolf Bild: Christine Ziesecke<\/figcaption><\/figure>\n<p><span style=\"font-size: 20px;\">Den Organisatoren Reinhold Harnoth der immer schaut, dass keiner verloren geht, Gerhard Elsesser der stets den richtigen Weg und das richtige Einkehrlokal findet und Christa Walter wurden ein herzliches Dankesch\u00f6n f\u00fcr ihren gro\u00dfartigen pers\u00f6nlichen Einsatz \u00a0durch Horst Richter ausgesprochen.<\/span><\/p>\n<p><span style=\"font-size: 20px;\">Gerhard Elsesser und Reinhold Harnoth bedankten sich nochmals bei der gesamten Gruppe f\u00fcr ihr gro\u00dfartiges Engagement am Getr\u00e4nkestand und bei der Mithilfe am Kuchenverkauf beim Jubil\u00e4umsfest \u201e30 Jahr B\u00fcrgertreff Waldacker\u201c.<\/span><\/p>\n<p><span style=\"font-size: 20px;\"><strong>Eine Gruppe die sich sehen lassen kann, hier einige Zahlen:<\/strong><\/span><\/p>\n<p><span style=\"font-size: 20px;\">Insgesamt wurden 36 von 39 geplanten Touren abgefahren. Begonnen hatte die diesj\u00e4hrige Saison am 1. M\u00e4rz. Insgesamt \u00fcbers Jahr fuhren 58 verschiedene Personen mit, davon 22 Frauen. Im Durchschnitt pro Tour nahmen 18 Teilnehmer\/innen teil, Spitze war jedoch 28 Personen. Der \u00e4lteste Teilnehmer wurde im Oktober 90 Jahr. Die Gesamt-Distanz \u00fcber <u>alle<\/u> Radtouren betr\u00e4gt etwa 1700 km. Die l\u00e4ngsten und auch mitunter die sch\u00f6nsten Touren waren die Touren zur <a href=\"https:\/\/www.komoot.de\/tour\/t80055074?ref=atv\">Mainspitzdreieck<\/a> (bei Gustavsburg) und zu den <a href=\"https:\/\/www.komoot.com\/tour\/86760751?ref=wtd\">D\u00f6rsth\u00f6fen<\/a> hinter Alzenau mit je ca. 75 km.<\/span><\/p>\n<p><span style=\"font-size: 20px;\"><strong>Highlights dieser Saison waren:<\/strong><\/span><\/p>\n<ul>\n<li><span style=\"font-size: 20px;\">Der Jahresr\u00fcckblick auf 2018 am 25 Januar im B\u00fcrgertreff Waldacker mit Rindswurst, selbst gemachten Salaten, verschiedenen Getr\u00e4nken mit Musik und einer tollen B\u00edlderschau.<\/span><\/li>\n<li><span style=\"font-size: 20px;\">Beim Stadtradeln belegte die Gruppe auf Anhieb den dritten Platz.<\/span><\/li>\n<li><span style=\"font-size: 20px;\">Mitten in der Saison bescherte Wolfgang Wiezorek aus Offenthal der Radgruppe bei sommerlichen Wetter in seinem Garten einen tollen Grillnachmittag.<\/span><\/li>\n<\/ul>\n<p>&nbsp;<\/p>\n","protected":false},"excerpt":{"rendered":"<p>Die allj\u00e4hrliche Saison der Radfahrer der Quartiersgruppe Waldacker beginnt und endet mit dem WumboR Rundweg. Am 22. Nov. gingen 20 unentwegte Radfahrer bei nass kaltem Wetter auf die letzte Tour. Anschlie\u00dfenden trafen sich die Biker\/innen in der Gastst\u00e4tte \u201eZum L\u00f6wen\u201c zu einer kleinen Abschluss Feier mit Ehrung der Meistteilnehmenden und Danksagung an die Organisatoren. Der &#8230; <a title=\"Radsaison 2019 ist beendet\" class=\"read-more\" href=\"https:\/\/www.quartier-waldacker.de\/?p=19526\" aria-label=\"Mehr Informationen \u00fcber Radsaison 2019 ist beendet\">Weiterlesen<\/a><\/p>\n","protected":false},"author":1,"featured_media":0,"comment_status":"open","ping_status":"closed","sticky":false,"template":"","format":"image","meta":{"generate_page_header":"","_jetpack_memberships_contains_paid_content":false,"footnotes":""},"categories":[202],"tags":[197,203,317],"class_list":["post-19526","post","type-post","status-publish","format-image","hentry","category-radfahren","tag-radfahren","tag-radtouren","tag-roedermark","post_format-post-format-image"],"jetpack_featured_media_url":"","jetpack-related-posts":[{"id":9774,"url":"https:\/\/www.quartier-waldacker.de\/?p=9774","url_meta":{"origin":19526,"position":0},"title":"Radweg im \u201eNiemandsland\u201c","author":"admin","date":"23. M\u00e4rz 2016","format":false,"excerpt":"Ein Beitrag von Theo Frie\u00df \u00dcber die Radwege des Stadtteils R\u00f6dermark-Waldacker wird seit der Sanierung der B459 diskutiert. Eine allseits befriedigende L\u00f6sung ist bis heute nicht gefunden. Besonders am Ortseingang - \u00a0aus Dietzenbach kommend \u2013 gibt es gro\u00dfe Unklarheiten. Urspr\u00fcnglich war ab dem Radwegende die Benutzung des B\u00fcrgersteiges auch f\u00fcr\u2026","rel":"","context":"In &quot;B\u00fcrgerschaftliches Engagement&quot;","block_context":{"text":"B\u00fcrgerschaftliches Engagement","link":"https:\/\/www.quartier-waldacker.de\/?cat=184"},"img":{"alt_text":"","src":"","width":0,"height":0},"classes":[]},{"id":18871,"url":"https:\/\/www.quartier-waldacker.de\/?p=18871","url_meta":{"origin":19526,"position":1},"title":"Die Radfahrer vom Quartier Waldacker starten in die 6. Radtourensaison","author":"admin","date":"28. Februar 2019","format":false,"excerpt":"P\u00fcnktlich zum meteorologischen Fr\u00fchlingsanfang am 1.M\u00e4rz startet die AG Radfahrer der Quartier-Waldacker in die diesj\u00e4hrige Radsaison. Obligatorisch, wie fast in jedem Jahr, befahren die Freunde des Radsportes zu eingew\u00f6hnen den \u201ewumboR Radweg\u201c mit ca. 22 km. Eine Einkehr im Naturfreundehaus auf der Bulau ist geplant. Des Weiteren stellt die F\u00fchrungsgruppe\u2026","rel":"","context":"In &quot;Radtouren&quot;","block_context":{"text":"Radtouren","link":"https:\/\/www.quartier-waldacker.de\/?cat=126"},"img":{"alt_text":"","src":"https:\/\/i0.wp.com\/www.quartier-waldacker.de\/wp-content\/uploads\/2019\/02\/AlleRadleln-208x300.jpg?resize=350%2C200&ssl=1","width":350,"height":200},"classes":[]},{"id":6138,"url":"https:\/\/www.quartier-waldacker.de\/?p=6138","url_meta":{"origin":19526,"position":2},"title":"Radtour nach M\u00fcnster","author":"Johannes","date":"21. September 2014","format":false,"excerpt":"Die Radtour der Woche 39. f\u00fchrt nach M\u00fcnster. Ziel der Radler ist das Freizeitgel\u00e4nde mit einem der sch\u00f6nsten Bierg\u00e4rten der Region - \u201eAuszeit bei Axel\u201c, eine unter Wanderer, Radfahrer und Sommerfrischler beliebte Einkehre. Nach einer Rast bei Kaffee und Kuchen oder einer deftigen Brotzeit mit allerlei erfrischenden Getr\u00e4nken und gem\u00fctlichen\u2026","rel":"","context":"In &quot;Radtouren&quot;","block_context":{"text":"Radtouren","link":"https:\/\/www.quartier-waldacker.de\/?cat=126"},"img":{"alt_text":"P1070303 Kopie1_1","src":"https:\/\/i0.wp.com\/www.quartier-waldacker.de\/wp-content\/uploads\/2014\/09\/P1070303-Kopie1_1-300x169.jpg?resize=350%2C200&ssl=1","width":350,"height":200},"classes":[]},{"id":24720,"url":"https:\/\/www.quartier-waldacker.de\/?p=24720","url_meta":{"origin":19526,"position":3},"title":"Radtour zum Naturfreundehaus bei Ober-Ramstadt","author":"admin","date":"6. Juli 2024","format":false,"excerpt":"Am 05. Juli trafen sich 20 Radlerinnen und Radler am Bahnhof Urberach. F\u00fcr die heutige Tour hat das Wetteramt gute Voraussetzungen vorhergesagt. Die Regenklamotten k\u00f6nnen also in der Packtasche bleiben. Der Weg f\u00fchrte zun\u00e4chst \u00fcber Messel weiter an der Grube Prinz von Hessen, wo der erste Zwischenstopp stattfand. Die Grube\u2026","rel":"","context":"In &quot;Radtouren&quot;","block_context":{"text":"Radtouren","link":"https:\/\/www.quartier-waldacker.de\/?cat=126"},"img":{"alt_text":"","src":"https:\/\/i0.wp.com\/www.quartier-waldacker.de\/wp-content\/uploads\/2017\/03\/Header_Gruppe_2024_ab2024.jpg?fit=1200%2C281&ssl=1&resize=350%2C200","width":350,"height":200,"srcset":"https:\/\/i0.wp.com\/www.quartier-waldacker.de\/wp-content\/uploads\/2017\/03\/Header_Gruppe_2024_ab2024.jpg?fit=1200%2C281&ssl=1&resize=350%2C200 1x, https:\/\/i0.wp.com\/www.quartier-waldacker.de\/wp-content\/uploads\/2017\/03\/Header_Gruppe_2024_ab2024.jpg?fit=1200%2C281&ssl=1&resize=525%2C300 1.5x, https:\/\/i0.wp.com\/www.quartier-waldacker.de\/wp-content\/uploads\/2017\/03\/Header_Gruppe_2024_ab2024.jpg?fit=1200%2C281&ssl=1&resize=700%2C400 2x, https:\/\/i0.wp.com\/www.quartier-waldacker.de\/wp-content\/uploads\/2017\/03\/Header_Gruppe_2024_ab2024.jpg?fit=1200%2C281&ssl=1&resize=1050%2C600 3x"},"classes":[]},{"id":20491,"url":"https:\/\/www.quartier-waldacker.de\/?p=20491","url_meta":{"origin":19526,"position":4},"title":"Trotz allem eine erfolgreiche Radler-Saison!","author":"admin","date":"14. November 2021","format":"image","excerpt":"Begonnen hat die diesj\u00e4hrige Radfahr-Saison Corona bedingt erst am 14 Mai mit 20 Radfahrhungrigen nach Babenhausen\/Stockstadt.\u00a0 Selbstverpflegung war angesagt da die Gartenlokalit\u00e4ten wegen den zu diesen Zeitpunkt bestehenden Einschr\u00e4nkungen geschlossen waren. Ab Juni bis Ende Oktober auf Grund der g\u00fcnstigeren Corona Bestimmungen war eine Einkehr in der Au\u00dfen-Gastronomie m\u00f6glich und\u2026","rel":"","context":"In &quot;AG-Radfahren&quot;","block_context":{"text":"AG-Radfahren","link":"https:\/\/www.quartier-waldacker.de\/?cat=202"},"img":{"alt_text":"","src":"https:\/\/i0.wp.com\/www.quartier-waldacker.de\/wp-content\/uploads\/2021\/07\/RadHead_neu.jpg?fit=1200%2C281&ssl=1&resize=350%2C200","width":350,"height":200,"srcset":"https:\/\/i0.wp.com\/www.quartier-waldacker.de\/wp-content\/uploads\/2021\/07\/RadHead_neu.jpg?fit=1200%2C281&ssl=1&resize=350%2C200 1x, https:\/\/i0.wp.com\/www.quartier-waldacker.de\/wp-content\/uploads\/2021\/07\/RadHead_neu.jpg?fit=1200%2C281&ssl=1&resize=525%2C300 1.5x, https:\/\/i0.wp.com\/www.quartier-waldacker.de\/wp-content\/uploads\/2021\/07\/RadHead_neu.jpg?fit=1200%2C281&ssl=1&resize=700%2C400 2x, https:\/\/i0.wp.com\/www.quartier-waldacker.de\/wp-content\/uploads\/2021\/07\/RadHead_neu.jpg?fit=1200%2C281&ssl=1&resize=1050%2C600 3x"},"classes":[]},{"id":17082,"url":"https:\/\/www.quartier-waldacker.de\/?p=17082","url_meta":{"origin":19526,"position":5},"title":"Ein gelungener Infoabend der Radfahrer","author":"admin","date":"16. Januar 2018","format":false,"excerpt":"Die Radfahrgruppe der Quartiersgruppe Waldacker lud alle Tourenteilnehmer und Interessierte zu einem Info-Abend am 12. Januar 2018 in den B\u00fcrgertreff Waldacker ein. 25 Freunde und Freundinnen des Radsportes trafen sich um 18 Uhr zu einem sehr sehenswerten Tourenr\u00fcckblick 2017. F\u00fcr das leibliche Wohl wurde mit jeder Menge K\u00f6stlichkeiten und ausreichend\u2026","rel":"","context":"In &quot;AG-Radfahren&quot;","block_context":{"text":"AG-Radfahren","link":"https:\/\/www.quartier-waldacker.de\/?cat=202"},"img":{"alt_text":"","src":"https:\/\/i0.wp.com\/www.quartier-waldacker.de\/wp-content\/uploads\/2018\/01\/Infoabend2018_1-300x169.jpg?resize=350%2C200&ssl=1","width":350,"height":200},"classes":[]}],"jetpack_sharing_enabled":true,"rttpg_featured_image_url":null,"rttpg_author":{"display_name":"admin","author_link":"https:\/\/www.quartier-waldacker.de\/?author=1"},"rttpg_comment":1,"rttpg_category":"<a href=\"https:\/\/www.quartier-waldacker.de\/?cat=202\" rel=\"category\">AG-Radfahren<\/a>","rttpg_excerpt":"Die allj\u00e4hrliche Saison der Radfahrer der Quartiersgruppe Waldacker beginnt und endet mit dem WumboR Rundweg. Am 22. Nov. gingen 20 unentwegte Radfahrer bei nass kaltem Wetter auf die letzte Tour. Anschlie\u00dfenden trafen sich die Biker\/innen in der Gastst\u00e4tte \u201eZum L\u00f6wen\u201c zu einer kleinen Abschluss Feier mit Ehrung der Meistteilnehmenden und Danksagung an die Organisatoren. Der&hellip;","_links":{"self":[{"href":"https:\/\/www.quartier-waldacker.de\/index.php?rest_route=\/wp\/v2\/posts\/19526","targetHints":{"allow":["GET"]}}],"collection":[{"href":"https:\/\/www.quartier-waldacker.de\/index.php?rest_route=\/wp\/v2\/posts"}],"about":[{"href":"https:\/\/www.quartier-waldacker.de\/index.php?rest_route=\/wp\/v2\/types\/post"}],"author":[{"embeddable":true,"href":"https:\/\/www.quartier-waldacker.de\/index.php?rest_route=\/wp\/v2\/users\/1"}],"replies":[{"embeddable":true,"href":"https:\/\/www.quartier-waldacker.de\/index.php?rest_route=%2Fwp%2Fv2%2Fcomments&post=19526"}],"version-history":[{"count":0,"href":"https:\/\/www.quartier-waldacker.de\/index.php?rest_route=\/wp\/v2\/posts\/19526\/revisions"}],"wp:attachment":[{"href":"https:\/\/www.quartier-waldacker.de\/index.php?rest_route=%2Fwp%2Fv2%2Fmedia&parent=19526"}],"wp:term":[{"taxonomy":"category","embeddable":true,"href":"https:\/\/www.quartier-waldacker.de\/index.php?rest_route=%2Fwp%2Fv2%2Fcategories&post=19526"},{"taxonomy":"post_tag","embeddable":true,"href":"https:\/\/www.quartier-waldacker.de\/index.php?rest_route=%2Fwp%2Fv2%2Ftags&post=19526"}],"curies":[{"name":"wp","href":"https:\/\/api.w.org\/{rel}","templated":true}]}}