{"id":19479,"date":"2019-10-23T18:33:23","date_gmt":"2019-10-23T16:33:23","guid":{"rendered":"https:\/\/www.quartier-waldacker.de\/?p=19479"},"modified":"2019-10-23T20:19:41","modified_gmt":"2019-10-23T18:19:41","slug":"workshop-senioren-pc-und-internet-erfolgreich-gestartet","status":"publish","type":"post","link":"https:\/\/www.quartier-waldacker.de\/?p=19479","title":{"rendered":"Workshop \u201eSenioren, PC und Internet erfolgreich gestartet."},"content":{"rendered":"<p><span style=\"font-size: 20px;\">Damit Senioren\/innen bei der Digitalisierung nicht auf der Strecke bleiben bietet die Quartiersgruppe Waldacker zu 6. Mal den Workshop \u201eSenioren, PC und Internet\u201c an. Wir das Team von \u201eSenioren, PC und Internet versuchen zu vermitteln, dass man, wenn man nun nicht gerade mit dem Hammer draufschl\u00e4gt oder eine Cola \u00fcber die Tastatur kippt, eigentlich nichts kaputt machen kann.\u201c<\/span><\/p>\n<p><span style=\"font-size: 20px;\">Warum tun sich Senioren\/innen im Alter von 60 bis 90 Jahre dies an? \u201eIch m\u00f6chte einfach \u00fcber den Computer bzw. das Smartphone und den Gebrauch dieser Ger\u00e4te mehr erfahren, aber ich wei\u00df, dass es existiert und wenn dar\u00fcber gesprochen wird, kann ich so ein kleines bisschen mitreden.\u201c<\/span><\/p>\n<p><span style=\"font-size: 20px;\"><strong><img data-recalc-dims=\"1\" loading=\"lazy\" decoding=\"async\" data-attachment-id=\"19480\" data-permalink=\"https:\/\/www.quartier-waldacker.de\/?attachment_id=19480#main\" data-orig-file=\"https:\/\/i0.wp.com\/www.quartier-waldacker.de\/wp-content\/uploads\/2019\/10\/PHOTO-2019-10-10-_1.jpg?fit=1600%2C1200&amp;ssl=1\" data-orig-size=\"1600,1200\" data-comments-opened=\"1\" data-image-meta=\"{&quot;aperture&quot;:&quot;0&quot;,&quot;credit&quot;:&quot;&quot;,&quot;camera&quot;:&quot;&quot;,&quot;caption&quot;:&quot;&quot;,&quot;created_timestamp&quot;:&quot;1571827020&quot;,&quot;copyright&quot;:&quot;&quot;,&quot;focal_length&quot;:&quot;0&quot;,&quot;iso&quot;:&quot;0&quot;,&quot;shutter_speed&quot;:&quot;0&quot;,&quot;title&quot;:&quot;&quot;,&quot;orientation&quot;:&quot;1&quot;}\" data-image-title=\"PHOTO-2019-10-10-_1\" data-image-description=\"\" data-image-caption=\"\" data-large-file=\"https:\/\/i0.wp.com\/www.quartier-waldacker.de\/wp-content\/uploads\/2019\/10\/PHOTO-2019-10-10-_1.jpg?fit=1024%2C768&amp;ssl=1\" class=\"size-medium wp-image-19480 alignleft\" src=\"https:\/\/i0.wp.com\/www.quartier-waldacker.de\/wp-content\/uploads\/2019\/10\/PHOTO-2019-10-10-_1.jpg?resize=300%2C225&#038;ssl=1\" alt=\"\" width=\"300\" height=\"225\" srcset=\"https:\/\/i0.wp.com\/www.quartier-waldacker.de\/wp-content\/uploads\/2019\/10\/PHOTO-2019-10-10-_1.jpg?resize=300%2C225&amp;ssl=1 300w, https:\/\/i0.wp.com\/www.quartier-waldacker.de\/wp-content\/uploads\/2019\/10\/PHOTO-2019-10-10-_1.jpg?resize=768%2C576&amp;ssl=1 768w, https:\/\/i0.wp.com\/www.quartier-waldacker.de\/wp-content\/uploads\/2019\/10\/PHOTO-2019-10-10-_1.jpg?resize=1024%2C768&amp;ssl=1 1024w, https:\/\/i0.wp.com\/www.quartier-waldacker.de\/wp-content\/uploads\/2019\/10\/PHOTO-2019-10-10-_1.jpg?w=1600&amp;ssl=1 1600w\" sizes=\"auto, (max-width: 300px) 100vw, 300px\" \/>Die neue Saison 2019\/20 ist am 9. Oktober erfolgreich gestartet. \u00dcber 22 Neuanmeldungen aus R\u00f6dermark und Umgebung und 18 Senioren\/innen aus dem Workshop 2018\/19 wollen neu beginnen bzw. weiter machen<\/strong>. Die Gesamtanzahl der Teilnehmer wird sich noch erh\u00f6hen da einige Angek\u00fcndigte am Anfang nicht erscheinen konnten<strong>. Ein Ergebnis das sich sehen lassen kann<\/strong>.<\/span><\/p>\n<p><span style=\"font-size: 20px;\">Bei dieser gro\u00dfen Nachfrage st\u00f6\u00dft das Workshop-Team nat\u00fcrlich in <strong>r\u00e4umlicher und technischer Hinsicht<\/strong> an seine Grenzen, z.B. Internetnutzung f\u00fcr alle Workshop-Teilnehmer kaum m\u00f6glich. Hier w\u00e4re von Vorteil wenn das in der Presse 2017 gro\u00df verk\u00fcndete endlich umgesetzt wird so dass letztendlich auch f\u00fcr den Workshop bessere Voraussetzungen entstehen. Siehe Pressebericht in der OP vom 15.09.2017 <a href=\"https:\/\/www.op-online.de\/region\/roedermark\/wlan-hotspot-rathaus-ober-roden-8684269.html\">https:\/\/www.op-online.de\/region\/roedermark\/wlan-hotspot-rathaus-ober-roden-8684269.html<\/a><\/span><\/p>\n","protected":false},"excerpt":{"rendered":"<p>Damit Senioren\/innen bei der Digitalisierung nicht auf der Strecke bleiben bietet die Quartiersgruppe Waldacker zu 6. Mal den Workshop \u201eSenioren, PC und Internet\u201c an. Wir das Team von \u201eSenioren, PC und Internet versuchen zu vermitteln, dass man, wenn man nun nicht gerade mit dem Hammer draufschl\u00e4gt oder eine Cola \u00fcber die Tastatur kippt, eigentlich nichts &#8230; <a title=\"Workshop \u201eSenioren, PC und Internet erfolgreich gestartet.\" class=\"read-more\" href=\"https:\/\/www.quartier-waldacker.de\/?p=19479\" aria-label=\"Mehr Informationen \u00fcber Workshop \u201eSenioren, PC und Internet erfolgreich gestartet.\">Weiterlesen<\/a><\/p>\n","protected":false},"author":1,"featured_media":15007,"comment_status":"open","ping_status":"closed","sticky":false,"template":"","format":"standard","meta":{"generate_page_header":"","_jetpack_memberships_contains_paid_content":false,"footnotes":""},"categories":[172],"tags":[261,230,248,231],"class_list":["post-19479","post","type-post","status-publish","format-standard","has-post-thumbnail","hentry","category-workshop","tag-internet","tag-pc-gruppe","tag-smartphone","tag-workshop"],"jetpack_featured_media_url":"https:\/\/i0.wp.com\/www.quartier-waldacker.de\/wp-content\/uploads\/2017\/09\/PC_Hilfe-f%C3%BCr-Seniore1n.jpg?fit=1280%2C476&ssl=1","jetpack-related-posts":[{"id":6004,"url":"https:\/\/www.quartier-waldacker.de\/?p=6004","url_meta":{"origin":19479,"position":0},"title":"Senioren, PC und Internet","author":"Johannes","date":"30. September 2014","format":false,"excerpt":"Neue Informationstechnologien - wie das Internet - haben unsere Lebensbedingungen rasant ver\u00e4ndert. Das erworbene Wissen ist schnell veraltet - gerade im Bereich der neuen Medien \u2013 ein lebenslanges Lernen gewinnt in allen Lebensaltern eine enorme Bedeutung. Schon heute hat das Internet einen gro\u00dfen Stellenwert in unserem Leben eingenommen. Nicht nur\u2026","rel":"","context":"In &quot;Workshop&quot;","block_context":{"text":"Workshop","link":"https:\/\/www.quartier-waldacker.de\/?cat=172"},"img":{"alt_text":"Psi_00","src":"https:\/\/i0.wp.com\/www.quartier-waldacker.de\/wp-content\/uploads\/2014\/09\/Psi_00.png?resize=350%2C200&ssl=1","width":350,"height":200},"classes":[]},{"id":19244,"url":"https:\/\/www.quartier-waldacker.de\/?p=19244","url_meta":{"origin":19479,"position":1},"title":"Endg\u00fcltig Sommerferien","author":"admin","date":"8. Juli 2019","format":false,"excerpt":"Der Workshop \u201eSenioren, PC und Internet\u201c der Quartiersgruppe Waldacker geht in die wohlverdienten Sommerferien. Mit einem traditionellen Abschlussessen in der Gastst\u00e4tte \u201eZur Waldsch\u00e4nke\u201c trafen sich 16 digital interessierte Senioren und Seniorinnen mit ihren Workshop-Leitern zu einen gem\u00fctlichen Saisonausklang. Leider konnten einige wegen Urlaub und Familie nicht dabei sein, w\u00fcnschten uns\u2026","rel":"","context":"In &quot;Workshop&quot;","block_context":{"text":"Workshop","link":"https:\/\/www.quartier-waldacker.de\/?cat=172"},"img":{"alt_text":"","src":"https:\/\/i0.wp.com\/www.quartier-waldacker.de\/wp-content\/uploads\/2019\/07\/PC-Workshop.jpg?fit=1200%2C281&ssl=1&resize=350%2C200","width":350,"height":200,"srcset":"https:\/\/i0.wp.com\/www.quartier-waldacker.de\/wp-content\/uploads\/2019\/07\/PC-Workshop.jpg?fit=1200%2C281&ssl=1&resize=350%2C200 1x, https:\/\/i0.wp.com\/www.quartier-waldacker.de\/wp-content\/uploads\/2019\/07\/PC-Workshop.jpg?fit=1200%2C281&ssl=1&resize=525%2C300 1.5x, https:\/\/i0.wp.com\/www.quartier-waldacker.de\/wp-content\/uploads\/2019\/07\/PC-Workshop.jpg?fit=1200%2C281&ssl=1&resize=700%2C400 2x, https:\/\/i0.wp.com\/www.quartier-waldacker.de\/wp-content\/uploads\/2019\/07\/PC-Workshop.jpg?fit=1200%2C281&ssl=1&resize=1050%2C600 3x"},"classes":[]},{"id":19427,"url":"https:\/\/www.quartier-waldacker.de\/?p=19427","url_meta":{"origin":19479,"position":2},"title":"Workshop &#8211; &#8220;Senioren, PC und Internet&#8221; startet zum 6. Mal","author":"admin","date":"23. September 2019","format":false,"excerpt":"Ein Computer\/Smartphone bzw. Tablet ist heutzutage als Standardeinrichtung in fast jedem Haushalt und dient als Lexikon, Abwickeln von Bankgesch\u00e4ften, Einkaufen im Internet und Konversation. Also ein Ger\u00e4t, das unser Alltagsleben erheblich erleichtert soll und kann. Ein Team der Quartiersgruppe Waldacker vermittelt Ihnen in ihren Workshops die vielen Funktionen dieser Ger\u00e4te\u2026","rel":"","context":"In &quot;Workshop&quot;","block_context":{"text":"Workshop","link":"https:\/\/www.quartier-waldacker.de\/?cat=172"},"img":{"alt_text":"","src":"https:\/\/i0.wp.com\/www.quartier-waldacker.de\/wp-content\/uploads\/2019\/09\/Header-PC.jpg?fit=1200%2C281&ssl=1&resize=350%2C200","width":350,"height":200,"srcset":"https:\/\/i0.wp.com\/www.quartier-waldacker.de\/wp-content\/uploads\/2019\/09\/Header-PC.jpg?fit=1200%2C281&ssl=1&resize=350%2C200 1x, https:\/\/i0.wp.com\/www.quartier-waldacker.de\/wp-content\/uploads\/2019\/09\/Header-PC.jpg?fit=1200%2C281&ssl=1&resize=525%2C300 1.5x, https:\/\/i0.wp.com\/www.quartier-waldacker.de\/wp-content\/uploads\/2019\/09\/Header-PC.jpg?fit=1200%2C281&ssl=1&resize=700%2C400 2x, https:\/\/i0.wp.com\/www.quartier-waldacker.de\/wp-content\/uploads\/2019\/09\/Header-PC.jpg?fit=1200%2C281&ssl=1&resize=1050%2C600 3x"},"classes":[]},{"id":7376,"url":"https:\/\/www.quartier-waldacker.de\/?p=7376","url_meta":{"origin":19479,"position":3},"title":"Senioren, PC und Internet","author":"admin","date":"14. Januar 2015","format":false,"excerpt":"Am Mittwoch, dem 21. Januar 2015 von 15.00 Uhr bis 17.00 Uhr startet die PC Hilfestellung und Unterst\u00fctzung im Internet f\u00fcr Senioren nach der Winterpause im B\u00fcrgertreff Waldacker, Goethestr. 39 wieder. Drei engagierte Mitglieder der Quartiersgruppe Waldacker wollen interessierten Senioren\/innen den Einstieg in die Welt von PC und Internet erleichtern\u2026","rel":"","context":"In &quot;Workshop&quot;","block_context":{"text":"Workshop","link":"https:\/\/www.quartier-waldacker.de\/?cat=172"},"img":{"alt_text":"P001","src":"https:\/\/i0.wp.com\/www.quartier-waldacker.de\/wp-content\/uploads\/2015\/01\/P001-300x300.jpg?resize=350%2C200&ssl=1","width":350,"height":200},"classes":[]},{"id":4348,"url":"https:\/\/www.quartier-waldacker.de\/?p=4348","url_meta":{"origin":19479,"position":4},"title":"Wegweiser im Dschungel der Senioren-Angebote","author":"Johannes","date":"9. Dezember 2013","format":false,"excerpt":"Zw\u00f6lf engagierten 10 Frauen und 2 M\u00e4nner wurden seit Oktober im Rathaus in sieben Modulen zu Senioren-Lotsen qualifiziert. Ihr Aufgabengebiet ist es \u00e4lteren B\u00fcrgern Ansprechpartner, Wegweiser und Ratgeber in den Wohnquartieren zu sein. Die Schulungen wurden von erfahrenen Altenhilfe-Experten aus den verschiedenen Bereichen durchgef\u00fchrt. Ausf\u00fchrlich informiert wurde zum Beispiel \u00fcber\u2026","rel":"","context":"Similar post","block_context":{"text":"Similar post","link":""},"img":{"alt_text":"","src":"https:\/\/i0.wp.com\/www.quartier-waldacker.de\/wp-content\/uploads\/2013\/12\/P1060809_small.jpg?resize=350%2C200&ssl=1","width":350,"height":200},"classes":[]},{"id":23526,"url":"https:\/\/www.quartier-waldacker.de\/?p=23526","url_meta":{"origin":19479,"position":5},"title":"Gegen Einsamkeit und soziale Isolation","author":"kroschka","date":"19. Februar 2024","format":false,"excerpt":"Ein Beitrag der Quartiersaktivistin Annemarie Eck! Durch verschiedene Ereignisse in der letzten Zeit ist mir erst richtig bewusst geworden, was die Stadtteilgruppen, auch Quartiersgruppen genannt, alles f\u00fcr die Menschen in R\u00f6dermark leisten. Das Angebot der Quartiersgruppe Waldacker z.B. umfasst folgende Aktivit\u00e4ten: Treffen jeden 1. Dienstag im Monat im B\u00fcrgertreff Waldacker\u2026","rel":"","context":"In &quot;B\u00fcrgerschaftliches Engagement&quot;","block_context":{"text":"B\u00fcrgerschaftliches Engagement","link":"https:\/\/www.quartier-waldacker.de\/?cat=184"},"img":{"alt_text":"","src":"https:\/\/i0.wp.com\/www.quartier-waldacker.de\/wp-content\/uploads\/2024\/02\/Header_annm780.jpg?fit=780%2C300&ssl=1&resize=350%2C200","width":350,"height":200,"srcset":"https:\/\/i0.wp.com\/www.quartier-waldacker.de\/wp-content\/uploads\/2024\/02\/Header_annm780.jpg?fit=780%2C300&ssl=1&resize=350%2C200 1x, https:\/\/i0.wp.com\/www.quartier-waldacker.de\/wp-content\/uploads\/2024\/02\/Header_annm780.jpg?fit=780%2C300&ssl=1&resize=525%2C300 1.5x, https:\/\/i0.wp.com\/www.quartier-waldacker.de\/wp-content\/uploads\/2024\/02\/Header_annm780.jpg?fit=780%2C300&ssl=1&resize=700%2C400 2x"},"classes":[]}],"jetpack_sharing_enabled":true,"rttpg_featured_image_url":{"full":["https:\/\/i0.wp.com\/www.quartier-waldacker.de\/wp-content\/uploads\/2017\/09\/PC_Hilfe-f%C3%BCr-Seniore1n.jpg?fit=1280%2C476&ssl=1",1280,476,false],"landscape":["https:\/\/www.quartier-waldacker.de\/wp-content\/uploads\/2017\/09\/PC_Hilfe-f\u00fcr-Seniore1n.jpg",1280,476,false],"portraits":["https:\/\/www.quartier-waldacker.de\/wp-content\/uploads\/2017\/09\/PC_Hilfe-f\u00fcr-Seniore1n.jpg",1280,476,false],"thumbnail":["https:\/\/i0.wp.com\/www.quartier-waldacker.de\/wp-content\/uploads\/2017\/09\/PC_Hilfe-f%C3%BCr-Seniore1n.jpg?resize=150%2C150&ssl=1",150,150,true],"medium":["https:\/\/i0.wp.com\/www.quartier-waldacker.de\/wp-content\/uploads\/2017\/09\/PC_Hilfe-f%C3%BCr-Seniore1n.jpg?fit=300%2C112&ssl=1",300,112,true],"large":["https:\/\/i0.wp.com\/www.quartier-waldacker.de\/wp-content\/uploads\/2017\/09\/PC_Hilfe-f%C3%BCr-Seniore1n.jpg?fit=1024%2C381&ssl=1",1024,381,true],"1536x1536":["https:\/\/i0.wp.com\/www.quartier-waldacker.de\/wp-content\/uploads\/2017\/09\/PC_Hilfe-f%C3%BCr-Seniore1n.jpg?fit=1280%2C476&ssl=1",1280,476,true],"2048x2048":["https:\/\/i0.wp.com\/www.quartier-waldacker.de\/wp-content\/uploads\/2017\/09\/PC_Hilfe-f%C3%BCr-Seniore1n.jpg?fit=1280%2C476&ssl=1",1280,476,true]},"rttpg_author":{"display_name":"admin","author_link":"https:\/\/www.quartier-waldacker.de\/?author=1"},"rttpg_comment":0,"rttpg_category":"<a href=\"https:\/\/www.quartier-waldacker.de\/?cat=172\" rel=\"category\">Workshop<\/a>","rttpg_excerpt":"Damit Senioren\/innen bei der Digitalisierung nicht auf der Strecke bleiben bietet die Quartiersgruppe Waldacker zu 6. Mal den Workshop \u201eSenioren, PC und Internet\u201c an. Wir das Team von \u201eSenioren, PC und Internet versuchen zu vermitteln, dass man, wenn man nun nicht gerade mit dem Hammer draufschl\u00e4gt oder eine Cola \u00fcber die Tastatur kippt, eigentlich nichts&hellip;","_links":{"self":[{"href":"https:\/\/www.quartier-waldacker.de\/index.php?rest_route=\/wp\/v2\/posts\/19479","targetHints":{"allow":["GET"]}}],"collection":[{"href":"https:\/\/www.quartier-waldacker.de\/index.php?rest_route=\/wp\/v2\/posts"}],"about":[{"href":"https:\/\/www.quartier-waldacker.de\/index.php?rest_route=\/wp\/v2\/types\/post"}],"author":[{"embeddable":true,"href":"https:\/\/www.quartier-waldacker.de\/index.php?rest_route=\/wp\/v2\/users\/1"}],"replies":[{"embeddable":true,"href":"https:\/\/www.quartier-waldacker.de\/index.php?rest_route=%2Fwp%2Fv2%2Fcomments&post=19479"}],"version-history":[{"count":0,"href":"https:\/\/www.quartier-waldacker.de\/index.php?rest_route=\/wp\/v2\/posts\/19479\/revisions"}],"wp:featuredmedia":[{"embeddable":true,"href":"https:\/\/www.quartier-waldacker.de\/index.php?rest_route=\/wp\/v2\/media\/15007"}],"wp:attachment":[{"href":"https:\/\/www.quartier-waldacker.de\/index.php?rest_route=%2Fwp%2Fv2%2Fmedia&parent=19479"}],"wp:term":[{"taxonomy":"category","embeddable":true,"href":"https:\/\/www.quartier-waldacker.de\/index.php?rest_route=%2Fwp%2Fv2%2Fcategories&post=19479"},{"taxonomy":"post_tag","embeddable":true,"href":"https:\/\/www.quartier-waldacker.de\/index.php?rest_route=%2Fwp%2Fv2%2Ftags&post=19479"}],"curies":[{"name":"wp","href":"https:\/\/api.w.org\/{rel}","templated":true}]}}